{"id":13321,"date":"2025-03-25T10:00:55","date_gmt":"2025-03-25T16:00:55","guid":{"rendered":"https:\/\/www.nexoinformativo.mx\/?p=13321"},"modified":"2025-03-25T12:11:34","modified_gmt":"2025-03-25T18:11:34","slug":"oportunidad-laboral-queretaro-ofrece-mas-de-mil-vacantes-en-feria-de-empleo-para-mujeres","status":"publish","type":"post","link":"https:\/\/www.nexoinformativo.mx\/index.php\/2025\/03\/25\/oportunidad-laboral-queretaro-ofrece-mas-de-mil-vacantes-en-feria-de-empleo-para-mujeres\/","title":{"rendered":"Oportunidad laboral Quer\u00e9taro ofrece m\u00e1s de mil vacantes en Feria de Empleo para Mujeres"},"content":{"rendered":"<p style=\"text-align: justify;\" data-sourcepos=\"13:1-13:265\">La Secretar\u00eda del Trabajo (ST) anunci\u00f3 la realizaci\u00f3n de la <strong>Feria Nacional de Empleo para las Mujeres<\/strong>, que se llevar\u00e1 a cabo el pr\u00f3ximo 27 de marzo en el Centro Educativo y Cultural Manuel G\u00f3mez Morin, en el municipio de Quer\u00e9taro.<\/p>\n<p>&nbsp;<\/p>\n<p style=\"text-align: justify;\" data-sourcepos=\"15:1-15:260\">La secretaria del Trabajo, Liliana San Mart\u00edn, inform\u00f3 que 50 empresas ofrecer\u00e1n m\u00e1s de mil vacantes, con salarios que alcanzan hasta los 35 mil pesos mensuales. La oferta laboral est\u00e1 dirigida a mujeres con estudios desde primaria hasta licenciatura.<\/p>\n<p>&nbsp;<\/p>\n<p style=\"text-align: justify;\" data-sourcepos=\"17:1-17:148\">La funcionaria estatal destac\u00f3 la participaci\u00f3n de empresas importantes como Grupo Tracsa, ITANNA, Qualtia Alimentos, Open It y Toneluck Industrial.<\/p>\n<p>&nbsp;<\/p>\n<p style=\"text-align: justify;\" data-sourcepos=\"19:1-19:230\">Aunque la feria est\u00e1 enfocada en el empleo femenino, tambi\u00e9n habr\u00e1 vacantes disponibles para el p\u00fablico en general. Los interesados pueden registrarse en la p\u00e1gina web: <a href=\"https:\/\/ferias.empleo.gob.mx\/\" target=\"_blank\" rel=\"noopener\">https:\/\/ferias.empleo.gob.mx<\/a><\/p>\n<p>&nbsp;<\/p>\n<p style=\"text-align: center;\" data-sourcepos=\"19:1-19:230\"><em><strong>\u00a1Informaci\u00f3n que transforma!<\/strong><\/em><\/p>\n","protected":false},"excerpt":{"rendered":"<p>La Secretar\u00eda del Trabajo (ST) anunci\u00f3 la realizaci\u00f3n de la Feria Nacional de Empleo para las Mujeres, que se llevar\u00e1 a cabo el pr\u00f3ximo 27 de marzo en el Centro Educativo y Cultural Manuel G\u00f3mez Morin, en el municipio de Quer\u00e9taro.<\/p>\n","protected":false},"author":3,"featured_media":13323,"comment_status":"open","ping_status":"open","sticky":false,"template":"","format":"standard","meta":{"footnotes":""},"categories":[5,42,58],"tags":[3657,3893,541,2140],"class_list":["post-13321","post","type-post","status-publish","format-standard","has-post-thumbnail","hentry","category-economia","category-estado","category-ultima-hora","tag-empleomujeres","tag-feriaempleoqueretaro","tag-oportunidadeslaborales","tag-trabajoqueretaro"],"yoast_head":"<!-- This site is optimized with the Yoast SEO plugin v25.0 - https:\/\/yoast.com\/wordpress\/plugins\/seo\/ -->\n<title>Oportunidad laboral Quer\u00e9taro ofrece m\u00e1s de mil vacantes en Feria de Empleo para Mujeres | Nexo Informativo Santiago de Quer\u00e9taro<\/title>\n<meta name=\"description\" content=\"Oportunidad laboral Quer\u00e9taro ofrece m\u00e1s de mil vacantes en Feria de Empleo para Mujeres\" \/>\n<meta name=\"robots\" content=\"index, follow, max-snippet:-1, max-image-preview:large, max-video-preview:-1\" \/>\n<link rel=\"canonical\" href=\"https:\/\/www.nexoinformativo.mx\/index.php\/2025\/03\/25\/oportunidad-laboral-queretaro-ofrece-mas-de-mil-vacantes-en-feria-de-empleo-para-mujeres\/\" \/>\n<meta property=\"og:locale\" content=\"es_MX\" \/>\n<meta property=\"og:type\" content=\"article\" \/>\n<meta property=\"og:title\" content=\"Oportunidad laboral Quer\u00e9taro ofrece m\u00e1s de mil vacantes en Feria de Empleo para Mujeres | Nexo Informativo Santiago de Quer\u00e9taro\" \/>\n<meta property=\"og:description\" content=\"Oportunidad laboral Quer\u00e9taro ofrece m\u00e1s de mil vacantes en Feria de Empleo para Mujeres\" \/>\n<meta property=\"og:url\" content=\"https:\/\/www.nexoinformativo.mx\/index.php\/2025\/03\/25\/oportunidad-laboral-queretaro-ofrece-mas-de-mil-vacantes-en-feria-de-empleo-para-mujeres\/\" \/>\n<meta property=\"og:site_name\" content=\"Nexo Informativo Santiago de Quer\u00e9taro\" \/>\n<meta property=\"article:publisher\" content=\"https:\/\/www.facebook.com\/people\/Nexo-Informativo\/61564066885511\/\" \/>\n<meta property=\"article:published_time\" content=\"2025-03-25T16:00:55+00:00\" \/>\n<meta property=\"article:modified_time\" content=\"2025-03-25T18:11:34+00:00\" \/>\n<meta property=\"og:image\" content=\"https:\/\/www.nexoinformativo.mx\/wp-content\/uploads\/2025\/03\/PHOTO-2025-03-25-11-02-20-e1742925146983.jpg\" \/>\n\t<meta property=\"og:image:width\" content=\"800\" \/>\n\t<meta property=\"og:image:height\" content=\"848\" \/>\n\t<meta property=\"og:image:type\" content=\"image\/jpeg\" \/>\n<meta name=\"author\" content=\"Nexo Informativo\" \/>\n<meta name=\"twitter:card\" content=\"summary_large_image\" \/>\n<meta name=\"twitter:label1\" content=\"Escrito por\" \/>\n\t<meta name=\"twitter:data1\" content=\"Nexo Informativo\" \/>\n\t<meta name=\"twitter:label2\" content=\"Tiempo de lectura\" \/>\n\t<meta name=\"twitter:data2\" content=\"1 minuto\" \/>\n<script type=\"application\/ld+json\" class=\"yoast-schema-graph\">{\"@context\":\"https:\/\/schema.org\",\"@graph\":[{\"@type\":\"Article\",\"@id\":\"https:\/\/www.nexoinformativo.mx\/index.php\/2025\/03\/25\/oportunidad-laboral-queretaro-ofrece-mas-de-mil-vacantes-en-feria-de-empleo-para-mujeres\/#article\",\"isPartOf\":{\"@id\":\"https:\/\/www.nexoinformativo.mx\/index.php\/2025\/03\/25\/oportunidad-laboral-queretaro-ofrece-mas-de-mil-vacantes-en-feria-de-empleo-para-mujeres\/\"},\"author\":{\"name\":\"Nexo Informativo\",\"@id\":\"https:\/\/www.nexoinformativo.mx\/#\/schema\/person\/7749d380ba08c8ca00d7bc76fd907b7d\"},\"headline\":\"Oportunidad laboral Quer\u00e9taro ofrece m\u00e1s de mil vacantes en Feria de Empleo para Mujeres\",\"datePublished\":\"2025-03-25T16:00:55+00:00\",\"dateModified\":\"2025-03-25T18:11:34+00:00\",\"mainEntityOfPage\":{\"@id\":\"https:\/\/www.nexoinformativo.mx\/index.php\/2025\/03\/25\/oportunidad-laboral-queretaro-ofrece-mas-de-mil-vacantes-en-feria-de-empleo-para-mujeres\/\"},\"wordCount\":164,\"commentCount\":0,\"publisher\":{\"@id\":\"https:\/\/www.nexoinformativo.mx\/#organization\"},\"image\":{\"@id\":\"https:\/\/www.nexoinformativo.mx\/index.php\/2025\/03\/25\/oportunidad-laboral-queretaro-ofrece-mas-de-mil-vacantes-en-feria-de-empleo-para-mujeres\/#primaryimage\"},\"thumbnailUrl\":\"https:\/\/www.nexoinformativo.mx\/wp-content\/uploads\/2025\/03\/PHOTO-2025-03-25-11-02-20-e1742925146983.jpg\",\"keywords\":[\"EmpleoMujeres\",\"FeriaEmpleoQuer\u00e9taro\",\"OportunidadesLaborales\",\"TrabajoQuer\u00e9taro\"],\"articleSection\":[\"Econom\u00eda\",\"Estado\",\"\u00daltima Hora\"],\"inLanguage\":\"es\",\"potentialAction\":[{\"@type\":\"CommentAction\",\"name\":\"Comment\",\"target\":[\"https:\/\/www.nexoinformativo.mx\/index.php\/2025\/03\/25\/oportunidad-laboral-queretaro-ofrece-mas-de-mil-vacantes-en-feria-de-empleo-para-mujeres\/#respond\"]}]},{\"@type\":\"WebPage\",\"@id\":\"https:\/\/www.nexoinformativo.mx\/index.php\/2025\/03\/25\/oportunidad-laboral-queretaro-ofrece-mas-de-mil-vacantes-en-feria-de-empleo-para-mujeres\/\",\"url\":\"https:\/\/www.nexoinformativo.mx\/index.php\/2025\/03\/25\/oportunidad-laboral-queretaro-ofrece-mas-de-mil-vacantes-en-feria-de-empleo-para-mujeres\/\",\"name\":\"Oportunidad laboral Quer\u00e9taro ofrece m\u00e1s de mil vacantes en Feria de Empleo para Mujeres | Nexo Informativo Santiago de Quer\u00e9taro\",\"isPartOf\":{\"@id\":\"https:\/\/www.nexoinformativo.mx\/#website\"},\"primaryImageOfPage\":{\"@id\":\"https:\/\/www.nexoinformativo.mx\/index.php\/2025\/03\/25\/oportunidad-laboral-queretaro-ofrece-mas-de-mil-vacantes-en-feria-de-empleo-para-mujeres\/#primaryimage\"},\"image\":{\"@id\":\"https:\/\/www.nexoinformativo.mx\/index.php\/2025\/03\/25\/oportunidad-laboral-queretaro-ofrece-mas-de-mil-vacantes-en-feria-de-empleo-para-mujeres\/#primaryimage\"},\"thumbnailUrl\":\"https:\/\/www.nexoinformativo.mx\/wp-content\/uploads\/2025\/03\/PHOTO-2025-03-25-11-02-20-e1742925146983.jpg\",\"datePublished\":\"2025-03-25T16:00:55+00:00\",\"dateModified\":\"2025-03-25T18:11:34+00:00\",\"description\":\"Oportunidad laboral Quer\u00e9taro ofrece m\u00e1s de mil vacantes en Feria de Empleo para Mujeres\",\"breadcrumb\":{\"@id\":\"https:\/\/www.nexoinformativo.mx\/index.php\/2025\/03\/25\/oportunidad-laboral-queretaro-ofrece-mas-de-mil-vacantes-en-feria-de-empleo-para-mujeres\/#breadcrumb\"},\"inLanguage\":\"es\",\"potentialAction\":[{\"@type\":\"ReadAction\",\"target\":[\"https:\/\/www.nexoinformativo.mx\/index.php\/2025\/03\/25\/oportunidad-laboral-queretaro-ofrece-mas-de-mil-vacantes-en-feria-de-empleo-para-mujeres\/\"]}]},{\"@type\":\"ImageObject\",\"inLanguage\":\"es\",\"@id\":\"https:\/\/www.nexoinformativo.mx\/index.php\/2025\/03\/25\/oportunidad-laboral-queretaro-ofrece-mas-de-mil-vacantes-en-feria-de-empleo-para-mujeres\/#primaryimage\",\"url\":\"https:\/\/www.nexoinformativo.mx\/wp-content\/uploads\/2025\/03\/PHOTO-2025-03-25-11-02-20-e1742925146983.jpg\",\"contentUrl\":\"https:\/\/www.nexoinformativo.mx\/wp-content\/uploads\/2025\/03\/PHOTO-2025-03-25-11-02-20-e1742925146983.jpg\",\"width\":800,\"height\":848},{\"@type\":\"BreadcrumbList\",\"@id\":\"https:\/\/www.nexoinformativo.mx\/index.php\/2025\/03\/25\/oportunidad-laboral-queretaro-ofrece-mas-de-mil-vacantes-en-feria-de-empleo-para-mujeres\/#breadcrumb\",\"itemListElement\":[{\"@type\":\"ListItem\",\"position\":1,\"name\":\"Inicio\",\"item\":\"https:\/\/www.nexoinformativo.mx\/\"},{\"@type\":\"ListItem\",\"position\":2,\"name\":\"Oportunidad laboral Quer\u00e9taro ofrece m\u00e1s de mil vacantes en Feria de Empleo para Mujeres\"}]},{\"@type\":\"WebSite\",\"@id\":\"https:\/\/www.nexoinformativo.mx\/#website\",\"url\":\"https:\/\/www.nexoinformativo.mx\/\",\"name\":\"Nexo Informativo Santiago de Quer\u00e9taro\",\"description\":\"Explora NexoInformativo y convi\u00e9rtete en parte de una comunidad que valora el conocimiento y la verdad. Tu nexoinformativo es tu puente hacia una comprensi\u00f3n m\u00e1s profunda del mundo que te rodea.\",\"publisher\":{\"@id\":\"https:\/\/www.nexoinformativo.mx\/#organization\"},\"potentialAction\":[{\"@type\":\"SearchAction\",\"target\":{\"@type\":\"EntryPoint\",\"urlTemplate\":\"https:\/\/www.nexoinformativo.mx\/?s={search_term_string}\"},\"query-input\":{\"@type\":\"PropertyValueSpecification\",\"valueRequired\":true,\"valueName\":\"search_term_string\"}}],\"inLanguage\":\"es\"},{\"@type\":\"Organization\",\"@id\":\"https:\/\/www.nexoinformativo.mx\/#organization\",\"name\":\"Nexo Informativo Santiago de Quer\u00e9taro\",\"url\":\"https:\/\/www.nexoinformativo.mx\/\",\"logo\":{\"@type\":\"ImageObject\",\"inLanguage\":\"es\",\"@id\":\"https:\/\/www.nexoinformativo.mx\/#\/schema\/logo\/image\/\",\"url\":\"https:\/\/www.nexoinformativo.mx\/wp-content\/uploads\/2024\/07\/nexoi-trasparente-2.png\",\"contentUrl\":\"https:\/\/www.nexoinformativo.mx\/wp-content\/uploads\/2024\/07\/nexoi-trasparente-2.png\",\"width\":816,\"height\":339,\"caption\":\"Nexo Informativo Santiago de Quer\u00e9taro\"},\"image\":{\"@id\":\"https:\/\/www.nexoinformativo.mx\/#\/schema\/logo\/image\/\"},\"sameAs\":[\"https:\/\/www.facebook.com\/people\/Nexo-Informativo\/61564066885511\/\"]},{\"@type\":\"Person\",\"@id\":\"https:\/\/www.nexoinformativo.mx\/#\/schema\/person\/7749d380ba08c8ca00d7bc76fd907b7d\",\"name\":\"Nexo Informativo\",\"image\":{\"@type\":\"ImageObject\",\"inLanguage\":\"es\",\"@id\":\"https:\/\/www.nexoinformativo.mx\/#\/schema\/person\/image\/\",\"url\":\"https:\/\/secure.gravatar.com\/avatar\/dde2928154642a13d95f87ddf1ea9718fe2b46760a005c53e41ff5ad610704e6?s=96&d=mm&r=g\",\"contentUrl\":\"https:\/\/secure.gravatar.com\/avatar\/dde2928154642a13d95f87ddf1ea9718fe2b46760a005c53e41ff5ad610704e6?s=96&d=mm&r=g\",\"caption\":\"Nexo Informativo\"},\"url\":\"https:\/\/www.nexoinformativo.mx\/index.php\/author\/edicion\/\"}]}<\/script>\n<!-- \/ Yoast SEO plugin. -->","yoast_head_json":{"title":"Oportunidad laboral Quer\u00e9taro ofrece m\u00e1s de mil vacantes en Feria de Empleo para Mujeres | Nexo Informativo Santiago de Quer\u00e9taro","description":"Oportunidad laboral Quer\u00e9taro ofrece m\u00e1s de mil vacantes en Feria de Empleo para Mujeres","robots":{"index":"index","follow":"follow","max-snippet":"max-snippet:-1","max-image-preview":"max-image-preview:large","max-video-preview":"max-video-preview:-1"},"canonical":"https:\/\/www.nexoinformativo.mx\/index.php\/2025\/03\/25\/oportunidad-laboral-queretaro-ofrece-mas-de-mil-vacantes-en-feria-de-empleo-para-mujeres\/","og_locale":"es_MX","og_type":"article","og_title":"Oportunidad laboral Quer\u00e9taro ofrece m\u00e1s de mil vacantes en Feria de Empleo para Mujeres | Nexo Informativo Santiago de Quer\u00e9taro","og_description":"Oportunidad laboral Quer\u00e9taro ofrece m\u00e1s de mil vacantes en Feria de Empleo para Mujeres","og_url":"https:\/\/www.nexoinformativo.mx\/index.php\/2025\/03\/25\/oportunidad-laboral-queretaro-ofrece-mas-de-mil-vacantes-en-feria-de-empleo-para-mujeres\/","og_site_name":"Nexo Informativo Santiago de Quer\u00e9taro","article_publisher":"https:\/\/www.facebook.com\/people\/Nexo-Informativo\/61564066885511\/","article_published_time":"2025-03-25T16:00:55+00:00","article_modified_time":"2025-03-25T18:11:34+00:00","og_image":[{"width":800,"height":848,"url":"https:\/\/www.nexoinformativo.mx\/wp-content\/uploads\/2025\/03\/PHOTO-2025-03-25-11-02-20-e1742925146983.jpg","type":"image\/jpeg"}],"author":"Nexo Informativo","twitter_card":"summary_large_image","twitter_misc":{"Escrito por":"Nexo Informativo","Tiempo de lectura":"1 minuto"},"schema":{"@context":"https:\/\/schema.org","@graph":[{"@type":"Article","@id":"https:\/\/www.nexoinformativo.mx\/index.php\/2025\/03\/25\/oportunidad-laboral-queretaro-ofrece-mas-de-mil-vacantes-en-feria-de-empleo-para-mujeres\/#article","isPartOf":{"@id":"https:\/\/www.nexoinformativo.mx\/index.php\/2025\/03\/25\/oportunidad-laboral-queretaro-ofrece-mas-de-mil-vacantes-en-feria-de-empleo-para-mujeres\/"},"author":{"name":"Nexo Informativo","@id":"https:\/\/www.nexoinformativo.mx\/#\/schema\/person\/7749d380ba08c8ca00d7bc76fd907b7d"},"headline":"Oportunidad laboral Quer\u00e9taro ofrece m\u00e1s de mil vacantes en Feria de Empleo para Mujeres","datePublished":"2025-03-25T16:00:55+00:00","dateModified":"2025-03-25T18:11:34+00:00","mainEntityOfPage":{"@id":"https:\/\/www.nexoinformativo.mx\/index.php\/2025\/03\/25\/oportunidad-laboral-queretaro-ofrece-mas-de-mil-vacantes-en-feria-de-empleo-para-mujeres\/"},"wordCount":164,"commentCount":0,"publisher":{"@id":"https:\/\/www.nexoinformativo.mx\/#organization"},"image":{"@id":"https:\/\/www.nexoinformativo.mx\/index.php\/2025\/03\/25\/oportunidad-laboral-queretaro-ofrece-mas-de-mil-vacantes-en-feria-de-empleo-para-mujeres\/#primaryimage"},"thumbnailUrl":"https:\/\/www.nexoinformativo.mx\/wp-content\/uploads\/2025\/03\/PHOTO-2025-03-25-11-02-20-e1742925146983.jpg","keywords":["EmpleoMujeres","FeriaEmpleoQuer\u00e9taro","OportunidadesLaborales","TrabajoQuer\u00e9taro"],"articleSection":["Econom\u00eda","Estado","\u00daltima Hora"],"inLanguage":"es","potentialAction":[{"@type":"CommentAction","name":"Comment","target":["https:\/\/www.nexoinformativo.mx\/index.php\/2025\/03\/25\/oportunidad-laboral-queretaro-ofrece-mas-de-mil-vacantes-en-feria-de-empleo-para-mujeres\/#respond"]}]},{"@type":"WebPage","@id":"https:\/\/www.nexoinformativo.mx\/index.php\/2025\/03\/25\/oportunidad-laboral-queretaro-ofrece-mas-de-mil-vacantes-en-feria-de-empleo-para-mujeres\/","url":"https:\/\/www.nexoinformativo.mx\/index.php\/2025\/03\/25\/oportunidad-laboral-queretaro-ofrece-mas-de-mil-vacantes-en-feria-de-empleo-para-mujeres\/","name":"Oportunidad laboral Quer\u00e9taro ofrece m\u00e1s de mil vacantes en Feria de Empleo para Mujeres | Nexo Informativo Santiago de Quer\u00e9taro","isPartOf":{"@id":"https:\/\/www.nexoinformativo.mx\/#website"},"primaryImageOfPage":{"@id":"https:\/\/www.nexoinformativo.mx\/index.php\/2025\/03\/25\/oportunidad-laboral-queretaro-ofrece-mas-de-mil-vacantes-en-feria-de-empleo-para-mujeres\/#primaryimage"},"image":{"@id":"https:\/\/www.nexoinformativo.mx\/index.php\/2025\/03\/25\/oportunidad-laboral-queretaro-ofrece-mas-de-mil-vacantes-en-feria-de-empleo-para-mujeres\/#primaryimage"},"thumbnailUrl":"https:\/\/www.nexoinformativo.mx\/wp-content\/uploads\/2025\/03\/PHOTO-2025-03-25-11-02-20-e1742925146983.jpg","datePublished":"2025-03-25T16:00:55+00:00","dateModified":"2025-03-25T18:11:34+00:00","description":"Oportunidad laboral Quer\u00e9taro ofrece m\u00e1s de mil vacantes en Feria de Empleo para Mujeres","breadcrumb":{"@id":"https:\/\/www.nexoinformativo.mx\/index.php\/2025\/03\/25\/oportunidad-laboral-queretaro-ofrece-mas-de-mil-vacantes-en-feria-de-empleo-para-mujeres\/#breadcrumb"},"inLanguage":"es","potentialAction":[{"@type":"ReadAction","target":["https:\/\/www.nexoinformativo.mx\/index.php\/2025\/03\/25\/oportunidad-laboral-queretaro-ofrece-mas-de-mil-vacantes-en-feria-de-empleo-para-mujeres\/"]}]},{"@type":"ImageObject","inLanguage":"es","@id":"https:\/\/www.nexoinformativo.mx\/index.php\/2025\/03\/25\/oportunidad-laboral-queretaro-ofrece-mas-de-mil-vacantes-en-feria-de-empleo-para-mujeres\/#primaryimage","url":"https:\/\/www.nexoinformativo.mx\/wp-content\/uploads\/2025\/03\/PHOTO-2025-03-25-11-02-20-e1742925146983.jpg","contentUrl":"https:\/\/www.nexoinformativo.mx\/wp-content\/uploads\/2025\/03\/PHOTO-2025-03-25-11-02-20-e1742925146983.jpg","width":800,"height":848},{"@type":"BreadcrumbList","@id":"https:\/\/www.nexoinformativo.mx\/index.php\/2025\/03\/25\/oportunidad-laboral-queretaro-ofrece-mas-de-mil-vacantes-en-feria-de-empleo-para-mujeres\/#breadcrumb","itemListElement":[{"@type":"ListItem","position":1,"name":"Inicio","item":"https:\/\/www.nexoinformativo.mx\/"},{"@type":"ListItem","position":2,"name":"Oportunidad laboral Quer\u00e9taro ofrece m\u00e1s de mil vacantes en Feria de Empleo para Mujeres"}]},{"@type":"WebSite","@id":"https:\/\/www.nexoinformativo.mx\/#website","url":"https:\/\/www.nexoinformativo.mx\/","name":"Nexo Informativo Santiago de Quer\u00e9taro","description":"Explora NexoInformativo y convi\u00e9rtete en parte de una comunidad que valora el conocimiento y la verdad. Tu nexoinformativo es tu puente hacia una comprensi\u00f3n m\u00e1s profunda del mundo que te rodea.","publisher":{"@id":"https:\/\/www.nexoinformativo.mx\/#organization"},"potentialAction":[{"@type":"SearchAction","target":{"@type":"EntryPoint","urlTemplate":"https:\/\/www.nexoinformativo.mx\/?s={search_term_string}"},"query-input":{"@type":"PropertyValueSpecification","valueRequired":true,"valueName":"search_term_string"}}],"inLanguage":"es"},{"@type":"Organization","@id":"https:\/\/www.nexoinformativo.mx\/#organization","name":"Nexo Informativo Santiago de Quer\u00e9taro","url":"https:\/\/www.nexoinformativo.mx\/","logo":{"@type":"ImageObject","inLanguage":"es","@id":"https:\/\/www.nexoinformativo.mx\/#\/schema\/logo\/image\/","url":"https:\/\/www.nexoinformativo.mx\/wp-content\/uploads\/2024\/07\/nexoi-trasparente-2.png","contentUrl":"https:\/\/www.nexoinformativo.mx\/wp-content\/uploads\/2024\/07\/nexoi-trasparente-2.png","width":816,"height":339,"caption":"Nexo Informativo Santiago de Quer\u00e9taro"},"image":{"@id":"https:\/\/www.nexoinformativo.mx\/#\/schema\/logo\/image\/"},"sameAs":["https:\/\/www.facebook.com\/people\/Nexo-Informativo\/61564066885511\/"]},{"@type":"Person","@id":"https:\/\/www.nexoinformativo.mx\/#\/schema\/person\/7749d380ba08c8ca00d7bc76fd907b7d","name":"Nexo Informativo","image":{"@type":"ImageObject","inLanguage":"es","@id":"https:\/\/www.nexoinformativo.mx\/#\/schema\/person\/image\/","url":"https:\/\/secure.gravatar.com\/avatar\/dde2928154642a13d95f87ddf1ea9718fe2b46760a005c53e41ff5ad610704e6?s=96&d=mm&r=g","contentUrl":"https:\/\/secure.gravatar.com\/avatar\/dde2928154642a13d95f87ddf1ea9718fe2b46760a005c53e41ff5ad610704e6?s=96&d=mm&r=g","caption":"Nexo Informativo"},"url":"https:\/\/www.nexoinformativo.mx\/index.php\/author\/edicion\/"}]}},"_links":{"self":[{"href":"https:\/\/www.nexoinformativo.mx\/index.php\/wp-json\/wp\/v2\/posts\/13321","targetHints":{"allow":["GET"]}}],"collection":[{"href":"https:\/\/www.nexoinformativo.mx\/index.php\/wp-json\/wp\/v2\/posts"}],"about":[{"href":"https:\/\/www.nexoinformativo.mx\/index.php\/wp-json\/wp\/v2\/types\/post"}],"author":[{"embeddable":true,"href":"https:\/\/www.nexoinformativo.mx\/index.php\/wp-json\/wp\/v2\/users\/3"}],"replies":[{"embeddable":true,"href":"https:\/\/www.nexoinformativo.mx\/index.php\/wp-json\/wp\/v2\/comments?post=13321"}],"version-history":[{"count":4,"href":"https:\/\/www.nexoinformativo.mx\/index.php\/wp-json\/wp\/v2\/posts\/13321\/revisions"}],"predecessor-version":[{"id":13326,"href":"https:\/\/www.nexoinformativo.mx\/index.php\/wp-json\/wp\/v2\/posts\/13321\/revisions\/13326"}],"wp:featuredmedia":[{"embeddable":true,"href":"https:\/\/www.nexoinformativo.mx\/index.php\/wp-json\/wp\/v2\/media\/13323"}],"wp:attachment":[{"href":"https:\/\/www.nexoinformativo.mx\/index.php\/wp-json\/wp\/v2\/media?parent=13321"}],"wp:term":[{"taxonomy":"category","embeddable":true,"href":"https:\/\/www.nexoinformativo.mx\/index.php\/wp-json\/wp\/v2\/categories?post=13321"},{"taxonomy":"post_tag","embeddable":true,"href":"https:\/\/www.nexoinformativo.mx\/index.php\/wp-json\/wp\/v2\/tags?post=13321"}],"curies":[{"name":"wp","href":"https:\/\/api.w.org\/{rel}","templated":true}]}}