{"id":13339,"date":"2025-03-26T07:00:20","date_gmt":"2025-03-26T13:00:20","guid":{"rendered":"https:\/\/www.nexoinformativo.mx\/?p=13339"},"modified":"2025-03-26T12:20:35","modified_gmt":"2025-03-26T18:20:35","slug":"hecho-en-mexico-ebrard-entrega-distintivo-a-taruk-el-autobus-electrico-del-futuro","status":"publish","type":"post","link":"https:\/\/www.nexoinformativo.mx\/index.php\/2025\/03\/26\/hecho-en-mexico-ebrard-entrega-distintivo-a-taruk-el-autobus-electrico-del-futuro\/","title":{"rendered":"Hecho en M\u00e9xico Ebrard entrega distintivo a &#8220;Taruk&#8221;, el autob\u00fas el\u00e9ctrico del futuro"},"content":{"rendered":"<p style=\"text-align: justify;\" data-sourcepos=\"13:1-13:308\">El secretario de Econom\u00eda, Marcelo Ebrard, entreg\u00f3 hoy el distintivo<strong> &#8220;Hecho en M\u00e9xico&#8221;<\/strong> a Taruk, el primer autob\u00fas el\u00e9ctrico dise\u00f1ado y fabricado en M\u00e9xico por la empresa Megaflux. Este reconocimiento destaca la calidad y la innovaci\u00f3n de los productos manufacturados en el pa\u00eds.<\/p>\n<\/p>\n<p>&nbsp;<\/p>\n<p style=\"text-align: justify;\" data-sourcepos=\"15:1-15:262\">Durante el evento, Ebrard resalt\u00f3 el crecimiento de la industria automotriz mexicana, que se ha consolidado como el sexto exportador mundial de veh\u00edculos. Sin embargo, enfatiz\u00f3 la importancia de impulsar la producci\u00f3n de veh\u00edculos propios, como el autob\u00fas Taruk.<\/p>\n<\/p>\n<p>&nbsp;<\/p>\n<p style=\"text-align: justify;\" data-sourcepos=\"17:1-17:318\"><strong>&#8220;M\u00e9xico ha tenido \u00e9xito, somos un pa\u00eds que no exportaba veh\u00edculos y hoy somos el sexto exportador mundial creciendo; y si ven ustedes autopartes, todav\u00eda m\u00e1s&#8221;<\/strong>, dijo el secretario Ebrard, en el acto en el que se entreg\u00f3 el distintivo Hecho en M\u00e9xico, el cual reconoce los productos de calidad manufacturados en el pa\u00eds.<\/p>\n<\/p>\n<p>&nbsp;<\/p>\n<p style=\"text-align: justify;\" data-sourcepos=\"19:1-19:224\">El autob\u00fas Taruk, cuyo nombre significa &#8220;correcaminos&#8221; en lengua yaqui, es un hito en la industria nacional, resultado de la colaboraci\u00f3n entre Megaflux, DINA y la Secretar\u00eda de Ciencia, Humanidades, Tecnolog\u00eda e Innovaci\u00f3n.<\/p>\n<\/p>\n<p>&nbsp;<\/p>\n<p style=\"text-align: justify;\" data-sourcepos=\"21:1-21:207\">Adem\u00e1s, Ebrard anunci\u00f3 que ma\u00f1ana viajar\u00e1 a Washington DC para continuar las negociaciones econ\u00f3micas y comerciales con Estados Unidos, en un momento clave para el futuro de la industria automotriz mexicana.<\/p>\n<\/p>\n<p>&nbsp;<\/p>\n<p style=\"text-align: justify;\" data-sourcepos=\"23:1-23:163\">El programa &#8220;Hecho en M\u00e9xico&#8221;, impulsado por la presidenta Claudia Sheinbaum, busca fortalecer el orgullo por lo nacional y las capacidades de innovaci\u00f3n del pa\u00eds.<\/p>\n<\/p>\n<p>&nbsp;<\/p>\n<p style=\"text-align: center;\" data-sourcepos=\"23:1-23:163\"><em><strong>\u00a1Informaci\u00f3n que transforma!<\/strong><\/em><\/p>\n","protected":false},"excerpt":{"rendered":"<p>El secretario de Econom\u00eda, Marcelo Ebrard, entreg\u00f3 hoy el distintivo &#8220;Hecho en M\u00e9xico&#8221; a Taruk, el primer autob\u00fas el\u00e9ctrico dise\u00f1ado y fabricado en M\u00e9xico por la empresa Megaflux. Este reconocimiento destaca la calidad y la innovaci\u00f3n de los productos manufacturados en el pa\u00eds.<\/p>\n","protected":false},"author":3,"featured_media":13340,"comment_status":"open","ping_status":"open","sticky":false,"template":"","format":"standard","meta":{"footnotes":""},"categories":[5,88,58],"tags":[3389,3899,3898,3897],"class_list":["post-13339","post","type-post","status-publish","format-standard","has-post-thumbnail","hentry","category-economia","category-nacional","category-ultima-hora","tag-hechoenmexico","tag-industriamexicana","tag-movilidadelectrica","tag-taruk"],"yoast_head":"<!-- This site is optimized with the Yoast SEO plugin v25.0 - https:\/\/yoast.com\/wordpress\/plugins\/seo\/ -->\n<title>Hecho en M\u00e9xico Ebrard entrega distintivo a &quot;Taruk&quot;, el autob\u00fas el\u00e9ctrico del futuro | Nexo Informativo Santiago de Quer\u00e9taro<\/title>\n<meta name=\"description\" content=\"Hecho en M\u00e9xico Ebrard entrega distintivo a &quot;Taruk&quot;, el autob\u00fas el\u00e9ctrico del futuro\" \/>\n<meta name=\"robots\" content=\"index, follow, max-snippet:-1, max-image-preview:large, max-video-preview:-1\" \/>\n<link rel=\"canonical\" href=\"https:\/\/www.nexoinformativo.mx\/index.php\/2025\/03\/26\/hecho-en-mexico-ebrard-entrega-distintivo-a-taruk-el-autobus-electrico-del-futuro\/\" \/>\n<meta property=\"og:locale\" content=\"es_MX\" \/>\n<meta property=\"og:type\" content=\"article\" \/>\n<meta property=\"og:title\" content=\"Hecho en M\u00e9xico Ebrard entrega distintivo a &quot;Taruk&quot;, el autob\u00fas el\u00e9ctrico del futuro | Nexo Informativo Santiago de Quer\u00e9taro\" \/>\n<meta property=\"og:description\" content=\"Hecho en M\u00e9xico Ebrard entrega distintivo a &quot;Taruk&quot;, el autob\u00fas el\u00e9ctrico del futuro\" \/>\n<meta property=\"og:url\" content=\"https:\/\/www.nexoinformativo.mx\/index.php\/2025\/03\/26\/hecho-en-mexico-ebrard-entrega-distintivo-a-taruk-el-autobus-electrico-del-futuro\/\" \/>\n<meta property=\"og:site_name\" content=\"Nexo Informativo Santiago de Quer\u00e9taro\" \/>\n<meta property=\"article:publisher\" content=\"https:\/\/www.facebook.com\/people\/Nexo-Informativo\/61564066885511\/\" \/>\n<meta property=\"article:published_time\" content=\"2025-03-26T13:00:20+00:00\" \/>\n<meta property=\"article:modified_time\" content=\"2025-03-26T18:20:35+00:00\" \/>\n<meta property=\"og:image\" content=\"https:\/\/www.nexoinformativo.mx\/wp-content\/uploads\/2025\/03\/IMG_1935.jpeg\" \/>\n\t<meta property=\"og:image:width\" content=\"650\" \/>\n\t<meta property=\"og:image:height\" content=\"380\" \/>\n\t<meta property=\"og:image:type\" content=\"image\/jpeg\" \/>\n<meta name=\"author\" content=\"Nexo Informativo\" \/>\n<meta name=\"twitter:card\" content=\"summary_large_image\" \/>\n<meta name=\"twitter:label1\" content=\"Escrito por\" \/>\n\t<meta name=\"twitter:data1\" content=\"Nexo Informativo\" \/>\n\t<meta name=\"twitter:label2\" content=\"Tiempo de lectura\" \/>\n\t<meta name=\"twitter:data2\" content=\"2 minutos\" \/>\n<script type=\"application\/ld+json\" class=\"yoast-schema-graph\">{\"@context\":\"https:\/\/schema.org\",\"@graph\":[{\"@type\":\"Article\",\"@id\":\"https:\/\/www.nexoinformativo.mx\/index.php\/2025\/03\/26\/hecho-en-mexico-ebrard-entrega-distintivo-a-taruk-el-autobus-electrico-del-futuro\/#article\",\"isPartOf\":{\"@id\":\"https:\/\/www.nexoinformativo.mx\/index.php\/2025\/03\/26\/hecho-en-mexico-ebrard-entrega-distintivo-a-taruk-el-autobus-electrico-del-futuro\/\"},\"author\":{\"name\":\"Nexo Informativo\",\"@id\":\"https:\/\/www.nexoinformativo.mx\/#\/schema\/person\/7749d380ba08c8ca00d7bc76fd907b7d\"},\"headline\":\"Hecho en M\u00e9xico Ebrard entrega distintivo a &#8220;Taruk&#8221;, el autob\u00fas el\u00e9ctrico del futuro\",\"datePublished\":\"2025-03-26T13:00:20+00:00\",\"dateModified\":\"2025-03-26T18:20:35+00:00\",\"mainEntityOfPage\":{\"@id\":\"https:\/\/www.nexoinformativo.mx\/index.php\/2025\/03\/26\/hecho-en-mexico-ebrard-entrega-distintivo-a-taruk-el-autobus-electrico-del-futuro\/\"},\"wordCount\":281,\"commentCount\":0,\"publisher\":{\"@id\":\"https:\/\/www.nexoinformativo.mx\/#organization\"},\"image\":{\"@id\":\"https:\/\/www.nexoinformativo.mx\/index.php\/2025\/03\/26\/hecho-en-mexico-ebrard-entrega-distintivo-a-taruk-el-autobus-electrico-del-futuro\/#primaryimage\"},\"thumbnailUrl\":\"https:\/\/www.nexoinformativo.mx\/wp-content\/uploads\/2025\/03\/IMG_1935.jpeg\",\"keywords\":[\"HechoEnM\u00e9xico\",\"IndustriaMexicana\",\"MovilidadEl\u00e9ctrica\",\"Taruk\"],\"articleSection\":[\"Econom\u00eda\",\"Nacional\",\"\u00daltima Hora\"],\"inLanguage\":\"es\",\"potentialAction\":[{\"@type\":\"CommentAction\",\"name\":\"Comment\",\"target\":[\"https:\/\/www.nexoinformativo.mx\/index.php\/2025\/03\/26\/hecho-en-mexico-ebrard-entrega-distintivo-a-taruk-el-autobus-electrico-del-futuro\/#respond\"]}]},{\"@type\":\"WebPage\",\"@id\":\"https:\/\/www.nexoinformativo.mx\/index.php\/2025\/03\/26\/hecho-en-mexico-ebrard-entrega-distintivo-a-taruk-el-autobus-electrico-del-futuro\/\",\"url\":\"https:\/\/www.nexoinformativo.mx\/index.php\/2025\/03\/26\/hecho-en-mexico-ebrard-entrega-distintivo-a-taruk-el-autobus-electrico-del-futuro\/\",\"name\":\"Hecho en M\u00e9xico Ebrard entrega distintivo a \\\"Taruk\\\", el autob\u00fas el\u00e9ctrico del futuro | Nexo Informativo Santiago de Quer\u00e9taro\",\"isPartOf\":{\"@id\":\"https:\/\/www.nexoinformativo.mx\/#website\"},\"primaryImageOfPage\":{\"@id\":\"https:\/\/www.nexoinformativo.mx\/index.php\/2025\/03\/26\/hecho-en-mexico-ebrard-entrega-distintivo-a-taruk-el-autobus-electrico-del-futuro\/#primaryimage\"},\"image\":{\"@id\":\"https:\/\/www.nexoinformativo.mx\/index.php\/2025\/03\/26\/hecho-en-mexico-ebrard-entrega-distintivo-a-taruk-el-autobus-electrico-del-futuro\/#primaryimage\"},\"thumbnailUrl\":\"https:\/\/www.nexoinformativo.mx\/wp-content\/uploads\/2025\/03\/IMG_1935.jpeg\",\"datePublished\":\"2025-03-26T13:00:20+00:00\",\"dateModified\":\"2025-03-26T18:20:35+00:00\",\"description\":\"Hecho en M\u00e9xico Ebrard entrega distintivo a \\\"Taruk\\\", el autob\u00fas el\u00e9ctrico del futuro\",\"breadcrumb\":{\"@id\":\"https:\/\/www.nexoinformativo.mx\/index.php\/2025\/03\/26\/hecho-en-mexico-ebrard-entrega-distintivo-a-taruk-el-autobus-electrico-del-futuro\/#breadcrumb\"},\"inLanguage\":\"es\",\"potentialAction\":[{\"@type\":\"ReadAction\",\"target\":[\"https:\/\/www.nexoinformativo.mx\/index.php\/2025\/03\/26\/hecho-en-mexico-ebrard-entrega-distintivo-a-taruk-el-autobus-electrico-del-futuro\/\"]}]},{\"@type\":\"ImageObject\",\"inLanguage\":\"es\",\"@id\":\"https:\/\/www.nexoinformativo.mx\/index.php\/2025\/03\/26\/hecho-en-mexico-ebrard-entrega-distintivo-a-taruk-el-autobus-electrico-del-futuro\/#primaryimage\",\"url\":\"https:\/\/www.nexoinformativo.mx\/wp-content\/uploads\/2025\/03\/IMG_1935.jpeg\",\"contentUrl\":\"https:\/\/www.nexoinformativo.mx\/wp-content\/uploads\/2025\/03\/IMG_1935.jpeg\",\"width\":650,\"height\":380},{\"@type\":\"BreadcrumbList\",\"@id\":\"https:\/\/www.nexoinformativo.mx\/index.php\/2025\/03\/26\/hecho-en-mexico-ebrard-entrega-distintivo-a-taruk-el-autobus-electrico-del-futuro\/#breadcrumb\",\"itemListElement\":[{\"@type\":\"ListItem\",\"position\":1,\"name\":\"Inicio\",\"item\":\"https:\/\/www.nexoinformativo.mx\/\"},{\"@type\":\"ListItem\",\"position\":2,\"name\":\"Hecho en M\u00e9xico Ebrard entrega distintivo a &#8220;Taruk&#8221;, el autob\u00fas el\u00e9ctrico del futuro\"}]},{\"@type\":\"WebSite\",\"@id\":\"https:\/\/www.nexoinformativo.mx\/#website\",\"url\":\"https:\/\/www.nexoinformativo.mx\/\",\"name\":\"Nexo Informativo Santiago de Quer\u00e9taro\",\"description\":\"Explora NexoInformativo y convi\u00e9rtete en parte de una comunidad que valora el conocimiento y la verdad. Tu nexoinformativo es tu puente hacia una comprensi\u00f3n m\u00e1s profunda del mundo que te rodea.\",\"publisher\":{\"@id\":\"https:\/\/www.nexoinformativo.mx\/#organization\"},\"potentialAction\":[{\"@type\":\"SearchAction\",\"target\":{\"@type\":\"EntryPoint\",\"urlTemplate\":\"https:\/\/www.nexoinformativo.mx\/?s={search_term_string}\"},\"query-input\":{\"@type\":\"PropertyValueSpecification\",\"valueRequired\":true,\"valueName\":\"search_term_string\"}}],\"inLanguage\":\"es\"},{\"@type\":\"Organization\",\"@id\":\"https:\/\/www.nexoinformativo.mx\/#organization\",\"name\":\"Nexo Informativo Santiago de Quer\u00e9taro\",\"url\":\"https:\/\/www.nexoinformativo.mx\/\",\"logo\":{\"@type\":\"ImageObject\",\"inLanguage\":\"es\",\"@id\":\"https:\/\/www.nexoinformativo.mx\/#\/schema\/logo\/image\/\",\"url\":\"https:\/\/www.nexoinformativo.mx\/wp-content\/uploads\/2024\/07\/nexoi-trasparente-2.png\",\"contentUrl\":\"https:\/\/www.nexoinformativo.mx\/wp-content\/uploads\/2024\/07\/nexoi-trasparente-2.png\",\"width\":816,\"height\":339,\"caption\":\"Nexo Informativo Santiago de Quer\u00e9taro\"},\"image\":{\"@id\":\"https:\/\/www.nexoinformativo.mx\/#\/schema\/logo\/image\/\"},\"sameAs\":[\"https:\/\/www.facebook.com\/people\/Nexo-Informativo\/61564066885511\/\"]},{\"@type\":\"Person\",\"@id\":\"https:\/\/www.nexoinformativo.mx\/#\/schema\/person\/7749d380ba08c8ca00d7bc76fd907b7d\",\"name\":\"Nexo Informativo\",\"image\":{\"@type\":\"ImageObject\",\"inLanguage\":\"es\",\"@id\":\"https:\/\/www.nexoinformativo.mx\/#\/schema\/person\/image\/\",\"url\":\"https:\/\/secure.gravatar.com\/avatar\/dde2928154642a13d95f87ddf1ea9718fe2b46760a005c53e41ff5ad610704e6?s=96&d=mm&r=g\",\"contentUrl\":\"https:\/\/secure.gravatar.com\/avatar\/dde2928154642a13d95f87ddf1ea9718fe2b46760a005c53e41ff5ad610704e6?s=96&d=mm&r=g\",\"caption\":\"Nexo Informativo\"},\"url\":\"https:\/\/www.nexoinformativo.mx\/index.php\/author\/edicion\/\"}]}<\/script>\n<!-- \/ Yoast SEO plugin. -->","yoast_head_json":{"title":"Hecho en M\u00e9xico Ebrard entrega distintivo a \"Taruk\", el autob\u00fas el\u00e9ctrico del futuro | Nexo Informativo Santiago de Quer\u00e9taro","description":"Hecho en M\u00e9xico Ebrard entrega distintivo a \"Taruk\", el autob\u00fas el\u00e9ctrico del futuro","robots":{"index":"index","follow":"follow","max-snippet":"max-snippet:-1","max-image-preview":"max-image-preview:large","max-video-preview":"max-video-preview:-1"},"canonical":"https:\/\/www.nexoinformativo.mx\/index.php\/2025\/03\/26\/hecho-en-mexico-ebrard-entrega-distintivo-a-taruk-el-autobus-electrico-del-futuro\/","og_locale":"es_MX","og_type":"article","og_title":"Hecho en M\u00e9xico Ebrard entrega distintivo a \"Taruk\", el autob\u00fas el\u00e9ctrico del futuro | Nexo Informativo Santiago de Quer\u00e9taro","og_description":"Hecho en M\u00e9xico Ebrard entrega distintivo a \"Taruk\", el autob\u00fas el\u00e9ctrico del futuro","og_url":"https:\/\/www.nexoinformativo.mx\/index.php\/2025\/03\/26\/hecho-en-mexico-ebrard-entrega-distintivo-a-taruk-el-autobus-electrico-del-futuro\/","og_site_name":"Nexo Informativo Santiago de Quer\u00e9taro","article_publisher":"https:\/\/www.facebook.com\/people\/Nexo-Informativo\/61564066885511\/","article_published_time":"2025-03-26T13:00:20+00:00","article_modified_time":"2025-03-26T18:20:35+00:00","og_image":[{"width":650,"height":380,"url":"https:\/\/www.nexoinformativo.mx\/wp-content\/uploads\/2025\/03\/IMG_1935.jpeg","type":"image\/jpeg"}],"author":"Nexo Informativo","twitter_card":"summary_large_image","twitter_misc":{"Escrito por":"Nexo Informativo","Tiempo de lectura":"2 minutos"},"schema":{"@context":"https:\/\/schema.org","@graph":[{"@type":"Article","@id":"https:\/\/www.nexoinformativo.mx\/index.php\/2025\/03\/26\/hecho-en-mexico-ebrard-entrega-distintivo-a-taruk-el-autobus-electrico-del-futuro\/#article","isPartOf":{"@id":"https:\/\/www.nexoinformativo.mx\/index.php\/2025\/03\/26\/hecho-en-mexico-ebrard-entrega-distintivo-a-taruk-el-autobus-electrico-del-futuro\/"},"author":{"name":"Nexo Informativo","@id":"https:\/\/www.nexoinformativo.mx\/#\/schema\/person\/7749d380ba08c8ca00d7bc76fd907b7d"},"headline":"Hecho en M\u00e9xico Ebrard entrega distintivo a &#8220;Taruk&#8221;, el autob\u00fas el\u00e9ctrico del futuro","datePublished":"2025-03-26T13:00:20+00:00","dateModified":"2025-03-26T18:20:35+00:00","mainEntityOfPage":{"@id":"https:\/\/www.nexoinformativo.mx\/index.php\/2025\/03\/26\/hecho-en-mexico-ebrard-entrega-distintivo-a-taruk-el-autobus-electrico-del-futuro\/"},"wordCount":281,"commentCount":0,"publisher":{"@id":"https:\/\/www.nexoinformativo.mx\/#organization"},"image":{"@id":"https:\/\/www.nexoinformativo.mx\/index.php\/2025\/03\/26\/hecho-en-mexico-ebrard-entrega-distintivo-a-taruk-el-autobus-electrico-del-futuro\/#primaryimage"},"thumbnailUrl":"https:\/\/www.nexoinformativo.mx\/wp-content\/uploads\/2025\/03\/IMG_1935.jpeg","keywords":["HechoEnM\u00e9xico","IndustriaMexicana","MovilidadEl\u00e9ctrica","Taruk"],"articleSection":["Econom\u00eda","Nacional","\u00daltima Hora"],"inLanguage":"es","potentialAction":[{"@type":"CommentAction","name":"Comment","target":["https:\/\/www.nexoinformativo.mx\/index.php\/2025\/03\/26\/hecho-en-mexico-ebrard-entrega-distintivo-a-taruk-el-autobus-electrico-del-futuro\/#respond"]}]},{"@type":"WebPage","@id":"https:\/\/www.nexoinformativo.mx\/index.php\/2025\/03\/26\/hecho-en-mexico-ebrard-entrega-distintivo-a-taruk-el-autobus-electrico-del-futuro\/","url":"https:\/\/www.nexoinformativo.mx\/index.php\/2025\/03\/26\/hecho-en-mexico-ebrard-entrega-distintivo-a-taruk-el-autobus-electrico-del-futuro\/","name":"Hecho en M\u00e9xico Ebrard entrega distintivo a \"Taruk\", el autob\u00fas el\u00e9ctrico del futuro | Nexo Informativo Santiago de Quer\u00e9taro","isPartOf":{"@id":"https:\/\/www.nexoinformativo.mx\/#website"},"primaryImageOfPage":{"@id":"https:\/\/www.nexoinformativo.mx\/index.php\/2025\/03\/26\/hecho-en-mexico-ebrard-entrega-distintivo-a-taruk-el-autobus-electrico-del-futuro\/#primaryimage"},"image":{"@id":"https:\/\/www.nexoinformativo.mx\/index.php\/2025\/03\/26\/hecho-en-mexico-ebrard-entrega-distintivo-a-taruk-el-autobus-electrico-del-futuro\/#primaryimage"},"thumbnailUrl":"https:\/\/www.nexoinformativo.mx\/wp-content\/uploads\/2025\/03\/IMG_1935.jpeg","datePublished":"2025-03-26T13:00:20+00:00","dateModified":"2025-03-26T18:20:35+00:00","description":"Hecho en M\u00e9xico Ebrard entrega distintivo a \"Taruk\", el autob\u00fas el\u00e9ctrico del futuro","breadcrumb":{"@id":"https:\/\/www.nexoinformativo.mx\/index.php\/2025\/03\/26\/hecho-en-mexico-ebrard-entrega-distintivo-a-taruk-el-autobus-electrico-del-futuro\/#breadcrumb"},"inLanguage":"es","potentialAction":[{"@type":"ReadAction","target":["https:\/\/www.nexoinformativo.mx\/index.php\/2025\/03\/26\/hecho-en-mexico-ebrard-entrega-distintivo-a-taruk-el-autobus-electrico-del-futuro\/"]}]},{"@type":"ImageObject","inLanguage":"es","@id":"https:\/\/www.nexoinformativo.mx\/index.php\/2025\/03\/26\/hecho-en-mexico-ebrard-entrega-distintivo-a-taruk-el-autobus-electrico-del-futuro\/#primaryimage","url":"https:\/\/www.nexoinformativo.mx\/wp-content\/uploads\/2025\/03\/IMG_1935.jpeg","contentUrl":"https:\/\/www.nexoinformativo.mx\/wp-content\/uploads\/2025\/03\/IMG_1935.jpeg","width":650,"height":380},{"@type":"BreadcrumbList","@id":"https:\/\/www.nexoinformativo.mx\/index.php\/2025\/03\/26\/hecho-en-mexico-ebrard-entrega-distintivo-a-taruk-el-autobus-electrico-del-futuro\/#breadcrumb","itemListElement":[{"@type":"ListItem","position":1,"name":"Inicio","item":"https:\/\/www.nexoinformativo.mx\/"},{"@type":"ListItem","position":2,"name":"Hecho en M\u00e9xico Ebrard entrega distintivo a &#8220;Taruk&#8221;, el autob\u00fas el\u00e9ctrico del futuro"}]},{"@type":"WebSite","@id":"https:\/\/www.nexoinformativo.mx\/#website","url":"https:\/\/www.nexoinformativo.mx\/","name":"Nexo Informativo Santiago de Quer\u00e9taro","description":"Explora NexoInformativo y convi\u00e9rtete en parte de una comunidad que valora el conocimiento y la verdad. Tu nexoinformativo es tu puente hacia una comprensi\u00f3n m\u00e1s profunda del mundo que te rodea.","publisher":{"@id":"https:\/\/www.nexoinformativo.mx\/#organization"},"potentialAction":[{"@type":"SearchAction","target":{"@type":"EntryPoint","urlTemplate":"https:\/\/www.nexoinformativo.mx\/?s={search_term_string}"},"query-input":{"@type":"PropertyValueSpecification","valueRequired":true,"valueName":"search_term_string"}}],"inLanguage":"es"},{"@type":"Organization","@id":"https:\/\/www.nexoinformativo.mx\/#organization","name":"Nexo Informativo Santiago de Quer\u00e9taro","url":"https:\/\/www.nexoinformativo.mx\/","logo":{"@type":"ImageObject","inLanguage":"es","@id":"https:\/\/www.nexoinformativo.mx\/#\/schema\/logo\/image\/","url":"https:\/\/www.nexoinformativo.mx\/wp-content\/uploads\/2024\/07\/nexoi-trasparente-2.png","contentUrl":"https:\/\/www.nexoinformativo.mx\/wp-content\/uploads\/2024\/07\/nexoi-trasparente-2.png","width":816,"height":339,"caption":"Nexo Informativo Santiago de Quer\u00e9taro"},"image":{"@id":"https:\/\/www.nexoinformativo.mx\/#\/schema\/logo\/image\/"},"sameAs":["https:\/\/www.facebook.com\/people\/Nexo-Informativo\/61564066885511\/"]},{"@type":"Person","@id":"https:\/\/www.nexoinformativo.mx\/#\/schema\/person\/7749d380ba08c8ca00d7bc76fd907b7d","name":"Nexo Informativo","image":{"@type":"ImageObject","inLanguage":"es","@id":"https:\/\/www.nexoinformativo.mx\/#\/schema\/person\/image\/","url":"https:\/\/secure.gravatar.com\/avatar\/dde2928154642a13d95f87ddf1ea9718fe2b46760a005c53e41ff5ad610704e6?s=96&d=mm&r=g","contentUrl":"https:\/\/secure.gravatar.com\/avatar\/dde2928154642a13d95f87ddf1ea9718fe2b46760a005c53e41ff5ad610704e6?s=96&d=mm&r=g","caption":"Nexo Informativo"},"url":"https:\/\/www.nexoinformativo.mx\/index.php\/author\/edicion\/"}]}},"_links":{"self":[{"href":"https:\/\/www.nexoinformativo.mx\/index.php\/wp-json\/wp\/v2\/posts\/13339","targetHints":{"allow":["GET"]}}],"collection":[{"href":"https:\/\/www.nexoinformativo.mx\/index.php\/wp-json\/wp\/v2\/posts"}],"about":[{"href":"https:\/\/www.nexoinformativo.mx\/index.php\/wp-json\/wp\/v2\/types\/post"}],"author":[{"embeddable":true,"href":"https:\/\/www.nexoinformativo.mx\/index.php\/wp-json\/wp\/v2\/users\/3"}],"replies":[{"embeddable":true,"href":"https:\/\/www.nexoinformativo.mx\/index.php\/wp-json\/wp\/v2\/comments?post=13339"}],"version-history":[{"count":3,"href":"https:\/\/www.nexoinformativo.mx\/index.php\/wp-json\/wp\/v2\/posts\/13339\/revisions"}],"predecessor-version":[{"id":13343,"href":"https:\/\/www.nexoinformativo.mx\/index.php\/wp-json\/wp\/v2\/posts\/13339\/revisions\/13343"}],"wp:featuredmedia":[{"embeddable":true,"href":"https:\/\/www.nexoinformativo.mx\/index.php\/wp-json\/wp\/v2\/media\/13340"}],"wp:attachment":[{"href":"https:\/\/www.nexoinformativo.mx\/index.php\/wp-json\/wp\/v2\/media?parent=13339"}],"wp:term":[{"taxonomy":"category","embeddable":true,"href":"https:\/\/www.nexoinformativo.mx\/index.php\/wp-json\/wp\/v2\/categories?post=13339"},{"taxonomy":"post_tag","embeddable":true,"href":"https:\/\/www.nexoinformativo.mx\/index.php\/wp-json\/wp\/v2\/tags?post=13339"}],"curies":[{"name":"wp","href":"https:\/\/api.w.org\/{rel}","templated":true}]}}