{"id":13384,"date":"2025-03-26T16:00:42","date_gmt":"2025-03-26T22:00:42","guid":{"rendered":"https:\/\/www.nexoinformativo.mx\/?p=13384"},"modified":"2025-03-26T17:29:29","modified_gmt":"2025-03-26T23:29:29","slug":"queretaro-refuerza-seguridad-san-juan-del-rio-se-suma-a-operativos-de-puntos-de-control","status":"publish","type":"post","link":"https:\/\/www.nexoinformativo.mx\/index.php\/2025\/03\/26\/queretaro-refuerza-seguridad-san-juan-del-rio-se-suma-a-operativos-de-puntos-de-control\/","title":{"rendered":"Quer\u00e9taro refuerza seguridad San Juan del R\u00edo se suma a operativos de puntos de control"},"content":{"rendered":"<p style=\"text-align: justify;\" data-sourcepos=\"13:1-13:360\">Con el objetivo de reforzar la seguridad en la regi\u00f3n, el municipio de San Juan del R\u00edo se sumar\u00e1 a los operativos de puntos de control que se realizan en las fronteras de Quer\u00e9taro, en coordinaci\u00f3n con la polic\u00eda estatal y corporaciones federales, seg\u00fan anunci\u00f3 el presidente municipal de Quer\u00e9taro, Felipe Fernando Mac\u00edas.<\/p>\n<\/p>\n<p>&nbsp;<\/p>\n<p style=\"text-align: justify;\" data-sourcepos=\"15:1-15:361\">Mac\u00edas Olvera destac\u00f3 que estos puntos de control han permitido revisar m\u00e1s de mil 500 veh\u00edculos y remitir a personas a juzgados c\u00edvicos y a la Fiscal\u00eda General del Estado (FGE).<\/p>\n<\/p>\n<p>&nbsp;<\/p>\n<p style=\"text-align: justify;\" data-sourcepos=\"15:1-15:361\">Adem\u00e1s, resalt\u00f3 la colaboraci\u00f3n con los alcaldes de Huimilpan, Corregidora y El Marqu\u00e9s, quienes comparten la visi\u00f3n de trabajar en conjunto para resolver los problemas de seguridad.<\/p>\n<\/p>\n<p>&nbsp;<\/p>\n<p style=\"text-align: justify;\" data-sourcepos=\"17:1-17:206\">&#8220;Estas buenas pr\u00e1cticas tambi\u00e9n las vamos a estar llevando con nuestro amigo Roberto Cabrera, estos puntos de inspecci\u00f3n vehicular con el reforzamiento de todas las polic\u00edas municipales&#8221;, se\u00f1al\u00f3 el alcalde.<\/p>\n<\/p>\n<p>&nbsp;<\/p>\n<p style=\"text-align: justify;\" data-sourcepos=\"19:1-19:169\">Mac\u00edas Olvera tambi\u00e9n inform\u00f3 que su administraci\u00f3n ha priorizado los recursos destinados a servicios p\u00fablicos, logrando una ciudad m\u00e1s limpia y con mejor mantenimiento.<\/p>\n<\/p>\n<p>&nbsp;<\/p>\n<p style=\"text-align: center;\" data-sourcepos=\"19:1-19:169\"><em><strong>\u00a1Informaci\u00f3n que transforma!<\/strong><\/em><\/p>\n","protected":false},"excerpt":{"rendered":"<p>Con el objetivo de reforzar la seguridad en la regi\u00f3n, el municipio de San Juan del R\u00edo se sumar\u00e1 a los operativos de puntos de control que se realizan en las fronteras de Quer\u00e9taro, en coordinaci\u00f3n con la polic\u00eda estatal y corporaciones federales, seg\u00fan anunci\u00f3 el presidente municipal de Quer\u00e9taro, Felipe Fernando Mac\u00edas.<\/p>\n","protected":false},"author":3,"featured_media":13386,"comment_status":"open","ping_status":"open","sticky":false,"template":"","format":"standard","meta":{"footnotes":""},"categories":[65,58],"tags":[3155,3911,382,266],"class_list":["post-13384","post","type-post","status-publish","format-standard","has-post-thumbnail","hentry","category-municipios","category-ultima-hora","tag-felipefernandomacias","tag-puntosdecontrol","tag-sanjuandelrio","tag-seguridadqueretaro"],"yoast_head":"<!-- This site is optimized with the Yoast SEO plugin v25.0 - https:\/\/yoast.com\/wordpress\/plugins\/seo\/ -->\n<title>Quer\u00e9taro refuerza seguridad San Juan del R\u00edo se suma a operativos de puntos de control | Nexo Informativo Santiago de Quer\u00e9taro<\/title>\n<meta name=\"description\" content=\"Quer\u00e9taro refuerza seguridad San Juan del R\u00edo se suma a operativos de puntos de control\" \/>\n<meta name=\"robots\" content=\"index, follow, max-snippet:-1, max-image-preview:large, max-video-preview:-1\" \/>\n<link rel=\"canonical\" href=\"https:\/\/www.nexoinformativo.mx\/index.php\/2025\/03\/26\/queretaro-refuerza-seguridad-san-juan-del-rio-se-suma-a-operativos-de-puntos-de-control\/\" \/>\n<meta property=\"og:locale\" content=\"es_MX\" \/>\n<meta property=\"og:type\" content=\"article\" \/>\n<meta property=\"og:title\" content=\"Quer\u00e9taro refuerza seguridad San Juan del R\u00edo se suma a operativos de puntos de control | Nexo Informativo Santiago de Quer\u00e9taro\" \/>\n<meta property=\"og:description\" content=\"Quer\u00e9taro refuerza seguridad San Juan del R\u00edo se suma a operativos de puntos de control\" \/>\n<meta property=\"og:url\" content=\"https:\/\/www.nexoinformativo.mx\/index.php\/2025\/03\/26\/queretaro-refuerza-seguridad-san-juan-del-rio-se-suma-a-operativos-de-puntos-de-control\/\" \/>\n<meta property=\"og:site_name\" content=\"Nexo Informativo Santiago de Quer\u00e9taro\" \/>\n<meta property=\"article:publisher\" content=\"https:\/\/www.facebook.com\/people\/Nexo-Informativo\/61564066885511\/\" \/>\n<meta property=\"article:published_time\" content=\"2025-03-26T22:00:42+00:00\" \/>\n<meta property=\"article:modified_time\" content=\"2025-03-26T23:29:29+00:00\" \/>\n<meta property=\"og:image\" content=\"https:\/\/www.nexoinformativo.mx\/wp-content\/uploads\/2025\/03\/997a3c09-f9a3-46de-9df9-125469a092ed-e1743031739774.jpg\" \/>\n\t<meta property=\"og:image:width\" content=\"800\" \/>\n\t<meta property=\"og:image:height\" content=\"594\" \/>\n\t<meta property=\"og:image:type\" content=\"image\/jpeg\" \/>\n<meta name=\"author\" content=\"Nexo Informativo\" \/>\n<meta name=\"twitter:card\" content=\"summary_large_image\" \/>\n<meta name=\"twitter:label1\" content=\"Escrito por\" \/>\n\t<meta name=\"twitter:data1\" content=\"Nexo Informativo\" \/>\n\t<meta name=\"twitter:label2\" content=\"Tiempo de lectura\" \/>\n\t<meta name=\"twitter:data2\" content=\"1 minuto\" \/>\n<script type=\"application\/ld+json\" class=\"yoast-schema-graph\">{\"@context\":\"https:\/\/schema.org\",\"@graph\":[{\"@type\":\"Article\",\"@id\":\"https:\/\/www.nexoinformativo.mx\/index.php\/2025\/03\/26\/queretaro-refuerza-seguridad-san-juan-del-rio-se-suma-a-operativos-de-puntos-de-control\/#article\",\"isPartOf\":{\"@id\":\"https:\/\/www.nexoinformativo.mx\/index.php\/2025\/03\/26\/queretaro-refuerza-seguridad-san-juan-del-rio-se-suma-a-operativos-de-puntos-de-control\/\"},\"author\":{\"name\":\"Nexo Informativo\",\"@id\":\"https:\/\/www.nexoinformativo.mx\/#\/schema\/person\/7749d380ba08c8ca00d7bc76fd907b7d\"},\"headline\":\"Quer\u00e9taro refuerza seguridad San Juan del R\u00edo se suma a operativos de puntos de control\",\"datePublished\":\"2025-03-26T22:00:42+00:00\",\"dateModified\":\"2025-03-26T23:29:29+00:00\",\"mainEntityOfPage\":{\"@id\":\"https:\/\/www.nexoinformativo.mx\/index.php\/2025\/03\/26\/queretaro-refuerza-seguridad-san-juan-del-rio-se-suma-a-operativos-de-puntos-de-control\/\"},\"wordCount\":217,\"commentCount\":0,\"publisher\":{\"@id\":\"https:\/\/www.nexoinformativo.mx\/#organization\"},\"image\":{\"@id\":\"https:\/\/www.nexoinformativo.mx\/index.php\/2025\/03\/26\/queretaro-refuerza-seguridad-san-juan-del-rio-se-suma-a-operativos-de-puntos-de-control\/#primaryimage\"},\"thumbnailUrl\":\"https:\/\/www.nexoinformativo.mx\/wp-content\/uploads\/2025\/03\/997a3c09-f9a3-46de-9df9-125469a092ed-e1743031739774.jpg\",\"keywords\":[\"FelipeFernandoMac\u00edas\",\"PuntosDeControl\",\"SanJuanDelR\u00edo\",\"SeguridadQueretaro\"],\"articleSection\":[\"Municipios\",\"\u00daltima Hora\"],\"inLanguage\":\"es\",\"potentialAction\":[{\"@type\":\"CommentAction\",\"name\":\"Comment\",\"target\":[\"https:\/\/www.nexoinformativo.mx\/index.php\/2025\/03\/26\/queretaro-refuerza-seguridad-san-juan-del-rio-se-suma-a-operativos-de-puntos-de-control\/#respond\"]}]},{\"@type\":\"WebPage\",\"@id\":\"https:\/\/www.nexoinformativo.mx\/index.php\/2025\/03\/26\/queretaro-refuerza-seguridad-san-juan-del-rio-se-suma-a-operativos-de-puntos-de-control\/\",\"url\":\"https:\/\/www.nexoinformativo.mx\/index.php\/2025\/03\/26\/queretaro-refuerza-seguridad-san-juan-del-rio-se-suma-a-operativos-de-puntos-de-control\/\",\"name\":\"Quer\u00e9taro refuerza seguridad San Juan del R\u00edo se suma a operativos de puntos de control | Nexo Informativo Santiago de Quer\u00e9taro\",\"isPartOf\":{\"@id\":\"https:\/\/www.nexoinformativo.mx\/#website\"},\"primaryImageOfPage\":{\"@id\":\"https:\/\/www.nexoinformativo.mx\/index.php\/2025\/03\/26\/queretaro-refuerza-seguridad-san-juan-del-rio-se-suma-a-operativos-de-puntos-de-control\/#primaryimage\"},\"image\":{\"@id\":\"https:\/\/www.nexoinformativo.mx\/index.php\/2025\/03\/26\/queretaro-refuerza-seguridad-san-juan-del-rio-se-suma-a-operativos-de-puntos-de-control\/#primaryimage\"},\"thumbnailUrl\":\"https:\/\/www.nexoinformativo.mx\/wp-content\/uploads\/2025\/03\/997a3c09-f9a3-46de-9df9-125469a092ed-e1743031739774.jpg\",\"datePublished\":\"2025-03-26T22:00:42+00:00\",\"dateModified\":\"2025-03-26T23:29:29+00:00\",\"description\":\"Quer\u00e9taro refuerza seguridad San Juan del R\u00edo se suma a operativos de puntos de control\",\"breadcrumb\":{\"@id\":\"https:\/\/www.nexoinformativo.mx\/index.php\/2025\/03\/26\/queretaro-refuerza-seguridad-san-juan-del-rio-se-suma-a-operativos-de-puntos-de-control\/#breadcrumb\"},\"inLanguage\":\"es\",\"potentialAction\":[{\"@type\":\"ReadAction\",\"target\":[\"https:\/\/www.nexoinformativo.mx\/index.php\/2025\/03\/26\/queretaro-refuerza-seguridad-san-juan-del-rio-se-suma-a-operativos-de-puntos-de-control\/\"]}]},{\"@type\":\"ImageObject\",\"inLanguage\":\"es\",\"@id\":\"https:\/\/www.nexoinformativo.mx\/index.php\/2025\/03\/26\/queretaro-refuerza-seguridad-san-juan-del-rio-se-suma-a-operativos-de-puntos-de-control\/#primaryimage\",\"url\":\"https:\/\/www.nexoinformativo.mx\/wp-content\/uploads\/2025\/03\/997a3c09-f9a3-46de-9df9-125469a092ed-e1743031739774.jpg\",\"contentUrl\":\"https:\/\/www.nexoinformativo.mx\/wp-content\/uploads\/2025\/03\/997a3c09-f9a3-46de-9df9-125469a092ed-e1743031739774.jpg\",\"width\":800,\"height\":594},{\"@type\":\"BreadcrumbList\",\"@id\":\"https:\/\/www.nexoinformativo.mx\/index.php\/2025\/03\/26\/queretaro-refuerza-seguridad-san-juan-del-rio-se-suma-a-operativos-de-puntos-de-control\/#breadcrumb\",\"itemListElement\":[{\"@type\":\"ListItem\",\"position\":1,\"name\":\"Inicio\",\"item\":\"https:\/\/www.nexoinformativo.mx\/\"},{\"@type\":\"ListItem\",\"position\":2,\"name\":\"Quer\u00e9taro refuerza seguridad San Juan del R\u00edo se suma a operativos de puntos de control\"}]},{\"@type\":\"WebSite\",\"@id\":\"https:\/\/www.nexoinformativo.mx\/#website\",\"url\":\"https:\/\/www.nexoinformativo.mx\/\",\"name\":\"Nexo Informativo Santiago de Quer\u00e9taro\",\"description\":\"Explora NexoInformativo y convi\u00e9rtete en parte de una comunidad que valora el conocimiento y la verdad. Tu nexoinformativo es tu puente hacia una comprensi\u00f3n m\u00e1s profunda del mundo que te rodea.\",\"publisher\":{\"@id\":\"https:\/\/www.nexoinformativo.mx\/#organization\"},\"potentialAction\":[{\"@type\":\"SearchAction\",\"target\":{\"@type\":\"EntryPoint\",\"urlTemplate\":\"https:\/\/www.nexoinformativo.mx\/?s={search_term_string}\"},\"query-input\":{\"@type\":\"PropertyValueSpecification\",\"valueRequired\":true,\"valueName\":\"search_term_string\"}}],\"inLanguage\":\"es\"},{\"@type\":\"Organization\",\"@id\":\"https:\/\/www.nexoinformativo.mx\/#organization\",\"name\":\"Nexo Informativo Santiago de Quer\u00e9taro\",\"url\":\"https:\/\/www.nexoinformativo.mx\/\",\"logo\":{\"@type\":\"ImageObject\",\"inLanguage\":\"es\",\"@id\":\"https:\/\/www.nexoinformativo.mx\/#\/schema\/logo\/image\/\",\"url\":\"https:\/\/www.nexoinformativo.mx\/wp-content\/uploads\/2024\/07\/nexoi-trasparente-2.png\",\"contentUrl\":\"https:\/\/www.nexoinformativo.mx\/wp-content\/uploads\/2024\/07\/nexoi-trasparente-2.png\",\"width\":816,\"height\":339,\"caption\":\"Nexo Informativo Santiago de Quer\u00e9taro\"},\"image\":{\"@id\":\"https:\/\/www.nexoinformativo.mx\/#\/schema\/logo\/image\/\"},\"sameAs\":[\"https:\/\/www.facebook.com\/people\/Nexo-Informativo\/61564066885511\/\"]},{\"@type\":\"Person\",\"@id\":\"https:\/\/www.nexoinformativo.mx\/#\/schema\/person\/7749d380ba08c8ca00d7bc76fd907b7d\",\"name\":\"Nexo Informativo\",\"image\":{\"@type\":\"ImageObject\",\"inLanguage\":\"es\",\"@id\":\"https:\/\/www.nexoinformativo.mx\/#\/schema\/person\/image\/\",\"url\":\"https:\/\/secure.gravatar.com\/avatar\/dde2928154642a13d95f87ddf1ea9718fe2b46760a005c53e41ff5ad610704e6?s=96&d=mm&r=g\",\"contentUrl\":\"https:\/\/secure.gravatar.com\/avatar\/dde2928154642a13d95f87ddf1ea9718fe2b46760a005c53e41ff5ad610704e6?s=96&d=mm&r=g\",\"caption\":\"Nexo Informativo\"},\"url\":\"https:\/\/www.nexoinformativo.mx\/index.php\/author\/edicion\/\"}]}<\/script>\n<!-- \/ Yoast SEO plugin. -->","yoast_head_json":{"title":"Quer\u00e9taro refuerza seguridad San Juan del R\u00edo se suma a operativos de puntos de control | Nexo Informativo Santiago de Quer\u00e9taro","description":"Quer\u00e9taro refuerza seguridad San Juan del R\u00edo se suma a operativos de puntos de control","robots":{"index":"index","follow":"follow","max-snippet":"max-snippet:-1","max-image-preview":"max-image-preview:large","max-video-preview":"max-video-preview:-1"},"canonical":"https:\/\/www.nexoinformativo.mx\/index.php\/2025\/03\/26\/queretaro-refuerza-seguridad-san-juan-del-rio-se-suma-a-operativos-de-puntos-de-control\/","og_locale":"es_MX","og_type":"article","og_title":"Quer\u00e9taro refuerza seguridad San Juan del R\u00edo se suma a operativos de puntos de control | Nexo Informativo Santiago de Quer\u00e9taro","og_description":"Quer\u00e9taro refuerza seguridad San Juan del R\u00edo se suma a operativos de puntos de control","og_url":"https:\/\/www.nexoinformativo.mx\/index.php\/2025\/03\/26\/queretaro-refuerza-seguridad-san-juan-del-rio-se-suma-a-operativos-de-puntos-de-control\/","og_site_name":"Nexo Informativo Santiago de Quer\u00e9taro","article_publisher":"https:\/\/www.facebook.com\/people\/Nexo-Informativo\/61564066885511\/","article_published_time":"2025-03-26T22:00:42+00:00","article_modified_time":"2025-03-26T23:29:29+00:00","og_image":[{"width":800,"height":594,"url":"https:\/\/www.nexoinformativo.mx\/wp-content\/uploads\/2025\/03\/997a3c09-f9a3-46de-9df9-125469a092ed-e1743031739774.jpg","type":"image\/jpeg"}],"author":"Nexo Informativo","twitter_card":"summary_large_image","twitter_misc":{"Escrito por":"Nexo Informativo","Tiempo de lectura":"1 minuto"},"schema":{"@context":"https:\/\/schema.org","@graph":[{"@type":"Article","@id":"https:\/\/www.nexoinformativo.mx\/index.php\/2025\/03\/26\/queretaro-refuerza-seguridad-san-juan-del-rio-se-suma-a-operativos-de-puntos-de-control\/#article","isPartOf":{"@id":"https:\/\/www.nexoinformativo.mx\/index.php\/2025\/03\/26\/queretaro-refuerza-seguridad-san-juan-del-rio-se-suma-a-operativos-de-puntos-de-control\/"},"author":{"name":"Nexo Informativo","@id":"https:\/\/www.nexoinformativo.mx\/#\/schema\/person\/7749d380ba08c8ca00d7bc76fd907b7d"},"headline":"Quer\u00e9taro refuerza seguridad San Juan del R\u00edo se suma a operativos de puntos de control","datePublished":"2025-03-26T22:00:42+00:00","dateModified":"2025-03-26T23:29:29+00:00","mainEntityOfPage":{"@id":"https:\/\/www.nexoinformativo.mx\/index.php\/2025\/03\/26\/queretaro-refuerza-seguridad-san-juan-del-rio-se-suma-a-operativos-de-puntos-de-control\/"},"wordCount":217,"commentCount":0,"publisher":{"@id":"https:\/\/www.nexoinformativo.mx\/#organization"},"image":{"@id":"https:\/\/www.nexoinformativo.mx\/index.php\/2025\/03\/26\/queretaro-refuerza-seguridad-san-juan-del-rio-se-suma-a-operativos-de-puntos-de-control\/#primaryimage"},"thumbnailUrl":"https:\/\/www.nexoinformativo.mx\/wp-content\/uploads\/2025\/03\/997a3c09-f9a3-46de-9df9-125469a092ed-e1743031739774.jpg","keywords":["FelipeFernandoMac\u00edas","PuntosDeControl","SanJuanDelR\u00edo","SeguridadQueretaro"],"articleSection":["Municipios","\u00daltima Hora"],"inLanguage":"es","potentialAction":[{"@type":"CommentAction","name":"Comment","target":["https:\/\/www.nexoinformativo.mx\/index.php\/2025\/03\/26\/queretaro-refuerza-seguridad-san-juan-del-rio-se-suma-a-operativos-de-puntos-de-control\/#respond"]}]},{"@type":"WebPage","@id":"https:\/\/www.nexoinformativo.mx\/index.php\/2025\/03\/26\/queretaro-refuerza-seguridad-san-juan-del-rio-se-suma-a-operativos-de-puntos-de-control\/","url":"https:\/\/www.nexoinformativo.mx\/index.php\/2025\/03\/26\/queretaro-refuerza-seguridad-san-juan-del-rio-se-suma-a-operativos-de-puntos-de-control\/","name":"Quer\u00e9taro refuerza seguridad San Juan del R\u00edo se suma a operativos de puntos de control | Nexo Informativo Santiago de Quer\u00e9taro","isPartOf":{"@id":"https:\/\/www.nexoinformativo.mx\/#website"},"primaryImageOfPage":{"@id":"https:\/\/www.nexoinformativo.mx\/index.php\/2025\/03\/26\/queretaro-refuerza-seguridad-san-juan-del-rio-se-suma-a-operativos-de-puntos-de-control\/#primaryimage"},"image":{"@id":"https:\/\/www.nexoinformativo.mx\/index.php\/2025\/03\/26\/queretaro-refuerza-seguridad-san-juan-del-rio-se-suma-a-operativos-de-puntos-de-control\/#primaryimage"},"thumbnailUrl":"https:\/\/www.nexoinformativo.mx\/wp-content\/uploads\/2025\/03\/997a3c09-f9a3-46de-9df9-125469a092ed-e1743031739774.jpg","datePublished":"2025-03-26T22:00:42+00:00","dateModified":"2025-03-26T23:29:29+00:00","description":"Quer\u00e9taro refuerza seguridad San Juan del R\u00edo se suma a operativos de puntos de control","breadcrumb":{"@id":"https:\/\/www.nexoinformativo.mx\/index.php\/2025\/03\/26\/queretaro-refuerza-seguridad-san-juan-del-rio-se-suma-a-operativos-de-puntos-de-control\/#breadcrumb"},"inLanguage":"es","potentialAction":[{"@type":"ReadAction","target":["https:\/\/www.nexoinformativo.mx\/index.php\/2025\/03\/26\/queretaro-refuerza-seguridad-san-juan-del-rio-se-suma-a-operativos-de-puntos-de-control\/"]}]},{"@type":"ImageObject","inLanguage":"es","@id":"https:\/\/www.nexoinformativo.mx\/index.php\/2025\/03\/26\/queretaro-refuerza-seguridad-san-juan-del-rio-se-suma-a-operativos-de-puntos-de-control\/#primaryimage","url":"https:\/\/www.nexoinformativo.mx\/wp-content\/uploads\/2025\/03\/997a3c09-f9a3-46de-9df9-125469a092ed-e1743031739774.jpg","contentUrl":"https:\/\/www.nexoinformativo.mx\/wp-content\/uploads\/2025\/03\/997a3c09-f9a3-46de-9df9-125469a092ed-e1743031739774.jpg","width":800,"height":594},{"@type":"BreadcrumbList","@id":"https:\/\/www.nexoinformativo.mx\/index.php\/2025\/03\/26\/queretaro-refuerza-seguridad-san-juan-del-rio-se-suma-a-operativos-de-puntos-de-control\/#breadcrumb","itemListElement":[{"@type":"ListItem","position":1,"name":"Inicio","item":"https:\/\/www.nexoinformativo.mx\/"},{"@type":"ListItem","position":2,"name":"Quer\u00e9taro refuerza seguridad San Juan del R\u00edo se suma a operativos de puntos de control"}]},{"@type":"WebSite","@id":"https:\/\/www.nexoinformativo.mx\/#website","url":"https:\/\/www.nexoinformativo.mx\/","name":"Nexo Informativo Santiago de Quer\u00e9taro","description":"Explora NexoInformativo y convi\u00e9rtete en parte de una comunidad que valora el conocimiento y la verdad. Tu nexoinformativo es tu puente hacia una comprensi\u00f3n m\u00e1s profunda del mundo que te rodea.","publisher":{"@id":"https:\/\/www.nexoinformativo.mx\/#organization"},"potentialAction":[{"@type":"SearchAction","target":{"@type":"EntryPoint","urlTemplate":"https:\/\/www.nexoinformativo.mx\/?s={search_term_string}"},"query-input":{"@type":"PropertyValueSpecification","valueRequired":true,"valueName":"search_term_string"}}],"inLanguage":"es"},{"@type":"Organization","@id":"https:\/\/www.nexoinformativo.mx\/#organization","name":"Nexo Informativo Santiago de Quer\u00e9taro","url":"https:\/\/www.nexoinformativo.mx\/","logo":{"@type":"ImageObject","inLanguage":"es","@id":"https:\/\/www.nexoinformativo.mx\/#\/schema\/logo\/image\/","url":"https:\/\/www.nexoinformativo.mx\/wp-content\/uploads\/2024\/07\/nexoi-trasparente-2.png","contentUrl":"https:\/\/www.nexoinformativo.mx\/wp-content\/uploads\/2024\/07\/nexoi-trasparente-2.png","width":816,"height":339,"caption":"Nexo Informativo Santiago de Quer\u00e9taro"},"image":{"@id":"https:\/\/www.nexoinformativo.mx\/#\/schema\/logo\/image\/"},"sameAs":["https:\/\/www.facebook.com\/people\/Nexo-Informativo\/61564066885511\/"]},{"@type":"Person","@id":"https:\/\/www.nexoinformativo.mx\/#\/schema\/person\/7749d380ba08c8ca00d7bc76fd907b7d","name":"Nexo Informativo","image":{"@type":"ImageObject","inLanguage":"es","@id":"https:\/\/www.nexoinformativo.mx\/#\/schema\/person\/image\/","url":"https:\/\/secure.gravatar.com\/avatar\/dde2928154642a13d95f87ddf1ea9718fe2b46760a005c53e41ff5ad610704e6?s=96&d=mm&r=g","contentUrl":"https:\/\/secure.gravatar.com\/avatar\/dde2928154642a13d95f87ddf1ea9718fe2b46760a005c53e41ff5ad610704e6?s=96&d=mm&r=g","caption":"Nexo Informativo"},"url":"https:\/\/www.nexoinformativo.mx\/index.php\/author\/edicion\/"}]}},"_links":{"self":[{"href":"https:\/\/www.nexoinformativo.mx\/index.php\/wp-json\/wp\/v2\/posts\/13384","targetHints":{"allow":["GET"]}}],"collection":[{"href":"https:\/\/www.nexoinformativo.mx\/index.php\/wp-json\/wp\/v2\/posts"}],"about":[{"href":"https:\/\/www.nexoinformativo.mx\/index.php\/wp-json\/wp\/v2\/types\/post"}],"author":[{"embeddable":true,"href":"https:\/\/www.nexoinformativo.mx\/index.php\/wp-json\/wp\/v2\/users\/3"}],"replies":[{"embeddable":true,"href":"https:\/\/www.nexoinformativo.mx\/index.php\/wp-json\/wp\/v2\/comments?post=13384"}],"version-history":[{"count":3,"href":"https:\/\/www.nexoinformativo.mx\/index.php\/wp-json\/wp\/v2\/posts\/13384\/revisions"}],"predecessor-version":[{"id":13388,"href":"https:\/\/www.nexoinformativo.mx\/index.php\/wp-json\/wp\/v2\/posts\/13384\/revisions\/13388"}],"wp:featuredmedia":[{"embeddable":true,"href":"https:\/\/www.nexoinformativo.mx\/index.php\/wp-json\/wp\/v2\/media\/13386"}],"wp:attachment":[{"href":"https:\/\/www.nexoinformativo.mx\/index.php\/wp-json\/wp\/v2\/media?parent=13384"}],"wp:term":[{"taxonomy":"category","embeddable":true,"href":"https:\/\/www.nexoinformativo.mx\/index.php\/wp-json\/wp\/v2\/categories?post=13384"},{"taxonomy":"post_tag","embeddable":true,"href":"https:\/\/www.nexoinformativo.mx\/index.php\/wp-json\/wp\/v2\/tags?post=13384"}],"curies":[{"name":"wp","href":"https:\/\/api.w.org\/{rel}","templated":true}]}}