{"id":13389,"date":"2025-03-26T17:00:29","date_gmt":"2025-03-26T23:00:29","guid":{"rendered":"https:\/\/www.nexoinformativo.mx\/?p=13389"},"modified":"2025-03-26T17:39:06","modified_gmt":"2025-03-26T23:39:06","slug":"trump-impone-arancel-del-25-a-autos-importados-generando-impacto-en-la-industria-automotriz-y-el-consumidor-estadounidense","status":"publish","type":"post","link":"https:\/\/www.nexoinformativo.mx\/index.php\/2025\/03\/26\/trump-impone-arancel-del-25-a-autos-importados-generando-impacto-en-la-industria-automotriz-y-el-consumidor-estadounidense\/","title":{"rendered":"Trump impone arancel del 25% a autos importados generando impacto en la industria automotriz y el consumidor estadounidense"},"content":{"rendered":"<p style=\"text-align: justify;\" data-sourcepos=\"13:1-13:248\">Esta tarde el presidente Donald Trump anunci\u00f3 la implementaci\u00f3n de un arancel del 25% a las importaciones de autom\u00f3viles, una medida que intensifica la guerra comercial y busca impulsar la manufactura automotriz en Estados Unidos.<\/p>\n<p>&nbsp;<\/p>\n<p style=\"text-align: justify;\" data-sourcepos=\"15:1-15:281\">Trump justific\u00f3 la medida como una forma de &#8220;cobrar a los pa\u00edses por hacer negocios en nuestro pa\u00eds y llevarse nuestros empleos&#8221;, y la calific\u00f3 de &#8220;muy modesta&#8221;. Sin embargo, la reacci\u00f3n en los mercados fue negativa, con ca\u00eddas significativas en los principales \u00edndices burs\u00e1tiles.<\/p>\n<p>&nbsp;<\/p>\n<p style=\"text-align: justify;\" data-sourcepos=\"17:1-17:250\">La medida, que entrar\u00e1 en vigor el 2 de abril, afectar\u00e1 a las principales marcas automotrices de Jap\u00f3n, Alemania y Corea del Sur, as\u00ed como a las operaciones de fabricantes norteamericanos que dependen de cadenas de suministro integradas en la regi\u00f3n.<\/p>\n<p>&nbsp;<\/p>\n<p style=\"text-align: justify;\">Los analistas han calculado que los nuevos aranceles podr\u00edan aumentar los precios de los coches nuevos en miles de d\u00f3lares por veh\u00edculo.<\/p>\n<\/p>\n<p>&nbsp;<\/p>\n<p style=\"text-align: justify;\">Seg\u00fan un estudio reciente, los aranceles sobre Canad\u00e1, M\u00e9xico y China aumentar\u00edan el coste de producci\u00f3n de un crossover en unos $4.000 usd mientras que el de un veh\u00edculo el\u00e9ctrico fabricado en EE.UU. aumentar\u00eda en unos $12.000 usd.<\/p>\n<p>&nbsp;<\/p>\n<p style=\"text-align: justify;\" data-sourcepos=\"21:1-21:197\">Aunque Trump argumenta que los aranceles estimular\u00e1n el crecimiento del sector automotriz nacional, analistas se\u00f1alan que la producci\u00f3n nacional podr\u00eda tardar a\u00f1os en adaptarse a la nueva realidad.<\/p>\n<p>&nbsp;<\/p>\n<p style=\"text-align: center;\" data-sourcepos=\"21:1-21:197\"><em><strong>\u00a1Informaci\u00f3n que transforma!<\/strong><\/em><\/p>\n","protected":false},"excerpt":{"rendered":"<p>Esta tarde el presidente Donald Trump anunci\u00f3 la implementaci\u00f3n de un arancel del 25% a las importaciones de autom\u00f3viles, una medida que intensifica la guerra comercial y busca impulsar la manufactura automotriz en Estados Unidos.<\/p>\n","protected":false},"author":3,"featured_media":13390,"comment_status":"open","ping_status":"open","sticky":false,"template":"","format":"standard","meta":{"footnotes":""},"categories":[5,88,58],"tags":[2354,3912,3320,2517],"class_list":["post-13389","post","type-post","status-publish","format-standard","has-post-thumbnail","hentry","category-economia","category-nacional","category-ultima-hora","tag-arancelestrump","tag-economiaeeuu","tag-guerracomercial","tag-industriaautomotriz"],"yoast_head":"<!-- This site is optimized with the Yoast SEO plugin v25.0 - https:\/\/yoast.com\/wordpress\/plugins\/seo\/ -->\n<title>Trump impone arancel del 25% a autos importados generando impacto en la industria automotriz y el consumidor estadounidense | Nexo Informativo Santiago de Quer\u00e9taro<\/title>\n<meta name=\"description\" content=\"Trump impone arancel del 25% a autos importados generando impacto en la industria automotriz y el consumidor estadounidense\" \/>\n<meta name=\"robots\" content=\"index, follow, max-snippet:-1, max-image-preview:large, max-video-preview:-1\" \/>\n<link rel=\"canonical\" href=\"https:\/\/www.nexoinformativo.mx\/index.php\/2025\/03\/26\/trump-impone-arancel-del-25-a-autos-importados-generando-impacto-en-la-industria-automotriz-y-el-consumidor-estadounidense\/\" \/>\n<meta property=\"og:locale\" content=\"es_MX\" \/>\n<meta property=\"og:type\" content=\"article\" \/>\n<meta property=\"og:title\" content=\"Trump impone arancel del 25% a autos importados generando impacto en la industria automotriz y el consumidor estadounidense | Nexo Informativo Santiago de Quer\u00e9taro\" \/>\n<meta property=\"og:description\" content=\"Trump impone arancel del 25% a autos importados generando impacto en la industria automotriz y el consumidor estadounidense\" \/>\n<meta property=\"og:url\" content=\"https:\/\/www.nexoinformativo.mx\/index.php\/2025\/03\/26\/trump-impone-arancel-del-25-a-autos-importados-generando-impacto-en-la-industria-automotriz-y-el-consumidor-estadounidense\/\" \/>\n<meta property=\"og:site_name\" content=\"Nexo Informativo Santiago de Quer\u00e9taro\" \/>\n<meta property=\"article:publisher\" content=\"https:\/\/www.facebook.com\/people\/Nexo-Informativo\/61564066885511\/\" \/>\n<meta property=\"article:published_time\" content=\"2025-03-26T23:00:29+00:00\" \/>\n<meta property=\"article:modified_time\" content=\"2025-03-26T23:39:06+00:00\" \/>\n<meta property=\"og:image\" content=\"https:\/\/www.nexoinformativo.mx\/wp-content\/uploads\/2025\/03\/IMG_1960-e1743032281613.jpg\" \/>\n\t<meta property=\"og:image:width\" content=\"800\" \/>\n\t<meta property=\"og:image:height\" content=\"448\" \/>\n\t<meta property=\"og:image:type\" content=\"image\/jpeg\" \/>\n<meta name=\"author\" content=\"Nexo Informativo\" \/>\n<meta name=\"twitter:card\" content=\"summary_large_image\" \/>\n<meta name=\"twitter:label1\" content=\"Escrito por\" \/>\n\t<meta name=\"twitter:data1\" content=\"Nexo Informativo\" \/>\n\t<meta name=\"twitter:label2\" content=\"Tiempo de lectura\" \/>\n\t<meta name=\"twitter:data2\" content=\"2 minutos\" \/>\n<script type=\"application\/ld+json\" class=\"yoast-schema-graph\">{\"@context\":\"https:\/\/schema.org\",\"@graph\":[{\"@type\":\"Article\",\"@id\":\"https:\/\/www.nexoinformativo.mx\/index.php\/2025\/03\/26\/trump-impone-arancel-del-25-a-autos-importados-generando-impacto-en-la-industria-automotriz-y-el-consumidor-estadounidense\/#article\",\"isPartOf\":{\"@id\":\"https:\/\/www.nexoinformativo.mx\/index.php\/2025\/03\/26\/trump-impone-arancel-del-25-a-autos-importados-generando-impacto-en-la-industria-automotriz-y-el-consumidor-estadounidense\/\"},\"author\":{\"name\":\"Nexo Informativo\",\"@id\":\"https:\/\/www.nexoinformativo.mx\/#\/schema\/person\/7749d380ba08c8ca00d7bc76fd907b7d\"},\"headline\":\"Trump impone arancel del 25% a autos importados generando impacto en la industria automotriz y el consumidor estadounidense\",\"datePublished\":\"2025-03-26T23:00:29+00:00\",\"dateModified\":\"2025-03-26T23:39:06+00:00\",\"mainEntityOfPage\":{\"@id\":\"https:\/\/www.nexoinformativo.mx\/index.php\/2025\/03\/26\/trump-impone-arancel-del-25-a-autos-importados-generando-impacto-en-la-industria-automotriz-y-el-consumidor-estadounidense\/\"},\"wordCount\":257,\"commentCount\":0,\"publisher\":{\"@id\":\"https:\/\/www.nexoinformativo.mx\/#organization\"},\"image\":{\"@id\":\"https:\/\/www.nexoinformativo.mx\/index.php\/2025\/03\/26\/trump-impone-arancel-del-25-a-autos-importados-generando-impacto-en-la-industria-automotriz-y-el-consumidor-estadounidense\/#primaryimage\"},\"thumbnailUrl\":\"https:\/\/www.nexoinformativo.mx\/wp-content\/uploads\/2025\/03\/IMG_1960-e1743032281613.jpg\",\"keywords\":[\"ArancelesTrump\",\"Econom\u00edaEEUU\",\"GuerraComercial\",\"IndustriaAutomotriz\"],\"articleSection\":[\"Econom\u00eda\",\"Nacional\",\"\u00daltima Hora\"],\"inLanguage\":\"es\",\"potentialAction\":[{\"@type\":\"CommentAction\",\"name\":\"Comment\",\"target\":[\"https:\/\/www.nexoinformativo.mx\/index.php\/2025\/03\/26\/trump-impone-arancel-del-25-a-autos-importados-generando-impacto-en-la-industria-automotriz-y-el-consumidor-estadounidense\/#respond\"]}]},{\"@type\":\"WebPage\",\"@id\":\"https:\/\/www.nexoinformativo.mx\/index.php\/2025\/03\/26\/trump-impone-arancel-del-25-a-autos-importados-generando-impacto-en-la-industria-automotriz-y-el-consumidor-estadounidense\/\",\"url\":\"https:\/\/www.nexoinformativo.mx\/index.php\/2025\/03\/26\/trump-impone-arancel-del-25-a-autos-importados-generando-impacto-en-la-industria-automotriz-y-el-consumidor-estadounidense\/\",\"name\":\"Trump impone arancel del 25% a autos importados generando impacto en la industria automotriz y el consumidor estadounidense | Nexo Informativo Santiago de Quer\u00e9taro\",\"isPartOf\":{\"@id\":\"https:\/\/www.nexoinformativo.mx\/#website\"},\"primaryImageOfPage\":{\"@id\":\"https:\/\/www.nexoinformativo.mx\/index.php\/2025\/03\/26\/trump-impone-arancel-del-25-a-autos-importados-generando-impacto-en-la-industria-automotriz-y-el-consumidor-estadounidense\/#primaryimage\"},\"image\":{\"@id\":\"https:\/\/www.nexoinformativo.mx\/index.php\/2025\/03\/26\/trump-impone-arancel-del-25-a-autos-importados-generando-impacto-en-la-industria-automotriz-y-el-consumidor-estadounidense\/#primaryimage\"},\"thumbnailUrl\":\"https:\/\/www.nexoinformativo.mx\/wp-content\/uploads\/2025\/03\/IMG_1960-e1743032281613.jpg\",\"datePublished\":\"2025-03-26T23:00:29+00:00\",\"dateModified\":\"2025-03-26T23:39:06+00:00\",\"description\":\"Trump impone arancel del 25% a autos importados generando impacto en la industria automotriz y el consumidor estadounidense\",\"breadcrumb\":{\"@id\":\"https:\/\/www.nexoinformativo.mx\/index.php\/2025\/03\/26\/trump-impone-arancel-del-25-a-autos-importados-generando-impacto-en-la-industria-automotriz-y-el-consumidor-estadounidense\/#breadcrumb\"},\"inLanguage\":\"es\",\"potentialAction\":[{\"@type\":\"ReadAction\",\"target\":[\"https:\/\/www.nexoinformativo.mx\/index.php\/2025\/03\/26\/trump-impone-arancel-del-25-a-autos-importados-generando-impacto-en-la-industria-automotriz-y-el-consumidor-estadounidense\/\"]}]},{\"@type\":\"ImageObject\",\"inLanguage\":\"es\",\"@id\":\"https:\/\/www.nexoinformativo.mx\/index.php\/2025\/03\/26\/trump-impone-arancel-del-25-a-autos-importados-generando-impacto-en-la-industria-automotriz-y-el-consumidor-estadounidense\/#primaryimage\",\"url\":\"https:\/\/www.nexoinformativo.mx\/wp-content\/uploads\/2025\/03\/IMG_1960-e1743032281613.jpg\",\"contentUrl\":\"https:\/\/www.nexoinformativo.mx\/wp-content\/uploads\/2025\/03\/IMG_1960-e1743032281613.jpg\",\"width\":800,\"height\":448,\"caption\":\"Screenshot\"},{\"@type\":\"BreadcrumbList\",\"@id\":\"https:\/\/www.nexoinformativo.mx\/index.php\/2025\/03\/26\/trump-impone-arancel-del-25-a-autos-importados-generando-impacto-en-la-industria-automotriz-y-el-consumidor-estadounidense\/#breadcrumb\",\"itemListElement\":[{\"@type\":\"ListItem\",\"position\":1,\"name\":\"Inicio\",\"item\":\"https:\/\/www.nexoinformativo.mx\/\"},{\"@type\":\"ListItem\",\"position\":2,\"name\":\"Trump impone arancel del 25% a autos importados generando impacto en la industria automotriz y el consumidor estadounidense\"}]},{\"@type\":\"WebSite\",\"@id\":\"https:\/\/www.nexoinformativo.mx\/#website\",\"url\":\"https:\/\/www.nexoinformativo.mx\/\",\"name\":\"Nexo Informativo Santiago de Quer\u00e9taro\",\"description\":\"Explora NexoInformativo y convi\u00e9rtete en parte de una comunidad que valora el conocimiento y la verdad. Tu nexoinformativo es tu puente hacia una comprensi\u00f3n m\u00e1s profunda del mundo que te rodea.\",\"publisher\":{\"@id\":\"https:\/\/www.nexoinformativo.mx\/#organization\"},\"potentialAction\":[{\"@type\":\"SearchAction\",\"target\":{\"@type\":\"EntryPoint\",\"urlTemplate\":\"https:\/\/www.nexoinformativo.mx\/?s={search_term_string}\"},\"query-input\":{\"@type\":\"PropertyValueSpecification\",\"valueRequired\":true,\"valueName\":\"search_term_string\"}}],\"inLanguage\":\"es\"},{\"@type\":\"Organization\",\"@id\":\"https:\/\/www.nexoinformativo.mx\/#organization\",\"name\":\"Nexo Informativo Santiago de Quer\u00e9taro\",\"url\":\"https:\/\/www.nexoinformativo.mx\/\",\"logo\":{\"@type\":\"ImageObject\",\"inLanguage\":\"es\",\"@id\":\"https:\/\/www.nexoinformativo.mx\/#\/schema\/logo\/image\/\",\"url\":\"https:\/\/www.nexoinformativo.mx\/wp-content\/uploads\/2024\/07\/nexoi-trasparente-2.png\",\"contentUrl\":\"https:\/\/www.nexoinformativo.mx\/wp-content\/uploads\/2024\/07\/nexoi-trasparente-2.png\",\"width\":816,\"height\":339,\"caption\":\"Nexo Informativo Santiago de Quer\u00e9taro\"},\"image\":{\"@id\":\"https:\/\/www.nexoinformativo.mx\/#\/schema\/logo\/image\/\"},\"sameAs\":[\"https:\/\/www.facebook.com\/people\/Nexo-Informativo\/61564066885511\/\"]},{\"@type\":\"Person\",\"@id\":\"https:\/\/www.nexoinformativo.mx\/#\/schema\/person\/7749d380ba08c8ca00d7bc76fd907b7d\",\"name\":\"Nexo Informativo\",\"image\":{\"@type\":\"ImageObject\",\"inLanguage\":\"es\",\"@id\":\"https:\/\/www.nexoinformativo.mx\/#\/schema\/person\/image\/\",\"url\":\"https:\/\/secure.gravatar.com\/avatar\/dde2928154642a13d95f87ddf1ea9718fe2b46760a005c53e41ff5ad610704e6?s=96&d=mm&r=g\",\"contentUrl\":\"https:\/\/secure.gravatar.com\/avatar\/dde2928154642a13d95f87ddf1ea9718fe2b46760a005c53e41ff5ad610704e6?s=96&d=mm&r=g\",\"caption\":\"Nexo Informativo\"},\"url\":\"https:\/\/www.nexoinformativo.mx\/index.php\/author\/edicion\/\"}]}<\/script>\n<!-- \/ Yoast SEO plugin. -->","yoast_head_json":{"title":"Trump impone arancel del 25% a autos importados generando impacto en la industria automotriz y el consumidor estadounidense | Nexo Informativo Santiago de Quer\u00e9taro","description":"Trump impone arancel del 25% a autos importados generando impacto en la industria automotriz y el consumidor estadounidense","robots":{"index":"index","follow":"follow","max-snippet":"max-snippet:-1","max-image-preview":"max-image-preview:large","max-video-preview":"max-video-preview:-1"},"canonical":"https:\/\/www.nexoinformativo.mx\/index.php\/2025\/03\/26\/trump-impone-arancel-del-25-a-autos-importados-generando-impacto-en-la-industria-automotriz-y-el-consumidor-estadounidense\/","og_locale":"es_MX","og_type":"article","og_title":"Trump impone arancel del 25% a autos importados generando impacto en la industria automotriz y el consumidor estadounidense | Nexo Informativo Santiago de Quer\u00e9taro","og_description":"Trump impone arancel del 25% a autos importados generando impacto en la industria automotriz y el consumidor estadounidense","og_url":"https:\/\/www.nexoinformativo.mx\/index.php\/2025\/03\/26\/trump-impone-arancel-del-25-a-autos-importados-generando-impacto-en-la-industria-automotriz-y-el-consumidor-estadounidense\/","og_site_name":"Nexo Informativo Santiago de Quer\u00e9taro","article_publisher":"https:\/\/www.facebook.com\/people\/Nexo-Informativo\/61564066885511\/","article_published_time":"2025-03-26T23:00:29+00:00","article_modified_time":"2025-03-26T23:39:06+00:00","og_image":[{"width":800,"height":448,"url":"https:\/\/www.nexoinformativo.mx\/wp-content\/uploads\/2025\/03\/IMG_1960-e1743032281613.jpg","type":"image\/jpeg"}],"author":"Nexo Informativo","twitter_card":"summary_large_image","twitter_misc":{"Escrito por":"Nexo Informativo","Tiempo de lectura":"2 minutos"},"schema":{"@context":"https:\/\/schema.org","@graph":[{"@type":"Article","@id":"https:\/\/www.nexoinformativo.mx\/index.php\/2025\/03\/26\/trump-impone-arancel-del-25-a-autos-importados-generando-impacto-en-la-industria-automotriz-y-el-consumidor-estadounidense\/#article","isPartOf":{"@id":"https:\/\/www.nexoinformativo.mx\/index.php\/2025\/03\/26\/trump-impone-arancel-del-25-a-autos-importados-generando-impacto-en-la-industria-automotriz-y-el-consumidor-estadounidense\/"},"author":{"name":"Nexo Informativo","@id":"https:\/\/www.nexoinformativo.mx\/#\/schema\/person\/7749d380ba08c8ca00d7bc76fd907b7d"},"headline":"Trump impone arancel del 25% a autos importados generando impacto en la industria automotriz y el consumidor estadounidense","datePublished":"2025-03-26T23:00:29+00:00","dateModified":"2025-03-26T23:39:06+00:00","mainEntityOfPage":{"@id":"https:\/\/www.nexoinformativo.mx\/index.php\/2025\/03\/26\/trump-impone-arancel-del-25-a-autos-importados-generando-impacto-en-la-industria-automotriz-y-el-consumidor-estadounidense\/"},"wordCount":257,"commentCount":0,"publisher":{"@id":"https:\/\/www.nexoinformativo.mx\/#organization"},"image":{"@id":"https:\/\/www.nexoinformativo.mx\/index.php\/2025\/03\/26\/trump-impone-arancel-del-25-a-autos-importados-generando-impacto-en-la-industria-automotriz-y-el-consumidor-estadounidense\/#primaryimage"},"thumbnailUrl":"https:\/\/www.nexoinformativo.mx\/wp-content\/uploads\/2025\/03\/IMG_1960-e1743032281613.jpg","keywords":["ArancelesTrump","Econom\u00edaEEUU","GuerraComercial","IndustriaAutomotriz"],"articleSection":["Econom\u00eda","Nacional","\u00daltima Hora"],"inLanguage":"es","potentialAction":[{"@type":"CommentAction","name":"Comment","target":["https:\/\/www.nexoinformativo.mx\/index.php\/2025\/03\/26\/trump-impone-arancel-del-25-a-autos-importados-generando-impacto-en-la-industria-automotriz-y-el-consumidor-estadounidense\/#respond"]}]},{"@type":"WebPage","@id":"https:\/\/www.nexoinformativo.mx\/index.php\/2025\/03\/26\/trump-impone-arancel-del-25-a-autos-importados-generando-impacto-en-la-industria-automotriz-y-el-consumidor-estadounidense\/","url":"https:\/\/www.nexoinformativo.mx\/index.php\/2025\/03\/26\/trump-impone-arancel-del-25-a-autos-importados-generando-impacto-en-la-industria-automotriz-y-el-consumidor-estadounidense\/","name":"Trump impone arancel del 25% a autos importados generando impacto en la industria automotriz y el consumidor estadounidense | Nexo Informativo Santiago de Quer\u00e9taro","isPartOf":{"@id":"https:\/\/www.nexoinformativo.mx\/#website"},"primaryImageOfPage":{"@id":"https:\/\/www.nexoinformativo.mx\/index.php\/2025\/03\/26\/trump-impone-arancel-del-25-a-autos-importados-generando-impacto-en-la-industria-automotriz-y-el-consumidor-estadounidense\/#primaryimage"},"image":{"@id":"https:\/\/www.nexoinformativo.mx\/index.php\/2025\/03\/26\/trump-impone-arancel-del-25-a-autos-importados-generando-impacto-en-la-industria-automotriz-y-el-consumidor-estadounidense\/#primaryimage"},"thumbnailUrl":"https:\/\/www.nexoinformativo.mx\/wp-content\/uploads\/2025\/03\/IMG_1960-e1743032281613.jpg","datePublished":"2025-03-26T23:00:29+00:00","dateModified":"2025-03-26T23:39:06+00:00","description":"Trump impone arancel del 25% a autos importados generando impacto en la industria automotriz y el consumidor estadounidense","breadcrumb":{"@id":"https:\/\/www.nexoinformativo.mx\/index.php\/2025\/03\/26\/trump-impone-arancel-del-25-a-autos-importados-generando-impacto-en-la-industria-automotriz-y-el-consumidor-estadounidense\/#breadcrumb"},"inLanguage":"es","potentialAction":[{"@type":"ReadAction","target":["https:\/\/www.nexoinformativo.mx\/index.php\/2025\/03\/26\/trump-impone-arancel-del-25-a-autos-importados-generando-impacto-en-la-industria-automotriz-y-el-consumidor-estadounidense\/"]}]},{"@type":"ImageObject","inLanguage":"es","@id":"https:\/\/www.nexoinformativo.mx\/index.php\/2025\/03\/26\/trump-impone-arancel-del-25-a-autos-importados-generando-impacto-en-la-industria-automotriz-y-el-consumidor-estadounidense\/#primaryimage","url":"https:\/\/www.nexoinformativo.mx\/wp-content\/uploads\/2025\/03\/IMG_1960-e1743032281613.jpg","contentUrl":"https:\/\/www.nexoinformativo.mx\/wp-content\/uploads\/2025\/03\/IMG_1960-e1743032281613.jpg","width":800,"height":448,"caption":"Screenshot"},{"@type":"BreadcrumbList","@id":"https:\/\/www.nexoinformativo.mx\/index.php\/2025\/03\/26\/trump-impone-arancel-del-25-a-autos-importados-generando-impacto-en-la-industria-automotriz-y-el-consumidor-estadounidense\/#breadcrumb","itemListElement":[{"@type":"ListItem","position":1,"name":"Inicio","item":"https:\/\/www.nexoinformativo.mx\/"},{"@type":"ListItem","position":2,"name":"Trump impone arancel del 25% a autos importados generando impacto en la industria automotriz y el consumidor estadounidense"}]},{"@type":"WebSite","@id":"https:\/\/www.nexoinformativo.mx\/#website","url":"https:\/\/www.nexoinformativo.mx\/","name":"Nexo Informativo Santiago de Quer\u00e9taro","description":"Explora NexoInformativo y convi\u00e9rtete en parte de una comunidad que valora el conocimiento y la verdad. Tu nexoinformativo es tu puente hacia una comprensi\u00f3n m\u00e1s profunda del mundo que te rodea.","publisher":{"@id":"https:\/\/www.nexoinformativo.mx\/#organization"},"potentialAction":[{"@type":"SearchAction","target":{"@type":"EntryPoint","urlTemplate":"https:\/\/www.nexoinformativo.mx\/?s={search_term_string}"},"query-input":{"@type":"PropertyValueSpecification","valueRequired":true,"valueName":"search_term_string"}}],"inLanguage":"es"},{"@type":"Organization","@id":"https:\/\/www.nexoinformativo.mx\/#organization","name":"Nexo Informativo Santiago de Quer\u00e9taro","url":"https:\/\/www.nexoinformativo.mx\/","logo":{"@type":"ImageObject","inLanguage":"es","@id":"https:\/\/www.nexoinformativo.mx\/#\/schema\/logo\/image\/","url":"https:\/\/www.nexoinformativo.mx\/wp-content\/uploads\/2024\/07\/nexoi-trasparente-2.png","contentUrl":"https:\/\/www.nexoinformativo.mx\/wp-content\/uploads\/2024\/07\/nexoi-trasparente-2.png","width":816,"height":339,"caption":"Nexo Informativo Santiago de Quer\u00e9taro"},"image":{"@id":"https:\/\/www.nexoinformativo.mx\/#\/schema\/logo\/image\/"},"sameAs":["https:\/\/www.facebook.com\/people\/Nexo-Informativo\/61564066885511\/"]},{"@type":"Person","@id":"https:\/\/www.nexoinformativo.mx\/#\/schema\/person\/7749d380ba08c8ca00d7bc76fd907b7d","name":"Nexo Informativo","image":{"@type":"ImageObject","inLanguage":"es","@id":"https:\/\/www.nexoinformativo.mx\/#\/schema\/person\/image\/","url":"https:\/\/secure.gravatar.com\/avatar\/dde2928154642a13d95f87ddf1ea9718fe2b46760a005c53e41ff5ad610704e6?s=96&d=mm&r=g","contentUrl":"https:\/\/secure.gravatar.com\/avatar\/dde2928154642a13d95f87ddf1ea9718fe2b46760a005c53e41ff5ad610704e6?s=96&d=mm&r=g","caption":"Nexo Informativo"},"url":"https:\/\/www.nexoinformativo.mx\/index.php\/author\/edicion\/"}]}},"_links":{"self":[{"href":"https:\/\/www.nexoinformativo.mx\/index.php\/wp-json\/wp\/v2\/posts\/13389","targetHints":{"allow":["GET"]}}],"collection":[{"href":"https:\/\/www.nexoinformativo.mx\/index.php\/wp-json\/wp\/v2\/posts"}],"about":[{"href":"https:\/\/www.nexoinformativo.mx\/index.php\/wp-json\/wp\/v2\/types\/post"}],"author":[{"embeddable":true,"href":"https:\/\/www.nexoinformativo.mx\/index.php\/wp-json\/wp\/v2\/users\/3"}],"replies":[{"embeddable":true,"href":"https:\/\/www.nexoinformativo.mx\/index.php\/wp-json\/wp\/v2\/comments?post=13389"}],"version-history":[{"count":4,"href":"https:\/\/www.nexoinformativo.mx\/index.php\/wp-json\/wp\/v2\/posts\/13389\/revisions"}],"predecessor-version":[{"id":13393,"href":"https:\/\/www.nexoinformativo.mx\/index.php\/wp-json\/wp\/v2\/posts\/13389\/revisions\/13393"}],"wp:featuredmedia":[{"embeddable":true,"href":"https:\/\/www.nexoinformativo.mx\/index.php\/wp-json\/wp\/v2\/media\/13390"}],"wp:attachment":[{"href":"https:\/\/www.nexoinformativo.mx\/index.php\/wp-json\/wp\/v2\/media?parent=13389"}],"wp:term":[{"taxonomy":"category","embeddable":true,"href":"https:\/\/www.nexoinformativo.mx\/index.php\/wp-json\/wp\/v2\/categories?post=13389"},{"taxonomy":"post_tag","embeddable":true,"href":"https:\/\/www.nexoinformativo.mx\/index.php\/wp-json\/wp\/v2\/tags?post=13389"}],"curies":[{"name":"wp","href":"https:\/\/api.w.org\/{rel}","templated":true}]}}