{"id":1340,"date":"2024-08-30T17:00:14","date_gmt":"2024-08-30T23:00:14","guid":{"rendered":"https:\/\/www.nexoinformativo.mx\/?p=1340"},"modified":"2024-08-31T14:19:35","modified_gmt":"2024-08-31T20:19:35","slug":"gobernador-de-queretaro-presenta-proyectos-de-movilidad-al-proximo-secretario-de-infraestructura-federal","status":"publish","type":"post","link":"https:\/\/www.nexoinformativo.mx\/index.php\/2024\/08\/30\/gobernador-de-queretaro-presenta-proyectos-de-movilidad-al-proximo-secretario-de-infraestructura-federal\/","title":{"rendered":"Gobernador de Quer\u00e9taro presenta proyectos de movilidad al pr\u00f3ximo Secretario de Infraestructura federal"},"content":{"rendered":"<p style=\"text-align: justify;\">El gobernador de Quer\u00e9taro, Mauricio Kuri Gonz\u00e1lez, sostuvo una reuni\u00f3n con Jes\u00fas Antonio Esteva Medina, pr\u00f3ximo titular de la Secretar\u00eda de Infraestructura, Comunicaciones y Transportes de M\u00e9xico (SICT), para dialogar sobre los proyectos que el estado planea implementar con el objetivo de mejorar la movilidad y la calidad de vida de los habitantes de Quer\u00e9taro.<\/p>\n<p>&nbsp;<\/p>\n<p style=\"text-align: justify;\">Durante el encuentro, el mandatario estatal present\u00f3 una serie de obras y acciones que forman parte de su plan de gobierno, las cuales ya hab\u00eda expuesto anteriormente a la presidenta electa, Claudia Sheinbaum. Kuri Gonz\u00e1lez destac\u00f3 que estas propuestas buscan fortalecer la infraestructura vial y de transporte en el estado, promoviendo un desarrollo urbano ordenado y eficiente.<\/p>\n<p>&nbsp;<\/p>\n<p style=\"text-align: justify;\">El gobernador reafirm\u00f3 su compromiso de trabajar de la mano con la pr\u00f3xima administraci\u00f3n federal para asegurar que tanto Quer\u00e9taro como M\u00e9xico contin\u00faen creciendo en t\u00e9rminos de infraestructura y calidad de vida. &#8220;Estamos dispuestos a sumar esfuerzos y colaborar de manera coordinada para que a Quer\u00e9taro y a todo el pa\u00eds les vaya bien&#8221;, expres\u00f3 Kuri Gonz\u00e1lez.<\/p>\n<p>&nbsp;<\/p>\n<p style=\"text-align: justify;\">Se espera que los proyectos presentados puedan alinearse con los planes del nuevo gobierno federal y se traduzcan en mejoras concretas para la entidad en materia de infraestructura y movilidad.<\/p>\n","protected":false},"excerpt":{"rendered":"<p>El gobernador de Quer\u00e9taro, Mauricio Kuri Gonz\u00e1lez, sostuvo una reuni\u00f3n con Jes\u00fas Antonio Esteva Medina, pr\u00f3ximo titular de la Secretar\u00eda de Infraestructura, Comunicaciones y Transportes de M\u00e9xico (SICT), para dialogar sobre los proyectos que el estado planea implementar con el objetivo de mejorar la movilidad y la calidad de vida de los habitantes de Quer\u00e9taro. [&hellip;]<\/p>\n","protected":false},"author":3,"featured_media":1341,"comment_status":"open","ping_status":"open","sticky":false,"template":"","format":"standard","meta":{"footnotes":""},"categories":[42],"tags":[381,174,380,379],"class_list":["post-1340","post","type-post","status-publish","format-standard","has-post-thumbnail","hentry","category-estado","tag-colaboracionfederal","tag-gobiernoenaccion","tag-infraestructuraqueretaro","tag-queretaroavanza-movilidadsustentable"],"yoast_head":"<!-- This site is optimized with the Yoast SEO plugin v25.0 - https:\/\/yoast.com\/wordpress\/plugins\/seo\/ -->\n<title>Gobernador de Quer\u00e9taro presenta proyectos de movilidad al pr\u00f3ximo Secretario de Infraestructura federal | Nexo Informativo Santiago de Quer\u00e9taro<\/title>\n<meta name=\"robots\" content=\"index, follow, max-snippet:-1, max-image-preview:large, max-video-preview:-1\" \/>\n<link rel=\"canonical\" href=\"https:\/\/www.nexoinformativo.mx\/index.php\/2024\/08\/30\/gobernador-de-queretaro-presenta-proyectos-de-movilidad-al-proximo-secretario-de-infraestructura-federal\/\" \/>\n<meta property=\"og:locale\" content=\"es_MX\" \/>\n<meta property=\"og:type\" content=\"article\" \/>\n<meta property=\"og:title\" content=\"Gobernador de Quer\u00e9taro presenta proyectos de movilidad al pr\u00f3ximo Secretario de Infraestructura federal | Nexo Informativo Santiago de Quer\u00e9taro\" \/>\n<meta property=\"og:description\" content=\"El gobernador de Quer\u00e9taro, Mauricio Kuri Gonz\u00e1lez, sostuvo una reuni\u00f3n con Jes\u00fas Antonio Esteva Medina, pr\u00f3ximo titular de la Secretar\u00eda de Infraestructura, Comunicaciones y Transportes de M\u00e9xico (SICT), para dialogar sobre los proyectos que el estado planea implementar con el objetivo de mejorar la movilidad y la calidad de vida de los habitantes de Quer\u00e9taro. [&hellip;]\" \/>\n<meta property=\"og:url\" content=\"https:\/\/www.nexoinformativo.mx\/index.php\/2024\/08\/30\/gobernador-de-queretaro-presenta-proyectos-de-movilidad-al-proximo-secretario-de-infraestructura-federal\/\" \/>\n<meta property=\"og:site_name\" content=\"Nexo Informativo Santiago de Quer\u00e9taro\" \/>\n<meta property=\"article:publisher\" content=\"https:\/\/www.facebook.com\/people\/Nexo-Informativo\/61564066885511\/\" \/>\n<meta property=\"article:published_time\" content=\"2024-08-30T23:00:14+00:00\" \/>\n<meta property=\"article:modified_time\" content=\"2024-08-31T20:19:35+00:00\" \/>\n<meta property=\"og:image\" content=\"https:\/\/www.nexoinformativo.mx\/wp-content\/uploads\/2024\/08\/PHOTO-2024-08-31-08-57-27-e1725135500926.jpg\" \/>\n\t<meta property=\"og:image:width\" content=\"800\" \/>\n\t<meta property=\"og:image:height\" content=\"600\" \/>\n\t<meta property=\"og:image:type\" content=\"image\/jpeg\" \/>\n<meta name=\"author\" content=\"Nexo Informativo\" \/>\n<meta name=\"twitter:card\" content=\"summary_large_image\" \/>\n<meta name=\"twitter:label1\" content=\"Escrito por\" \/>\n\t<meta name=\"twitter:data1\" content=\"Nexo Informativo\" \/>\n\t<meta name=\"twitter:label2\" content=\"Tiempo de lectura\" \/>\n\t<meta name=\"twitter:data2\" content=\"2 minutos\" \/>\n<script type=\"application\/ld+json\" class=\"yoast-schema-graph\">{\"@context\":\"https:\/\/schema.org\",\"@graph\":[{\"@type\":\"Article\",\"@id\":\"https:\/\/www.nexoinformativo.mx\/index.php\/2024\/08\/30\/gobernador-de-queretaro-presenta-proyectos-de-movilidad-al-proximo-secretario-de-infraestructura-federal\/#article\",\"isPartOf\":{\"@id\":\"https:\/\/www.nexoinformativo.mx\/index.php\/2024\/08\/30\/gobernador-de-queretaro-presenta-proyectos-de-movilidad-al-proximo-secretario-de-infraestructura-federal\/\"},\"author\":{\"name\":\"Nexo Informativo\",\"@id\":\"https:\/\/www.nexoinformativo.mx\/#\/schema\/person\/7749d380ba08c8ca00d7bc76fd907b7d\"},\"headline\":\"Gobernador de Quer\u00e9taro presenta proyectos de movilidad al pr\u00f3ximo Secretario de Infraestructura federal\",\"datePublished\":\"2024-08-30T23:00:14+00:00\",\"dateModified\":\"2024-08-31T20:19:35+00:00\",\"mainEntityOfPage\":{\"@id\":\"https:\/\/www.nexoinformativo.mx\/index.php\/2024\/08\/30\/gobernador-de-queretaro-presenta-proyectos-de-movilidad-al-proximo-secretario-de-infraestructura-federal\/\"},\"wordCount\":236,\"commentCount\":0,\"publisher\":{\"@id\":\"https:\/\/www.nexoinformativo.mx\/#organization\"},\"image\":{\"@id\":\"https:\/\/www.nexoinformativo.mx\/index.php\/2024\/08\/30\/gobernador-de-queretaro-presenta-proyectos-de-movilidad-al-proximo-secretario-de-infraestructura-federal\/#primaryimage\"},\"thumbnailUrl\":\"https:\/\/www.nexoinformativo.mx\/wp-content\/uploads\/2024\/08\/PHOTO-2024-08-31-08-57-27-e1725135500926.jpg\",\"keywords\":[\"Colaboraci\u00f3nFederal\",\"GobiernoEnAccion\",\"InfraestructuraQuer\u00e9taro\",\"Quer\u00e9taroAvanza MovilidadSustentable\"],\"articleSection\":[\"Estado\"],\"inLanguage\":\"es\",\"potentialAction\":[{\"@type\":\"CommentAction\",\"name\":\"Comment\",\"target\":[\"https:\/\/www.nexoinformativo.mx\/index.php\/2024\/08\/30\/gobernador-de-queretaro-presenta-proyectos-de-movilidad-al-proximo-secretario-de-infraestructura-federal\/#respond\"]}]},{\"@type\":\"WebPage\",\"@id\":\"https:\/\/www.nexoinformativo.mx\/index.php\/2024\/08\/30\/gobernador-de-queretaro-presenta-proyectos-de-movilidad-al-proximo-secretario-de-infraestructura-federal\/\",\"url\":\"https:\/\/www.nexoinformativo.mx\/index.php\/2024\/08\/30\/gobernador-de-queretaro-presenta-proyectos-de-movilidad-al-proximo-secretario-de-infraestructura-federal\/\",\"name\":\"Gobernador de Quer\u00e9taro presenta proyectos de movilidad al pr\u00f3ximo Secretario de Infraestructura federal | Nexo Informativo Santiago de Quer\u00e9taro\",\"isPartOf\":{\"@id\":\"https:\/\/www.nexoinformativo.mx\/#website\"},\"primaryImageOfPage\":{\"@id\":\"https:\/\/www.nexoinformativo.mx\/index.php\/2024\/08\/30\/gobernador-de-queretaro-presenta-proyectos-de-movilidad-al-proximo-secretario-de-infraestructura-federal\/#primaryimage\"},\"image\":{\"@id\":\"https:\/\/www.nexoinformativo.mx\/index.php\/2024\/08\/30\/gobernador-de-queretaro-presenta-proyectos-de-movilidad-al-proximo-secretario-de-infraestructura-federal\/#primaryimage\"},\"thumbnailUrl\":\"https:\/\/www.nexoinformativo.mx\/wp-content\/uploads\/2024\/08\/PHOTO-2024-08-31-08-57-27-e1725135500926.jpg\",\"datePublished\":\"2024-08-30T23:00:14+00:00\",\"dateModified\":\"2024-08-31T20:19:35+00:00\",\"breadcrumb\":{\"@id\":\"https:\/\/www.nexoinformativo.mx\/index.php\/2024\/08\/30\/gobernador-de-queretaro-presenta-proyectos-de-movilidad-al-proximo-secretario-de-infraestructura-federal\/#breadcrumb\"},\"inLanguage\":\"es\",\"potentialAction\":[{\"@type\":\"ReadAction\",\"target\":[\"https:\/\/www.nexoinformativo.mx\/index.php\/2024\/08\/30\/gobernador-de-queretaro-presenta-proyectos-de-movilidad-al-proximo-secretario-de-infraestructura-federal\/\"]}]},{\"@type\":\"ImageObject\",\"inLanguage\":\"es\",\"@id\":\"https:\/\/www.nexoinformativo.mx\/index.php\/2024\/08\/30\/gobernador-de-queretaro-presenta-proyectos-de-movilidad-al-proximo-secretario-de-infraestructura-federal\/#primaryimage\",\"url\":\"https:\/\/www.nexoinformativo.mx\/wp-content\/uploads\/2024\/08\/PHOTO-2024-08-31-08-57-27-e1725135500926.jpg\",\"contentUrl\":\"https:\/\/www.nexoinformativo.mx\/wp-content\/uploads\/2024\/08\/PHOTO-2024-08-31-08-57-27-e1725135500926.jpg\",\"width\":800,\"height\":600},{\"@type\":\"BreadcrumbList\",\"@id\":\"https:\/\/www.nexoinformativo.mx\/index.php\/2024\/08\/30\/gobernador-de-queretaro-presenta-proyectos-de-movilidad-al-proximo-secretario-de-infraestructura-federal\/#breadcrumb\",\"itemListElement\":[{\"@type\":\"ListItem\",\"position\":1,\"name\":\"Inicio\",\"item\":\"https:\/\/www.nexoinformativo.mx\/\"},{\"@type\":\"ListItem\",\"position\":2,\"name\":\"Gobernador de Quer\u00e9taro presenta proyectos de movilidad al pr\u00f3ximo Secretario de Infraestructura federal\"}]},{\"@type\":\"WebSite\",\"@id\":\"https:\/\/www.nexoinformativo.mx\/#website\",\"url\":\"https:\/\/www.nexoinformativo.mx\/\",\"name\":\"Nexo Informativo Santiago de Quer\u00e9taro\",\"description\":\"Explora NexoInformativo y convi\u00e9rtete en parte de una comunidad que valora el conocimiento y la verdad. Tu nexoinformativo es tu puente hacia una comprensi\u00f3n m\u00e1s profunda del mundo que te rodea.\",\"publisher\":{\"@id\":\"https:\/\/www.nexoinformativo.mx\/#organization\"},\"potentialAction\":[{\"@type\":\"SearchAction\",\"target\":{\"@type\":\"EntryPoint\",\"urlTemplate\":\"https:\/\/www.nexoinformativo.mx\/?s={search_term_string}\"},\"query-input\":{\"@type\":\"PropertyValueSpecification\",\"valueRequired\":true,\"valueName\":\"search_term_string\"}}],\"inLanguage\":\"es\"},{\"@type\":\"Organization\",\"@id\":\"https:\/\/www.nexoinformativo.mx\/#organization\",\"name\":\"Nexo Informativo Santiago de Quer\u00e9taro\",\"url\":\"https:\/\/www.nexoinformativo.mx\/\",\"logo\":{\"@type\":\"ImageObject\",\"inLanguage\":\"es\",\"@id\":\"https:\/\/www.nexoinformativo.mx\/#\/schema\/logo\/image\/\",\"url\":\"https:\/\/www.nexoinformativo.mx\/wp-content\/uploads\/2024\/07\/nexoi-trasparente-2.png\",\"contentUrl\":\"https:\/\/www.nexoinformativo.mx\/wp-content\/uploads\/2024\/07\/nexoi-trasparente-2.png\",\"width\":816,\"height\":339,\"caption\":\"Nexo Informativo Santiago de Quer\u00e9taro\"},\"image\":{\"@id\":\"https:\/\/www.nexoinformativo.mx\/#\/schema\/logo\/image\/\"},\"sameAs\":[\"https:\/\/www.facebook.com\/people\/Nexo-Informativo\/61564066885511\/\"]},{\"@type\":\"Person\",\"@id\":\"https:\/\/www.nexoinformativo.mx\/#\/schema\/person\/7749d380ba08c8ca00d7bc76fd907b7d\",\"name\":\"Nexo Informativo\",\"image\":{\"@type\":\"ImageObject\",\"inLanguage\":\"es\",\"@id\":\"https:\/\/www.nexoinformativo.mx\/#\/schema\/person\/image\/\",\"url\":\"https:\/\/secure.gravatar.com\/avatar\/dde2928154642a13d95f87ddf1ea9718fe2b46760a005c53e41ff5ad610704e6?s=96&d=mm&r=g\",\"contentUrl\":\"https:\/\/secure.gravatar.com\/avatar\/dde2928154642a13d95f87ddf1ea9718fe2b46760a005c53e41ff5ad610704e6?s=96&d=mm&r=g\",\"caption\":\"Nexo Informativo\"},\"url\":\"https:\/\/www.nexoinformativo.mx\/index.php\/author\/edicion\/\"}]}<\/script>\n<!-- \/ Yoast SEO plugin. -->","yoast_head_json":{"title":"Gobernador de Quer\u00e9taro presenta proyectos de movilidad al pr\u00f3ximo Secretario de Infraestructura federal | Nexo Informativo Santiago de Quer\u00e9taro","robots":{"index":"index","follow":"follow","max-snippet":"max-snippet:-1","max-image-preview":"max-image-preview:large","max-video-preview":"max-video-preview:-1"},"canonical":"https:\/\/www.nexoinformativo.mx\/index.php\/2024\/08\/30\/gobernador-de-queretaro-presenta-proyectos-de-movilidad-al-proximo-secretario-de-infraestructura-federal\/","og_locale":"es_MX","og_type":"article","og_title":"Gobernador de Quer\u00e9taro presenta proyectos de movilidad al pr\u00f3ximo Secretario de Infraestructura federal | Nexo Informativo Santiago de Quer\u00e9taro","og_description":"El gobernador de Quer\u00e9taro, Mauricio Kuri Gonz\u00e1lez, sostuvo una reuni\u00f3n con Jes\u00fas Antonio Esteva Medina, pr\u00f3ximo titular de la Secretar\u00eda de Infraestructura, Comunicaciones y Transportes de M\u00e9xico (SICT), para dialogar sobre los proyectos que el estado planea implementar con el objetivo de mejorar la movilidad y la calidad de vida de los habitantes de Quer\u00e9taro. [&hellip;]","og_url":"https:\/\/www.nexoinformativo.mx\/index.php\/2024\/08\/30\/gobernador-de-queretaro-presenta-proyectos-de-movilidad-al-proximo-secretario-de-infraestructura-federal\/","og_site_name":"Nexo Informativo Santiago de Quer\u00e9taro","article_publisher":"https:\/\/www.facebook.com\/people\/Nexo-Informativo\/61564066885511\/","article_published_time":"2024-08-30T23:00:14+00:00","article_modified_time":"2024-08-31T20:19:35+00:00","og_image":[{"width":800,"height":600,"url":"https:\/\/www.nexoinformativo.mx\/wp-content\/uploads\/2024\/08\/PHOTO-2024-08-31-08-57-27-e1725135500926.jpg","type":"image\/jpeg"}],"author":"Nexo Informativo","twitter_card":"summary_large_image","twitter_misc":{"Escrito por":"Nexo Informativo","Tiempo de lectura":"2 minutos"},"schema":{"@context":"https:\/\/schema.org","@graph":[{"@type":"Article","@id":"https:\/\/www.nexoinformativo.mx\/index.php\/2024\/08\/30\/gobernador-de-queretaro-presenta-proyectos-de-movilidad-al-proximo-secretario-de-infraestructura-federal\/#article","isPartOf":{"@id":"https:\/\/www.nexoinformativo.mx\/index.php\/2024\/08\/30\/gobernador-de-queretaro-presenta-proyectos-de-movilidad-al-proximo-secretario-de-infraestructura-federal\/"},"author":{"name":"Nexo Informativo","@id":"https:\/\/www.nexoinformativo.mx\/#\/schema\/person\/7749d380ba08c8ca00d7bc76fd907b7d"},"headline":"Gobernador de Quer\u00e9taro presenta proyectos de movilidad al pr\u00f3ximo Secretario de Infraestructura federal","datePublished":"2024-08-30T23:00:14+00:00","dateModified":"2024-08-31T20:19:35+00:00","mainEntityOfPage":{"@id":"https:\/\/www.nexoinformativo.mx\/index.php\/2024\/08\/30\/gobernador-de-queretaro-presenta-proyectos-de-movilidad-al-proximo-secretario-de-infraestructura-federal\/"},"wordCount":236,"commentCount":0,"publisher":{"@id":"https:\/\/www.nexoinformativo.mx\/#organization"},"image":{"@id":"https:\/\/www.nexoinformativo.mx\/index.php\/2024\/08\/30\/gobernador-de-queretaro-presenta-proyectos-de-movilidad-al-proximo-secretario-de-infraestructura-federal\/#primaryimage"},"thumbnailUrl":"https:\/\/www.nexoinformativo.mx\/wp-content\/uploads\/2024\/08\/PHOTO-2024-08-31-08-57-27-e1725135500926.jpg","keywords":["Colaboraci\u00f3nFederal","GobiernoEnAccion","InfraestructuraQuer\u00e9taro","Quer\u00e9taroAvanza MovilidadSustentable"],"articleSection":["Estado"],"inLanguage":"es","potentialAction":[{"@type":"CommentAction","name":"Comment","target":["https:\/\/www.nexoinformativo.mx\/index.php\/2024\/08\/30\/gobernador-de-queretaro-presenta-proyectos-de-movilidad-al-proximo-secretario-de-infraestructura-federal\/#respond"]}]},{"@type":"WebPage","@id":"https:\/\/www.nexoinformativo.mx\/index.php\/2024\/08\/30\/gobernador-de-queretaro-presenta-proyectos-de-movilidad-al-proximo-secretario-de-infraestructura-federal\/","url":"https:\/\/www.nexoinformativo.mx\/index.php\/2024\/08\/30\/gobernador-de-queretaro-presenta-proyectos-de-movilidad-al-proximo-secretario-de-infraestructura-federal\/","name":"Gobernador de Quer\u00e9taro presenta proyectos de movilidad al pr\u00f3ximo Secretario de Infraestructura federal | Nexo Informativo Santiago de Quer\u00e9taro","isPartOf":{"@id":"https:\/\/www.nexoinformativo.mx\/#website"},"primaryImageOfPage":{"@id":"https:\/\/www.nexoinformativo.mx\/index.php\/2024\/08\/30\/gobernador-de-queretaro-presenta-proyectos-de-movilidad-al-proximo-secretario-de-infraestructura-federal\/#primaryimage"},"image":{"@id":"https:\/\/www.nexoinformativo.mx\/index.php\/2024\/08\/30\/gobernador-de-queretaro-presenta-proyectos-de-movilidad-al-proximo-secretario-de-infraestructura-federal\/#primaryimage"},"thumbnailUrl":"https:\/\/www.nexoinformativo.mx\/wp-content\/uploads\/2024\/08\/PHOTO-2024-08-31-08-57-27-e1725135500926.jpg","datePublished":"2024-08-30T23:00:14+00:00","dateModified":"2024-08-31T20:19:35+00:00","breadcrumb":{"@id":"https:\/\/www.nexoinformativo.mx\/index.php\/2024\/08\/30\/gobernador-de-queretaro-presenta-proyectos-de-movilidad-al-proximo-secretario-de-infraestructura-federal\/#breadcrumb"},"inLanguage":"es","potentialAction":[{"@type":"ReadAction","target":["https:\/\/www.nexoinformativo.mx\/index.php\/2024\/08\/30\/gobernador-de-queretaro-presenta-proyectos-de-movilidad-al-proximo-secretario-de-infraestructura-federal\/"]}]},{"@type":"ImageObject","inLanguage":"es","@id":"https:\/\/www.nexoinformativo.mx\/index.php\/2024\/08\/30\/gobernador-de-queretaro-presenta-proyectos-de-movilidad-al-proximo-secretario-de-infraestructura-federal\/#primaryimage","url":"https:\/\/www.nexoinformativo.mx\/wp-content\/uploads\/2024\/08\/PHOTO-2024-08-31-08-57-27-e1725135500926.jpg","contentUrl":"https:\/\/www.nexoinformativo.mx\/wp-content\/uploads\/2024\/08\/PHOTO-2024-08-31-08-57-27-e1725135500926.jpg","width":800,"height":600},{"@type":"BreadcrumbList","@id":"https:\/\/www.nexoinformativo.mx\/index.php\/2024\/08\/30\/gobernador-de-queretaro-presenta-proyectos-de-movilidad-al-proximo-secretario-de-infraestructura-federal\/#breadcrumb","itemListElement":[{"@type":"ListItem","position":1,"name":"Inicio","item":"https:\/\/www.nexoinformativo.mx\/"},{"@type":"ListItem","position":2,"name":"Gobernador de Quer\u00e9taro presenta proyectos de movilidad al pr\u00f3ximo Secretario de Infraestructura federal"}]},{"@type":"WebSite","@id":"https:\/\/www.nexoinformativo.mx\/#website","url":"https:\/\/www.nexoinformativo.mx\/","name":"Nexo Informativo Santiago de Quer\u00e9taro","description":"Explora NexoInformativo y convi\u00e9rtete en parte de una comunidad que valora el conocimiento y la verdad. Tu nexoinformativo es tu puente hacia una comprensi\u00f3n m\u00e1s profunda del mundo que te rodea.","publisher":{"@id":"https:\/\/www.nexoinformativo.mx\/#organization"},"potentialAction":[{"@type":"SearchAction","target":{"@type":"EntryPoint","urlTemplate":"https:\/\/www.nexoinformativo.mx\/?s={search_term_string}"},"query-input":{"@type":"PropertyValueSpecification","valueRequired":true,"valueName":"search_term_string"}}],"inLanguage":"es"},{"@type":"Organization","@id":"https:\/\/www.nexoinformativo.mx\/#organization","name":"Nexo Informativo Santiago de Quer\u00e9taro","url":"https:\/\/www.nexoinformativo.mx\/","logo":{"@type":"ImageObject","inLanguage":"es","@id":"https:\/\/www.nexoinformativo.mx\/#\/schema\/logo\/image\/","url":"https:\/\/www.nexoinformativo.mx\/wp-content\/uploads\/2024\/07\/nexoi-trasparente-2.png","contentUrl":"https:\/\/www.nexoinformativo.mx\/wp-content\/uploads\/2024\/07\/nexoi-trasparente-2.png","width":816,"height":339,"caption":"Nexo Informativo Santiago de Quer\u00e9taro"},"image":{"@id":"https:\/\/www.nexoinformativo.mx\/#\/schema\/logo\/image\/"},"sameAs":["https:\/\/www.facebook.com\/people\/Nexo-Informativo\/61564066885511\/"]},{"@type":"Person","@id":"https:\/\/www.nexoinformativo.mx\/#\/schema\/person\/7749d380ba08c8ca00d7bc76fd907b7d","name":"Nexo Informativo","image":{"@type":"ImageObject","inLanguage":"es","@id":"https:\/\/www.nexoinformativo.mx\/#\/schema\/person\/image\/","url":"https:\/\/secure.gravatar.com\/avatar\/dde2928154642a13d95f87ddf1ea9718fe2b46760a005c53e41ff5ad610704e6?s=96&d=mm&r=g","contentUrl":"https:\/\/secure.gravatar.com\/avatar\/dde2928154642a13d95f87ddf1ea9718fe2b46760a005c53e41ff5ad610704e6?s=96&d=mm&r=g","caption":"Nexo Informativo"},"url":"https:\/\/www.nexoinformativo.mx\/index.php\/author\/edicion\/"}]}},"_links":{"self":[{"href":"https:\/\/www.nexoinformativo.mx\/index.php\/wp-json\/wp\/v2\/posts\/1340","targetHints":{"allow":["GET"]}}],"collection":[{"href":"https:\/\/www.nexoinformativo.mx\/index.php\/wp-json\/wp\/v2\/posts"}],"about":[{"href":"https:\/\/www.nexoinformativo.mx\/index.php\/wp-json\/wp\/v2\/types\/post"}],"author":[{"embeddable":true,"href":"https:\/\/www.nexoinformativo.mx\/index.php\/wp-json\/wp\/v2\/users\/3"}],"replies":[{"embeddable":true,"href":"https:\/\/www.nexoinformativo.mx\/index.php\/wp-json\/wp\/v2\/comments?post=1340"}],"version-history":[{"count":2,"href":"https:\/\/www.nexoinformativo.mx\/index.php\/wp-json\/wp\/v2\/posts\/1340\/revisions"}],"predecessor-version":[{"id":1343,"href":"https:\/\/www.nexoinformativo.mx\/index.php\/wp-json\/wp\/v2\/posts\/1340\/revisions\/1343"}],"wp:featuredmedia":[{"embeddable":true,"href":"https:\/\/www.nexoinformativo.mx\/index.php\/wp-json\/wp\/v2\/media\/1341"}],"wp:attachment":[{"href":"https:\/\/www.nexoinformativo.mx\/index.php\/wp-json\/wp\/v2\/media?parent=1340"}],"wp:term":[{"taxonomy":"category","embeddable":true,"href":"https:\/\/www.nexoinformativo.mx\/index.php\/wp-json\/wp\/v2\/categories?post=1340"},{"taxonomy":"post_tag","embeddable":true,"href":"https:\/\/www.nexoinformativo.mx\/index.php\/wp-json\/wp\/v2\/tags?post=1340"}],"curies":[{"name":"wp","href":"https:\/\/api.w.org\/{rel}","templated":true}]}}