{"id":13424,"date":"2025-03-27T11:00:31","date_gmt":"2025-03-27T17:00:31","guid":{"rendered":"https:\/\/www.nexoinformativo.mx\/?p=13424"},"modified":"2025-03-27T13:21:00","modified_gmt":"2025-03-27T19:21:00","slug":"mas-de-350-millones-para-la-paz-queretaro-refuerza-su-seguridad-con-nuevas-unidades","status":"publish","type":"post","link":"https:\/\/www.nexoinformativo.mx\/index.php\/2025\/03\/27\/mas-de-350-millones-para-la-paz-queretaro-refuerza-su-seguridad-con-nuevas-unidades\/","title":{"rendered":"Quer\u00e9taro blindado inversi\u00f3n hist\u00f3rica en nuevas unidades para la seguridad p\u00fablica"},"content":{"rendered":"<p style=\"text-align: justify;\" data-sourcepos=\"13:1-13:526\">El municipio de Quer\u00e9taro ha dado un paso significativo en el fortalecimiento de su seguridad p\u00fablica con la entrega de 223 nuevas unidades a la Secretar\u00eda de Seguridad P\u00fablica Municipal, gracias a una inversi\u00f3n hist\u00f3rica de m\u00e1s de 350 millones de pesos.<\/p>\n<p>&nbsp;<\/p>\n<p style=\"text-align: justify;\" data-sourcepos=\"13:1-13:526\">El presidente municipal, Felifer Mac\u00edas, en compa\u00f1\u00eda del gobernador del estado, Mauricio Kuri, encabez\u00f3 la entrega de estos veh\u00edculos de \u00faltima generaci\u00f3n, reafirmando el compromiso de mantener la paz y la tranquilidad en la capital.<\/p>\n<p>&nbsp;<\/p>\n<p style=\"text-align: justify;\" data-sourcepos=\"15:1-15:348\">La entrega incluye 87 pick-ups, 61 SUV, 2 vans, 49 motocicletas, 23 bicicletas h\u00edbridas y una ambulancia, todas equipadas con tecnolog\u00eda avanzada como GPS, c\u00e1maras de video a bordo y radio comunicaci\u00f3n encriptada. Estos veh\u00edculos fortalecer\u00e1n las \u00e1reas de Guardia Municipal, Guardia Vial, Guardia C\u00edvica, Guardia Auxiliar, Atenci\u00f3n a V\u00edctimas y K9.<\/p>\n<p>&nbsp;<\/p>\n<p style=\"text-align: justify;\" data-sourcepos=\"17:1-17:375\">Felifer Mac\u00edas destac\u00f3 que esta inversi\u00f3n es parte del Plan Orden, una iniciativa que busca construir una ciudad segura, respetuosa y digna para todos los ciudadanos, con instituciones s\u00f3lidas y una ciudadan\u00eda comprometida.<\/p>\n<p>&nbsp;<\/p>\n<p style=\"text-align: justify;\" data-sourcepos=\"17:1-17:375\">El secretario de Seguridad P\u00fablica Municipal, Juan Luis Ferrusca Ortiz, resalt\u00f3 que estas nuevas unidades son herramientas fundamentales para que la corporaci\u00f3n pueda enfrentar los desaf\u00edos diarios con eficacia y profesionalismo.<\/p>\n<p>&nbsp;<\/p>\n<p style=\"text-align: center;\" data-sourcepos=\"17:1-17:375\"><em><strong>\u00a1Informaci\u00f3n que transforma!<\/strong><\/em><\/p>\n","protected":false},"excerpt":{"rendered":"<p>El municipio de Quer\u00e9taro ha dado un paso significativo en el fortalecimiento de su seguridad p\u00fablica con la entrega de 223 nuevas unidades a la Secretar\u00eda de Seguridad P\u00fablica Municipal, gracias a una inversi\u00f3n hist\u00f3rica de m\u00e1s de 350 millones de pesos.<\/p>\n","protected":false},"author":3,"featured_media":13425,"comment_status":"open","ping_status":"open","sticky":false,"template":"","format":"standard","meta":{"footnotes":""},"categories":[65,58],"tags":[1000,661,443,266],"class_list":["post-13424","post","type-post","status-publish","format-standard","has-post-thumbnail","hentry","category-municipios","category-ultima-hora","tag-felifermacias","tag-mauriciokuri","tag-policiaqueretaro","tag-seguridadqueretaro"],"yoast_head":"<!-- This site is optimized with the Yoast SEO plugin v25.0 - https:\/\/yoast.com\/wordpress\/plugins\/seo\/ -->\n<title>Quer\u00e9taro blindado inversi\u00f3n hist\u00f3rica en nuevas unidades para la seguridad p\u00fablica | Nexo Informativo Santiago de Quer\u00e9taro<\/title>\n<meta name=\"description\" content=\"Quer\u00e9taro blindado inversi\u00f3n hist\u00f3rica en nuevas unidades para la seguridad p\u00fablica\" \/>\n<meta name=\"robots\" content=\"index, follow, max-snippet:-1, max-image-preview:large, max-video-preview:-1\" \/>\n<link rel=\"canonical\" href=\"https:\/\/www.nexoinformativo.mx\/index.php\/2025\/03\/27\/mas-de-350-millones-para-la-paz-queretaro-refuerza-su-seguridad-con-nuevas-unidades\/\" \/>\n<meta property=\"og:locale\" content=\"es_MX\" \/>\n<meta property=\"og:type\" content=\"article\" \/>\n<meta property=\"og:title\" content=\"Quer\u00e9taro blindado inversi\u00f3n hist\u00f3rica en nuevas unidades para la seguridad p\u00fablica | Nexo Informativo Santiago de Quer\u00e9taro\" \/>\n<meta property=\"og:description\" content=\"Quer\u00e9taro blindado inversi\u00f3n hist\u00f3rica en nuevas unidades para la seguridad p\u00fablica\" \/>\n<meta property=\"og:url\" content=\"https:\/\/www.nexoinformativo.mx\/index.php\/2025\/03\/27\/mas-de-350-millones-para-la-paz-queretaro-refuerza-su-seguridad-con-nuevas-unidades\/\" \/>\n<meta property=\"og:site_name\" content=\"Nexo Informativo Santiago de Quer\u00e9taro\" \/>\n<meta property=\"article:publisher\" content=\"https:\/\/www.facebook.com\/people\/Nexo-Informativo\/61564066885511\/\" \/>\n<meta property=\"article:published_time\" content=\"2025-03-27T17:00:31+00:00\" \/>\n<meta property=\"article:modified_time\" content=\"2025-03-27T19:21:00+00:00\" \/>\n<meta property=\"og:image\" content=\"https:\/\/www.nexoinformativo.mx\/wp-content\/uploads\/2025\/03\/PHOTO-2025-03-27-12-22-58-e1743103133988.jpg\" \/>\n\t<meta property=\"og:image:width\" content=\"800\" \/>\n\t<meta property=\"og:image:height\" content=\"533\" \/>\n\t<meta property=\"og:image:type\" content=\"image\/jpeg\" \/>\n<meta name=\"author\" content=\"Nexo Informativo\" \/>\n<meta name=\"twitter:card\" content=\"summary_large_image\" \/>\n<meta name=\"twitter:label1\" content=\"Escrito por\" \/>\n\t<meta name=\"twitter:data1\" content=\"Nexo Informativo\" \/>\n\t<meta name=\"twitter:label2\" content=\"Tiempo de lectura\" \/>\n\t<meta name=\"twitter:data2\" content=\"2 minutos\" \/>\n<script type=\"application\/ld+json\" class=\"yoast-schema-graph\">{\"@context\":\"https:\/\/schema.org\",\"@graph\":[{\"@type\":\"Article\",\"@id\":\"https:\/\/www.nexoinformativo.mx\/index.php\/2025\/03\/27\/mas-de-350-millones-para-la-paz-queretaro-refuerza-su-seguridad-con-nuevas-unidades\/#article\",\"isPartOf\":{\"@id\":\"https:\/\/www.nexoinformativo.mx\/index.php\/2025\/03\/27\/mas-de-350-millones-para-la-paz-queretaro-refuerza-su-seguridad-con-nuevas-unidades\/\"},\"author\":{\"name\":\"Nexo Informativo\",\"@id\":\"https:\/\/www.nexoinformativo.mx\/#\/schema\/person\/7749d380ba08c8ca00d7bc76fd907b7d\"},\"headline\":\"Quer\u00e9taro blindado inversi\u00f3n hist\u00f3rica en nuevas unidades para la seguridad p\u00fablica\",\"datePublished\":\"2025-03-27T17:00:31+00:00\",\"dateModified\":\"2025-03-27T19:21:00+00:00\",\"mainEntityOfPage\":{\"@id\":\"https:\/\/www.nexoinformativo.mx\/index.php\/2025\/03\/27\/mas-de-350-millones-para-la-paz-queretaro-refuerza-su-seguridad-con-nuevas-unidades\/\"},\"wordCount\":237,\"commentCount\":0,\"publisher\":{\"@id\":\"https:\/\/www.nexoinformativo.mx\/#organization\"},\"image\":{\"@id\":\"https:\/\/www.nexoinformativo.mx\/index.php\/2025\/03\/27\/mas-de-350-millones-para-la-paz-queretaro-refuerza-su-seguridad-con-nuevas-unidades\/#primaryimage\"},\"thumbnailUrl\":\"https:\/\/www.nexoinformativo.mx\/wp-content\/uploads\/2025\/03\/PHOTO-2025-03-27-12-22-58-e1743103133988.jpg\",\"keywords\":[\"FeliferMac\u00edas\",\"MauricioKuri\",\"Polic\u00edaQuer\u00e9taro\",\"SeguridadQueretaro\"],\"articleSection\":[\"Municipios\",\"\u00daltima Hora\"],\"inLanguage\":\"es\",\"potentialAction\":[{\"@type\":\"CommentAction\",\"name\":\"Comment\",\"target\":[\"https:\/\/www.nexoinformativo.mx\/index.php\/2025\/03\/27\/mas-de-350-millones-para-la-paz-queretaro-refuerza-su-seguridad-con-nuevas-unidades\/#respond\"]}]},{\"@type\":\"WebPage\",\"@id\":\"https:\/\/www.nexoinformativo.mx\/index.php\/2025\/03\/27\/mas-de-350-millones-para-la-paz-queretaro-refuerza-su-seguridad-con-nuevas-unidades\/\",\"url\":\"https:\/\/www.nexoinformativo.mx\/index.php\/2025\/03\/27\/mas-de-350-millones-para-la-paz-queretaro-refuerza-su-seguridad-con-nuevas-unidades\/\",\"name\":\"Quer\u00e9taro blindado inversi\u00f3n hist\u00f3rica en nuevas unidades para la seguridad p\u00fablica | Nexo Informativo Santiago de Quer\u00e9taro\",\"isPartOf\":{\"@id\":\"https:\/\/www.nexoinformativo.mx\/#website\"},\"primaryImageOfPage\":{\"@id\":\"https:\/\/www.nexoinformativo.mx\/index.php\/2025\/03\/27\/mas-de-350-millones-para-la-paz-queretaro-refuerza-su-seguridad-con-nuevas-unidades\/#primaryimage\"},\"image\":{\"@id\":\"https:\/\/www.nexoinformativo.mx\/index.php\/2025\/03\/27\/mas-de-350-millones-para-la-paz-queretaro-refuerza-su-seguridad-con-nuevas-unidades\/#primaryimage\"},\"thumbnailUrl\":\"https:\/\/www.nexoinformativo.mx\/wp-content\/uploads\/2025\/03\/PHOTO-2025-03-27-12-22-58-e1743103133988.jpg\",\"datePublished\":\"2025-03-27T17:00:31+00:00\",\"dateModified\":\"2025-03-27T19:21:00+00:00\",\"description\":\"Quer\u00e9taro blindado inversi\u00f3n hist\u00f3rica en nuevas unidades para la seguridad p\u00fablica\",\"breadcrumb\":{\"@id\":\"https:\/\/www.nexoinformativo.mx\/index.php\/2025\/03\/27\/mas-de-350-millones-para-la-paz-queretaro-refuerza-su-seguridad-con-nuevas-unidades\/#breadcrumb\"},\"inLanguage\":\"es\",\"potentialAction\":[{\"@type\":\"ReadAction\",\"target\":[\"https:\/\/www.nexoinformativo.mx\/index.php\/2025\/03\/27\/mas-de-350-millones-para-la-paz-queretaro-refuerza-su-seguridad-con-nuevas-unidades\/\"]}]},{\"@type\":\"ImageObject\",\"inLanguage\":\"es\",\"@id\":\"https:\/\/www.nexoinformativo.mx\/index.php\/2025\/03\/27\/mas-de-350-millones-para-la-paz-queretaro-refuerza-su-seguridad-con-nuevas-unidades\/#primaryimage\",\"url\":\"https:\/\/www.nexoinformativo.mx\/wp-content\/uploads\/2025\/03\/PHOTO-2025-03-27-12-22-58-e1743103133988.jpg\",\"contentUrl\":\"https:\/\/www.nexoinformativo.mx\/wp-content\/uploads\/2025\/03\/PHOTO-2025-03-27-12-22-58-e1743103133988.jpg\",\"width\":800,\"height\":533},{\"@type\":\"BreadcrumbList\",\"@id\":\"https:\/\/www.nexoinformativo.mx\/index.php\/2025\/03\/27\/mas-de-350-millones-para-la-paz-queretaro-refuerza-su-seguridad-con-nuevas-unidades\/#breadcrumb\",\"itemListElement\":[{\"@type\":\"ListItem\",\"position\":1,\"name\":\"Inicio\",\"item\":\"https:\/\/www.nexoinformativo.mx\/\"},{\"@type\":\"ListItem\",\"position\":2,\"name\":\"Quer\u00e9taro blindado inversi\u00f3n hist\u00f3rica en nuevas unidades para la seguridad p\u00fablica\"}]},{\"@type\":\"WebSite\",\"@id\":\"https:\/\/www.nexoinformativo.mx\/#website\",\"url\":\"https:\/\/www.nexoinformativo.mx\/\",\"name\":\"Nexo Informativo Santiago de Quer\u00e9taro\",\"description\":\"Explora NexoInformativo y convi\u00e9rtete en parte de una comunidad que valora el conocimiento y la verdad. Tu nexoinformativo es tu puente hacia una comprensi\u00f3n m\u00e1s profunda del mundo que te rodea.\",\"publisher\":{\"@id\":\"https:\/\/www.nexoinformativo.mx\/#organization\"},\"potentialAction\":[{\"@type\":\"SearchAction\",\"target\":{\"@type\":\"EntryPoint\",\"urlTemplate\":\"https:\/\/www.nexoinformativo.mx\/?s={search_term_string}\"},\"query-input\":{\"@type\":\"PropertyValueSpecification\",\"valueRequired\":true,\"valueName\":\"search_term_string\"}}],\"inLanguage\":\"es\"},{\"@type\":\"Organization\",\"@id\":\"https:\/\/www.nexoinformativo.mx\/#organization\",\"name\":\"Nexo Informativo Santiago de Quer\u00e9taro\",\"url\":\"https:\/\/www.nexoinformativo.mx\/\",\"logo\":{\"@type\":\"ImageObject\",\"inLanguage\":\"es\",\"@id\":\"https:\/\/www.nexoinformativo.mx\/#\/schema\/logo\/image\/\",\"url\":\"https:\/\/www.nexoinformativo.mx\/wp-content\/uploads\/2024\/07\/nexoi-trasparente-2.png\",\"contentUrl\":\"https:\/\/www.nexoinformativo.mx\/wp-content\/uploads\/2024\/07\/nexoi-trasparente-2.png\",\"width\":816,\"height\":339,\"caption\":\"Nexo Informativo Santiago de Quer\u00e9taro\"},\"image\":{\"@id\":\"https:\/\/www.nexoinformativo.mx\/#\/schema\/logo\/image\/\"},\"sameAs\":[\"https:\/\/www.facebook.com\/people\/Nexo-Informativo\/61564066885511\/\"]},{\"@type\":\"Person\",\"@id\":\"https:\/\/www.nexoinformativo.mx\/#\/schema\/person\/7749d380ba08c8ca00d7bc76fd907b7d\",\"name\":\"Nexo Informativo\",\"image\":{\"@type\":\"ImageObject\",\"inLanguage\":\"es\",\"@id\":\"https:\/\/www.nexoinformativo.mx\/#\/schema\/person\/image\/\",\"url\":\"https:\/\/secure.gravatar.com\/avatar\/dde2928154642a13d95f87ddf1ea9718fe2b46760a005c53e41ff5ad610704e6?s=96&d=mm&r=g\",\"contentUrl\":\"https:\/\/secure.gravatar.com\/avatar\/dde2928154642a13d95f87ddf1ea9718fe2b46760a005c53e41ff5ad610704e6?s=96&d=mm&r=g\",\"caption\":\"Nexo Informativo\"},\"url\":\"https:\/\/www.nexoinformativo.mx\/index.php\/author\/edicion\/\"}]}<\/script>\n<!-- \/ Yoast SEO plugin. -->","yoast_head_json":{"title":"Quer\u00e9taro blindado inversi\u00f3n hist\u00f3rica en nuevas unidades para la seguridad p\u00fablica | Nexo Informativo Santiago de Quer\u00e9taro","description":"Quer\u00e9taro blindado inversi\u00f3n hist\u00f3rica en nuevas unidades para la seguridad p\u00fablica","robots":{"index":"index","follow":"follow","max-snippet":"max-snippet:-1","max-image-preview":"max-image-preview:large","max-video-preview":"max-video-preview:-1"},"canonical":"https:\/\/www.nexoinformativo.mx\/index.php\/2025\/03\/27\/mas-de-350-millones-para-la-paz-queretaro-refuerza-su-seguridad-con-nuevas-unidades\/","og_locale":"es_MX","og_type":"article","og_title":"Quer\u00e9taro blindado inversi\u00f3n hist\u00f3rica en nuevas unidades para la seguridad p\u00fablica | Nexo Informativo Santiago de Quer\u00e9taro","og_description":"Quer\u00e9taro blindado inversi\u00f3n hist\u00f3rica en nuevas unidades para la seguridad p\u00fablica","og_url":"https:\/\/www.nexoinformativo.mx\/index.php\/2025\/03\/27\/mas-de-350-millones-para-la-paz-queretaro-refuerza-su-seguridad-con-nuevas-unidades\/","og_site_name":"Nexo Informativo Santiago de Quer\u00e9taro","article_publisher":"https:\/\/www.facebook.com\/people\/Nexo-Informativo\/61564066885511\/","article_published_time":"2025-03-27T17:00:31+00:00","article_modified_time":"2025-03-27T19:21:00+00:00","og_image":[{"width":800,"height":533,"url":"https:\/\/www.nexoinformativo.mx\/wp-content\/uploads\/2025\/03\/PHOTO-2025-03-27-12-22-58-e1743103133988.jpg","type":"image\/jpeg"}],"author":"Nexo Informativo","twitter_card":"summary_large_image","twitter_misc":{"Escrito por":"Nexo Informativo","Tiempo de lectura":"2 minutos"},"schema":{"@context":"https:\/\/schema.org","@graph":[{"@type":"Article","@id":"https:\/\/www.nexoinformativo.mx\/index.php\/2025\/03\/27\/mas-de-350-millones-para-la-paz-queretaro-refuerza-su-seguridad-con-nuevas-unidades\/#article","isPartOf":{"@id":"https:\/\/www.nexoinformativo.mx\/index.php\/2025\/03\/27\/mas-de-350-millones-para-la-paz-queretaro-refuerza-su-seguridad-con-nuevas-unidades\/"},"author":{"name":"Nexo Informativo","@id":"https:\/\/www.nexoinformativo.mx\/#\/schema\/person\/7749d380ba08c8ca00d7bc76fd907b7d"},"headline":"Quer\u00e9taro blindado inversi\u00f3n hist\u00f3rica en nuevas unidades para la seguridad p\u00fablica","datePublished":"2025-03-27T17:00:31+00:00","dateModified":"2025-03-27T19:21:00+00:00","mainEntityOfPage":{"@id":"https:\/\/www.nexoinformativo.mx\/index.php\/2025\/03\/27\/mas-de-350-millones-para-la-paz-queretaro-refuerza-su-seguridad-con-nuevas-unidades\/"},"wordCount":237,"commentCount":0,"publisher":{"@id":"https:\/\/www.nexoinformativo.mx\/#organization"},"image":{"@id":"https:\/\/www.nexoinformativo.mx\/index.php\/2025\/03\/27\/mas-de-350-millones-para-la-paz-queretaro-refuerza-su-seguridad-con-nuevas-unidades\/#primaryimage"},"thumbnailUrl":"https:\/\/www.nexoinformativo.mx\/wp-content\/uploads\/2025\/03\/PHOTO-2025-03-27-12-22-58-e1743103133988.jpg","keywords":["FeliferMac\u00edas","MauricioKuri","Polic\u00edaQuer\u00e9taro","SeguridadQueretaro"],"articleSection":["Municipios","\u00daltima Hora"],"inLanguage":"es","potentialAction":[{"@type":"CommentAction","name":"Comment","target":["https:\/\/www.nexoinformativo.mx\/index.php\/2025\/03\/27\/mas-de-350-millones-para-la-paz-queretaro-refuerza-su-seguridad-con-nuevas-unidades\/#respond"]}]},{"@type":"WebPage","@id":"https:\/\/www.nexoinformativo.mx\/index.php\/2025\/03\/27\/mas-de-350-millones-para-la-paz-queretaro-refuerza-su-seguridad-con-nuevas-unidades\/","url":"https:\/\/www.nexoinformativo.mx\/index.php\/2025\/03\/27\/mas-de-350-millones-para-la-paz-queretaro-refuerza-su-seguridad-con-nuevas-unidades\/","name":"Quer\u00e9taro blindado inversi\u00f3n hist\u00f3rica en nuevas unidades para la seguridad p\u00fablica | Nexo Informativo Santiago de Quer\u00e9taro","isPartOf":{"@id":"https:\/\/www.nexoinformativo.mx\/#website"},"primaryImageOfPage":{"@id":"https:\/\/www.nexoinformativo.mx\/index.php\/2025\/03\/27\/mas-de-350-millones-para-la-paz-queretaro-refuerza-su-seguridad-con-nuevas-unidades\/#primaryimage"},"image":{"@id":"https:\/\/www.nexoinformativo.mx\/index.php\/2025\/03\/27\/mas-de-350-millones-para-la-paz-queretaro-refuerza-su-seguridad-con-nuevas-unidades\/#primaryimage"},"thumbnailUrl":"https:\/\/www.nexoinformativo.mx\/wp-content\/uploads\/2025\/03\/PHOTO-2025-03-27-12-22-58-e1743103133988.jpg","datePublished":"2025-03-27T17:00:31+00:00","dateModified":"2025-03-27T19:21:00+00:00","description":"Quer\u00e9taro blindado inversi\u00f3n hist\u00f3rica en nuevas unidades para la seguridad p\u00fablica","breadcrumb":{"@id":"https:\/\/www.nexoinformativo.mx\/index.php\/2025\/03\/27\/mas-de-350-millones-para-la-paz-queretaro-refuerza-su-seguridad-con-nuevas-unidades\/#breadcrumb"},"inLanguage":"es","potentialAction":[{"@type":"ReadAction","target":["https:\/\/www.nexoinformativo.mx\/index.php\/2025\/03\/27\/mas-de-350-millones-para-la-paz-queretaro-refuerza-su-seguridad-con-nuevas-unidades\/"]}]},{"@type":"ImageObject","inLanguage":"es","@id":"https:\/\/www.nexoinformativo.mx\/index.php\/2025\/03\/27\/mas-de-350-millones-para-la-paz-queretaro-refuerza-su-seguridad-con-nuevas-unidades\/#primaryimage","url":"https:\/\/www.nexoinformativo.mx\/wp-content\/uploads\/2025\/03\/PHOTO-2025-03-27-12-22-58-e1743103133988.jpg","contentUrl":"https:\/\/www.nexoinformativo.mx\/wp-content\/uploads\/2025\/03\/PHOTO-2025-03-27-12-22-58-e1743103133988.jpg","width":800,"height":533},{"@type":"BreadcrumbList","@id":"https:\/\/www.nexoinformativo.mx\/index.php\/2025\/03\/27\/mas-de-350-millones-para-la-paz-queretaro-refuerza-su-seguridad-con-nuevas-unidades\/#breadcrumb","itemListElement":[{"@type":"ListItem","position":1,"name":"Inicio","item":"https:\/\/www.nexoinformativo.mx\/"},{"@type":"ListItem","position":2,"name":"Quer\u00e9taro blindado inversi\u00f3n hist\u00f3rica en nuevas unidades para la seguridad p\u00fablica"}]},{"@type":"WebSite","@id":"https:\/\/www.nexoinformativo.mx\/#website","url":"https:\/\/www.nexoinformativo.mx\/","name":"Nexo Informativo Santiago de Quer\u00e9taro","description":"Explora NexoInformativo y convi\u00e9rtete en parte de una comunidad que valora el conocimiento y la verdad. Tu nexoinformativo es tu puente hacia una comprensi\u00f3n m\u00e1s profunda del mundo que te rodea.","publisher":{"@id":"https:\/\/www.nexoinformativo.mx\/#organization"},"potentialAction":[{"@type":"SearchAction","target":{"@type":"EntryPoint","urlTemplate":"https:\/\/www.nexoinformativo.mx\/?s={search_term_string}"},"query-input":{"@type":"PropertyValueSpecification","valueRequired":true,"valueName":"search_term_string"}}],"inLanguage":"es"},{"@type":"Organization","@id":"https:\/\/www.nexoinformativo.mx\/#organization","name":"Nexo Informativo Santiago de Quer\u00e9taro","url":"https:\/\/www.nexoinformativo.mx\/","logo":{"@type":"ImageObject","inLanguage":"es","@id":"https:\/\/www.nexoinformativo.mx\/#\/schema\/logo\/image\/","url":"https:\/\/www.nexoinformativo.mx\/wp-content\/uploads\/2024\/07\/nexoi-trasparente-2.png","contentUrl":"https:\/\/www.nexoinformativo.mx\/wp-content\/uploads\/2024\/07\/nexoi-trasparente-2.png","width":816,"height":339,"caption":"Nexo Informativo Santiago de Quer\u00e9taro"},"image":{"@id":"https:\/\/www.nexoinformativo.mx\/#\/schema\/logo\/image\/"},"sameAs":["https:\/\/www.facebook.com\/people\/Nexo-Informativo\/61564066885511\/"]},{"@type":"Person","@id":"https:\/\/www.nexoinformativo.mx\/#\/schema\/person\/7749d380ba08c8ca00d7bc76fd907b7d","name":"Nexo Informativo","image":{"@type":"ImageObject","inLanguage":"es","@id":"https:\/\/www.nexoinformativo.mx\/#\/schema\/person\/image\/","url":"https:\/\/secure.gravatar.com\/avatar\/dde2928154642a13d95f87ddf1ea9718fe2b46760a005c53e41ff5ad610704e6?s=96&d=mm&r=g","contentUrl":"https:\/\/secure.gravatar.com\/avatar\/dde2928154642a13d95f87ddf1ea9718fe2b46760a005c53e41ff5ad610704e6?s=96&d=mm&r=g","caption":"Nexo Informativo"},"url":"https:\/\/www.nexoinformativo.mx\/index.php\/author\/edicion\/"}]}},"_links":{"self":[{"href":"https:\/\/www.nexoinformativo.mx\/index.php\/wp-json\/wp\/v2\/posts\/13424","targetHints":{"allow":["GET"]}}],"collection":[{"href":"https:\/\/www.nexoinformativo.mx\/index.php\/wp-json\/wp\/v2\/posts"}],"about":[{"href":"https:\/\/www.nexoinformativo.mx\/index.php\/wp-json\/wp\/v2\/types\/post"}],"author":[{"embeddable":true,"href":"https:\/\/www.nexoinformativo.mx\/index.php\/wp-json\/wp\/v2\/users\/3"}],"replies":[{"embeddable":true,"href":"https:\/\/www.nexoinformativo.mx\/index.php\/wp-json\/wp\/v2\/comments?post=13424"}],"version-history":[{"count":4,"href":"https:\/\/www.nexoinformativo.mx\/index.php\/wp-json\/wp\/v2\/posts\/13424\/revisions"}],"predecessor-version":[{"id":13428,"href":"https:\/\/www.nexoinformativo.mx\/index.php\/wp-json\/wp\/v2\/posts\/13424\/revisions\/13428"}],"wp:featuredmedia":[{"embeddable":true,"href":"https:\/\/www.nexoinformativo.mx\/index.php\/wp-json\/wp\/v2\/media\/13425"}],"wp:attachment":[{"href":"https:\/\/www.nexoinformativo.mx\/index.php\/wp-json\/wp\/v2\/media?parent=13424"}],"wp:term":[{"taxonomy":"category","embeddable":true,"href":"https:\/\/www.nexoinformativo.mx\/index.php\/wp-json\/wp\/v2\/categories?post=13424"},{"taxonomy":"post_tag","embeddable":true,"href":"https:\/\/www.nexoinformativo.mx\/index.php\/wp-json\/wp\/v2\/tags?post=13424"}],"curies":[{"name":"wp","href":"https:\/\/api.w.org\/{rel}","templated":true}]}}