{"id":13430,"date":"2025-03-27T12:00:08","date_gmt":"2025-03-27T18:00:08","guid":{"rendered":"https:\/\/www.nexoinformativo.mx\/?p=13430"},"modified":"2025-03-27T13:25:45","modified_gmt":"2025-03-27T19:25:45","slug":"investigan-accidente-en-dren-el-arenal-el-conductor-se-durmio-confirma-ameq","status":"publish","type":"post","link":"https:\/\/www.nexoinformativo.mx\/index.php\/2025\/03\/27\/investigan-accidente-en-dren-el-arenal-el-conductor-se-durmio-confirma-ameq\/","title":{"rendered":"Investigan accidente en dren el Arenal el conductor se durmi\u00f3 confirma AMEQ"},"content":{"rendered":"<p style=\"text-align: justify;\" data-sourcepos=\"13:1-13:251\">La Agencia de Movilidad del Estado de Quer\u00e9taro (AMEQ) confirm\u00f3 que el conductor de la unidad que se precipit\u00f3 al dren El Arenal se qued\u00f3 dormido, lo que provoc\u00f3 el fatal accidente que dej\u00f3 un pasajero muerto y 14 heridos.<\/p>\n<\/p>\n<p>&nbsp;<\/p>\n<p style=\"text-align: justify;\" data-sourcepos=\"15:1-15:231\">Gerardo Cuanalo, titular de la AMEQ, inform\u00f3 que las c\u00e1maras de seguridad de la unidad revelaron la causa del accidente. La Fiscal\u00eda del Estado ha iniciado una investigaci\u00f3n para esclarecer los hechos y deslindar responsabilidades.<\/p>\n<\/p>\n<p>&nbsp;<\/p>\n<p style=\"text-align: justify;\" data-sourcepos=\"17:1-17:147\"><strong>&#8220;Nosotros estamos en la apertura de colaborar con la Fiscal\u00eda con todo lo que requiera para que pueda deslindar responsabilidad&#8221;<\/strong>, mencion\u00f3 Cuanalo.<\/p>\n<\/p>\n<p>&nbsp;<\/p>\n<p style=\"text-align: justify;\" data-sourcepos=\"19:1-19:346\">El titular de la AMEQ detall\u00f3 que seis personas permanecen hospitalizadas, una de ellas en estado grave con fractura craneoencef\u00e1lica y costillas rotas.<\/p>\n<\/p>\n<p>&nbsp;<\/p>\n<p style=\"text-align: justify;\" data-sourcepos=\"19:1-19:346\">&#8220;Tenemos de los 15 pasajeros que iban en el autob\u00fas 14 lesionados en su momento, hoy solo tenemos 6 que est\u00e1n hospitalizados, uno de gravedad y el conductor va recuper\u00e1ndose muy bien&#8221;, detall\u00f3.<\/p>\n<\/p>\n<p>&nbsp;<\/p>\n<p style=\"text-align: center;\" data-sourcepos=\"19:1-19:346\"><em><strong>\u00a1Informaci\u00f3n que transforma!<\/strong><\/em><\/p>\n","protected":false},"excerpt":{"rendered":"<p>La Agencia de Movilidad del Estado de Quer\u00e9taro (AMEQ) confirm\u00f3 que el conductor de la unidad que se precipit\u00f3 al dren El Arenal se qued\u00f3 dormido, lo que provoc\u00f3 el fatal accidente que dej\u00f3 un pasajero muerto y 14 heridos.<\/p>\n","protected":false},"author":3,"featured_media":13431,"comment_status":"open","ping_status":"open","sticky":false,"template":"","format":"standard","meta":{"footnotes":""},"categories":[137,58],"tags":[369,2905,3920,151],"class_list":["post-13430","post","type-post","status-publish","format-standard","has-post-thumbnail","hentry","category-sucesos","category-ultima-hora","tag-accidentequeretaro","tag-ameq","tag-drenelarenal","tag-seguridadvial"],"yoast_head":"<!-- This site is optimized with the Yoast SEO plugin v25.0 - https:\/\/yoast.com\/wordpress\/plugins\/seo\/ -->\n<title>Investigan accidente en dren el Arenal el conductor se durmi\u00f3 confirma AMEQ | Nexo Informativo Santiago de Quer\u00e9taro<\/title>\n<meta name=\"description\" content=\"Investigan accidente en dren el Arenal el conductor se durmi\u00f3 confirma AMEQ\" \/>\n<meta name=\"robots\" content=\"index, follow, max-snippet:-1, max-image-preview:large, max-video-preview:-1\" \/>\n<link rel=\"canonical\" href=\"https:\/\/www.nexoinformativo.mx\/index.php\/2025\/03\/27\/investigan-accidente-en-dren-el-arenal-el-conductor-se-durmio-confirma-ameq\/\" \/>\n<meta property=\"og:locale\" content=\"es_MX\" \/>\n<meta property=\"og:type\" content=\"article\" \/>\n<meta property=\"og:title\" content=\"Investigan accidente en dren el Arenal el conductor se durmi\u00f3 confirma AMEQ | Nexo Informativo Santiago de Quer\u00e9taro\" \/>\n<meta property=\"og:description\" content=\"Investigan accidente en dren el Arenal el conductor se durmi\u00f3 confirma AMEQ\" \/>\n<meta property=\"og:url\" content=\"https:\/\/www.nexoinformativo.mx\/index.php\/2025\/03\/27\/investigan-accidente-en-dren-el-arenal-el-conductor-se-durmio-confirma-ameq\/\" \/>\n<meta property=\"og:site_name\" content=\"Nexo Informativo Santiago de Quer\u00e9taro\" \/>\n<meta property=\"article:publisher\" content=\"https:\/\/www.facebook.com\/people\/Nexo-Informativo\/61564066885511\/\" \/>\n<meta property=\"article:published_time\" content=\"2025-03-27T18:00:08+00:00\" \/>\n<meta property=\"article:modified_time\" content=\"2025-03-27T19:25:45+00:00\" \/>\n<meta property=\"og:image\" content=\"https:\/\/www.nexoinformativo.mx\/wp-content\/uploads\/2025\/03\/PHOTO-2025-03-27-12-24-00.jpg\" \/>\n\t<meta property=\"og:image:width\" content=\"720\" \/>\n\t<meta property=\"og:image:height\" content=\"523\" \/>\n\t<meta property=\"og:image:type\" content=\"image\/jpeg\" \/>\n<meta name=\"author\" content=\"Nexo Informativo\" \/>\n<meta name=\"twitter:card\" content=\"summary_large_image\" \/>\n<meta name=\"twitter:label1\" content=\"Escrito por\" \/>\n\t<meta name=\"twitter:data1\" content=\"Nexo Informativo\" \/>\n\t<meta name=\"twitter:label2\" content=\"Tiempo de lectura\" \/>\n\t<meta name=\"twitter:data2\" content=\"1 minuto\" \/>\n<script type=\"application\/ld+json\" class=\"yoast-schema-graph\">{\"@context\":\"https:\/\/schema.org\",\"@graph\":[{\"@type\":\"Article\",\"@id\":\"https:\/\/www.nexoinformativo.mx\/index.php\/2025\/03\/27\/investigan-accidente-en-dren-el-arenal-el-conductor-se-durmio-confirma-ameq\/#article\",\"isPartOf\":{\"@id\":\"https:\/\/www.nexoinformativo.mx\/index.php\/2025\/03\/27\/investigan-accidente-en-dren-el-arenal-el-conductor-se-durmio-confirma-ameq\/\"},\"author\":{\"name\":\"Nexo Informativo\",\"@id\":\"https:\/\/www.nexoinformativo.mx\/#\/schema\/person\/7749d380ba08c8ca00d7bc76fd907b7d\"},\"headline\":\"Investigan accidente en dren el Arenal el conductor se durmi\u00f3 confirma AMEQ\",\"datePublished\":\"2025-03-27T18:00:08+00:00\",\"dateModified\":\"2025-03-27T19:25:45+00:00\",\"mainEntityOfPage\":{\"@id\":\"https:\/\/www.nexoinformativo.mx\/index.php\/2025\/03\/27\/investigan-accidente-en-dren-el-arenal-el-conductor-se-durmio-confirma-ameq\/\"},\"wordCount\":179,\"commentCount\":0,\"publisher\":{\"@id\":\"https:\/\/www.nexoinformativo.mx\/#organization\"},\"image\":{\"@id\":\"https:\/\/www.nexoinformativo.mx\/index.php\/2025\/03\/27\/investigan-accidente-en-dren-el-arenal-el-conductor-se-durmio-confirma-ameq\/#primaryimage\"},\"thumbnailUrl\":\"https:\/\/www.nexoinformativo.mx\/wp-content\/uploads\/2025\/03\/PHOTO-2025-03-27-12-24-00.jpg\",\"keywords\":[\"AccidenteQuer\u00e9taro\",\"AMEQ\",\"DrenElArenal\",\"seguridadvial\"],\"articleSection\":[\"Sucesos\",\"\u00daltima Hora\"],\"inLanguage\":\"es\",\"potentialAction\":[{\"@type\":\"CommentAction\",\"name\":\"Comment\",\"target\":[\"https:\/\/www.nexoinformativo.mx\/index.php\/2025\/03\/27\/investigan-accidente-en-dren-el-arenal-el-conductor-se-durmio-confirma-ameq\/#respond\"]}]},{\"@type\":\"WebPage\",\"@id\":\"https:\/\/www.nexoinformativo.mx\/index.php\/2025\/03\/27\/investigan-accidente-en-dren-el-arenal-el-conductor-se-durmio-confirma-ameq\/\",\"url\":\"https:\/\/www.nexoinformativo.mx\/index.php\/2025\/03\/27\/investigan-accidente-en-dren-el-arenal-el-conductor-se-durmio-confirma-ameq\/\",\"name\":\"Investigan accidente en dren el Arenal el conductor se durmi\u00f3 confirma AMEQ | Nexo Informativo Santiago de Quer\u00e9taro\",\"isPartOf\":{\"@id\":\"https:\/\/www.nexoinformativo.mx\/#website\"},\"primaryImageOfPage\":{\"@id\":\"https:\/\/www.nexoinformativo.mx\/index.php\/2025\/03\/27\/investigan-accidente-en-dren-el-arenal-el-conductor-se-durmio-confirma-ameq\/#primaryimage\"},\"image\":{\"@id\":\"https:\/\/www.nexoinformativo.mx\/index.php\/2025\/03\/27\/investigan-accidente-en-dren-el-arenal-el-conductor-se-durmio-confirma-ameq\/#primaryimage\"},\"thumbnailUrl\":\"https:\/\/www.nexoinformativo.mx\/wp-content\/uploads\/2025\/03\/PHOTO-2025-03-27-12-24-00.jpg\",\"datePublished\":\"2025-03-27T18:00:08+00:00\",\"dateModified\":\"2025-03-27T19:25:45+00:00\",\"description\":\"Investigan accidente en dren el Arenal el conductor se durmi\u00f3 confirma AMEQ\",\"breadcrumb\":{\"@id\":\"https:\/\/www.nexoinformativo.mx\/index.php\/2025\/03\/27\/investigan-accidente-en-dren-el-arenal-el-conductor-se-durmio-confirma-ameq\/#breadcrumb\"},\"inLanguage\":\"es\",\"potentialAction\":[{\"@type\":\"ReadAction\",\"target\":[\"https:\/\/www.nexoinformativo.mx\/index.php\/2025\/03\/27\/investigan-accidente-en-dren-el-arenal-el-conductor-se-durmio-confirma-ameq\/\"]}]},{\"@type\":\"ImageObject\",\"inLanguage\":\"es\",\"@id\":\"https:\/\/www.nexoinformativo.mx\/index.php\/2025\/03\/27\/investigan-accidente-en-dren-el-arenal-el-conductor-se-durmio-confirma-ameq\/#primaryimage\",\"url\":\"https:\/\/www.nexoinformativo.mx\/wp-content\/uploads\/2025\/03\/PHOTO-2025-03-27-12-24-00.jpg\",\"contentUrl\":\"https:\/\/www.nexoinformativo.mx\/wp-content\/uploads\/2025\/03\/PHOTO-2025-03-27-12-24-00.jpg\",\"width\":720,\"height\":523},{\"@type\":\"BreadcrumbList\",\"@id\":\"https:\/\/www.nexoinformativo.mx\/index.php\/2025\/03\/27\/investigan-accidente-en-dren-el-arenal-el-conductor-se-durmio-confirma-ameq\/#breadcrumb\",\"itemListElement\":[{\"@type\":\"ListItem\",\"position\":1,\"name\":\"Inicio\",\"item\":\"https:\/\/www.nexoinformativo.mx\/\"},{\"@type\":\"ListItem\",\"position\":2,\"name\":\"Investigan accidente en dren el Arenal el conductor se durmi\u00f3 confirma AMEQ\"}]},{\"@type\":\"WebSite\",\"@id\":\"https:\/\/www.nexoinformativo.mx\/#website\",\"url\":\"https:\/\/www.nexoinformativo.mx\/\",\"name\":\"Nexo Informativo Santiago de Quer\u00e9taro\",\"description\":\"Explora NexoInformativo y convi\u00e9rtete en parte de una comunidad que valora el conocimiento y la verdad. Tu nexoinformativo es tu puente hacia una comprensi\u00f3n m\u00e1s profunda del mundo que te rodea.\",\"publisher\":{\"@id\":\"https:\/\/www.nexoinformativo.mx\/#organization\"},\"potentialAction\":[{\"@type\":\"SearchAction\",\"target\":{\"@type\":\"EntryPoint\",\"urlTemplate\":\"https:\/\/www.nexoinformativo.mx\/?s={search_term_string}\"},\"query-input\":{\"@type\":\"PropertyValueSpecification\",\"valueRequired\":true,\"valueName\":\"search_term_string\"}}],\"inLanguage\":\"es\"},{\"@type\":\"Organization\",\"@id\":\"https:\/\/www.nexoinformativo.mx\/#organization\",\"name\":\"Nexo Informativo Santiago de Quer\u00e9taro\",\"url\":\"https:\/\/www.nexoinformativo.mx\/\",\"logo\":{\"@type\":\"ImageObject\",\"inLanguage\":\"es\",\"@id\":\"https:\/\/www.nexoinformativo.mx\/#\/schema\/logo\/image\/\",\"url\":\"https:\/\/www.nexoinformativo.mx\/wp-content\/uploads\/2024\/07\/nexoi-trasparente-2.png\",\"contentUrl\":\"https:\/\/www.nexoinformativo.mx\/wp-content\/uploads\/2024\/07\/nexoi-trasparente-2.png\",\"width\":816,\"height\":339,\"caption\":\"Nexo Informativo Santiago de Quer\u00e9taro\"},\"image\":{\"@id\":\"https:\/\/www.nexoinformativo.mx\/#\/schema\/logo\/image\/\"},\"sameAs\":[\"https:\/\/www.facebook.com\/people\/Nexo-Informativo\/61564066885511\/\"]},{\"@type\":\"Person\",\"@id\":\"https:\/\/www.nexoinformativo.mx\/#\/schema\/person\/7749d380ba08c8ca00d7bc76fd907b7d\",\"name\":\"Nexo Informativo\",\"image\":{\"@type\":\"ImageObject\",\"inLanguage\":\"es\",\"@id\":\"https:\/\/www.nexoinformativo.mx\/#\/schema\/person\/image\/\",\"url\":\"https:\/\/secure.gravatar.com\/avatar\/dde2928154642a13d95f87ddf1ea9718fe2b46760a005c53e41ff5ad610704e6?s=96&d=mm&r=g\",\"contentUrl\":\"https:\/\/secure.gravatar.com\/avatar\/dde2928154642a13d95f87ddf1ea9718fe2b46760a005c53e41ff5ad610704e6?s=96&d=mm&r=g\",\"caption\":\"Nexo Informativo\"},\"url\":\"https:\/\/www.nexoinformativo.mx\/index.php\/author\/edicion\/\"}]}<\/script>\n<!-- \/ Yoast SEO plugin. -->","yoast_head_json":{"title":"Investigan accidente en dren el Arenal el conductor se durmi\u00f3 confirma AMEQ | Nexo Informativo Santiago de Quer\u00e9taro","description":"Investigan accidente en dren el Arenal el conductor se durmi\u00f3 confirma AMEQ","robots":{"index":"index","follow":"follow","max-snippet":"max-snippet:-1","max-image-preview":"max-image-preview:large","max-video-preview":"max-video-preview:-1"},"canonical":"https:\/\/www.nexoinformativo.mx\/index.php\/2025\/03\/27\/investigan-accidente-en-dren-el-arenal-el-conductor-se-durmio-confirma-ameq\/","og_locale":"es_MX","og_type":"article","og_title":"Investigan accidente en dren el Arenal el conductor se durmi\u00f3 confirma AMEQ | Nexo Informativo Santiago de Quer\u00e9taro","og_description":"Investigan accidente en dren el Arenal el conductor se durmi\u00f3 confirma AMEQ","og_url":"https:\/\/www.nexoinformativo.mx\/index.php\/2025\/03\/27\/investigan-accidente-en-dren-el-arenal-el-conductor-se-durmio-confirma-ameq\/","og_site_name":"Nexo Informativo Santiago de Quer\u00e9taro","article_publisher":"https:\/\/www.facebook.com\/people\/Nexo-Informativo\/61564066885511\/","article_published_time":"2025-03-27T18:00:08+00:00","article_modified_time":"2025-03-27T19:25:45+00:00","og_image":[{"width":720,"height":523,"url":"https:\/\/www.nexoinformativo.mx\/wp-content\/uploads\/2025\/03\/PHOTO-2025-03-27-12-24-00.jpg","type":"image\/jpeg"}],"author":"Nexo Informativo","twitter_card":"summary_large_image","twitter_misc":{"Escrito por":"Nexo Informativo","Tiempo de lectura":"1 minuto"},"schema":{"@context":"https:\/\/schema.org","@graph":[{"@type":"Article","@id":"https:\/\/www.nexoinformativo.mx\/index.php\/2025\/03\/27\/investigan-accidente-en-dren-el-arenal-el-conductor-se-durmio-confirma-ameq\/#article","isPartOf":{"@id":"https:\/\/www.nexoinformativo.mx\/index.php\/2025\/03\/27\/investigan-accidente-en-dren-el-arenal-el-conductor-se-durmio-confirma-ameq\/"},"author":{"name":"Nexo Informativo","@id":"https:\/\/www.nexoinformativo.mx\/#\/schema\/person\/7749d380ba08c8ca00d7bc76fd907b7d"},"headline":"Investigan accidente en dren el Arenal el conductor se durmi\u00f3 confirma AMEQ","datePublished":"2025-03-27T18:00:08+00:00","dateModified":"2025-03-27T19:25:45+00:00","mainEntityOfPage":{"@id":"https:\/\/www.nexoinformativo.mx\/index.php\/2025\/03\/27\/investigan-accidente-en-dren-el-arenal-el-conductor-se-durmio-confirma-ameq\/"},"wordCount":179,"commentCount":0,"publisher":{"@id":"https:\/\/www.nexoinformativo.mx\/#organization"},"image":{"@id":"https:\/\/www.nexoinformativo.mx\/index.php\/2025\/03\/27\/investigan-accidente-en-dren-el-arenal-el-conductor-se-durmio-confirma-ameq\/#primaryimage"},"thumbnailUrl":"https:\/\/www.nexoinformativo.mx\/wp-content\/uploads\/2025\/03\/PHOTO-2025-03-27-12-24-00.jpg","keywords":["AccidenteQuer\u00e9taro","AMEQ","DrenElArenal","seguridadvial"],"articleSection":["Sucesos","\u00daltima Hora"],"inLanguage":"es","potentialAction":[{"@type":"CommentAction","name":"Comment","target":["https:\/\/www.nexoinformativo.mx\/index.php\/2025\/03\/27\/investigan-accidente-en-dren-el-arenal-el-conductor-se-durmio-confirma-ameq\/#respond"]}]},{"@type":"WebPage","@id":"https:\/\/www.nexoinformativo.mx\/index.php\/2025\/03\/27\/investigan-accidente-en-dren-el-arenal-el-conductor-se-durmio-confirma-ameq\/","url":"https:\/\/www.nexoinformativo.mx\/index.php\/2025\/03\/27\/investigan-accidente-en-dren-el-arenal-el-conductor-se-durmio-confirma-ameq\/","name":"Investigan accidente en dren el Arenal el conductor se durmi\u00f3 confirma AMEQ | Nexo Informativo Santiago de Quer\u00e9taro","isPartOf":{"@id":"https:\/\/www.nexoinformativo.mx\/#website"},"primaryImageOfPage":{"@id":"https:\/\/www.nexoinformativo.mx\/index.php\/2025\/03\/27\/investigan-accidente-en-dren-el-arenal-el-conductor-se-durmio-confirma-ameq\/#primaryimage"},"image":{"@id":"https:\/\/www.nexoinformativo.mx\/index.php\/2025\/03\/27\/investigan-accidente-en-dren-el-arenal-el-conductor-se-durmio-confirma-ameq\/#primaryimage"},"thumbnailUrl":"https:\/\/www.nexoinformativo.mx\/wp-content\/uploads\/2025\/03\/PHOTO-2025-03-27-12-24-00.jpg","datePublished":"2025-03-27T18:00:08+00:00","dateModified":"2025-03-27T19:25:45+00:00","description":"Investigan accidente en dren el Arenal el conductor se durmi\u00f3 confirma AMEQ","breadcrumb":{"@id":"https:\/\/www.nexoinformativo.mx\/index.php\/2025\/03\/27\/investigan-accidente-en-dren-el-arenal-el-conductor-se-durmio-confirma-ameq\/#breadcrumb"},"inLanguage":"es","potentialAction":[{"@type":"ReadAction","target":["https:\/\/www.nexoinformativo.mx\/index.php\/2025\/03\/27\/investigan-accidente-en-dren-el-arenal-el-conductor-se-durmio-confirma-ameq\/"]}]},{"@type":"ImageObject","inLanguage":"es","@id":"https:\/\/www.nexoinformativo.mx\/index.php\/2025\/03\/27\/investigan-accidente-en-dren-el-arenal-el-conductor-se-durmio-confirma-ameq\/#primaryimage","url":"https:\/\/www.nexoinformativo.mx\/wp-content\/uploads\/2025\/03\/PHOTO-2025-03-27-12-24-00.jpg","contentUrl":"https:\/\/www.nexoinformativo.mx\/wp-content\/uploads\/2025\/03\/PHOTO-2025-03-27-12-24-00.jpg","width":720,"height":523},{"@type":"BreadcrumbList","@id":"https:\/\/www.nexoinformativo.mx\/index.php\/2025\/03\/27\/investigan-accidente-en-dren-el-arenal-el-conductor-se-durmio-confirma-ameq\/#breadcrumb","itemListElement":[{"@type":"ListItem","position":1,"name":"Inicio","item":"https:\/\/www.nexoinformativo.mx\/"},{"@type":"ListItem","position":2,"name":"Investigan accidente en dren el Arenal el conductor se durmi\u00f3 confirma AMEQ"}]},{"@type":"WebSite","@id":"https:\/\/www.nexoinformativo.mx\/#website","url":"https:\/\/www.nexoinformativo.mx\/","name":"Nexo Informativo Santiago de Quer\u00e9taro","description":"Explora NexoInformativo y convi\u00e9rtete en parte de una comunidad que valora el conocimiento y la verdad. Tu nexoinformativo es tu puente hacia una comprensi\u00f3n m\u00e1s profunda del mundo que te rodea.","publisher":{"@id":"https:\/\/www.nexoinformativo.mx\/#organization"},"potentialAction":[{"@type":"SearchAction","target":{"@type":"EntryPoint","urlTemplate":"https:\/\/www.nexoinformativo.mx\/?s={search_term_string}"},"query-input":{"@type":"PropertyValueSpecification","valueRequired":true,"valueName":"search_term_string"}}],"inLanguage":"es"},{"@type":"Organization","@id":"https:\/\/www.nexoinformativo.mx\/#organization","name":"Nexo Informativo Santiago de Quer\u00e9taro","url":"https:\/\/www.nexoinformativo.mx\/","logo":{"@type":"ImageObject","inLanguage":"es","@id":"https:\/\/www.nexoinformativo.mx\/#\/schema\/logo\/image\/","url":"https:\/\/www.nexoinformativo.mx\/wp-content\/uploads\/2024\/07\/nexoi-trasparente-2.png","contentUrl":"https:\/\/www.nexoinformativo.mx\/wp-content\/uploads\/2024\/07\/nexoi-trasparente-2.png","width":816,"height":339,"caption":"Nexo Informativo Santiago de Quer\u00e9taro"},"image":{"@id":"https:\/\/www.nexoinformativo.mx\/#\/schema\/logo\/image\/"},"sameAs":["https:\/\/www.facebook.com\/people\/Nexo-Informativo\/61564066885511\/"]},{"@type":"Person","@id":"https:\/\/www.nexoinformativo.mx\/#\/schema\/person\/7749d380ba08c8ca00d7bc76fd907b7d","name":"Nexo Informativo","image":{"@type":"ImageObject","inLanguage":"es","@id":"https:\/\/www.nexoinformativo.mx\/#\/schema\/person\/image\/","url":"https:\/\/secure.gravatar.com\/avatar\/dde2928154642a13d95f87ddf1ea9718fe2b46760a005c53e41ff5ad610704e6?s=96&d=mm&r=g","contentUrl":"https:\/\/secure.gravatar.com\/avatar\/dde2928154642a13d95f87ddf1ea9718fe2b46760a005c53e41ff5ad610704e6?s=96&d=mm&r=g","caption":"Nexo Informativo"},"url":"https:\/\/www.nexoinformativo.mx\/index.php\/author\/edicion\/"}]}},"_links":{"self":[{"href":"https:\/\/www.nexoinformativo.mx\/index.php\/wp-json\/wp\/v2\/posts\/13430","targetHints":{"allow":["GET"]}}],"collection":[{"href":"https:\/\/www.nexoinformativo.mx\/index.php\/wp-json\/wp\/v2\/posts"}],"about":[{"href":"https:\/\/www.nexoinformativo.mx\/index.php\/wp-json\/wp\/v2\/types\/post"}],"author":[{"embeddable":true,"href":"https:\/\/www.nexoinformativo.mx\/index.php\/wp-json\/wp\/v2\/users\/3"}],"replies":[{"embeddable":true,"href":"https:\/\/www.nexoinformativo.mx\/index.php\/wp-json\/wp\/v2\/comments?post=13430"}],"version-history":[{"count":3,"href":"https:\/\/www.nexoinformativo.mx\/index.php\/wp-json\/wp\/v2\/posts\/13430\/revisions"}],"predecessor-version":[{"id":13434,"href":"https:\/\/www.nexoinformativo.mx\/index.php\/wp-json\/wp\/v2\/posts\/13430\/revisions\/13434"}],"wp:featuredmedia":[{"embeddable":true,"href":"https:\/\/www.nexoinformativo.mx\/index.php\/wp-json\/wp\/v2\/media\/13431"}],"wp:attachment":[{"href":"https:\/\/www.nexoinformativo.mx\/index.php\/wp-json\/wp\/v2\/media?parent=13430"}],"wp:term":[{"taxonomy":"category","embeddable":true,"href":"https:\/\/www.nexoinformativo.mx\/index.php\/wp-json\/wp\/v2\/categories?post=13430"},{"taxonomy":"post_tag","embeddable":true,"href":"https:\/\/www.nexoinformativo.mx\/index.php\/wp-json\/wp\/v2\/tags?post=13430"}],"curies":[{"name":"wp","href":"https:\/\/api.w.org\/{rel}","templated":true}]}}