{"id":13437,"date":"2025-03-29T07:00:34","date_gmt":"2025-03-29T13:00:34","guid":{"rendered":"https:\/\/www.nexoinformativo.mx\/?p=13437"},"modified":"2025-03-29T12:19:17","modified_gmt":"2025-03-29T18:19:17","slug":"mexico-se-unira-a-clase-nacional-de-boxeo-por-la-paz-y-contra-las-adicciones-este-6-de-abril","status":"publish","type":"post","link":"https:\/\/www.nexoinformativo.mx\/index.php\/2025\/03\/29\/mexico-se-unira-a-clase-nacional-de-boxeo-por-la-paz-y-contra-las-adicciones-este-6-de-abril\/","title":{"rendered":"M\u00e9xico se unir\u00e1  a clase Nacional de boxeo por la paz y contra las adicciones este 6 de Abril"},"content":{"rendered":"<p style=\"text-align: justify;\" data-sourcepos=\"13:1-13:291\">El Gobierno de M\u00e9xico, a trav\u00e9s de la Secretar\u00eda de Educaci\u00f3n P\u00fablica (SEP), ha anunciado la realizaci\u00f3n de la<strong> Clase Nacional de Boxeo<\/strong>, un evento masivo que se llevar\u00e1 a cabo el pr\u00f3ximo domingo 6 de abril a las 09:00 horas en todas las plazas p\u00fablicas del pa\u00eds.<\/p>\n<p>&nbsp;<\/p>\n<p style=\"text-align: justify;\" data-sourcepos=\"15:1-15:373\">Esta iniciativa, que forma parte de la Estrategia Nacional de Seguridad, busca alejar a los j\u00f3venes de las drogas y la delincuencia, ofreci\u00e9ndoles alternativas de vida a trav\u00e9s del deporte.<\/p>\n<p>&nbsp;<\/p>\n<p style=\"text-align: justify;\" data-sourcepos=\"15:1-15:373\">La Presidenta de M\u00e9xico, Claudia Sheinbaum, destac\u00f3 la importancia de acercar el deporte a los j\u00f3venes como una herramienta de construcci\u00f3n de paz y lucha contra las adicciones.<\/p>\n<p>&nbsp;<\/p>\n<p style=\"text-align: justify;\" data-sourcepos=\"17:1-17:247\">El evento principal se realizar\u00e1 en el Z\u00f3calo de la Ciudad de M\u00e9xico, donde la Presidenta dar\u00e1 el banderazo de salida a la clase, acompa\u00f1ada de leyendas del boxeo nacional e internacional, como Julio C\u00e9sar Ch\u00e1vez, Roberto Dur\u00e1n y \u00d3scar de la Hoya.<\/p>\n<p>&nbsp;<\/p>\n<p style=\"text-align: justify;\" data-sourcepos=\"19:1-19:183\">Se estima la participaci\u00f3n de un mill\u00f3n de personas en esta clase, que tambi\u00e9n servir\u00e1 como plataforma para difundir la campa\u00f1a nacional <strong>&#8220;Al\u00e9jate de las Drogas. El Fentanilo te Mata&#8221;<\/strong>.<\/p>\n<p>&nbsp;<\/p>\n<p style=\"text-align: justify;\" data-sourcepos=\"21:1-21:199\">Adem\u00e1s, se anunci\u00f3 la realizaci\u00f3n de la<strong> &#8220;Carrera por la Paz y contra las adicciones&#8221;<\/strong> el domingo 30 de marzo, con distancias de 2 y 5 kil\u00f3metros, que se llevar\u00e1 a cabo simult\u00e1neamente en todo el pa\u00eds.<\/p>\n<p>&nbsp;<\/p>\n<p style=\"text-align: center;\" data-sourcepos=\"21:1-21:199\"><em><strong>\u00a1Informaci\u00f3n que transforma!<\/strong><\/em><\/p>\n","protected":false},"excerpt":{"rendered":"<p>El Gobierno de M\u00e9xico, a trav\u00e9s de la Secretar\u00eda de Educaci\u00f3n P\u00fablica (SEP), ha anunciado la realizaci\u00f3n de la Clase Nacional de Boxeo, un evento masivo que se llevar\u00e1 a cabo el pr\u00f3ximo domingo 6 de abril a las 09:00 horas en todas las plazas p\u00fablicas del pa\u00eds.<\/p>\n","protected":false},"author":3,"featured_media":13438,"comment_status":"open","ping_status":"open","sticky":false,"template":"","format":"standard","meta":{"footnotes":""},"categories":[88,58],"tags":[3672,3922,3923,3921],"class_list":["post-13437","post","type-post","status-publish","format-standard","has-post-thumbnail","hentry","category-nacional","category-ultima-hora","tag-boxeoporlapaz","tag-clasenacionaldeboxeo","tag-deporteybienestar","tag-mexicocontralasadicciones"],"yoast_head":"<!-- This site is optimized with the Yoast SEO plugin v25.0 - https:\/\/yoast.com\/wordpress\/plugins\/seo\/ -->\n<title>M\u00e9xico se unir\u00e1 a clase Nacional de boxeo por la paz y contra las adicciones este 6 de Abril | Nexo Informativo Santiago de Quer\u00e9taro<\/title>\n<meta name=\"description\" content=\"M\u00e9xico se unir\u00e1 a clase Nacional de boxeo por la paz y contra las adicciones este 6 de Abril\" \/>\n<meta name=\"robots\" content=\"index, follow, max-snippet:-1, max-image-preview:large, max-video-preview:-1\" \/>\n<link rel=\"canonical\" href=\"https:\/\/www.nexoinformativo.mx\/index.php\/2025\/03\/29\/mexico-se-unira-a-clase-nacional-de-boxeo-por-la-paz-y-contra-las-adicciones-este-6-de-abril\/\" \/>\n<meta property=\"og:locale\" content=\"es_MX\" \/>\n<meta property=\"og:type\" content=\"article\" \/>\n<meta property=\"og:title\" content=\"M\u00e9xico se unir\u00e1 a clase Nacional de boxeo por la paz y contra las adicciones este 6 de Abril | Nexo Informativo Santiago de Quer\u00e9taro\" \/>\n<meta property=\"og:description\" content=\"M\u00e9xico se unir\u00e1 a clase Nacional de boxeo por la paz y contra las adicciones este 6 de Abril\" \/>\n<meta property=\"og:url\" content=\"https:\/\/www.nexoinformativo.mx\/index.php\/2025\/03\/29\/mexico-se-unira-a-clase-nacional-de-boxeo-por-la-paz-y-contra-las-adicciones-este-6-de-abril\/\" \/>\n<meta property=\"og:site_name\" content=\"Nexo Informativo Santiago de Quer\u00e9taro\" \/>\n<meta property=\"article:publisher\" content=\"https:\/\/www.facebook.com\/people\/Nexo-Informativo\/61564066885511\/\" \/>\n<meta property=\"article:published_time\" content=\"2025-03-29T13:00:34+00:00\" \/>\n<meta property=\"article:modified_time\" content=\"2025-03-29T18:19:17+00:00\" \/>\n<meta property=\"og:image\" content=\"https:\/\/www.nexoinformativo.mx\/wp-content\/uploads\/2025\/03\/IMG_2001.jpg\" \/>\n\t<meta property=\"og:image:width\" content=\"650\" \/>\n\t<meta property=\"og:image:height\" content=\"380\" \/>\n\t<meta property=\"og:image:type\" content=\"image\/jpeg\" \/>\n<meta name=\"author\" content=\"Nexo Informativo\" \/>\n<meta name=\"twitter:card\" content=\"summary_large_image\" \/>\n<meta name=\"twitter:label1\" content=\"Escrito por\" \/>\n\t<meta name=\"twitter:data1\" content=\"Nexo Informativo\" \/>\n\t<meta name=\"twitter:label2\" content=\"Tiempo de lectura\" \/>\n\t<meta name=\"twitter:data2\" content=\"2 minutos\" \/>\n<script type=\"application\/ld+json\" class=\"yoast-schema-graph\">{\"@context\":\"https:\/\/schema.org\",\"@graph\":[{\"@type\":\"Article\",\"@id\":\"https:\/\/www.nexoinformativo.mx\/index.php\/2025\/03\/29\/mexico-se-unira-a-clase-nacional-de-boxeo-por-la-paz-y-contra-las-adicciones-este-6-de-abril\/#article\",\"isPartOf\":{\"@id\":\"https:\/\/www.nexoinformativo.mx\/index.php\/2025\/03\/29\/mexico-se-unira-a-clase-nacional-de-boxeo-por-la-paz-y-contra-las-adicciones-este-6-de-abril\/\"},\"author\":{\"name\":\"Nexo Informativo\",\"@id\":\"https:\/\/www.nexoinformativo.mx\/#\/schema\/person\/7749d380ba08c8ca00d7bc76fd907b7d\"},\"headline\":\"M\u00e9xico se unir\u00e1 a clase Nacional de boxeo por la paz y contra las adicciones este 6 de Abril\",\"datePublished\":\"2025-03-29T13:00:34+00:00\",\"dateModified\":\"2025-03-29T18:19:17+00:00\",\"mainEntityOfPage\":{\"@id\":\"https:\/\/www.nexoinformativo.mx\/index.php\/2025\/03\/29\/mexico-se-unira-a-clase-nacional-de-boxeo-por-la-paz-y-contra-las-adicciones-este-6-de-abril\/\"},\"wordCount\":271,\"commentCount\":0,\"publisher\":{\"@id\":\"https:\/\/www.nexoinformativo.mx\/#organization\"},\"image\":{\"@id\":\"https:\/\/www.nexoinformativo.mx\/index.php\/2025\/03\/29\/mexico-se-unira-a-clase-nacional-de-boxeo-por-la-paz-y-contra-las-adicciones-este-6-de-abril\/#primaryimage\"},\"thumbnailUrl\":\"https:\/\/www.nexoinformativo.mx\/wp-content\/uploads\/2025\/03\/IMG_2001.jpg\",\"keywords\":[\"BoxeoPorLaPaz\",\"ClaseNacionalDeBoxeo\",\"DeporteYBienestar\",\"M\u00e9xicoContraLasAdicciones\"],\"articleSection\":[\"Nacional\",\"\u00daltima Hora\"],\"inLanguage\":\"es\",\"potentialAction\":[{\"@type\":\"CommentAction\",\"name\":\"Comment\",\"target\":[\"https:\/\/www.nexoinformativo.mx\/index.php\/2025\/03\/29\/mexico-se-unira-a-clase-nacional-de-boxeo-por-la-paz-y-contra-las-adicciones-este-6-de-abril\/#respond\"]}]},{\"@type\":\"WebPage\",\"@id\":\"https:\/\/www.nexoinformativo.mx\/index.php\/2025\/03\/29\/mexico-se-unira-a-clase-nacional-de-boxeo-por-la-paz-y-contra-las-adicciones-este-6-de-abril\/\",\"url\":\"https:\/\/www.nexoinformativo.mx\/index.php\/2025\/03\/29\/mexico-se-unira-a-clase-nacional-de-boxeo-por-la-paz-y-contra-las-adicciones-este-6-de-abril\/\",\"name\":\"M\u00e9xico se unir\u00e1 a clase Nacional de boxeo por la paz y contra las adicciones este 6 de Abril | Nexo Informativo Santiago de Quer\u00e9taro\",\"isPartOf\":{\"@id\":\"https:\/\/www.nexoinformativo.mx\/#website\"},\"primaryImageOfPage\":{\"@id\":\"https:\/\/www.nexoinformativo.mx\/index.php\/2025\/03\/29\/mexico-se-unira-a-clase-nacional-de-boxeo-por-la-paz-y-contra-las-adicciones-este-6-de-abril\/#primaryimage\"},\"image\":{\"@id\":\"https:\/\/www.nexoinformativo.mx\/index.php\/2025\/03\/29\/mexico-se-unira-a-clase-nacional-de-boxeo-por-la-paz-y-contra-las-adicciones-este-6-de-abril\/#primaryimage\"},\"thumbnailUrl\":\"https:\/\/www.nexoinformativo.mx\/wp-content\/uploads\/2025\/03\/IMG_2001.jpg\",\"datePublished\":\"2025-03-29T13:00:34+00:00\",\"dateModified\":\"2025-03-29T18:19:17+00:00\",\"description\":\"M\u00e9xico se unir\u00e1 a clase Nacional de boxeo por la paz y contra las adicciones este 6 de Abril\",\"breadcrumb\":{\"@id\":\"https:\/\/www.nexoinformativo.mx\/index.php\/2025\/03\/29\/mexico-se-unira-a-clase-nacional-de-boxeo-por-la-paz-y-contra-las-adicciones-este-6-de-abril\/#breadcrumb\"},\"inLanguage\":\"es\",\"potentialAction\":[{\"@type\":\"ReadAction\",\"target\":[\"https:\/\/www.nexoinformativo.mx\/index.php\/2025\/03\/29\/mexico-se-unira-a-clase-nacional-de-boxeo-por-la-paz-y-contra-las-adicciones-este-6-de-abril\/\"]}]},{\"@type\":\"ImageObject\",\"inLanguage\":\"es\",\"@id\":\"https:\/\/www.nexoinformativo.mx\/index.php\/2025\/03\/29\/mexico-se-unira-a-clase-nacional-de-boxeo-por-la-paz-y-contra-las-adicciones-este-6-de-abril\/#primaryimage\",\"url\":\"https:\/\/www.nexoinformativo.mx\/wp-content\/uploads\/2025\/03\/IMG_2001.jpg\",\"contentUrl\":\"https:\/\/www.nexoinformativo.mx\/wp-content\/uploads\/2025\/03\/IMG_2001.jpg\",\"width\":650,\"height\":380,\"caption\":\"Cuauht\u00e9moc, Ciudad de M\u00e9xico, M\u00e9xico, 28 de marzo de 2025. La doctora Claudia Sheinbaum Pardo, presidenta Constitucional de los Estados Unidos Mexicanos en conferencia de prensa matutina \u201cLas ma\u00f1aneras del pueblo\u201d, en el Sal\u00f3n Tesorer\u00eda de Palacio Nacional. La acompa\u00f1an Ricardo Trevilla Trejo, secretario de la Defensa Nacional; Salvador Fernando Cervantes Loza, director general de Ingenieros de la Secretar\u00eda de la Defensa Nacional; Zo\u00e9 Robledo Aburto, director general del Instituto Mexicano del Seguro, Social (IMSS); Rommel Pacheco, director general de la Comisi\u00f3n Nacional de Cultura F\u00edsica y Deporte de M\u00e9xico; Bulmaro Ju\u00e1rez P\u00e9rez, divulgador de lenguas ind\u00edgenas, presentador de la secci\u00f3n \u201cSuave Patria\u201d; Miguel Torruco, director nacional de promoci\u00f3n al deporte y Bienestar; Mauricio Sulaim\u00e1n, presidente del Consejo Mundial del Boxeo y Julio C\u00e9sar Ch\u00e1vez, exboxeador. Foto: Presidencia\"},{\"@type\":\"BreadcrumbList\",\"@id\":\"https:\/\/www.nexoinformativo.mx\/index.php\/2025\/03\/29\/mexico-se-unira-a-clase-nacional-de-boxeo-por-la-paz-y-contra-las-adicciones-este-6-de-abril\/#breadcrumb\",\"itemListElement\":[{\"@type\":\"ListItem\",\"position\":1,\"name\":\"Inicio\",\"item\":\"https:\/\/www.nexoinformativo.mx\/\"},{\"@type\":\"ListItem\",\"position\":2,\"name\":\"M\u00e9xico se unir\u00e1 a clase Nacional de boxeo por la paz y contra las adicciones este 6 de Abril\"}]},{\"@type\":\"WebSite\",\"@id\":\"https:\/\/www.nexoinformativo.mx\/#website\",\"url\":\"https:\/\/www.nexoinformativo.mx\/\",\"name\":\"Nexo Informativo Santiago de Quer\u00e9taro\",\"description\":\"Explora NexoInformativo y convi\u00e9rtete en parte de una comunidad que valora el conocimiento y la verdad. Tu nexoinformativo es tu puente hacia una comprensi\u00f3n m\u00e1s profunda del mundo que te rodea.\",\"publisher\":{\"@id\":\"https:\/\/www.nexoinformativo.mx\/#organization\"},\"potentialAction\":[{\"@type\":\"SearchAction\",\"target\":{\"@type\":\"EntryPoint\",\"urlTemplate\":\"https:\/\/www.nexoinformativo.mx\/?s={search_term_string}\"},\"query-input\":{\"@type\":\"PropertyValueSpecification\",\"valueRequired\":true,\"valueName\":\"search_term_string\"}}],\"inLanguage\":\"es\"},{\"@type\":\"Organization\",\"@id\":\"https:\/\/www.nexoinformativo.mx\/#organization\",\"name\":\"Nexo Informativo Santiago de Quer\u00e9taro\",\"url\":\"https:\/\/www.nexoinformativo.mx\/\",\"logo\":{\"@type\":\"ImageObject\",\"inLanguage\":\"es\",\"@id\":\"https:\/\/www.nexoinformativo.mx\/#\/schema\/logo\/image\/\",\"url\":\"https:\/\/www.nexoinformativo.mx\/wp-content\/uploads\/2024\/07\/nexoi-trasparente-2.png\",\"contentUrl\":\"https:\/\/www.nexoinformativo.mx\/wp-content\/uploads\/2024\/07\/nexoi-trasparente-2.png\",\"width\":816,\"height\":339,\"caption\":\"Nexo Informativo Santiago de Quer\u00e9taro\"},\"image\":{\"@id\":\"https:\/\/www.nexoinformativo.mx\/#\/schema\/logo\/image\/\"},\"sameAs\":[\"https:\/\/www.facebook.com\/people\/Nexo-Informativo\/61564066885511\/\"]},{\"@type\":\"Person\",\"@id\":\"https:\/\/www.nexoinformativo.mx\/#\/schema\/person\/7749d380ba08c8ca00d7bc76fd907b7d\",\"name\":\"Nexo Informativo\",\"image\":{\"@type\":\"ImageObject\",\"inLanguage\":\"es\",\"@id\":\"https:\/\/www.nexoinformativo.mx\/#\/schema\/person\/image\/\",\"url\":\"https:\/\/secure.gravatar.com\/avatar\/dde2928154642a13d95f87ddf1ea9718fe2b46760a005c53e41ff5ad610704e6?s=96&d=mm&r=g\",\"contentUrl\":\"https:\/\/secure.gravatar.com\/avatar\/dde2928154642a13d95f87ddf1ea9718fe2b46760a005c53e41ff5ad610704e6?s=96&d=mm&r=g\",\"caption\":\"Nexo Informativo\"},\"url\":\"https:\/\/www.nexoinformativo.mx\/index.php\/author\/edicion\/\"}]}<\/script>\n<!-- \/ Yoast SEO plugin. -->","yoast_head_json":{"title":"M\u00e9xico se unir\u00e1 a clase Nacional de boxeo por la paz y contra las adicciones este 6 de Abril | Nexo Informativo Santiago de Quer\u00e9taro","description":"M\u00e9xico se unir\u00e1 a clase Nacional de boxeo por la paz y contra las adicciones este 6 de Abril","robots":{"index":"index","follow":"follow","max-snippet":"max-snippet:-1","max-image-preview":"max-image-preview:large","max-video-preview":"max-video-preview:-1"},"canonical":"https:\/\/www.nexoinformativo.mx\/index.php\/2025\/03\/29\/mexico-se-unira-a-clase-nacional-de-boxeo-por-la-paz-y-contra-las-adicciones-este-6-de-abril\/","og_locale":"es_MX","og_type":"article","og_title":"M\u00e9xico se unir\u00e1 a clase Nacional de boxeo por la paz y contra las adicciones este 6 de Abril | Nexo Informativo Santiago de Quer\u00e9taro","og_description":"M\u00e9xico se unir\u00e1 a clase Nacional de boxeo por la paz y contra las adicciones este 6 de Abril","og_url":"https:\/\/www.nexoinformativo.mx\/index.php\/2025\/03\/29\/mexico-se-unira-a-clase-nacional-de-boxeo-por-la-paz-y-contra-las-adicciones-este-6-de-abril\/","og_site_name":"Nexo Informativo Santiago de Quer\u00e9taro","article_publisher":"https:\/\/www.facebook.com\/people\/Nexo-Informativo\/61564066885511\/","article_published_time":"2025-03-29T13:00:34+00:00","article_modified_time":"2025-03-29T18:19:17+00:00","og_image":[{"width":650,"height":380,"url":"https:\/\/www.nexoinformativo.mx\/wp-content\/uploads\/2025\/03\/IMG_2001.jpg","type":"image\/jpeg"}],"author":"Nexo Informativo","twitter_card":"summary_large_image","twitter_misc":{"Escrito por":"Nexo Informativo","Tiempo de lectura":"2 minutos"},"schema":{"@context":"https:\/\/schema.org","@graph":[{"@type":"Article","@id":"https:\/\/www.nexoinformativo.mx\/index.php\/2025\/03\/29\/mexico-se-unira-a-clase-nacional-de-boxeo-por-la-paz-y-contra-las-adicciones-este-6-de-abril\/#article","isPartOf":{"@id":"https:\/\/www.nexoinformativo.mx\/index.php\/2025\/03\/29\/mexico-se-unira-a-clase-nacional-de-boxeo-por-la-paz-y-contra-las-adicciones-este-6-de-abril\/"},"author":{"name":"Nexo Informativo","@id":"https:\/\/www.nexoinformativo.mx\/#\/schema\/person\/7749d380ba08c8ca00d7bc76fd907b7d"},"headline":"M\u00e9xico se unir\u00e1 a clase Nacional de boxeo por la paz y contra las adicciones este 6 de Abril","datePublished":"2025-03-29T13:00:34+00:00","dateModified":"2025-03-29T18:19:17+00:00","mainEntityOfPage":{"@id":"https:\/\/www.nexoinformativo.mx\/index.php\/2025\/03\/29\/mexico-se-unira-a-clase-nacional-de-boxeo-por-la-paz-y-contra-las-adicciones-este-6-de-abril\/"},"wordCount":271,"commentCount":0,"publisher":{"@id":"https:\/\/www.nexoinformativo.mx\/#organization"},"image":{"@id":"https:\/\/www.nexoinformativo.mx\/index.php\/2025\/03\/29\/mexico-se-unira-a-clase-nacional-de-boxeo-por-la-paz-y-contra-las-adicciones-este-6-de-abril\/#primaryimage"},"thumbnailUrl":"https:\/\/www.nexoinformativo.mx\/wp-content\/uploads\/2025\/03\/IMG_2001.jpg","keywords":["BoxeoPorLaPaz","ClaseNacionalDeBoxeo","DeporteYBienestar","M\u00e9xicoContraLasAdicciones"],"articleSection":["Nacional","\u00daltima Hora"],"inLanguage":"es","potentialAction":[{"@type":"CommentAction","name":"Comment","target":["https:\/\/www.nexoinformativo.mx\/index.php\/2025\/03\/29\/mexico-se-unira-a-clase-nacional-de-boxeo-por-la-paz-y-contra-las-adicciones-este-6-de-abril\/#respond"]}]},{"@type":"WebPage","@id":"https:\/\/www.nexoinformativo.mx\/index.php\/2025\/03\/29\/mexico-se-unira-a-clase-nacional-de-boxeo-por-la-paz-y-contra-las-adicciones-este-6-de-abril\/","url":"https:\/\/www.nexoinformativo.mx\/index.php\/2025\/03\/29\/mexico-se-unira-a-clase-nacional-de-boxeo-por-la-paz-y-contra-las-adicciones-este-6-de-abril\/","name":"M\u00e9xico se unir\u00e1 a clase Nacional de boxeo por la paz y contra las adicciones este 6 de Abril | Nexo Informativo Santiago de Quer\u00e9taro","isPartOf":{"@id":"https:\/\/www.nexoinformativo.mx\/#website"},"primaryImageOfPage":{"@id":"https:\/\/www.nexoinformativo.mx\/index.php\/2025\/03\/29\/mexico-se-unira-a-clase-nacional-de-boxeo-por-la-paz-y-contra-las-adicciones-este-6-de-abril\/#primaryimage"},"image":{"@id":"https:\/\/www.nexoinformativo.mx\/index.php\/2025\/03\/29\/mexico-se-unira-a-clase-nacional-de-boxeo-por-la-paz-y-contra-las-adicciones-este-6-de-abril\/#primaryimage"},"thumbnailUrl":"https:\/\/www.nexoinformativo.mx\/wp-content\/uploads\/2025\/03\/IMG_2001.jpg","datePublished":"2025-03-29T13:00:34+00:00","dateModified":"2025-03-29T18:19:17+00:00","description":"M\u00e9xico se unir\u00e1 a clase Nacional de boxeo por la paz y contra las adicciones este 6 de Abril","breadcrumb":{"@id":"https:\/\/www.nexoinformativo.mx\/index.php\/2025\/03\/29\/mexico-se-unira-a-clase-nacional-de-boxeo-por-la-paz-y-contra-las-adicciones-este-6-de-abril\/#breadcrumb"},"inLanguage":"es","potentialAction":[{"@type":"ReadAction","target":["https:\/\/www.nexoinformativo.mx\/index.php\/2025\/03\/29\/mexico-se-unira-a-clase-nacional-de-boxeo-por-la-paz-y-contra-las-adicciones-este-6-de-abril\/"]}]},{"@type":"ImageObject","inLanguage":"es","@id":"https:\/\/www.nexoinformativo.mx\/index.php\/2025\/03\/29\/mexico-se-unira-a-clase-nacional-de-boxeo-por-la-paz-y-contra-las-adicciones-este-6-de-abril\/#primaryimage","url":"https:\/\/www.nexoinformativo.mx\/wp-content\/uploads\/2025\/03\/IMG_2001.jpg","contentUrl":"https:\/\/www.nexoinformativo.mx\/wp-content\/uploads\/2025\/03\/IMG_2001.jpg","width":650,"height":380,"caption":"Cuauht\u00e9moc, Ciudad de M\u00e9xico, M\u00e9xico, 28 de marzo de 2025. La doctora Claudia Sheinbaum Pardo, presidenta Constitucional de los Estados Unidos Mexicanos en conferencia de prensa matutina \u201cLas ma\u00f1aneras del pueblo\u201d, en el Sal\u00f3n Tesorer\u00eda de Palacio Nacional. La acompa\u00f1an Ricardo Trevilla Trejo, secretario de la Defensa Nacional; Salvador Fernando Cervantes Loza, director general de Ingenieros de la Secretar\u00eda de la Defensa Nacional; Zo\u00e9 Robledo Aburto, director general del Instituto Mexicano del Seguro, Social (IMSS); Rommel Pacheco, director general de la Comisi\u00f3n Nacional de Cultura F\u00edsica y Deporte de M\u00e9xico; Bulmaro Ju\u00e1rez P\u00e9rez, divulgador de lenguas ind\u00edgenas, presentador de la secci\u00f3n \u201cSuave Patria\u201d; Miguel Torruco, director nacional de promoci\u00f3n al deporte y Bienestar; Mauricio Sulaim\u00e1n, presidente del Consejo Mundial del Boxeo y Julio C\u00e9sar Ch\u00e1vez, exboxeador. Foto: Presidencia"},{"@type":"BreadcrumbList","@id":"https:\/\/www.nexoinformativo.mx\/index.php\/2025\/03\/29\/mexico-se-unira-a-clase-nacional-de-boxeo-por-la-paz-y-contra-las-adicciones-este-6-de-abril\/#breadcrumb","itemListElement":[{"@type":"ListItem","position":1,"name":"Inicio","item":"https:\/\/www.nexoinformativo.mx\/"},{"@type":"ListItem","position":2,"name":"M\u00e9xico se unir\u00e1 a clase Nacional de boxeo por la paz y contra las adicciones este 6 de Abril"}]},{"@type":"WebSite","@id":"https:\/\/www.nexoinformativo.mx\/#website","url":"https:\/\/www.nexoinformativo.mx\/","name":"Nexo Informativo Santiago de Quer\u00e9taro","description":"Explora NexoInformativo y convi\u00e9rtete en parte de una comunidad que valora el conocimiento y la verdad. Tu nexoinformativo es tu puente hacia una comprensi\u00f3n m\u00e1s profunda del mundo que te rodea.","publisher":{"@id":"https:\/\/www.nexoinformativo.mx\/#organization"},"potentialAction":[{"@type":"SearchAction","target":{"@type":"EntryPoint","urlTemplate":"https:\/\/www.nexoinformativo.mx\/?s={search_term_string}"},"query-input":{"@type":"PropertyValueSpecification","valueRequired":true,"valueName":"search_term_string"}}],"inLanguage":"es"},{"@type":"Organization","@id":"https:\/\/www.nexoinformativo.mx\/#organization","name":"Nexo Informativo Santiago de Quer\u00e9taro","url":"https:\/\/www.nexoinformativo.mx\/","logo":{"@type":"ImageObject","inLanguage":"es","@id":"https:\/\/www.nexoinformativo.mx\/#\/schema\/logo\/image\/","url":"https:\/\/www.nexoinformativo.mx\/wp-content\/uploads\/2024\/07\/nexoi-trasparente-2.png","contentUrl":"https:\/\/www.nexoinformativo.mx\/wp-content\/uploads\/2024\/07\/nexoi-trasparente-2.png","width":816,"height":339,"caption":"Nexo Informativo Santiago de Quer\u00e9taro"},"image":{"@id":"https:\/\/www.nexoinformativo.mx\/#\/schema\/logo\/image\/"},"sameAs":["https:\/\/www.facebook.com\/people\/Nexo-Informativo\/61564066885511\/"]},{"@type":"Person","@id":"https:\/\/www.nexoinformativo.mx\/#\/schema\/person\/7749d380ba08c8ca00d7bc76fd907b7d","name":"Nexo Informativo","image":{"@type":"ImageObject","inLanguage":"es","@id":"https:\/\/www.nexoinformativo.mx\/#\/schema\/person\/image\/","url":"https:\/\/secure.gravatar.com\/avatar\/dde2928154642a13d95f87ddf1ea9718fe2b46760a005c53e41ff5ad610704e6?s=96&d=mm&r=g","contentUrl":"https:\/\/secure.gravatar.com\/avatar\/dde2928154642a13d95f87ddf1ea9718fe2b46760a005c53e41ff5ad610704e6?s=96&d=mm&r=g","caption":"Nexo Informativo"},"url":"https:\/\/www.nexoinformativo.mx\/index.php\/author\/edicion\/"}]}},"_links":{"self":[{"href":"https:\/\/www.nexoinformativo.mx\/index.php\/wp-json\/wp\/v2\/posts\/13437","targetHints":{"allow":["GET"]}}],"collection":[{"href":"https:\/\/www.nexoinformativo.mx\/index.php\/wp-json\/wp\/v2\/posts"}],"about":[{"href":"https:\/\/www.nexoinformativo.mx\/index.php\/wp-json\/wp\/v2\/types\/post"}],"author":[{"embeddable":true,"href":"https:\/\/www.nexoinformativo.mx\/index.php\/wp-json\/wp\/v2\/users\/3"}],"replies":[{"embeddable":true,"href":"https:\/\/www.nexoinformativo.mx\/index.php\/wp-json\/wp\/v2\/comments?post=13437"}],"version-history":[{"count":4,"href":"https:\/\/www.nexoinformativo.mx\/index.php\/wp-json\/wp\/v2\/posts\/13437\/revisions"}],"predecessor-version":[{"id":13442,"href":"https:\/\/www.nexoinformativo.mx\/index.php\/wp-json\/wp\/v2\/posts\/13437\/revisions\/13442"}],"wp:featuredmedia":[{"embeddable":true,"href":"https:\/\/www.nexoinformativo.mx\/index.php\/wp-json\/wp\/v2\/media\/13438"}],"wp:attachment":[{"href":"https:\/\/www.nexoinformativo.mx\/index.php\/wp-json\/wp\/v2\/media?parent=13437"}],"wp:term":[{"taxonomy":"category","embeddable":true,"href":"https:\/\/www.nexoinformativo.mx\/index.php\/wp-json\/wp\/v2\/categories?post=13437"},{"taxonomy":"post_tag","embeddable":true,"href":"https:\/\/www.nexoinformativo.mx\/index.php\/wp-json\/wp\/v2\/tags?post=13437"}],"curies":[{"name":"wp","href":"https:\/\/api.w.org\/{rel}","templated":true}]}}