{"id":1344,"date":"2024-08-30T11:00:05","date_gmt":"2024-08-30T17:00:05","guid":{"rendered":"https:\/\/www.nexoinformativo.mx\/?p=1344"},"modified":"2024-08-31T14:27:50","modified_gmt":"2024-08-31T20:27:50","slug":"egresados-de-tsu-en-policia-preventivo-podran-tramitar-cedula-estatal","status":"publish","type":"post","link":"https:\/\/www.nexoinformativo.mx\/index.php\/2024\/08\/30\/egresados-de-tsu-en-policia-preventivo-podran-tramitar-cedula-estatal\/","title":{"rendered":"Egresados de TSU en Polic\u00eda Preventivo podr\u00e1n tramitar c\u00e9dula estatal"},"content":{"rendered":"<p style=\"text-align: justify;\">Los egresados de la carrera de T\u00e9cnico Superior Universitario (TSU) en Polic\u00eda Preventivo, impartida por el Instituto Policial de Estudios Superiores (IPES) de la SSPMQ, ya pueden tramitar su c\u00e9dula estatal, adem\u00e1s de la c\u00e9dula profesional federal.<\/p>\n<p>&nbsp;<\/p>\n<p style=\"text-align: justify;\">Esto es posible gracias a la autorizaci\u00f3n de la Direcci\u00f3n Estatal de Profesiones, garantizando que los graduados puedan ejercer su profesi\u00f3n con mayor certeza jur\u00eddica. La SSPMQ sigue comprometida con la formaci\u00f3n de mejores polic\u00edas y la eficiencia en sus procesos.<\/p>\n<p>&nbsp;<\/p>\n<p><img loading=\"lazy\" decoding=\"async\" class=\"alignnone size-full wp-image-1346\" src=\"https:\/\/www.nexoinformativo.mx\/wp-content\/uploads\/2024\/08\/unnamed-9-e1725135791758.jpg\" alt=\"\" width=\"800\" height=\"533\" \/><\/p>\n","protected":false},"excerpt":{"rendered":"<p>Los egresados de la carrera de T\u00e9cnico Superior Universitario (TSU) en Polic\u00eda Preventivo, impartida por el Instituto Policial de Estudios Superiores (IPES) de la SSPMQ, ya pueden tramitar su c\u00e9dula estatal, adem\u00e1s de la c\u00e9dula profesional federal. &nbsp; Esto es posible gracias a la autorizaci\u00f3n de la Direcci\u00f3n Estatal de Profesiones, garantizando que los graduados [&hellip;]<\/p>\n","protected":false},"author":3,"featured_media":1347,"comment_status":"open","ping_status":"open","sticky":false,"template":"","format":"standard","meta":{"footnotes":""},"categories":[65],"tags":[387,389,388,266,390],"class_list":["post-1344","post","type-post","status-publish","format-standard","has-post-thumbnail","hentry","category-municipios","tag-cedulaestatal","tag-educacionpolicial","tag-policiapreventivo","tag-seguridadqueretaro","tag-tsuqueretaro"],"yoast_head":"<!-- This site is optimized with the Yoast SEO plugin v25.0 - https:\/\/yoast.com\/wordpress\/plugins\/seo\/ -->\n<title>Egresados de TSU en Polic\u00eda Preventivo podr\u00e1n tramitar c\u00e9dula estatal | Nexo Informativo Santiago de Quer\u00e9taro<\/title>\n<meta name=\"robots\" content=\"index, follow, max-snippet:-1, max-image-preview:large, max-video-preview:-1\" \/>\n<link rel=\"canonical\" href=\"https:\/\/www.nexoinformativo.mx\/index.php\/2024\/08\/30\/egresados-de-tsu-en-policia-preventivo-podran-tramitar-cedula-estatal\/\" \/>\n<meta property=\"og:locale\" content=\"es_MX\" \/>\n<meta property=\"og:type\" content=\"article\" \/>\n<meta property=\"og:title\" content=\"Egresados de TSU en Polic\u00eda Preventivo podr\u00e1n tramitar c\u00e9dula estatal | Nexo Informativo Santiago de Quer\u00e9taro\" \/>\n<meta property=\"og:description\" content=\"Los egresados de la carrera de T\u00e9cnico Superior Universitario (TSU) en Polic\u00eda Preventivo, impartida por el Instituto Policial de Estudios Superiores (IPES) de la SSPMQ, ya pueden tramitar su c\u00e9dula estatal, adem\u00e1s de la c\u00e9dula profesional federal. &nbsp; Esto es posible gracias a la autorizaci\u00f3n de la Direcci\u00f3n Estatal de Profesiones, garantizando que los graduados [&hellip;]\" \/>\n<meta property=\"og:url\" content=\"https:\/\/www.nexoinformativo.mx\/index.php\/2024\/08\/30\/egresados-de-tsu-en-policia-preventivo-podran-tramitar-cedula-estatal\/\" \/>\n<meta property=\"og:site_name\" content=\"Nexo Informativo Santiago de Quer\u00e9taro\" \/>\n<meta property=\"article:publisher\" content=\"https:\/\/www.facebook.com\/people\/Nexo-Informativo\/61564066885511\/\" \/>\n<meta property=\"article:published_time\" content=\"2024-08-30T17:00:05+00:00\" \/>\n<meta property=\"article:modified_time\" content=\"2024-08-31T20:27:50+00:00\" \/>\n<meta property=\"og:image\" content=\"https:\/\/www.nexoinformativo.mx\/wp-content\/uploads\/2024\/08\/unnamed-8-e1725135775775.jpg\" \/>\n\t<meta property=\"og:image:width\" content=\"800\" \/>\n\t<meta property=\"og:image:height\" content=\"533\" \/>\n\t<meta property=\"og:image:type\" content=\"image\/jpeg\" \/>\n<meta name=\"author\" content=\"Nexo Informativo\" \/>\n<meta name=\"twitter:card\" content=\"summary_large_image\" \/>\n<meta name=\"twitter:label1\" content=\"Escrito por\" \/>\n\t<meta name=\"twitter:data1\" content=\"Nexo Informativo\" \/>\n\t<meta name=\"twitter:label2\" content=\"Tiempo de lectura\" \/>\n\t<meta name=\"twitter:data2\" content=\"1 minuto\" \/>\n<script type=\"application\/ld+json\" class=\"yoast-schema-graph\">{\"@context\":\"https:\/\/schema.org\",\"@graph\":[{\"@type\":\"Article\",\"@id\":\"https:\/\/www.nexoinformativo.mx\/index.php\/2024\/08\/30\/egresados-de-tsu-en-policia-preventivo-podran-tramitar-cedula-estatal\/#article\",\"isPartOf\":{\"@id\":\"https:\/\/www.nexoinformativo.mx\/index.php\/2024\/08\/30\/egresados-de-tsu-en-policia-preventivo-podran-tramitar-cedula-estatal\/\"},\"author\":{\"name\":\"Nexo Informativo\",\"@id\":\"https:\/\/www.nexoinformativo.mx\/#\/schema\/person\/7749d380ba08c8ca00d7bc76fd907b7d\"},\"headline\":\"Egresados de TSU en Polic\u00eda Preventivo podr\u00e1n tramitar c\u00e9dula estatal\",\"datePublished\":\"2024-08-30T17:00:05+00:00\",\"dateModified\":\"2024-08-31T20:27:50+00:00\",\"mainEntityOfPage\":{\"@id\":\"https:\/\/www.nexoinformativo.mx\/index.php\/2024\/08\/30\/egresados-de-tsu-en-policia-preventivo-podran-tramitar-cedula-estatal\/\"},\"wordCount\":104,\"commentCount\":0,\"publisher\":{\"@id\":\"https:\/\/www.nexoinformativo.mx\/#organization\"},\"image\":{\"@id\":\"https:\/\/www.nexoinformativo.mx\/index.php\/2024\/08\/30\/egresados-de-tsu-en-policia-preventivo-podran-tramitar-cedula-estatal\/#primaryimage\"},\"thumbnailUrl\":\"https:\/\/www.nexoinformativo.mx\/wp-content\/uploads\/2024\/08\/unnamed-8-e1725135775775.jpg\",\"keywords\":[\"C\u00e9dulaEstatal\",\"Educaci\u00f3nPolicial\",\"Polic\u00edaPreventivo\",\"SeguridadQueretaro\",\"TSUQuer\u00e9taro\"],\"articleSection\":[\"Municipios\"],\"inLanguage\":\"es\",\"potentialAction\":[{\"@type\":\"CommentAction\",\"name\":\"Comment\",\"target\":[\"https:\/\/www.nexoinformativo.mx\/index.php\/2024\/08\/30\/egresados-de-tsu-en-policia-preventivo-podran-tramitar-cedula-estatal\/#respond\"]}]},{\"@type\":\"WebPage\",\"@id\":\"https:\/\/www.nexoinformativo.mx\/index.php\/2024\/08\/30\/egresados-de-tsu-en-policia-preventivo-podran-tramitar-cedula-estatal\/\",\"url\":\"https:\/\/www.nexoinformativo.mx\/index.php\/2024\/08\/30\/egresados-de-tsu-en-policia-preventivo-podran-tramitar-cedula-estatal\/\",\"name\":\"Egresados de TSU en Polic\u00eda Preventivo podr\u00e1n tramitar c\u00e9dula estatal | Nexo Informativo Santiago de Quer\u00e9taro\",\"isPartOf\":{\"@id\":\"https:\/\/www.nexoinformativo.mx\/#website\"},\"primaryImageOfPage\":{\"@id\":\"https:\/\/www.nexoinformativo.mx\/index.php\/2024\/08\/30\/egresados-de-tsu-en-policia-preventivo-podran-tramitar-cedula-estatal\/#primaryimage\"},\"image\":{\"@id\":\"https:\/\/www.nexoinformativo.mx\/index.php\/2024\/08\/30\/egresados-de-tsu-en-policia-preventivo-podran-tramitar-cedula-estatal\/#primaryimage\"},\"thumbnailUrl\":\"https:\/\/www.nexoinformativo.mx\/wp-content\/uploads\/2024\/08\/unnamed-8-e1725135775775.jpg\",\"datePublished\":\"2024-08-30T17:00:05+00:00\",\"dateModified\":\"2024-08-31T20:27:50+00:00\",\"breadcrumb\":{\"@id\":\"https:\/\/www.nexoinformativo.mx\/index.php\/2024\/08\/30\/egresados-de-tsu-en-policia-preventivo-podran-tramitar-cedula-estatal\/#breadcrumb\"},\"inLanguage\":\"es\",\"potentialAction\":[{\"@type\":\"ReadAction\",\"target\":[\"https:\/\/www.nexoinformativo.mx\/index.php\/2024\/08\/30\/egresados-de-tsu-en-policia-preventivo-podran-tramitar-cedula-estatal\/\"]}]},{\"@type\":\"ImageObject\",\"inLanguage\":\"es\",\"@id\":\"https:\/\/www.nexoinformativo.mx\/index.php\/2024\/08\/30\/egresados-de-tsu-en-policia-preventivo-podran-tramitar-cedula-estatal\/#primaryimage\",\"url\":\"https:\/\/www.nexoinformativo.mx\/wp-content\/uploads\/2024\/08\/unnamed-8-e1725135775775.jpg\",\"contentUrl\":\"https:\/\/www.nexoinformativo.mx\/wp-content\/uploads\/2024\/08\/unnamed-8-e1725135775775.jpg\",\"width\":800,\"height\":533},{\"@type\":\"BreadcrumbList\",\"@id\":\"https:\/\/www.nexoinformativo.mx\/index.php\/2024\/08\/30\/egresados-de-tsu-en-policia-preventivo-podran-tramitar-cedula-estatal\/#breadcrumb\",\"itemListElement\":[{\"@type\":\"ListItem\",\"position\":1,\"name\":\"Inicio\",\"item\":\"https:\/\/www.nexoinformativo.mx\/\"},{\"@type\":\"ListItem\",\"position\":2,\"name\":\"Egresados de TSU en Polic\u00eda Preventivo podr\u00e1n tramitar c\u00e9dula estatal\"}]},{\"@type\":\"WebSite\",\"@id\":\"https:\/\/www.nexoinformativo.mx\/#website\",\"url\":\"https:\/\/www.nexoinformativo.mx\/\",\"name\":\"Nexo Informativo Santiago de Quer\u00e9taro\",\"description\":\"Explora NexoInformativo y convi\u00e9rtete en parte de una comunidad que valora el conocimiento y la verdad. Tu nexoinformativo es tu puente hacia una comprensi\u00f3n m\u00e1s profunda del mundo que te rodea.\",\"publisher\":{\"@id\":\"https:\/\/www.nexoinformativo.mx\/#organization\"},\"potentialAction\":[{\"@type\":\"SearchAction\",\"target\":{\"@type\":\"EntryPoint\",\"urlTemplate\":\"https:\/\/www.nexoinformativo.mx\/?s={search_term_string}\"},\"query-input\":{\"@type\":\"PropertyValueSpecification\",\"valueRequired\":true,\"valueName\":\"search_term_string\"}}],\"inLanguage\":\"es\"},{\"@type\":\"Organization\",\"@id\":\"https:\/\/www.nexoinformativo.mx\/#organization\",\"name\":\"Nexo Informativo Santiago de Quer\u00e9taro\",\"url\":\"https:\/\/www.nexoinformativo.mx\/\",\"logo\":{\"@type\":\"ImageObject\",\"inLanguage\":\"es\",\"@id\":\"https:\/\/www.nexoinformativo.mx\/#\/schema\/logo\/image\/\",\"url\":\"https:\/\/www.nexoinformativo.mx\/wp-content\/uploads\/2024\/07\/nexoi-trasparente-2.png\",\"contentUrl\":\"https:\/\/www.nexoinformativo.mx\/wp-content\/uploads\/2024\/07\/nexoi-trasparente-2.png\",\"width\":816,\"height\":339,\"caption\":\"Nexo Informativo Santiago de Quer\u00e9taro\"},\"image\":{\"@id\":\"https:\/\/www.nexoinformativo.mx\/#\/schema\/logo\/image\/\"},\"sameAs\":[\"https:\/\/www.facebook.com\/people\/Nexo-Informativo\/61564066885511\/\"]},{\"@type\":\"Person\",\"@id\":\"https:\/\/www.nexoinformativo.mx\/#\/schema\/person\/7749d380ba08c8ca00d7bc76fd907b7d\",\"name\":\"Nexo Informativo\",\"image\":{\"@type\":\"ImageObject\",\"inLanguage\":\"es\",\"@id\":\"https:\/\/www.nexoinformativo.mx\/#\/schema\/person\/image\/\",\"url\":\"https:\/\/secure.gravatar.com\/avatar\/dde2928154642a13d95f87ddf1ea9718fe2b46760a005c53e41ff5ad610704e6?s=96&d=mm&r=g\",\"contentUrl\":\"https:\/\/secure.gravatar.com\/avatar\/dde2928154642a13d95f87ddf1ea9718fe2b46760a005c53e41ff5ad610704e6?s=96&d=mm&r=g\",\"caption\":\"Nexo Informativo\"},\"url\":\"https:\/\/www.nexoinformativo.mx\/index.php\/author\/edicion\/\"}]}<\/script>\n<!-- \/ Yoast SEO plugin. -->","yoast_head_json":{"title":"Egresados de TSU en Polic\u00eda Preventivo podr\u00e1n tramitar c\u00e9dula estatal | Nexo Informativo Santiago de Quer\u00e9taro","robots":{"index":"index","follow":"follow","max-snippet":"max-snippet:-1","max-image-preview":"max-image-preview:large","max-video-preview":"max-video-preview:-1"},"canonical":"https:\/\/www.nexoinformativo.mx\/index.php\/2024\/08\/30\/egresados-de-tsu-en-policia-preventivo-podran-tramitar-cedula-estatal\/","og_locale":"es_MX","og_type":"article","og_title":"Egresados de TSU en Polic\u00eda Preventivo podr\u00e1n tramitar c\u00e9dula estatal | Nexo Informativo Santiago de Quer\u00e9taro","og_description":"Los egresados de la carrera de T\u00e9cnico Superior Universitario (TSU) en Polic\u00eda Preventivo, impartida por el Instituto Policial de Estudios Superiores (IPES) de la SSPMQ, ya pueden tramitar su c\u00e9dula estatal, adem\u00e1s de la c\u00e9dula profesional federal. &nbsp; Esto es posible gracias a la autorizaci\u00f3n de la Direcci\u00f3n Estatal de Profesiones, garantizando que los graduados [&hellip;]","og_url":"https:\/\/www.nexoinformativo.mx\/index.php\/2024\/08\/30\/egresados-de-tsu-en-policia-preventivo-podran-tramitar-cedula-estatal\/","og_site_name":"Nexo Informativo Santiago de Quer\u00e9taro","article_publisher":"https:\/\/www.facebook.com\/people\/Nexo-Informativo\/61564066885511\/","article_published_time":"2024-08-30T17:00:05+00:00","article_modified_time":"2024-08-31T20:27:50+00:00","og_image":[{"width":800,"height":533,"url":"https:\/\/www.nexoinformativo.mx\/wp-content\/uploads\/2024\/08\/unnamed-8-e1725135775775.jpg","type":"image\/jpeg"}],"author":"Nexo Informativo","twitter_card":"summary_large_image","twitter_misc":{"Escrito por":"Nexo Informativo","Tiempo de lectura":"1 minuto"},"schema":{"@context":"https:\/\/schema.org","@graph":[{"@type":"Article","@id":"https:\/\/www.nexoinformativo.mx\/index.php\/2024\/08\/30\/egresados-de-tsu-en-policia-preventivo-podran-tramitar-cedula-estatal\/#article","isPartOf":{"@id":"https:\/\/www.nexoinformativo.mx\/index.php\/2024\/08\/30\/egresados-de-tsu-en-policia-preventivo-podran-tramitar-cedula-estatal\/"},"author":{"name":"Nexo Informativo","@id":"https:\/\/www.nexoinformativo.mx\/#\/schema\/person\/7749d380ba08c8ca00d7bc76fd907b7d"},"headline":"Egresados de TSU en Polic\u00eda Preventivo podr\u00e1n tramitar c\u00e9dula estatal","datePublished":"2024-08-30T17:00:05+00:00","dateModified":"2024-08-31T20:27:50+00:00","mainEntityOfPage":{"@id":"https:\/\/www.nexoinformativo.mx\/index.php\/2024\/08\/30\/egresados-de-tsu-en-policia-preventivo-podran-tramitar-cedula-estatal\/"},"wordCount":104,"commentCount":0,"publisher":{"@id":"https:\/\/www.nexoinformativo.mx\/#organization"},"image":{"@id":"https:\/\/www.nexoinformativo.mx\/index.php\/2024\/08\/30\/egresados-de-tsu-en-policia-preventivo-podran-tramitar-cedula-estatal\/#primaryimage"},"thumbnailUrl":"https:\/\/www.nexoinformativo.mx\/wp-content\/uploads\/2024\/08\/unnamed-8-e1725135775775.jpg","keywords":["C\u00e9dulaEstatal","Educaci\u00f3nPolicial","Polic\u00edaPreventivo","SeguridadQueretaro","TSUQuer\u00e9taro"],"articleSection":["Municipios"],"inLanguage":"es","potentialAction":[{"@type":"CommentAction","name":"Comment","target":["https:\/\/www.nexoinformativo.mx\/index.php\/2024\/08\/30\/egresados-de-tsu-en-policia-preventivo-podran-tramitar-cedula-estatal\/#respond"]}]},{"@type":"WebPage","@id":"https:\/\/www.nexoinformativo.mx\/index.php\/2024\/08\/30\/egresados-de-tsu-en-policia-preventivo-podran-tramitar-cedula-estatal\/","url":"https:\/\/www.nexoinformativo.mx\/index.php\/2024\/08\/30\/egresados-de-tsu-en-policia-preventivo-podran-tramitar-cedula-estatal\/","name":"Egresados de TSU en Polic\u00eda Preventivo podr\u00e1n tramitar c\u00e9dula estatal | Nexo Informativo Santiago de Quer\u00e9taro","isPartOf":{"@id":"https:\/\/www.nexoinformativo.mx\/#website"},"primaryImageOfPage":{"@id":"https:\/\/www.nexoinformativo.mx\/index.php\/2024\/08\/30\/egresados-de-tsu-en-policia-preventivo-podran-tramitar-cedula-estatal\/#primaryimage"},"image":{"@id":"https:\/\/www.nexoinformativo.mx\/index.php\/2024\/08\/30\/egresados-de-tsu-en-policia-preventivo-podran-tramitar-cedula-estatal\/#primaryimage"},"thumbnailUrl":"https:\/\/www.nexoinformativo.mx\/wp-content\/uploads\/2024\/08\/unnamed-8-e1725135775775.jpg","datePublished":"2024-08-30T17:00:05+00:00","dateModified":"2024-08-31T20:27:50+00:00","breadcrumb":{"@id":"https:\/\/www.nexoinformativo.mx\/index.php\/2024\/08\/30\/egresados-de-tsu-en-policia-preventivo-podran-tramitar-cedula-estatal\/#breadcrumb"},"inLanguage":"es","potentialAction":[{"@type":"ReadAction","target":["https:\/\/www.nexoinformativo.mx\/index.php\/2024\/08\/30\/egresados-de-tsu-en-policia-preventivo-podran-tramitar-cedula-estatal\/"]}]},{"@type":"ImageObject","inLanguage":"es","@id":"https:\/\/www.nexoinformativo.mx\/index.php\/2024\/08\/30\/egresados-de-tsu-en-policia-preventivo-podran-tramitar-cedula-estatal\/#primaryimage","url":"https:\/\/www.nexoinformativo.mx\/wp-content\/uploads\/2024\/08\/unnamed-8-e1725135775775.jpg","contentUrl":"https:\/\/www.nexoinformativo.mx\/wp-content\/uploads\/2024\/08\/unnamed-8-e1725135775775.jpg","width":800,"height":533},{"@type":"BreadcrumbList","@id":"https:\/\/www.nexoinformativo.mx\/index.php\/2024\/08\/30\/egresados-de-tsu-en-policia-preventivo-podran-tramitar-cedula-estatal\/#breadcrumb","itemListElement":[{"@type":"ListItem","position":1,"name":"Inicio","item":"https:\/\/www.nexoinformativo.mx\/"},{"@type":"ListItem","position":2,"name":"Egresados de TSU en Polic\u00eda Preventivo podr\u00e1n tramitar c\u00e9dula estatal"}]},{"@type":"WebSite","@id":"https:\/\/www.nexoinformativo.mx\/#website","url":"https:\/\/www.nexoinformativo.mx\/","name":"Nexo Informativo Santiago de Quer\u00e9taro","description":"Explora NexoInformativo y convi\u00e9rtete en parte de una comunidad que valora el conocimiento y la verdad. Tu nexoinformativo es tu puente hacia una comprensi\u00f3n m\u00e1s profunda del mundo que te rodea.","publisher":{"@id":"https:\/\/www.nexoinformativo.mx\/#organization"},"potentialAction":[{"@type":"SearchAction","target":{"@type":"EntryPoint","urlTemplate":"https:\/\/www.nexoinformativo.mx\/?s={search_term_string}"},"query-input":{"@type":"PropertyValueSpecification","valueRequired":true,"valueName":"search_term_string"}}],"inLanguage":"es"},{"@type":"Organization","@id":"https:\/\/www.nexoinformativo.mx\/#organization","name":"Nexo Informativo Santiago de Quer\u00e9taro","url":"https:\/\/www.nexoinformativo.mx\/","logo":{"@type":"ImageObject","inLanguage":"es","@id":"https:\/\/www.nexoinformativo.mx\/#\/schema\/logo\/image\/","url":"https:\/\/www.nexoinformativo.mx\/wp-content\/uploads\/2024\/07\/nexoi-trasparente-2.png","contentUrl":"https:\/\/www.nexoinformativo.mx\/wp-content\/uploads\/2024\/07\/nexoi-trasparente-2.png","width":816,"height":339,"caption":"Nexo Informativo Santiago de Quer\u00e9taro"},"image":{"@id":"https:\/\/www.nexoinformativo.mx\/#\/schema\/logo\/image\/"},"sameAs":["https:\/\/www.facebook.com\/people\/Nexo-Informativo\/61564066885511\/"]},{"@type":"Person","@id":"https:\/\/www.nexoinformativo.mx\/#\/schema\/person\/7749d380ba08c8ca00d7bc76fd907b7d","name":"Nexo Informativo","image":{"@type":"ImageObject","inLanguage":"es","@id":"https:\/\/www.nexoinformativo.mx\/#\/schema\/person\/image\/","url":"https:\/\/secure.gravatar.com\/avatar\/dde2928154642a13d95f87ddf1ea9718fe2b46760a005c53e41ff5ad610704e6?s=96&d=mm&r=g","contentUrl":"https:\/\/secure.gravatar.com\/avatar\/dde2928154642a13d95f87ddf1ea9718fe2b46760a005c53e41ff5ad610704e6?s=96&d=mm&r=g","caption":"Nexo Informativo"},"url":"https:\/\/www.nexoinformativo.mx\/index.php\/author\/edicion\/"}]}},"_links":{"self":[{"href":"https:\/\/www.nexoinformativo.mx\/index.php\/wp-json\/wp\/v2\/posts\/1344","targetHints":{"allow":["GET"]}}],"collection":[{"href":"https:\/\/www.nexoinformativo.mx\/index.php\/wp-json\/wp\/v2\/posts"}],"about":[{"href":"https:\/\/www.nexoinformativo.mx\/index.php\/wp-json\/wp\/v2\/types\/post"}],"author":[{"embeddable":true,"href":"https:\/\/www.nexoinformativo.mx\/index.php\/wp-json\/wp\/v2\/users\/3"}],"replies":[{"embeddable":true,"href":"https:\/\/www.nexoinformativo.mx\/index.php\/wp-json\/wp\/v2\/comments?post=1344"}],"version-history":[{"count":1,"href":"https:\/\/www.nexoinformativo.mx\/index.php\/wp-json\/wp\/v2\/posts\/1344\/revisions"}],"predecessor-version":[{"id":1352,"href":"https:\/\/www.nexoinformativo.mx\/index.php\/wp-json\/wp\/v2\/posts\/1344\/revisions\/1352"}],"wp:featuredmedia":[{"embeddable":true,"href":"https:\/\/www.nexoinformativo.mx\/index.php\/wp-json\/wp\/v2\/media\/1347"}],"wp:attachment":[{"href":"https:\/\/www.nexoinformativo.mx\/index.php\/wp-json\/wp\/v2\/media?parent=1344"}],"wp:term":[{"taxonomy":"category","embeddable":true,"href":"https:\/\/www.nexoinformativo.mx\/index.php\/wp-json\/wp\/v2\/categories?post=1344"},{"taxonomy":"post_tag","embeddable":true,"href":"https:\/\/www.nexoinformativo.mx\/index.php\/wp-json\/wp\/v2\/tags?post=1344"}],"curies":[{"name":"wp","href":"https:\/\/api.w.org\/{rel}","templated":true}]}}