{"id":1345,"date":"2024-08-30T18:00:48","date_gmt":"2024-08-31T00:00:48","guid":{"rendered":"https:\/\/www.nexoinformativo.mx\/?p=1345"},"modified":"2024-08-31T14:26:28","modified_gmt":"2024-08-31T20:26:28","slug":"tribunal-electoral-del-estado-de-queretaro-teeq-confirma-triunfo-de-roberto-cabrera-y-memo-vega-en-san-juan-del-rio","status":"publish","type":"post","link":"https:\/\/www.nexoinformativo.mx\/index.php\/2024\/08\/30\/tribunal-electoral-del-estado-de-queretaro-teeq-confirma-triunfo-de-roberto-cabrera-y-memo-vega-en-san-juan-del-rio\/","title":{"rendered":"Tribunal Electoral del Estado de Quer\u00e9taro (TEEQ) confirma triunfo de Roberto Cabrera y Memo Vega en San Juan del R\u00edo"},"content":{"rendered":"<p style=\"text-align: justify;\">El Tribunal Electoral del Estado de Quer\u00e9taro (TEEQ) ha ratificado el triunfo del Partido Acci\u00f3n Nacional (PAN) en el municipio de San Juan del R\u00edo, confirmando la victoria de Roberto Cabrera Valencia como presidente municipal y de Memo Vega como diputado. Esta resoluci\u00f3n refleja la voluntad de las familias sanjuanenses expresada en las urnas el pasado 2 de junio, manteniendo as\u00ed la continuidad del buen gobierno panista en la localidad.<\/p>\n<p>&nbsp;<\/p>\n<p style=\"text-align: justify;\">Leonor Mej\u00eda, dirigente estatal del PAN en Quer\u00e9taro, felicit\u00f3 a Roberto Cabrera y a Memo Vega por su triunfo electoral, destacando que esta decisi\u00f3n mayoritaria de los ciudadanos permitir\u00e1 que San Juan del R\u00edo contin\u00fae en un ambiente de paz social, gobernabilidad y rumbo claro. &#8220;Gan\u00f3 San Juan: gan\u00f3 el PAN San Juan del R\u00edo, ganaron las familias que aqu\u00ed viven&#8221;, declar\u00f3 Mej\u00eda, quien resalt\u00f3 el apoyo y confianza de los sanjuanenses hacia su partido.<\/p>\n<p>&nbsp;<\/p>\n<p style=\"text-align: justify;\">Adem\u00e1s, Mej\u00eda critic\u00f3 la actuaci\u00f3n del candidato de Morena en la contienda, se\u00f1alando que su campa\u00f1a se caracteriz\u00f3 por &#8220;acciones sucias e irresponsables&#8221;, que generaron un ambiente de violencia e inestabilidad en un intento por ganar la elecci\u00f3n. A pesar de este contexto, el PAN result\u00f3 vencedor y seguir\u00e1 demostrando que en San Juan del R\u00edo es posible tener gobiernos que den resultados positivos, seg\u00fan la dirigente panista.<\/p>\n<p>&nbsp;<\/p>\n<p style=\"text-align: justify;\">La ratificaci\u00f3n del TEEQ asegura que San Juan del R\u00edo continuar\u00e1 siendo un basti\u00f3n importante para los gobiernos de Acci\u00f3n Nacional, con el compromiso de seguir brindando buenos resultados para los habitantes del municipio.<\/p>\n","protected":false},"excerpt":{"rendered":"<p>El Tribunal Electoral del Estado de Quer\u00e9taro (TEEQ) ha ratificado el triunfo del Partido Acci\u00f3n Nacional (PAN) en el municipio de San Juan del R\u00edo, confirmando la victoria de Roberto Cabrera Valencia como presidente municipal y de Memo Vega como diputado. Esta resoluci\u00f3n refleja la voluntad de las familias sanjuanenses expresada en las urnas el [&hellip;]<\/p>\n","protected":false},"author":3,"featured_media":1350,"comment_status":"open","ping_status":"open","sticky":false,"template":"","format":"standard","meta":{"footnotes":""},"categories":[42],"tags":[383,386,384,382,385],"class_list":["post-1345","post","type-post","status-publish","format-standard","has-post-thumbnail","hentry","category-estado","tag-accionnacional","tag-eleccionesqueretaro","tag-gobiernoquecumple","tag-sanjuandelrio","tag-teeqqueretaro"],"yoast_head":"<!-- This site is optimized with the Yoast SEO plugin v25.0 - https:\/\/yoast.com\/wordpress\/plugins\/seo\/ -->\n<title>Tribunal Electoral del Estado de Quer\u00e9taro (TEEQ) confirma triunfo de Roberto Cabrera y Memo Vega en San Juan del R\u00edo | Nexo Informativo Santiago de Quer\u00e9taro<\/title>\n<meta name=\"robots\" content=\"index, follow, max-snippet:-1, max-image-preview:large, max-video-preview:-1\" \/>\n<link rel=\"canonical\" href=\"https:\/\/www.nexoinformativo.mx\/index.php\/2024\/08\/30\/tribunal-electoral-del-estado-de-queretaro-teeq-confirma-triunfo-de-roberto-cabrera-y-memo-vega-en-san-juan-del-rio\/\" \/>\n<meta property=\"og:locale\" content=\"es_MX\" \/>\n<meta property=\"og:type\" content=\"article\" \/>\n<meta property=\"og:title\" content=\"Tribunal Electoral del Estado de Quer\u00e9taro (TEEQ) confirma triunfo de Roberto Cabrera y Memo Vega en San Juan del R\u00edo | Nexo Informativo Santiago de Quer\u00e9taro\" \/>\n<meta property=\"og:description\" content=\"El Tribunal Electoral del Estado de Quer\u00e9taro (TEEQ) ha ratificado el triunfo del Partido Acci\u00f3n Nacional (PAN) en el municipio de San Juan del R\u00edo, confirmando la victoria de Roberto Cabrera Valencia como presidente municipal y de Memo Vega como diputado. Esta resoluci\u00f3n refleja la voluntad de las familias sanjuanenses expresada en las urnas el [&hellip;]\" \/>\n<meta property=\"og:url\" content=\"https:\/\/www.nexoinformativo.mx\/index.php\/2024\/08\/30\/tribunal-electoral-del-estado-de-queretaro-teeq-confirma-triunfo-de-roberto-cabrera-y-memo-vega-en-san-juan-del-rio\/\" \/>\n<meta property=\"og:site_name\" content=\"Nexo Informativo Santiago de Quer\u00e9taro\" \/>\n<meta property=\"article:publisher\" content=\"https:\/\/www.facebook.com\/people\/Nexo-Informativo\/61564066885511\/\" \/>\n<meta property=\"article:published_time\" content=\"2024-08-31T00:00:48+00:00\" \/>\n<meta property=\"article:modified_time\" content=\"2024-08-31T20:26:28+00:00\" \/>\n<meta property=\"og:image\" content=\"https:\/\/www.nexoinformativo.mx\/wp-content\/uploads\/2024\/08\/PHOTO-2024-08-31-08-57-27-2.jpg\" \/>\n\t<meta property=\"og:image:width\" content=\"678\" \/>\n\t<meta property=\"og:image:height\" content=\"452\" \/>\n\t<meta property=\"og:image:type\" content=\"image\/jpeg\" \/>\n<meta name=\"author\" content=\"Nexo Informativo\" \/>\n<meta name=\"twitter:card\" content=\"summary_large_image\" \/>\n<meta name=\"twitter:label1\" content=\"Escrito por\" \/>\n\t<meta name=\"twitter:data1\" content=\"Nexo Informativo\" \/>\n\t<meta name=\"twitter:label2\" content=\"Tiempo de lectura\" \/>\n\t<meta name=\"twitter:data2\" content=\"2 minutos\" \/>\n<script type=\"application\/ld+json\" class=\"yoast-schema-graph\">{\"@context\":\"https:\/\/schema.org\",\"@graph\":[{\"@type\":\"Article\",\"@id\":\"https:\/\/www.nexoinformativo.mx\/index.php\/2024\/08\/30\/tribunal-electoral-del-estado-de-queretaro-teeq-confirma-triunfo-de-roberto-cabrera-y-memo-vega-en-san-juan-del-rio\/#article\",\"isPartOf\":{\"@id\":\"https:\/\/www.nexoinformativo.mx\/index.php\/2024\/08\/30\/tribunal-electoral-del-estado-de-queretaro-teeq-confirma-triunfo-de-roberto-cabrera-y-memo-vega-en-san-juan-del-rio\/\"},\"author\":{\"name\":\"Nexo Informativo\",\"@id\":\"https:\/\/www.nexoinformativo.mx\/#\/schema\/person\/7749d380ba08c8ca00d7bc76fd907b7d\"},\"headline\":\"Tribunal Electoral del Estado de Quer\u00e9taro (TEEQ) confirma triunfo de Roberto Cabrera y Memo Vega en San Juan del R\u00edo\",\"datePublished\":\"2024-08-31T00:00:48+00:00\",\"dateModified\":\"2024-08-31T20:26:28+00:00\",\"mainEntityOfPage\":{\"@id\":\"https:\/\/www.nexoinformativo.mx\/index.php\/2024\/08\/30\/tribunal-electoral-del-estado-de-queretaro-teeq-confirma-triunfo-de-roberto-cabrera-y-memo-vega-en-san-juan-del-rio\/\"},\"wordCount\":294,\"commentCount\":0,\"publisher\":{\"@id\":\"https:\/\/www.nexoinformativo.mx\/#organization\"},\"image\":{\"@id\":\"https:\/\/www.nexoinformativo.mx\/index.php\/2024\/08\/30\/tribunal-electoral-del-estado-de-queretaro-teeq-confirma-triunfo-de-roberto-cabrera-y-memo-vega-en-san-juan-del-rio\/#primaryimage\"},\"thumbnailUrl\":\"https:\/\/www.nexoinformativo.mx\/wp-content\/uploads\/2024\/08\/PHOTO-2024-08-31-08-57-27-2.jpg\",\"keywords\":[\"Acci\u00f3nNacional\",\"EleccionesQuer\u00e9taro\",\"GobiernoQueCumple\",\"SanJuanDelR\u00edo\",\"TEEQQuer\u00e9taro\"],\"articleSection\":[\"Estado\"],\"inLanguage\":\"es\",\"potentialAction\":[{\"@type\":\"CommentAction\",\"name\":\"Comment\",\"target\":[\"https:\/\/www.nexoinformativo.mx\/index.php\/2024\/08\/30\/tribunal-electoral-del-estado-de-queretaro-teeq-confirma-triunfo-de-roberto-cabrera-y-memo-vega-en-san-juan-del-rio\/#respond\"]}]},{\"@type\":\"WebPage\",\"@id\":\"https:\/\/www.nexoinformativo.mx\/index.php\/2024\/08\/30\/tribunal-electoral-del-estado-de-queretaro-teeq-confirma-triunfo-de-roberto-cabrera-y-memo-vega-en-san-juan-del-rio\/\",\"url\":\"https:\/\/www.nexoinformativo.mx\/index.php\/2024\/08\/30\/tribunal-electoral-del-estado-de-queretaro-teeq-confirma-triunfo-de-roberto-cabrera-y-memo-vega-en-san-juan-del-rio\/\",\"name\":\"Tribunal Electoral del Estado de Quer\u00e9taro (TEEQ) confirma triunfo de Roberto Cabrera y Memo Vega en San Juan del R\u00edo | Nexo Informativo Santiago de Quer\u00e9taro\",\"isPartOf\":{\"@id\":\"https:\/\/www.nexoinformativo.mx\/#website\"},\"primaryImageOfPage\":{\"@id\":\"https:\/\/www.nexoinformativo.mx\/index.php\/2024\/08\/30\/tribunal-electoral-del-estado-de-queretaro-teeq-confirma-triunfo-de-roberto-cabrera-y-memo-vega-en-san-juan-del-rio\/#primaryimage\"},\"image\":{\"@id\":\"https:\/\/www.nexoinformativo.mx\/index.php\/2024\/08\/30\/tribunal-electoral-del-estado-de-queretaro-teeq-confirma-triunfo-de-roberto-cabrera-y-memo-vega-en-san-juan-del-rio\/#primaryimage\"},\"thumbnailUrl\":\"https:\/\/www.nexoinformativo.mx\/wp-content\/uploads\/2024\/08\/PHOTO-2024-08-31-08-57-27-2.jpg\",\"datePublished\":\"2024-08-31T00:00:48+00:00\",\"dateModified\":\"2024-08-31T20:26:28+00:00\",\"breadcrumb\":{\"@id\":\"https:\/\/www.nexoinformativo.mx\/index.php\/2024\/08\/30\/tribunal-electoral-del-estado-de-queretaro-teeq-confirma-triunfo-de-roberto-cabrera-y-memo-vega-en-san-juan-del-rio\/#breadcrumb\"},\"inLanguage\":\"es\",\"potentialAction\":[{\"@type\":\"ReadAction\",\"target\":[\"https:\/\/www.nexoinformativo.mx\/index.php\/2024\/08\/30\/tribunal-electoral-del-estado-de-queretaro-teeq-confirma-triunfo-de-roberto-cabrera-y-memo-vega-en-san-juan-del-rio\/\"]}]},{\"@type\":\"ImageObject\",\"inLanguage\":\"es\",\"@id\":\"https:\/\/www.nexoinformativo.mx\/index.php\/2024\/08\/30\/tribunal-electoral-del-estado-de-queretaro-teeq-confirma-triunfo-de-roberto-cabrera-y-memo-vega-en-san-juan-del-rio\/#primaryimage\",\"url\":\"https:\/\/www.nexoinformativo.mx\/wp-content\/uploads\/2024\/08\/PHOTO-2024-08-31-08-57-27-2.jpg\",\"contentUrl\":\"https:\/\/www.nexoinformativo.mx\/wp-content\/uploads\/2024\/08\/PHOTO-2024-08-31-08-57-27-2.jpg\",\"width\":678,\"height\":452},{\"@type\":\"BreadcrumbList\",\"@id\":\"https:\/\/www.nexoinformativo.mx\/index.php\/2024\/08\/30\/tribunal-electoral-del-estado-de-queretaro-teeq-confirma-triunfo-de-roberto-cabrera-y-memo-vega-en-san-juan-del-rio\/#breadcrumb\",\"itemListElement\":[{\"@type\":\"ListItem\",\"position\":1,\"name\":\"Inicio\",\"item\":\"https:\/\/www.nexoinformativo.mx\/\"},{\"@type\":\"ListItem\",\"position\":2,\"name\":\"Tribunal Electoral del Estado de Quer\u00e9taro (TEEQ) confirma triunfo de Roberto Cabrera y Memo Vega en San Juan del R\u00edo\"}]},{\"@type\":\"WebSite\",\"@id\":\"https:\/\/www.nexoinformativo.mx\/#website\",\"url\":\"https:\/\/www.nexoinformativo.mx\/\",\"name\":\"Nexo Informativo Santiago de Quer\u00e9taro\",\"description\":\"Explora NexoInformativo y convi\u00e9rtete en parte de una comunidad que valora el conocimiento y la verdad. Tu nexoinformativo es tu puente hacia una comprensi\u00f3n m\u00e1s profunda del mundo que te rodea.\",\"publisher\":{\"@id\":\"https:\/\/www.nexoinformativo.mx\/#organization\"},\"potentialAction\":[{\"@type\":\"SearchAction\",\"target\":{\"@type\":\"EntryPoint\",\"urlTemplate\":\"https:\/\/www.nexoinformativo.mx\/?s={search_term_string}\"},\"query-input\":{\"@type\":\"PropertyValueSpecification\",\"valueRequired\":true,\"valueName\":\"search_term_string\"}}],\"inLanguage\":\"es\"},{\"@type\":\"Organization\",\"@id\":\"https:\/\/www.nexoinformativo.mx\/#organization\",\"name\":\"Nexo Informativo Santiago de Quer\u00e9taro\",\"url\":\"https:\/\/www.nexoinformativo.mx\/\",\"logo\":{\"@type\":\"ImageObject\",\"inLanguage\":\"es\",\"@id\":\"https:\/\/www.nexoinformativo.mx\/#\/schema\/logo\/image\/\",\"url\":\"https:\/\/www.nexoinformativo.mx\/wp-content\/uploads\/2024\/07\/nexoi-trasparente-2.png\",\"contentUrl\":\"https:\/\/www.nexoinformativo.mx\/wp-content\/uploads\/2024\/07\/nexoi-trasparente-2.png\",\"width\":816,\"height\":339,\"caption\":\"Nexo Informativo Santiago de Quer\u00e9taro\"},\"image\":{\"@id\":\"https:\/\/www.nexoinformativo.mx\/#\/schema\/logo\/image\/\"},\"sameAs\":[\"https:\/\/www.facebook.com\/people\/Nexo-Informativo\/61564066885511\/\"]},{\"@type\":\"Person\",\"@id\":\"https:\/\/www.nexoinformativo.mx\/#\/schema\/person\/7749d380ba08c8ca00d7bc76fd907b7d\",\"name\":\"Nexo Informativo\",\"image\":{\"@type\":\"ImageObject\",\"inLanguage\":\"es\",\"@id\":\"https:\/\/www.nexoinformativo.mx\/#\/schema\/person\/image\/\",\"url\":\"https:\/\/secure.gravatar.com\/avatar\/dde2928154642a13d95f87ddf1ea9718fe2b46760a005c53e41ff5ad610704e6?s=96&d=mm&r=g\",\"contentUrl\":\"https:\/\/secure.gravatar.com\/avatar\/dde2928154642a13d95f87ddf1ea9718fe2b46760a005c53e41ff5ad610704e6?s=96&d=mm&r=g\",\"caption\":\"Nexo Informativo\"},\"url\":\"https:\/\/www.nexoinformativo.mx\/index.php\/author\/edicion\/\"}]}<\/script>\n<!-- \/ Yoast SEO plugin. -->","yoast_head_json":{"title":"Tribunal Electoral del Estado de Quer\u00e9taro (TEEQ) confirma triunfo de Roberto Cabrera y Memo Vega en San Juan del R\u00edo | Nexo Informativo Santiago de Quer\u00e9taro","robots":{"index":"index","follow":"follow","max-snippet":"max-snippet:-1","max-image-preview":"max-image-preview:large","max-video-preview":"max-video-preview:-1"},"canonical":"https:\/\/www.nexoinformativo.mx\/index.php\/2024\/08\/30\/tribunal-electoral-del-estado-de-queretaro-teeq-confirma-triunfo-de-roberto-cabrera-y-memo-vega-en-san-juan-del-rio\/","og_locale":"es_MX","og_type":"article","og_title":"Tribunal Electoral del Estado de Quer\u00e9taro (TEEQ) confirma triunfo de Roberto Cabrera y Memo Vega en San Juan del R\u00edo | Nexo Informativo Santiago de Quer\u00e9taro","og_description":"El Tribunal Electoral del Estado de Quer\u00e9taro (TEEQ) ha ratificado el triunfo del Partido Acci\u00f3n Nacional (PAN) en el municipio de San Juan del R\u00edo, confirmando la victoria de Roberto Cabrera Valencia como presidente municipal y de Memo Vega como diputado. Esta resoluci\u00f3n refleja la voluntad de las familias sanjuanenses expresada en las urnas el [&hellip;]","og_url":"https:\/\/www.nexoinformativo.mx\/index.php\/2024\/08\/30\/tribunal-electoral-del-estado-de-queretaro-teeq-confirma-triunfo-de-roberto-cabrera-y-memo-vega-en-san-juan-del-rio\/","og_site_name":"Nexo Informativo Santiago de Quer\u00e9taro","article_publisher":"https:\/\/www.facebook.com\/people\/Nexo-Informativo\/61564066885511\/","article_published_time":"2024-08-31T00:00:48+00:00","article_modified_time":"2024-08-31T20:26:28+00:00","og_image":[{"width":678,"height":452,"url":"https:\/\/www.nexoinformativo.mx\/wp-content\/uploads\/2024\/08\/PHOTO-2024-08-31-08-57-27-2.jpg","type":"image\/jpeg"}],"author":"Nexo Informativo","twitter_card":"summary_large_image","twitter_misc":{"Escrito por":"Nexo Informativo","Tiempo de lectura":"2 minutos"},"schema":{"@context":"https:\/\/schema.org","@graph":[{"@type":"Article","@id":"https:\/\/www.nexoinformativo.mx\/index.php\/2024\/08\/30\/tribunal-electoral-del-estado-de-queretaro-teeq-confirma-triunfo-de-roberto-cabrera-y-memo-vega-en-san-juan-del-rio\/#article","isPartOf":{"@id":"https:\/\/www.nexoinformativo.mx\/index.php\/2024\/08\/30\/tribunal-electoral-del-estado-de-queretaro-teeq-confirma-triunfo-de-roberto-cabrera-y-memo-vega-en-san-juan-del-rio\/"},"author":{"name":"Nexo Informativo","@id":"https:\/\/www.nexoinformativo.mx\/#\/schema\/person\/7749d380ba08c8ca00d7bc76fd907b7d"},"headline":"Tribunal Electoral del Estado de Quer\u00e9taro (TEEQ) confirma triunfo de Roberto Cabrera y Memo Vega en San Juan del R\u00edo","datePublished":"2024-08-31T00:00:48+00:00","dateModified":"2024-08-31T20:26:28+00:00","mainEntityOfPage":{"@id":"https:\/\/www.nexoinformativo.mx\/index.php\/2024\/08\/30\/tribunal-electoral-del-estado-de-queretaro-teeq-confirma-triunfo-de-roberto-cabrera-y-memo-vega-en-san-juan-del-rio\/"},"wordCount":294,"commentCount":0,"publisher":{"@id":"https:\/\/www.nexoinformativo.mx\/#organization"},"image":{"@id":"https:\/\/www.nexoinformativo.mx\/index.php\/2024\/08\/30\/tribunal-electoral-del-estado-de-queretaro-teeq-confirma-triunfo-de-roberto-cabrera-y-memo-vega-en-san-juan-del-rio\/#primaryimage"},"thumbnailUrl":"https:\/\/www.nexoinformativo.mx\/wp-content\/uploads\/2024\/08\/PHOTO-2024-08-31-08-57-27-2.jpg","keywords":["Acci\u00f3nNacional","EleccionesQuer\u00e9taro","GobiernoQueCumple","SanJuanDelR\u00edo","TEEQQuer\u00e9taro"],"articleSection":["Estado"],"inLanguage":"es","potentialAction":[{"@type":"CommentAction","name":"Comment","target":["https:\/\/www.nexoinformativo.mx\/index.php\/2024\/08\/30\/tribunal-electoral-del-estado-de-queretaro-teeq-confirma-triunfo-de-roberto-cabrera-y-memo-vega-en-san-juan-del-rio\/#respond"]}]},{"@type":"WebPage","@id":"https:\/\/www.nexoinformativo.mx\/index.php\/2024\/08\/30\/tribunal-electoral-del-estado-de-queretaro-teeq-confirma-triunfo-de-roberto-cabrera-y-memo-vega-en-san-juan-del-rio\/","url":"https:\/\/www.nexoinformativo.mx\/index.php\/2024\/08\/30\/tribunal-electoral-del-estado-de-queretaro-teeq-confirma-triunfo-de-roberto-cabrera-y-memo-vega-en-san-juan-del-rio\/","name":"Tribunal Electoral del Estado de Quer\u00e9taro (TEEQ) confirma triunfo de Roberto Cabrera y Memo Vega en San Juan del R\u00edo | Nexo Informativo Santiago de Quer\u00e9taro","isPartOf":{"@id":"https:\/\/www.nexoinformativo.mx\/#website"},"primaryImageOfPage":{"@id":"https:\/\/www.nexoinformativo.mx\/index.php\/2024\/08\/30\/tribunal-electoral-del-estado-de-queretaro-teeq-confirma-triunfo-de-roberto-cabrera-y-memo-vega-en-san-juan-del-rio\/#primaryimage"},"image":{"@id":"https:\/\/www.nexoinformativo.mx\/index.php\/2024\/08\/30\/tribunal-electoral-del-estado-de-queretaro-teeq-confirma-triunfo-de-roberto-cabrera-y-memo-vega-en-san-juan-del-rio\/#primaryimage"},"thumbnailUrl":"https:\/\/www.nexoinformativo.mx\/wp-content\/uploads\/2024\/08\/PHOTO-2024-08-31-08-57-27-2.jpg","datePublished":"2024-08-31T00:00:48+00:00","dateModified":"2024-08-31T20:26:28+00:00","breadcrumb":{"@id":"https:\/\/www.nexoinformativo.mx\/index.php\/2024\/08\/30\/tribunal-electoral-del-estado-de-queretaro-teeq-confirma-triunfo-de-roberto-cabrera-y-memo-vega-en-san-juan-del-rio\/#breadcrumb"},"inLanguage":"es","potentialAction":[{"@type":"ReadAction","target":["https:\/\/www.nexoinformativo.mx\/index.php\/2024\/08\/30\/tribunal-electoral-del-estado-de-queretaro-teeq-confirma-triunfo-de-roberto-cabrera-y-memo-vega-en-san-juan-del-rio\/"]}]},{"@type":"ImageObject","inLanguage":"es","@id":"https:\/\/www.nexoinformativo.mx\/index.php\/2024\/08\/30\/tribunal-electoral-del-estado-de-queretaro-teeq-confirma-triunfo-de-roberto-cabrera-y-memo-vega-en-san-juan-del-rio\/#primaryimage","url":"https:\/\/www.nexoinformativo.mx\/wp-content\/uploads\/2024\/08\/PHOTO-2024-08-31-08-57-27-2.jpg","contentUrl":"https:\/\/www.nexoinformativo.mx\/wp-content\/uploads\/2024\/08\/PHOTO-2024-08-31-08-57-27-2.jpg","width":678,"height":452},{"@type":"BreadcrumbList","@id":"https:\/\/www.nexoinformativo.mx\/index.php\/2024\/08\/30\/tribunal-electoral-del-estado-de-queretaro-teeq-confirma-triunfo-de-roberto-cabrera-y-memo-vega-en-san-juan-del-rio\/#breadcrumb","itemListElement":[{"@type":"ListItem","position":1,"name":"Inicio","item":"https:\/\/www.nexoinformativo.mx\/"},{"@type":"ListItem","position":2,"name":"Tribunal Electoral del Estado de Quer\u00e9taro (TEEQ) confirma triunfo de Roberto Cabrera y Memo Vega en San Juan del R\u00edo"}]},{"@type":"WebSite","@id":"https:\/\/www.nexoinformativo.mx\/#website","url":"https:\/\/www.nexoinformativo.mx\/","name":"Nexo Informativo Santiago de Quer\u00e9taro","description":"Explora NexoInformativo y convi\u00e9rtete en parte de una comunidad que valora el conocimiento y la verdad. Tu nexoinformativo es tu puente hacia una comprensi\u00f3n m\u00e1s profunda del mundo que te rodea.","publisher":{"@id":"https:\/\/www.nexoinformativo.mx\/#organization"},"potentialAction":[{"@type":"SearchAction","target":{"@type":"EntryPoint","urlTemplate":"https:\/\/www.nexoinformativo.mx\/?s={search_term_string}"},"query-input":{"@type":"PropertyValueSpecification","valueRequired":true,"valueName":"search_term_string"}}],"inLanguage":"es"},{"@type":"Organization","@id":"https:\/\/www.nexoinformativo.mx\/#organization","name":"Nexo Informativo Santiago de Quer\u00e9taro","url":"https:\/\/www.nexoinformativo.mx\/","logo":{"@type":"ImageObject","inLanguage":"es","@id":"https:\/\/www.nexoinformativo.mx\/#\/schema\/logo\/image\/","url":"https:\/\/www.nexoinformativo.mx\/wp-content\/uploads\/2024\/07\/nexoi-trasparente-2.png","contentUrl":"https:\/\/www.nexoinformativo.mx\/wp-content\/uploads\/2024\/07\/nexoi-trasparente-2.png","width":816,"height":339,"caption":"Nexo Informativo Santiago de Quer\u00e9taro"},"image":{"@id":"https:\/\/www.nexoinformativo.mx\/#\/schema\/logo\/image\/"},"sameAs":["https:\/\/www.facebook.com\/people\/Nexo-Informativo\/61564066885511\/"]},{"@type":"Person","@id":"https:\/\/www.nexoinformativo.mx\/#\/schema\/person\/7749d380ba08c8ca00d7bc76fd907b7d","name":"Nexo Informativo","image":{"@type":"ImageObject","inLanguage":"es","@id":"https:\/\/www.nexoinformativo.mx\/#\/schema\/person\/image\/","url":"https:\/\/secure.gravatar.com\/avatar\/dde2928154642a13d95f87ddf1ea9718fe2b46760a005c53e41ff5ad610704e6?s=96&d=mm&r=g","contentUrl":"https:\/\/secure.gravatar.com\/avatar\/dde2928154642a13d95f87ddf1ea9718fe2b46760a005c53e41ff5ad610704e6?s=96&d=mm&r=g","caption":"Nexo Informativo"},"url":"https:\/\/www.nexoinformativo.mx\/index.php\/author\/edicion\/"}]}},"_links":{"self":[{"href":"https:\/\/www.nexoinformativo.mx\/index.php\/wp-json\/wp\/v2\/posts\/1345","targetHints":{"allow":["GET"]}}],"collection":[{"href":"https:\/\/www.nexoinformativo.mx\/index.php\/wp-json\/wp\/v2\/posts"}],"about":[{"href":"https:\/\/www.nexoinformativo.mx\/index.php\/wp-json\/wp\/v2\/types\/post"}],"author":[{"embeddable":true,"href":"https:\/\/www.nexoinformativo.mx\/index.php\/wp-json\/wp\/v2\/users\/3"}],"replies":[{"embeddable":true,"href":"https:\/\/www.nexoinformativo.mx\/index.php\/wp-json\/wp\/v2\/comments?post=1345"}],"version-history":[{"count":3,"href":"https:\/\/www.nexoinformativo.mx\/index.php\/wp-json\/wp\/v2\/posts\/1345\/revisions"}],"predecessor-version":[{"id":1351,"href":"https:\/\/www.nexoinformativo.mx\/index.php\/wp-json\/wp\/v2\/posts\/1345\/revisions\/1351"}],"wp:featuredmedia":[{"embeddable":true,"href":"https:\/\/www.nexoinformativo.mx\/index.php\/wp-json\/wp\/v2\/media\/1350"}],"wp:attachment":[{"href":"https:\/\/www.nexoinformativo.mx\/index.php\/wp-json\/wp\/v2\/media?parent=1345"}],"wp:term":[{"taxonomy":"category","embeddable":true,"href":"https:\/\/www.nexoinformativo.mx\/index.php\/wp-json\/wp\/v2\/categories?post=1345"},{"taxonomy":"post_tag","embeddable":true,"href":"https:\/\/www.nexoinformativo.mx\/index.php\/wp-json\/wp\/v2\/tags?post=1345"}],"curies":[{"name":"wp","href":"https:\/\/api.w.org\/{rel}","templated":true}]}}