{"id":13460,"date":"2025-03-29T11:00:38","date_gmt":"2025-03-29T17:00:38","guid":{"rendered":"https:\/\/www.nexoinformativo.mx\/?p=13460"},"modified":"2025-03-29T13:00:26","modified_gmt":"2025-03-29T19:00:26","slug":"intentaron-sobornar-a-la-policia-detienen-a-dos-hombres-con-droga-y-vehiculo-alterado-en-san-juan-del-rio","status":"publish","type":"post","link":"https:\/\/www.nexoinformativo.mx\/index.php\/2025\/03\/29\/intentaron-sobornar-a-la-policia-detienen-a-dos-hombres-con-droga-y-vehiculo-alterado-en-san-juan-del-rio\/","title":{"rendered":"Intentaron sobornar a la polic\u00eda detienen a dos hombres con droga y veh\u00edculo alterado en San Juan del R\u00edo"},"content":{"rendered":"<p style=\"text-align: justify;\" data-sourcepos=\"13:1-13:286\">Dos hombres originarios del Estado de M\u00e9xico y la Ciudad de M\u00e9xico fueron detenidos por elementos de la Secretar\u00eda de Seguridad P\u00fablica Municipal, tras intentar sobornar a los oficiales durante una inspecci\u00f3n vehicular en la colonia Loma Bonita.<\/p>\n<p>&nbsp;<\/p>\n<p style=\"text-align: justify;\" data-sourcepos=\"15:1-15:237\">La detenci\u00f3n se produjo cuando los oficiales detectaron un autom\u00f3vil Renault gris sin placa trasera visible. Al realizar la revisi\u00f3n, el conductor activ\u00f3 un mecanismo oculto que despleg\u00f3 la placa de circulaci\u00f3n, lo que levant\u00f3 sospechas.<\/p>\n<p>&nbsp;<\/p>\n<p style=\"text-align: justify;\" data-sourcepos=\"17:1-17:320\">Durante la inspecci\u00f3n del veh\u00edculo, se encontr\u00f3 una mochila con un radio de comunicaci\u00f3n, una tarjeta de circulaci\u00f3n de una motocicleta con reporte de robo y una sustancia granulada con caracter\u00edsticas de droga.<\/p>\n<\/p>\n<p>&nbsp;<\/p>\n<p style=\"text-align: justify;\" data-sourcepos=\"17:1-17:320\">Al verse descubiertos, los individuos ofrecieron dinero en efectivo a los polic\u00edas para evitar su detenci\u00f3n.<\/p>\n<p>&nbsp;<\/p>\n<p style=\"text-align: justify;\" data-sourcepos=\"19:1-19:129\">Los detenidos fueron trasladados a la Fiscal\u00eda Especializada en Combate a la Corrupci\u00f3n, donde se determinar\u00e1 su situaci\u00f3n legal.<\/p>\n<p>&nbsp;<\/p>\n<p style=\"text-align: center;\" data-sourcepos=\"19:1-19:129\"><em><strong>\u00a1Informaci\u00f3n que transforma!<\/strong><\/em><\/p>\n","protected":false},"excerpt":{"rendered":"<p>Dos hombres originarios del Estado de M\u00e9xico y la Ciudad de M\u00e9xico fueron detenidos por elementos de la Secretar\u00eda de Seguridad P\u00fablica Municipal, tras intentar sobornar a los oficiales durante una inspecci\u00f3n vehicular en la colonia Loma Bonita.<\/p>\n","protected":false},"author":3,"featured_media":13461,"comment_status":"open","ping_status":"open","sticky":false,"template":"","format":"standard","meta":{"footnotes":""},"categories":[137,58],"tags":[261,302,382,3927],"class_list":["post-13460","post","type-post","status-publish","format-standard","has-post-thumbnail","hentry","category-sucesos","category-ultima-hora","tag-detenidos","tag-policiamunicipal","tag-sanjuandelrio","tag-soborno"],"yoast_head":"<!-- This site is optimized with the Yoast SEO plugin v25.0 - https:\/\/yoast.com\/wordpress\/plugins\/seo\/ -->\n<title>Intentaron sobornar a la polic\u00eda detienen a dos hombres con droga y veh\u00edculo alterado en San Juan del R\u00edo | Nexo Informativo Santiago de Quer\u00e9taro<\/title>\n<meta name=\"description\" content=\"Intentaron sobornar a la polic\u00eda detienen a dos hombres con droga y veh\u00edculo alterado en San Juan del R\u00edo\" \/>\n<meta name=\"robots\" content=\"index, follow, max-snippet:-1, max-image-preview:large, max-video-preview:-1\" \/>\n<link rel=\"canonical\" href=\"https:\/\/www.nexoinformativo.mx\/index.php\/2025\/03\/29\/intentaron-sobornar-a-la-policia-detienen-a-dos-hombres-con-droga-y-vehiculo-alterado-en-san-juan-del-rio\/\" \/>\n<meta property=\"og:locale\" content=\"es_MX\" \/>\n<meta property=\"og:type\" content=\"article\" \/>\n<meta property=\"og:title\" content=\"Intentaron sobornar a la polic\u00eda detienen a dos hombres con droga y veh\u00edculo alterado en San Juan del R\u00edo | Nexo Informativo Santiago de Quer\u00e9taro\" \/>\n<meta property=\"og:description\" content=\"Intentaron sobornar a la polic\u00eda detienen a dos hombres con droga y veh\u00edculo alterado en San Juan del R\u00edo\" \/>\n<meta property=\"og:url\" content=\"https:\/\/www.nexoinformativo.mx\/index.php\/2025\/03\/29\/intentaron-sobornar-a-la-policia-detienen-a-dos-hombres-con-droga-y-vehiculo-alterado-en-san-juan-del-rio\/\" \/>\n<meta property=\"og:site_name\" content=\"Nexo Informativo Santiago de Quer\u00e9taro\" \/>\n<meta property=\"article:publisher\" content=\"https:\/\/www.facebook.com\/people\/Nexo-Informativo\/61564066885511\/\" \/>\n<meta property=\"article:published_time\" content=\"2025-03-29T17:00:38+00:00\" \/>\n<meta property=\"article:modified_time\" content=\"2025-03-29T19:00:26+00:00\" \/>\n<meta property=\"og:image\" content=\"https:\/\/www.nexoinformativo.mx\/wp-content\/uploads\/2025\/03\/PHOTO-2025-03-29-12-29-54-e1743274764714.jpg\" \/>\n\t<meta property=\"og:image:width\" content=\"800\" \/>\n\t<meta property=\"og:image:height\" content=\"671\" \/>\n\t<meta property=\"og:image:type\" content=\"image\/jpeg\" \/>\n<meta name=\"author\" content=\"Nexo Informativo\" \/>\n<meta name=\"twitter:card\" content=\"summary_large_image\" \/>\n<meta name=\"twitter:label1\" content=\"Escrito por\" \/>\n\t<meta name=\"twitter:data1\" content=\"Nexo Informativo\" \/>\n\t<meta name=\"twitter:label2\" content=\"Tiempo de lectura\" \/>\n\t<meta name=\"twitter:data2\" content=\"1 minuto\" \/>\n<script type=\"application\/ld+json\" class=\"yoast-schema-graph\">{\"@context\":\"https:\/\/schema.org\",\"@graph\":[{\"@type\":\"Article\",\"@id\":\"https:\/\/www.nexoinformativo.mx\/index.php\/2025\/03\/29\/intentaron-sobornar-a-la-policia-detienen-a-dos-hombres-con-droga-y-vehiculo-alterado-en-san-juan-del-rio\/#article\",\"isPartOf\":{\"@id\":\"https:\/\/www.nexoinformativo.mx\/index.php\/2025\/03\/29\/intentaron-sobornar-a-la-policia-detienen-a-dos-hombres-con-droga-y-vehiculo-alterado-en-san-juan-del-rio\/\"},\"author\":{\"name\":\"Nexo Informativo\",\"@id\":\"https:\/\/www.nexoinformativo.mx\/#\/schema\/person\/7749d380ba08c8ca00d7bc76fd907b7d\"},\"headline\":\"Intentaron sobornar a la polic\u00eda detienen a dos hombres con droga y veh\u00edculo alterado en San Juan del R\u00edo\",\"datePublished\":\"2025-03-29T17:00:38+00:00\",\"dateModified\":\"2025-03-29T19:00:26+00:00\",\"mainEntityOfPage\":{\"@id\":\"https:\/\/www.nexoinformativo.mx\/index.php\/2025\/03\/29\/intentaron-sobornar-a-la-policia-detienen-a-dos-hombres-con-droga-y-vehiculo-alterado-en-san-juan-del-rio\/\"},\"wordCount\":192,\"commentCount\":0,\"publisher\":{\"@id\":\"https:\/\/www.nexoinformativo.mx\/#organization\"},\"image\":{\"@id\":\"https:\/\/www.nexoinformativo.mx\/index.php\/2025\/03\/29\/intentaron-sobornar-a-la-policia-detienen-a-dos-hombres-con-droga-y-vehiculo-alterado-en-san-juan-del-rio\/#primaryimage\"},\"thumbnailUrl\":\"https:\/\/www.nexoinformativo.mx\/wp-content\/uploads\/2025\/03\/PHOTO-2025-03-29-12-29-54-e1743274764714.jpg\",\"keywords\":[\"detenidos\",\"Polic\u00edamunicipal\",\"SanJuanDelR\u00edo\",\"Soborno\"],\"articleSection\":[\"Sucesos\",\"\u00daltima Hora\"],\"inLanguage\":\"es\",\"potentialAction\":[{\"@type\":\"CommentAction\",\"name\":\"Comment\",\"target\":[\"https:\/\/www.nexoinformativo.mx\/index.php\/2025\/03\/29\/intentaron-sobornar-a-la-policia-detienen-a-dos-hombres-con-droga-y-vehiculo-alterado-en-san-juan-del-rio\/#respond\"]}]},{\"@type\":\"WebPage\",\"@id\":\"https:\/\/www.nexoinformativo.mx\/index.php\/2025\/03\/29\/intentaron-sobornar-a-la-policia-detienen-a-dos-hombres-con-droga-y-vehiculo-alterado-en-san-juan-del-rio\/\",\"url\":\"https:\/\/www.nexoinformativo.mx\/index.php\/2025\/03\/29\/intentaron-sobornar-a-la-policia-detienen-a-dos-hombres-con-droga-y-vehiculo-alterado-en-san-juan-del-rio\/\",\"name\":\"Intentaron sobornar a la polic\u00eda detienen a dos hombres con droga y veh\u00edculo alterado en San Juan del R\u00edo | Nexo Informativo Santiago de Quer\u00e9taro\",\"isPartOf\":{\"@id\":\"https:\/\/www.nexoinformativo.mx\/#website\"},\"primaryImageOfPage\":{\"@id\":\"https:\/\/www.nexoinformativo.mx\/index.php\/2025\/03\/29\/intentaron-sobornar-a-la-policia-detienen-a-dos-hombres-con-droga-y-vehiculo-alterado-en-san-juan-del-rio\/#primaryimage\"},\"image\":{\"@id\":\"https:\/\/www.nexoinformativo.mx\/index.php\/2025\/03\/29\/intentaron-sobornar-a-la-policia-detienen-a-dos-hombres-con-droga-y-vehiculo-alterado-en-san-juan-del-rio\/#primaryimage\"},\"thumbnailUrl\":\"https:\/\/www.nexoinformativo.mx\/wp-content\/uploads\/2025\/03\/PHOTO-2025-03-29-12-29-54-e1743274764714.jpg\",\"datePublished\":\"2025-03-29T17:00:38+00:00\",\"dateModified\":\"2025-03-29T19:00:26+00:00\",\"description\":\"Intentaron sobornar a la polic\u00eda detienen a dos hombres con droga y veh\u00edculo alterado en San Juan del R\u00edo\",\"breadcrumb\":{\"@id\":\"https:\/\/www.nexoinformativo.mx\/index.php\/2025\/03\/29\/intentaron-sobornar-a-la-policia-detienen-a-dos-hombres-con-droga-y-vehiculo-alterado-en-san-juan-del-rio\/#breadcrumb\"},\"inLanguage\":\"es\",\"potentialAction\":[{\"@type\":\"ReadAction\",\"target\":[\"https:\/\/www.nexoinformativo.mx\/index.php\/2025\/03\/29\/intentaron-sobornar-a-la-policia-detienen-a-dos-hombres-con-droga-y-vehiculo-alterado-en-san-juan-del-rio\/\"]}]},{\"@type\":\"ImageObject\",\"inLanguage\":\"es\",\"@id\":\"https:\/\/www.nexoinformativo.mx\/index.php\/2025\/03\/29\/intentaron-sobornar-a-la-policia-detienen-a-dos-hombres-con-droga-y-vehiculo-alterado-en-san-juan-del-rio\/#primaryimage\",\"url\":\"https:\/\/www.nexoinformativo.mx\/wp-content\/uploads\/2025\/03\/PHOTO-2025-03-29-12-29-54-e1743274764714.jpg\",\"contentUrl\":\"https:\/\/www.nexoinformativo.mx\/wp-content\/uploads\/2025\/03\/PHOTO-2025-03-29-12-29-54-e1743274764714.jpg\",\"width\":800,\"height\":671},{\"@type\":\"BreadcrumbList\",\"@id\":\"https:\/\/www.nexoinformativo.mx\/index.php\/2025\/03\/29\/intentaron-sobornar-a-la-policia-detienen-a-dos-hombres-con-droga-y-vehiculo-alterado-en-san-juan-del-rio\/#breadcrumb\",\"itemListElement\":[{\"@type\":\"ListItem\",\"position\":1,\"name\":\"Inicio\",\"item\":\"https:\/\/www.nexoinformativo.mx\/\"},{\"@type\":\"ListItem\",\"position\":2,\"name\":\"Intentaron sobornar a la polic\u00eda detienen a dos hombres con droga y veh\u00edculo alterado en San Juan del R\u00edo\"}]},{\"@type\":\"WebSite\",\"@id\":\"https:\/\/www.nexoinformativo.mx\/#website\",\"url\":\"https:\/\/www.nexoinformativo.mx\/\",\"name\":\"Nexo Informativo Santiago de Quer\u00e9taro\",\"description\":\"Explora NexoInformativo y convi\u00e9rtete en parte de una comunidad que valora el conocimiento y la verdad. Tu nexoinformativo es tu puente hacia una comprensi\u00f3n m\u00e1s profunda del mundo que te rodea.\",\"publisher\":{\"@id\":\"https:\/\/www.nexoinformativo.mx\/#organization\"},\"potentialAction\":[{\"@type\":\"SearchAction\",\"target\":{\"@type\":\"EntryPoint\",\"urlTemplate\":\"https:\/\/www.nexoinformativo.mx\/?s={search_term_string}\"},\"query-input\":{\"@type\":\"PropertyValueSpecification\",\"valueRequired\":true,\"valueName\":\"search_term_string\"}}],\"inLanguage\":\"es\"},{\"@type\":\"Organization\",\"@id\":\"https:\/\/www.nexoinformativo.mx\/#organization\",\"name\":\"Nexo Informativo Santiago de Quer\u00e9taro\",\"url\":\"https:\/\/www.nexoinformativo.mx\/\",\"logo\":{\"@type\":\"ImageObject\",\"inLanguage\":\"es\",\"@id\":\"https:\/\/www.nexoinformativo.mx\/#\/schema\/logo\/image\/\",\"url\":\"https:\/\/www.nexoinformativo.mx\/wp-content\/uploads\/2024\/07\/nexoi-trasparente-2.png\",\"contentUrl\":\"https:\/\/www.nexoinformativo.mx\/wp-content\/uploads\/2024\/07\/nexoi-trasparente-2.png\",\"width\":816,\"height\":339,\"caption\":\"Nexo Informativo Santiago de Quer\u00e9taro\"},\"image\":{\"@id\":\"https:\/\/www.nexoinformativo.mx\/#\/schema\/logo\/image\/\"},\"sameAs\":[\"https:\/\/www.facebook.com\/people\/Nexo-Informativo\/61564066885511\/\"]},{\"@type\":\"Person\",\"@id\":\"https:\/\/www.nexoinformativo.mx\/#\/schema\/person\/7749d380ba08c8ca00d7bc76fd907b7d\",\"name\":\"Nexo Informativo\",\"image\":{\"@type\":\"ImageObject\",\"inLanguage\":\"es\",\"@id\":\"https:\/\/www.nexoinformativo.mx\/#\/schema\/person\/image\/\",\"url\":\"https:\/\/secure.gravatar.com\/avatar\/dde2928154642a13d95f87ddf1ea9718fe2b46760a005c53e41ff5ad610704e6?s=96&d=mm&r=g\",\"contentUrl\":\"https:\/\/secure.gravatar.com\/avatar\/dde2928154642a13d95f87ddf1ea9718fe2b46760a005c53e41ff5ad610704e6?s=96&d=mm&r=g\",\"caption\":\"Nexo Informativo\"},\"url\":\"https:\/\/www.nexoinformativo.mx\/index.php\/author\/edicion\/\"}]}<\/script>\n<!-- \/ Yoast SEO plugin. -->","yoast_head_json":{"title":"Intentaron sobornar a la polic\u00eda detienen a dos hombres con droga y veh\u00edculo alterado en San Juan del R\u00edo | Nexo Informativo Santiago de Quer\u00e9taro","description":"Intentaron sobornar a la polic\u00eda detienen a dos hombres con droga y veh\u00edculo alterado en San Juan del R\u00edo","robots":{"index":"index","follow":"follow","max-snippet":"max-snippet:-1","max-image-preview":"max-image-preview:large","max-video-preview":"max-video-preview:-1"},"canonical":"https:\/\/www.nexoinformativo.mx\/index.php\/2025\/03\/29\/intentaron-sobornar-a-la-policia-detienen-a-dos-hombres-con-droga-y-vehiculo-alterado-en-san-juan-del-rio\/","og_locale":"es_MX","og_type":"article","og_title":"Intentaron sobornar a la polic\u00eda detienen a dos hombres con droga y veh\u00edculo alterado en San Juan del R\u00edo | Nexo Informativo Santiago de Quer\u00e9taro","og_description":"Intentaron sobornar a la polic\u00eda detienen a dos hombres con droga y veh\u00edculo alterado en San Juan del R\u00edo","og_url":"https:\/\/www.nexoinformativo.mx\/index.php\/2025\/03\/29\/intentaron-sobornar-a-la-policia-detienen-a-dos-hombres-con-droga-y-vehiculo-alterado-en-san-juan-del-rio\/","og_site_name":"Nexo Informativo Santiago de Quer\u00e9taro","article_publisher":"https:\/\/www.facebook.com\/people\/Nexo-Informativo\/61564066885511\/","article_published_time":"2025-03-29T17:00:38+00:00","article_modified_time":"2025-03-29T19:00:26+00:00","og_image":[{"width":800,"height":671,"url":"https:\/\/www.nexoinformativo.mx\/wp-content\/uploads\/2025\/03\/PHOTO-2025-03-29-12-29-54-e1743274764714.jpg","type":"image\/jpeg"}],"author":"Nexo Informativo","twitter_card":"summary_large_image","twitter_misc":{"Escrito por":"Nexo Informativo","Tiempo de lectura":"1 minuto"},"schema":{"@context":"https:\/\/schema.org","@graph":[{"@type":"Article","@id":"https:\/\/www.nexoinformativo.mx\/index.php\/2025\/03\/29\/intentaron-sobornar-a-la-policia-detienen-a-dos-hombres-con-droga-y-vehiculo-alterado-en-san-juan-del-rio\/#article","isPartOf":{"@id":"https:\/\/www.nexoinformativo.mx\/index.php\/2025\/03\/29\/intentaron-sobornar-a-la-policia-detienen-a-dos-hombres-con-droga-y-vehiculo-alterado-en-san-juan-del-rio\/"},"author":{"name":"Nexo Informativo","@id":"https:\/\/www.nexoinformativo.mx\/#\/schema\/person\/7749d380ba08c8ca00d7bc76fd907b7d"},"headline":"Intentaron sobornar a la polic\u00eda detienen a dos hombres con droga y veh\u00edculo alterado en San Juan del R\u00edo","datePublished":"2025-03-29T17:00:38+00:00","dateModified":"2025-03-29T19:00:26+00:00","mainEntityOfPage":{"@id":"https:\/\/www.nexoinformativo.mx\/index.php\/2025\/03\/29\/intentaron-sobornar-a-la-policia-detienen-a-dos-hombres-con-droga-y-vehiculo-alterado-en-san-juan-del-rio\/"},"wordCount":192,"commentCount":0,"publisher":{"@id":"https:\/\/www.nexoinformativo.mx\/#organization"},"image":{"@id":"https:\/\/www.nexoinformativo.mx\/index.php\/2025\/03\/29\/intentaron-sobornar-a-la-policia-detienen-a-dos-hombres-con-droga-y-vehiculo-alterado-en-san-juan-del-rio\/#primaryimage"},"thumbnailUrl":"https:\/\/www.nexoinformativo.mx\/wp-content\/uploads\/2025\/03\/PHOTO-2025-03-29-12-29-54-e1743274764714.jpg","keywords":["detenidos","Polic\u00edamunicipal","SanJuanDelR\u00edo","Soborno"],"articleSection":["Sucesos","\u00daltima Hora"],"inLanguage":"es","potentialAction":[{"@type":"CommentAction","name":"Comment","target":["https:\/\/www.nexoinformativo.mx\/index.php\/2025\/03\/29\/intentaron-sobornar-a-la-policia-detienen-a-dos-hombres-con-droga-y-vehiculo-alterado-en-san-juan-del-rio\/#respond"]}]},{"@type":"WebPage","@id":"https:\/\/www.nexoinformativo.mx\/index.php\/2025\/03\/29\/intentaron-sobornar-a-la-policia-detienen-a-dos-hombres-con-droga-y-vehiculo-alterado-en-san-juan-del-rio\/","url":"https:\/\/www.nexoinformativo.mx\/index.php\/2025\/03\/29\/intentaron-sobornar-a-la-policia-detienen-a-dos-hombres-con-droga-y-vehiculo-alterado-en-san-juan-del-rio\/","name":"Intentaron sobornar a la polic\u00eda detienen a dos hombres con droga y veh\u00edculo alterado en San Juan del R\u00edo | Nexo Informativo Santiago de Quer\u00e9taro","isPartOf":{"@id":"https:\/\/www.nexoinformativo.mx\/#website"},"primaryImageOfPage":{"@id":"https:\/\/www.nexoinformativo.mx\/index.php\/2025\/03\/29\/intentaron-sobornar-a-la-policia-detienen-a-dos-hombres-con-droga-y-vehiculo-alterado-en-san-juan-del-rio\/#primaryimage"},"image":{"@id":"https:\/\/www.nexoinformativo.mx\/index.php\/2025\/03\/29\/intentaron-sobornar-a-la-policia-detienen-a-dos-hombres-con-droga-y-vehiculo-alterado-en-san-juan-del-rio\/#primaryimage"},"thumbnailUrl":"https:\/\/www.nexoinformativo.mx\/wp-content\/uploads\/2025\/03\/PHOTO-2025-03-29-12-29-54-e1743274764714.jpg","datePublished":"2025-03-29T17:00:38+00:00","dateModified":"2025-03-29T19:00:26+00:00","description":"Intentaron sobornar a la polic\u00eda detienen a dos hombres con droga y veh\u00edculo alterado en San Juan del R\u00edo","breadcrumb":{"@id":"https:\/\/www.nexoinformativo.mx\/index.php\/2025\/03\/29\/intentaron-sobornar-a-la-policia-detienen-a-dos-hombres-con-droga-y-vehiculo-alterado-en-san-juan-del-rio\/#breadcrumb"},"inLanguage":"es","potentialAction":[{"@type":"ReadAction","target":["https:\/\/www.nexoinformativo.mx\/index.php\/2025\/03\/29\/intentaron-sobornar-a-la-policia-detienen-a-dos-hombres-con-droga-y-vehiculo-alterado-en-san-juan-del-rio\/"]}]},{"@type":"ImageObject","inLanguage":"es","@id":"https:\/\/www.nexoinformativo.mx\/index.php\/2025\/03\/29\/intentaron-sobornar-a-la-policia-detienen-a-dos-hombres-con-droga-y-vehiculo-alterado-en-san-juan-del-rio\/#primaryimage","url":"https:\/\/www.nexoinformativo.mx\/wp-content\/uploads\/2025\/03\/PHOTO-2025-03-29-12-29-54-e1743274764714.jpg","contentUrl":"https:\/\/www.nexoinformativo.mx\/wp-content\/uploads\/2025\/03\/PHOTO-2025-03-29-12-29-54-e1743274764714.jpg","width":800,"height":671},{"@type":"BreadcrumbList","@id":"https:\/\/www.nexoinformativo.mx\/index.php\/2025\/03\/29\/intentaron-sobornar-a-la-policia-detienen-a-dos-hombres-con-droga-y-vehiculo-alterado-en-san-juan-del-rio\/#breadcrumb","itemListElement":[{"@type":"ListItem","position":1,"name":"Inicio","item":"https:\/\/www.nexoinformativo.mx\/"},{"@type":"ListItem","position":2,"name":"Intentaron sobornar a la polic\u00eda detienen a dos hombres con droga y veh\u00edculo alterado en San Juan del R\u00edo"}]},{"@type":"WebSite","@id":"https:\/\/www.nexoinformativo.mx\/#website","url":"https:\/\/www.nexoinformativo.mx\/","name":"Nexo Informativo Santiago de Quer\u00e9taro","description":"Explora NexoInformativo y convi\u00e9rtete en parte de una comunidad que valora el conocimiento y la verdad. Tu nexoinformativo es tu puente hacia una comprensi\u00f3n m\u00e1s profunda del mundo que te rodea.","publisher":{"@id":"https:\/\/www.nexoinformativo.mx\/#organization"},"potentialAction":[{"@type":"SearchAction","target":{"@type":"EntryPoint","urlTemplate":"https:\/\/www.nexoinformativo.mx\/?s={search_term_string}"},"query-input":{"@type":"PropertyValueSpecification","valueRequired":true,"valueName":"search_term_string"}}],"inLanguage":"es"},{"@type":"Organization","@id":"https:\/\/www.nexoinformativo.mx\/#organization","name":"Nexo Informativo Santiago de Quer\u00e9taro","url":"https:\/\/www.nexoinformativo.mx\/","logo":{"@type":"ImageObject","inLanguage":"es","@id":"https:\/\/www.nexoinformativo.mx\/#\/schema\/logo\/image\/","url":"https:\/\/www.nexoinformativo.mx\/wp-content\/uploads\/2024\/07\/nexoi-trasparente-2.png","contentUrl":"https:\/\/www.nexoinformativo.mx\/wp-content\/uploads\/2024\/07\/nexoi-trasparente-2.png","width":816,"height":339,"caption":"Nexo Informativo Santiago de Quer\u00e9taro"},"image":{"@id":"https:\/\/www.nexoinformativo.mx\/#\/schema\/logo\/image\/"},"sameAs":["https:\/\/www.facebook.com\/people\/Nexo-Informativo\/61564066885511\/"]},{"@type":"Person","@id":"https:\/\/www.nexoinformativo.mx\/#\/schema\/person\/7749d380ba08c8ca00d7bc76fd907b7d","name":"Nexo Informativo","image":{"@type":"ImageObject","inLanguage":"es","@id":"https:\/\/www.nexoinformativo.mx\/#\/schema\/person\/image\/","url":"https:\/\/secure.gravatar.com\/avatar\/dde2928154642a13d95f87ddf1ea9718fe2b46760a005c53e41ff5ad610704e6?s=96&d=mm&r=g","contentUrl":"https:\/\/secure.gravatar.com\/avatar\/dde2928154642a13d95f87ddf1ea9718fe2b46760a005c53e41ff5ad610704e6?s=96&d=mm&r=g","caption":"Nexo Informativo"},"url":"https:\/\/www.nexoinformativo.mx\/index.php\/author\/edicion\/"}]}},"_links":{"self":[{"href":"https:\/\/www.nexoinformativo.mx\/index.php\/wp-json\/wp\/v2\/posts\/13460","targetHints":{"allow":["GET"]}}],"collection":[{"href":"https:\/\/www.nexoinformativo.mx\/index.php\/wp-json\/wp\/v2\/posts"}],"about":[{"href":"https:\/\/www.nexoinformativo.mx\/index.php\/wp-json\/wp\/v2\/types\/post"}],"author":[{"embeddable":true,"href":"https:\/\/www.nexoinformativo.mx\/index.php\/wp-json\/wp\/v2\/users\/3"}],"replies":[{"embeddable":true,"href":"https:\/\/www.nexoinformativo.mx\/index.php\/wp-json\/wp\/v2\/comments?post=13460"}],"version-history":[{"count":4,"href":"https:\/\/www.nexoinformativo.mx\/index.php\/wp-json\/wp\/v2\/posts\/13460\/revisions"}],"predecessor-version":[{"id":13464,"href":"https:\/\/www.nexoinformativo.mx\/index.php\/wp-json\/wp\/v2\/posts\/13460\/revisions\/13464"}],"wp:featuredmedia":[{"embeddable":true,"href":"https:\/\/www.nexoinformativo.mx\/index.php\/wp-json\/wp\/v2\/media\/13461"}],"wp:attachment":[{"href":"https:\/\/www.nexoinformativo.mx\/index.php\/wp-json\/wp\/v2\/media?parent=13460"}],"wp:term":[{"taxonomy":"category","embeddable":true,"href":"https:\/\/www.nexoinformativo.mx\/index.php\/wp-json\/wp\/v2\/categories?post=13460"},{"taxonomy":"post_tag","embeddable":true,"href":"https:\/\/www.nexoinformativo.mx\/index.php\/wp-json\/wp\/v2\/tags?post=13460"}],"curies":[{"name":"wp","href":"https:\/\/api.w.org\/{rel}","templated":true}]}}