{"id":13473,"date":"2025-03-29T12:30:35","date_gmt":"2025-03-29T18:30:35","guid":{"rendered":"https:\/\/www.nexoinformativo.mx\/?p=13473"},"modified":"2025-03-29T13:34:37","modified_gmt":"2025-03-29T19:34:37","slug":"inversion-de-mil-500-millones-obras-publicas-en-queretaro-bajo-lupa-ciudadana","status":"publish","type":"post","link":"https:\/\/www.nexoinformativo.mx\/index.php\/2025\/03\/29\/inversion-de-mil-500-millones-obras-publicas-en-queretaro-bajo-lupa-ciudadana\/","title":{"rendered":"Inversi\u00f3n de mil 500 millones obras p\u00fablicas en Quer\u00e9taro bajo lupa ciudadana"},"content":{"rendered":"<p style=\"text-align: justify;\" data-sourcepos=\"13:1-13:265\">El municipio de Quer\u00e9taro ha anunciado que las obras incluidas en el Programa de Obra Anual (POA) de 2025 se ejecutar\u00e1n bajo el esquema de invitaci\u00f3n restringida, seg\u00fan confirm\u00f3 el secretario de Obras P\u00fablicas, Francisco Villegas Sol\u00eds.<\/p>\n<\/p>\n<p>&nbsp;<\/p>\n<p style=\"text-align: justify;\" data-sourcepos=\"15:1-15:292\">Con un presupuesto de mil 500 millones de pesos, estas obras buscan dar respuesta a las necesidades de la ciudadan\u00eda, con un 70% de los proyectos provenientes de propuestas ciudadanas recabadas a trav\u00e9s del ejercicio &#8220;Decide Quer\u00e9taro&#8221;. El 30% restante corresponde a proyectos de continuidad.<\/p>\n<\/p>\n<p>&nbsp;<\/p>\n<p style=\"text-align: justify;\" data-sourcepos=\"17:1-17:285\">Villegas Sol\u00eds explic\u00f3 que, seg\u00fan la normativa, las adjudicaciones directas se aplican para proyectos con costos menores a 2 millones 885 mil pesos, mientras que las obras con un presupuesto entre esa cifra y los 57 millones 709 mil pesos se realizar\u00e1n mediante invitaci\u00f3n restringida.<\/p>\n<\/p>\n<p>&nbsp;<\/p>\n<p style=\"text-align: justify;\" data-sourcepos=\"19:1-19:238\">&#8220;El 100% de las obras las vamos a hacer invitaci\u00f3n restringida, al menos tres porque hacemos la participaci\u00f3n de las c\u00e1maras, colegios y el municipio hace una propuesta y de esas, quien tenga la mejor propuesta es la que se hace&#8221;, aclar\u00f3.<\/p>\n<\/p>\n<p>&nbsp;<\/p>\n<p style=\"text-align: center;\" data-sourcepos=\"19:1-19:238\"><em><strong>\u00a1Informaci\u00f3n que transforma!<\/strong><\/em><\/p>\n","protected":false},"excerpt":{"rendered":"<p>El l municipio de Quer\u00e9taro ha anunciado que las obras incluidas en el Programa de Obra Anual (POA) de 2025 se ejecutar\u00e1n bajo el esquema de invitaci\u00f3n restringida, seg\u00fan confirm\u00f3 el secretario de Obras P\u00fablicas, Francisco Villegas Sol\u00eds.<\/p>\n","protected":false},"author":3,"featured_media":13475,"comment_status":"open","ping_status":"open","sticky":false,"template":"","format":"standard","meta":{"footnotes":""},"categories":[42,58],"tags":[3173,3932,3931,399],"class_list":["post-13473","post","type-post","status-publish","format-standard","has-post-thumbnail","hentry","category-estado","category-ultima-hora","tag-decidequeretaro","tag-inversionmunicipal","tag-obraspublicasqueretaro","tag-queretaroavanza"],"yoast_head":"<!-- This site is optimized with the Yoast SEO plugin v25.0 - https:\/\/yoast.com\/wordpress\/plugins\/seo\/ -->\n<title>Inversi\u00f3n de mil 500 millones obras p\u00fablicas en Quer\u00e9taro bajo lupa ciudadana | Nexo Informativo Santiago de Quer\u00e9taro<\/title>\n<meta name=\"description\" content=\"Inversi\u00f3n de mil 500 millones obras p\u00fablicas en Quer\u00e9taro bajo lupa ciudadana\" \/>\n<meta name=\"robots\" content=\"index, follow, max-snippet:-1, max-image-preview:large, max-video-preview:-1\" \/>\n<link rel=\"canonical\" href=\"https:\/\/www.nexoinformativo.mx\/index.php\/2025\/03\/29\/inversion-de-mil-500-millones-obras-publicas-en-queretaro-bajo-lupa-ciudadana\/\" \/>\n<meta property=\"og:locale\" content=\"es_MX\" \/>\n<meta property=\"og:type\" content=\"article\" \/>\n<meta property=\"og:title\" content=\"Inversi\u00f3n de mil 500 millones obras p\u00fablicas en Quer\u00e9taro bajo lupa ciudadana | Nexo Informativo Santiago de Quer\u00e9taro\" \/>\n<meta property=\"og:description\" content=\"Inversi\u00f3n de mil 500 millones obras p\u00fablicas en Quer\u00e9taro bajo lupa ciudadana\" \/>\n<meta property=\"og:url\" content=\"https:\/\/www.nexoinformativo.mx\/index.php\/2025\/03\/29\/inversion-de-mil-500-millones-obras-publicas-en-queretaro-bajo-lupa-ciudadana\/\" \/>\n<meta property=\"og:site_name\" content=\"Nexo Informativo Santiago de Quer\u00e9taro\" \/>\n<meta property=\"article:publisher\" content=\"https:\/\/www.facebook.com\/people\/Nexo-Informativo\/61564066885511\/\" \/>\n<meta property=\"article:published_time\" content=\"2025-03-29T18:30:35+00:00\" \/>\n<meta property=\"article:modified_time\" content=\"2025-03-29T19:34:37+00:00\" \/>\n<meta property=\"og:image\" content=\"https:\/\/www.nexoinformativo.mx\/wp-content\/uploads\/2025\/03\/6042c417-2a51-4127-8a3e-5b528a291be4-e1743276857637.jpg\" \/>\n\t<meta property=\"og:image:width\" content=\"750\" \/>\n\t<meta property=\"og:image:height\" content=\"861\" \/>\n\t<meta property=\"og:image:type\" content=\"image\/jpeg\" \/>\n<meta name=\"author\" content=\"Nexo Informativo\" \/>\n<meta name=\"twitter:card\" content=\"summary_large_image\" \/>\n<meta name=\"twitter:label1\" content=\"Escrito por\" \/>\n\t<meta name=\"twitter:data1\" content=\"Nexo Informativo\" \/>\n\t<meta name=\"twitter:label2\" content=\"Tiempo de lectura\" \/>\n\t<meta name=\"twitter:data2\" content=\"1 minuto\" \/>\n<script type=\"application\/ld+json\" class=\"yoast-schema-graph\">{\"@context\":\"https:\/\/schema.org\",\"@graph\":[{\"@type\":\"Article\",\"@id\":\"https:\/\/www.nexoinformativo.mx\/index.php\/2025\/03\/29\/inversion-de-mil-500-millones-obras-publicas-en-queretaro-bajo-lupa-ciudadana\/#article\",\"isPartOf\":{\"@id\":\"https:\/\/www.nexoinformativo.mx\/index.php\/2025\/03\/29\/inversion-de-mil-500-millones-obras-publicas-en-queretaro-bajo-lupa-ciudadana\/\"},\"author\":{\"name\":\"Nexo Informativo\",\"@id\":\"https:\/\/www.nexoinformativo.mx\/#\/schema\/person\/7749d380ba08c8ca00d7bc76fd907b7d\"},\"headline\":\"Inversi\u00f3n de mil 500 millones obras p\u00fablicas en Quer\u00e9taro bajo lupa ciudadana\",\"datePublished\":\"2025-03-29T18:30:35+00:00\",\"dateModified\":\"2025-03-29T19:34:37+00:00\",\"mainEntityOfPage\":{\"@id\":\"https:\/\/www.nexoinformativo.mx\/index.php\/2025\/03\/29\/inversion-de-mil-500-millones-obras-publicas-en-queretaro-bajo-lupa-ciudadana\/\"},\"wordCount\":198,\"commentCount\":0,\"publisher\":{\"@id\":\"https:\/\/www.nexoinformativo.mx\/#organization\"},\"image\":{\"@id\":\"https:\/\/www.nexoinformativo.mx\/index.php\/2025\/03\/29\/inversion-de-mil-500-millones-obras-publicas-en-queretaro-bajo-lupa-ciudadana\/#primaryimage\"},\"thumbnailUrl\":\"https:\/\/www.nexoinformativo.mx\/wp-content\/uploads\/2025\/03\/6042c417-2a51-4127-8a3e-5b528a291be4-e1743276857637.jpg\",\"keywords\":[\"DecideQuer\u00e9taro\",\"Inversi\u00f3nMunicipal\",\"ObrasP\u00fablicasQuer\u00e9taro\",\"Quer\u00e9taroAvanza\"],\"articleSection\":[\"Estado\",\"\u00daltima Hora\"],\"inLanguage\":\"es\",\"potentialAction\":[{\"@type\":\"CommentAction\",\"name\":\"Comment\",\"target\":[\"https:\/\/www.nexoinformativo.mx\/index.php\/2025\/03\/29\/inversion-de-mil-500-millones-obras-publicas-en-queretaro-bajo-lupa-ciudadana\/#respond\"]}]},{\"@type\":\"WebPage\",\"@id\":\"https:\/\/www.nexoinformativo.mx\/index.php\/2025\/03\/29\/inversion-de-mil-500-millones-obras-publicas-en-queretaro-bajo-lupa-ciudadana\/\",\"url\":\"https:\/\/www.nexoinformativo.mx\/index.php\/2025\/03\/29\/inversion-de-mil-500-millones-obras-publicas-en-queretaro-bajo-lupa-ciudadana\/\",\"name\":\"Inversi\u00f3n de mil 500 millones obras p\u00fablicas en Quer\u00e9taro bajo lupa ciudadana | Nexo Informativo Santiago de Quer\u00e9taro\",\"isPartOf\":{\"@id\":\"https:\/\/www.nexoinformativo.mx\/#website\"},\"primaryImageOfPage\":{\"@id\":\"https:\/\/www.nexoinformativo.mx\/index.php\/2025\/03\/29\/inversion-de-mil-500-millones-obras-publicas-en-queretaro-bajo-lupa-ciudadana\/#primaryimage\"},\"image\":{\"@id\":\"https:\/\/www.nexoinformativo.mx\/index.php\/2025\/03\/29\/inversion-de-mil-500-millones-obras-publicas-en-queretaro-bajo-lupa-ciudadana\/#primaryimage\"},\"thumbnailUrl\":\"https:\/\/www.nexoinformativo.mx\/wp-content\/uploads\/2025\/03\/6042c417-2a51-4127-8a3e-5b528a291be4-e1743276857637.jpg\",\"datePublished\":\"2025-03-29T18:30:35+00:00\",\"dateModified\":\"2025-03-29T19:34:37+00:00\",\"description\":\"Inversi\u00f3n de mil 500 millones obras p\u00fablicas en Quer\u00e9taro bajo lupa ciudadana\",\"breadcrumb\":{\"@id\":\"https:\/\/www.nexoinformativo.mx\/index.php\/2025\/03\/29\/inversion-de-mil-500-millones-obras-publicas-en-queretaro-bajo-lupa-ciudadana\/#breadcrumb\"},\"inLanguage\":\"es\",\"potentialAction\":[{\"@type\":\"ReadAction\",\"target\":[\"https:\/\/www.nexoinformativo.mx\/index.php\/2025\/03\/29\/inversion-de-mil-500-millones-obras-publicas-en-queretaro-bajo-lupa-ciudadana\/\"]}]},{\"@type\":\"ImageObject\",\"inLanguage\":\"es\",\"@id\":\"https:\/\/www.nexoinformativo.mx\/index.php\/2025\/03\/29\/inversion-de-mil-500-millones-obras-publicas-en-queretaro-bajo-lupa-ciudadana\/#primaryimage\",\"url\":\"https:\/\/www.nexoinformativo.mx\/wp-content\/uploads\/2025\/03\/6042c417-2a51-4127-8a3e-5b528a291be4-e1743276857637.jpg\",\"contentUrl\":\"https:\/\/www.nexoinformativo.mx\/wp-content\/uploads\/2025\/03\/6042c417-2a51-4127-8a3e-5b528a291be4-e1743276857637.jpg\",\"width\":750,\"height\":861},{\"@type\":\"BreadcrumbList\",\"@id\":\"https:\/\/www.nexoinformativo.mx\/index.php\/2025\/03\/29\/inversion-de-mil-500-millones-obras-publicas-en-queretaro-bajo-lupa-ciudadana\/#breadcrumb\",\"itemListElement\":[{\"@type\":\"ListItem\",\"position\":1,\"name\":\"Inicio\",\"item\":\"https:\/\/www.nexoinformativo.mx\/\"},{\"@type\":\"ListItem\",\"position\":2,\"name\":\"Inversi\u00f3n de mil 500 millones obras p\u00fablicas en Quer\u00e9taro bajo lupa ciudadana\"}]},{\"@type\":\"WebSite\",\"@id\":\"https:\/\/www.nexoinformativo.mx\/#website\",\"url\":\"https:\/\/www.nexoinformativo.mx\/\",\"name\":\"Nexo Informativo Santiago de Quer\u00e9taro\",\"description\":\"Explora NexoInformativo y convi\u00e9rtete en parte de una comunidad que valora el conocimiento y la verdad. Tu nexoinformativo es tu puente hacia una comprensi\u00f3n m\u00e1s profunda del mundo que te rodea.\",\"publisher\":{\"@id\":\"https:\/\/www.nexoinformativo.mx\/#organization\"},\"potentialAction\":[{\"@type\":\"SearchAction\",\"target\":{\"@type\":\"EntryPoint\",\"urlTemplate\":\"https:\/\/www.nexoinformativo.mx\/?s={search_term_string}\"},\"query-input\":{\"@type\":\"PropertyValueSpecification\",\"valueRequired\":true,\"valueName\":\"search_term_string\"}}],\"inLanguage\":\"es\"},{\"@type\":\"Organization\",\"@id\":\"https:\/\/www.nexoinformativo.mx\/#organization\",\"name\":\"Nexo Informativo Santiago de Quer\u00e9taro\",\"url\":\"https:\/\/www.nexoinformativo.mx\/\",\"logo\":{\"@type\":\"ImageObject\",\"inLanguage\":\"es\",\"@id\":\"https:\/\/www.nexoinformativo.mx\/#\/schema\/logo\/image\/\",\"url\":\"https:\/\/www.nexoinformativo.mx\/wp-content\/uploads\/2024\/07\/nexoi-trasparente-2.png\",\"contentUrl\":\"https:\/\/www.nexoinformativo.mx\/wp-content\/uploads\/2024\/07\/nexoi-trasparente-2.png\",\"width\":816,\"height\":339,\"caption\":\"Nexo Informativo Santiago de Quer\u00e9taro\"},\"image\":{\"@id\":\"https:\/\/www.nexoinformativo.mx\/#\/schema\/logo\/image\/\"},\"sameAs\":[\"https:\/\/www.facebook.com\/people\/Nexo-Informativo\/61564066885511\/\"]},{\"@type\":\"Person\",\"@id\":\"https:\/\/www.nexoinformativo.mx\/#\/schema\/person\/7749d380ba08c8ca00d7bc76fd907b7d\",\"name\":\"Nexo Informativo\",\"image\":{\"@type\":\"ImageObject\",\"inLanguage\":\"es\",\"@id\":\"https:\/\/www.nexoinformativo.mx\/#\/schema\/person\/image\/\",\"url\":\"https:\/\/secure.gravatar.com\/avatar\/dde2928154642a13d95f87ddf1ea9718fe2b46760a005c53e41ff5ad610704e6?s=96&d=mm&r=g\",\"contentUrl\":\"https:\/\/secure.gravatar.com\/avatar\/dde2928154642a13d95f87ddf1ea9718fe2b46760a005c53e41ff5ad610704e6?s=96&d=mm&r=g\",\"caption\":\"Nexo Informativo\"},\"url\":\"https:\/\/www.nexoinformativo.mx\/index.php\/author\/edicion\/\"}]}<\/script>\n<!-- \/ Yoast SEO plugin. -->","yoast_head_json":{"title":"Inversi\u00f3n de mil 500 millones obras p\u00fablicas en Quer\u00e9taro bajo lupa ciudadana | Nexo Informativo Santiago de Quer\u00e9taro","description":"Inversi\u00f3n de mil 500 millones obras p\u00fablicas en Quer\u00e9taro bajo lupa ciudadana","robots":{"index":"index","follow":"follow","max-snippet":"max-snippet:-1","max-image-preview":"max-image-preview:large","max-video-preview":"max-video-preview:-1"},"canonical":"https:\/\/www.nexoinformativo.mx\/index.php\/2025\/03\/29\/inversion-de-mil-500-millones-obras-publicas-en-queretaro-bajo-lupa-ciudadana\/","og_locale":"es_MX","og_type":"article","og_title":"Inversi\u00f3n de mil 500 millones obras p\u00fablicas en Quer\u00e9taro bajo lupa ciudadana | Nexo Informativo Santiago de Quer\u00e9taro","og_description":"Inversi\u00f3n de mil 500 millones obras p\u00fablicas en Quer\u00e9taro bajo lupa ciudadana","og_url":"https:\/\/www.nexoinformativo.mx\/index.php\/2025\/03\/29\/inversion-de-mil-500-millones-obras-publicas-en-queretaro-bajo-lupa-ciudadana\/","og_site_name":"Nexo Informativo Santiago de Quer\u00e9taro","article_publisher":"https:\/\/www.facebook.com\/people\/Nexo-Informativo\/61564066885511\/","article_published_time":"2025-03-29T18:30:35+00:00","article_modified_time":"2025-03-29T19:34:37+00:00","og_image":[{"width":750,"height":861,"url":"https:\/\/www.nexoinformativo.mx\/wp-content\/uploads\/2025\/03\/6042c417-2a51-4127-8a3e-5b528a291be4-e1743276857637.jpg","type":"image\/jpeg"}],"author":"Nexo Informativo","twitter_card":"summary_large_image","twitter_misc":{"Escrito por":"Nexo Informativo","Tiempo de lectura":"1 minuto"},"schema":{"@context":"https:\/\/schema.org","@graph":[{"@type":"Article","@id":"https:\/\/www.nexoinformativo.mx\/index.php\/2025\/03\/29\/inversion-de-mil-500-millones-obras-publicas-en-queretaro-bajo-lupa-ciudadana\/#article","isPartOf":{"@id":"https:\/\/www.nexoinformativo.mx\/index.php\/2025\/03\/29\/inversion-de-mil-500-millones-obras-publicas-en-queretaro-bajo-lupa-ciudadana\/"},"author":{"name":"Nexo Informativo","@id":"https:\/\/www.nexoinformativo.mx\/#\/schema\/person\/7749d380ba08c8ca00d7bc76fd907b7d"},"headline":"Inversi\u00f3n de mil 500 millones obras p\u00fablicas en Quer\u00e9taro bajo lupa ciudadana","datePublished":"2025-03-29T18:30:35+00:00","dateModified":"2025-03-29T19:34:37+00:00","mainEntityOfPage":{"@id":"https:\/\/www.nexoinformativo.mx\/index.php\/2025\/03\/29\/inversion-de-mil-500-millones-obras-publicas-en-queretaro-bajo-lupa-ciudadana\/"},"wordCount":198,"commentCount":0,"publisher":{"@id":"https:\/\/www.nexoinformativo.mx\/#organization"},"image":{"@id":"https:\/\/www.nexoinformativo.mx\/index.php\/2025\/03\/29\/inversion-de-mil-500-millones-obras-publicas-en-queretaro-bajo-lupa-ciudadana\/#primaryimage"},"thumbnailUrl":"https:\/\/www.nexoinformativo.mx\/wp-content\/uploads\/2025\/03\/6042c417-2a51-4127-8a3e-5b528a291be4-e1743276857637.jpg","keywords":["DecideQuer\u00e9taro","Inversi\u00f3nMunicipal","ObrasP\u00fablicasQuer\u00e9taro","Quer\u00e9taroAvanza"],"articleSection":["Estado","\u00daltima Hora"],"inLanguage":"es","potentialAction":[{"@type":"CommentAction","name":"Comment","target":["https:\/\/www.nexoinformativo.mx\/index.php\/2025\/03\/29\/inversion-de-mil-500-millones-obras-publicas-en-queretaro-bajo-lupa-ciudadana\/#respond"]}]},{"@type":"WebPage","@id":"https:\/\/www.nexoinformativo.mx\/index.php\/2025\/03\/29\/inversion-de-mil-500-millones-obras-publicas-en-queretaro-bajo-lupa-ciudadana\/","url":"https:\/\/www.nexoinformativo.mx\/index.php\/2025\/03\/29\/inversion-de-mil-500-millones-obras-publicas-en-queretaro-bajo-lupa-ciudadana\/","name":"Inversi\u00f3n de mil 500 millones obras p\u00fablicas en Quer\u00e9taro bajo lupa ciudadana | Nexo Informativo Santiago de Quer\u00e9taro","isPartOf":{"@id":"https:\/\/www.nexoinformativo.mx\/#website"},"primaryImageOfPage":{"@id":"https:\/\/www.nexoinformativo.mx\/index.php\/2025\/03\/29\/inversion-de-mil-500-millones-obras-publicas-en-queretaro-bajo-lupa-ciudadana\/#primaryimage"},"image":{"@id":"https:\/\/www.nexoinformativo.mx\/index.php\/2025\/03\/29\/inversion-de-mil-500-millones-obras-publicas-en-queretaro-bajo-lupa-ciudadana\/#primaryimage"},"thumbnailUrl":"https:\/\/www.nexoinformativo.mx\/wp-content\/uploads\/2025\/03\/6042c417-2a51-4127-8a3e-5b528a291be4-e1743276857637.jpg","datePublished":"2025-03-29T18:30:35+00:00","dateModified":"2025-03-29T19:34:37+00:00","description":"Inversi\u00f3n de mil 500 millones obras p\u00fablicas en Quer\u00e9taro bajo lupa ciudadana","breadcrumb":{"@id":"https:\/\/www.nexoinformativo.mx\/index.php\/2025\/03\/29\/inversion-de-mil-500-millones-obras-publicas-en-queretaro-bajo-lupa-ciudadana\/#breadcrumb"},"inLanguage":"es","potentialAction":[{"@type":"ReadAction","target":["https:\/\/www.nexoinformativo.mx\/index.php\/2025\/03\/29\/inversion-de-mil-500-millones-obras-publicas-en-queretaro-bajo-lupa-ciudadana\/"]}]},{"@type":"ImageObject","inLanguage":"es","@id":"https:\/\/www.nexoinformativo.mx\/index.php\/2025\/03\/29\/inversion-de-mil-500-millones-obras-publicas-en-queretaro-bajo-lupa-ciudadana\/#primaryimage","url":"https:\/\/www.nexoinformativo.mx\/wp-content\/uploads\/2025\/03\/6042c417-2a51-4127-8a3e-5b528a291be4-e1743276857637.jpg","contentUrl":"https:\/\/www.nexoinformativo.mx\/wp-content\/uploads\/2025\/03\/6042c417-2a51-4127-8a3e-5b528a291be4-e1743276857637.jpg","width":750,"height":861},{"@type":"BreadcrumbList","@id":"https:\/\/www.nexoinformativo.mx\/index.php\/2025\/03\/29\/inversion-de-mil-500-millones-obras-publicas-en-queretaro-bajo-lupa-ciudadana\/#breadcrumb","itemListElement":[{"@type":"ListItem","position":1,"name":"Inicio","item":"https:\/\/www.nexoinformativo.mx\/"},{"@type":"ListItem","position":2,"name":"Inversi\u00f3n de mil 500 millones obras p\u00fablicas en Quer\u00e9taro bajo lupa ciudadana"}]},{"@type":"WebSite","@id":"https:\/\/www.nexoinformativo.mx\/#website","url":"https:\/\/www.nexoinformativo.mx\/","name":"Nexo Informativo Santiago de Quer\u00e9taro","description":"Explora NexoInformativo y convi\u00e9rtete en parte de una comunidad que valora el conocimiento y la verdad. Tu nexoinformativo es tu puente hacia una comprensi\u00f3n m\u00e1s profunda del mundo que te rodea.","publisher":{"@id":"https:\/\/www.nexoinformativo.mx\/#organization"},"potentialAction":[{"@type":"SearchAction","target":{"@type":"EntryPoint","urlTemplate":"https:\/\/www.nexoinformativo.mx\/?s={search_term_string}"},"query-input":{"@type":"PropertyValueSpecification","valueRequired":true,"valueName":"search_term_string"}}],"inLanguage":"es"},{"@type":"Organization","@id":"https:\/\/www.nexoinformativo.mx\/#organization","name":"Nexo Informativo Santiago de Quer\u00e9taro","url":"https:\/\/www.nexoinformativo.mx\/","logo":{"@type":"ImageObject","inLanguage":"es","@id":"https:\/\/www.nexoinformativo.mx\/#\/schema\/logo\/image\/","url":"https:\/\/www.nexoinformativo.mx\/wp-content\/uploads\/2024\/07\/nexoi-trasparente-2.png","contentUrl":"https:\/\/www.nexoinformativo.mx\/wp-content\/uploads\/2024\/07\/nexoi-trasparente-2.png","width":816,"height":339,"caption":"Nexo Informativo Santiago de Quer\u00e9taro"},"image":{"@id":"https:\/\/www.nexoinformativo.mx\/#\/schema\/logo\/image\/"},"sameAs":["https:\/\/www.facebook.com\/people\/Nexo-Informativo\/61564066885511\/"]},{"@type":"Person","@id":"https:\/\/www.nexoinformativo.mx\/#\/schema\/person\/7749d380ba08c8ca00d7bc76fd907b7d","name":"Nexo Informativo","image":{"@type":"ImageObject","inLanguage":"es","@id":"https:\/\/www.nexoinformativo.mx\/#\/schema\/person\/image\/","url":"https:\/\/secure.gravatar.com\/avatar\/dde2928154642a13d95f87ddf1ea9718fe2b46760a005c53e41ff5ad610704e6?s=96&d=mm&r=g","contentUrl":"https:\/\/secure.gravatar.com\/avatar\/dde2928154642a13d95f87ddf1ea9718fe2b46760a005c53e41ff5ad610704e6?s=96&d=mm&r=g","caption":"Nexo Informativo"},"url":"https:\/\/www.nexoinformativo.mx\/index.php\/author\/edicion\/"}]}},"_links":{"self":[{"href":"https:\/\/www.nexoinformativo.mx\/index.php\/wp-json\/wp\/v2\/posts\/13473","targetHints":{"allow":["GET"]}}],"collection":[{"href":"https:\/\/www.nexoinformativo.mx\/index.php\/wp-json\/wp\/v2\/posts"}],"about":[{"href":"https:\/\/www.nexoinformativo.mx\/index.php\/wp-json\/wp\/v2\/types\/post"}],"author":[{"embeddable":true,"href":"https:\/\/www.nexoinformativo.mx\/index.php\/wp-json\/wp\/v2\/users\/3"}],"replies":[{"embeddable":true,"href":"https:\/\/www.nexoinformativo.mx\/index.php\/wp-json\/wp\/v2\/comments?post=13473"}],"version-history":[{"count":3,"href":"https:\/\/www.nexoinformativo.mx\/index.php\/wp-json\/wp\/v2\/posts\/13473\/revisions"}],"predecessor-version":[{"id":13477,"href":"https:\/\/www.nexoinformativo.mx\/index.php\/wp-json\/wp\/v2\/posts\/13473\/revisions\/13477"}],"wp:featuredmedia":[{"embeddable":true,"href":"https:\/\/www.nexoinformativo.mx\/index.php\/wp-json\/wp\/v2\/media\/13475"}],"wp:attachment":[{"href":"https:\/\/www.nexoinformativo.mx\/index.php\/wp-json\/wp\/v2\/media?parent=13473"}],"wp:term":[{"taxonomy":"category","embeddable":true,"href":"https:\/\/www.nexoinformativo.mx\/index.php\/wp-json\/wp\/v2\/categories?post=13473"},{"taxonomy":"post_tag","embeddable":true,"href":"https:\/\/www.nexoinformativo.mx\/index.php\/wp-json\/wp\/v2\/tags?post=13473"}],"curies":[{"name":"wp","href":"https:\/\/api.w.org\/{rel}","templated":true}]}}