{"id":13478,"date":"2025-03-29T13:00:12","date_gmt":"2025-03-29T19:00:12","guid":{"rendered":"https:\/\/www.nexoinformativo.mx\/?p=13478"},"modified":"2025-03-29T13:40:10","modified_gmt":"2025-03-29T19:40:10","slug":"senado-aprueba-militares-de-ee-uu-entraran-a-mexico-para-adiestramiento-conjunto","status":"publish","type":"post","link":"https:\/\/www.nexoinformativo.mx\/index.php\/2025\/03\/29\/senado-aprueba-militares-de-ee-uu-entraran-a-mexico-para-adiestramiento-conjunto\/","title":{"rendered":"Senado aprueba militares de EE.UU. entrar\u00e1n a M\u00e9xico para adiestramiento conjunto"},"content":{"rendered":"<p style=\"text-align: justify;\" data-sourcepos=\"13:1-13:306\">El Senado de la Rep\u00fablica ha dado luz verde al ingreso de personal militar del Ej\u00e9rcito de los Estados Unidos a territorio mexicano para participar en ejercicios de adiestramiento conjuntos. Esta decisi\u00f3n forma parte de la estrategia de cooperaci\u00f3n militar entre ambos pa\u00edses.<\/p>\n<p>&nbsp;<\/p>\n<p style=\"text-align: justify;\" data-sourcepos=\"15:1-15:487\">El dictamen aprobado por el Senado autoriza la entrada de 11 elementos del 7o. Grupo de Fuerzas Especiales del Comando de Operaciones Especiales Norte del Ej\u00e9rcito de los Estados Unidos, quienes participar\u00e1n en el <strong>&#8220;Entrenamiento de Ejercicios Combinados Conjuntos (JCET)&#8221;<\/strong> del 7 de abril al 5 de mayo de 2025.<\/p>\n<p>&nbsp;<\/p>\n<p style=\"text-align: justify;\" data-sourcepos=\"15:1-15:487\">Los ejercicios se llevar\u00e1n a cabo en el Centro de Adiestramiento Regional de la I Regi\u00f3n Militar, en el Estado de M\u00e9xico, y en el Centro Nacional de Adiestramiento, en Chihuahua.<\/p>\n<p>&nbsp;<\/p>\n<p style=\"text-align: justify;\" data-sourcepos=\"17:1-17:228\">Adem\u00e1s, el Senado tambi\u00e9n autoriz\u00f3 la salida de elementos del Ej\u00e9rcito y Fuerza A\u00e9rea mexicanos para participar en intercambios de adiestramiento en la Guayana Francesa y en la competencia militar <strong>&#8220;Sandhurst 2025&#8221;<\/strong> en Nueva York.<\/p>\n<p>&nbsp;<\/p>\n<p style=\"text-align: justify;\" data-sourcepos=\"19:1-19:204\">La presidenta de la Comisi\u00f3n de Defensa Nacional, Ana Lilia Rivera Rivera, destac\u00f3 que estos intercambios fortalecen la cooperaci\u00f3n militar internacional y la preparaci\u00f3n de las Fuerzas Armadas mexicanas.<\/p>\n<p>&nbsp;<\/p>\n<p style=\"text-align: center;\" data-sourcepos=\"19:1-19:204\"><em><strong>\u00a1Informaci\u00f3n que transforma!<\/strong><\/em><\/p>\n","protected":false},"excerpt":{"rendered":"<p>El Senado de la Rep\u00fablica ha dado luz verde al ingreso de personal militar del Ej\u00e9rcito de los Estados Unidos a territorio mexicano para participar en ejercicios de adiestramiento conjuntos. Esta decisi\u00f3n forma parte de la estrategia de cooperaci\u00f3n militar entre ambos pa\u00edses.<\/p>\n","protected":false},"author":3,"featured_media":13482,"comment_status":"open","ping_status":"open","sticky":false,"template":"","format":"standard","meta":{"footnotes":""},"categories":[88,58],"tags":[3933,3936,3935,3934],"class_list":["post-13478","post","type-post","status-publish","format-standard","has-post-thumbnail","hentry","category-nacional","category-ultima-hora","tag-cooperacionmilitar","tag-eeuumexico","tag-ejercitomexico","tag-senadomexico"],"yoast_head":"<!-- This site is optimized with the Yoast SEO plugin v25.0 - https:\/\/yoast.com\/wordpress\/plugins\/seo\/ -->\n<title>Senado aprueba militares de EE.UU. entrar\u00e1n a M\u00e9xico para adiestramiento conjunto | Nexo Informativo Santiago de Quer\u00e9taro<\/title>\n<meta name=\"description\" content=\"Senado aprueba militares de EE.UU. entrar\u00e1n a M\u00e9xico para adiestramiento conjunto\" \/>\n<meta name=\"robots\" content=\"index, follow, max-snippet:-1, max-image-preview:large, max-video-preview:-1\" \/>\n<link rel=\"canonical\" href=\"https:\/\/www.nexoinformativo.mx\/index.php\/2025\/03\/29\/senado-aprueba-militares-de-ee-uu-entraran-a-mexico-para-adiestramiento-conjunto\/\" \/>\n<meta property=\"og:locale\" content=\"es_MX\" \/>\n<meta property=\"og:type\" content=\"article\" \/>\n<meta property=\"og:title\" content=\"Senado aprueba militares de EE.UU. entrar\u00e1n a M\u00e9xico para adiestramiento conjunto | Nexo Informativo Santiago de Quer\u00e9taro\" \/>\n<meta property=\"og:description\" content=\"Senado aprueba militares de EE.UU. entrar\u00e1n a M\u00e9xico para adiestramiento conjunto\" \/>\n<meta property=\"og:url\" content=\"https:\/\/www.nexoinformativo.mx\/index.php\/2025\/03\/29\/senado-aprueba-militares-de-ee-uu-entraran-a-mexico-para-adiestramiento-conjunto\/\" \/>\n<meta property=\"og:site_name\" content=\"Nexo Informativo Santiago de Quer\u00e9taro\" \/>\n<meta property=\"article:publisher\" content=\"https:\/\/www.facebook.com\/people\/Nexo-Informativo\/61564066885511\/\" \/>\n<meta property=\"article:published_time\" content=\"2025-03-29T19:00:12+00:00\" \/>\n<meta property=\"article:modified_time\" content=\"2025-03-29T19:40:10+00:00\" \/>\n<meta property=\"og:image\" content=\"https:\/\/www.nexoinformativo.mx\/wp-content\/uploads\/2025\/03\/PHOTO-2025-03-29-13-06-15.jpg\" \/>\n\t<meta property=\"og:image:width\" content=\"678\" \/>\n\t<meta property=\"og:image:height\" content=\"452\" \/>\n\t<meta property=\"og:image:type\" content=\"image\/jpeg\" \/>\n<meta name=\"author\" content=\"Nexo Informativo\" \/>\n<meta name=\"twitter:card\" content=\"summary_large_image\" \/>\n<meta name=\"twitter:label1\" content=\"Escrito por\" \/>\n\t<meta name=\"twitter:data1\" content=\"Nexo Informativo\" \/>\n\t<meta name=\"twitter:label2\" content=\"Tiempo de lectura\" \/>\n\t<meta name=\"twitter:data2\" content=\"2 minutos\" \/>\n<script type=\"application\/ld+json\" class=\"yoast-schema-graph\">{\"@context\":\"https:\/\/schema.org\",\"@graph\":[{\"@type\":\"Article\",\"@id\":\"https:\/\/www.nexoinformativo.mx\/index.php\/2025\/03\/29\/senado-aprueba-militares-de-ee-uu-entraran-a-mexico-para-adiestramiento-conjunto\/#article\",\"isPartOf\":{\"@id\":\"https:\/\/www.nexoinformativo.mx\/index.php\/2025\/03\/29\/senado-aprueba-militares-de-ee-uu-entraran-a-mexico-para-adiestramiento-conjunto\/\"},\"author\":{\"name\":\"Nexo Informativo\",\"@id\":\"https:\/\/www.nexoinformativo.mx\/#\/schema\/person\/7749d380ba08c8ca00d7bc76fd907b7d\"},\"headline\":\"Senado aprueba militares de EE.UU. entrar\u00e1n a M\u00e9xico para adiestramiento conjunto\",\"datePublished\":\"2025-03-29T19:00:12+00:00\",\"dateModified\":\"2025-03-29T19:40:10+00:00\",\"mainEntityOfPage\":{\"@id\":\"https:\/\/www.nexoinformativo.mx\/index.php\/2025\/03\/29\/senado-aprueba-militares-de-ee-uu-entraran-a-mexico-para-adiestramiento-conjunto\/\"},\"wordCount\":223,\"commentCount\":0,\"publisher\":{\"@id\":\"https:\/\/www.nexoinformativo.mx\/#organization\"},\"image\":{\"@id\":\"https:\/\/www.nexoinformativo.mx\/index.php\/2025\/03\/29\/senado-aprueba-militares-de-ee-uu-entraran-a-mexico-para-adiestramiento-conjunto\/#primaryimage\"},\"thumbnailUrl\":\"https:\/\/www.nexoinformativo.mx\/wp-content\/uploads\/2025\/03\/PHOTO-2025-03-29-13-06-15.jpg\",\"keywords\":[\"Cooperaci\u00f3nMilitar\",\"EEUUM\u00e9xico\",\"Ej\u00e9rcitoM\u00e9xico\",\"SenadoM\u00e9xico\"],\"articleSection\":[\"Nacional\",\"\u00daltima Hora\"],\"inLanguage\":\"es\",\"potentialAction\":[{\"@type\":\"CommentAction\",\"name\":\"Comment\",\"target\":[\"https:\/\/www.nexoinformativo.mx\/index.php\/2025\/03\/29\/senado-aprueba-militares-de-ee-uu-entraran-a-mexico-para-adiestramiento-conjunto\/#respond\"]}]},{\"@type\":\"WebPage\",\"@id\":\"https:\/\/www.nexoinformativo.mx\/index.php\/2025\/03\/29\/senado-aprueba-militares-de-ee-uu-entraran-a-mexico-para-adiestramiento-conjunto\/\",\"url\":\"https:\/\/www.nexoinformativo.mx\/index.php\/2025\/03\/29\/senado-aprueba-militares-de-ee-uu-entraran-a-mexico-para-adiestramiento-conjunto\/\",\"name\":\"Senado aprueba militares de EE.UU. entrar\u00e1n a M\u00e9xico para adiestramiento conjunto | Nexo Informativo Santiago de Quer\u00e9taro\",\"isPartOf\":{\"@id\":\"https:\/\/www.nexoinformativo.mx\/#website\"},\"primaryImageOfPage\":{\"@id\":\"https:\/\/www.nexoinformativo.mx\/index.php\/2025\/03\/29\/senado-aprueba-militares-de-ee-uu-entraran-a-mexico-para-adiestramiento-conjunto\/#primaryimage\"},\"image\":{\"@id\":\"https:\/\/www.nexoinformativo.mx\/index.php\/2025\/03\/29\/senado-aprueba-militares-de-ee-uu-entraran-a-mexico-para-adiestramiento-conjunto\/#primaryimage\"},\"thumbnailUrl\":\"https:\/\/www.nexoinformativo.mx\/wp-content\/uploads\/2025\/03\/PHOTO-2025-03-29-13-06-15.jpg\",\"datePublished\":\"2025-03-29T19:00:12+00:00\",\"dateModified\":\"2025-03-29T19:40:10+00:00\",\"description\":\"Senado aprueba militares de EE.UU. entrar\u00e1n a M\u00e9xico para adiestramiento conjunto\",\"breadcrumb\":{\"@id\":\"https:\/\/www.nexoinformativo.mx\/index.php\/2025\/03\/29\/senado-aprueba-militares-de-ee-uu-entraran-a-mexico-para-adiestramiento-conjunto\/#breadcrumb\"},\"inLanguage\":\"es\",\"potentialAction\":[{\"@type\":\"ReadAction\",\"target\":[\"https:\/\/www.nexoinformativo.mx\/index.php\/2025\/03\/29\/senado-aprueba-militares-de-ee-uu-entraran-a-mexico-para-adiestramiento-conjunto\/\"]}]},{\"@type\":\"ImageObject\",\"inLanguage\":\"es\",\"@id\":\"https:\/\/www.nexoinformativo.mx\/index.php\/2025\/03\/29\/senado-aprueba-militares-de-ee-uu-entraran-a-mexico-para-adiestramiento-conjunto\/#primaryimage\",\"url\":\"https:\/\/www.nexoinformativo.mx\/wp-content\/uploads\/2025\/03\/PHOTO-2025-03-29-13-06-15.jpg\",\"contentUrl\":\"https:\/\/www.nexoinformativo.mx\/wp-content\/uploads\/2025\/03\/PHOTO-2025-03-29-13-06-15.jpg\",\"width\":678,\"height\":452},{\"@type\":\"BreadcrumbList\",\"@id\":\"https:\/\/www.nexoinformativo.mx\/index.php\/2025\/03\/29\/senado-aprueba-militares-de-ee-uu-entraran-a-mexico-para-adiestramiento-conjunto\/#breadcrumb\",\"itemListElement\":[{\"@type\":\"ListItem\",\"position\":1,\"name\":\"Inicio\",\"item\":\"https:\/\/www.nexoinformativo.mx\/\"},{\"@type\":\"ListItem\",\"position\":2,\"name\":\"Senado aprueba militares de EE.UU. entrar\u00e1n a M\u00e9xico para adiestramiento conjunto\"}]},{\"@type\":\"WebSite\",\"@id\":\"https:\/\/www.nexoinformativo.mx\/#website\",\"url\":\"https:\/\/www.nexoinformativo.mx\/\",\"name\":\"Nexo Informativo Santiago de Quer\u00e9taro\",\"description\":\"Explora NexoInformativo y convi\u00e9rtete en parte de una comunidad que valora el conocimiento y la verdad. Tu nexoinformativo es tu puente hacia una comprensi\u00f3n m\u00e1s profunda del mundo que te rodea.\",\"publisher\":{\"@id\":\"https:\/\/www.nexoinformativo.mx\/#organization\"},\"potentialAction\":[{\"@type\":\"SearchAction\",\"target\":{\"@type\":\"EntryPoint\",\"urlTemplate\":\"https:\/\/www.nexoinformativo.mx\/?s={search_term_string}\"},\"query-input\":{\"@type\":\"PropertyValueSpecification\",\"valueRequired\":true,\"valueName\":\"search_term_string\"}}],\"inLanguage\":\"es\"},{\"@type\":\"Organization\",\"@id\":\"https:\/\/www.nexoinformativo.mx\/#organization\",\"name\":\"Nexo Informativo Santiago de Quer\u00e9taro\",\"url\":\"https:\/\/www.nexoinformativo.mx\/\",\"logo\":{\"@type\":\"ImageObject\",\"inLanguage\":\"es\",\"@id\":\"https:\/\/www.nexoinformativo.mx\/#\/schema\/logo\/image\/\",\"url\":\"https:\/\/www.nexoinformativo.mx\/wp-content\/uploads\/2024\/07\/nexoi-trasparente-2.png\",\"contentUrl\":\"https:\/\/www.nexoinformativo.mx\/wp-content\/uploads\/2024\/07\/nexoi-trasparente-2.png\",\"width\":816,\"height\":339,\"caption\":\"Nexo Informativo Santiago de Quer\u00e9taro\"},\"image\":{\"@id\":\"https:\/\/www.nexoinformativo.mx\/#\/schema\/logo\/image\/\"},\"sameAs\":[\"https:\/\/www.facebook.com\/people\/Nexo-Informativo\/61564066885511\/\"]},{\"@type\":\"Person\",\"@id\":\"https:\/\/www.nexoinformativo.mx\/#\/schema\/person\/7749d380ba08c8ca00d7bc76fd907b7d\",\"name\":\"Nexo Informativo\",\"image\":{\"@type\":\"ImageObject\",\"inLanguage\":\"es\",\"@id\":\"https:\/\/www.nexoinformativo.mx\/#\/schema\/person\/image\/\",\"url\":\"https:\/\/secure.gravatar.com\/avatar\/dde2928154642a13d95f87ddf1ea9718fe2b46760a005c53e41ff5ad610704e6?s=96&d=mm&r=g\",\"contentUrl\":\"https:\/\/secure.gravatar.com\/avatar\/dde2928154642a13d95f87ddf1ea9718fe2b46760a005c53e41ff5ad610704e6?s=96&d=mm&r=g\",\"caption\":\"Nexo Informativo\"},\"url\":\"https:\/\/www.nexoinformativo.mx\/index.php\/author\/edicion\/\"}]}<\/script>\n<!-- \/ Yoast SEO plugin. -->","yoast_head_json":{"title":"Senado aprueba militares de EE.UU. entrar\u00e1n a M\u00e9xico para adiestramiento conjunto | Nexo Informativo Santiago de Quer\u00e9taro","description":"Senado aprueba militares de EE.UU. entrar\u00e1n a M\u00e9xico para adiestramiento conjunto","robots":{"index":"index","follow":"follow","max-snippet":"max-snippet:-1","max-image-preview":"max-image-preview:large","max-video-preview":"max-video-preview:-1"},"canonical":"https:\/\/www.nexoinformativo.mx\/index.php\/2025\/03\/29\/senado-aprueba-militares-de-ee-uu-entraran-a-mexico-para-adiestramiento-conjunto\/","og_locale":"es_MX","og_type":"article","og_title":"Senado aprueba militares de EE.UU. entrar\u00e1n a M\u00e9xico para adiestramiento conjunto | Nexo Informativo Santiago de Quer\u00e9taro","og_description":"Senado aprueba militares de EE.UU. entrar\u00e1n a M\u00e9xico para adiestramiento conjunto","og_url":"https:\/\/www.nexoinformativo.mx\/index.php\/2025\/03\/29\/senado-aprueba-militares-de-ee-uu-entraran-a-mexico-para-adiestramiento-conjunto\/","og_site_name":"Nexo Informativo Santiago de Quer\u00e9taro","article_publisher":"https:\/\/www.facebook.com\/people\/Nexo-Informativo\/61564066885511\/","article_published_time":"2025-03-29T19:00:12+00:00","article_modified_time":"2025-03-29T19:40:10+00:00","og_image":[{"width":678,"height":452,"url":"https:\/\/www.nexoinformativo.mx\/wp-content\/uploads\/2025\/03\/PHOTO-2025-03-29-13-06-15.jpg","type":"image\/jpeg"}],"author":"Nexo Informativo","twitter_card":"summary_large_image","twitter_misc":{"Escrito por":"Nexo Informativo","Tiempo de lectura":"2 minutos"},"schema":{"@context":"https:\/\/schema.org","@graph":[{"@type":"Article","@id":"https:\/\/www.nexoinformativo.mx\/index.php\/2025\/03\/29\/senado-aprueba-militares-de-ee-uu-entraran-a-mexico-para-adiestramiento-conjunto\/#article","isPartOf":{"@id":"https:\/\/www.nexoinformativo.mx\/index.php\/2025\/03\/29\/senado-aprueba-militares-de-ee-uu-entraran-a-mexico-para-adiestramiento-conjunto\/"},"author":{"name":"Nexo Informativo","@id":"https:\/\/www.nexoinformativo.mx\/#\/schema\/person\/7749d380ba08c8ca00d7bc76fd907b7d"},"headline":"Senado aprueba militares de EE.UU. entrar\u00e1n a M\u00e9xico para adiestramiento conjunto","datePublished":"2025-03-29T19:00:12+00:00","dateModified":"2025-03-29T19:40:10+00:00","mainEntityOfPage":{"@id":"https:\/\/www.nexoinformativo.mx\/index.php\/2025\/03\/29\/senado-aprueba-militares-de-ee-uu-entraran-a-mexico-para-adiestramiento-conjunto\/"},"wordCount":223,"commentCount":0,"publisher":{"@id":"https:\/\/www.nexoinformativo.mx\/#organization"},"image":{"@id":"https:\/\/www.nexoinformativo.mx\/index.php\/2025\/03\/29\/senado-aprueba-militares-de-ee-uu-entraran-a-mexico-para-adiestramiento-conjunto\/#primaryimage"},"thumbnailUrl":"https:\/\/www.nexoinformativo.mx\/wp-content\/uploads\/2025\/03\/PHOTO-2025-03-29-13-06-15.jpg","keywords":["Cooperaci\u00f3nMilitar","EEUUM\u00e9xico","Ej\u00e9rcitoM\u00e9xico","SenadoM\u00e9xico"],"articleSection":["Nacional","\u00daltima Hora"],"inLanguage":"es","potentialAction":[{"@type":"CommentAction","name":"Comment","target":["https:\/\/www.nexoinformativo.mx\/index.php\/2025\/03\/29\/senado-aprueba-militares-de-ee-uu-entraran-a-mexico-para-adiestramiento-conjunto\/#respond"]}]},{"@type":"WebPage","@id":"https:\/\/www.nexoinformativo.mx\/index.php\/2025\/03\/29\/senado-aprueba-militares-de-ee-uu-entraran-a-mexico-para-adiestramiento-conjunto\/","url":"https:\/\/www.nexoinformativo.mx\/index.php\/2025\/03\/29\/senado-aprueba-militares-de-ee-uu-entraran-a-mexico-para-adiestramiento-conjunto\/","name":"Senado aprueba militares de EE.UU. entrar\u00e1n a M\u00e9xico para adiestramiento conjunto | Nexo Informativo Santiago de Quer\u00e9taro","isPartOf":{"@id":"https:\/\/www.nexoinformativo.mx\/#website"},"primaryImageOfPage":{"@id":"https:\/\/www.nexoinformativo.mx\/index.php\/2025\/03\/29\/senado-aprueba-militares-de-ee-uu-entraran-a-mexico-para-adiestramiento-conjunto\/#primaryimage"},"image":{"@id":"https:\/\/www.nexoinformativo.mx\/index.php\/2025\/03\/29\/senado-aprueba-militares-de-ee-uu-entraran-a-mexico-para-adiestramiento-conjunto\/#primaryimage"},"thumbnailUrl":"https:\/\/www.nexoinformativo.mx\/wp-content\/uploads\/2025\/03\/PHOTO-2025-03-29-13-06-15.jpg","datePublished":"2025-03-29T19:00:12+00:00","dateModified":"2025-03-29T19:40:10+00:00","description":"Senado aprueba militares de EE.UU. entrar\u00e1n a M\u00e9xico para adiestramiento conjunto","breadcrumb":{"@id":"https:\/\/www.nexoinformativo.mx\/index.php\/2025\/03\/29\/senado-aprueba-militares-de-ee-uu-entraran-a-mexico-para-adiestramiento-conjunto\/#breadcrumb"},"inLanguage":"es","potentialAction":[{"@type":"ReadAction","target":["https:\/\/www.nexoinformativo.mx\/index.php\/2025\/03\/29\/senado-aprueba-militares-de-ee-uu-entraran-a-mexico-para-adiestramiento-conjunto\/"]}]},{"@type":"ImageObject","inLanguage":"es","@id":"https:\/\/www.nexoinformativo.mx\/index.php\/2025\/03\/29\/senado-aprueba-militares-de-ee-uu-entraran-a-mexico-para-adiestramiento-conjunto\/#primaryimage","url":"https:\/\/www.nexoinformativo.mx\/wp-content\/uploads\/2025\/03\/PHOTO-2025-03-29-13-06-15.jpg","contentUrl":"https:\/\/www.nexoinformativo.mx\/wp-content\/uploads\/2025\/03\/PHOTO-2025-03-29-13-06-15.jpg","width":678,"height":452},{"@type":"BreadcrumbList","@id":"https:\/\/www.nexoinformativo.mx\/index.php\/2025\/03\/29\/senado-aprueba-militares-de-ee-uu-entraran-a-mexico-para-adiestramiento-conjunto\/#breadcrumb","itemListElement":[{"@type":"ListItem","position":1,"name":"Inicio","item":"https:\/\/www.nexoinformativo.mx\/"},{"@type":"ListItem","position":2,"name":"Senado aprueba militares de EE.UU. entrar\u00e1n a M\u00e9xico para adiestramiento conjunto"}]},{"@type":"WebSite","@id":"https:\/\/www.nexoinformativo.mx\/#website","url":"https:\/\/www.nexoinformativo.mx\/","name":"Nexo Informativo Santiago de Quer\u00e9taro","description":"Explora NexoInformativo y convi\u00e9rtete en parte de una comunidad que valora el conocimiento y la verdad. Tu nexoinformativo es tu puente hacia una comprensi\u00f3n m\u00e1s profunda del mundo que te rodea.","publisher":{"@id":"https:\/\/www.nexoinformativo.mx\/#organization"},"potentialAction":[{"@type":"SearchAction","target":{"@type":"EntryPoint","urlTemplate":"https:\/\/www.nexoinformativo.mx\/?s={search_term_string}"},"query-input":{"@type":"PropertyValueSpecification","valueRequired":true,"valueName":"search_term_string"}}],"inLanguage":"es"},{"@type":"Organization","@id":"https:\/\/www.nexoinformativo.mx\/#organization","name":"Nexo Informativo Santiago de Quer\u00e9taro","url":"https:\/\/www.nexoinformativo.mx\/","logo":{"@type":"ImageObject","inLanguage":"es","@id":"https:\/\/www.nexoinformativo.mx\/#\/schema\/logo\/image\/","url":"https:\/\/www.nexoinformativo.mx\/wp-content\/uploads\/2024\/07\/nexoi-trasparente-2.png","contentUrl":"https:\/\/www.nexoinformativo.mx\/wp-content\/uploads\/2024\/07\/nexoi-trasparente-2.png","width":816,"height":339,"caption":"Nexo Informativo Santiago de Quer\u00e9taro"},"image":{"@id":"https:\/\/www.nexoinformativo.mx\/#\/schema\/logo\/image\/"},"sameAs":["https:\/\/www.facebook.com\/people\/Nexo-Informativo\/61564066885511\/"]},{"@type":"Person","@id":"https:\/\/www.nexoinformativo.mx\/#\/schema\/person\/7749d380ba08c8ca00d7bc76fd907b7d","name":"Nexo Informativo","image":{"@type":"ImageObject","inLanguage":"es","@id":"https:\/\/www.nexoinformativo.mx\/#\/schema\/person\/image\/","url":"https:\/\/secure.gravatar.com\/avatar\/dde2928154642a13d95f87ddf1ea9718fe2b46760a005c53e41ff5ad610704e6?s=96&d=mm&r=g","contentUrl":"https:\/\/secure.gravatar.com\/avatar\/dde2928154642a13d95f87ddf1ea9718fe2b46760a005c53e41ff5ad610704e6?s=96&d=mm&r=g","caption":"Nexo Informativo"},"url":"https:\/\/www.nexoinformativo.mx\/index.php\/author\/edicion\/"}]}},"_links":{"self":[{"href":"https:\/\/www.nexoinformativo.mx\/index.php\/wp-json\/wp\/v2\/posts\/13478","targetHints":{"allow":["GET"]}}],"collection":[{"href":"https:\/\/www.nexoinformativo.mx\/index.php\/wp-json\/wp\/v2\/posts"}],"about":[{"href":"https:\/\/www.nexoinformativo.mx\/index.php\/wp-json\/wp\/v2\/types\/post"}],"author":[{"embeddable":true,"href":"https:\/\/www.nexoinformativo.mx\/index.php\/wp-json\/wp\/v2\/users\/3"}],"replies":[{"embeddable":true,"href":"https:\/\/www.nexoinformativo.mx\/index.php\/wp-json\/wp\/v2\/comments?post=13478"}],"version-history":[{"count":4,"href":"https:\/\/www.nexoinformativo.mx\/index.php\/wp-json\/wp\/v2\/posts\/13478\/revisions"}],"predecessor-version":[{"id":13481,"href":"https:\/\/www.nexoinformativo.mx\/index.php\/wp-json\/wp\/v2\/posts\/13478\/revisions\/13481"}],"wp:featuredmedia":[{"embeddable":true,"href":"https:\/\/www.nexoinformativo.mx\/index.php\/wp-json\/wp\/v2\/media\/13482"}],"wp:attachment":[{"href":"https:\/\/www.nexoinformativo.mx\/index.php\/wp-json\/wp\/v2\/media?parent=13478"}],"wp:term":[{"taxonomy":"category","embeddable":true,"href":"https:\/\/www.nexoinformativo.mx\/index.php\/wp-json\/wp\/v2\/categories?post=13478"},{"taxonomy":"post_tag","embeddable":true,"href":"https:\/\/www.nexoinformativo.mx\/index.php\/wp-json\/wp\/v2\/tags?post=13478"}],"curies":[{"name":"wp","href":"https:\/\/api.w.org\/{rel}","templated":true}]}}