{"id":13496,"date":"2025-03-31T10:00:37","date_gmt":"2025-03-31T16:00:37","guid":{"rendered":"https:\/\/www.nexoinformativo.mx\/?p=13496"},"modified":"2025-03-31T16:35:19","modified_gmt":"2025-03-31T22:35:19","slug":"secretaria-de-las-mujeres-alza-la-voz-seguridad-social-y-salarios-justos-para-trabajadoras-del-hogar","status":"publish","type":"post","link":"https:\/\/www.nexoinformativo.mx\/index.php\/2025\/03\/31\/secretaria-de-las-mujeres-alza-la-voz-seguridad-social-y-salarios-justos-para-trabajadoras-del-hogar\/","title":{"rendered":"Secretar\u00eda de las Mujeres alza la voz seguridad social y salarios justos para trabajadoras del hogar"},"content":{"rendered":"<p style=\"text-align: justify;\" data-sourcepos=\"13:1-13:286\">En el marco del D\u00eda Internacional de las Trabajadoras del Hogar, la Secretar\u00eda de las Mujeres ha lanzado un en\u00e9rgico llamado a los empleadores para que garanticen la seguridad social y la igualdad salarial de este sector laboral, mayoritariamente femenino.<\/p>\n<p>&nbsp;<\/p>\n<p style=\"text-align: justify;\" data-sourcepos=\"15:1-15:425\">La secretaria de las Mujeres, Citlalli Hern\u00e1ndez Mora, destac\u00f3 la importancia de reconocer el valor social y econ\u00f3mico del trabajo dom\u00e9stico y de cuidados, y de eliminar las brechas salariales de g\u00e9nero que persisten en M\u00e9xico.<\/p>\n<p>&nbsp;<\/p>\n<p style=\"text-align: justify;\" data-sourcepos=\"15:1-15:425\">Seg\u00fan datos del IMSS de diciembre de 2024, las mujeres trabajadoras del hogar reciben un salario diario promedio de $341.80 pesos, mientras que los hombres ganan $405.40 pesos por el mismo trabajo.<\/p>\n<p>&nbsp;<\/p>\n<p style=\"text-align: justify;\" data-sourcepos=\"17:1-17:371\">La Secretar\u00eda de las Mujeres recuerda que la reforma al Art\u00edculo 123 constitucional, impulsada por el gobierno de la Presidenta Claudia Sheinbaum Pardo, proh\u00edbe la discriminaci\u00f3n salarial por razones de g\u00e9nero.<\/p>\n<p>&nbsp;<\/p>\n<p style=\"text-align: justify;\" data-sourcepos=\"17:1-17:371\">Sin embargo, a\u00fan existen grandes desaf\u00edos, ya que el 96.4% de las trabajadoras del hogar labora sin contrato escrito y solo el 0.6% cuenta con seguridad social.<\/p>\n<p>&nbsp;<\/p>\n<p style=\"text-align: justify;\" data-sourcepos=\"19:1-19:278\">Para brindar apoyo a este sector, la Procuradur\u00eda Federal de la Defensa del Trabajo (Profedet) ofrece informaci\u00f3n y asesor\u00eda legal, disponible en espa\u00f1ol y n\u00e1huatl. Adem\u00e1s, el IMSS proporciona informaci\u00f3n sobre c\u00f3mo incorporar a las trabajadoras del hogar a la seguridad social.<\/p>\n<p>&nbsp;<\/p>\n<p style=\"text-align: center;\" data-sourcepos=\"19:1-19:278\"><em><strong>\u00a1Informaci\u00f3n que transforma!<\/strong><\/em><\/p>\n","protected":false},"excerpt":{"rendered":"<p>En el marco del D\u00eda Internacional de las Trabajadoras del Hogar, la Secretar\u00eda de las Mujeres ha lanzado un en\u00e9rgico llamado a los empleadores para que garanticen la seguridad social y la igualdad salarial de este sector laboral, mayoritariamente femenino.<\/p>\n","protected":false},"author":3,"featured_media":13497,"comment_status":"open","ping_status":"open","sticky":false,"template":"","format":"standard","meta":{"footnotes":""},"categories":[88,58],"tags":[801,3943,3942,3941],"class_list":["post-13496","post","type-post","status-publish","format-standard","has-post-thumbnail","hentry","category-nacional","category-ultima-hora","tag-igualdadsalarial","tag-secretariadelasmujeres","tag-seguridadsocial","tag-trabajadorasdelhogar"],"yoast_head":"<!-- This site is optimized with the Yoast SEO plugin v25.0 - https:\/\/yoast.com\/wordpress\/plugins\/seo\/ -->\n<title>Secretar\u00eda de las Mujeres alza la voz seguridad social y salarios justos para trabajadoras del hogar | Nexo Informativo Santiago de Quer\u00e9taro<\/title>\n<meta name=\"description\" content=\"Secretar\u00eda de las Mujeres alza la voz seguridad social y salarios justos para trabajadoras del hogar\" \/>\n<meta name=\"robots\" content=\"index, follow, max-snippet:-1, max-image-preview:large, max-video-preview:-1\" \/>\n<link rel=\"canonical\" href=\"https:\/\/www.nexoinformativo.mx\/index.php\/2025\/03\/31\/secretaria-de-las-mujeres-alza-la-voz-seguridad-social-y-salarios-justos-para-trabajadoras-del-hogar\/\" \/>\n<meta property=\"og:locale\" content=\"es_MX\" \/>\n<meta property=\"og:type\" content=\"article\" \/>\n<meta property=\"og:title\" content=\"Secretar\u00eda de las Mujeres alza la voz seguridad social y salarios justos para trabajadoras del hogar | Nexo Informativo Santiago de Quer\u00e9taro\" \/>\n<meta property=\"og:description\" content=\"Secretar\u00eda de las Mujeres alza la voz seguridad social y salarios justos para trabajadoras del hogar\" \/>\n<meta property=\"og:url\" content=\"https:\/\/www.nexoinformativo.mx\/index.php\/2025\/03\/31\/secretaria-de-las-mujeres-alza-la-voz-seguridad-social-y-salarios-justos-para-trabajadoras-del-hogar\/\" \/>\n<meta property=\"og:site_name\" content=\"Nexo Informativo Santiago de Quer\u00e9taro\" \/>\n<meta property=\"article:publisher\" content=\"https:\/\/www.facebook.com\/people\/Nexo-Informativo\/61564066885511\/\" \/>\n<meta property=\"article:published_time\" content=\"2025-03-31T16:00:37+00:00\" \/>\n<meta property=\"article:modified_time\" content=\"2025-03-31T22:35:19+00:00\" \/>\n<meta property=\"og:image\" content=\"https:\/\/www.nexoinformativo.mx\/wp-content\/uploads\/2025\/03\/pexels-arina-krasnikova-6016361-e1743460339977.jpg\" \/>\n\t<meta property=\"og:image:width\" content=\"800\" \/>\n\t<meta property=\"og:image:height\" content=\"534\" \/>\n\t<meta property=\"og:image:type\" content=\"image\/jpeg\" \/>\n<meta name=\"author\" content=\"Nexo Informativo\" \/>\n<meta name=\"twitter:card\" content=\"summary_large_image\" \/>\n<meta name=\"twitter:label1\" content=\"Escrito por\" \/>\n\t<meta name=\"twitter:data1\" content=\"Nexo Informativo\" \/>\n\t<meta name=\"twitter:label2\" content=\"Tiempo de lectura\" \/>\n\t<meta name=\"twitter:data2\" content=\"2 minutos\" \/>\n<script type=\"application\/ld+json\" class=\"yoast-schema-graph\">{\"@context\":\"https:\/\/schema.org\",\"@graph\":[{\"@type\":\"Article\",\"@id\":\"https:\/\/www.nexoinformativo.mx\/index.php\/2025\/03\/31\/secretaria-de-las-mujeres-alza-la-voz-seguridad-social-y-salarios-justos-para-trabajadoras-del-hogar\/#article\",\"isPartOf\":{\"@id\":\"https:\/\/www.nexoinformativo.mx\/index.php\/2025\/03\/31\/secretaria-de-las-mujeres-alza-la-voz-seguridad-social-y-salarios-justos-para-trabajadoras-del-hogar\/\"},\"author\":{\"name\":\"Nexo Informativo\",\"@id\":\"https:\/\/www.nexoinformativo.mx\/#\/schema\/person\/7749d380ba08c8ca00d7bc76fd907b7d\"},\"headline\":\"Secretar\u00eda de las Mujeres alza la voz seguridad social y salarios justos para trabajadoras del hogar\",\"datePublished\":\"2025-03-31T16:00:37+00:00\",\"dateModified\":\"2025-03-31T22:35:19+00:00\",\"mainEntityOfPage\":{\"@id\":\"https:\/\/www.nexoinformativo.mx\/index.php\/2025\/03\/31\/secretaria-de-las-mujeres-alza-la-voz-seguridad-social-y-salarios-justos-para-trabajadoras-del-hogar\/\"},\"wordCount\":253,\"commentCount\":0,\"publisher\":{\"@id\":\"https:\/\/www.nexoinformativo.mx\/#organization\"},\"image\":{\"@id\":\"https:\/\/www.nexoinformativo.mx\/index.php\/2025\/03\/31\/secretaria-de-las-mujeres-alza-la-voz-seguridad-social-y-salarios-justos-para-trabajadoras-del-hogar\/#primaryimage\"},\"thumbnailUrl\":\"https:\/\/www.nexoinformativo.mx\/wp-content\/uploads\/2025\/03\/pexels-arina-krasnikova-6016361-e1743460339977.jpg\",\"keywords\":[\"IgualdadSalarial\",\"Secretar\u00edaDeLasMujeres\",\"SeguridadSocial\",\"TrabajadorasDelHogar\"],\"articleSection\":[\"Nacional\",\"\u00daltima Hora\"],\"inLanguage\":\"es\",\"potentialAction\":[{\"@type\":\"CommentAction\",\"name\":\"Comment\",\"target\":[\"https:\/\/www.nexoinformativo.mx\/index.php\/2025\/03\/31\/secretaria-de-las-mujeres-alza-la-voz-seguridad-social-y-salarios-justos-para-trabajadoras-del-hogar\/#respond\"]}]},{\"@type\":\"WebPage\",\"@id\":\"https:\/\/www.nexoinformativo.mx\/index.php\/2025\/03\/31\/secretaria-de-las-mujeres-alza-la-voz-seguridad-social-y-salarios-justos-para-trabajadoras-del-hogar\/\",\"url\":\"https:\/\/www.nexoinformativo.mx\/index.php\/2025\/03\/31\/secretaria-de-las-mujeres-alza-la-voz-seguridad-social-y-salarios-justos-para-trabajadoras-del-hogar\/\",\"name\":\"Secretar\u00eda de las Mujeres alza la voz seguridad social y salarios justos para trabajadoras del hogar | Nexo Informativo Santiago de Quer\u00e9taro\",\"isPartOf\":{\"@id\":\"https:\/\/www.nexoinformativo.mx\/#website\"},\"primaryImageOfPage\":{\"@id\":\"https:\/\/www.nexoinformativo.mx\/index.php\/2025\/03\/31\/secretaria-de-las-mujeres-alza-la-voz-seguridad-social-y-salarios-justos-para-trabajadoras-del-hogar\/#primaryimage\"},\"image\":{\"@id\":\"https:\/\/www.nexoinformativo.mx\/index.php\/2025\/03\/31\/secretaria-de-las-mujeres-alza-la-voz-seguridad-social-y-salarios-justos-para-trabajadoras-del-hogar\/#primaryimage\"},\"thumbnailUrl\":\"https:\/\/www.nexoinformativo.mx\/wp-content\/uploads\/2025\/03\/pexels-arina-krasnikova-6016361-e1743460339977.jpg\",\"datePublished\":\"2025-03-31T16:00:37+00:00\",\"dateModified\":\"2025-03-31T22:35:19+00:00\",\"description\":\"Secretar\u00eda de las Mujeres alza la voz seguridad social y salarios justos para trabajadoras del hogar\",\"breadcrumb\":{\"@id\":\"https:\/\/www.nexoinformativo.mx\/index.php\/2025\/03\/31\/secretaria-de-las-mujeres-alza-la-voz-seguridad-social-y-salarios-justos-para-trabajadoras-del-hogar\/#breadcrumb\"},\"inLanguage\":\"es\",\"potentialAction\":[{\"@type\":\"ReadAction\",\"target\":[\"https:\/\/www.nexoinformativo.mx\/index.php\/2025\/03\/31\/secretaria-de-las-mujeres-alza-la-voz-seguridad-social-y-salarios-justos-para-trabajadoras-del-hogar\/\"]}]},{\"@type\":\"ImageObject\",\"inLanguage\":\"es\",\"@id\":\"https:\/\/www.nexoinformativo.mx\/index.php\/2025\/03\/31\/secretaria-de-las-mujeres-alza-la-voz-seguridad-social-y-salarios-justos-para-trabajadoras-del-hogar\/#primaryimage\",\"url\":\"https:\/\/www.nexoinformativo.mx\/wp-content\/uploads\/2025\/03\/pexels-arina-krasnikova-6016361-e1743460339977.jpg\",\"contentUrl\":\"https:\/\/www.nexoinformativo.mx\/wp-content\/uploads\/2025\/03\/pexels-arina-krasnikova-6016361-e1743460339977.jpg\",\"width\":800,\"height\":534},{\"@type\":\"BreadcrumbList\",\"@id\":\"https:\/\/www.nexoinformativo.mx\/index.php\/2025\/03\/31\/secretaria-de-las-mujeres-alza-la-voz-seguridad-social-y-salarios-justos-para-trabajadoras-del-hogar\/#breadcrumb\",\"itemListElement\":[{\"@type\":\"ListItem\",\"position\":1,\"name\":\"Inicio\",\"item\":\"https:\/\/www.nexoinformativo.mx\/\"},{\"@type\":\"ListItem\",\"position\":2,\"name\":\"Secretar\u00eda de las Mujeres alza la voz seguridad social y salarios justos para trabajadoras del hogar\"}]},{\"@type\":\"WebSite\",\"@id\":\"https:\/\/www.nexoinformativo.mx\/#website\",\"url\":\"https:\/\/www.nexoinformativo.mx\/\",\"name\":\"Nexo Informativo Santiago de Quer\u00e9taro\",\"description\":\"Explora NexoInformativo y convi\u00e9rtete en parte de una comunidad que valora el conocimiento y la verdad. Tu nexoinformativo es tu puente hacia una comprensi\u00f3n m\u00e1s profunda del mundo que te rodea.\",\"publisher\":{\"@id\":\"https:\/\/www.nexoinformativo.mx\/#organization\"},\"potentialAction\":[{\"@type\":\"SearchAction\",\"target\":{\"@type\":\"EntryPoint\",\"urlTemplate\":\"https:\/\/www.nexoinformativo.mx\/?s={search_term_string}\"},\"query-input\":{\"@type\":\"PropertyValueSpecification\",\"valueRequired\":true,\"valueName\":\"search_term_string\"}}],\"inLanguage\":\"es\"},{\"@type\":\"Organization\",\"@id\":\"https:\/\/www.nexoinformativo.mx\/#organization\",\"name\":\"Nexo Informativo Santiago de Quer\u00e9taro\",\"url\":\"https:\/\/www.nexoinformativo.mx\/\",\"logo\":{\"@type\":\"ImageObject\",\"inLanguage\":\"es\",\"@id\":\"https:\/\/www.nexoinformativo.mx\/#\/schema\/logo\/image\/\",\"url\":\"https:\/\/www.nexoinformativo.mx\/wp-content\/uploads\/2024\/07\/nexoi-trasparente-2.png\",\"contentUrl\":\"https:\/\/www.nexoinformativo.mx\/wp-content\/uploads\/2024\/07\/nexoi-trasparente-2.png\",\"width\":816,\"height\":339,\"caption\":\"Nexo Informativo Santiago de Quer\u00e9taro\"},\"image\":{\"@id\":\"https:\/\/www.nexoinformativo.mx\/#\/schema\/logo\/image\/\"},\"sameAs\":[\"https:\/\/www.facebook.com\/people\/Nexo-Informativo\/61564066885511\/\"]},{\"@type\":\"Person\",\"@id\":\"https:\/\/www.nexoinformativo.mx\/#\/schema\/person\/7749d380ba08c8ca00d7bc76fd907b7d\",\"name\":\"Nexo Informativo\",\"image\":{\"@type\":\"ImageObject\",\"inLanguage\":\"es\",\"@id\":\"https:\/\/www.nexoinformativo.mx\/#\/schema\/person\/image\/\",\"url\":\"https:\/\/secure.gravatar.com\/avatar\/dde2928154642a13d95f87ddf1ea9718fe2b46760a005c53e41ff5ad610704e6?s=96&d=mm&r=g\",\"contentUrl\":\"https:\/\/secure.gravatar.com\/avatar\/dde2928154642a13d95f87ddf1ea9718fe2b46760a005c53e41ff5ad610704e6?s=96&d=mm&r=g\",\"caption\":\"Nexo Informativo\"},\"url\":\"https:\/\/www.nexoinformativo.mx\/index.php\/author\/edicion\/\"}]}<\/script>\n<!-- \/ Yoast SEO plugin. -->","yoast_head_json":{"title":"Secretar\u00eda de las Mujeres alza la voz seguridad social y salarios justos para trabajadoras del hogar | Nexo Informativo Santiago de Quer\u00e9taro","description":"Secretar\u00eda de las Mujeres alza la voz seguridad social y salarios justos para trabajadoras del hogar","robots":{"index":"index","follow":"follow","max-snippet":"max-snippet:-1","max-image-preview":"max-image-preview:large","max-video-preview":"max-video-preview:-1"},"canonical":"https:\/\/www.nexoinformativo.mx\/index.php\/2025\/03\/31\/secretaria-de-las-mujeres-alza-la-voz-seguridad-social-y-salarios-justos-para-trabajadoras-del-hogar\/","og_locale":"es_MX","og_type":"article","og_title":"Secretar\u00eda de las Mujeres alza la voz seguridad social y salarios justos para trabajadoras del hogar | Nexo Informativo Santiago de Quer\u00e9taro","og_description":"Secretar\u00eda de las Mujeres alza la voz seguridad social y salarios justos para trabajadoras del hogar","og_url":"https:\/\/www.nexoinformativo.mx\/index.php\/2025\/03\/31\/secretaria-de-las-mujeres-alza-la-voz-seguridad-social-y-salarios-justos-para-trabajadoras-del-hogar\/","og_site_name":"Nexo Informativo Santiago de Quer\u00e9taro","article_publisher":"https:\/\/www.facebook.com\/people\/Nexo-Informativo\/61564066885511\/","article_published_time":"2025-03-31T16:00:37+00:00","article_modified_time":"2025-03-31T22:35:19+00:00","og_image":[{"width":800,"height":534,"url":"https:\/\/www.nexoinformativo.mx\/wp-content\/uploads\/2025\/03\/pexels-arina-krasnikova-6016361-e1743460339977.jpg","type":"image\/jpeg"}],"author":"Nexo Informativo","twitter_card":"summary_large_image","twitter_misc":{"Escrito por":"Nexo Informativo","Tiempo de lectura":"2 minutos"},"schema":{"@context":"https:\/\/schema.org","@graph":[{"@type":"Article","@id":"https:\/\/www.nexoinformativo.mx\/index.php\/2025\/03\/31\/secretaria-de-las-mujeres-alza-la-voz-seguridad-social-y-salarios-justos-para-trabajadoras-del-hogar\/#article","isPartOf":{"@id":"https:\/\/www.nexoinformativo.mx\/index.php\/2025\/03\/31\/secretaria-de-las-mujeres-alza-la-voz-seguridad-social-y-salarios-justos-para-trabajadoras-del-hogar\/"},"author":{"name":"Nexo Informativo","@id":"https:\/\/www.nexoinformativo.mx\/#\/schema\/person\/7749d380ba08c8ca00d7bc76fd907b7d"},"headline":"Secretar\u00eda de las Mujeres alza la voz seguridad social y salarios justos para trabajadoras del hogar","datePublished":"2025-03-31T16:00:37+00:00","dateModified":"2025-03-31T22:35:19+00:00","mainEntityOfPage":{"@id":"https:\/\/www.nexoinformativo.mx\/index.php\/2025\/03\/31\/secretaria-de-las-mujeres-alza-la-voz-seguridad-social-y-salarios-justos-para-trabajadoras-del-hogar\/"},"wordCount":253,"commentCount":0,"publisher":{"@id":"https:\/\/www.nexoinformativo.mx\/#organization"},"image":{"@id":"https:\/\/www.nexoinformativo.mx\/index.php\/2025\/03\/31\/secretaria-de-las-mujeres-alza-la-voz-seguridad-social-y-salarios-justos-para-trabajadoras-del-hogar\/#primaryimage"},"thumbnailUrl":"https:\/\/www.nexoinformativo.mx\/wp-content\/uploads\/2025\/03\/pexels-arina-krasnikova-6016361-e1743460339977.jpg","keywords":["IgualdadSalarial","Secretar\u00edaDeLasMujeres","SeguridadSocial","TrabajadorasDelHogar"],"articleSection":["Nacional","\u00daltima Hora"],"inLanguage":"es","potentialAction":[{"@type":"CommentAction","name":"Comment","target":["https:\/\/www.nexoinformativo.mx\/index.php\/2025\/03\/31\/secretaria-de-las-mujeres-alza-la-voz-seguridad-social-y-salarios-justos-para-trabajadoras-del-hogar\/#respond"]}]},{"@type":"WebPage","@id":"https:\/\/www.nexoinformativo.mx\/index.php\/2025\/03\/31\/secretaria-de-las-mujeres-alza-la-voz-seguridad-social-y-salarios-justos-para-trabajadoras-del-hogar\/","url":"https:\/\/www.nexoinformativo.mx\/index.php\/2025\/03\/31\/secretaria-de-las-mujeres-alza-la-voz-seguridad-social-y-salarios-justos-para-trabajadoras-del-hogar\/","name":"Secretar\u00eda de las Mujeres alza la voz seguridad social y salarios justos para trabajadoras del hogar | Nexo Informativo Santiago de Quer\u00e9taro","isPartOf":{"@id":"https:\/\/www.nexoinformativo.mx\/#website"},"primaryImageOfPage":{"@id":"https:\/\/www.nexoinformativo.mx\/index.php\/2025\/03\/31\/secretaria-de-las-mujeres-alza-la-voz-seguridad-social-y-salarios-justos-para-trabajadoras-del-hogar\/#primaryimage"},"image":{"@id":"https:\/\/www.nexoinformativo.mx\/index.php\/2025\/03\/31\/secretaria-de-las-mujeres-alza-la-voz-seguridad-social-y-salarios-justos-para-trabajadoras-del-hogar\/#primaryimage"},"thumbnailUrl":"https:\/\/www.nexoinformativo.mx\/wp-content\/uploads\/2025\/03\/pexels-arina-krasnikova-6016361-e1743460339977.jpg","datePublished":"2025-03-31T16:00:37+00:00","dateModified":"2025-03-31T22:35:19+00:00","description":"Secretar\u00eda de las Mujeres alza la voz seguridad social y salarios justos para trabajadoras del hogar","breadcrumb":{"@id":"https:\/\/www.nexoinformativo.mx\/index.php\/2025\/03\/31\/secretaria-de-las-mujeres-alza-la-voz-seguridad-social-y-salarios-justos-para-trabajadoras-del-hogar\/#breadcrumb"},"inLanguage":"es","potentialAction":[{"@type":"ReadAction","target":["https:\/\/www.nexoinformativo.mx\/index.php\/2025\/03\/31\/secretaria-de-las-mujeres-alza-la-voz-seguridad-social-y-salarios-justos-para-trabajadoras-del-hogar\/"]}]},{"@type":"ImageObject","inLanguage":"es","@id":"https:\/\/www.nexoinformativo.mx\/index.php\/2025\/03\/31\/secretaria-de-las-mujeres-alza-la-voz-seguridad-social-y-salarios-justos-para-trabajadoras-del-hogar\/#primaryimage","url":"https:\/\/www.nexoinformativo.mx\/wp-content\/uploads\/2025\/03\/pexels-arina-krasnikova-6016361-e1743460339977.jpg","contentUrl":"https:\/\/www.nexoinformativo.mx\/wp-content\/uploads\/2025\/03\/pexels-arina-krasnikova-6016361-e1743460339977.jpg","width":800,"height":534},{"@type":"BreadcrumbList","@id":"https:\/\/www.nexoinformativo.mx\/index.php\/2025\/03\/31\/secretaria-de-las-mujeres-alza-la-voz-seguridad-social-y-salarios-justos-para-trabajadoras-del-hogar\/#breadcrumb","itemListElement":[{"@type":"ListItem","position":1,"name":"Inicio","item":"https:\/\/www.nexoinformativo.mx\/"},{"@type":"ListItem","position":2,"name":"Secretar\u00eda de las Mujeres alza la voz seguridad social y salarios justos para trabajadoras del hogar"}]},{"@type":"WebSite","@id":"https:\/\/www.nexoinformativo.mx\/#website","url":"https:\/\/www.nexoinformativo.mx\/","name":"Nexo Informativo Santiago de Quer\u00e9taro","description":"Explora NexoInformativo y convi\u00e9rtete en parte de una comunidad que valora el conocimiento y la verdad. Tu nexoinformativo es tu puente hacia una comprensi\u00f3n m\u00e1s profunda del mundo que te rodea.","publisher":{"@id":"https:\/\/www.nexoinformativo.mx\/#organization"},"potentialAction":[{"@type":"SearchAction","target":{"@type":"EntryPoint","urlTemplate":"https:\/\/www.nexoinformativo.mx\/?s={search_term_string}"},"query-input":{"@type":"PropertyValueSpecification","valueRequired":true,"valueName":"search_term_string"}}],"inLanguage":"es"},{"@type":"Organization","@id":"https:\/\/www.nexoinformativo.mx\/#organization","name":"Nexo Informativo Santiago de Quer\u00e9taro","url":"https:\/\/www.nexoinformativo.mx\/","logo":{"@type":"ImageObject","inLanguage":"es","@id":"https:\/\/www.nexoinformativo.mx\/#\/schema\/logo\/image\/","url":"https:\/\/www.nexoinformativo.mx\/wp-content\/uploads\/2024\/07\/nexoi-trasparente-2.png","contentUrl":"https:\/\/www.nexoinformativo.mx\/wp-content\/uploads\/2024\/07\/nexoi-trasparente-2.png","width":816,"height":339,"caption":"Nexo Informativo Santiago de Quer\u00e9taro"},"image":{"@id":"https:\/\/www.nexoinformativo.mx\/#\/schema\/logo\/image\/"},"sameAs":["https:\/\/www.facebook.com\/people\/Nexo-Informativo\/61564066885511\/"]},{"@type":"Person","@id":"https:\/\/www.nexoinformativo.mx\/#\/schema\/person\/7749d380ba08c8ca00d7bc76fd907b7d","name":"Nexo Informativo","image":{"@type":"ImageObject","inLanguage":"es","@id":"https:\/\/www.nexoinformativo.mx\/#\/schema\/person\/image\/","url":"https:\/\/secure.gravatar.com\/avatar\/dde2928154642a13d95f87ddf1ea9718fe2b46760a005c53e41ff5ad610704e6?s=96&d=mm&r=g","contentUrl":"https:\/\/secure.gravatar.com\/avatar\/dde2928154642a13d95f87ddf1ea9718fe2b46760a005c53e41ff5ad610704e6?s=96&d=mm&r=g","caption":"Nexo Informativo"},"url":"https:\/\/www.nexoinformativo.mx\/index.php\/author\/edicion\/"}]}},"_links":{"self":[{"href":"https:\/\/www.nexoinformativo.mx\/index.php\/wp-json\/wp\/v2\/posts\/13496","targetHints":{"allow":["GET"]}}],"collection":[{"href":"https:\/\/www.nexoinformativo.mx\/index.php\/wp-json\/wp\/v2\/posts"}],"about":[{"href":"https:\/\/www.nexoinformativo.mx\/index.php\/wp-json\/wp\/v2\/types\/post"}],"author":[{"embeddable":true,"href":"https:\/\/www.nexoinformativo.mx\/index.php\/wp-json\/wp\/v2\/users\/3"}],"replies":[{"embeddable":true,"href":"https:\/\/www.nexoinformativo.mx\/index.php\/wp-json\/wp\/v2\/comments?post=13496"}],"version-history":[{"count":4,"href":"https:\/\/www.nexoinformativo.mx\/index.php\/wp-json\/wp\/v2\/posts\/13496\/revisions"}],"predecessor-version":[{"id":13502,"href":"https:\/\/www.nexoinformativo.mx\/index.php\/wp-json\/wp\/v2\/posts\/13496\/revisions\/13502"}],"wp:featuredmedia":[{"embeddable":true,"href":"https:\/\/www.nexoinformativo.mx\/index.php\/wp-json\/wp\/v2\/media\/13497"}],"wp:attachment":[{"href":"https:\/\/www.nexoinformativo.mx\/index.php\/wp-json\/wp\/v2\/media?parent=13496"}],"wp:term":[{"taxonomy":"category","embeddable":true,"href":"https:\/\/www.nexoinformativo.mx\/index.php\/wp-json\/wp\/v2\/categories?post=13496"},{"taxonomy":"post_tag","embeddable":true,"href":"https:\/\/www.nexoinformativo.mx\/index.php\/wp-json\/wp\/v2\/tags?post=13496"}],"curies":[{"name":"wp","href":"https:\/\/api.w.org\/{rel}","templated":true}]}}