{"id":13503,"date":"2025-03-31T12:00:26","date_gmt":"2025-03-31T18:00:26","guid":{"rendered":"https:\/\/www.nexoinformativo.mx\/?p=13503"},"modified":"2025-03-31T16:40:55","modified_gmt":"2025-03-31T22:40:55","slug":"queretaro-abre-puertas-a-espacios-de-desarrollo-para-la-juventud-inauguran-la-primera-zona-joven","status":"publish","type":"post","link":"https:\/\/www.nexoinformativo.mx\/index.php\/2025\/03\/31\/queretaro-abre-puertas-a-espacios-de-desarrollo-para-la-juventud-inauguran-la-primera-zona-joven\/","title":{"rendered":"Quer\u00e9taro abre puertas a espacios de desarrollo para la Juventud inauguran la primera &#8220;Zona Joven&#8221;"},"content":{"rendered":"<p style=\"text-align: justify;\" data-sourcepos=\"13:1-13:248\">El gobernador de Quer\u00e9taro, Mauricio Kuri, inaugur\u00f3 la primera <strong>&#8220;Zona Joven&#8221;<\/strong> del estado, un espacio dise\u00f1ado para brindar a las y los j\u00f3venes queretanos acceso gratuito a servicios de salud, deporte y formaci\u00f3n.<\/p>\n<p>&nbsp;<\/p>\n<p style=\"text-align: justify;\" data-sourcepos=\"15:1-15:261\">Ubicada en la Unidad Deportiva Casa de la Juventud, en el Centro Hist\u00f3rico de la capital queretana, esta iniciativa busca ofrecer alternativas de desarrollo a la juventud, alej\u00e1ndolos de la dependencia de las pantallas y promoviendo un estilo de vida saludable.<\/p>\n<p>&nbsp;<\/p>\n<p style=\"text-align: justify;\" data-sourcepos=\"17:1-17:256\">La secretaria de la Juventud, Virginia Hern\u00e1ndez V\u00e1zquez, destac\u00f3 que este proyecto, con una inversi\u00f3n de seis millones de pesos, incluye un sal\u00f3n de usos m\u00faltiples, gimnasio, consultorios psicol\u00f3gicos, espacios de trabajo y salas culturales y recreativas.<\/p>\n<p>&nbsp;<\/p>\n<p style=\"text-align: justify;\" data-sourcepos=\"19:1-19:202\">&#8220;Este espacio busca que los j\u00f3venes tengan deporte, que los j\u00f3venes tengan espacios culturales, que los j\u00f3venes tengan las herramientas necesarias para impulsar su desarrollo&#8221;, se\u00f1al\u00f3 Hern\u00e1ndez V\u00e1zquez.<\/p>\n<p>&nbsp;<\/p>\n<p style=\"text-align: justify;\" data-sourcepos=\"21:1-21:218\">El proyecto, coordinado por la Secretar\u00eda de Desarrollo Urbano y Obras P\u00fablicas (SDUOP) y la Comisi\u00f3n Estatal de Infraestructura (CEI), contempla la creaci\u00f3n de m\u00e1s espacios similares en otros municipios de la entidad.<\/p>\n<p>&nbsp;<\/p>\n<p style=\"text-align: center;\" data-sourcepos=\"21:1-21:218\"><em><strong>\u00a1Informaci\u00f3n que transforma!<\/strong><\/em><\/p>\n","protected":false},"excerpt":{"rendered":"<p>El gobernador de Quer\u00e9taro, Mauricio Kuri, inaugur\u00f3 la primera &#8220;Zona Joven&#8221; del estado, un espacio dise\u00f1ado para brindar a las y los j\u00f3venes queretanos acceso gratuito a servicios de salud, deporte y formaci\u00f3n.<\/p>\n","protected":false},"author":3,"featured_media":13506,"comment_status":"open","ping_status":"open","sticky":false,"template":"","format":"standard","meta":{"footnotes":""},"categories":[42,58],"tags":[1184,661,133,3944],"class_list":["post-13503","post","type-post","status-publish","format-standard","has-post-thumbnail","hentry","category-estado","category-ultima-hora","tag-juventudqueretaro","tag-mauriciokuri","tag-queretaro","tag-zonajovenqueretaro"],"yoast_head":"<!-- This site is optimized with the Yoast SEO plugin v25.0 - https:\/\/yoast.com\/wordpress\/plugins\/seo\/ -->\n<title>Quer\u00e9taro abre puertas a espacios de desarrollo para la Juventud inauguran la primera &quot;Zona Joven&quot; | Nexo Informativo Santiago de Quer\u00e9taro<\/title>\n<meta name=\"description\" content=\"Quer\u00e9taro abre puertas a espacios de desarrollo para la Juventud inauguran la primera &quot;Zona Joven&quot;\" \/>\n<meta name=\"robots\" content=\"index, follow, max-snippet:-1, max-image-preview:large, max-video-preview:-1\" \/>\n<link rel=\"canonical\" href=\"https:\/\/www.nexoinformativo.mx\/index.php\/2025\/03\/31\/queretaro-abre-puertas-a-espacios-de-desarrollo-para-la-juventud-inauguran-la-primera-zona-joven\/\" \/>\n<meta property=\"og:locale\" content=\"es_MX\" \/>\n<meta property=\"og:type\" content=\"article\" \/>\n<meta property=\"og:title\" content=\"Quer\u00e9taro abre puertas a espacios de desarrollo para la Juventud inauguran la primera &quot;Zona Joven&quot; | Nexo Informativo Santiago de Quer\u00e9taro\" \/>\n<meta property=\"og:description\" content=\"Quer\u00e9taro abre puertas a espacios de desarrollo para la Juventud inauguran la primera &quot;Zona Joven&quot;\" \/>\n<meta property=\"og:url\" content=\"https:\/\/www.nexoinformativo.mx\/index.php\/2025\/03\/31\/queretaro-abre-puertas-a-espacios-de-desarrollo-para-la-juventud-inauguran-la-primera-zona-joven\/\" \/>\n<meta property=\"og:site_name\" content=\"Nexo Informativo Santiago de Quer\u00e9taro\" \/>\n<meta property=\"article:publisher\" content=\"https:\/\/www.facebook.com\/people\/Nexo-Informativo\/61564066885511\/\" \/>\n<meta property=\"article:published_time\" content=\"2025-03-31T18:00:26+00:00\" \/>\n<meta property=\"article:modified_time\" content=\"2025-03-31T22:40:55+00:00\" \/>\n<meta property=\"og:image\" content=\"https:\/\/www.nexoinformativo.mx\/wp-content\/uploads\/2025\/03\/PHOTO-2025-03-31-16-00-35-e1743460847211.jpg\" \/>\n\t<meta property=\"og:image:width\" content=\"800\" \/>\n\t<meta property=\"og:image:height\" content=\"533\" \/>\n\t<meta property=\"og:image:type\" content=\"image\/jpeg\" \/>\n<meta name=\"author\" content=\"Nexo Informativo\" \/>\n<meta name=\"twitter:card\" content=\"summary_large_image\" \/>\n<meta name=\"twitter:label1\" content=\"Escrito por\" \/>\n\t<meta name=\"twitter:data1\" content=\"Nexo Informativo\" \/>\n\t<meta name=\"twitter:label2\" content=\"Tiempo de lectura\" \/>\n\t<meta name=\"twitter:data2\" content=\"2 minutos\" \/>\n<script type=\"application\/ld+json\" class=\"yoast-schema-graph\">{\"@context\":\"https:\/\/schema.org\",\"@graph\":[{\"@type\":\"Article\",\"@id\":\"https:\/\/www.nexoinformativo.mx\/index.php\/2025\/03\/31\/queretaro-abre-puertas-a-espacios-de-desarrollo-para-la-juventud-inauguran-la-primera-zona-joven\/#article\",\"isPartOf\":{\"@id\":\"https:\/\/www.nexoinformativo.mx\/index.php\/2025\/03\/31\/queretaro-abre-puertas-a-espacios-de-desarrollo-para-la-juventud-inauguran-la-primera-zona-joven\/\"},\"author\":{\"name\":\"Nexo Informativo\",\"@id\":\"https:\/\/www.nexoinformativo.mx\/#\/schema\/person\/7749d380ba08c8ca00d7bc76fd907b7d\"},\"headline\":\"Quer\u00e9taro abre puertas a espacios de desarrollo para la Juventud inauguran la primera &#8220;Zona Joven&#8221;\",\"datePublished\":\"2025-03-31T18:00:26+00:00\",\"dateModified\":\"2025-03-31T22:40:55+00:00\",\"mainEntityOfPage\":{\"@id\":\"https:\/\/www.nexoinformativo.mx\/index.php\/2025\/03\/31\/queretaro-abre-puertas-a-espacios-de-desarrollo-para-la-juventud-inauguran-la-primera-zona-joven\/\"},\"wordCount\":220,\"commentCount\":0,\"publisher\":{\"@id\":\"https:\/\/www.nexoinformativo.mx\/#organization\"},\"image\":{\"@id\":\"https:\/\/www.nexoinformativo.mx\/index.php\/2025\/03\/31\/queretaro-abre-puertas-a-espacios-de-desarrollo-para-la-juventud-inauguran-la-primera-zona-joven\/#primaryimage\"},\"thumbnailUrl\":\"https:\/\/www.nexoinformativo.mx\/wp-content\/uploads\/2025\/03\/PHOTO-2025-03-31-16-00-35-e1743460847211.jpg\",\"keywords\":[\"JuventudQuer\u00e9taro\",\"MauricioKuri\",\"Quer\u00e9taro\",\"ZonaJovenQuer\u00e9taro\"],\"articleSection\":[\"Estado\",\"\u00daltima Hora\"],\"inLanguage\":\"es\",\"potentialAction\":[{\"@type\":\"CommentAction\",\"name\":\"Comment\",\"target\":[\"https:\/\/www.nexoinformativo.mx\/index.php\/2025\/03\/31\/queretaro-abre-puertas-a-espacios-de-desarrollo-para-la-juventud-inauguran-la-primera-zona-joven\/#respond\"]}]},{\"@type\":\"WebPage\",\"@id\":\"https:\/\/www.nexoinformativo.mx\/index.php\/2025\/03\/31\/queretaro-abre-puertas-a-espacios-de-desarrollo-para-la-juventud-inauguran-la-primera-zona-joven\/\",\"url\":\"https:\/\/www.nexoinformativo.mx\/index.php\/2025\/03\/31\/queretaro-abre-puertas-a-espacios-de-desarrollo-para-la-juventud-inauguran-la-primera-zona-joven\/\",\"name\":\"Quer\u00e9taro abre puertas a espacios de desarrollo para la Juventud inauguran la primera \\\"Zona Joven\\\" | Nexo Informativo Santiago de Quer\u00e9taro\",\"isPartOf\":{\"@id\":\"https:\/\/www.nexoinformativo.mx\/#website\"},\"primaryImageOfPage\":{\"@id\":\"https:\/\/www.nexoinformativo.mx\/index.php\/2025\/03\/31\/queretaro-abre-puertas-a-espacios-de-desarrollo-para-la-juventud-inauguran-la-primera-zona-joven\/#primaryimage\"},\"image\":{\"@id\":\"https:\/\/www.nexoinformativo.mx\/index.php\/2025\/03\/31\/queretaro-abre-puertas-a-espacios-de-desarrollo-para-la-juventud-inauguran-la-primera-zona-joven\/#primaryimage\"},\"thumbnailUrl\":\"https:\/\/www.nexoinformativo.mx\/wp-content\/uploads\/2025\/03\/PHOTO-2025-03-31-16-00-35-e1743460847211.jpg\",\"datePublished\":\"2025-03-31T18:00:26+00:00\",\"dateModified\":\"2025-03-31T22:40:55+00:00\",\"description\":\"Quer\u00e9taro abre puertas a espacios de desarrollo para la Juventud inauguran la primera \\\"Zona Joven\\\"\",\"breadcrumb\":{\"@id\":\"https:\/\/www.nexoinformativo.mx\/index.php\/2025\/03\/31\/queretaro-abre-puertas-a-espacios-de-desarrollo-para-la-juventud-inauguran-la-primera-zona-joven\/#breadcrumb\"},\"inLanguage\":\"es\",\"potentialAction\":[{\"@type\":\"ReadAction\",\"target\":[\"https:\/\/www.nexoinformativo.mx\/index.php\/2025\/03\/31\/queretaro-abre-puertas-a-espacios-de-desarrollo-para-la-juventud-inauguran-la-primera-zona-joven\/\"]}]},{\"@type\":\"ImageObject\",\"inLanguage\":\"es\",\"@id\":\"https:\/\/www.nexoinformativo.mx\/index.php\/2025\/03\/31\/queretaro-abre-puertas-a-espacios-de-desarrollo-para-la-juventud-inauguran-la-primera-zona-joven\/#primaryimage\",\"url\":\"https:\/\/www.nexoinformativo.mx\/wp-content\/uploads\/2025\/03\/PHOTO-2025-03-31-16-00-35-e1743460847211.jpg\",\"contentUrl\":\"https:\/\/www.nexoinformativo.mx\/wp-content\/uploads\/2025\/03\/PHOTO-2025-03-31-16-00-35-e1743460847211.jpg\",\"width\":800,\"height\":533},{\"@type\":\"BreadcrumbList\",\"@id\":\"https:\/\/www.nexoinformativo.mx\/index.php\/2025\/03\/31\/queretaro-abre-puertas-a-espacios-de-desarrollo-para-la-juventud-inauguran-la-primera-zona-joven\/#breadcrumb\",\"itemListElement\":[{\"@type\":\"ListItem\",\"position\":1,\"name\":\"Inicio\",\"item\":\"https:\/\/www.nexoinformativo.mx\/\"},{\"@type\":\"ListItem\",\"position\":2,\"name\":\"Quer\u00e9taro abre puertas a espacios de desarrollo para la Juventud inauguran la primera &#8220;Zona Joven&#8221;\"}]},{\"@type\":\"WebSite\",\"@id\":\"https:\/\/www.nexoinformativo.mx\/#website\",\"url\":\"https:\/\/www.nexoinformativo.mx\/\",\"name\":\"Nexo Informativo Santiago de Quer\u00e9taro\",\"description\":\"Explora NexoInformativo y convi\u00e9rtete en parte de una comunidad que valora el conocimiento y la verdad. Tu nexoinformativo es tu puente hacia una comprensi\u00f3n m\u00e1s profunda del mundo que te rodea.\",\"publisher\":{\"@id\":\"https:\/\/www.nexoinformativo.mx\/#organization\"},\"potentialAction\":[{\"@type\":\"SearchAction\",\"target\":{\"@type\":\"EntryPoint\",\"urlTemplate\":\"https:\/\/www.nexoinformativo.mx\/?s={search_term_string}\"},\"query-input\":{\"@type\":\"PropertyValueSpecification\",\"valueRequired\":true,\"valueName\":\"search_term_string\"}}],\"inLanguage\":\"es\"},{\"@type\":\"Organization\",\"@id\":\"https:\/\/www.nexoinformativo.mx\/#organization\",\"name\":\"Nexo Informativo Santiago de Quer\u00e9taro\",\"url\":\"https:\/\/www.nexoinformativo.mx\/\",\"logo\":{\"@type\":\"ImageObject\",\"inLanguage\":\"es\",\"@id\":\"https:\/\/www.nexoinformativo.mx\/#\/schema\/logo\/image\/\",\"url\":\"https:\/\/www.nexoinformativo.mx\/wp-content\/uploads\/2024\/07\/nexoi-trasparente-2.png\",\"contentUrl\":\"https:\/\/www.nexoinformativo.mx\/wp-content\/uploads\/2024\/07\/nexoi-trasparente-2.png\",\"width\":816,\"height\":339,\"caption\":\"Nexo Informativo Santiago de Quer\u00e9taro\"},\"image\":{\"@id\":\"https:\/\/www.nexoinformativo.mx\/#\/schema\/logo\/image\/\"},\"sameAs\":[\"https:\/\/www.facebook.com\/people\/Nexo-Informativo\/61564066885511\/\"]},{\"@type\":\"Person\",\"@id\":\"https:\/\/www.nexoinformativo.mx\/#\/schema\/person\/7749d380ba08c8ca00d7bc76fd907b7d\",\"name\":\"Nexo Informativo\",\"image\":{\"@type\":\"ImageObject\",\"inLanguage\":\"es\",\"@id\":\"https:\/\/www.nexoinformativo.mx\/#\/schema\/person\/image\/\",\"url\":\"https:\/\/secure.gravatar.com\/avatar\/dde2928154642a13d95f87ddf1ea9718fe2b46760a005c53e41ff5ad610704e6?s=96&d=mm&r=g\",\"contentUrl\":\"https:\/\/secure.gravatar.com\/avatar\/dde2928154642a13d95f87ddf1ea9718fe2b46760a005c53e41ff5ad610704e6?s=96&d=mm&r=g\",\"caption\":\"Nexo Informativo\"},\"url\":\"https:\/\/www.nexoinformativo.mx\/index.php\/author\/edicion\/\"}]}<\/script>\n<!-- \/ Yoast SEO plugin. -->","yoast_head_json":{"title":"Quer\u00e9taro abre puertas a espacios de desarrollo para la Juventud inauguran la primera \"Zona Joven\" | Nexo Informativo Santiago de Quer\u00e9taro","description":"Quer\u00e9taro abre puertas a espacios de desarrollo para la Juventud inauguran la primera \"Zona Joven\"","robots":{"index":"index","follow":"follow","max-snippet":"max-snippet:-1","max-image-preview":"max-image-preview:large","max-video-preview":"max-video-preview:-1"},"canonical":"https:\/\/www.nexoinformativo.mx\/index.php\/2025\/03\/31\/queretaro-abre-puertas-a-espacios-de-desarrollo-para-la-juventud-inauguran-la-primera-zona-joven\/","og_locale":"es_MX","og_type":"article","og_title":"Quer\u00e9taro abre puertas a espacios de desarrollo para la Juventud inauguran la primera \"Zona Joven\" | Nexo Informativo Santiago de Quer\u00e9taro","og_description":"Quer\u00e9taro abre puertas a espacios de desarrollo para la Juventud inauguran la primera \"Zona Joven\"","og_url":"https:\/\/www.nexoinformativo.mx\/index.php\/2025\/03\/31\/queretaro-abre-puertas-a-espacios-de-desarrollo-para-la-juventud-inauguran-la-primera-zona-joven\/","og_site_name":"Nexo Informativo Santiago de Quer\u00e9taro","article_publisher":"https:\/\/www.facebook.com\/people\/Nexo-Informativo\/61564066885511\/","article_published_time":"2025-03-31T18:00:26+00:00","article_modified_time":"2025-03-31T22:40:55+00:00","og_image":[{"width":800,"height":533,"url":"https:\/\/www.nexoinformativo.mx\/wp-content\/uploads\/2025\/03\/PHOTO-2025-03-31-16-00-35-e1743460847211.jpg","type":"image\/jpeg"}],"author":"Nexo Informativo","twitter_card":"summary_large_image","twitter_misc":{"Escrito por":"Nexo Informativo","Tiempo de lectura":"2 minutos"},"schema":{"@context":"https:\/\/schema.org","@graph":[{"@type":"Article","@id":"https:\/\/www.nexoinformativo.mx\/index.php\/2025\/03\/31\/queretaro-abre-puertas-a-espacios-de-desarrollo-para-la-juventud-inauguran-la-primera-zona-joven\/#article","isPartOf":{"@id":"https:\/\/www.nexoinformativo.mx\/index.php\/2025\/03\/31\/queretaro-abre-puertas-a-espacios-de-desarrollo-para-la-juventud-inauguran-la-primera-zona-joven\/"},"author":{"name":"Nexo Informativo","@id":"https:\/\/www.nexoinformativo.mx\/#\/schema\/person\/7749d380ba08c8ca00d7bc76fd907b7d"},"headline":"Quer\u00e9taro abre puertas a espacios de desarrollo para la Juventud inauguran la primera &#8220;Zona Joven&#8221;","datePublished":"2025-03-31T18:00:26+00:00","dateModified":"2025-03-31T22:40:55+00:00","mainEntityOfPage":{"@id":"https:\/\/www.nexoinformativo.mx\/index.php\/2025\/03\/31\/queretaro-abre-puertas-a-espacios-de-desarrollo-para-la-juventud-inauguran-la-primera-zona-joven\/"},"wordCount":220,"commentCount":0,"publisher":{"@id":"https:\/\/www.nexoinformativo.mx\/#organization"},"image":{"@id":"https:\/\/www.nexoinformativo.mx\/index.php\/2025\/03\/31\/queretaro-abre-puertas-a-espacios-de-desarrollo-para-la-juventud-inauguran-la-primera-zona-joven\/#primaryimage"},"thumbnailUrl":"https:\/\/www.nexoinformativo.mx\/wp-content\/uploads\/2025\/03\/PHOTO-2025-03-31-16-00-35-e1743460847211.jpg","keywords":["JuventudQuer\u00e9taro","MauricioKuri","Quer\u00e9taro","ZonaJovenQuer\u00e9taro"],"articleSection":["Estado","\u00daltima Hora"],"inLanguage":"es","potentialAction":[{"@type":"CommentAction","name":"Comment","target":["https:\/\/www.nexoinformativo.mx\/index.php\/2025\/03\/31\/queretaro-abre-puertas-a-espacios-de-desarrollo-para-la-juventud-inauguran-la-primera-zona-joven\/#respond"]}]},{"@type":"WebPage","@id":"https:\/\/www.nexoinformativo.mx\/index.php\/2025\/03\/31\/queretaro-abre-puertas-a-espacios-de-desarrollo-para-la-juventud-inauguran-la-primera-zona-joven\/","url":"https:\/\/www.nexoinformativo.mx\/index.php\/2025\/03\/31\/queretaro-abre-puertas-a-espacios-de-desarrollo-para-la-juventud-inauguran-la-primera-zona-joven\/","name":"Quer\u00e9taro abre puertas a espacios de desarrollo para la Juventud inauguran la primera \"Zona Joven\" | Nexo Informativo Santiago de Quer\u00e9taro","isPartOf":{"@id":"https:\/\/www.nexoinformativo.mx\/#website"},"primaryImageOfPage":{"@id":"https:\/\/www.nexoinformativo.mx\/index.php\/2025\/03\/31\/queretaro-abre-puertas-a-espacios-de-desarrollo-para-la-juventud-inauguran-la-primera-zona-joven\/#primaryimage"},"image":{"@id":"https:\/\/www.nexoinformativo.mx\/index.php\/2025\/03\/31\/queretaro-abre-puertas-a-espacios-de-desarrollo-para-la-juventud-inauguran-la-primera-zona-joven\/#primaryimage"},"thumbnailUrl":"https:\/\/www.nexoinformativo.mx\/wp-content\/uploads\/2025\/03\/PHOTO-2025-03-31-16-00-35-e1743460847211.jpg","datePublished":"2025-03-31T18:00:26+00:00","dateModified":"2025-03-31T22:40:55+00:00","description":"Quer\u00e9taro abre puertas a espacios de desarrollo para la Juventud inauguran la primera \"Zona Joven\"","breadcrumb":{"@id":"https:\/\/www.nexoinformativo.mx\/index.php\/2025\/03\/31\/queretaro-abre-puertas-a-espacios-de-desarrollo-para-la-juventud-inauguran-la-primera-zona-joven\/#breadcrumb"},"inLanguage":"es","potentialAction":[{"@type":"ReadAction","target":["https:\/\/www.nexoinformativo.mx\/index.php\/2025\/03\/31\/queretaro-abre-puertas-a-espacios-de-desarrollo-para-la-juventud-inauguran-la-primera-zona-joven\/"]}]},{"@type":"ImageObject","inLanguage":"es","@id":"https:\/\/www.nexoinformativo.mx\/index.php\/2025\/03\/31\/queretaro-abre-puertas-a-espacios-de-desarrollo-para-la-juventud-inauguran-la-primera-zona-joven\/#primaryimage","url":"https:\/\/www.nexoinformativo.mx\/wp-content\/uploads\/2025\/03\/PHOTO-2025-03-31-16-00-35-e1743460847211.jpg","contentUrl":"https:\/\/www.nexoinformativo.mx\/wp-content\/uploads\/2025\/03\/PHOTO-2025-03-31-16-00-35-e1743460847211.jpg","width":800,"height":533},{"@type":"BreadcrumbList","@id":"https:\/\/www.nexoinformativo.mx\/index.php\/2025\/03\/31\/queretaro-abre-puertas-a-espacios-de-desarrollo-para-la-juventud-inauguran-la-primera-zona-joven\/#breadcrumb","itemListElement":[{"@type":"ListItem","position":1,"name":"Inicio","item":"https:\/\/www.nexoinformativo.mx\/"},{"@type":"ListItem","position":2,"name":"Quer\u00e9taro abre puertas a espacios de desarrollo para la Juventud inauguran la primera &#8220;Zona Joven&#8221;"}]},{"@type":"WebSite","@id":"https:\/\/www.nexoinformativo.mx\/#website","url":"https:\/\/www.nexoinformativo.mx\/","name":"Nexo Informativo Santiago de Quer\u00e9taro","description":"Explora NexoInformativo y convi\u00e9rtete en parte de una comunidad que valora el conocimiento y la verdad. Tu nexoinformativo es tu puente hacia una comprensi\u00f3n m\u00e1s profunda del mundo que te rodea.","publisher":{"@id":"https:\/\/www.nexoinformativo.mx\/#organization"},"potentialAction":[{"@type":"SearchAction","target":{"@type":"EntryPoint","urlTemplate":"https:\/\/www.nexoinformativo.mx\/?s={search_term_string}"},"query-input":{"@type":"PropertyValueSpecification","valueRequired":true,"valueName":"search_term_string"}}],"inLanguage":"es"},{"@type":"Organization","@id":"https:\/\/www.nexoinformativo.mx\/#organization","name":"Nexo Informativo Santiago de Quer\u00e9taro","url":"https:\/\/www.nexoinformativo.mx\/","logo":{"@type":"ImageObject","inLanguage":"es","@id":"https:\/\/www.nexoinformativo.mx\/#\/schema\/logo\/image\/","url":"https:\/\/www.nexoinformativo.mx\/wp-content\/uploads\/2024\/07\/nexoi-trasparente-2.png","contentUrl":"https:\/\/www.nexoinformativo.mx\/wp-content\/uploads\/2024\/07\/nexoi-trasparente-2.png","width":816,"height":339,"caption":"Nexo Informativo Santiago de Quer\u00e9taro"},"image":{"@id":"https:\/\/www.nexoinformativo.mx\/#\/schema\/logo\/image\/"},"sameAs":["https:\/\/www.facebook.com\/people\/Nexo-Informativo\/61564066885511\/"]},{"@type":"Person","@id":"https:\/\/www.nexoinformativo.mx\/#\/schema\/person\/7749d380ba08c8ca00d7bc76fd907b7d","name":"Nexo Informativo","image":{"@type":"ImageObject","inLanguage":"es","@id":"https:\/\/www.nexoinformativo.mx\/#\/schema\/person\/image\/","url":"https:\/\/secure.gravatar.com\/avatar\/dde2928154642a13d95f87ddf1ea9718fe2b46760a005c53e41ff5ad610704e6?s=96&d=mm&r=g","contentUrl":"https:\/\/secure.gravatar.com\/avatar\/dde2928154642a13d95f87ddf1ea9718fe2b46760a005c53e41ff5ad610704e6?s=96&d=mm&r=g","caption":"Nexo Informativo"},"url":"https:\/\/www.nexoinformativo.mx\/index.php\/author\/edicion\/"}]}},"_links":{"self":[{"href":"https:\/\/www.nexoinformativo.mx\/index.php\/wp-json\/wp\/v2\/posts\/13503","targetHints":{"allow":["GET"]}}],"collection":[{"href":"https:\/\/www.nexoinformativo.mx\/index.php\/wp-json\/wp\/v2\/posts"}],"about":[{"href":"https:\/\/www.nexoinformativo.mx\/index.php\/wp-json\/wp\/v2\/types\/post"}],"author":[{"embeddable":true,"href":"https:\/\/www.nexoinformativo.mx\/index.php\/wp-json\/wp\/v2\/users\/3"}],"replies":[{"embeddable":true,"href":"https:\/\/www.nexoinformativo.mx\/index.php\/wp-json\/wp\/v2\/comments?post=13503"}],"version-history":[{"count":4,"href":"https:\/\/www.nexoinformativo.mx\/index.php\/wp-json\/wp\/v2\/posts\/13503\/revisions"}],"predecessor-version":[{"id":13508,"href":"https:\/\/www.nexoinformativo.mx\/index.php\/wp-json\/wp\/v2\/posts\/13503\/revisions\/13508"}],"wp:featuredmedia":[{"embeddable":true,"href":"https:\/\/www.nexoinformativo.mx\/index.php\/wp-json\/wp\/v2\/media\/13506"}],"wp:attachment":[{"href":"https:\/\/www.nexoinformativo.mx\/index.php\/wp-json\/wp\/v2\/media?parent=13503"}],"wp:term":[{"taxonomy":"category","embeddable":true,"href":"https:\/\/www.nexoinformativo.mx\/index.php\/wp-json\/wp\/v2\/categories?post=13503"},{"taxonomy":"post_tag","embeddable":true,"href":"https:\/\/www.nexoinformativo.mx\/index.php\/wp-json\/wp\/v2\/tags?post=13503"}],"curies":[{"name":"wp","href":"https:\/\/api.w.org\/{rel}","templated":true}]}}