{"id":13515,"date":"2025-03-31T16:00:31","date_gmt":"2025-03-31T22:00:31","guid":{"rendered":"https:\/\/www.nexoinformativo.mx\/?p=13515"},"modified":"2025-03-31T17:02:22","modified_gmt":"2025-03-31T23:02:22","slug":"queretaro-impulsa-su-industria-en-alemania-presente-en-la-feria-mundial-hannover-messe-2025","status":"publish","type":"post","link":"https:\/\/www.nexoinformativo.mx\/index.php\/2025\/03\/31\/queretaro-impulsa-su-industria-en-alemania-presente-en-la-feria-mundial-hannover-messe-2025\/","title":{"rendered":"Quer\u00e9taro impulsa su industria en Alemania presente en la Feria Mundial Hannover Messe 2025"},"content":{"rendered":"<p style=\"text-align: justify;\" data-sourcepos=\"13:1-13:502\">Quer\u00e9taro ha fortalecido su presencia en el mercado global al participar activamente en la <strong>Hannover Messe 2025<\/strong>, la feria industrial m\u00e1s grande del mundo.<\/p>\n<\/p>\n<p>&nbsp;<\/p>\n<p style=\"text-align: justify;\" data-sourcepos=\"13:1-13:502\">El titular de la Secretar\u00eda de Desarrollo Sustentable (SEDESU) y presidente de la Asociaci\u00f3n Mexicana de Secretarios de Desarrollo Econ\u00f3mico (AMSDE), Marco Antonio Del Prete, inaugur\u00f3 el Pabell\u00f3n M\u00e9xico, con el objetivo de promover la econom\u00eda, las capacidades industriales y la cultura del pa\u00eds en Alemania.<\/p>\n<\/p>\n<p>&nbsp;<\/p>\n<p style=\"text-align: justify;\" data-sourcepos=\"15:1-15:210\">Durante el primer d\u00eda de actividades, la delegaci\u00f3n queretana sostuvo m\u00e1s de 25 reuniones de trabajo con el fin de concretar nuevos proyectos de inversi\u00f3n y generar empleos de alta especializaci\u00f3n en el estado.<\/p>\n<\/p>\n<p>&nbsp;<\/p>\n<p style=\"text-align: justify;\" data-sourcepos=\"17:1-17:232\">Del Prete \u00a0se reuni\u00f3 con la ministra de la Embajada de M\u00e9xico en Alemania, Pilar Escobar Bautista, para impulsar la agenda de Quer\u00e9taro en el pa\u00eds europeo y fomentar la participaci\u00f3n de empresas queretanas en ferias alemanas.<\/p>\n<\/p>\n<p>&nbsp;<\/p>\n<p style=\"text-align: justify;\" data-sourcepos=\"19:1-19:213\">Adem\u00e1s, el titular de la SEDESU visit\u00f3 el stand de Microsoft, donde se exploraron las aplicaciones de la inteligencia artificial para optimizar operaciones y mejorar la productividad en la industria manufacturera.<\/p>\n<\/p>\n<p>&nbsp;<\/p>\n<p style=\"text-align: justify;\" data-sourcepos=\"21:1-21:247\">La participaci\u00f3n de Quer\u00e9taro en Hannover Messe 2025 busca fortalecer la relaci\u00f3n comercial con Alemania, el segundo socio comercial del estado, y atraer inversi\u00f3n extranjera para impulsar el desarrollo econ\u00f3mico y la innovaci\u00f3n en sectores clave.<\/p>\n<\/p>\n<p>&nbsp;<\/p>\n<p style=\"text-align: center;\" data-sourcepos=\"21:1-21:247\"><em><strong>\u00a1Informaci\u00f3n que transforma!<\/strong><\/em><\/p>\n","protected":false},"excerpt":{"rendered":"<p>Quer\u00e9taro ha fortalecido su presencia en el mercado global al participar activamente en la Hannover Messe 2025, la feria industrial m\u00e1s grande del mundo.<\/p>\n","protected":false},"author":3,"featured_media":13516,"comment_status":"open","ping_status":"open","sticky":false,"template":"","format":"standard","meta":{"footnotes":""},"categories":[5,42,58],"tags":[3947,2241,3948,1876],"class_list":["post-13515","post","type-post","status-publish","format-standard","has-post-thumbnail","hentry","category-economia","category-estado","category-ultima-hora","tag-hannovermesse","tag-mexicoalemania","tag-queretaroindustrial","tag-sedesu"],"yoast_head":"<!-- This site is optimized with the Yoast SEO plugin v25.0 - https:\/\/yoast.com\/wordpress\/plugins\/seo\/ -->\n<title>Quer\u00e9taro impulsa su industria en Alemania presente en la Feria Mundial Hannover Messe 2025 | Nexo Informativo Santiago de Quer\u00e9taro<\/title>\n<meta name=\"description\" content=\"Quer\u00e9taro impulsa su industria en Alemania presente en la Feria Mundial Hannover Messe 2025\" \/>\n<meta name=\"robots\" content=\"index, follow, max-snippet:-1, max-image-preview:large, max-video-preview:-1\" \/>\n<link rel=\"canonical\" href=\"https:\/\/www.nexoinformativo.mx\/index.php\/2025\/03\/31\/queretaro-impulsa-su-industria-en-alemania-presente-en-la-feria-mundial-hannover-messe-2025\/\" \/>\n<meta property=\"og:locale\" content=\"es_MX\" \/>\n<meta property=\"og:type\" content=\"article\" \/>\n<meta property=\"og:title\" content=\"Quer\u00e9taro impulsa su industria en Alemania presente en la Feria Mundial Hannover Messe 2025 | Nexo Informativo Santiago de Quer\u00e9taro\" \/>\n<meta property=\"og:description\" content=\"Quer\u00e9taro impulsa su industria en Alemania presente en la Feria Mundial Hannover Messe 2025\" \/>\n<meta property=\"og:url\" content=\"https:\/\/www.nexoinformativo.mx\/index.php\/2025\/03\/31\/queretaro-impulsa-su-industria-en-alemania-presente-en-la-feria-mundial-hannover-messe-2025\/\" \/>\n<meta property=\"og:site_name\" content=\"Nexo Informativo Santiago de Quer\u00e9taro\" \/>\n<meta property=\"article:publisher\" content=\"https:\/\/www.facebook.com\/people\/Nexo-Informativo\/61564066885511\/\" \/>\n<meta property=\"article:published_time\" content=\"2025-03-31T22:00:31+00:00\" \/>\n<meta property=\"article:modified_time\" content=\"2025-03-31T23:02:22+00:00\" \/>\n<meta property=\"og:image\" content=\"https:\/\/www.nexoinformativo.mx\/wp-content\/uploads\/2025\/03\/PHOTO-2025-03-31-16-54-06-e1743462005150.jpg\" \/>\n\t<meta property=\"og:image:width\" content=\"800\" \/>\n\t<meta property=\"og:image:height\" content=\"533\" \/>\n\t<meta property=\"og:image:type\" content=\"image\/jpeg\" \/>\n<meta name=\"author\" content=\"Nexo Informativo\" \/>\n<meta name=\"twitter:card\" content=\"summary_large_image\" \/>\n<meta name=\"twitter:label1\" content=\"Escrito por\" \/>\n\t<meta name=\"twitter:data1\" content=\"Nexo Informativo\" \/>\n\t<meta name=\"twitter:label2\" content=\"Tiempo de lectura\" \/>\n\t<meta name=\"twitter:data2\" content=\"2 minutos\" \/>\n<script type=\"application\/ld+json\" class=\"yoast-schema-graph\">{\"@context\":\"https:\/\/schema.org\",\"@graph\":[{\"@type\":\"Article\",\"@id\":\"https:\/\/www.nexoinformativo.mx\/index.php\/2025\/03\/31\/queretaro-impulsa-su-industria-en-alemania-presente-en-la-feria-mundial-hannover-messe-2025\/#article\",\"isPartOf\":{\"@id\":\"https:\/\/www.nexoinformativo.mx\/index.php\/2025\/03\/31\/queretaro-impulsa-su-industria-en-alemania-presente-en-la-feria-mundial-hannover-messe-2025\/\"},\"author\":{\"name\":\"Nexo Informativo\",\"@id\":\"https:\/\/www.nexoinformativo.mx\/#\/schema\/person\/7749d380ba08c8ca00d7bc76fd907b7d\"},\"headline\":\"Quer\u00e9taro impulsa su industria en Alemania presente en la Feria Mundial Hannover Messe 2025\",\"datePublished\":\"2025-03-31T22:00:31+00:00\",\"dateModified\":\"2025-03-31T23:02:22+00:00\",\"mainEntityOfPage\":{\"@id\":\"https:\/\/www.nexoinformativo.mx\/index.php\/2025\/03\/31\/queretaro-impulsa-su-industria-en-alemania-presente-en-la-feria-mundial-hannover-messe-2025\/\"},\"wordCount\":254,\"commentCount\":0,\"publisher\":{\"@id\":\"https:\/\/www.nexoinformativo.mx\/#organization\"},\"image\":{\"@id\":\"https:\/\/www.nexoinformativo.mx\/index.php\/2025\/03\/31\/queretaro-impulsa-su-industria-en-alemania-presente-en-la-feria-mundial-hannover-messe-2025\/#primaryimage\"},\"thumbnailUrl\":\"https:\/\/www.nexoinformativo.mx\/wp-content\/uploads\/2025\/03\/PHOTO-2025-03-31-16-54-06-e1743462005150.jpg\",\"keywords\":[\"HannoverMesse\",\"M\u00e9xicoAlemania\",\"Quer\u00e9taroIndustrial\",\"SEDESU\"],\"articleSection\":[\"Econom\u00eda\",\"Estado\",\"\u00daltima Hora\"],\"inLanguage\":\"es\",\"potentialAction\":[{\"@type\":\"CommentAction\",\"name\":\"Comment\",\"target\":[\"https:\/\/www.nexoinformativo.mx\/index.php\/2025\/03\/31\/queretaro-impulsa-su-industria-en-alemania-presente-en-la-feria-mundial-hannover-messe-2025\/#respond\"]}]},{\"@type\":\"WebPage\",\"@id\":\"https:\/\/www.nexoinformativo.mx\/index.php\/2025\/03\/31\/queretaro-impulsa-su-industria-en-alemania-presente-en-la-feria-mundial-hannover-messe-2025\/\",\"url\":\"https:\/\/www.nexoinformativo.mx\/index.php\/2025\/03\/31\/queretaro-impulsa-su-industria-en-alemania-presente-en-la-feria-mundial-hannover-messe-2025\/\",\"name\":\"Quer\u00e9taro impulsa su industria en Alemania presente en la Feria Mundial Hannover Messe 2025 | Nexo Informativo Santiago de Quer\u00e9taro\",\"isPartOf\":{\"@id\":\"https:\/\/www.nexoinformativo.mx\/#website\"},\"primaryImageOfPage\":{\"@id\":\"https:\/\/www.nexoinformativo.mx\/index.php\/2025\/03\/31\/queretaro-impulsa-su-industria-en-alemania-presente-en-la-feria-mundial-hannover-messe-2025\/#primaryimage\"},\"image\":{\"@id\":\"https:\/\/www.nexoinformativo.mx\/index.php\/2025\/03\/31\/queretaro-impulsa-su-industria-en-alemania-presente-en-la-feria-mundial-hannover-messe-2025\/#primaryimage\"},\"thumbnailUrl\":\"https:\/\/www.nexoinformativo.mx\/wp-content\/uploads\/2025\/03\/PHOTO-2025-03-31-16-54-06-e1743462005150.jpg\",\"datePublished\":\"2025-03-31T22:00:31+00:00\",\"dateModified\":\"2025-03-31T23:02:22+00:00\",\"description\":\"Quer\u00e9taro impulsa su industria en Alemania presente en la Feria Mundial Hannover Messe 2025\",\"breadcrumb\":{\"@id\":\"https:\/\/www.nexoinformativo.mx\/index.php\/2025\/03\/31\/queretaro-impulsa-su-industria-en-alemania-presente-en-la-feria-mundial-hannover-messe-2025\/#breadcrumb\"},\"inLanguage\":\"es\",\"potentialAction\":[{\"@type\":\"ReadAction\",\"target\":[\"https:\/\/www.nexoinformativo.mx\/index.php\/2025\/03\/31\/queretaro-impulsa-su-industria-en-alemania-presente-en-la-feria-mundial-hannover-messe-2025\/\"]}]},{\"@type\":\"ImageObject\",\"inLanguage\":\"es\",\"@id\":\"https:\/\/www.nexoinformativo.mx\/index.php\/2025\/03\/31\/queretaro-impulsa-su-industria-en-alemania-presente-en-la-feria-mundial-hannover-messe-2025\/#primaryimage\",\"url\":\"https:\/\/www.nexoinformativo.mx\/wp-content\/uploads\/2025\/03\/PHOTO-2025-03-31-16-54-06-e1743462005150.jpg\",\"contentUrl\":\"https:\/\/www.nexoinformativo.mx\/wp-content\/uploads\/2025\/03\/PHOTO-2025-03-31-16-54-06-e1743462005150.jpg\",\"width\":800,\"height\":533},{\"@type\":\"BreadcrumbList\",\"@id\":\"https:\/\/www.nexoinformativo.mx\/index.php\/2025\/03\/31\/queretaro-impulsa-su-industria-en-alemania-presente-en-la-feria-mundial-hannover-messe-2025\/#breadcrumb\",\"itemListElement\":[{\"@type\":\"ListItem\",\"position\":1,\"name\":\"Inicio\",\"item\":\"https:\/\/www.nexoinformativo.mx\/\"},{\"@type\":\"ListItem\",\"position\":2,\"name\":\"Quer\u00e9taro impulsa su industria en Alemania presente en la Feria Mundial Hannover Messe 2025\"}]},{\"@type\":\"WebSite\",\"@id\":\"https:\/\/www.nexoinformativo.mx\/#website\",\"url\":\"https:\/\/www.nexoinformativo.mx\/\",\"name\":\"Nexo Informativo Santiago de Quer\u00e9taro\",\"description\":\"Explora NexoInformativo y convi\u00e9rtete en parte de una comunidad que valora el conocimiento y la verdad. Tu nexoinformativo es tu puente hacia una comprensi\u00f3n m\u00e1s profunda del mundo que te rodea.\",\"publisher\":{\"@id\":\"https:\/\/www.nexoinformativo.mx\/#organization\"},\"potentialAction\":[{\"@type\":\"SearchAction\",\"target\":{\"@type\":\"EntryPoint\",\"urlTemplate\":\"https:\/\/www.nexoinformativo.mx\/?s={search_term_string}\"},\"query-input\":{\"@type\":\"PropertyValueSpecification\",\"valueRequired\":true,\"valueName\":\"search_term_string\"}}],\"inLanguage\":\"es\"},{\"@type\":\"Organization\",\"@id\":\"https:\/\/www.nexoinformativo.mx\/#organization\",\"name\":\"Nexo Informativo Santiago de Quer\u00e9taro\",\"url\":\"https:\/\/www.nexoinformativo.mx\/\",\"logo\":{\"@type\":\"ImageObject\",\"inLanguage\":\"es\",\"@id\":\"https:\/\/www.nexoinformativo.mx\/#\/schema\/logo\/image\/\",\"url\":\"https:\/\/www.nexoinformativo.mx\/wp-content\/uploads\/2024\/07\/nexoi-trasparente-2.png\",\"contentUrl\":\"https:\/\/www.nexoinformativo.mx\/wp-content\/uploads\/2024\/07\/nexoi-trasparente-2.png\",\"width\":816,\"height\":339,\"caption\":\"Nexo Informativo Santiago de Quer\u00e9taro\"},\"image\":{\"@id\":\"https:\/\/www.nexoinformativo.mx\/#\/schema\/logo\/image\/\"},\"sameAs\":[\"https:\/\/www.facebook.com\/people\/Nexo-Informativo\/61564066885511\/\"]},{\"@type\":\"Person\",\"@id\":\"https:\/\/www.nexoinformativo.mx\/#\/schema\/person\/7749d380ba08c8ca00d7bc76fd907b7d\",\"name\":\"Nexo Informativo\",\"image\":{\"@type\":\"ImageObject\",\"inLanguage\":\"es\",\"@id\":\"https:\/\/www.nexoinformativo.mx\/#\/schema\/person\/image\/\",\"url\":\"https:\/\/secure.gravatar.com\/avatar\/dde2928154642a13d95f87ddf1ea9718fe2b46760a005c53e41ff5ad610704e6?s=96&d=mm&r=g\",\"contentUrl\":\"https:\/\/secure.gravatar.com\/avatar\/dde2928154642a13d95f87ddf1ea9718fe2b46760a005c53e41ff5ad610704e6?s=96&d=mm&r=g\",\"caption\":\"Nexo Informativo\"},\"url\":\"https:\/\/www.nexoinformativo.mx\/index.php\/author\/edicion\/\"}]}<\/script>\n<!-- \/ Yoast SEO plugin. -->","yoast_head_json":{"title":"Quer\u00e9taro impulsa su industria en Alemania presente en la Feria Mundial Hannover Messe 2025 | Nexo Informativo Santiago de Quer\u00e9taro","description":"Quer\u00e9taro impulsa su industria en Alemania presente en la Feria Mundial Hannover Messe 2025","robots":{"index":"index","follow":"follow","max-snippet":"max-snippet:-1","max-image-preview":"max-image-preview:large","max-video-preview":"max-video-preview:-1"},"canonical":"https:\/\/www.nexoinformativo.mx\/index.php\/2025\/03\/31\/queretaro-impulsa-su-industria-en-alemania-presente-en-la-feria-mundial-hannover-messe-2025\/","og_locale":"es_MX","og_type":"article","og_title":"Quer\u00e9taro impulsa su industria en Alemania presente en la Feria Mundial Hannover Messe 2025 | Nexo Informativo Santiago de Quer\u00e9taro","og_description":"Quer\u00e9taro impulsa su industria en Alemania presente en la Feria Mundial Hannover Messe 2025","og_url":"https:\/\/www.nexoinformativo.mx\/index.php\/2025\/03\/31\/queretaro-impulsa-su-industria-en-alemania-presente-en-la-feria-mundial-hannover-messe-2025\/","og_site_name":"Nexo Informativo Santiago de Quer\u00e9taro","article_publisher":"https:\/\/www.facebook.com\/people\/Nexo-Informativo\/61564066885511\/","article_published_time":"2025-03-31T22:00:31+00:00","article_modified_time":"2025-03-31T23:02:22+00:00","og_image":[{"width":800,"height":533,"url":"https:\/\/www.nexoinformativo.mx\/wp-content\/uploads\/2025\/03\/PHOTO-2025-03-31-16-54-06-e1743462005150.jpg","type":"image\/jpeg"}],"author":"Nexo Informativo","twitter_card":"summary_large_image","twitter_misc":{"Escrito por":"Nexo Informativo","Tiempo de lectura":"2 minutos"},"schema":{"@context":"https:\/\/schema.org","@graph":[{"@type":"Article","@id":"https:\/\/www.nexoinformativo.mx\/index.php\/2025\/03\/31\/queretaro-impulsa-su-industria-en-alemania-presente-en-la-feria-mundial-hannover-messe-2025\/#article","isPartOf":{"@id":"https:\/\/www.nexoinformativo.mx\/index.php\/2025\/03\/31\/queretaro-impulsa-su-industria-en-alemania-presente-en-la-feria-mundial-hannover-messe-2025\/"},"author":{"name":"Nexo Informativo","@id":"https:\/\/www.nexoinformativo.mx\/#\/schema\/person\/7749d380ba08c8ca00d7bc76fd907b7d"},"headline":"Quer\u00e9taro impulsa su industria en Alemania presente en la Feria Mundial Hannover Messe 2025","datePublished":"2025-03-31T22:00:31+00:00","dateModified":"2025-03-31T23:02:22+00:00","mainEntityOfPage":{"@id":"https:\/\/www.nexoinformativo.mx\/index.php\/2025\/03\/31\/queretaro-impulsa-su-industria-en-alemania-presente-en-la-feria-mundial-hannover-messe-2025\/"},"wordCount":254,"commentCount":0,"publisher":{"@id":"https:\/\/www.nexoinformativo.mx\/#organization"},"image":{"@id":"https:\/\/www.nexoinformativo.mx\/index.php\/2025\/03\/31\/queretaro-impulsa-su-industria-en-alemania-presente-en-la-feria-mundial-hannover-messe-2025\/#primaryimage"},"thumbnailUrl":"https:\/\/www.nexoinformativo.mx\/wp-content\/uploads\/2025\/03\/PHOTO-2025-03-31-16-54-06-e1743462005150.jpg","keywords":["HannoverMesse","M\u00e9xicoAlemania","Quer\u00e9taroIndustrial","SEDESU"],"articleSection":["Econom\u00eda","Estado","\u00daltima Hora"],"inLanguage":"es","potentialAction":[{"@type":"CommentAction","name":"Comment","target":["https:\/\/www.nexoinformativo.mx\/index.php\/2025\/03\/31\/queretaro-impulsa-su-industria-en-alemania-presente-en-la-feria-mundial-hannover-messe-2025\/#respond"]}]},{"@type":"WebPage","@id":"https:\/\/www.nexoinformativo.mx\/index.php\/2025\/03\/31\/queretaro-impulsa-su-industria-en-alemania-presente-en-la-feria-mundial-hannover-messe-2025\/","url":"https:\/\/www.nexoinformativo.mx\/index.php\/2025\/03\/31\/queretaro-impulsa-su-industria-en-alemania-presente-en-la-feria-mundial-hannover-messe-2025\/","name":"Quer\u00e9taro impulsa su industria en Alemania presente en la Feria Mundial Hannover Messe 2025 | Nexo Informativo Santiago de Quer\u00e9taro","isPartOf":{"@id":"https:\/\/www.nexoinformativo.mx\/#website"},"primaryImageOfPage":{"@id":"https:\/\/www.nexoinformativo.mx\/index.php\/2025\/03\/31\/queretaro-impulsa-su-industria-en-alemania-presente-en-la-feria-mundial-hannover-messe-2025\/#primaryimage"},"image":{"@id":"https:\/\/www.nexoinformativo.mx\/index.php\/2025\/03\/31\/queretaro-impulsa-su-industria-en-alemania-presente-en-la-feria-mundial-hannover-messe-2025\/#primaryimage"},"thumbnailUrl":"https:\/\/www.nexoinformativo.mx\/wp-content\/uploads\/2025\/03\/PHOTO-2025-03-31-16-54-06-e1743462005150.jpg","datePublished":"2025-03-31T22:00:31+00:00","dateModified":"2025-03-31T23:02:22+00:00","description":"Quer\u00e9taro impulsa su industria en Alemania presente en la Feria Mundial Hannover Messe 2025","breadcrumb":{"@id":"https:\/\/www.nexoinformativo.mx\/index.php\/2025\/03\/31\/queretaro-impulsa-su-industria-en-alemania-presente-en-la-feria-mundial-hannover-messe-2025\/#breadcrumb"},"inLanguage":"es","potentialAction":[{"@type":"ReadAction","target":["https:\/\/www.nexoinformativo.mx\/index.php\/2025\/03\/31\/queretaro-impulsa-su-industria-en-alemania-presente-en-la-feria-mundial-hannover-messe-2025\/"]}]},{"@type":"ImageObject","inLanguage":"es","@id":"https:\/\/www.nexoinformativo.mx\/index.php\/2025\/03\/31\/queretaro-impulsa-su-industria-en-alemania-presente-en-la-feria-mundial-hannover-messe-2025\/#primaryimage","url":"https:\/\/www.nexoinformativo.mx\/wp-content\/uploads\/2025\/03\/PHOTO-2025-03-31-16-54-06-e1743462005150.jpg","contentUrl":"https:\/\/www.nexoinformativo.mx\/wp-content\/uploads\/2025\/03\/PHOTO-2025-03-31-16-54-06-e1743462005150.jpg","width":800,"height":533},{"@type":"BreadcrumbList","@id":"https:\/\/www.nexoinformativo.mx\/index.php\/2025\/03\/31\/queretaro-impulsa-su-industria-en-alemania-presente-en-la-feria-mundial-hannover-messe-2025\/#breadcrumb","itemListElement":[{"@type":"ListItem","position":1,"name":"Inicio","item":"https:\/\/www.nexoinformativo.mx\/"},{"@type":"ListItem","position":2,"name":"Quer\u00e9taro impulsa su industria en Alemania presente en la Feria Mundial Hannover Messe 2025"}]},{"@type":"WebSite","@id":"https:\/\/www.nexoinformativo.mx\/#website","url":"https:\/\/www.nexoinformativo.mx\/","name":"Nexo Informativo Santiago de Quer\u00e9taro","description":"Explora NexoInformativo y convi\u00e9rtete en parte de una comunidad que valora el conocimiento y la verdad. Tu nexoinformativo es tu puente hacia una comprensi\u00f3n m\u00e1s profunda del mundo que te rodea.","publisher":{"@id":"https:\/\/www.nexoinformativo.mx\/#organization"},"potentialAction":[{"@type":"SearchAction","target":{"@type":"EntryPoint","urlTemplate":"https:\/\/www.nexoinformativo.mx\/?s={search_term_string}"},"query-input":{"@type":"PropertyValueSpecification","valueRequired":true,"valueName":"search_term_string"}}],"inLanguage":"es"},{"@type":"Organization","@id":"https:\/\/www.nexoinformativo.mx\/#organization","name":"Nexo Informativo Santiago de Quer\u00e9taro","url":"https:\/\/www.nexoinformativo.mx\/","logo":{"@type":"ImageObject","inLanguage":"es","@id":"https:\/\/www.nexoinformativo.mx\/#\/schema\/logo\/image\/","url":"https:\/\/www.nexoinformativo.mx\/wp-content\/uploads\/2024\/07\/nexoi-trasparente-2.png","contentUrl":"https:\/\/www.nexoinformativo.mx\/wp-content\/uploads\/2024\/07\/nexoi-trasparente-2.png","width":816,"height":339,"caption":"Nexo Informativo Santiago de Quer\u00e9taro"},"image":{"@id":"https:\/\/www.nexoinformativo.mx\/#\/schema\/logo\/image\/"},"sameAs":["https:\/\/www.facebook.com\/people\/Nexo-Informativo\/61564066885511\/"]},{"@type":"Person","@id":"https:\/\/www.nexoinformativo.mx\/#\/schema\/person\/7749d380ba08c8ca00d7bc76fd907b7d","name":"Nexo Informativo","image":{"@type":"ImageObject","inLanguage":"es","@id":"https:\/\/www.nexoinformativo.mx\/#\/schema\/person\/image\/","url":"https:\/\/secure.gravatar.com\/avatar\/dde2928154642a13d95f87ddf1ea9718fe2b46760a005c53e41ff5ad610704e6?s=96&d=mm&r=g","contentUrl":"https:\/\/secure.gravatar.com\/avatar\/dde2928154642a13d95f87ddf1ea9718fe2b46760a005c53e41ff5ad610704e6?s=96&d=mm&r=g","caption":"Nexo Informativo"},"url":"https:\/\/www.nexoinformativo.mx\/index.php\/author\/edicion\/"}]}},"_links":{"self":[{"href":"https:\/\/www.nexoinformativo.mx\/index.php\/wp-json\/wp\/v2\/posts\/13515","targetHints":{"allow":["GET"]}}],"collection":[{"href":"https:\/\/www.nexoinformativo.mx\/index.php\/wp-json\/wp\/v2\/posts"}],"about":[{"href":"https:\/\/www.nexoinformativo.mx\/index.php\/wp-json\/wp\/v2\/types\/post"}],"author":[{"embeddable":true,"href":"https:\/\/www.nexoinformativo.mx\/index.php\/wp-json\/wp\/v2\/users\/3"}],"replies":[{"embeddable":true,"href":"https:\/\/www.nexoinformativo.mx\/index.php\/wp-json\/wp\/v2\/comments?post=13515"}],"version-history":[{"count":3,"href":"https:\/\/www.nexoinformativo.mx\/index.php\/wp-json\/wp\/v2\/posts\/13515\/revisions"}],"predecessor-version":[{"id":13518,"href":"https:\/\/www.nexoinformativo.mx\/index.php\/wp-json\/wp\/v2\/posts\/13515\/revisions\/13518"}],"wp:featuredmedia":[{"embeddable":true,"href":"https:\/\/www.nexoinformativo.mx\/index.php\/wp-json\/wp\/v2\/media\/13516"}],"wp:attachment":[{"href":"https:\/\/www.nexoinformativo.mx\/index.php\/wp-json\/wp\/v2\/media?parent=13515"}],"wp:term":[{"taxonomy":"category","embeddable":true,"href":"https:\/\/www.nexoinformativo.mx\/index.php\/wp-json\/wp\/v2\/categories?post=13515"},{"taxonomy":"post_tag","embeddable":true,"href":"https:\/\/www.nexoinformativo.mx\/index.php\/wp-json\/wp\/v2\/tags?post=13515"}],"curies":[{"name":"wp","href":"https:\/\/api.w.org\/{rel}","templated":true}]}}