{"id":13526,"date":"2025-04-01T07:00:44","date_gmt":"2025-04-01T13:00:44","guid":{"rendered":"https:\/\/www.nexoinformativo.mx\/?p=13526"},"modified":"2025-04-01T10:40:53","modified_gmt":"2025-04-01T16:40:53","slug":"pesca-responsable-agricultura-anuncia-vedas-para-proteger-especies-marinas-y-de-agua-dulce","status":"publish","type":"post","link":"https:\/\/www.nexoinformativo.mx\/index.php\/2025\/04\/01\/pesca-responsable-agricultura-anuncia-vedas-para-proteger-especies-marinas-y-de-agua-dulce\/","title":{"rendered":"Pesca responsable AGRICULTURA anuncia vedas para proteger especies marinas y de agua dulce"},"content":{"rendered":"<p style=\"text-align: justify;\" data-sourcepos=\"13:1-13:341\"><strong>La Secretar\u00eda de Agricultura y Desarrollo Rural<\/strong> (AGRICULTURA), a trav\u00e9s de la <strong>Comisi\u00f3n Nacional de Acuacultura y Pesca<\/strong> (Conapesca), ha anunciado los periodos de veda y aprovechamiento comercial de diversas especies marinas y dulceacu\u00edcolas que iniciar\u00e1n a partir de abril en 15 estados de la Rep\u00fablica Mexicana.<\/p>\n<\/p>\n<p>&nbsp;<\/p>\n<p style=\"text-align: justify;\" data-sourcepos=\"15:1-15:237\">Estas medidas, basadas en la opini\u00f3n t\u00e9cnica del Instituto Mexicano de Investigaci\u00f3n en Pesca y Acuacultura Sustentables (IMIPAS), buscan promover la pesca responsable y sostenible, garantizando la conservaci\u00f3n de los recursos acu\u00e1ticos.<\/p>\n<\/p>\n<p>&nbsp;<\/p>\n<p style=\"text-align: justify;\" data-sourcepos=\"17:1-17:300\">Entre las vedas que inician en abril, destacan la prohibici\u00f3n de extracci\u00f3n de callo de hacha en Baja California, la veda de liseta en aguas litorales de Baja California, Baja California Sur, Sonora, Sinaloa, Nayarit y Jalisco, y la suspensi\u00f3n de captura de peces en la Laguna de Yuriria, Guanajuato.<\/p>\n<\/p>\n<p>&nbsp;<\/p>\n<p style=\"text-align: justify;\" data-sourcepos=\"19:1-19:222\">Por otro lado, se establecen periodos de aprovechamiento para especies como la almeja catarina en Baja California y Baja California Sur, el pescado blanco en el lago de Chapala y el mero en el Golfo de M\u00e9xico y Mar Caribe.<\/p>\n<\/p>\n<p>&nbsp;<\/p>\n<p style=\"text-align: justify;\" data-sourcepos=\"21:1-21:147\">La inspecci\u00f3n y vigilancia del cumplimiento de estas medidas estar\u00e1 a cargo de AGRICULTURA, a trav\u00e9s de la Conapesca, y de la Secretar\u00eda de Marina.<\/p>\n<\/p>\n<p>&nbsp;<\/p>\n<p style=\"text-align: center;\" data-sourcepos=\"21:1-21:147\"><strong><em>\u00a1Informaci\u00f3n que transforma!<\/em><\/strong><\/p>\n","protected":false},"excerpt":{"rendered":"<p>La Secretar\u00eda de Agricultura y Desarrollo Rural (AGRICULTURA), a trav\u00e9s de la Comisi\u00f3n Nacional de Acuacultura y Pesca (Conapesca), ha anunciado los periodos de veda y aprovechamiento comercial de diversas especies marinas y dulceacu\u00edcolas que iniciar\u00e1n a partir de abril en 15 estados de la Rep\u00fablica Mexicana.<\/p>\n","protected":false},"author":3,"featured_media":13527,"comment_status":"open","ping_status":"open","sticky":false,"template":"","format":"standard","meta":{"footnotes":""},"categories":[88,58],"tags":[1204,2259,3952,3953],"class_list":["post-13526","post","type-post","status-publish","format-standard","has-post-thumbnail","hentry","category-nacional","category-ultima-hora","tag-agricultura","tag-conapesca","tag-pescaresponsable","tag-vedaspesca"],"yoast_head":"<!-- This site is optimized with the Yoast SEO plugin v25.0 - https:\/\/yoast.com\/wordpress\/plugins\/seo\/ -->\n<title>Pesca responsable AGRICULTURA anuncia vedas para proteger especies marinas y de agua dulce | Nexo Informativo Santiago de Quer\u00e9taro<\/title>\n<meta name=\"description\" content=\"Pesca responsable AGRICULTURA anuncia vedas para proteger especies marinas y de agua dulce\" \/>\n<meta name=\"robots\" content=\"index, follow, max-snippet:-1, max-image-preview:large, max-video-preview:-1\" \/>\n<link rel=\"canonical\" href=\"https:\/\/www.nexoinformativo.mx\/index.php\/2025\/04\/01\/pesca-responsable-agricultura-anuncia-vedas-para-proteger-especies-marinas-y-de-agua-dulce\/\" \/>\n<meta property=\"og:locale\" content=\"es_MX\" \/>\n<meta property=\"og:type\" content=\"article\" \/>\n<meta property=\"og:title\" content=\"Pesca responsable AGRICULTURA anuncia vedas para proteger especies marinas y de agua dulce | Nexo Informativo Santiago de Quer\u00e9taro\" \/>\n<meta property=\"og:description\" content=\"Pesca responsable AGRICULTURA anuncia vedas para proteger especies marinas y de agua dulce\" \/>\n<meta property=\"og:url\" content=\"https:\/\/www.nexoinformativo.mx\/index.php\/2025\/04\/01\/pesca-responsable-agricultura-anuncia-vedas-para-proteger-especies-marinas-y-de-agua-dulce\/\" \/>\n<meta property=\"og:site_name\" content=\"Nexo Informativo Santiago de Quer\u00e9taro\" \/>\n<meta property=\"article:publisher\" content=\"https:\/\/www.facebook.com\/people\/Nexo-Informativo\/61564066885511\/\" \/>\n<meta property=\"article:published_time\" content=\"2025-04-01T13:00:44+00:00\" \/>\n<meta property=\"article:modified_time\" content=\"2025-04-01T16:40:53+00:00\" \/>\n<meta property=\"og:image\" content=\"https:\/\/www.nexoinformativo.mx\/wp-content\/uploads\/2025\/04\/IMG_2044-e1743525608849.jpg\" \/>\n\t<meta property=\"og:image:width\" content=\"647\" \/>\n\t<meta property=\"og:image:height\" content=\"380\" \/>\n\t<meta property=\"og:image:type\" content=\"image\/jpeg\" \/>\n<meta name=\"author\" content=\"Nexo Informativo\" \/>\n<meta name=\"twitter:card\" content=\"summary_large_image\" \/>\n<meta name=\"twitter:label1\" content=\"Escrito por\" \/>\n\t<meta name=\"twitter:data1\" content=\"Nexo Informativo\" \/>\n\t<meta name=\"twitter:label2\" content=\"Tiempo de lectura\" \/>\n\t<meta name=\"twitter:data2\" content=\"2 minutos\" \/>\n<script type=\"application\/ld+json\" class=\"yoast-schema-graph\">{\"@context\":\"https:\/\/schema.org\",\"@graph\":[{\"@type\":\"Article\",\"@id\":\"https:\/\/www.nexoinformativo.mx\/index.php\/2025\/04\/01\/pesca-responsable-agricultura-anuncia-vedas-para-proteger-especies-marinas-y-de-agua-dulce\/#article\",\"isPartOf\":{\"@id\":\"https:\/\/www.nexoinformativo.mx\/index.php\/2025\/04\/01\/pesca-responsable-agricultura-anuncia-vedas-para-proteger-especies-marinas-y-de-agua-dulce\/\"},\"author\":{\"name\":\"Nexo Informativo\",\"@id\":\"https:\/\/www.nexoinformativo.mx\/#\/schema\/person\/7749d380ba08c8ca00d7bc76fd907b7d\"},\"headline\":\"Pesca responsable AGRICULTURA anuncia vedas para proteger especies marinas y de agua dulce\",\"datePublished\":\"2025-04-01T13:00:44+00:00\",\"dateModified\":\"2025-04-01T16:40:53+00:00\",\"mainEntityOfPage\":{\"@id\":\"https:\/\/www.nexoinformativo.mx\/index.php\/2025\/04\/01\/pesca-responsable-agricultura-anuncia-vedas-para-proteger-especies-marinas-y-de-agua-dulce\/\"},\"wordCount\":233,\"commentCount\":0,\"publisher\":{\"@id\":\"https:\/\/www.nexoinformativo.mx\/#organization\"},\"image\":{\"@id\":\"https:\/\/www.nexoinformativo.mx\/index.php\/2025\/04\/01\/pesca-responsable-agricultura-anuncia-vedas-para-proteger-especies-marinas-y-de-agua-dulce\/#primaryimage\"},\"thumbnailUrl\":\"https:\/\/www.nexoinformativo.mx\/wp-content\/uploads\/2025\/04\/IMG_2044-e1743525608849.jpg\",\"keywords\":[\"Agricultura\",\"Conapesca\",\"PescaResponsable\",\"VedasPesca\"],\"articleSection\":[\"Nacional\",\"\u00daltima Hora\"],\"inLanguage\":\"es\",\"potentialAction\":[{\"@type\":\"CommentAction\",\"name\":\"Comment\",\"target\":[\"https:\/\/www.nexoinformativo.mx\/index.php\/2025\/04\/01\/pesca-responsable-agricultura-anuncia-vedas-para-proteger-especies-marinas-y-de-agua-dulce\/#respond\"]}]},{\"@type\":\"WebPage\",\"@id\":\"https:\/\/www.nexoinformativo.mx\/index.php\/2025\/04\/01\/pesca-responsable-agricultura-anuncia-vedas-para-proteger-especies-marinas-y-de-agua-dulce\/\",\"url\":\"https:\/\/www.nexoinformativo.mx\/index.php\/2025\/04\/01\/pesca-responsable-agricultura-anuncia-vedas-para-proteger-especies-marinas-y-de-agua-dulce\/\",\"name\":\"Pesca responsable AGRICULTURA anuncia vedas para proteger especies marinas y de agua dulce | Nexo Informativo Santiago de Quer\u00e9taro\",\"isPartOf\":{\"@id\":\"https:\/\/www.nexoinformativo.mx\/#website\"},\"primaryImageOfPage\":{\"@id\":\"https:\/\/www.nexoinformativo.mx\/index.php\/2025\/04\/01\/pesca-responsable-agricultura-anuncia-vedas-para-proteger-especies-marinas-y-de-agua-dulce\/#primaryimage\"},\"image\":{\"@id\":\"https:\/\/www.nexoinformativo.mx\/index.php\/2025\/04\/01\/pesca-responsable-agricultura-anuncia-vedas-para-proteger-especies-marinas-y-de-agua-dulce\/#primaryimage\"},\"thumbnailUrl\":\"https:\/\/www.nexoinformativo.mx\/wp-content\/uploads\/2025\/04\/IMG_2044-e1743525608849.jpg\",\"datePublished\":\"2025-04-01T13:00:44+00:00\",\"dateModified\":\"2025-04-01T16:40:53+00:00\",\"description\":\"Pesca responsable AGRICULTURA anuncia vedas para proteger especies marinas y de agua dulce\",\"breadcrumb\":{\"@id\":\"https:\/\/www.nexoinformativo.mx\/index.php\/2025\/04\/01\/pesca-responsable-agricultura-anuncia-vedas-para-proteger-especies-marinas-y-de-agua-dulce\/#breadcrumb\"},\"inLanguage\":\"es\",\"potentialAction\":[{\"@type\":\"ReadAction\",\"target\":[\"https:\/\/www.nexoinformativo.mx\/index.php\/2025\/04\/01\/pesca-responsable-agricultura-anuncia-vedas-para-proteger-especies-marinas-y-de-agua-dulce\/\"]}]},{\"@type\":\"ImageObject\",\"inLanguage\":\"es\",\"@id\":\"https:\/\/www.nexoinformativo.mx\/index.php\/2025\/04\/01\/pesca-responsable-agricultura-anuncia-vedas-para-proteger-especies-marinas-y-de-agua-dulce\/#primaryimage\",\"url\":\"https:\/\/www.nexoinformativo.mx\/wp-content\/uploads\/2025\/04\/IMG_2044-e1743525608849.jpg\",\"contentUrl\":\"https:\/\/www.nexoinformativo.mx\/wp-content\/uploads\/2025\/04\/IMG_2044-e1743525608849.jpg\",\"width\":647,\"height\":380},{\"@type\":\"BreadcrumbList\",\"@id\":\"https:\/\/www.nexoinformativo.mx\/index.php\/2025\/04\/01\/pesca-responsable-agricultura-anuncia-vedas-para-proteger-especies-marinas-y-de-agua-dulce\/#breadcrumb\",\"itemListElement\":[{\"@type\":\"ListItem\",\"position\":1,\"name\":\"Inicio\",\"item\":\"https:\/\/www.nexoinformativo.mx\/\"},{\"@type\":\"ListItem\",\"position\":2,\"name\":\"Pesca responsable AGRICULTURA anuncia vedas para proteger especies marinas y de agua dulce\"}]},{\"@type\":\"WebSite\",\"@id\":\"https:\/\/www.nexoinformativo.mx\/#website\",\"url\":\"https:\/\/www.nexoinformativo.mx\/\",\"name\":\"Nexo Informativo Santiago de Quer\u00e9taro\",\"description\":\"Explora NexoInformativo y convi\u00e9rtete en parte de una comunidad que valora el conocimiento y la verdad. Tu nexoinformativo es tu puente hacia una comprensi\u00f3n m\u00e1s profunda del mundo que te rodea.\",\"publisher\":{\"@id\":\"https:\/\/www.nexoinformativo.mx\/#organization\"},\"potentialAction\":[{\"@type\":\"SearchAction\",\"target\":{\"@type\":\"EntryPoint\",\"urlTemplate\":\"https:\/\/www.nexoinformativo.mx\/?s={search_term_string}\"},\"query-input\":{\"@type\":\"PropertyValueSpecification\",\"valueRequired\":true,\"valueName\":\"search_term_string\"}}],\"inLanguage\":\"es\"},{\"@type\":\"Organization\",\"@id\":\"https:\/\/www.nexoinformativo.mx\/#organization\",\"name\":\"Nexo Informativo Santiago de Quer\u00e9taro\",\"url\":\"https:\/\/www.nexoinformativo.mx\/\",\"logo\":{\"@type\":\"ImageObject\",\"inLanguage\":\"es\",\"@id\":\"https:\/\/www.nexoinformativo.mx\/#\/schema\/logo\/image\/\",\"url\":\"https:\/\/www.nexoinformativo.mx\/wp-content\/uploads\/2024\/07\/nexoi-trasparente-2.png\",\"contentUrl\":\"https:\/\/www.nexoinformativo.mx\/wp-content\/uploads\/2024\/07\/nexoi-trasparente-2.png\",\"width\":816,\"height\":339,\"caption\":\"Nexo Informativo Santiago de Quer\u00e9taro\"},\"image\":{\"@id\":\"https:\/\/www.nexoinformativo.mx\/#\/schema\/logo\/image\/\"},\"sameAs\":[\"https:\/\/www.facebook.com\/people\/Nexo-Informativo\/61564066885511\/\"]},{\"@type\":\"Person\",\"@id\":\"https:\/\/www.nexoinformativo.mx\/#\/schema\/person\/7749d380ba08c8ca00d7bc76fd907b7d\",\"name\":\"Nexo Informativo\",\"image\":{\"@type\":\"ImageObject\",\"inLanguage\":\"es\",\"@id\":\"https:\/\/www.nexoinformativo.mx\/#\/schema\/person\/image\/\",\"url\":\"https:\/\/secure.gravatar.com\/avatar\/dde2928154642a13d95f87ddf1ea9718fe2b46760a005c53e41ff5ad610704e6?s=96&d=mm&r=g\",\"contentUrl\":\"https:\/\/secure.gravatar.com\/avatar\/dde2928154642a13d95f87ddf1ea9718fe2b46760a005c53e41ff5ad610704e6?s=96&d=mm&r=g\",\"caption\":\"Nexo Informativo\"},\"url\":\"https:\/\/www.nexoinformativo.mx\/index.php\/author\/edicion\/\"}]}<\/script>\n<!-- \/ Yoast SEO plugin. -->","yoast_head_json":{"title":"Pesca responsable AGRICULTURA anuncia vedas para proteger especies marinas y de agua dulce | Nexo Informativo Santiago de Quer\u00e9taro","description":"Pesca responsable AGRICULTURA anuncia vedas para proteger especies marinas y de agua dulce","robots":{"index":"index","follow":"follow","max-snippet":"max-snippet:-1","max-image-preview":"max-image-preview:large","max-video-preview":"max-video-preview:-1"},"canonical":"https:\/\/www.nexoinformativo.mx\/index.php\/2025\/04\/01\/pesca-responsable-agricultura-anuncia-vedas-para-proteger-especies-marinas-y-de-agua-dulce\/","og_locale":"es_MX","og_type":"article","og_title":"Pesca responsable AGRICULTURA anuncia vedas para proteger especies marinas y de agua dulce | Nexo Informativo Santiago de Quer\u00e9taro","og_description":"Pesca responsable AGRICULTURA anuncia vedas para proteger especies marinas y de agua dulce","og_url":"https:\/\/www.nexoinformativo.mx\/index.php\/2025\/04\/01\/pesca-responsable-agricultura-anuncia-vedas-para-proteger-especies-marinas-y-de-agua-dulce\/","og_site_name":"Nexo Informativo Santiago de Quer\u00e9taro","article_publisher":"https:\/\/www.facebook.com\/people\/Nexo-Informativo\/61564066885511\/","article_published_time":"2025-04-01T13:00:44+00:00","article_modified_time":"2025-04-01T16:40:53+00:00","og_image":[{"width":647,"height":380,"url":"https:\/\/www.nexoinformativo.mx\/wp-content\/uploads\/2025\/04\/IMG_2044-e1743525608849.jpg","type":"image\/jpeg"}],"author":"Nexo Informativo","twitter_card":"summary_large_image","twitter_misc":{"Escrito por":"Nexo Informativo","Tiempo de lectura":"2 minutos"},"schema":{"@context":"https:\/\/schema.org","@graph":[{"@type":"Article","@id":"https:\/\/www.nexoinformativo.mx\/index.php\/2025\/04\/01\/pesca-responsable-agricultura-anuncia-vedas-para-proteger-especies-marinas-y-de-agua-dulce\/#article","isPartOf":{"@id":"https:\/\/www.nexoinformativo.mx\/index.php\/2025\/04\/01\/pesca-responsable-agricultura-anuncia-vedas-para-proteger-especies-marinas-y-de-agua-dulce\/"},"author":{"name":"Nexo Informativo","@id":"https:\/\/www.nexoinformativo.mx\/#\/schema\/person\/7749d380ba08c8ca00d7bc76fd907b7d"},"headline":"Pesca responsable AGRICULTURA anuncia vedas para proteger especies marinas y de agua dulce","datePublished":"2025-04-01T13:00:44+00:00","dateModified":"2025-04-01T16:40:53+00:00","mainEntityOfPage":{"@id":"https:\/\/www.nexoinformativo.mx\/index.php\/2025\/04\/01\/pesca-responsable-agricultura-anuncia-vedas-para-proteger-especies-marinas-y-de-agua-dulce\/"},"wordCount":233,"commentCount":0,"publisher":{"@id":"https:\/\/www.nexoinformativo.mx\/#organization"},"image":{"@id":"https:\/\/www.nexoinformativo.mx\/index.php\/2025\/04\/01\/pesca-responsable-agricultura-anuncia-vedas-para-proteger-especies-marinas-y-de-agua-dulce\/#primaryimage"},"thumbnailUrl":"https:\/\/www.nexoinformativo.mx\/wp-content\/uploads\/2025\/04\/IMG_2044-e1743525608849.jpg","keywords":["Agricultura","Conapesca","PescaResponsable","VedasPesca"],"articleSection":["Nacional","\u00daltima Hora"],"inLanguage":"es","potentialAction":[{"@type":"CommentAction","name":"Comment","target":["https:\/\/www.nexoinformativo.mx\/index.php\/2025\/04\/01\/pesca-responsable-agricultura-anuncia-vedas-para-proteger-especies-marinas-y-de-agua-dulce\/#respond"]}]},{"@type":"WebPage","@id":"https:\/\/www.nexoinformativo.mx\/index.php\/2025\/04\/01\/pesca-responsable-agricultura-anuncia-vedas-para-proteger-especies-marinas-y-de-agua-dulce\/","url":"https:\/\/www.nexoinformativo.mx\/index.php\/2025\/04\/01\/pesca-responsable-agricultura-anuncia-vedas-para-proteger-especies-marinas-y-de-agua-dulce\/","name":"Pesca responsable AGRICULTURA anuncia vedas para proteger especies marinas y de agua dulce | Nexo Informativo Santiago de Quer\u00e9taro","isPartOf":{"@id":"https:\/\/www.nexoinformativo.mx\/#website"},"primaryImageOfPage":{"@id":"https:\/\/www.nexoinformativo.mx\/index.php\/2025\/04\/01\/pesca-responsable-agricultura-anuncia-vedas-para-proteger-especies-marinas-y-de-agua-dulce\/#primaryimage"},"image":{"@id":"https:\/\/www.nexoinformativo.mx\/index.php\/2025\/04\/01\/pesca-responsable-agricultura-anuncia-vedas-para-proteger-especies-marinas-y-de-agua-dulce\/#primaryimage"},"thumbnailUrl":"https:\/\/www.nexoinformativo.mx\/wp-content\/uploads\/2025\/04\/IMG_2044-e1743525608849.jpg","datePublished":"2025-04-01T13:00:44+00:00","dateModified":"2025-04-01T16:40:53+00:00","description":"Pesca responsable AGRICULTURA anuncia vedas para proteger especies marinas y de agua dulce","breadcrumb":{"@id":"https:\/\/www.nexoinformativo.mx\/index.php\/2025\/04\/01\/pesca-responsable-agricultura-anuncia-vedas-para-proteger-especies-marinas-y-de-agua-dulce\/#breadcrumb"},"inLanguage":"es","potentialAction":[{"@type":"ReadAction","target":["https:\/\/www.nexoinformativo.mx\/index.php\/2025\/04\/01\/pesca-responsable-agricultura-anuncia-vedas-para-proteger-especies-marinas-y-de-agua-dulce\/"]}]},{"@type":"ImageObject","inLanguage":"es","@id":"https:\/\/www.nexoinformativo.mx\/index.php\/2025\/04\/01\/pesca-responsable-agricultura-anuncia-vedas-para-proteger-especies-marinas-y-de-agua-dulce\/#primaryimage","url":"https:\/\/www.nexoinformativo.mx\/wp-content\/uploads\/2025\/04\/IMG_2044-e1743525608849.jpg","contentUrl":"https:\/\/www.nexoinformativo.mx\/wp-content\/uploads\/2025\/04\/IMG_2044-e1743525608849.jpg","width":647,"height":380},{"@type":"BreadcrumbList","@id":"https:\/\/www.nexoinformativo.mx\/index.php\/2025\/04\/01\/pesca-responsable-agricultura-anuncia-vedas-para-proteger-especies-marinas-y-de-agua-dulce\/#breadcrumb","itemListElement":[{"@type":"ListItem","position":1,"name":"Inicio","item":"https:\/\/www.nexoinformativo.mx\/"},{"@type":"ListItem","position":2,"name":"Pesca responsable AGRICULTURA anuncia vedas para proteger especies marinas y de agua dulce"}]},{"@type":"WebSite","@id":"https:\/\/www.nexoinformativo.mx\/#website","url":"https:\/\/www.nexoinformativo.mx\/","name":"Nexo Informativo Santiago de Quer\u00e9taro","description":"Explora NexoInformativo y convi\u00e9rtete en parte de una comunidad que valora el conocimiento y la verdad. Tu nexoinformativo es tu puente hacia una comprensi\u00f3n m\u00e1s profunda del mundo que te rodea.","publisher":{"@id":"https:\/\/www.nexoinformativo.mx\/#organization"},"potentialAction":[{"@type":"SearchAction","target":{"@type":"EntryPoint","urlTemplate":"https:\/\/www.nexoinformativo.mx\/?s={search_term_string}"},"query-input":{"@type":"PropertyValueSpecification","valueRequired":true,"valueName":"search_term_string"}}],"inLanguage":"es"},{"@type":"Organization","@id":"https:\/\/www.nexoinformativo.mx\/#organization","name":"Nexo Informativo Santiago de Quer\u00e9taro","url":"https:\/\/www.nexoinformativo.mx\/","logo":{"@type":"ImageObject","inLanguage":"es","@id":"https:\/\/www.nexoinformativo.mx\/#\/schema\/logo\/image\/","url":"https:\/\/www.nexoinformativo.mx\/wp-content\/uploads\/2024\/07\/nexoi-trasparente-2.png","contentUrl":"https:\/\/www.nexoinformativo.mx\/wp-content\/uploads\/2024\/07\/nexoi-trasparente-2.png","width":816,"height":339,"caption":"Nexo Informativo Santiago de Quer\u00e9taro"},"image":{"@id":"https:\/\/www.nexoinformativo.mx\/#\/schema\/logo\/image\/"},"sameAs":["https:\/\/www.facebook.com\/people\/Nexo-Informativo\/61564066885511\/"]},{"@type":"Person","@id":"https:\/\/www.nexoinformativo.mx\/#\/schema\/person\/7749d380ba08c8ca00d7bc76fd907b7d","name":"Nexo Informativo","image":{"@type":"ImageObject","inLanguage":"es","@id":"https:\/\/www.nexoinformativo.mx\/#\/schema\/person\/image\/","url":"https:\/\/secure.gravatar.com\/avatar\/dde2928154642a13d95f87ddf1ea9718fe2b46760a005c53e41ff5ad610704e6?s=96&d=mm&r=g","contentUrl":"https:\/\/secure.gravatar.com\/avatar\/dde2928154642a13d95f87ddf1ea9718fe2b46760a005c53e41ff5ad610704e6?s=96&d=mm&r=g","caption":"Nexo Informativo"},"url":"https:\/\/www.nexoinformativo.mx\/index.php\/author\/edicion\/"}]}},"_links":{"self":[{"href":"https:\/\/www.nexoinformativo.mx\/index.php\/wp-json\/wp\/v2\/posts\/13526","targetHints":{"allow":["GET"]}}],"collection":[{"href":"https:\/\/www.nexoinformativo.mx\/index.php\/wp-json\/wp\/v2\/posts"}],"about":[{"href":"https:\/\/www.nexoinformativo.mx\/index.php\/wp-json\/wp\/v2\/types\/post"}],"author":[{"embeddable":true,"href":"https:\/\/www.nexoinformativo.mx\/index.php\/wp-json\/wp\/v2\/users\/3"}],"replies":[{"embeddable":true,"href":"https:\/\/www.nexoinformativo.mx\/index.php\/wp-json\/wp\/v2\/comments?post=13526"}],"version-history":[{"count":3,"href":"https:\/\/www.nexoinformativo.mx\/index.php\/wp-json\/wp\/v2\/posts\/13526\/revisions"}],"predecessor-version":[{"id":13530,"href":"https:\/\/www.nexoinformativo.mx\/index.php\/wp-json\/wp\/v2\/posts\/13526\/revisions\/13530"}],"wp:featuredmedia":[{"embeddable":true,"href":"https:\/\/www.nexoinformativo.mx\/index.php\/wp-json\/wp\/v2\/media\/13527"}],"wp:attachment":[{"href":"https:\/\/www.nexoinformativo.mx\/index.php\/wp-json\/wp\/v2\/media?parent=13526"}],"wp:term":[{"taxonomy":"category","embeddable":true,"href":"https:\/\/www.nexoinformativo.mx\/index.php\/wp-json\/wp\/v2\/categories?post=13526"},{"taxonomy":"post_tag","embeddable":true,"href":"https:\/\/www.nexoinformativo.mx\/index.php\/wp-json\/wp\/v2\/tags?post=13526"}],"curies":[{"name":"wp","href":"https:\/\/api.w.org\/{rel}","templated":true}]}}