{"id":1353,"date":"2024-08-30T18:30:38","date_gmt":"2024-08-31T00:30:38","guid":{"rendered":"https:\/\/www.nexoinformativo.mx\/?p=1353"},"modified":"2024-08-31T14:34:52","modified_gmt":"2024-08-31T20:34:52","slug":"regresa-el-manana-film-fest-a-queretaro-para-impulsar-el-cine-y-el-turismo","status":"publish","type":"post","link":"https:\/\/www.nexoinformativo.mx\/index.php\/2024\/08\/30\/regresa-el-manana-film-fest-a-queretaro-para-impulsar-el-cine-y-el-turismo\/","title":{"rendered":"Regresa el Ma\u00f1ana Film Fest a Quer\u00e9taro para Impulsar el Cine y el Turismo"},"content":{"rendered":"<p style=\"text-align: justify;\">La Secretar\u00eda de Turismo del estado de Quer\u00e9taro (SECTUR) ha anunciado el regreso del &#8220;Ma\u00f1ana Film Fest&#8221; a la ciudad, un evento que busca fomentar el s\u00e9ptimo arte y potenciar la oferta tur\u00edstica del estado. Mauricio Falc\u00f3n Villa, miembro de la oficina de Apoyo a Filmaciones de SECTUR, dio a conocer que la segunda edici\u00f3n del festival se llevar\u00e1 a cabo del 19 al 22 de septiembre en diversos espacios de la capital queretana.<\/p>\n<p>&nbsp;<\/p>\n<p style=\"text-align: justify;\">El festival tendr\u00e1 como sedes principales la Cineteca Rosal\u00edo Solano, Arte 7 Quer\u00e9taro, Cin\u00e9polis Antea, Centro Cultural La V\u00eda, Jard\u00edn Guerrero y La F\u00e1brica. Estos lugares ser\u00e1n el escenario para la proyecci\u00f3n de pel\u00edculas y cortometrajes, as\u00ed como para la realizaci\u00f3n de talleres y conferencias. Alejandro Molina Romo, director del Ma\u00f1ana Film Fest, explic\u00f3 que durante los cuatro d\u00edas del evento, los asistentes podr\u00e1n disfrutar de una muestra de pel\u00edculas y cortometrajes, muchos de los cuales contar\u00e1n con la presencia de artistas, directores y realizadores.<\/p>\n<p>&nbsp;<\/p>\n<p style=\"text-align: justify;\">Uno de los principales objetivos de esta edici\u00f3n del Ma\u00f1ana Film Fest es incentivar a los j\u00f3venes cineastas a producir contenidos que den a conocer lo mejor de Quer\u00e9taro. \u201cQue nuestro estado sea el lugar elegido para este festival nos permite poder mostrar a las y los asistentes que en Quer\u00e9taro podemos encontrar lo mejor de M\u00e9xico&#8221;, destac\u00f3 Mauricio Falc\u00f3n Villa.<\/p>\n<p>&nbsp;<\/p>\n<p style=\"text-align: justify;\">El evento contar\u00e1 con competencias especiales donde se premiar\u00e1 a la mejor pel\u00edcula con el &#8220;Premio Del Baj\u00edo&#8221;, as\u00ed como con menciones honor\u00edficas del jurado y un premio del p\u00fablico. Adem\u00e1s, se ofrecer\u00e1n clases y talleres como parte del complemento de las actividades principales, brindando una oportunidad \u00fanica para quienes buscan aprender m\u00e1s sobre el cine.<\/p>\n<p>&nbsp;<\/p>\n<p style=\"text-align: justify;\">La actriz y embajadora del evento, Mar\u00eda Aura, junto con Sergio Pe\u00f1a, tambi\u00e9n director del festival, estuvieron presentes en el anuncio del festival, reafirmando el compromiso de Quer\u00e9taro con el cine y la atracci\u00f3n del turismo.<\/p>\n","protected":false},"excerpt":{"rendered":"<p>La Secretar\u00eda de Turismo del estado de Quer\u00e9taro (SECTUR) ha anunciado el regreso del &#8220;Ma\u00f1ana Film Fest&#8221; a la ciudad, un evento que busca fomentar el s\u00e9ptimo arte y potenciar la oferta tur\u00edstica del estado. Mauricio Falc\u00f3n Villa, miembro de la oficina de Apoyo a Filmaciones de SECTUR, dio a conocer que la segunda edici\u00f3n [&hellip;]<\/p>\n","protected":false},"author":3,"featured_media":1356,"comment_status":"open","ping_status":"open","sticky":false,"template":"","format":"standard","meta":{"footnotes":""},"categories":[50,42],"tags":[393,394,391,344,392],"class_list":["post-1353","post","type-post","status-publish","format-standard","has-post-thumbnail","hentry","category-espectaculos","category-estado","tag-culturayturismo","tag-festivaldecine","tag-mananafilmfest","tag-queretaro2024","tag-queretaroescine"],"yoast_head":"<!-- This site is optimized with the Yoast SEO plugin v25.0 - https:\/\/yoast.com\/wordpress\/plugins\/seo\/ -->\n<title>Regresa el Ma\u00f1ana Film Fest a Quer\u00e9taro para Impulsar el Cine y el Turismo | Nexo Informativo Santiago de Quer\u00e9taro<\/title>\n<meta name=\"robots\" content=\"index, follow, max-snippet:-1, max-image-preview:large, max-video-preview:-1\" \/>\n<link rel=\"canonical\" href=\"https:\/\/www.nexoinformativo.mx\/index.php\/2024\/08\/30\/regresa-el-manana-film-fest-a-queretaro-para-impulsar-el-cine-y-el-turismo\/\" \/>\n<meta property=\"og:locale\" content=\"es_MX\" \/>\n<meta property=\"og:type\" content=\"article\" \/>\n<meta property=\"og:title\" content=\"Regresa el Ma\u00f1ana Film Fest a Quer\u00e9taro para Impulsar el Cine y el Turismo | Nexo Informativo Santiago de Quer\u00e9taro\" \/>\n<meta property=\"og:description\" content=\"La Secretar\u00eda de Turismo del estado de Quer\u00e9taro (SECTUR) ha anunciado el regreso del &#8220;Ma\u00f1ana Film Fest&#8221; a la ciudad, un evento que busca fomentar el s\u00e9ptimo arte y potenciar la oferta tur\u00edstica del estado. Mauricio Falc\u00f3n Villa, miembro de la oficina de Apoyo a Filmaciones de SECTUR, dio a conocer que la segunda edici\u00f3n [&hellip;]\" \/>\n<meta property=\"og:url\" content=\"https:\/\/www.nexoinformativo.mx\/index.php\/2024\/08\/30\/regresa-el-manana-film-fest-a-queretaro-para-impulsar-el-cine-y-el-turismo\/\" \/>\n<meta property=\"og:site_name\" content=\"Nexo Informativo Santiago de Quer\u00e9taro\" \/>\n<meta property=\"article:publisher\" content=\"https:\/\/www.facebook.com\/people\/Nexo-Informativo\/61564066885511\/\" \/>\n<meta property=\"article:published_time\" content=\"2024-08-31T00:30:38+00:00\" \/>\n<meta property=\"article:modified_time\" content=\"2024-08-31T20:34:52+00:00\" \/>\n<meta property=\"og:image\" content=\"https:\/\/www.nexoinformativo.mx\/wp-content\/uploads\/2024\/08\/PHOTO-2024-08-31-08-57-28-e1725136339324.jpg\" \/>\n\t<meta property=\"og:image:width\" content=\"800\" \/>\n\t<meta property=\"og:image:height\" content=\"533\" \/>\n\t<meta property=\"og:image:type\" content=\"image\/jpeg\" \/>\n<meta name=\"author\" content=\"Nexo Informativo\" \/>\n<meta name=\"twitter:card\" content=\"summary_large_image\" \/>\n<meta name=\"twitter:label1\" content=\"Escrito por\" \/>\n\t<meta name=\"twitter:data1\" content=\"Nexo Informativo\" \/>\n\t<meta name=\"twitter:label2\" content=\"Tiempo de lectura\" \/>\n\t<meta name=\"twitter:data2\" content=\"2 minutos\" \/>\n<script type=\"application\/ld+json\" class=\"yoast-schema-graph\">{\"@context\":\"https:\/\/schema.org\",\"@graph\":[{\"@type\":\"Article\",\"@id\":\"https:\/\/www.nexoinformativo.mx\/index.php\/2024\/08\/30\/regresa-el-manana-film-fest-a-queretaro-para-impulsar-el-cine-y-el-turismo\/#article\",\"isPartOf\":{\"@id\":\"https:\/\/www.nexoinformativo.mx\/index.php\/2024\/08\/30\/regresa-el-manana-film-fest-a-queretaro-para-impulsar-el-cine-y-el-turismo\/\"},\"author\":{\"name\":\"Nexo Informativo\",\"@id\":\"https:\/\/www.nexoinformativo.mx\/#\/schema\/person\/7749d380ba08c8ca00d7bc76fd907b7d\"},\"headline\":\"Regresa el Ma\u00f1ana Film Fest a Quer\u00e9taro para Impulsar el Cine y el Turismo\",\"datePublished\":\"2024-08-31T00:30:38+00:00\",\"dateModified\":\"2024-08-31T20:34:52+00:00\",\"mainEntityOfPage\":{\"@id\":\"https:\/\/www.nexoinformativo.mx\/index.php\/2024\/08\/30\/regresa-el-manana-film-fest-a-queretaro-para-impulsar-el-cine-y-el-turismo\/\"},\"wordCount\":370,\"commentCount\":0,\"publisher\":{\"@id\":\"https:\/\/www.nexoinformativo.mx\/#organization\"},\"image\":{\"@id\":\"https:\/\/www.nexoinformativo.mx\/index.php\/2024\/08\/30\/regresa-el-manana-film-fest-a-queretaro-para-impulsar-el-cine-y-el-turismo\/#primaryimage\"},\"thumbnailUrl\":\"https:\/\/www.nexoinformativo.mx\/wp-content\/uploads\/2024\/08\/PHOTO-2024-08-31-08-57-28-e1725136339324.jpg\",\"keywords\":[\"CulturaYTurismo\",\"FestivalDeCine\",\"Ma\u00f1anaFilmFest\",\"Quer\u00e9taro2024\",\"Quer\u00e9taroEsCine\"],\"articleSection\":[\"Espect\u00e1culos\",\"Estado\"],\"inLanguage\":\"es\",\"potentialAction\":[{\"@type\":\"CommentAction\",\"name\":\"Comment\",\"target\":[\"https:\/\/www.nexoinformativo.mx\/index.php\/2024\/08\/30\/regresa-el-manana-film-fest-a-queretaro-para-impulsar-el-cine-y-el-turismo\/#respond\"]}]},{\"@type\":\"WebPage\",\"@id\":\"https:\/\/www.nexoinformativo.mx\/index.php\/2024\/08\/30\/regresa-el-manana-film-fest-a-queretaro-para-impulsar-el-cine-y-el-turismo\/\",\"url\":\"https:\/\/www.nexoinformativo.mx\/index.php\/2024\/08\/30\/regresa-el-manana-film-fest-a-queretaro-para-impulsar-el-cine-y-el-turismo\/\",\"name\":\"Regresa el Ma\u00f1ana Film Fest a Quer\u00e9taro para Impulsar el Cine y el Turismo | Nexo Informativo Santiago de Quer\u00e9taro\",\"isPartOf\":{\"@id\":\"https:\/\/www.nexoinformativo.mx\/#website\"},\"primaryImageOfPage\":{\"@id\":\"https:\/\/www.nexoinformativo.mx\/index.php\/2024\/08\/30\/regresa-el-manana-film-fest-a-queretaro-para-impulsar-el-cine-y-el-turismo\/#primaryimage\"},\"image\":{\"@id\":\"https:\/\/www.nexoinformativo.mx\/index.php\/2024\/08\/30\/regresa-el-manana-film-fest-a-queretaro-para-impulsar-el-cine-y-el-turismo\/#primaryimage\"},\"thumbnailUrl\":\"https:\/\/www.nexoinformativo.mx\/wp-content\/uploads\/2024\/08\/PHOTO-2024-08-31-08-57-28-e1725136339324.jpg\",\"datePublished\":\"2024-08-31T00:30:38+00:00\",\"dateModified\":\"2024-08-31T20:34:52+00:00\",\"breadcrumb\":{\"@id\":\"https:\/\/www.nexoinformativo.mx\/index.php\/2024\/08\/30\/regresa-el-manana-film-fest-a-queretaro-para-impulsar-el-cine-y-el-turismo\/#breadcrumb\"},\"inLanguage\":\"es\",\"potentialAction\":[{\"@type\":\"ReadAction\",\"target\":[\"https:\/\/www.nexoinformativo.mx\/index.php\/2024\/08\/30\/regresa-el-manana-film-fest-a-queretaro-para-impulsar-el-cine-y-el-turismo\/\"]}]},{\"@type\":\"ImageObject\",\"inLanguage\":\"es\",\"@id\":\"https:\/\/www.nexoinformativo.mx\/index.php\/2024\/08\/30\/regresa-el-manana-film-fest-a-queretaro-para-impulsar-el-cine-y-el-turismo\/#primaryimage\",\"url\":\"https:\/\/www.nexoinformativo.mx\/wp-content\/uploads\/2024\/08\/PHOTO-2024-08-31-08-57-28-e1725136339324.jpg\",\"contentUrl\":\"https:\/\/www.nexoinformativo.mx\/wp-content\/uploads\/2024\/08\/PHOTO-2024-08-31-08-57-28-e1725136339324.jpg\",\"width\":800,\"height\":533},{\"@type\":\"BreadcrumbList\",\"@id\":\"https:\/\/www.nexoinformativo.mx\/index.php\/2024\/08\/30\/regresa-el-manana-film-fest-a-queretaro-para-impulsar-el-cine-y-el-turismo\/#breadcrumb\",\"itemListElement\":[{\"@type\":\"ListItem\",\"position\":1,\"name\":\"Inicio\",\"item\":\"https:\/\/www.nexoinformativo.mx\/\"},{\"@type\":\"ListItem\",\"position\":2,\"name\":\"Regresa el Ma\u00f1ana Film Fest a Quer\u00e9taro para Impulsar el Cine y el Turismo\"}]},{\"@type\":\"WebSite\",\"@id\":\"https:\/\/www.nexoinformativo.mx\/#website\",\"url\":\"https:\/\/www.nexoinformativo.mx\/\",\"name\":\"Nexo Informativo Santiago de Quer\u00e9taro\",\"description\":\"Explora NexoInformativo y convi\u00e9rtete en parte de una comunidad que valora el conocimiento y la verdad. Tu nexoinformativo es tu puente hacia una comprensi\u00f3n m\u00e1s profunda del mundo que te rodea.\",\"publisher\":{\"@id\":\"https:\/\/www.nexoinformativo.mx\/#organization\"},\"potentialAction\":[{\"@type\":\"SearchAction\",\"target\":{\"@type\":\"EntryPoint\",\"urlTemplate\":\"https:\/\/www.nexoinformativo.mx\/?s={search_term_string}\"},\"query-input\":{\"@type\":\"PropertyValueSpecification\",\"valueRequired\":true,\"valueName\":\"search_term_string\"}}],\"inLanguage\":\"es\"},{\"@type\":\"Organization\",\"@id\":\"https:\/\/www.nexoinformativo.mx\/#organization\",\"name\":\"Nexo Informativo Santiago de Quer\u00e9taro\",\"url\":\"https:\/\/www.nexoinformativo.mx\/\",\"logo\":{\"@type\":\"ImageObject\",\"inLanguage\":\"es\",\"@id\":\"https:\/\/www.nexoinformativo.mx\/#\/schema\/logo\/image\/\",\"url\":\"https:\/\/www.nexoinformativo.mx\/wp-content\/uploads\/2024\/07\/nexoi-trasparente-2.png\",\"contentUrl\":\"https:\/\/www.nexoinformativo.mx\/wp-content\/uploads\/2024\/07\/nexoi-trasparente-2.png\",\"width\":816,\"height\":339,\"caption\":\"Nexo Informativo Santiago de Quer\u00e9taro\"},\"image\":{\"@id\":\"https:\/\/www.nexoinformativo.mx\/#\/schema\/logo\/image\/\"},\"sameAs\":[\"https:\/\/www.facebook.com\/people\/Nexo-Informativo\/61564066885511\/\"]},{\"@type\":\"Person\",\"@id\":\"https:\/\/www.nexoinformativo.mx\/#\/schema\/person\/7749d380ba08c8ca00d7bc76fd907b7d\",\"name\":\"Nexo Informativo\",\"image\":{\"@type\":\"ImageObject\",\"inLanguage\":\"es\",\"@id\":\"https:\/\/www.nexoinformativo.mx\/#\/schema\/person\/image\/\",\"url\":\"https:\/\/secure.gravatar.com\/avatar\/dde2928154642a13d95f87ddf1ea9718fe2b46760a005c53e41ff5ad610704e6?s=96&d=mm&r=g\",\"contentUrl\":\"https:\/\/secure.gravatar.com\/avatar\/dde2928154642a13d95f87ddf1ea9718fe2b46760a005c53e41ff5ad610704e6?s=96&d=mm&r=g\",\"caption\":\"Nexo Informativo\"},\"url\":\"https:\/\/www.nexoinformativo.mx\/index.php\/author\/edicion\/\"}]}<\/script>\n<!-- \/ Yoast SEO plugin. -->","yoast_head_json":{"title":"Regresa el Ma\u00f1ana Film Fest a Quer\u00e9taro para Impulsar el Cine y el Turismo | Nexo Informativo Santiago de Quer\u00e9taro","robots":{"index":"index","follow":"follow","max-snippet":"max-snippet:-1","max-image-preview":"max-image-preview:large","max-video-preview":"max-video-preview:-1"},"canonical":"https:\/\/www.nexoinformativo.mx\/index.php\/2024\/08\/30\/regresa-el-manana-film-fest-a-queretaro-para-impulsar-el-cine-y-el-turismo\/","og_locale":"es_MX","og_type":"article","og_title":"Regresa el Ma\u00f1ana Film Fest a Quer\u00e9taro para Impulsar el Cine y el Turismo | Nexo Informativo Santiago de Quer\u00e9taro","og_description":"La Secretar\u00eda de Turismo del estado de Quer\u00e9taro (SECTUR) ha anunciado el regreso del &#8220;Ma\u00f1ana Film Fest&#8221; a la ciudad, un evento que busca fomentar el s\u00e9ptimo arte y potenciar la oferta tur\u00edstica del estado. Mauricio Falc\u00f3n Villa, miembro de la oficina de Apoyo a Filmaciones de SECTUR, dio a conocer que la segunda edici\u00f3n [&hellip;]","og_url":"https:\/\/www.nexoinformativo.mx\/index.php\/2024\/08\/30\/regresa-el-manana-film-fest-a-queretaro-para-impulsar-el-cine-y-el-turismo\/","og_site_name":"Nexo Informativo Santiago de Quer\u00e9taro","article_publisher":"https:\/\/www.facebook.com\/people\/Nexo-Informativo\/61564066885511\/","article_published_time":"2024-08-31T00:30:38+00:00","article_modified_time":"2024-08-31T20:34:52+00:00","og_image":[{"width":800,"height":533,"url":"https:\/\/www.nexoinformativo.mx\/wp-content\/uploads\/2024\/08\/PHOTO-2024-08-31-08-57-28-e1725136339324.jpg","type":"image\/jpeg"}],"author":"Nexo Informativo","twitter_card":"summary_large_image","twitter_misc":{"Escrito por":"Nexo Informativo","Tiempo de lectura":"2 minutos"},"schema":{"@context":"https:\/\/schema.org","@graph":[{"@type":"Article","@id":"https:\/\/www.nexoinformativo.mx\/index.php\/2024\/08\/30\/regresa-el-manana-film-fest-a-queretaro-para-impulsar-el-cine-y-el-turismo\/#article","isPartOf":{"@id":"https:\/\/www.nexoinformativo.mx\/index.php\/2024\/08\/30\/regresa-el-manana-film-fest-a-queretaro-para-impulsar-el-cine-y-el-turismo\/"},"author":{"name":"Nexo Informativo","@id":"https:\/\/www.nexoinformativo.mx\/#\/schema\/person\/7749d380ba08c8ca00d7bc76fd907b7d"},"headline":"Regresa el Ma\u00f1ana Film Fest a Quer\u00e9taro para Impulsar el Cine y el Turismo","datePublished":"2024-08-31T00:30:38+00:00","dateModified":"2024-08-31T20:34:52+00:00","mainEntityOfPage":{"@id":"https:\/\/www.nexoinformativo.mx\/index.php\/2024\/08\/30\/regresa-el-manana-film-fest-a-queretaro-para-impulsar-el-cine-y-el-turismo\/"},"wordCount":370,"commentCount":0,"publisher":{"@id":"https:\/\/www.nexoinformativo.mx\/#organization"},"image":{"@id":"https:\/\/www.nexoinformativo.mx\/index.php\/2024\/08\/30\/regresa-el-manana-film-fest-a-queretaro-para-impulsar-el-cine-y-el-turismo\/#primaryimage"},"thumbnailUrl":"https:\/\/www.nexoinformativo.mx\/wp-content\/uploads\/2024\/08\/PHOTO-2024-08-31-08-57-28-e1725136339324.jpg","keywords":["CulturaYTurismo","FestivalDeCine","Ma\u00f1anaFilmFest","Quer\u00e9taro2024","Quer\u00e9taroEsCine"],"articleSection":["Espect\u00e1culos","Estado"],"inLanguage":"es","potentialAction":[{"@type":"CommentAction","name":"Comment","target":["https:\/\/www.nexoinformativo.mx\/index.php\/2024\/08\/30\/regresa-el-manana-film-fest-a-queretaro-para-impulsar-el-cine-y-el-turismo\/#respond"]}]},{"@type":"WebPage","@id":"https:\/\/www.nexoinformativo.mx\/index.php\/2024\/08\/30\/regresa-el-manana-film-fest-a-queretaro-para-impulsar-el-cine-y-el-turismo\/","url":"https:\/\/www.nexoinformativo.mx\/index.php\/2024\/08\/30\/regresa-el-manana-film-fest-a-queretaro-para-impulsar-el-cine-y-el-turismo\/","name":"Regresa el Ma\u00f1ana Film Fest a Quer\u00e9taro para Impulsar el Cine y el Turismo | Nexo Informativo Santiago de Quer\u00e9taro","isPartOf":{"@id":"https:\/\/www.nexoinformativo.mx\/#website"},"primaryImageOfPage":{"@id":"https:\/\/www.nexoinformativo.mx\/index.php\/2024\/08\/30\/regresa-el-manana-film-fest-a-queretaro-para-impulsar-el-cine-y-el-turismo\/#primaryimage"},"image":{"@id":"https:\/\/www.nexoinformativo.mx\/index.php\/2024\/08\/30\/regresa-el-manana-film-fest-a-queretaro-para-impulsar-el-cine-y-el-turismo\/#primaryimage"},"thumbnailUrl":"https:\/\/www.nexoinformativo.mx\/wp-content\/uploads\/2024\/08\/PHOTO-2024-08-31-08-57-28-e1725136339324.jpg","datePublished":"2024-08-31T00:30:38+00:00","dateModified":"2024-08-31T20:34:52+00:00","breadcrumb":{"@id":"https:\/\/www.nexoinformativo.mx\/index.php\/2024\/08\/30\/regresa-el-manana-film-fest-a-queretaro-para-impulsar-el-cine-y-el-turismo\/#breadcrumb"},"inLanguage":"es","potentialAction":[{"@type":"ReadAction","target":["https:\/\/www.nexoinformativo.mx\/index.php\/2024\/08\/30\/regresa-el-manana-film-fest-a-queretaro-para-impulsar-el-cine-y-el-turismo\/"]}]},{"@type":"ImageObject","inLanguage":"es","@id":"https:\/\/www.nexoinformativo.mx\/index.php\/2024\/08\/30\/regresa-el-manana-film-fest-a-queretaro-para-impulsar-el-cine-y-el-turismo\/#primaryimage","url":"https:\/\/www.nexoinformativo.mx\/wp-content\/uploads\/2024\/08\/PHOTO-2024-08-31-08-57-28-e1725136339324.jpg","contentUrl":"https:\/\/www.nexoinformativo.mx\/wp-content\/uploads\/2024\/08\/PHOTO-2024-08-31-08-57-28-e1725136339324.jpg","width":800,"height":533},{"@type":"BreadcrumbList","@id":"https:\/\/www.nexoinformativo.mx\/index.php\/2024\/08\/30\/regresa-el-manana-film-fest-a-queretaro-para-impulsar-el-cine-y-el-turismo\/#breadcrumb","itemListElement":[{"@type":"ListItem","position":1,"name":"Inicio","item":"https:\/\/www.nexoinformativo.mx\/"},{"@type":"ListItem","position":2,"name":"Regresa el Ma\u00f1ana Film Fest a Quer\u00e9taro para Impulsar el Cine y el Turismo"}]},{"@type":"WebSite","@id":"https:\/\/www.nexoinformativo.mx\/#website","url":"https:\/\/www.nexoinformativo.mx\/","name":"Nexo Informativo Santiago de Quer\u00e9taro","description":"Explora NexoInformativo y convi\u00e9rtete en parte de una comunidad que valora el conocimiento y la verdad. Tu nexoinformativo es tu puente hacia una comprensi\u00f3n m\u00e1s profunda del mundo que te rodea.","publisher":{"@id":"https:\/\/www.nexoinformativo.mx\/#organization"},"potentialAction":[{"@type":"SearchAction","target":{"@type":"EntryPoint","urlTemplate":"https:\/\/www.nexoinformativo.mx\/?s={search_term_string}"},"query-input":{"@type":"PropertyValueSpecification","valueRequired":true,"valueName":"search_term_string"}}],"inLanguage":"es"},{"@type":"Organization","@id":"https:\/\/www.nexoinformativo.mx\/#organization","name":"Nexo Informativo Santiago de Quer\u00e9taro","url":"https:\/\/www.nexoinformativo.mx\/","logo":{"@type":"ImageObject","inLanguage":"es","@id":"https:\/\/www.nexoinformativo.mx\/#\/schema\/logo\/image\/","url":"https:\/\/www.nexoinformativo.mx\/wp-content\/uploads\/2024\/07\/nexoi-trasparente-2.png","contentUrl":"https:\/\/www.nexoinformativo.mx\/wp-content\/uploads\/2024\/07\/nexoi-trasparente-2.png","width":816,"height":339,"caption":"Nexo Informativo Santiago de Quer\u00e9taro"},"image":{"@id":"https:\/\/www.nexoinformativo.mx\/#\/schema\/logo\/image\/"},"sameAs":["https:\/\/www.facebook.com\/people\/Nexo-Informativo\/61564066885511\/"]},{"@type":"Person","@id":"https:\/\/www.nexoinformativo.mx\/#\/schema\/person\/7749d380ba08c8ca00d7bc76fd907b7d","name":"Nexo Informativo","image":{"@type":"ImageObject","inLanguage":"es","@id":"https:\/\/www.nexoinformativo.mx\/#\/schema\/person\/image\/","url":"https:\/\/secure.gravatar.com\/avatar\/dde2928154642a13d95f87ddf1ea9718fe2b46760a005c53e41ff5ad610704e6?s=96&d=mm&r=g","contentUrl":"https:\/\/secure.gravatar.com\/avatar\/dde2928154642a13d95f87ddf1ea9718fe2b46760a005c53e41ff5ad610704e6?s=96&d=mm&r=g","caption":"Nexo Informativo"},"url":"https:\/\/www.nexoinformativo.mx\/index.php\/author\/edicion\/"}]}},"_links":{"self":[{"href":"https:\/\/www.nexoinformativo.mx\/index.php\/wp-json\/wp\/v2\/posts\/1353","targetHints":{"allow":["GET"]}}],"collection":[{"href":"https:\/\/www.nexoinformativo.mx\/index.php\/wp-json\/wp\/v2\/posts"}],"about":[{"href":"https:\/\/www.nexoinformativo.mx\/index.php\/wp-json\/wp\/v2\/types\/post"}],"author":[{"embeddable":true,"href":"https:\/\/www.nexoinformativo.mx\/index.php\/wp-json\/wp\/v2\/users\/3"}],"replies":[{"embeddable":true,"href":"https:\/\/www.nexoinformativo.mx\/index.php\/wp-json\/wp\/v2\/comments?post=1353"}],"version-history":[{"count":4,"href":"https:\/\/www.nexoinformativo.mx\/index.php\/wp-json\/wp\/v2\/posts\/1353\/revisions"}],"predecessor-version":[{"id":1357,"href":"https:\/\/www.nexoinformativo.mx\/index.php\/wp-json\/wp\/v2\/posts\/1353\/revisions\/1357"}],"wp:featuredmedia":[{"embeddable":true,"href":"https:\/\/www.nexoinformativo.mx\/index.php\/wp-json\/wp\/v2\/media\/1356"}],"wp:attachment":[{"href":"https:\/\/www.nexoinformativo.mx\/index.php\/wp-json\/wp\/v2\/media?parent=1353"}],"wp:term":[{"taxonomy":"category","embeddable":true,"href":"https:\/\/www.nexoinformativo.mx\/index.php\/wp-json\/wp\/v2\/categories?post=1353"},{"taxonomy":"post_tag","embeddable":true,"href":"https:\/\/www.nexoinformativo.mx\/index.php\/wp-json\/wp\/v2\/tags?post=1353"}],"curies":[{"name":"wp","href":"https:\/\/api.w.org\/{rel}","templated":true}]}}