{"id":13531,"date":"2025-04-01T07:30:10","date_gmt":"2025-04-01T13:30:10","guid":{"rendered":"https:\/\/www.nexoinformativo.mx\/?p=13531"},"modified":"2025-04-01T10:44:54","modified_gmt":"2025-04-01T16:44:54","slug":"salud-en-las-aulas-inician-lineamientos-para-alimentacion-sana-en-262-mil-escuelas-mexicanas","status":"publish","type":"post","link":"https:\/\/www.nexoinformativo.mx\/index.php\/2025\/04\/01\/salud-en-las-aulas-inician-lineamientos-para-alimentacion-sana-en-262-mil-escuelas-mexicanas\/","title":{"rendered":"Salud en las aulas inician lineamientos para alimentaci\u00f3n sana en 262 mil escuelas mexicanas"},"content":{"rendered":"<p style=\"text-align: justify;\" data-sourcepos=\"13:1-13:354\">A partir del d\u00eda de ayer 31 de marzo, las 262 mil 547 escuelas p\u00fablicas y privadas del pa\u00eds han implementado los nuevos Lineamientos Generales para la Preparaci\u00f3n, Distribuci\u00f3n y Expendio de Alimentos y Bebidas, as\u00ed como el fomento de estilos de vida saludables, inform\u00f3 el secretario de Educaci\u00f3n P\u00fablica (SEP), Mario Delgado.<\/p>\n<\/p>\n<p>&nbsp;<\/p>\n<p style=\"text-align: justify;\" data-sourcepos=\"15:1-15:208\">Esta medida, impulsada por la Presidenta Claudia Sheinbaum, busca convertir las escuelas en espacios de promoci\u00f3n de la salud y prevenci\u00f3n de adicciones, combatiendo el sobrepeso y la obesidad infantil.<\/p>\n<\/p>\n<p>&nbsp;<\/p>\n<p style=\"text-align: justify;\" data-sourcepos=\"17:1-17:269\">Delgado Carrillo destac\u00f3 que el cumplimiento de estos lineamientos es responsabilidad de toda la comunidad educativa, y que se han puesto a disposici\u00f3n manuales y recetarios en el portal vidasaludable.gob.mx para facilitar la transici\u00f3n hacia una alimentaci\u00f3n m\u00e1s sana.<\/p>\n<\/p>\n<p>&nbsp;<\/p>\n<p style=\"text-align: justify;\" data-sourcepos=\"19:1-19:183\">Adem\u00e1s, anunci\u00f3 que los expendedores de alimentos en las escuelas recibir\u00e1n capacitaci\u00f3n por parte de la Secretar\u00eda de Salud para asegurar el cumplimiento de las nuevas disposiciones.<\/p>\n<\/p>\n<p>&nbsp;<\/p>\n<p style=\"text-align: center;\" data-sourcepos=\"19:1-19:183\"><em><strong>\u00a1Informaci\u00f3n que transforma!<\/strong><\/em><\/p>\n","protected":false},"excerpt":{"rendered":"<p>A partir del d\u00eda de ayer 31 de marzo, las 262 mil 547 escuelas p\u00fablicas y privadas del pa\u00eds han implementado los nuevos Lineamientos Generales para la Preparaci\u00f3n, Distribuci\u00f3n y Expendio de Alimentos y Bebidas, as\u00ed como el fomento de estilos de vida saludables, inform\u00f3 el secretario de Educaci\u00f3n P\u00fablica (SEP), Mario Delgado.<\/p>\n","protected":false},"author":3,"featured_media":13532,"comment_status":"open","ping_status":"open","sticky":false,"template":"","format":"standard","meta":{"footnotes":""},"categories":[88,58],"tags":[1576,2536,1567,538],"class_list":["post-13531","post","type-post","status-publish","format-standard","has-post-thumbnail","hentry","category-nacional","category-ultima-hora","tag-alimentacionsaludable","tag-escuelassaludables","tag-nuevaescuelamexicana","tag-sep"],"yoast_head":"<!-- This site is optimized with the Yoast SEO plugin v25.0 - https:\/\/yoast.com\/wordpress\/plugins\/seo\/ -->\n<title>Salud en las aulas inician lineamientos para alimentaci\u00f3n sana en 262 mil escuelas mexicanas | Nexo Informativo Santiago de Quer\u00e9taro<\/title>\n<meta name=\"description\" content=\"Salud en las aulas inician lineamientos para alimentaci\u00f3n sana en 262 mil escuelas mexicanas\" \/>\n<meta name=\"robots\" content=\"index, follow, max-snippet:-1, max-image-preview:large, max-video-preview:-1\" \/>\n<link rel=\"canonical\" href=\"https:\/\/www.nexoinformativo.mx\/index.php\/2025\/04\/01\/salud-en-las-aulas-inician-lineamientos-para-alimentacion-sana-en-262-mil-escuelas-mexicanas\/\" \/>\n<meta property=\"og:locale\" content=\"es_MX\" \/>\n<meta property=\"og:type\" content=\"article\" \/>\n<meta property=\"og:title\" content=\"Salud en las aulas inician lineamientos para alimentaci\u00f3n sana en 262 mil escuelas mexicanas | Nexo Informativo Santiago de Quer\u00e9taro\" \/>\n<meta property=\"og:description\" content=\"Salud en las aulas inician lineamientos para alimentaci\u00f3n sana en 262 mil escuelas mexicanas\" \/>\n<meta property=\"og:url\" content=\"https:\/\/www.nexoinformativo.mx\/index.php\/2025\/04\/01\/salud-en-las-aulas-inician-lineamientos-para-alimentacion-sana-en-262-mil-escuelas-mexicanas\/\" \/>\n<meta property=\"og:site_name\" content=\"Nexo Informativo Santiago de Quer\u00e9taro\" \/>\n<meta property=\"article:publisher\" content=\"https:\/\/www.facebook.com\/people\/Nexo-Informativo\/61564066885511\/\" \/>\n<meta property=\"article:published_time\" content=\"2025-04-01T13:30:10+00:00\" \/>\n<meta property=\"article:modified_time\" content=\"2025-04-01T16:44:54+00:00\" \/>\n<meta property=\"og:image\" content=\"https:\/\/www.nexoinformativo.mx\/wp-content\/uploads\/2025\/04\/IMG_2045.jpg\" \/>\n\t<meta property=\"og:image:width\" content=\"650\" \/>\n\t<meta property=\"og:image:height\" content=\"380\" \/>\n\t<meta property=\"og:image:type\" content=\"image\/jpeg\" \/>\n<meta name=\"author\" content=\"Nexo Informativo\" \/>\n<meta name=\"twitter:card\" content=\"summary_large_image\" \/>\n<meta name=\"twitter:label1\" content=\"Escrito por\" \/>\n\t<meta name=\"twitter:data1\" content=\"Nexo Informativo\" \/>\n\t<meta name=\"twitter:label2\" content=\"Tiempo de lectura\" \/>\n\t<meta name=\"twitter:data2\" content=\"1 minuto\" \/>\n<script type=\"application\/ld+json\" class=\"yoast-schema-graph\">{\"@context\":\"https:\/\/schema.org\",\"@graph\":[{\"@type\":\"Article\",\"@id\":\"https:\/\/www.nexoinformativo.mx\/index.php\/2025\/04\/01\/salud-en-las-aulas-inician-lineamientos-para-alimentacion-sana-en-262-mil-escuelas-mexicanas\/#article\",\"isPartOf\":{\"@id\":\"https:\/\/www.nexoinformativo.mx\/index.php\/2025\/04\/01\/salud-en-las-aulas-inician-lineamientos-para-alimentacion-sana-en-262-mil-escuelas-mexicanas\/\"},\"author\":{\"name\":\"Nexo Informativo\",\"@id\":\"https:\/\/www.nexoinformativo.mx\/#\/schema\/person\/7749d380ba08c8ca00d7bc76fd907b7d\"},\"headline\":\"Salud en las aulas inician lineamientos para alimentaci\u00f3n sana en 262 mil escuelas mexicanas\",\"datePublished\":\"2025-04-01T13:30:10+00:00\",\"dateModified\":\"2025-04-01T16:44:54+00:00\",\"mainEntityOfPage\":{\"@id\":\"https:\/\/www.nexoinformativo.mx\/index.php\/2025\/04\/01\/salud-en-las-aulas-inician-lineamientos-para-alimentacion-sana-en-262-mil-escuelas-mexicanas\/\"},\"wordCount\":187,\"commentCount\":0,\"publisher\":{\"@id\":\"https:\/\/www.nexoinformativo.mx\/#organization\"},\"image\":{\"@id\":\"https:\/\/www.nexoinformativo.mx\/index.php\/2025\/04\/01\/salud-en-las-aulas-inician-lineamientos-para-alimentacion-sana-en-262-mil-escuelas-mexicanas\/#primaryimage\"},\"thumbnailUrl\":\"https:\/\/www.nexoinformativo.mx\/wp-content\/uploads\/2025\/04\/IMG_2045.jpg\",\"keywords\":[\"Alimentaci\u00f3nSaludable\",\"EscuelasSaludables\",\"NuevaEscuelaMexicana\",\"SEP\"],\"articleSection\":[\"Nacional\",\"\u00daltima Hora\"],\"inLanguage\":\"es\",\"potentialAction\":[{\"@type\":\"CommentAction\",\"name\":\"Comment\",\"target\":[\"https:\/\/www.nexoinformativo.mx\/index.php\/2025\/04\/01\/salud-en-las-aulas-inician-lineamientos-para-alimentacion-sana-en-262-mil-escuelas-mexicanas\/#respond\"]}]},{\"@type\":\"WebPage\",\"@id\":\"https:\/\/www.nexoinformativo.mx\/index.php\/2025\/04\/01\/salud-en-las-aulas-inician-lineamientos-para-alimentacion-sana-en-262-mil-escuelas-mexicanas\/\",\"url\":\"https:\/\/www.nexoinformativo.mx\/index.php\/2025\/04\/01\/salud-en-las-aulas-inician-lineamientos-para-alimentacion-sana-en-262-mil-escuelas-mexicanas\/\",\"name\":\"Salud en las aulas inician lineamientos para alimentaci\u00f3n sana en 262 mil escuelas mexicanas | Nexo Informativo Santiago de Quer\u00e9taro\",\"isPartOf\":{\"@id\":\"https:\/\/www.nexoinformativo.mx\/#website\"},\"primaryImageOfPage\":{\"@id\":\"https:\/\/www.nexoinformativo.mx\/index.php\/2025\/04\/01\/salud-en-las-aulas-inician-lineamientos-para-alimentacion-sana-en-262-mil-escuelas-mexicanas\/#primaryimage\"},\"image\":{\"@id\":\"https:\/\/www.nexoinformativo.mx\/index.php\/2025\/04\/01\/salud-en-las-aulas-inician-lineamientos-para-alimentacion-sana-en-262-mil-escuelas-mexicanas\/#primaryimage\"},\"thumbnailUrl\":\"https:\/\/www.nexoinformativo.mx\/wp-content\/uploads\/2025\/04\/IMG_2045.jpg\",\"datePublished\":\"2025-04-01T13:30:10+00:00\",\"dateModified\":\"2025-04-01T16:44:54+00:00\",\"description\":\"Salud en las aulas inician lineamientos para alimentaci\u00f3n sana en 262 mil escuelas mexicanas\",\"breadcrumb\":{\"@id\":\"https:\/\/www.nexoinformativo.mx\/index.php\/2025\/04\/01\/salud-en-las-aulas-inician-lineamientos-para-alimentacion-sana-en-262-mil-escuelas-mexicanas\/#breadcrumb\"},\"inLanguage\":\"es\",\"potentialAction\":[{\"@type\":\"ReadAction\",\"target\":[\"https:\/\/www.nexoinformativo.mx\/index.php\/2025\/04\/01\/salud-en-las-aulas-inician-lineamientos-para-alimentacion-sana-en-262-mil-escuelas-mexicanas\/\"]}]},{\"@type\":\"ImageObject\",\"inLanguage\":\"es\",\"@id\":\"https:\/\/www.nexoinformativo.mx\/index.php\/2025\/04\/01\/salud-en-las-aulas-inician-lineamientos-para-alimentacion-sana-en-262-mil-escuelas-mexicanas\/#primaryimage\",\"url\":\"https:\/\/www.nexoinformativo.mx\/wp-content\/uploads\/2025\/04\/IMG_2045.jpg\",\"contentUrl\":\"https:\/\/www.nexoinformativo.mx\/wp-content\/uploads\/2025\/04\/IMG_2045.jpg\",\"width\":650,\"height\":380},{\"@type\":\"BreadcrumbList\",\"@id\":\"https:\/\/www.nexoinformativo.mx\/index.php\/2025\/04\/01\/salud-en-las-aulas-inician-lineamientos-para-alimentacion-sana-en-262-mil-escuelas-mexicanas\/#breadcrumb\",\"itemListElement\":[{\"@type\":\"ListItem\",\"position\":1,\"name\":\"Inicio\",\"item\":\"https:\/\/www.nexoinformativo.mx\/\"},{\"@type\":\"ListItem\",\"position\":2,\"name\":\"Salud en las aulas inician lineamientos para alimentaci\u00f3n sana en 262 mil escuelas mexicanas\"}]},{\"@type\":\"WebSite\",\"@id\":\"https:\/\/www.nexoinformativo.mx\/#website\",\"url\":\"https:\/\/www.nexoinformativo.mx\/\",\"name\":\"Nexo Informativo Santiago de Quer\u00e9taro\",\"description\":\"Explora NexoInformativo y convi\u00e9rtete en parte de una comunidad que valora el conocimiento y la verdad. Tu nexoinformativo es tu puente hacia una comprensi\u00f3n m\u00e1s profunda del mundo que te rodea.\",\"publisher\":{\"@id\":\"https:\/\/www.nexoinformativo.mx\/#organization\"},\"potentialAction\":[{\"@type\":\"SearchAction\",\"target\":{\"@type\":\"EntryPoint\",\"urlTemplate\":\"https:\/\/www.nexoinformativo.mx\/?s={search_term_string}\"},\"query-input\":{\"@type\":\"PropertyValueSpecification\",\"valueRequired\":true,\"valueName\":\"search_term_string\"}}],\"inLanguage\":\"es\"},{\"@type\":\"Organization\",\"@id\":\"https:\/\/www.nexoinformativo.mx\/#organization\",\"name\":\"Nexo Informativo Santiago de Quer\u00e9taro\",\"url\":\"https:\/\/www.nexoinformativo.mx\/\",\"logo\":{\"@type\":\"ImageObject\",\"inLanguage\":\"es\",\"@id\":\"https:\/\/www.nexoinformativo.mx\/#\/schema\/logo\/image\/\",\"url\":\"https:\/\/www.nexoinformativo.mx\/wp-content\/uploads\/2024\/07\/nexoi-trasparente-2.png\",\"contentUrl\":\"https:\/\/www.nexoinformativo.mx\/wp-content\/uploads\/2024\/07\/nexoi-trasparente-2.png\",\"width\":816,\"height\":339,\"caption\":\"Nexo Informativo Santiago de Quer\u00e9taro\"},\"image\":{\"@id\":\"https:\/\/www.nexoinformativo.mx\/#\/schema\/logo\/image\/\"},\"sameAs\":[\"https:\/\/www.facebook.com\/people\/Nexo-Informativo\/61564066885511\/\"]},{\"@type\":\"Person\",\"@id\":\"https:\/\/www.nexoinformativo.mx\/#\/schema\/person\/7749d380ba08c8ca00d7bc76fd907b7d\",\"name\":\"Nexo Informativo\",\"image\":{\"@type\":\"ImageObject\",\"inLanguage\":\"es\",\"@id\":\"https:\/\/www.nexoinformativo.mx\/#\/schema\/person\/image\/\",\"url\":\"https:\/\/secure.gravatar.com\/avatar\/dde2928154642a13d95f87ddf1ea9718fe2b46760a005c53e41ff5ad610704e6?s=96&d=mm&r=g\",\"contentUrl\":\"https:\/\/secure.gravatar.com\/avatar\/dde2928154642a13d95f87ddf1ea9718fe2b46760a005c53e41ff5ad610704e6?s=96&d=mm&r=g\",\"caption\":\"Nexo Informativo\"},\"url\":\"https:\/\/www.nexoinformativo.mx\/index.php\/author\/edicion\/\"}]}<\/script>\n<!-- \/ Yoast SEO plugin. -->","yoast_head_json":{"title":"Salud en las aulas inician lineamientos para alimentaci\u00f3n sana en 262 mil escuelas mexicanas | Nexo Informativo Santiago de Quer\u00e9taro","description":"Salud en las aulas inician lineamientos para alimentaci\u00f3n sana en 262 mil escuelas mexicanas","robots":{"index":"index","follow":"follow","max-snippet":"max-snippet:-1","max-image-preview":"max-image-preview:large","max-video-preview":"max-video-preview:-1"},"canonical":"https:\/\/www.nexoinformativo.mx\/index.php\/2025\/04\/01\/salud-en-las-aulas-inician-lineamientos-para-alimentacion-sana-en-262-mil-escuelas-mexicanas\/","og_locale":"es_MX","og_type":"article","og_title":"Salud en las aulas inician lineamientos para alimentaci\u00f3n sana en 262 mil escuelas mexicanas | Nexo Informativo Santiago de Quer\u00e9taro","og_description":"Salud en las aulas inician lineamientos para alimentaci\u00f3n sana en 262 mil escuelas mexicanas","og_url":"https:\/\/www.nexoinformativo.mx\/index.php\/2025\/04\/01\/salud-en-las-aulas-inician-lineamientos-para-alimentacion-sana-en-262-mil-escuelas-mexicanas\/","og_site_name":"Nexo Informativo Santiago de Quer\u00e9taro","article_publisher":"https:\/\/www.facebook.com\/people\/Nexo-Informativo\/61564066885511\/","article_published_time":"2025-04-01T13:30:10+00:00","article_modified_time":"2025-04-01T16:44:54+00:00","og_image":[{"width":650,"height":380,"url":"https:\/\/www.nexoinformativo.mx\/wp-content\/uploads\/2025\/04\/IMG_2045.jpg","type":"image\/jpeg"}],"author":"Nexo Informativo","twitter_card":"summary_large_image","twitter_misc":{"Escrito por":"Nexo Informativo","Tiempo de lectura":"1 minuto"},"schema":{"@context":"https:\/\/schema.org","@graph":[{"@type":"Article","@id":"https:\/\/www.nexoinformativo.mx\/index.php\/2025\/04\/01\/salud-en-las-aulas-inician-lineamientos-para-alimentacion-sana-en-262-mil-escuelas-mexicanas\/#article","isPartOf":{"@id":"https:\/\/www.nexoinformativo.mx\/index.php\/2025\/04\/01\/salud-en-las-aulas-inician-lineamientos-para-alimentacion-sana-en-262-mil-escuelas-mexicanas\/"},"author":{"name":"Nexo Informativo","@id":"https:\/\/www.nexoinformativo.mx\/#\/schema\/person\/7749d380ba08c8ca00d7bc76fd907b7d"},"headline":"Salud en las aulas inician lineamientos para alimentaci\u00f3n sana en 262 mil escuelas mexicanas","datePublished":"2025-04-01T13:30:10+00:00","dateModified":"2025-04-01T16:44:54+00:00","mainEntityOfPage":{"@id":"https:\/\/www.nexoinformativo.mx\/index.php\/2025\/04\/01\/salud-en-las-aulas-inician-lineamientos-para-alimentacion-sana-en-262-mil-escuelas-mexicanas\/"},"wordCount":187,"commentCount":0,"publisher":{"@id":"https:\/\/www.nexoinformativo.mx\/#organization"},"image":{"@id":"https:\/\/www.nexoinformativo.mx\/index.php\/2025\/04\/01\/salud-en-las-aulas-inician-lineamientos-para-alimentacion-sana-en-262-mil-escuelas-mexicanas\/#primaryimage"},"thumbnailUrl":"https:\/\/www.nexoinformativo.mx\/wp-content\/uploads\/2025\/04\/IMG_2045.jpg","keywords":["Alimentaci\u00f3nSaludable","EscuelasSaludables","NuevaEscuelaMexicana","SEP"],"articleSection":["Nacional","\u00daltima Hora"],"inLanguage":"es","potentialAction":[{"@type":"CommentAction","name":"Comment","target":["https:\/\/www.nexoinformativo.mx\/index.php\/2025\/04\/01\/salud-en-las-aulas-inician-lineamientos-para-alimentacion-sana-en-262-mil-escuelas-mexicanas\/#respond"]}]},{"@type":"WebPage","@id":"https:\/\/www.nexoinformativo.mx\/index.php\/2025\/04\/01\/salud-en-las-aulas-inician-lineamientos-para-alimentacion-sana-en-262-mil-escuelas-mexicanas\/","url":"https:\/\/www.nexoinformativo.mx\/index.php\/2025\/04\/01\/salud-en-las-aulas-inician-lineamientos-para-alimentacion-sana-en-262-mil-escuelas-mexicanas\/","name":"Salud en las aulas inician lineamientos para alimentaci\u00f3n sana en 262 mil escuelas mexicanas | Nexo Informativo Santiago de Quer\u00e9taro","isPartOf":{"@id":"https:\/\/www.nexoinformativo.mx\/#website"},"primaryImageOfPage":{"@id":"https:\/\/www.nexoinformativo.mx\/index.php\/2025\/04\/01\/salud-en-las-aulas-inician-lineamientos-para-alimentacion-sana-en-262-mil-escuelas-mexicanas\/#primaryimage"},"image":{"@id":"https:\/\/www.nexoinformativo.mx\/index.php\/2025\/04\/01\/salud-en-las-aulas-inician-lineamientos-para-alimentacion-sana-en-262-mil-escuelas-mexicanas\/#primaryimage"},"thumbnailUrl":"https:\/\/www.nexoinformativo.mx\/wp-content\/uploads\/2025\/04\/IMG_2045.jpg","datePublished":"2025-04-01T13:30:10+00:00","dateModified":"2025-04-01T16:44:54+00:00","description":"Salud en las aulas inician lineamientos para alimentaci\u00f3n sana en 262 mil escuelas mexicanas","breadcrumb":{"@id":"https:\/\/www.nexoinformativo.mx\/index.php\/2025\/04\/01\/salud-en-las-aulas-inician-lineamientos-para-alimentacion-sana-en-262-mil-escuelas-mexicanas\/#breadcrumb"},"inLanguage":"es","potentialAction":[{"@type":"ReadAction","target":["https:\/\/www.nexoinformativo.mx\/index.php\/2025\/04\/01\/salud-en-las-aulas-inician-lineamientos-para-alimentacion-sana-en-262-mil-escuelas-mexicanas\/"]}]},{"@type":"ImageObject","inLanguage":"es","@id":"https:\/\/www.nexoinformativo.mx\/index.php\/2025\/04\/01\/salud-en-las-aulas-inician-lineamientos-para-alimentacion-sana-en-262-mil-escuelas-mexicanas\/#primaryimage","url":"https:\/\/www.nexoinformativo.mx\/wp-content\/uploads\/2025\/04\/IMG_2045.jpg","contentUrl":"https:\/\/www.nexoinformativo.mx\/wp-content\/uploads\/2025\/04\/IMG_2045.jpg","width":650,"height":380},{"@type":"BreadcrumbList","@id":"https:\/\/www.nexoinformativo.mx\/index.php\/2025\/04\/01\/salud-en-las-aulas-inician-lineamientos-para-alimentacion-sana-en-262-mil-escuelas-mexicanas\/#breadcrumb","itemListElement":[{"@type":"ListItem","position":1,"name":"Inicio","item":"https:\/\/www.nexoinformativo.mx\/"},{"@type":"ListItem","position":2,"name":"Salud en las aulas inician lineamientos para alimentaci\u00f3n sana en 262 mil escuelas mexicanas"}]},{"@type":"WebSite","@id":"https:\/\/www.nexoinformativo.mx\/#website","url":"https:\/\/www.nexoinformativo.mx\/","name":"Nexo Informativo Santiago de Quer\u00e9taro","description":"Explora NexoInformativo y convi\u00e9rtete en parte de una comunidad que valora el conocimiento y la verdad. Tu nexoinformativo es tu puente hacia una comprensi\u00f3n m\u00e1s profunda del mundo que te rodea.","publisher":{"@id":"https:\/\/www.nexoinformativo.mx\/#organization"},"potentialAction":[{"@type":"SearchAction","target":{"@type":"EntryPoint","urlTemplate":"https:\/\/www.nexoinformativo.mx\/?s={search_term_string}"},"query-input":{"@type":"PropertyValueSpecification","valueRequired":true,"valueName":"search_term_string"}}],"inLanguage":"es"},{"@type":"Organization","@id":"https:\/\/www.nexoinformativo.mx\/#organization","name":"Nexo Informativo Santiago de Quer\u00e9taro","url":"https:\/\/www.nexoinformativo.mx\/","logo":{"@type":"ImageObject","inLanguage":"es","@id":"https:\/\/www.nexoinformativo.mx\/#\/schema\/logo\/image\/","url":"https:\/\/www.nexoinformativo.mx\/wp-content\/uploads\/2024\/07\/nexoi-trasparente-2.png","contentUrl":"https:\/\/www.nexoinformativo.mx\/wp-content\/uploads\/2024\/07\/nexoi-trasparente-2.png","width":816,"height":339,"caption":"Nexo Informativo Santiago de Quer\u00e9taro"},"image":{"@id":"https:\/\/www.nexoinformativo.mx\/#\/schema\/logo\/image\/"},"sameAs":["https:\/\/www.facebook.com\/people\/Nexo-Informativo\/61564066885511\/"]},{"@type":"Person","@id":"https:\/\/www.nexoinformativo.mx\/#\/schema\/person\/7749d380ba08c8ca00d7bc76fd907b7d","name":"Nexo Informativo","image":{"@type":"ImageObject","inLanguage":"es","@id":"https:\/\/www.nexoinformativo.mx\/#\/schema\/person\/image\/","url":"https:\/\/secure.gravatar.com\/avatar\/dde2928154642a13d95f87ddf1ea9718fe2b46760a005c53e41ff5ad610704e6?s=96&d=mm&r=g","contentUrl":"https:\/\/secure.gravatar.com\/avatar\/dde2928154642a13d95f87ddf1ea9718fe2b46760a005c53e41ff5ad610704e6?s=96&d=mm&r=g","caption":"Nexo Informativo"},"url":"https:\/\/www.nexoinformativo.mx\/index.php\/author\/edicion\/"}]}},"_links":{"self":[{"href":"https:\/\/www.nexoinformativo.mx\/index.php\/wp-json\/wp\/v2\/posts\/13531","targetHints":{"allow":["GET"]}}],"collection":[{"href":"https:\/\/www.nexoinformativo.mx\/index.php\/wp-json\/wp\/v2\/posts"}],"about":[{"href":"https:\/\/www.nexoinformativo.mx\/index.php\/wp-json\/wp\/v2\/types\/post"}],"author":[{"embeddable":true,"href":"https:\/\/www.nexoinformativo.mx\/index.php\/wp-json\/wp\/v2\/users\/3"}],"replies":[{"embeddable":true,"href":"https:\/\/www.nexoinformativo.mx\/index.php\/wp-json\/wp\/v2\/comments?post=13531"}],"version-history":[{"count":3,"href":"https:\/\/www.nexoinformativo.mx\/index.php\/wp-json\/wp\/v2\/posts\/13531\/revisions"}],"predecessor-version":[{"id":13535,"href":"https:\/\/www.nexoinformativo.mx\/index.php\/wp-json\/wp\/v2\/posts\/13531\/revisions\/13535"}],"wp:featuredmedia":[{"embeddable":true,"href":"https:\/\/www.nexoinformativo.mx\/index.php\/wp-json\/wp\/v2\/media\/13532"}],"wp:attachment":[{"href":"https:\/\/www.nexoinformativo.mx\/index.php\/wp-json\/wp\/v2\/media?parent=13531"}],"wp:term":[{"taxonomy":"category","embeddable":true,"href":"https:\/\/www.nexoinformativo.mx\/index.php\/wp-json\/wp\/v2\/categories?post=13531"},{"taxonomy":"post_tag","embeddable":true,"href":"https:\/\/www.nexoinformativo.mx\/index.php\/wp-json\/wp\/v2\/tags?post=13531"}],"curies":[{"name":"wp","href":"https:\/\/api.w.org\/{rel}","templated":true}]}}