{"id":13536,"date":"2025-04-01T08:00:16","date_gmt":"2025-04-01T14:00:16","guid":{"rendered":"https:\/\/www.nexoinformativo.mx\/?p=13536"},"modified":"2025-04-01T10:49:21","modified_gmt":"2025-04-01T16:49:21","slug":"visibilidad-trans-piden-al-congreso-de-queretaro-legislar-por-la-identidad-de-genero","status":"publish","type":"post","link":"https:\/\/www.nexoinformativo.mx\/index.php\/2025\/04\/01\/visibilidad-trans-piden-al-congreso-de-queretaro-legislar-por-la-identidad-de-genero\/","title":{"rendered":"Visibilidad trans piden al Congreso de Quer\u00e9taro legislar por la identidad de g\u00e9nero"},"content":{"rendered":"<p style=\"text-align: justify;\" data-sourcepos=\"13:1-13:322\">En el marco del D\u00eda Internacional de la visibilidad trans, diputados de la Comisi\u00f3n de Diversidad y activistas han hecho un llamado urgente al Congreso de Quer\u00e9taro para que se legisle en favor del reconocimiento de la identidad de g\u00e9nero y se garantice el libre desarrollo de la personalidad.<\/p>\n<\/p>\n<p>&nbsp;<\/p>\n<p style=\"text-align: justify;\" data-sourcepos=\"15:1-15:247\">El diputado Jaime L\u00f3pez Vela (Morena), presidente de la Comisi\u00f3n de Diversidad, destac\u00f3 que 19 estados de M\u00e9xico ya cuentan con leyes que reconocen la identidad de g\u00e9nero auto percibida, y exhort\u00f3 al Congreso de Quer\u00e9taro a sumarse a estos avances.<\/p>\n<\/p>\n<p>&nbsp;<\/p>\n<p style=\"text-align: justify;\" data-sourcepos=\"17:1-17:259\">&#8220;Queremos hacer el llamado al Congreso de Quer\u00e9taro para que el derecho a la identidad de g\u00e9nero se incorpore al derecho positivo en ese estado. Ya hay resoluciones muy claras de la Suprema Corte de Justicia de la Naci\u00f3n en ese sentido&#8221;, argument\u00f3 L\u00f3pez Vela.<\/p>\n<\/p>\n<p>&nbsp;<\/p>\n<p style=\"text-align: justify;\" data-sourcepos=\"19:1-19:194\">La diputada Rufina Ben\u00edtez Estrada (Morena) inform\u00f3 que ya se han presentado dos iniciativas de ley en la Legislatura de Quer\u00e9taro sobre este tema, y pidi\u00f3 que se abran a discusi\u00f3n y aprobaci\u00f3n.<\/p>\n<\/p>\n<p>&nbsp;<\/p>\n<p style=\"text-align: justify;\" data-sourcepos=\"21:1-21:213\">Activistas como Roshell Terranova y Morganna Love tambi\u00e9n se unieron al llamado, destacando la importancia de garantizar los derechos de la poblaci\u00f3n trans y luchar contra la discriminaci\u00f3n y los cr\u00edmenes de odio.<\/p>\n<\/p>\n<p>&nbsp;<\/p>\n<p style=\"text-align: center;\" data-sourcepos=\"21:1-21:213\"><em><strong>\u00a1Informaci\u00f3n que transforma!<\/strong><\/em><\/p>\n","protected":false},"excerpt":{"rendered":"<p>En el marco del D\u00eda Internacional de la visibilidad trans, diputados de la Comisi\u00f3n de Diversidad y activistas han hecho un llamado urgente al Congreso de Quer\u00e9taro para que se legisle en favor del reconocimiento de la identidad de g\u00e9nero y se garantice el libre desarrollo de la personalidad<\/p>\n","protected":false},"author":3,"featured_media":13537,"comment_status":"open","ping_status":"open","sticky":false,"template":"","format":"standard","meta":{"footnotes":""},"categories":[42,21,58],"tags":[3955,3119,133,3954],"class_list":["post-13536","post","type-post","status-publish","format-standard","has-post-thumbnail","hentry","category-estado","category-politica","category-ultima-hora","tag-derechostrans","tag-identidaddegenero","tag-queretaro","tag-visibilidadtrans"],"yoast_head":"<!-- This site is optimized with the Yoast SEO plugin v25.0 - https:\/\/yoast.com\/wordpress\/plugins\/seo\/ -->\n<title>Visibilidad trans piden al Congreso de Quer\u00e9taro legislar por la identidad de g\u00e9nero | Nexo Informativo Santiago de Quer\u00e9taro<\/title>\n<meta name=\"description\" content=\"Visibilidad trans piden al Congreso de Quer\u00e9taro legislar por la identidad de g\u00e9nero\" \/>\n<meta name=\"robots\" content=\"index, follow, max-snippet:-1, max-image-preview:large, max-video-preview:-1\" \/>\n<link rel=\"canonical\" href=\"https:\/\/www.nexoinformativo.mx\/index.php\/2025\/04\/01\/visibilidad-trans-piden-al-congreso-de-queretaro-legislar-por-la-identidad-de-genero\/\" \/>\n<meta property=\"og:locale\" content=\"es_MX\" \/>\n<meta property=\"og:type\" content=\"article\" \/>\n<meta property=\"og:title\" content=\"Visibilidad trans piden al Congreso de Quer\u00e9taro legislar por la identidad de g\u00e9nero | Nexo Informativo Santiago de Quer\u00e9taro\" \/>\n<meta property=\"og:description\" content=\"Visibilidad trans piden al Congreso de Quer\u00e9taro legislar por la identidad de g\u00e9nero\" \/>\n<meta property=\"og:url\" content=\"https:\/\/www.nexoinformativo.mx\/index.php\/2025\/04\/01\/visibilidad-trans-piden-al-congreso-de-queretaro-legislar-por-la-identidad-de-genero\/\" \/>\n<meta property=\"og:site_name\" content=\"Nexo Informativo Santiago de Quer\u00e9taro\" \/>\n<meta property=\"article:publisher\" content=\"https:\/\/www.facebook.com\/people\/Nexo-Informativo\/61564066885511\/\" \/>\n<meta property=\"article:published_time\" content=\"2025-04-01T14:00:16+00:00\" \/>\n<meta property=\"article:modified_time\" content=\"2025-04-01T16:49:21+00:00\" \/>\n<meta property=\"og:image\" content=\"https:\/\/www.nexoinformativo.mx\/wp-content\/uploads\/2025\/04\/IMG_2047-e1743526117145.jpg\" \/>\n\t<meta property=\"og:image:width\" content=\"800\" \/>\n\t<meta property=\"og:image:height\" content=\"533\" \/>\n\t<meta property=\"og:image:type\" content=\"image\/jpeg\" \/>\n<meta name=\"author\" content=\"Nexo Informativo\" \/>\n<meta name=\"twitter:card\" content=\"summary_large_image\" \/>\n<meta name=\"twitter:label1\" content=\"Escrito por\" \/>\n\t<meta name=\"twitter:data1\" content=\"Nexo Informativo\" \/>\n\t<meta name=\"twitter:label2\" content=\"Tiempo de lectura\" \/>\n\t<meta name=\"twitter:data2\" content=\"2 minutos\" \/>\n<script type=\"application\/ld+json\" class=\"yoast-schema-graph\">{\"@context\":\"https:\/\/schema.org\",\"@graph\":[{\"@type\":\"Article\",\"@id\":\"https:\/\/www.nexoinformativo.mx\/index.php\/2025\/04\/01\/visibilidad-trans-piden-al-congreso-de-queretaro-legislar-por-la-identidad-de-genero\/#article\",\"isPartOf\":{\"@id\":\"https:\/\/www.nexoinformativo.mx\/index.php\/2025\/04\/01\/visibilidad-trans-piden-al-congreso-de-queretaro-legislar-por-la-identidad-de-genero\/\"},\"author\":{\"name\":\"Nexo Informativo\",\"@id\":\"https:\/\/www.nexoinformativo.mx\/#\/schema\/person\/7749d380ba08c8ca00d7bc76fd907b7d\"},\"headline\":\"Visibilidad trans piden al Congreso de Quer\u00e9taro legislar por la identidad de g\u00e9nero\",\"datePublished\":\"2025-04-01T14:00:16+00:00\",\"dateModified\":\"2025-04-01T16:49:21+00:00\",\"mainEntityOfPage\":{\"@id\":\"https:\/\/www.nexoinformativo.mx\/index.php\/2025\/04\/01\/visibilidad-trans-piden-al-congreso-de-queretaro-legislar-por-la-identidad-de-genero\/\"},\"wordCount\":245,\"commentCount\":0,\"publisher\":{\"@id\":\"https:\/\/www.nexoinformativo.mx\/#organization\"},\"image\":{\"@id\":\"https:\/\/www.nexoinformativo.mx\/index.php\/2025\/04\/01\/visibilidad-trans-piden-al-congreso-de-queretaro-legislar-por-la-identidad-de-genero\/#primaryimage\"},\"thumbnailUrl\":\"https:\/\/www.nexoinformativo.mx\/wp-content\/uploads\/2025\/04\/IMG_2047-e1743526117145.jpg\",\"keywords\":[\"DerechosTrans\",\"IdentidadDeG\u00e9nero\",\"Quer\u00e9taro\",\"VisibilidadTrans\"],\"articleSection\":[\"Estado\",\"Pol\u00edtica\",\"\u00daltima Hora\"],\"inLanguage\":\"es\",\"potentialAction\":[{\"@type\":\"CommentAction\",\"name\":\"Comment\",\"target\":[\"https:\/\/www.nexoinformativo.mx\/index.php\/2025\/04\/01\/visibilidad-trans-piden-al-congreso-de-queretaro-legislar-por-la-identidad-de-genero\/#respond\"]}]},{\"@type\":\"WebPage\",\"@id\":\"https:\/\/www.nexoinformativo.mx\/index.php\/2025\/04\/01\/visibilidad-trans-piden-al-congreso-de-queretaro-legislar-por-la-identidad-de-genero\/\",\"url\":\"https:\/\/www.nexoinformativo.mx\/index.php\/2025\/04\/01\/visibilidad-trans-piden-al-congreso-de-queretaro-legislar-por-la-identidad-de-genero\/\",\"name\":\"Visibilidad trans piden al Congreso de Quer\u00e9taro legislar por la identidad de g\u00e9nero | Nexo Informativo Santiago de Quer\u00e9taro\",\"isPartOf\":{\"@id\":\"https:\/\/www.nexoinformativo.mx\/#website\"},\"primaryImageOfPage\":{\"@id\":\"https:\/\/www.nexoinformativo.mx\/index.php\/2025\/04\/01\/visibilidad-trans-piden-al-congreso-de-queretaro-legislar-por-la-identidad-de-genero\/#primaryimage\"},\"image\":{\"@id\":\"https:\/\/www.nexoinformativo.mx\/index.php\/2025\/04\/01\/visibilidad-trans-piden-al-congreso-de-queretaro-legislar-por-la-identidad-de-genero\/#primaryimage\"},\"thumbnailUrl\":\"https:\/\/www.nexoinformativo.mx\/wp-content\/uploads\/2025\/04\/IMG_2047-e1743526117145.jpg\",\"datePublished\":\"2025-04-01T14:00:16+00:00\",\"dateModified\":\"2025-04-01T16:49:21+00:00\",\"description\":\"Visibilidad trans piden al Congreso de Quer\u00e9taro legislar por la identidad de g\u00e9nero\",\"breadcrumb\":{\"@id\":\"https:\/\/www.nexoinformativo.mx\/index.php\/2025\/04\/01\/visibilidad-trans-piden-al-congreso-de-queretaro-legislar-por-la-identidad-de-genero\/#breadcrumb\"},\"inLanguage\":\"es\",\"potentialAction\":[{\"@type\":\"ReadAction\",\"target\":[\"https:\/\/www.nexoinformativo.mx\/index.php\/2025\/04\/01\/visibilidad-trans-piden-al-congreso-de-queretaro-legislar-por-la-identidad-de-genero\/\"]}]},{\"@type\":\"ImageObject\",\"inLanguage\":\"es\",\"@id\":\"https:\/\/www.nexoinformativo.mx\/index.php\/2025\/04\/01\/visibilidad-trans-piden-al-congreso-de-queretaro-legislar-por-la-identidad-de-genero\/#primaryimage\",\"url\":\"https:\/\/www.nexoinformativo.mx\/wp-content\/uploads\/2025\/04\/IMG_2047-e1743526117145.jpg\",\"contentUrl\":\"https:\/\/www.nexoinformativo.mx\/wp-content\/uploads\/2025\/04\/IMG_2047-e1743526117145.jpg\",\"width\":800,\"height\":533},{\"@type\":\"BreadcrumbList\",\"@id\":\"https:\/\/www.nexoinformativo.mx\/index.php\/2025\/04\/01\/visibilidad-trans-piden-al-congreso-de-queretaro-legislar-por-la-identidad-de-genero\/#breadcrumb\",\"itemListElement\":[{\"@type\":\"ListItem\",\"position\":1,\"name\":\"Inicio\",\"item\":\"https:\/\/www.nexoinformativo.mx\/\"},{\"@type\":\"ListItem\",\"position\":2,\"name\":\"Visibilidad trans piden al Congreso de Quer\u00e9taro legislar por la identidad de g\u00e9nero\"}]},{\"@type\":\"WebSite\",\"@id\":\"https:\/\/www.nexoinformativo.mx\/#website\",\"url\":\"https:\/\/www.nexoinformativo.mx\/\",\"name\":\"Nexo Informativo Santiago de Quer\u00e9taro\",\"description\":\"Explora NexoInformativo y convi\u00e9rtete en parte de una comunidad que valora el conocimiento y la verdad. Tu nexoinformativo es tu puente hacia una comprensi\u00f3n m\u00e1s profunda del mundo que te rodea.\",\"publisher\":{\"@id\":\"https:\/\/www.nexoinformativo.mx\/#organization\"},\"potentialAction\":[{\"@type\":\"SearchAction\",\"target\":{\"@type\":\"EntryPoint\",\"urlTemplate\":\"https:\/\/www.nexoinformativo.mx\/?s={search_term_string}\"},\"query-input\":{\"@type\":\"PropertyValueSpecification\",\"valueRequired\":true,\"valueName\":\"search_term_string\"}}],\"inLanguage\":\"es\"},{\"@type\":\"Organization\",\"@id\":\"https:\/\/www.nexoinformativo.mx\/#organization\",\"name\":\"Nexo Informativo Santiago de Quer\u00e9taro\",\"url\":\"https:\/\/www.nexoinformativo.mx\/\",\"logo\":{\"@type\":\"ImageObject\",\"inLanguage\":\"es\",\"@id\":\"https:\/\/www.nexoinformativo.mx\/#\/schema\/logo\/image\/\",\"url\":\"https:\/\/www.nexoinformativo.mx\/wp-content\/uploads\/2024\/07\/nexoi-trasparente-2.png\",\"contentUrl\":\"https:\/\/www.nexoinformativo.mx\/wp-content\/uploads\/2024\/07\/nexoi-trasparente-2.png\",\"width\":816,\"height\":339,\"caption\":\"Nexo Informativo Santiago de Quer\u00e9taro\"},\"image\":{\"@id\":\"https:\/\/www.nexoinformativo.mx\/#\/schema\/logo\/image\/\"},\"sameAs\":[\"https:\/\/www.facebook.com\/people\/Nexo-Informativo\/61564066885511\/\"]},{\"@type\":\"Person\",\"@id\":\"https:\/\/www.nexoinformativo.mx\/#\/schema\/person\/7749d380ba08c8ca00d7bc76fd907b7d\",\"name\":\"Nexo Informativo\",\"image\":{\"@type\":\"ImageObject\",\"inLanguage\":\"es\",\"@id\":\"https:\/\/www.nexoinformativo.mx\/#\/schema\/person\/image\/\",\"url\":\"https:\/\/secure.gravatar.com\/avatar\/dde2928154642a13d95f87ddf1ea9718fe2b46760a005c53e41ff5ad610704e6?s=96&d=mm&r=g\",\"contentUrl\":\"https:\/\/secure.gravatar.com\/avatar\/dde2928154642a13d95f87ddf1ea9718fe2b46760a005c53e41ff5ad610704e6?s=96&d=mm&r=g\",\"caption\":\"Nexo Informativo\"},\"url\":\"https:\/\/www.nexoinformativo.mx\/index.php\/author\/edicion\/\"}]}<\/script>\n<!-- \/ Yoast SEO plugin. -->","yoast_head_json":{"title":"Visibilidad trans piden al Congreso de Quer\u00e9taro legislar por la identidad de g\u00e9nero | Nexo Informativo Santiago de Quer\u00e9taro","description":"Visibilidad trans piden al Congreso de Quer\u00e9taro legislar por la identidad de g\u00e9nero","robots":{"index":"index","follow":"follow","max-snippet":"max-snippet:-1","max-image-preview":"max-image-preview:large","max-video-preview":"max-video-preview:-1"},"canonical":"https:\/\/www.nexoinformativo.mx\/index.php\/2025\/04\/01\/visibilidad-trans-piden-al-congreso-de-queretaro-legislar-por-la-identidad-de-genero\/","og_locale":"es_MX","og_type":"article","og_title":"Visibilidad trans piden al Congreso de Quer\u00e9taro legislar por la identidad de g\u00e9nero | Nexo Informativo Santiago de Quer\u00e9taro","og_description":"Visibilidad trans piden al Congreso de Quer\u00e9taro legislar por la identidad de g\u00e9nero","og_url":"https:\/\/www.nexoinformativo.mx\/index.php\/2025\/04\/01\/visibilidad-trans-piden-al-congreso-de-queretaro-legislar-por-la-identidad-de-genero\/","og_site_name":"Nexo Informativo Santiago de Quer\u00e9taro","article_publisher":"https:\/\/www.facebook.com\/people\/Nexo-Informativo\/61564066885511\/","article_published_time":"2025-04-01T14:00:16+00:00","article_modified_time":"2025-04-01T16:49:21+00:00","og_image":[{"width":800,"height":533,"url":"https:\/\/www.nexoinformativo.mx\/wp-content\/uploads\/2025\/04\/IMG_2047-e1743526117145.jpg","type":"image\/jpeg"}],"author":"Nexo Informativo","twitter_card":"summary_large_image","twitter_misc":{"Escrito por":"Nexo Informativo","Tiempo de lectura":"2 minutos"},"schema":{"@context":"https:\/\/schema.org","@graph":[{"@type":"Article","@id":"https:\/\/www.nexoinformativo.mx\/index.php\/2025\/04\/01\/visibilidad-trans-piden-al-congreso-de-queretaro-legislar-por-la-identidad-de-genero\/#article","isPartOf":{"@id":"https:\/\/www.nexoinformativo.mx\/index.php\/2025\/04\/01\/visibilidad-trans-piden-al-congreso-de-queretaro-legislar-por-la-identidad-de-genero\/"},"author":{"name":"Nexo Informativo","@id":"https:\/\/www.nexoinformativo.mx\/#\/schema\/person\/7749d380ba08c8ca00d7bc76fd907b7d"},"headline":"Visibilidad trans piden al Congreso de Quer\u00e9taro legislar por la identidad de g\u00e9nero","datePublished":"2025-04-01T14:00:16+00:00","dateModified":"2025-04-01T16:49:21+00:00","mainEntityOfPage":{"@id":"https:\/\/www.nexoinformativo.mx\/index.php\/2025\/04\/01\/visibilidad-trans-piden-al-congreso-de-queretaro-legislar-por-la-identidad-de-genero\/"},"wordCount":245,"commentCount":0,"publisher":{"@id":"https:\/\/www.nexoinformativo.mx\/#organization"},"image":{"@id":"https:\/\/www.nexoinformativo.mx\/index.php\/2025\/04\/01\/visibilidad-trans-piden-al-congreso-de-queretaro-legislar-por-la-identidad-de-genero\/#primaryimage"},"thumbnailUrl":"https:\/\/www.nexoinformativo.mx\/wp-content\/uploads\/2025\/04\/IMG_2047-e1743526117145.jpg","keywords":["DerechosTrans","IdentidadDeG\u00e9nero","Quer\u00e9taro","VisibilidadTrans"],"articleSection":["Estado","Pol\u00edtica","\u00daltima Hora"],"inLanguage":"es","potentialAction":[{"@type":"CommentAction","name":"Comment","target":["https:\/\/www.nexoinformativo.mx\/index.php\/2025\/04\/01\/visibilidad-trans-piden-al-congreso-de-queretaro-legislar-por-la-identidad-de-genero\/#respond"]}]},{"@type":"WebPage","@id":"https:\/\/www.nexoinformativo.mx\/index.php\/2025\/04\/01\/visibilidad-trans-piden-al-congreso-de-queretaro-legislar-por-la-identidad-de-genero\/","url":"https:\/\/www.nexoinformativo.mx\/index.php\/2025\/04\/01\/visibilidad-trans-piden-al-congreso-de-queretaro-legislar-por-la-identidad-de-genero\/","name":"Visibilidad trans piden al Congreso de Quer\u00e9taro legislar por la identidad de g\u00e9nero | Nexo Informativo Santiago de Quer\u00e9taro","isPartOf":{"@id":"https:\/\/www.nexoinformativo.mx\/#website"},"primaryImageOfPage":{"@id":"https:\/\/www.nexoinformativo.mx\/index.php\/2025\/04\/01\/visibilidad-trans-piden-al-congreso-de-queretaro-legislar-por-la-identidad-de-genero\/#primaryimage"},"image":{"@id":"https:\/\/www.nexoinformativo.mx\/index.php\/2025\/04\/01\/visibilidad-trans-piden-al-congreso-de-queretaro-legislar-por-la-identidad-de-genero\/#primaryimage"},"thumbnailUrl":"https:\/\/www.nexoinformativo.mx\/wp-content\/uploads\/2025\/04\/IMG_2047-e1743526117145.jpg","datePublished":"2025-04-01T14:00:16+00:00","dateModified":"2025-04-01T16:49:21+00:00","description":"Visibilidad trans piden al Congreso de Quer\u00e9taro legislar por la identidad de g\u00e9nero","breadcrumb":{"@id":"https:\/\/www.nexoinformativo.mx\/index.php\/2025\/04\/01\/visibilidad-trans-piden-al-congreso-de-queretaro-legislar-por-la-identidad-de-genero\/#breadcrumb"},"inLanguage":"es","potentialAction":[{"@type":"ReadAction","target":["https:\/\/www.nexoinformativo.mx\/index.php\/2025\/04\/01\/visibilidad-trans-piden-al-congreso-de-queretaro-legislar-por-la-identidad-de-genero\/"]}]},{"@type":"ImageObject","inLanguage":"es","@id":"https:\/\/www.nexoinformativo.mx\/index.php\/2025\/04\/01\/visibilidad-trans-piden-al-congreso-de-queretaro-legislar-por-la-identidad-de-genero\/#primaryimage","url":"https:\/\/www.nexoinformativo.mx\/wp-content\/uploads\/2025\/04\/IMG_2047-e1743526117145.jpg","contentUrl":"https:\/\/www.nexoinformativo.mx\/wp-content\/uploads\/2025\/04\/IMG_2047-e1743526117145.jpg","width":800,"height":533},{"@type":"BreadcrumbList","@id":"https:\/\/www.nexoinformativo.mx\/index.php\/2025\/04\/01\/visibilidad-trans-piden-al-congreso-de-queretaro-legislar-por-la-identidad-de-genero\/#breadcrumb","itemListElement":[{"@type":"ListItem","position":1,"name":"Inicio","item":"https:\/\/www.nexoinformativo.mx\/"},{"@type":"ListItem","position":2,"name":"Visibilidad trans piden al Congreso de Quer\u00e9taro legislar por la identidad de g\u00e9nero"}]},{"@type":"WebSite","@id":"https:\/\/www.nexoinformativo.mx\/#website","url":"https:\/\/www.nexoinformativo.mx\/","name":"Nexo Informativo Santiago de Quer\u00e9taro","description":"Explora NexoInformativo y convi\u00e9rtete en parte de una comunidad que valora el conocimiento y la verdad. Tu nexoinformativo es tu puente hacia una comprensi\u00f3n m\u00e1s profunda del mundo que te rodea.","publisher":{"@id":"https:\/\/www.nexoinformativo.mx\/#organization"},"potentialAction":[{"@type":"SearchAction","target":{"@type":"EntryPoint","urlTemplate":"https:\/\/www.nexoinformativo.mx\/?s={search_term_string}"},"query-input":{"@type":"PropertyValueSpecification","valueRequired":true,"valueName":"search_term_string"}}],"inLanguage":"es"},{"@type":"Organization","@id":"https:\/\/www.nexoinformativo.mx\/#organization","name":"Nexo Informativo Santiago de Quer\u00e9taro","url":"https:\/\/www.nexoinformativo.mx\/","logo":{"@type":"ImageObject","inLanguage":"es","@id":"https:\/\/www.nexoinformativo.mx\/#\/schema\/logo\/image\/","url":"https:\/\/www.nexoinformativo.mx\/wp-content\/uploads\/2024\/07\/nexoi-trasparente-2.png","contentUrl":"https:\/\/www.nexoinformativo.mx\/wp-content\/uploads\/2024\/07\/nexoi-trasparente-2.png","width":816,"height":339,"caption":"Nexo Informativo Santiago de Quer\u00e9taro"},"image":{"@id":"https:\/\/www.nexoinformativo.mx\/#\/schema\/logo\/image\/"},"sameAs":["https:\/\/www.facebook.com\/people\/Nexo-Informativo\/61564066885511\/"]},{"@type":"Person","@id":"https:\/\/www.nexoinformativo.mx\/#\/schema\/person\/7749d380ba08c8ca00d7bc76fd907b7d","name":"Nexo Informativo","image":{"@type":"ImageObject","inLanguage":"es","@id":"https:\/\/www.nexoinformativo.mx\/#\/schema\/person\/image\/","url":"https:\/\/secure.gravatar.com\/avatar\/dde2928154642a13d95f87ddf1ea9718fe2b46760a005c53e41ff5ad610704e6?s=96&d=mm&r=g","contentUrl":"https:\/\/secure.gravatar.com\/avatar\/dde2928154642a13d95f87ddf1ea9718fe2b46760a005c53e41ff5ad610704e6?s=96&d=mm&r=g","caption":"Nexo Informativo"},"url":"https:\/\/www.nexoinformativo.mx\/index.php\/author\/edicion\/"}]}},"_links":{"self":[{"href":"https:\/\/www.nexoinformativo.mx\/index.php\/wp-json\/wp\/v2\/posts\/13536","targetHints":{"allow":["GET"]}}],"collection":[{"href":"https:\/\/www.nexoinformativo.mx\/index.php\/wp-json\/wp\/v2\/posts"}],"about":[{"href":"https:\/\/www.nexoinformativo.mx\/index.php\/wp-json\/wp\/v2\/types\/post"}],"author":[{"embeddable":true,"href":"https:\/\/www.nexoinformativo.mx\/index.php\/wp-json\/wp\/v2\/users\/3"}],"replies":[{"embeddable":true,"href":"https:\/\/www.nexoinformativo.mx\/index.php\/wp-json\/wp\/v2\/comments?post=13536"}],"version-history":[{"count":2,"href":"https:\/\/www.nexoinformativo.mx\/index.php\/wp-json\/wp\/v2\/posts\/13536\/revisions"}],"predecessor-version":[{"id":13539,"href":"https:\/\/www.nexoinformativo.mx\/index.php\/wp-json\/wp\/v2\/posts\/13536\/revisions\/13539"}],"wp:featuredmedia":[{"embeddable":true,"href":"https:\/\/www.nexoinformativo.mx\/index.php\/wp-json\/wp\/v2\/media\/13537"}],"wp:attachment":[{"href":"https:\/\/www.nexoinformativo.mx\/index.php\/wp-json\/wp\/v2\/media?parent=13536"}],"wp:term":[{"taxonomy":"category","embeddable":true,"href":"https:\/\/www.nexoinformativo.mx\/index.php\/wp-json\/wp\/v2\/categories?post=13536"},{"taxonomy":"post_tag","embeddable":true,"href":"https:\/\/www.nexoinformativo.mx\/index.php\/wp-json\/wp\/v2\/tags?post=13536"}],"curies":[{"name":"wp","href":"https:\/\/api.w.org\/{rel}","templated":true}]}}