{"id":13540,"date":"2025-04-01T08:30:34","date_gmt":"2025-04-01T14:30:34","guid":{"rendered":"https:\/\/www.nexoinformativo.mx\/?p=13540"},"modified":"2025-04-01T10:55:43","modified_gmt":"2025-04-01T16:55:43","slug":"senado-analiza-la-propuesta-para-fortalecer-la-identificacion-de-personas-desaparecidas","status":"publish","type":"post","link":"https:\/\/www.nexoinformativo.mx\/index.php\/2025\/04\/01\/senado-analiza-la-propuesta-para-fortalecer-la-identificacion-de-personas-desaparecidas\/","title":{"rendered":"Senado analiza la propuesta para fortalecer la identificaci\u00f3n de personas desaparecidas"},"content":{"rendered":"<p style=\"text-align: justify;\" data-sourcepos=\"13:1-13:285\">El Senado de la Rep\u00fablica ha dado a conocer la iniciativa presentada por la presidenta Claudia Sheinbaum, que busca reformar diversas disposiciones legales para agilizar la b\u00fasqueda, localizaci\u00f3n e identificaci\u00f3n de personas desaparecidas en M\u00e9xico.<\/p>\n<p>&nbsp;<\/p>\n<p style=\"text-align: justify;\" data-sourcepos=\"15:1-15:257\">La propuesta, publicada en la Gaceta Parlamentaria, plantea modificaciones a la Ley General en Materia de Desaparici\u00f3n Forzada de Personas, Desaparici\u00f3n Cometida por Particulares y del Sistema de B\u00fasqueda de Personas, as\u00ed como a la Ley General de Poblaci\u00f3n.<\/p>\n<p>&nbsp;<\/p>\n<p style=\"text-align: justify;\" data-sourcepos=\"17:1-17:223\">El objetivo principal de la reforma es fortalecer la actuaci\u00f3n de las autoridades desde las primeras horas de la desaparici\u00f3n, ampliar el espectro de sanciones y mejorar la coordinaci\u00f3n entre las instituciones involucradas.<\/p>\n<p>&nbsp;<\/p>\n<p style=\"text-align: justify;\" data-sourcepos=\"19:1-19:50\"><strong>Entre los puntos clave de la iniciativa, destacan:<\/strong><\/p>\n<p>&nbsp;<\/p>\n<p style=\"text-align: justify;\">*La creaci\u00f3n de la carpeta nacional de personas desaparecidas y no Localizadas.<\/p>\n<p style=\"text-align: justify;\">*La generaci\u00f3n de la ficha de b\u00fasqueda (f\u00edsica y digital).<\/p>\n<p style=\"text-align: justify;\">*La obligaci\u00f3n de las instituciones de mantener actualizados los registros de cuerpos y restos humanos.<\/p>\n<p style=\"text-align: justify;\">*El desarrollo de la Plataforma \u00danica de Identidad, que permitir\u00e1 b\u00fasquedas exhaustivas a trav\u00e9s de la CURP.<\/p>\n<p style=\"text-align: justify;\">*La integraci\u00f3n de datos biom\u00e9tricos de ni\u00f1os, ni\u00f1as y adolescentes al registro nacional de poblaci\u00f3n.<\/p>\n<p>&nbsp;<\/p>\n<p style=\"text-align: justify;\" data-sourcepos=\"27:1-27:216\">La iniciativa, que forma parte del eje prioritario de gobierno para la construcci\u00f3n de la paz y la lucha contra la impunidad, busca dar una respuesta m\u00e1s eficaz a la problem\u00e1tica de la desaparici\u00f3n forzada en M\u00e9xico.<\/p>\n<p>&nbsp;<\/p>\n<p style=\"text-align: center;\" data-sourcepos=\"27:1-27:216\"><em><strong>\u00a1Informaci\u00f3n que transforma!<\/strong><\/em><\/p>\n","protected":false},"excerpt":{"rendered":"<p>El Senado de la Rep\u00fablica ha dado a conocer la iniciativa presentada por la presidenta Claudia Sheinbaum, que busca reformar diversas disposiciones legales para agilizar la b\u00fasqueda, localizaci\u00f3n e identificaci\u00f3n de personas desaparecidas en M\u00e9xico.<\/p>\n","protected":false},"author":3,"featured_media":13541,"comment_status":"open","ping_status":"open","sticky":false,"template":"","format":"standard","meta":{"footnotes":""},"categories":[88,21,58],"tags":[3956,967,3818,1310],"class_list":["post-13540","post","type-post","status-publish","format-standard","has-post-thumbnail","hentry","category-nacional","category-politica","category-ultima-hora","tag-busquedadepersonas","tag-claudiasheinbaum","tag-desaparecidosmexico","tag-senadodelarepublica"],"yoast_head":"<!-- This site is optimized with the Yoast SEO plugin v25.0 - https:\/\/yoast.com\/wordpress\/plugins\/seo\/ -->\n<title>Senado analiza la propuesta para fortalecer la identificaci\u00f3n de personas desaparecidas | Nexo Informativo Santiago de Quer\u00e9taro<\/title>\n<meta name=\"description\" content=\"Senado analiza la propuesta para fortalecer la identificaci\u00f3n de personas desaparecidas\" \/>\n<meta name=\"robots\" content=\"index, follow, max-snippet:-1, max-image-preview:large, max-video-preview:-1\" \/>\n<link rel=\"canonical\" href=\"https:\/\/www.nexoinformativo.mx\/index.php\/2025\/04\/01\/senado-analiza-la-propuesta-para-fortalecer-la-identificacion-de-personas-desaparecidas\/\" \/>\n<meta property=\"og:locale\" content=\"es_MX\" \/>\n<meta property=\"og:type\" content=\"article\" \/>\n<meta property=\"og:title\" content=\"Senado analiza la propuesta para fortalecer la identificaci\u00f3n de personas desaparecidas | Nexo Informativo Santiago de Quer\u00e9taro\" \/>\n<meta property=\"og:description\" content=\"Senado analiza la propuesta para fortalecer la identificaci\u00f3n de personas desaparecidas\" \/>\n<meta property=\"og:url\" content=\"https:\/\/www.nexoinformativo.mx\/index.php\/2025\/04\/01\/senado-analiza-la-propuesta-para-fortalecer-la-identificacion-de-personas-desaparecidas\/\" \/>\n<meta property=\"og:site_name\" content=\"Nexo Informativo Santiago de Quer\u00e9taro\" \/>\n<meta property=\"article:publisher\" content=\"https:\/\/www.facebook.com\/people\/Nexo-Informativo\/61564066885511\/\" \/>\n<meta property=\"article:published_time\" content=\"2025-04-01T14:30:34+00:00\" \/>\n<meta property=\"article:modified_time\" content=\"2025-04-01T16:55:43+00:00\" \/>\n<meta property=\"og:image\" content=\"https:\/\/www.nexoinformativo.mx\/wp-content\/uploads\/2025\/04\/IMG_2048-scaled-e1743526428304.jpg\" \/>\n\t<meta property=\"og:image:width\" content=\"800\" \/>\n\t<meta property=\"og:image:height\" content=\"450\" \/>\n\t<meta property=\"og:image:type\" content=\"image\/jpeg\" \/>\n<meta name=\"author\" content=\"Nexo Informativo\" \/>\n<meta name=\"twitter:card\" content=\"summary_large_image\" \/>\n<meta name=\"twitter:label1\" content=\"Escrito por\" \/>\n\t<meta name=\"twitter:data1\" content=\"Nexo Informativo\" \/>\n\t<meta name=\"twitter:label2\" content=\"Tiempo de lectura\" \/>\n\t<meta name=\"twitter:data2\" content=\"2 minutos\" \/>\n<script type=\"application\/ld+json\" class=\"yoast-schema-graph\">{\"@context\":\"https:\/\/schema.org\",\"@graph\":[{\"@type\":\"Article\",\"@id\":\"https:\/\/www.nexoinformativo.mx\/index.php\/2025\/04\/01\/senado-analiza-la-propuesta-para-fortalecer-la-identificacion-de-personas-desaparecidas\/#article\",\"isPartOf\":{\"@id\":\"https:\/\/www.nexoinformativo.mx\/index.php\/2025\/04\/01\/senado-analiza-la-propuesta-para-fortalecer-la-identificacion-de-personas-desaparecidas\/\"},\"author\":{\"name\":\"Nexo Informativo\",\"@id\":\"https:\/\/www.nexoinformativo.mx\/#\/schema\/person\/7749d380ba08c8ca00d7bc76fd907b7d\"},\"headline\":\"Senado analiza la propuesta para fortalecer la identificaci\u00f3n de personas desaparecidas\",\"datePublished\":\"2025-04-01T14:30:34+00:00\",\"dateModified\":\"2025-04-01T16:55:43+00:00\",\"mainEntityOfPage\":{\"@id\":\"https:\/\/www.nexoinformativo.mx\/index.php\/2025\/04\/01\/senado-analiza-la-propuesta-para-fortalecer-la-identificacion-de-personas-desaparecidas\/\"},\"wordCount\":272,\"commentCount\":0,\"publisher\":{\"@id\":\"https:\/\/www.nexoinformativo.mx\/#organization\"},\"image\":{\"@id\":\"https:\/\/www.nexoinformativo.mx\/index.php\/2025\/04\/01\/senado-analiza-la-propuesta-para-fortalecer-la-identificacion-de-personas-desaparecidas\/#primaryimage\"},\"thumbnailUrl\":\"https:\/\/www.nexoinformativo.mx\/wp-content\/uploads\/2025\/04\/IMG_2048-scaled-e1743526428304.jpg\",\"keywords\":[\"B\u00fasquedaDePersonas\",\"ClaudiaSheinbaum\",\"DesaparecidosM\u00e9xico\",\"SenadoDeLaRep\u00fablica\"],\"articleSection\":[\"Nacional\",\"Pol\u00edtica\",\"\u00daltima Hora\"],\"inLanguage\":\"es\",\"potentialAction\":[{\"@type\":\"CommentAction\",\"name\":\"Comment\",\"target\":[\"https:\/\/www.nexoinformativo.mx\/index.php\/2025\/04\/01\/senado-analiza-la-propuesta-para-fortalecer-la-identificacion-de-personas-desaparecidas\/#respond\"]}]},{\"@type\":\"WebPage\",\"@id\":\"https:\/\/www.nexoinformativo.mx\/index.php\/2025\/04\/01\/senado-analiza-la-propuesta-para-fortalecer-la-identificacion-de-personas-desaparecidas\/\",\"url\":\"https:\/\/www.nexoinformativo.mx\/index.php\/2025\/04\/01\/senado-analiza-la-propuesta-para-fortalecer-la-identificacion-de-personas-desaparecidas\/\",\"name\":\"Senado analiza la propuesta para fortalecer la identificaci\u00f3n de personas desaparecidas | Nexo Informativo Santiago de Quer\u00e9taro\",\"isPartOf\":{\"@id\":\"https:\/\/www.nexoinformativo.mx\/#website\"},\"primaryImageOfPage\":{\"@id\":\"https:\/\/www.nexoinformativo.mx\/index.php\/2025\/04\/01\/senado-analiza-la-propuesta-para-fortalecer-la-identificacion-de-personas-desaparecidas\/#primaryimage\"},\"image\":{\"@id\":\"https:\/\/www.nexoinformativo.mx\/index.php\/2025\/04\/01\/senado-analiza-la-propuesta-para-fortalecer-la-identificacion-de-personas-desaparecidas\/#primaryimage\"},\"thumbnailUrl\":\"https:\/\/www.nexoinformativo.mx\/wp-content\/uploads\/2025\/04\/IMG_2048-scaled-e1743526428304.jpg\",\"datePublished\":\"2025-04-01T14:30:34+00:00\",\"dateModified\":\"2025-04-01T16:55:43+00:00\",\"description\":\"Senado analiza la propuesta para fortalecer la identificaci\u00f3n de personas desaparecidas\",\"breadcrumb\":{\"@id\":\"https:\/\/www.nexoinformativo.mx\/index.php\/2025\/04\/01\/senado-analiza-la-propuesta-para-fortalecer-la-identificacion-de-personas-desaparecidas\/#breadcrumb\"},\"inLanguage\":\"es\",\"potentialAction\":[{\"@type\":\"ReadAction\",\"target\":[\"https:\/\/www.nexoinformativo.mx\/index.php\/2025\/04\/01\/senado-analiza-la-propuesta-para-fortalecer-la-identificacion-de-personas-desaparecidas\/\"]}]},{\"@type\":\"ImageObject\",\"inLanguage\":\"es\",\"@id\":\"https:\/\/www.nexoinformativo.mx\/index.php\/2025\/04\/01\/senado-analiza-la-propuesta-para-fortalecer-la-identificacion-de-personas-desaparecidas\/#primaryimage\",\"url\":\"https:\/\/www.nexoinformativo.mx\/wp-content\/uploads\/2025\/04\/IMG_2048-scaled-e1743526428304.jpg\",\"contentUrl\":\"https:\/\/www.nexoinformativo.mx\/wp-content\/uploads\/2025\/04\/IMG_2048-scaled-e1743526428304.jpg\",\"width\":800,\"height\":450},{\"@type\":\"BreadcrumbList\",\"@id\":\"https:\/\/www.nexoinformativo.mx\/index.php\/2025\/04\/01\/senado-analiza-la-propuesta-para-fortalecer-la-identificacion-de-personas-desaparecidas\/#breadcrumb\",\"itemListElement\":[{\"@type\":\"ListItem\",\"position\":1,\"name\":\"Inicio\",\"item\":\"https:\/\/www.nexoinformativo.mx\/\"},{\"@type\":\"ListItem\",\"position\":2,\"name\":\"Senado analiza la propuesta para fortalecer la identificaci\u00f3n de personas desaparecidas\"}]},{\"@type\":\"WebSite\",\"@id\":\"https:\/\/www.nexoinformativo.mx\/#website\",\"url\":\"https:\/\/www.nexoinformativo.mx\/\",\"name\":\"Nexo Informativo Santiago de Quer\u00e9taro\",\"description\":\"Explora NexoInformativo y convi\u00e9rtete en parte de una comunidad que valora el conocimiento y la verdad. Tu nexoinformativo es tu puente hacia una comprensi\u00f3n m\u00e1s profunda del mundo que te rodea.\",\"publisher\":{\"@id\":\"https:\/\/www.nexoinformativo.mx\/#organization\"},\"potentialAction\":[{\"@type\":\"SearchAction\",\"target\":{\"@type\":\"EntryPoint\",\"urlTemplate\":\"https:\/\/www.nexoinformativo.mx\/?s={search_term_string}\"},\"query-input\":{\"@type\":\"PropertyValueSpecification\",\"valueRequired\":true,\"valueName\":\"search_term_string\"}}],\"inLanguage\":\"es\"},{\"@type\":\"Organization\",\"@id\":\"https:\/\/www.nexoinformativo.mx\/#organization\",\"name\":\"Nexo Informativo Santiago de Quer\u00e9taro\",\"url\":\"https:\/\/www.nexoinformativo.mx\/\",\"logo\":{\"@type\":\"ImageObject\",\"inLanguage\":\"es\",\"@id\":\"https:\/\/www.nexoinformativo.mx\/#\/schema\/logo\/image\/\",\"url\":\"https:\/\/www.nexoinformativo.mx\/wp-content\/uploads\/2024\/07\/nexoi-trasparente-2.png\",\"contentUrl\":\"https:\/\/www.nexoinformativo.mx\/wp-content\/uploads\/2024\/07\/nexoi-trasparente-2.png\",\"width\":816,\"height\":339,\"caption\":\"Nexo Informativo Santiago de Quer\u00e9taro\"},\"image\":{\"@id\":\"https:\/\/www.nexoinformativo.mx\/#\/schema\/logo\/image\/\"},\"sameAs\":[\"https:\/\/www.facebook.com\/people\/Nexo-Informativo\/61564066885511\/\"]},{\"@type\":\"Person\",\"@id\":\"https:\/\/www.nexoinformativo.mx\/#\/schema\/person\/7749d380ba08c8ca00d7bc76fd907b7d\",\"name\":\"Nexo Informativo\",\"image\":{\"@type\":\"ImageObject\",\"inLanguage\":\"es\",\"@id\":\"https:\/\/www.nexoinformativo.mx\/#\/schema\/person\/image\/\",\"url\":\"https:\/\/secure.gravatar.com\/avatar\/dde2928154642a13d95f87ddf1ea9718fe2b46760a005c53e41ff5ad610704e6?s=96&d=mm&r=g\",\"contentUrl\":\"https:\/\/secure.gravatar.com\/avatar\/dde2928154642a13d95f87ddf1ea9718fe2b46760a005c53e41ff5ad610704e6?s=96&d=mm&r=g\",\"caption\":\"Nexo Informativo\"},\"url\":\"https:\/\/www.nexoinformativo.mx\/index.php\/author\/edicion\/\"}]}<\/script>\n<!-- \/ Yoast SEO plugin. -->","yoast_head_json":{"title":"Senado analiza la propuesta para fortalecer la identificaci\u00f3n de personas desaparecidas | Nexo Informativo Santiago de Quer\u00e9taro","description":"Senado analiza la propuesta para fortalecer la identificaci\u00f3n de personas desaparecidas","robots":{"index":"index","follow":"follow","max-snippet":"max-snippet:-1","max-image-preview":"max-image-preview:large","max-video-preview":"max-video-preview:-1"},"canonical":"https:\/\/www.nexoinformativo.mx\/index.php\/2025\/04\/01\/senado-analiza-la-propuesta-para-fortalecer-la-identificacion-de-personas-desaparecidas\/","og_locale":"es_MX","og_type":"article","og_title":"Senado analiza la propuesta para fortalecer la identificaci\u00f3n de personas desaparecidas | Nexo Informativo Santiago de Quer\u00e9taro","og_description":"Senado analiza la propuesta para fortalecer la identificaci\u00f3n de personas desaparecidas","og_url":"https:\/\/www.nexoinformativo.mx\/index.php\/2025\/04\/01\/senado-analiza-la-propuesta-para-fortalecer-la-identificacion-de-personas-desaparecidas\/","og_site_name":"Nexo Informativo Santiago de Quer\u00e9taro","article_publisher":"https:\/\/www.facebook.com\/people\/Nexo-Informativo\/61564066885511\/","article_published_time":"2025-04-01T14:30:34+00:00","article_modified_time":"2025-04-01T16:55:43+00:00","og_image":[{"width":800,"height":450,"url":"https:\/\/www.nexoinformativo.mx\/wp-content\/uploads\/2025\/04\/IMG_2048-scaled-e1743526428304.jpg","type":"image\/jpeg"}],"author":"Nexo Informativo","twitter_card":"summary_large_image","twitter_misc":{"Escrito por":"Nexo Informativo","Tiempo de lectura":"2 minutos"},"schema":{"@context":"https:\/\/schema.org","@graph":[{"@type":"Article","@id":"https:\/\/www.nexoinformativo.mx\/index.php\/2025\/04\/01\/senado-analiza-la-propuesta-para-fortalecer-la-identificacion-de-personas-desaparecidas\/#article","isPartOf":{"@id":"https:\/\/www.nexoinformativo.mx\/index.php\/2025\/04\/01\/senado-analiza-la-propuesta-para-fortalecer-la-identificacion-de-personas-desaparecidas\/"},"author":{"name":"Nexo Informativo","@id":"https:\/\/www.nexoinformativo.mx\/#\/schema\/person\/7749d380ba08c8ca00d7bc76fd907b7d"},"headline":"Senado analiza la propuesta para fortalecer la identificaci\u00f3n de personas desaparecidas","datePublished":"2025-04-01T14:30:34+00:00","dateModified":"2025-04-01T16:55:43+00:00","mainEntityOfPage":{"@id":"https:\/\/www.nexoinformativo.mx\/index.php\/2025\/04\/01\/senado-analiza-la-propuesta-para-fortalecer-la-identificacion-de-personas-desaparecidas\/"},"wordCount":272,"commentCount":0,"publisher":{"@id":"https:\/\/www.nexoinformativo.mx\/#organization"},"image":{"@id":"https:\/\/www.nexoinformativo.mx\/index.php\/2025\/04\/01\/senado-analiza-la-propuesta-para-fortalecer-la-identificacion-de-personas-desaparecidas\/#primaryimage"},"thumbnailUrl":"https:\/\/www.nexoinformativo.mx\/wp-content\/uploads\/2025\/04\/IMG_2048-scaled-e1743526428304.jpg","keywords":["B\u00fasquedaDePersonas","ClaudiaSheinbaum","DesaparecidosM\u00e9xico","SenadoDeLaRep\u00fablica"],"articleSection":["Nacional","Pol\u00edtica","\u00daltima Hora"],"inLanguage":"es","potentialAction":[{"@type":"CommentAction","name":"Comment","target":["https:\/\/www.nexoinformativo.mx\/index.php\/2025\/04\/01\/senado-analiza-la-propuesta-para-fortalecer-la-identificacion-de-personas-desaparecidas\/#respond"]}]},{"@type":"WebPage","@id":"https:\/\/www.nexoinformativo.mx\/index.php\/2025\/04\/01\/senado-analiza-la-propuesta-para-fortalecer-la-identificacion-de-personas-desaparecidas\/","url":"https:\/\/www.nexoinformativo.mx\/index.php\/2025\/04\/01\/senado-analiza-la-propuesta-para-fortalecer-la-identificacion-de-personas-desaparecidas\/","name":"Senado analiza la propuesta para fortalecer la identificaci\u00f3n de personas desaparecidas | Nexo Informativo Santiago de Quer\u00e9taro","isPartOf":{"@id":"https:\/\/www.nexoinformativo.mx\/#website"},"primaryImageOfPage":{"@id":"https:\/\/www.nexoinformativo.mx\/index.php\/2025\/04\/01\/senado-analiza-la-propuesta-para-fortalecer-la-identificacion-de-personas-desaparecidas\/#primaryimage"},"image":{"@id":"https:\/\/www.nexoinformativo.mx\/index.php\/2025\/04\/01\/senado-analiza-la-propuesta-para-fortalecer-la-identificacion-de-personas-desaparecidas\/#primaryimage"},"thumbnailUrl":"https:\/\/www.nexoinformativo.mx\/wp-content\/uploads\/2025\/04\/IMG_2048-scaled-e1743526428304.jpg","datePublished":"2025-04-01T14:30:34+00:00","dateModified":"2025-04-01T16:55:43+00:00","description":"Senado analiza la propuesta para fortalecer la identificaci\u00f3n de personas desaparecidas","breadcrumb":{"@id":"https:\/\/www.nexoinformativo.mx\/index.php\/2025\/04\/01\/senado-analiza-la-propuesta-para-fortalecer-la-identificacion-de-personas-desaparecidas\/#breadcrumb"},"inLanguage":"es","potentialAction":[{"@type":"ReadAction","target":["https:\/\/www.nexoinformativo.mx\/index.php\/2025\/04\/01\/senado-analiza-la-propuesta-para-fortalecer-la-identificacion-de-personas-desaparecidas\/"]}]},{"@type":"ImageObject","inLanguage":"es","@id":"https:\/\/www.nexoinformativo.mx\/index.php\/2025\/04\/01\/senado-analiza-la-propuesta-para-fortalecer-la-identificacion-de-personas-desaparecidas\/#primaryimage","url":"https:\/\/www.nexoinformativo.mx\/wp-content\/uploads\/2025\/04\/IMG_2048-scaled-e1743526428304.jpg","contentUrl":"https:\/\/www.nexoinformativo.mx\/wp-content\/uploads\/2025\/04\/IMG_2048-scaled-e1743526428304.jpg","width":800,"height":450},{"@type":"BreadcrumbList","@id":"https:\/\/www.nexoinformativo.mx\/index.php\/2025\/04\/01\/senado-analiza-la-propuesta-para-fortalecer-la-identificacion-de-personas-desaparecidas\/#breadcrumb","itemListElement":[{"@type":"ListItem","position":1,"name":"Inicio","item":"https:\/\/www.nexoinformativo.mx\/"},{"@type":"ListItem","position":2,"name":"Senado analiza la propuesta para fortalecer la identificaci\u00f3n de personas desaparecidas"}]},{"@type":"WebSite","@id":"https:\/\/www.nexoinformativo.mx\/#website","url":"https:\/\/www.nexoinformativo.mx\/","name":"Nexo Informativo Santiago de Quer\u00e9taro","description":"Explora NexoInformativo y convi\u00e9rtete en parte de una comunidad que valora el conocimiento y la verdad. Tu nexoinformativo es tu puente hacia una comprensi\u00f3n m\u00e1s profunda del mundo que te rodea.","publisher":{"@id":"https:\/\/www.nexoinformativo.mx\/#organization"},"potentialAction":[{"@type":"SearchAction","target":{"@type":"EntryPoint","urlTemplate":"https:\/\/www.nexoinformativo.mx\/?s={search_term_string}"},"query-input":{"@type":"PropertyValueSpecification","valueRequired":true,"valueName":"search_term_string"}}],"inLanguage":"es"},{"@type":"Organization","@id":"https:\/\/www.nexoinformativo.mx\/#organization","name":"Nexo Informativo Santiago de Quer\u00e9taro","url":"https:\/\/www.nexoinformativo.mx\/","logo":{"@type":"ImageObject","inLanguage":"es","@id":"https:\/\/www.nexoinformativo.mx\/#\/schema\/logo\/image\/","url":"https:\/\/www.nexoinformativo.mx\/wp-content\/uploads\/2024\/07\/nexoi-trasparente-2.png","contentUrl":"https:\/\/www.nexoinformativo.mx\/wp-content\/uploads\/2024\/07\/nexoi-trasparente-2.png","width":816,"height":339,"caption":"Nexo Informativo Santiago de Quer\u00e9taro"},"image":{"@id":"https:\/\/www.nexoinformativo.mx\/#\/schema\/logo\/image\/"},"sameAs":["https:\/\/www.facebook.com\/people\/Nexo-Informativo\/61564066885511\/"]},{"@type":"Person","@id":"https:\/\/www.nexoinformativo.mx\/#\/schema\/person\/7749d380ba08c8ca00d7bc76fd907b7d","name":"Nexo Informativo","image":{"@type":"ImageObject","inLanguage":"es","@id":"https:\/\/www.nexoinformativo.mx\/#\/schema\/person\/image\/","url":"https:\/\/secure.gravatar.com\/avatar\/dde2928154642a13d95f87ddf1ea9718fe2b46760a005c53e41ff5ad610704e6?s=96&d=mm&r=g","contentUrl":"https:\/\/secure.gravatar.com\/avatar\/dde2928154642a13d95f87ddf1ea9718fe2b46760a005c53e41ff5ad610704e6?s=96&d=mm&r=g","caption":"Nexo Informativo"},"url":"https:\/\/www.nexoinformativo.mx\/index.php\/author\/edicion\/"}]}},"_links":{"self":[{"href":"https:\/\/www.nexoinformativo.mx\/index.php\/wp-json\/wp\/v2\/posts\/13540","targetHints":{"allow":["GET"]}}],"collection":[{"href":"https:\/\/www.nexoinformativo.mx\/index.php\/wp-json\/wp\/v2\/posts"}],"about":[{"href":"https:\/\/www.nexoinformativo.mx\/index.php\/wp-json\/wp\/v2\/types\/post"}],"author":[{"embeddable":true,"href":"https:\/\/www.nexoinformativo.mx\/index.php\/wp-json\/wp\/v2\/users\/3"}],"replies":[{"embeddable":true,"href":"https:\/\/www.nexoinformativo.mx\/index.php\/wp-json\/wp\/v2\/comments?post=13540"}],"version-history":[{"count":4,"href":"https:\/\/www.nexoinformativo.mx\/index.php\/wp-json\/wp\/v2\/posts\/13540\/revisions"}],"predecessor-version":[{"id":13544,"href":"https:\/\/www.nexoinformativo.mx\/index.php\/wp-json\/wp\/v2\/posts\/13540\/revisions\/13544"}],"wp:featuredmedia":[{"embeddable":true,"href":"https:\/\/www.nexoinformativo.mx\/index.php\/wp-json\/wp\/v2\/media\/13541"}],"wp:attachment":[{"href":"https:\/\/www.nexoinformativo.mx\/index.php\/wp-json\/wp\/v2\/media?parent=13540"}],"wp:term":[{"taxonomy":"category","embeddable":true,"href":"https:\/\/www.nexoinformativo.mx\/index.php\/wp-json\/wp\/v2\/categories?post=13540"},{"taxonomy":"post_tag","embeddable":true,"href":"https:\/\/www.nexoinformativo.mx\/index.php\/wp-json\/wp\/v2\/tags?post=13540"}],"curies":[{"name":"wp","href":"https:\/\/api.w.org\/{rel}","templated":true}]}}