{"id":13559,"date":"2025-04-01T14:00:20","date_gmt":"2025-04-01T20:00:20","guid":{"rendered":"https:\/\/www.nexoinformativo.mx\/?p=13559"},"modified":"2025-04-01T19:14:07","modified_gmt":"2025-04-02T01:14:07","slug":"proyecto-ferroviario-queretaro-espera-definicion-de-ubicacion-de-estacion-central","status":"publish","type":"post","link":"https:\/\/www.nexoinformativo.mx\/index.php\/2025\/04\/01\/proyecto-ferroviario-queretaro-espera-definicion-de-ubicacion-de-estacion-central\/","title":{"rendered":"Proyecto ferroviario Quer\u00e9taro espera definici\u00f3n de ubicaci\u00f3n de estaci\u00f3n central"},"content":{"rendered":"<p style=\"text-align: justify;\" data-sourcepos=\"13:1-13:234\">La ubicaci\u00f3n de la estaci\u00f3n central del tren de pasajeros M\u00e9xico-Quer\u00e9taro a\u00fan no ha sido definida, seg\u00fan inform\u00f3 el secretario de Desarrollo Urbano y Obras P\u00fablicas del Gobierno del Estado, Pio X Salgado.<\/p>\n<p>&nbsp;<\/p>\n<p style=\"text-align: justify;\" data-sourcepos=\"15:1-15:168\">El Gobierno de M\u00e9xico est\u00e1 revisando dos posibles ubicaciones: las inmediaciones de la antigua estaci\u00f3n en el Centro Hist\u00f3rico y una zona cercana a la 17a Zona Militar.<\/p>\n<p>&nbsp;<\/p>\n<p style=\"text-align: justify;\" data-sourcepos=\"17:1-17:274\">El secretario Salgado indic\u00f3 que se espera que la Federaci\u00f3n defina la ubicaci\u00f3n esta semana, ya que el Ej\u00e9rcito Mexicano iniciar\u00e1 pronto las obras del proyecto. Adem\u00e1s, se espera que la presidenta Claudia Sheinbaum realice un anuncio sobre el proyecto en los pr\u00f3ximos d\u00edas.<\/p>\n<p>&nbsp;<\/p>\n<p style=\"text-align: justify;\" data-sourcepos=\"19:1-19:328\">Se contempla que las obras inicien en el sistema de v\u00edas y otros espacios, mientras que la construcci\u00f3n de las estaciones en Quer\u00e9taro podr\u00eda comenzar seis meses despu\u00e9s.<\/p>\n<p>&nbsp;<\/p>\n<p style=\"text-align: justify;\" data-sourcepos=\"19:1-19:328\">Tambi\u00e9n se confirm\u00f3 que habr\u00e1 una parada del tren cerca del Aeropuerto Internacional de Quer\u00e9taro (AIQ), aunque la ubicaci\u00f3n exacta a\u00fan no se ha determinado.<\/p>\n<p>&nbsp;<\/p>\n<p style=\"text-align: center;\" data-sourcepos=\"19:1-19:328\"><em><strong>\u00a1Informaci\u00f3n que transforma!<\/strong><\/em><\/p>\n","protected":false},"excerpt":{"rendered":"<p>La ubicaci\u00f3n de la estaci\u00f3n central del tren de pasajeros M\u00e9xico-Quer\u00e9taro a\u00fan no ha sido definida, seg\u00fan inform\u00f3 el secretario de Desarrollo Urbano y Obras P\u00fablicas del Gobierno del Estado, Pio X Salgado.<\/p>\n","protected":false},"author":3,"featured_media":13565,"comment_status":"open","ping_status":"open","sticky":false,"template":"","format":"standard","meta":{"footnotes":""},"categories":[42,58],"tags":[967,734,133,1009],"class_list":["post-13559","post","type-post","status-publish","format-standard","has-post-thumbnail","hentry","category-estado","category-ultima-hora","tag-claudiasheinbaum","tag-infraestructura","tag-queretaro","tag-trenmexicoqueretaro"],"yoast_head":"<!-- This site is optimized with the Yoast SEO plugin v25.0 - https:\/\/yoast.com\/wordpress\/plugins\/seo\/ -->\n<title>Proyecto ferroviario Quer\u00e9taro espera definici\u00f3n de ubicaci\u00f3n de estaci\u00f3n central | Nexo Informativo Santiago de Quer\u00e9taro<\/title>\n<meta name=\"description\" content=\"Proyecto ferroviario Quer\u00e9taro espera definici\u00f3n de ubicaci\u00f3n de estaci\u00f3n central\" \/>\n<meta name=\"robots\" content=\"index, follow, max-snippet:-1, max-image-preview:large, max-video-preview:-1\" \/>\n<link rel=\"canonical\" href=\"https:\/\/www.nexoinformativo.mx\/index.php\/2025\/04\/01\/proyecto-ferroviario-queretaro-espera-definicion-de-ubicacion-de-estacion-central\/\" \/>\n<meta property=\"og:locale\" content=\"es_MX\" \/>\n<meta property=\"og:type\" content=\"article\" \/>\n<meta property=\"og:title\" content=\"Proyecto ferroviario Quer\u00e9taro espera definici\u00f3n de ubicaci\u00f3n de estaci\u00f3n central | Nexo Informativo Santiago de Quer\u00e9taro\" \/>\n<meta property=\"og:description\" content=\"Proyecto ferroviario Quer\u00e9taro espera definici\u00f3n de ubicaci\u00f3n de estaci\u00f3n central\" \/>\n<meta property=\"og:url\" content=\"https:\/\/www.nexoinformativo.mx\/index.php\/2025\/04\/01\/proyecto-ferroviario-queretaro-espera-definicion-de-ubicacion-de-estacion-central\/\" \/>\n<meta property=\"og:site_name\" content=\"Nexo Informativo Santiago de Quer\u00e9taro\" \/>\n<meta property=\"article:publisher\" content=\"https:\/\/www.facebook.com\/people\/Nexo-Informativo\/61564066885511\/\" \/>\n<meta property=\"article:published_time\" content=\"2025-04-01T20:00:20+00:00\" \/>\n<meta property=\"article:modified_time\" content=\"2025-04-02T01:14:07+00:00\" \/>\n<meta property=\"og:image\" content=\"https:\/\/www.nexoinformativo.mx\/wp-content\/uploads\/2025\/04\/PHOTO-2025-04-01-19-07-29.jpg\" \/>\n\t<meta property=\"og:image:width\" content=\"475\" \/>\n\t<meta property=\"og:image:height\" content=\"295\" \/>\n\t<meta property=\"og:image:type\" content=\"image\/jpeg\" \/>\n<meta name=\"author\" content=\"Nexo Informativo\" \/>\n<meta name=\"twitter:card\" content=\"summary_large_image\" \/>\n<meta name=\"twitter:label1\" content=\"Escrito por\" \/>\n\t<meta name=\"twitter:data1\" content=\"Nexo Informativo\" \/>\n\t<meta name=\"twitter:label2\" content=\"Tiempo de lectura\" \/>\n\t<meta name=\"twitter:data2\" content=\"1 minuto\" \/>\n<script type=\"application\/ld+json\" class=\"yoast-schema-graph\">{\"@context\":\"https:\/\/schema.org\",\"@graph\":[{\"@type\":\"Article\",\"@id\":\"https:\/\/www.nexoinformativo.mx\/index.php\/2025\/04\/01\/proyecto-ferroviario-queretaro-espera-definicion-de-ubicacion-de-estacion-central\/#article\",\"isPartOf\":{\"@id\":\"https:\/\/www.nexoinformativo.mx\/index.php\/2025\/04\/01\/proyecto-ferroviario-queretaro-espera-definicion-de-ubicacion-de-estacion-central\/\"},\"author\":{\"name\":\"Nexo Informativo\",\"@id\":\"https:\/\/www.nexoinformativo.mx\/#\/schema\/person\/7749d380ba08c8ca00d7bc76fd907b7d\"},\"headline\":\"Proyecto ferroviario Quer\u00e9taro espera definici\u00f3n de ubicaci\u00f3n de estaci\u00f3n central\",\"datePublished\":\"2025-04-01T20:00:20+00:00\",\"dateModified\":\"2025-04-02T01:14:07+00:00\",\"mainEntityOfPage\":{\"@id\":\"https:\/\/www.nexoinformativo.mx\/index.php\/2025\/04\/01\/proyecto-ferroviario-queretaro-espera-definicion-de-ubicacion-de-estacion-central\/\"},\"wordCount\":206,\"commentCount\":0,\"publisher\":{\"@id\":\"https:\/\/www.nexoinformativo.mx\/#organization\"},\"image\":{\"@id\":\"https:\/\/www.nexoinformativo.mx\/index.php\/2025\/04\/01\/proyecto-ferroviario-queretaro-espera-definicion-de-ubicacion-de-estacion-central\/#primaryimage\"},\"thumbnailUrl\":\"https:\/\/www.nexoinformativo.mx\/wp-content\/uploads\/2025\/04\/PHOTO-2025-04-01-19-07-29.jpg\",\"keywords\":[\"ClaudiaSheinbaum\",\"Infraestructura\",\"Quer\u00e9taro\",\"TrenMexicoQuer\u00e9taro\"],\"articleSection\":[\"Estado\",\"\u00daltima Hora\"],\"inLanguage\":\"es\",\"potentialAction\":[{\"@type\":\"CommentAction\",\"name\":\"Comment\",\"target\":[\"https:\/\/www.nexoinformativo.mx\/index.php\/2025\/04\/01\/proyecto-ferroviario-queretaro-espera-definicion-de-ubicacion-de-estacion-central\/#respond\"]}]},{\"@type\":\"WebPage\",\"@id\":\"https:\/\/www.nexoinformativo.mx\/index.php\/2025\/04\/01\/proyecto-ferroviario-queretaro-espera-definicion-de-ubicacion-de-estacion-central\/\",\"url\":\"https:\/\/www.nexoinformativo.mx\/index.php\/2025\/04\/01\/proyecto-ferroviario-queretaro-espera-definicion-de-ubicacion-de-estacion-central\/\",\"name\":\"Proyecto ferroviario Quer\u00e9taro espera definici\u00f3n de ubicaci\u00f3n de estaci\u00f3n central | Nexo Informativo Santiago de Quer\u00e9taro\",\"isPartOf\":{\"@id\":\"https:\/\/www.nexoinformativo.mx\/#website\"},\"primaryImageOfPage\":{\"@id\":\"https:\/\/www.nexoinformativo.mx\/index.php\/2025\/04\/01\/proyecto-ferroviario-queretaro-espera-definicion-de-ubicacion-de-estacion-central\/#primaryimage\"},\"image\":{\"@id\":\"https:\/\/www.nexoinformativo.mx\/index.php\/2025\/04\/01\/proyecto-ferroviario-queretaro-espera-definicion-de-ubicacion-de-estacion-central\/#primaryimage\"},\"thumbnailUrl\":\"https:\/\/www.nexoinformativo.mx\/wp-content\/uploads\/2025\/04\/PHOTO-2025-04-01-19-07-29.jpg\",\"datePublished\":\"2025-04-01T20:00:20+00:00\",\"dateModified\":\"2025-04-02T01:14:07+00:00\",\"description\":\"Proyecto ferroviario Quer\u00e9taro espera definici\u00f3n de ubicaci\u00f3n de estaci\u00f3n central\",\"breadcrumb\":{\"@id\":\"https:\/\/www.nexoinformativo.mx\/index.php\/2025\/04\/01\/proyecto-ferroviario-queretaro-espera-definicion-de-ubicacion-de-estacion-central\/#breadcrumb\"},\"inLanguage\":\"es\",\"potentialAction\":[{\"@type\":\"ReadAction\",\"target\":[\"https:\/\/www.nexoinformativo.mx\/index.php\/2025\/04\/01\/proyecto-ferroviario-queretaro-espera-definicion-de-ubicacion-de-estacion-central\/\"]}]},{\"@type\":\"ImageObject\",\"inLanguage\":\"es\",\"@id\":\"https:\/\/www.nexoinformativo.mx\/index.php\/2025\/04\/01\/proyecto-ferroviario-queretaro-espera-definicion-de-ubicacion-de-estacion-central\/#primaryimage\",\"url\":\"https:\/\/www.nexoinformativo.mx\/wp-content\/uploads\/2025\/04\/PHOTO-2025-04-01-19-07-29.jpg\",\"contentUrl\":\"https:\/\/www.nexoinformativo.mx\/wp-content\/uploads\/2025\/04\/PHOTO-2025-04-01-19-07-29.jpg\",\"width\":475,\"height\":295},{\"@type\":\"BreadcrumbList\",\"@id\":\"https:\/\/www.nexoinformativo.mx\/index.php\/2025\/04\/01\/proyecto-ferroviario-queretaro-espera-definicion-de-ubicacion-de-estacion-central\/#breadcrumb\",\"itemListElement\":[{\"@type\":\"ListItem\",\"position\":1,\"name\":\"Inicio\",\"item\":\"https:\/\/www.nexoinformativo.mx\/\"},{\"@type\":\"ListItem\",\"position\":2,\"name\":\"Proyecto ferroviario Quer\u00e9taro espera definici\u00f3n de ubicaci\u00f3n de estaci\u00f3n central\"}]},{\"@type\":\"WebSite\",\"@id\":\"https:\/\/www.nexoinformativo.mx\/#website\",\"url\":\"https:\/\/www.nexoinformativo.mx\/\",\"name\":\"Nexo Informativo Santiago de Quer\u00e9taro\",\"description\":\"Explora NexoInformativo y convi\u00e9rtete en parte de una comunidad que valora el conocimiento y la verdad. Tu nexoinformativo es tu puente hacia una comprensi\u00f3n m\u00e1s profunda del mundo que te rodea.\",\"publisher\":{\"@id\":\"https:\/\/www.nexoinformativo.mx\/#organization\"},\"potentialAction\":[{\"@type\":\"SearchAction\",\"target\":{\"@type\":\"EntryPoint\",\"urlTemplate\":\"https:\/\/www.nexoinformativo.mx\/?s={search_term_string}\"},\"query-input\":{\"@type\":\"PropertyValueSpecification\",\"valueRequired\":true,\"valueName\":\"search_term_string\"}}],\"inLanguage\":\"es\"},{\"@type\":\"Organization\",\"@id\":\"https:\/\/www.nexoinformativo.mx\/#organization\",\"name\":\"Nexo Informativo Santiago de Quer\u00e9taro\",\"url\":\"https:\/\/www.nexoinformativo.mx\/\",\"logo\":{\"@type\":\"ImageObject\",\"inLanguage\":\"es\",\"@id\":\"https:\/\/www.nexoinformativo.mx\/#\/schema\/logo\/image\/\",\"url\":\"https:\/\/www.nexoinformativo.mx\/wp-content\/uploads\/2024\/07\/nexoi-trasparente-2.png\",\"contentUrl\":\"https:\/\/www.nexoinformativo.mx\/wp-content\/uploads\/2024\/07\/nexoi-trasparente-2.png\",\"width\":816,\"height\":339,\"caption\":\"Nexo Informativo Santiago de Quer\u00e9taro\"},\"image\":{\"@id\":\"https:\/\/www.nexoinformativo.mx\/#\/schema\/logo\/image\/\"},\"sameAs\":[\"https:\/\/www.facebook.com\/people\/Nexo-Informativo\/61564066885511\/\"]},{\"@type\":\"Person\",\"@id\":\"https:\/\/www.nexoinformativo.mx\/#\/schema\/person\/7749d380ba08c8ca00d7bc76fd907b7d\",\"name\":\"Nexo Informativo\",\"image\":{\"@type\":\"ImageObject\",\"inLanguage\":\"es\",\"@id\":\"https:\/\/www.nexoinformativo.mx\/#\/schema\/person\/image\/\",\"url\":\"https:\/\/secure.gravatar.com\/avatar\/dde2928154642a13d95f87ddf1ea9718fe2b46760a005c53e41ff5ad610704e6?s=96&d=mm&r=g\",\"contentUrl\":\"https:\/\/secure.gravatar.com\/avatar\/dde2928154642a13d95f87ddf1ea9718fe2b46760a005c53e41ff5ad610704e6?s=96&d=mm&r=g\",\"caption\":\"Nexo Informativo\"},\"url\":\"https:\/\/www.nexoinformativo.mx\/index.php\/author\/edicion\/\"}]}<\/script>\n<!-- \/ Yoast SEO plugin. -->","yoast_head_json":{"title":"Proyecto ferroviario Quer\u00e9taro espera definici\u00f3n de ubicaci\u00f3n de estaci\u00f3n central | Nexo Informativo Santiago de Quer\u00e9taro","description":"Proyecto ferroviario Quer\u00e9taro espera definici\u00f3n de ubicaci\u00f3n de estaci\u00f3n central","robots":{"index":"index","follow":"follow","max-snippet":"max-snippet:-1","max-image-preview":"max-image-preview:large","max-video-preview":"max-video-preview:-1"},"canonical":"https:\/\/www.nexoinformativo.mx\/index.php\/2025\/04\/01\/proyecto-ferroviario-queretaro-espera-definicion-de-ubicacion-de-estacion-central\/","og_locale":"es_MX","og_type":"article","og_title":"Proyecto ferroviario Quer\u00e9taro espera definici\u00f3n de ubicaci\u00f3n de estaci\u00f3n central | Nexo Informativo Santiago de Quer\u00e9taro","og_description":"Proyecto ferroviario Quer\u00e9taro espera definici\u00f3n de ubicaci\u00f3n de estaci\u00f3n central","og_url":"https:\/\/www.nexoinformativo.mx\/index.php\/2025\/04\/01\/proyecto-ferroviario-queretaro-espera-definicion-de-ubicacion-de-estacion-central\/","og_site_name":"Nexo Informativo Santiago de Quer\u00e9taro","article_publisher":"https:\/\/www.facebook.com\/people\/Nexo-Informativo\/61564066885511\/","article_published_time":"2025-04-01T20:00:20+00:00","article_modified_time":"2025-04-02T01:14:07+00:00","og_image":[{"width":475,"height":295,"url":"https:\/\/www.nexoinformativo.mx\/wp-content\/uploads\/2025\/04\/PHOTO-2025-04-01-19-07-29.jpg","type":"image\/jpeg"}],"author":"Nexo Informativo","twitter_card":"summary_large_image","twitter_misc":{"Escrito por":"Nexo Informativo","Tiempo de lectura":"1 minuto"},"schema":{"@context":"https:\/\/schema.org","@graph":[{"@type":"Article","@id":"https:\/\/www.nexoinformativo.mx\/index.php\/2025\/04\/01\/proyecto-ferroviario-queretaro-espera-definicion-de-ubicacion-de-estacion-central\/#article","isPartOf":{"@id":"https:\/\/www.nexoinformativo.mx\/index.php\/2025\/04\/01\/proyecto-ferroviario-queretaro-espera-definicion-de-ubicacion-de-estacion-central\/"},"author":{"name":"Nexo Informativo","@id":"https:\/\/www.nexoinformativo.mx\/#\/schema\/person\/7749d380ba08c8ca00d7bc76fd907b7d"},"headline":"Proyecto ferroviario Quer\u00e9taro espera definici\u00f3n de ubicaci\u00f3n de estaci\u00f3n central","datePublished":"2025-04-01T20:00:20+00:00","dateModified":"2025-04-02T01:14:07+00:00","mainEntityOfPage":{"@id":"https:\/\/www.nexoinformativo.mx\/index.php\/2025\/04\/01\/proyecto-ferroviario-queretaro-espera-definicion-de-ubicacion-de-estacion-central\/"},"wordCount":206,"commentCount":0,"publisher":{"@id":"https:\/\/www.nexoinformativo.mx\/#organization"},"image":{"@id":"https:\/\/www.nexoinformativo.mx\/index.php\/2025\/04\/01\/proyecto-ferroviario-queretaro-espera-definicion-de-ubicacion-de-estacion-central\/#primaryimage"},"thumbnailUrl":"https:\/\/www.nexoinformativo.mx\/wp-content\/uploads\/2025\/04\/PHOTO-2025-04-01-19-07-29.jpg","keywords":["ClaudiaSheinbaum","Infraestructura","Quer\u00e9taro","TrenMexicoQuer\u00e9taro"],"articleSection":["Estado","\u00daltima Hora"],"inLanguage":"es","potentialAction":[{"@type":"CommentAction","name":"Comment","target":["https:\/\/www.nexoinformativo.mx\/index.php\/2025\/04\/01\/proyecto-ferroviario-queretaro-espera-definicion-de-ubicacion-de-estacion-central\/#respond"]}]},{"@type":"WebPage","@id":"https:\/\/www.nexoinformativo.mx\/index.php\/2025\/04\/01\/proyecto-ferroviario-queretaro-espera-definicion-de-ubicacion-de-estacion-central\/","url":"https:\/\/www.nexoinformativo.mx\/index.php\/2025\/04\/01\/proyecto-ferroviario-queretaro-espera-definicion-de-ubicacion-de-estacion-central\/","name":"Proyecto ferroviario Quer\u00e9taro espera definici\u00f3n de ubicaci\u00f3n de estaci\u00f3n central | Nexo Informativo Santiago de Quer\u00e9taro","isPartOf":{"@id":"https:\/\/www.nexoinformativo.mx\/#website"},"primaryImageOfPage":{"@id":"https:\/\/www.nexoinformativo.mx\/index.php\/2025\/04\/01\/proyecto-ferroviario-queretaro-espera-definicion-de-ubicacion-de-estacion-central\/#primaryimage"},"image":{"@id":"https:\/\/www.nexoinformativo.mx\/index.php\/2025\/04\/01\/proyecto-ferroviario-queretaro-espera-definicion-de-ubicacion-de-estacion-central\/#primaryimage"},"thumbnailUrl":"https:\/\/www.nexoinformativo.mx\/wp-content\/uploads\/2025\/04\/PHOTO-2025-04-01-19-07-29.jpg","datePublished":"2025-04-01T20:00:20+00:00","dateModified":"2025-04-02T01:14:07+00:00","description":"Proyecto ferroviario Quer\u00e9taro espera definici\u00f3n de ubicaci\u00f3n de estaci\u00f3n central","breadcrumb":{"@id":"https:\/\/www.nexoinformativo.mx\/index.php\/2025\/04\/01\/proyecto-ferroviario-queretaro-espera-definicion-de-ubicacion-de-estacion-central\/#breadcrumb"},"inLanguage":"es","potentialAction":[{"@type":"ReadAction","target":["https:\/\/www.nexoinformativo.mx\/index.php\/2025\/04\/01\/proyecto-ferroviario-queretaro-espera-definicion-de-ubicacion-de-estacion-central\/"]}]},{"@type":"ImageObject","inLanguage":"es","@id":"https:\/\/www.nexoinformativo.mx\/index.php\/2025\/04\/01\/proyecto-ferroviario-queretaro-espera-definicion-de-ubicacion-de-estacion-central\/#primaryimage","url":"https:\/\/www.nexoinformativo.mx\/wp-content\/uploads\/2025\/04\/PHOTO-2025-04-01-19-07-29.jpg","contentUrl":"https:\/\/www.nexoinformativo.mx\/wp-content\/uploads\/2025\/04\/PHOTO-2025-04-01-19-07-29.jpg","width":475,"height":295},{"@type":"BreadcrumbList","@id":"https:\/\/www.nexoinformativo.mx\/index.php\/2025\/04\/01\/proyecto-ferroviario-queretaro-espera-definicion-de-ubicacion-de-estacion-central\/#breadcrumb","itemListElement":[{"@type":"ListItem","position":1,"name":"Inicio","item":"https:\/\/www.nexoinformativo.mx\/"},{"@type":"ListItem","position":2,"name":"Proyecto ferroviario Quer\u00e9taro espera definici\u00f3n de ubicaci\u00f3n de estaci\u00f3n central"}]},{"@type":"WebSite","@id":"https:\/\/www.nexoinformativo.mx\/#website","url":"https:\/\/www.nexoinformativo.mx\/","name":"Nexo Informativo Santiago de Quer\u00e9taro","description":"Explora NexoInformativo y convi\u00e9rtete en parte de una comunidad que valora el conocimiento y la verdad. Tu nexoinformativo es tu puente hacia una comprensi\u00f3n m\u00e1s profunda del mundo que te rodea.","publisher":{"@id":"https:\/\/www.nexoinformativo.mx\/#organization"},"potentialAction":[{"@type":"SearchAction","target":{"@type":"EntryPoint","urlTemplate":"https:\/\/www.nexoinformativo.mx\/?s={search_term_string}"},"query-input":{"@type":"PropertyValueSpecification","valueRequired":true,"valueName":"search_term_string"}}],"inLanguage":"es"},{"@type":"Organization","@id":"https:\/\/www.nexoinformativo.mx\/#organization","name":"Nexo Informativo Santiago de Quer\u00e9taro","url":"https:\/\/www.nexoinformativo.mx\/","logo":{"@type":"ImageObject","inLanguage":"es","@id":"https:\/\/www.nexoinformativo.mx\/#\/schema\/logo\/image\/","url":"https:\/\/www.nexoinformativo.mx\/wp-content\/uploads\/2024\/07\/nexoi-trasparente-2.png","contentUrl":"https:\/\/www.nexoinformativo.mx\/wp-content\/uploads\/2024\/07\/nexoi-trasparente-2.png","width":816,"height":339,"caption":"Nexo Informativo Santiago de Quer\u00e9taro"},"image":{"@id":"https:\/\/www.nexoinformativo.mx\/#\/schema\/logo\/image\/"},"sameAs":["https:\/\/www.facebook.com\/people\/Nexo-Informativo\/61564066885511\/"]},{"@type":"Person","@id":"https:\/\/www.nexoinformativo.mx\/#\/schema\/person\/7749d380ba08c8ca00d7bc76fd907b7d","name":"Nexo Informativo","image":{"@type":"ImageObject","inLanguage":"es","@id":"https:\/\/www.nexoinformativo.mx\/#\/schema\/person\/image\/","url":"https:\/\/secure.gravatar.com\/avatar\/dde2928154642a13d95f87ddf1ea9718fe2b46760a005c53e41ff5ad610704e6?s=96&d=mm&r=g","contentUrl":"https:\/\/secure.gravatar.com\/avatar\/dde2928154642a13d95f87ddf1ea9718fe2b46760a005c53e41ff5ad610704e6?s=96&d=mm&r=g","caption":"Nexo Informativo"},"url":"https:\/\/www.nexoinformativo.mx\/index.php\/author\/edicion\/"}]}},"_links":{"self":[{"href":"https:\/\/www.nexoinformativo.mx\/index.php\/wp-json\/wp\/v2\/posts\/13559","targetHints":{"allow":["GET"]}}],"collection":[{"href":"https:\/\/www.nexoinformativo.mx\/index.php\/wp-json\/wp\/v2\/posts"}],"about":[{"href":"https:\/\/www.nexoinformativo.mx\/index.php\/wp-json\/wp\/v2\/types\/post"}],"author":[{"embeddable":true,"href":"https:\/\/www.nexoinformativo.mx\/index.php\/wp-json\/wp\/v2\/users\/3"}],"replies":[{"embeddable":true,"href":"https:\/\/www.nexoinformativo.mx\/index.php\/wp-json\/wp\/v2\/comments?post=13559"}],"version-history":[{"count":4,"href":"https:\/\/www.nexoinformativo.mx\/index.php\/wp-json\/wp\/v2\/posts\/13559\/revisions"}],"predecessor-version":[{"id":13566,"href":"https:\/\/www.nexoinformativo.mx\/index.php\/wp-json\/wp\/v2\/posts\/13559\/revisions\/13566"}],"wp:featuredmedia":[{"embeddable":true,"href":"https:\/\/www.nexoinformativo.mx\/index.php\/wp-json\/wp\/v2\/media\/13565"}],"wp:attachment":[{"href":"https:\/\/www.nexoinformativo.mx\/index.php\/wp-json\/wp\/v2\/media?parent=13559"}],"wp:term":[{"taxonomy":"category","embeddable":true,"href":"https:\/\/www.nexoinformativo.mx\/index.php\/wp-json\/wp\/v2\/categories?post=13559"},{"taxonomy":"post_tag","embeddable":true,"href":"https:\/\/www.nexoinformativo.mx\/index.php\/wp-json\/wp\/v2\/tags?post=13559"}],"curies":[{"name":"wp","href":"https:\/\/api.w.org\/{rel}","templated":true}]}}