{"id":13567,"date":"2025-04-01T15:00:12","date_gmt":"2025-04-01T21:00:12","guid":{"rendered":"https:\/\/www.nexoinformativo.mx\/?p=13567"},"modified":"2025-04-01T19:23:44","modified_gmt":"2025-04-02T01:23:44","slug":"disminuye-en-queretaro-la-venta-de-vehiculos-nuevos-marcas-chinas-ganan-terreno","status":"publish","type":"post","link":"https:\/\/www.nexoinformativo.mx\/index.php\/2025\/04\/01\/disminuye-en-queretaro-la-venta-de-vehiculos-nuevos-marcas-chinas-ganan-terreno\/","title":{"rendered":"Disminuye en Quer\u00e9taro la venta de veh\u00edculos nuevos marcas Chinas ganan terreno"},"content":{"rendered":"<p style=\"text-align: justify;\" data-sourcepos=\"13:1-13:355\">La comercializaci\u00f3n de veh\u00edculos nuevos en Quer\u00e9taro experiment\u00f3 un ligero descenso del 0.5% en febrero de 2025, en comparaci\u00f3n con el mismo mes del a\u00f1o anterior, seg\u00fan datos de la Asociaci\u00f3n Mexicana de Distribuidores Automotores (AMDA). Sin embargo, en el acumulado enero-febrero, la entidad muestra un crecimiento del 3.4%.<\/p>\n<\/p>\n<p>&nbsp;<\/p>\n<p style=\"text-align: justify;\" data-sourcepos=\"15:1-15:226\">En febrero se vendieron 2,878 unidades, mientras que en el primer bimestre del a\u00f1o se alcanzaron las 5,872 ventas. Los camiones representaron la mayor parte de las ventas, seguidos por los autom\u00f3viles compactos y subcompactos.<\/p>\n<\/p>\n<p>&nbsp;<\/p>\n<p style=\"text-align: justify;\" data-sourcepos=\"17:1-17:206\">El municipio de Quer\u00e9taro concentra la mayor parte de las ventas, seguido de Corregidora, El Marqu\u00e9s y San Juan del R\u00edo. Las marcas m\u00e1s populares son Nissan, Volkswagen, General Motors, Kia, Mazda y Toyota.<\/p>\n<\/p>\n<p>&nbsp;<\/p>\n<p style=\"text-align: justify;\" data-sourcepos=\"19:1-19:92\">Las marcas chinas tambi\u00e9n est\u00e1n ganando terreno en el mercado queretano, con MG a la cabeza.<\/p>\n<\/p>\n<p>&nbsp;<\/p>\n<p style=\"text-align: justify;\" data-sourcepos=\"21:1-21:178\">En cuanto a la electromovilidad, Quer\u00e9taro ocupa el d\u00e9cimo lugar a nivel nacional en la venta de veh\u00edculos h\u00edbridos y el\u00e9ctricos, con 468 unidades vendidas en el primer bimestre.<\/p>\n<\/p>\n<p>&nbsp;<\/p>\n<p style=\"text-align: center;\" data-sourcepos=\"21:1-21:178\"><em><strong>\u00a1Informaci\u00f3n que transforma!<\/strong><\/em><\/p>\n","protected":false},"excerpt":{"rendered":"<p>La comercializaci\u00f3n de veh\u00edculos nuevos en Quer\u00e9taro experiment\u00f3 un ligero descenso del 0.5% en febrero de 2025, en comparaci\u00f3n con el mismo mes del a\u00f1o anterior, seg\u00fan datos de la Asociaci\u00f3n Mexicana de Distribuidores Automotores (AMDA). Sin embargo, en el acumulado enero-febrero, la entidad muestra un crecimiento del 3.4%.<\/p>\n","protected":false},"author":3,"featured_media":13568,"comment_status":"open","ping_status":"open","sticky":false,"template":"","format":"standard","meta":{"footnotes":""},"categories":[5,42,58],"tags":[3961,3959,1793,3960],"class_list":["post-13567","post","type-post","status-publish","format-standard","has-post-thumbnail","hentry","category-economia","category-estado","category-ultima-hora","tag-amda","tag-autosqueretaro","tag-electromovilidad","tag-mercadoautomotriz"],"yoast_head":"<!-- This site is optimized with the Yoast SEO plugin v25.0 - https:\/\/yoast.com\/wordpress\/plugins\/seo\/ -->\n<title>Disminuye en Quer\u00e9taro la venta de veh\u00edculos nuevos marcas Chinas ganan terreno | Nexo Informativo Santiago de Quer\u00e9taro<\/title>\n<meta name=\"description\" content=\"Disminuye en Quer\u00e9taro la venta de veh\u00edculos nuevos marcas Chinas ganan terreno\" \/>\n<meta name=\"robots\" content=\"index, follow, max-snippet:-1, max-image-preview:large, max-video-preview:-1\" \/>\n<link rel=\"canonical\" href=\"https:\/\/www.nexoinformativo.mx\/index.php\/2025\/04\/01\/disminuye-en-queretaro-la-venta-de-vehiculos-nuevos-marcas-chinas-ganan-terreno\/\" \/>\n<meta property=\"og:locale\" content=\"es_MX\" \/>\n<meta property=\"og:type\" content=\"article\" \/>\n<meta property=\"og:title\" content=\"Disminuye en Quer\u00e9taro la venta de veh\u00edculos nuevos marcas Chinas ganan terreno | Nexo Informativo Santiago de Quer\u00e9taro\" \/>\n<meta property=\"og:description\" content=\"Disminuye en Quer\u00e9taro la venta de veh\u00edculos nuevos marcas Chinas ganan terreno\" \/>\n<meta property=\"og:url\" content=\"https:\/\/www.nexoinformativo.mx\/index.php\/2025\/04\/01\/disminuye-en-queretaro-la-venta-de-vehiculos-nuevos-marcas-chinas-ganan-terreno\/\" \/>\n<meta property=\"og:site_name\" content=\"Nexo Informativo Santiago de Quer\u00e9taro\" \/>\n<meta property=\"article:publisher\" content=\"https:\/\/www.facebook.com\/people\/Nexo-Informativo\/61564066885511\/\" \/>\n<meta property=\"article:published_time\" content=\"2025-04-01T21:00:12+00:00\" \/>\n<meta property=\"article:modified_time\" content=\"2025-04-02T01:23:44+00:00\" \/>\n<meta property=\"og:image\" content=\"https:\/\/www.nexoinformativo.mx\/wp-content\/uploads\/2025\/04\/PHOTO-2025-04-01-18-15-37-e1743556938667.jpg\" \/>\n\t<meta property=\"og:image:width\" content=\"800\" \/>\n\t<meta property=\"og:image:height\" content=\"533\" \/>\n\t<meta property=\"og:image:type\" content=\"image\/jpeg\" \/>\n<meta name=\"author\" content=\"Nexo Informativo\" \/>\n<meta name=\"twitter:card\" content=\"summary_large_image\" \/>\n<meta name=\"twitter:label1\" content=\"Escrito por\" \/>\n\t<meta name=\"twitter:data1\" content=\"Nexo Informativo\" \/>\n\t<meta name=\"twitter:label2\" content=\"Tiempo de lectura\" \/>\n\t<meta name=\"twitter:data2\" content=\"1 minuto\" \/>\n<script type=\"application\/ld+json\" class=\"yoast-schema-graph\">{\"@context\":\"https:\/\/schema.org\",\"@graph\":[{\"@type\":\"Article\",\"@id\":\"https:\/\/www.nexoinformativo.mx\/index.php\/2025\/04\/01\/disminuye-en-queretaro-la-venta-de-vehiculos-nuevos-marcas-chinas-ganan-terreno\/#article\",\"isPartOf\":{\"@id\":\"https:\/\/www.nexoinformativo.mx\/index.php\/2025\/04\/01\/disminuye-en-queretaro-la-venta-de-vehiculos-nuevos-marcas-chinas-ganan-terreno\/\"},\"author\":{\"name\":\"Nexo Informativo\",\"@id\":\"https:\/\/www.nexoinformativo.mx\/#\/schema\/person\/7749d380ba08c8ca00d7bc76fd907b7d\"},\"headline\":\"Disminuye en Quer\u00e9taro la venta de veh\u00edculos nuevos marcas Chinas ganan terreno\",\"datePublished\":\"2025-04-01T21:00:12+00:00\",\"dateModified\":\"2025-04-02T01:23:44+00:00\",\"mainEntityOfPage\":{\"@id\":\"https:\/\/www.nexoinformativo.mx\/index.php\/2025\/04\/01\/disminuye-en-queretaro-la-venta-de-vehiculos-nuevos-marcas-chinas-ganan-terreno\/\"},\"wordCount\":200,\"commentCount\":0,\"publisher\":{\"@id\":\"https:\/\/www.nexoinformativo.mx\/#organization\"},\"image\":{\"@id\":\"https:\/\/www.nexoinformativo.mx\/index.php\/2025\/04\/01\/disminuye-en-queretaro-la-venta-de-vehiculos-nuevos-marcas-chinas-ganan-terreno\/#primaryimage\"},\"thumbnailUrl\":\"https:\/\/www.nexoinformativo.mx\/wp-content\/uploads\/2025\/04\/PHOTO-2025-04-01-18-15-37-e1743556938667.jpg\",\"keywords\":[\"AMDA\",\"AutosQuer\u00e9taro\",\"Electromovilidad\",\"MercadoAutomotriz\"],\"articleSection\":[\"Econom\u00eda\",\"Estado\",\"\u00daltima Hora\"],\"inLanguage\":\"es\",\"potentialAction\":[{\"@type\":\"CommentAction\",\"name\":\"Comment\",\"target\":[\"https:\/\/www.nexoinformativo.mx\/index.php\/2025\/04\/01\/disminuye-en-queretaro-la-venta-de-vehiculos-nuevos-marcas-chinas-ganan-terreno\/#respond\"]}]},{\"@type\":\"WebPage\",\"@id\":\"https:\/\/www.nexoinformativo.mx\/index.php\/2025\/04\/01\/disminuye-en-queretaro-la-venta-de-vehiculos-nuevos-marcas-chinas-ganan-terreno\/\",\"url\":\"https:\/\/www.nexoinformativo.mx\/index.php\/2025\/04\/01\/disminuye-en-queretaro-la-venta-de-vehiculos-nuevos-marcas-chinas-ganan-terreno\/\",\"name\":\"Disminuye en Quer\u00e9taro la venta de veh\u00edculos nuevos marcas Chinas ganan terreno | Nexo Informativo Santiago de Quer\u00e9taro\",\"isPartOf\":{\"@id\":\"https:\/\/www.nexoinformativo.mx\/#website\"},\"primaryImageOfPage\":{\"@id\":\"https:\/\/www.nexoinformativo.mx\/index.php\/2025\/04\/01\/disminuye-en-queretaro-la-venta-de-vehiculos-nuevos-marcas-chinas-ganan-terreno\/#primaryimage\"},\"image\":{\"@id\":\"https:\/\/www.nexoinformativo.mx\/index.php\/2025\/04\/01\/disminuye-en-queretaro-la-venta-de-vehiculos-nuevos-marcas-chinas-ganan-terreno\/#primaryimage\"},\"thumbnailUrl\":\"https:\/\/www.nexoinformativo.mx\/wp-content\/uploads\/2025\/04\/PHOTO-2025-04-01-18-15-37-e1743556938667.jpg\",\"datePublished\":\"2025-04-01T21:00:12+00:00\",\"dateModified\":\"2025-04-02T01:23:44+00:00\",\"description\":\"Disminuye en Quer\u00e9taro la venta de veh\u00edculos nuevos marcas Chinas ganan terreno\",\"breadcrumb\":{\"@id\":\"https:\/\/www.nexoinformativo.mx\/index.php\/2025\/04\/01\/disminuye-en-queretaro-la-venta-de-vehiculos-nuevos-marcas-chinas-ganan-terreno\/#breadcrumb\"},\"inLanguage\":\"es\",\"potentialAction\":[{\"@type\":\"ReadAction\",\"target\":[\"https:\/\/www.nexoinformativo.mx\/index.php\/2025\/04\/01\/disminuye-en-queretaro-la-venta-de-vehiculos-nuevos-marcas-chinas-ganan-terreno\/\"]}]},{\"@type\":\"ImageObject\",\"inLanguage\":\"es\",\"@id\":\"https:\/\/www.nexoinformativo.mx\/index.php\/2025\/04\/01\/disminuye-en-queretaro-la-venta-de-vehiculos-nuevos-marcas-chinas-ganan-terreno\/#primaryimage\",\"url\":\"https:\/\/www.nexoinformativo.mx\/wp-content\/uploads\/2025\/04\/PHOTO-2025-04-01-18-15-37-e1743556938667.jpg\",\"contentUrl\":\"https:\/\/www.nexoinformativo.mx\/wp-content\/uploads\/2025\/04\/PHOTO-2025-04-01-18-15-37-e1743556938667.jpg\",\"width\":800,\"height\":533},{\"@type\":\"BreadcrumbList\",\"@id\":\"https:\/\/www.nexoinformativo.mx\/index.php\/2025\/04\/01\/disminuye-en-queretaro-la-venta-de-vehiculos-nuevos-marcas-chinas-ganan-terreno\/#breadcrumb\",\"itemListElement\":[{\"@type\":\"ListItem\",\"position\":1,\"name\":\"Inicio\",\"item\":\"https:\/\/www.nexoinformativo.mx\/\"},{\"@type\":\"ListItem\",\"position\":2,\"name\":\"Disminuye en Quer\u00e9taro la venta de veh\u00edculos nuevos marcas Chinas ganan terreno\"}]},{\"@type\":\"WebSite\",\"@id\":\"https:\/\/www.nexoinformativo.mx\/#website\",\"url\":\"https:\/\/www.nexoinformativo.mx\/\",\"name\":\"Nexo Informativo Santiago de Quer\u00e9taro\",\"description\":\"Explora NexoInformativo y convi\u00e9rtete en parte de una comunidad que valora el conocimiento y la verdad. Tu nexoinformativo es tu puente hacia una comprensi\u00f3n m\u00e1s profunda del mundo que te rodea.\",\"publisher\":{\"@id\":\"https:\/\/www.nexoinformativo.mx\/#organization\"},\"potentialAction\":[{\"@type\":\"SearchAction\",\"target\":{\"@type\":\"EntryPoint\",\"urlTemplate\":\"https:\/\/www.nexoinformativo.mx\/?s={search_term_string}\"},\"query-input\":{\"@type\":\"PropertyValueSpecification\",\"valueRequired\":true,\"valueName\":\"search_term_string\"}}],\"inLanguage\":\"es\"},{\"@type\":\"Organization\",\"@id\":\"https:\/\/www.nexoinformativo.mx\/#organization\",\"name\":\"Nexo Informativo Santiago de Quer\u00e9taro\",\"url\":\"https:\/\/www.nexoinformativo.mx\/\",\"logo\":{\"@type\":\"ImageObject\",\"inLanguage\":\"es\",\"@id\":\"https:\/\/www.nexoinformativo.mx\/#\/schema\/logo\/image\/\",\"url\":\"https:\/\/www.nexoinformativo.mx\/wp-content\/uploads\/2024\/07\/nexoi-trasparente-2.png\",\"contentUrl\":\"https:\/\/www.nexoinformativo.mx\/wp-content\/uploads\/2024\/07\/nexoi-trasparente-2.png\",\"width\":816,\"height\":339,\"caption\":\"Nexo Informativo Santiago de Quer\u00e9taro\"},\"image\":{\"@id\":\"https:\/\/www.nexoinformativo.mx\/#\/schema\/logo\/image\/\"},\"sameAs\":[\"https:\/\/www.facebook.com\/people\/Nexo-Informativo\/61564066885511\/\"]},{\"@type\":\"Person\",\"@id\":\"https:\/\/www.nexoinformativo.mx\/#\/schema\/person\/7749d380ba08c8ca00d7bc76fd907b7d\",\"name\":\"Nexo Informativo\",\"image\":{\"@type\":\"ImageObject\",\"inLanguage\":\"es\",\"@id\":\"https:\/\/www.nexoinformativo.mx\/#\/schema\/person\/image\/\",\"url\":\"https:\/\/secure.gravatar.com\/avatar\/dde2928154642a13d95f87ddf1ea9718fe2b46760a005c53e41ff5ad610704e6?s=96&d=mm&r=g\",\"contentUrl\":\"https:\/\/secure.gravatar.com\/avatar\/dde2928154642a13d95f87ddf1ea9718fe2b46760a005c53e41ff5ad610704e6?s=96&d=mm&r=g\",\"caption\":\"Nexo Informativo\"},\"url\":\"https:\/\/www.nexoinformativo.mx\/index.php\/author\/edicion\/\"}]}<\/script>\n<!-- \/ Yoast SEO plugin. -->","yoast_head_json":{"title":"Disminuye en Quer\u00e9taro la venta de veh\u00edculos nuevos marcas Chinas ganan terreno | Nexo Informativo Santiago de Quer\u00e9taro","description":"Disminuye en Quer\u00e9taro la venta de veh\u00edculos nuevos marcas Chinas ganan terreno","robots":{"index":"index","follow":"follow","max-snippet":"max-snippet:-1","max-image-preview":"max-image-preview:large","max-video-preview":"max-video-preview:-1"},"canonical":"https:\/\/www.nexoinformativo.mx\/index.php\/2025\/04\/01\/disminuye-en-queretaro-la-venta-de-vehiculos-nuevos-marcas-chinas-ganan-terreno\/","og_locale":"es_MX","og_type":"article","og_title":"Disminuye en Quer\u00e9taro la venta de veh\u00edculos nuevos marcas Chinas ganan terreno | Nexo Informativo Santiago de Quer\u00e9taro","og_description":"Disminuye en Quer\u00e9taro la venta de veh\u00edculos nuevos marcas Chinas ganan terreno","og_url":"https:\/\/www.nexoinformativo.mx\/index.php\/2025\/04\/01\/disminuye-en-queretaro-la-venta-de-vehiculos-nuevos-marcas-chinas-ganan-terreno\/","og_site_name":"Nexo Informativo Santiago de Quer\u00e9taro","article_publisher":"https:\/\/www.facebook.com\/people\/Nexo-Informativo\/61564066885511\/","article_published_time":"2025-04-01T21:00:12+00:00","article_modified_time":"2025-04-02T01:23:44+00:00","og_image":[{"width":800,"height":533,"url":"https:\/\/www.nexoinformativo.mx\/wp-content\/uploads\/2025\/04\/PHOTO-2025-04-01-18-15-37-e1743556938667.jpg","type":"image\/jpeg"}],"author":"Nexo Informativo","twitter_card":"summary_large_image","twitter_misc":{"Escrito por":"Nexo Informativo","Tiempo de lectura":"1 minuto"},"schema":{"@context":"https:\/\/schema.org","@graph":[{"@type":"Article","@id":"https:\/\/www.nexoinformativo.mx\/index.php\/2025\/04\/01\/disminuye-en-queretaro-la-venta-de-vehiculos-nuevos-marcas-chinas-ganan-terreno\/#article","isPartOf":{"@id":"https:\/\/www.nexoinformativo.mx\/index.php\/2025\/04\/01\/disminuye-en-queretaro-la-venta-de-vehiculos-nuevos-marcas-chinas-ganan-terreno\/"},"author":{"name":"Nexo Informativo","@id":"https:\/\/www.nexoinformativo.mx\/#\/schema\/person\/7749d380ba08c8ca00d7bc76fd907b7d"},"headline":"Disminuye en Quer\u00e9taro la venta de veh\u00edculos nuevos marcas Chinas ganan terreno","datePublished":"2025-04-01T21:00:12+00:00","dateModified":"2025-04-02T01:23:44+00:00","mainEntityOfPage":{"@id":"https:\/\/www.nexoinformativo.mx\/index.php\/2025\/04\/01\/disminuye-en-queretaro-la-venta-de-vehiculos-nuevos-marcas-chinas-ganan-terreno\/"},"wordCount":200,"commentCount":0,"publisher":{"@id":"https:\/\/www.nexoinformativo.mx\/#organization"},"image":{"@id":"https:\/\/www.nexoinformativo.mx\/index.php\/2025\/04\/01\/disminuye-en-queretaro-la-venta-de-vehiculos-nuevos-marcas-chinas-ganan-terreno\/#primaryimage"},"thumbnailUrl":"https:\/\/www.nexoinformativo.mx\/wp-content\/uploads\/2025\/04\/PHOTO-2025-04-01-18-15-37-e1743556938667.jpg","keywords":["AMDA","AutosQuer\u00e9taro","Electromovilidad","MercadoAutomotriz"],"articleSection":["Econom\u00eda","Estado","\u00daltima Hora"],"inLanguage":"es","potentialAction":[{"@type":"CommentAction","name":"Comment","target":["https:\/\/www.nexoinformativo.mx\/index.php\/2025\/04\/01\/disminuye-en-queretaro-la-venta-de-vehiculos-nuevos-marcas-chinas-ganan-terreno\/#respond"]}]},{"@type":"WebPage","@id":"https:\/\/www.nexoinformativo.mx\/index.php\/2025\/04\/01\/disminuye-en-queretaro-la-venta-de-vehiculos-nuevos-marcas-chinas-ganan-terreno\/","url":"https:\/\/www.nexoinformativo.mx\/index.php\/2025\/04\/01\/disminuye-en-queretaro-la-venta-de-vehiculos-nuevos-marcas-chinas-ganan-terreno\/","name":"Disminuye en Quer\u00e9taro la venta de veh\u00edculos nuevos marcas Chinas ganan terreno | Nexo Informativo Santiago de Quer\u00e9taro","isPartOf":{"@id":"https:\/\/www.nexoinformativo.mx\/#website"},"primaryImageOfPage":{"@id":"https:\/\/www.nexoinformativo.mx\/index.php\/2025\/04\/01\/disminuye-en-queretaro-la-venta-de-vehiculos-nuevos-marcas-chinas-ganan-terreno\/#primaryimage"},"image":{"@id":"https:\/\/www.nexoinformativo.mx\/index.php\/2025\/04\/01\/disminuye-en-queretaro-la-venta-de-vehiculos-nuevos-marcas-chinas-ganan-terreno\/#primaryimage"},"thumbnailUrl":"https:\/\/www.nexoinformativo.mx\/wp-content\/uploads\/2025\/04\/PHOTO-2025-04-01-18-15-37-e1743556938667.jpg","datePublished":"2025-04-01T21:00:12+00:00","dateModified":"2025-04-02T01:23:44+00:00","description":"Disminuye en Quer\u00e9taro la venta de veh\u00edculos nuevos marcas Chinas ganan terreno","breadcrumb":{"@id":"https:\/\/www.nexoinformativo.mx\/index.php\/2025\/04\/01\/disminuye-en-queretaro-la-venta-de-vehiculos-nuevos-marcas-chinas-ganan-terreno\/#breadcrumb"},"inLanguage":"es","potentialAction":[{"@type":"ReadAction","target":["https:\/\/www.nexoinformativo.mx\/index.php\/2025\/04\/01\/disminuye-en-queretaro-la-venta-de-vehiculos-nuevos-marcas-chinas-ganan-terreno\/"]}]},{"@type":"ImageObject","inLanguage":"es","@id":"https:\/\/www.nexoinformativo.mx\/index.php\/2025\/04\/01\/disminuye-en-queretaro-la-venta-de-vehiculos-nuevos-marcas-chinas-ganan-terreno\/#primaryimage","url":"https:\/\/www.nexoinformativo.mx\/wp-content\/uploads\/2025\/04\/PHOTO-2025-04-01-18-15-37-e1743556938667.jpg","contentUrl":"https:\/\/www.nexoinformativo.mx\/wp-content\/uploads\/2025\/04\/PHOTO-2025-04-01-18-15-37-e1743556938667.jpg","width":800,"height":533},{"@type":"BreadcrumbList","@id":"https:\/\/www.nexoinformativo.mx\/index.php\/2025\/04\/01\/disminuye-en-queretaro-la-venta-de-vehiculos-nuevos-marcas-chinas-ganan-terreno\/#breadcrumb","itemListElement":[{"@type":"ListItem","position":1,"name":"Inicio","item":"https:\/\/www.nexoinformativo.mx\/"},{"@type":"ListItem","position":2,"name":"Disminuye en Quer\u00e9taro la venta de veh\u00edculos nuevos marcas Chinas ganan terreno"}]},{"@type":"WebSite","@id":"https:\/\/www.nexoinformativo.mx\/#website","url":"https:\/\/www.nexoinformativo.mx\/","name":"Nexo Informativo Santiago de Quer\u00e9taro","description":"Explora NexoInformativo y convi\u00e9rtete en parte de una comunidad que valora el conocimiento y la verdad. Tu nexoinformativo es tu puente hacia una comprensi\u00f3n m\u00e1s profunda del mundo que te rodea.","publisher":{"@id":"https:\/\/www.nexoinformativo.mx\/#organization"},"potentialAction":[{"@type":"SearchAction","target":{"@type":"EntryPoint","urlTemplate":"https:\/\/www.nexoinformativo.mx\/?s={search_term_string}"},"query-input":{"@type":"PropertyValueSpecification","valueRequired":true,"valueName":"search_term_string"}}],"inLanguage":"es"},{"@type":"Organization","@id":"https:\/\/www.nexoinformativo.mx\/#organization","name":"Nexo Informativo Santiago de Quer\u00e9taro","url":"https:\/\/www.nexoinformativo.mx\/","logo":{"@type":"ImageObject","inLanguage":"es","@id":"https:\/\/www.nexoinformativo.mx\/#\/schema\/logo\/image\/","url":"https:\/\/www.nexoinformativo.mx\/wp-content\/uploads\/2024\/07\/nexoi-trasparente-2.png","contentUrl":"https:\/\/www.nexoinformativo.mx\/wp-content\/uploads\/2024\/07\/nexoi-trasparente-2.png","width":816,"height":339,"caption":"Nexo Informativo Santiago de Quer\u00e9taro"},"image":{"@id":"https:\/\/www.nexoinformativo.mx\/#\/schema\/logo\/image\/"},"sameAs":["https:\/\/www.facebook.com\/people\/Nexo-Informativo\/61564066885511\/"]},{"@type":"Person","@id":"https:\/\/www.nexoinformativo.mx\/#\/schema\/person\/7749d380ba08c8ca00d7bc76fd907b7d","name":"Nexo Informativo","image":{"@type":"ImageObject","inLanguage":"es","@id":"https:\/\/www.nexoinformativo.mx\/#\/schema\/person\/image\/","url":"https:\/\/secure.gravatar.com\/avatar\/dde2928154642a13d95f87ddf1ea9718fe2b46760a005c53e41ff5ad610704e6?s=96&d=mm&r=g","contentUrl":"https:\/\/secure.gravatar.com\/avatar\/dde2928154642a13d95f87ddf1ea9718fe2b46760a005c53e41ff5ad610704e6?s=96&d=mm&r=g","caption":"Nexo Informativo"},"url":"https:\/\/www.nexoinformativo.mx\/index.php\/author\/edicion\/"}]}},"_links":{"self":[{"href":"https:\/\/www.nexoinformativo.mx\/index.php\/wp-json\/wp\/v2\/posts\/13567","targetHints":{"allow":["GET"]}}],"collection":[{"href":"https:\/\/www.nexoinformativo.mx\/index.php\/wp-json\/wp\/v2\/posts"}],"about":[{"href":"https:\/\/www.nexoinformativo.mx\/index.php\/wp-json\/wp\/v2\/types\/post"}],"author":[{"embeddable":true,"href":"https:\/\/www.nexoinformativo.mx\/index.php\/wp-json\/wp\/v2\/users\/3"}],"replies":[{"embeddable":true,"href":"https:\/\/www.nexoinformativo.mx\/index.php\/wp-json\/wp\/v2\/comments?post=13567"}],"version-history":[{"count":3,"href":"https:\/\/www.nexoinformativo.mx\/index.php\/wp-json\/wp\/v2\/posts\/13567\/revisions"}],"predecessor-version":[{"id":13571,"href":"https:\/\/www.nexoinformativo.mx\/index.php\/wp-json\/wp\/v2\/posts\/13567\/revisions\/13571"}],"wp:featuredmedia":[{"embeddable":true,"href":"https:\/\/www.nexoinformativo.mx\/index.php\/wp-json\/wp\/v2\/media\/13568"}],"wp:attachment":[{"href":"https:\/\/www.nexoinformativo.mx\/index.php\/wp-json\/wp\/v2\/media?parent=13567"}],"wp:term":[{"taxonomy":"category","embeddable":true,"href":"https:\/\/www.nexoinformativo.mx\/index.php\/wp-json\/wp\/v2\/categories?post=13567"},{"taxonomy":"post_tag","embeddable":true,"href":"https:\/\/www.nexoinformativo.mx\/index.php\/wp-json\/wp\/v2\/tags?post=13567"}],"curies":[{"name":"wp","href":"https:\/\/api.w.org\/{rel}","templated":true}]}}