{"id":13597,"date":"2025-04-02T10:00:44","date_gmt":"2025-04-02T16:00:44","guid":{"rendered":"https:\/\/www.nexoinformativo.mx\/?p=13597"},"modified":"2025-04-02T13:47:46","modified_gmt":"2025-04-02T19:47:46","slug":"queretaro-suma-inversion-millonaria-306-mdp-y-150-nuevos-empleos-desde-alemania","status":"publish","type":"post","link":"https:\/\/www.nexoinformativo.mx\/index.php\/2025\/04\/02\/queretaro-suma-inversion-millonaria-306-mdp-y-150-nuevos-empleos-desde-alemania\/","title":{"rendered":"Quer\u00e9taro suma inversi\u00f3n millonaria 306 mdp y 150 nuevos empleos desde Alemania"},"content":{"rendered":"<p style=\"text-align: justify;\" data-sourcepos=\"13:1-13:284\">El estado de Quer\u00e9taro ha concretado una importante inversi\u00f3n de m\u00e1s de 306 millones de pesos por parte de la empresa alemana Novem Car Interior Design, especializada en la fabricaci\u00f3n de productos de dise\u00f1o y soluciones para interiores de autom\u00f3viles.<\/p>\n<\/p>\n<p>&nbsp;<\/p>\n<p style=\"text-align: justify;\" data-sourcepos=\"15:1-15:330\">El gobernador Mauricio Kuri, en un enlace virtual con el secretario de Desarrollo Sustentable, Marco Antonio Del Prete, anunci\u00f3 los resultados del segundo d\u00eda de trabajo en la Hannover Messe 2025. La inversi\u00f3n permitir\u00e1 la ampliaci\u00f3n de la planta de Novem en Quer\u00e9taro, generando 150 empleos de alta especialidad.<\/p>\n<\/p>\n<p>&nbsp;<\/p>\n<p style=\"text-align: justify;\" data-sourcepos=\"17:1-17:324\">La empresa alemana, que ya tiene presencia en el Parque Industrial Quer\u00e9taro, aumentar\u00e1 sus capacidades de producci\u00f3n de componentes decorativos para interiores de veh\u00edculos. Su CEO, Robert Krichenbauer, expres\u00f3 su satisfacci\u00f3n por la decisi\u00f3n de expandirse en la regi\u00f3n, destacando la calidad e innovaci\u00f3n de sus productos.<\/p>\n<\/p>\n<p>&nbsp;<\/p>\n<p style=\"text-align: justify;\" data-sourcepos=\"19:1-19:234\">Adem\u00e1s de esta inversi\u00f3n, la comitiva queretana sostuvo di\u00e1logos con representantes de Martinrea y Kostal, empresas que manifestaron su inter\u00e9s en seguir invirtiendo en Quer\u00e9taro en materia de capacitaci\u00f3n, investigaci\u00f3n y desarrollo.<\/p>\n<\/p>\n<p>&nbsp;<\/p>\n<p style=\"text-align: justify;\" data-sourcepos=\"21:1-21:329\">El secretario Del Prete Tercero tambi\u00e9n particip\u00f3 en el foro <strong>\u201cM\u00e9xico 4.0: La Nueva Era de Oportunidades\u201d<\/strong> y se reuni\u00f3 con el ministro de Econom\u00eda de Alemania.<\/p>\n<\/p>\n<p>&nbsp;<\/p>\n<p style=\"text-align: justify;\" data-sourcepos=\"21:1-21:329\">Hasta el momento, Quer\u00e9taro ha concretado cuatro proyectos de inversi\u00f3n en Hannover Messe 2025, sumando m\u00e1s de 1,100 millones de pesos y la creaci\u00f3n de 621 nuevos empleos.<\/p>\n<\/p>\n<p>&nbsp;<\/p>\n<p style=\"text-align: center;\" data-sourcepos=\"21:1-21:329\"><em><strong>\u00a1Informaci\u00f3n que transforma!<\/strong><\/em><\/p>\n","protected":false},"excerpt":{"rendered":"<p>El estado de Quer\u00e9taro ha concretado una importante inversi\u00f3n de m\u00e1s de 306 millones de pesos por parte de la empresa alemana Novem Car Interior Design, especializada en la fabricaci\u00f3n de productos de dise\u00f1o y soluciones para interiores de autom\u00f3viles.<\/p>\n","protected":false},"author":3,"featured_media":13598,"comment_status":"open","ping_status":"open","sticky":false,"template":"","format":"standard","meta":{"footnotes":""},"categories":[5,42,58],"tags":[374,3947,3970,3948],"class_list":["post-13597","post","type-post","status-publish","format-standard","has-post-thumbnail","hentry","category-economia","category-estado","category-ultima-hora","tag-empleoqueretaro","tag-hannovermesse","tag-inversionalemana","tag-queretaroindustrial"],"yoast_head":"<!-- This site is optimized with the Yoast SEO plugin v25.0 - https:\/\/yoast.com\/wordpress\/plugins\/seo\/ -->\n<title>Quer\u00e9taro suma inversi\u00f3n millonaria 306 mdp y 150 nuevos empleos desde Alemania | Nexo Informativo Santiago de Quer\u00e9taro<\/title>\n<meta name=\"description\" content=\"Quer\u00e9taro suma inversi\u00f3n millonaria 306 mdp y 150 nuevos empleos desde Alemania\" \/>\n<meta name=\"robots\" content=\"index, follow, max-snippet:-1, max-image-preview:large, max-video-preview:-1\" \/>\n<link rel=\"canonical\" href=\"https:\/\/www.nexoinformativo.mx\/index.php\/2025\/04\/02\/queretaro-suma-inversion-millonaria-306-mdp-y-150-nuevos-empleos-desde-alemania\/\" \/>\n<meta property=\"og:locale\" content=\"es_MX\" \/>\n<meta property=\"og:type\" content=\"article\" \/>\n<meta property=\"og:title\" content=\"Quer\u00e9taro suma inversi\u00f3n millonaria 306 mdp y 150 nuevos empleos desde Alemania | Nexo Informativo Santiago de Quer\u00e9taro\" \/>\n<meta property=\"og:description\" content=\"Quer\u00e9taro suma inversi\u00f3n millonaria 306 mdp y 150 nuevos empleos desde Alemania\" \/>\n<meta property=\"og:url\" content=\"https:\/\/www.nexoinformativo.mx\/index.php\/2025\/04\/02\/queretaro-suma-inversion-millonaria-306-mdp-y-150-nuevos-empleos-desde-alemania\/\" \/>\n<meta property=\"og:site_name\" content=\"Nexo Informativo Santiago de Quer\u00e9taro\" \/>\n<meta property=\"article:publisher\" content=\"https:\/\/www.facebook.com\/people\/Nexo-Informativo\/61564066885511\/\" \/>\n<meta property=\"article:published_time\" content=\"2025-04-02T16:00:44+00:00\" \/>\n<meta property=\"article:modified_time\" content=\"2025-04-02T19:47:46+00:00\" \/>\n<meta property=\"og:image\" content=\"https:\/\/www.nexoinformativo.mx\/wp-content\/uploads\/2025\/04\/PHOTO-2025-04-02-10-42-24-e1743623216594.jpg\" \/>\n\t<meta property=\"og:image:width\" content=\"800\" \/>\n\t<meta property=\"og:image:height\" content=\"533\" \/>\n\t<meta property=\"og:image:type\" content=\"image\/jpeg\" \/>\n<meta name=\"author\" content=\"Nexo Informativo\" \/>\n<meta name=\"twitter:card\" content=\"summary_large_image\" \/>\n<meta name=\"twitter:label1\" content=\"Escrito por\" \/>\n\t<meta name=\"twitter:data1\" content=\"Nexo Informativo\" \/>\n\t<meta name=\"twitter:label2\" content=\"Tiempo de lectura\" \/>\n\t<meta name=\"twitter:data2\" content=\"2 minutos\" \/>\n<script type=\"application\/ld+json\" class=\"yoast-schema-graph\">{\"@context\":\"https:\/\/schema.org\",\"@graph\":[{\"@type\":\"Article\",\"@id\":\"https:\/\/www.nexoinformativo.mx\/index.php\/2025\/04\/02\/queretaro-suma-inversion-millonaria-306-mdp-y-150-nuevos-empleos-desde-alemania\/#article\",\"isPartOf\":{\"@id\":\"https:\/\/www.nexoinformativo.mx\/index.php\/2025\/04\/02\/queretaro-suma-inversion-millonaria-306-mdp-y-150-nuevos-empleos-desde-alemania\/\"},\"author\":{\"name\":\"Nexo Informativo\",\"@id\":\"https:\/\/www.nexoinformativo.mx\/#\/schema\/person\/7749d380ba08c8ca00d7bc76fd907b7d\"},\"headline\":\"Quer\u00e9taro suma inversi\u00f3n millonaria 306 mdp y 150 nuevos empleos desde Alemania\",\"datePublished\":\"2025-04-02T16:00:44+00:00\",\"dateModified\":\"2025-04-02T19:47:46+00:00\",\"mainEntityOfPage\":{\"@id\":\"https:\/\/www.nexoinformativo.mx\/index.php\/2025\/04\/02\/queretaro-suma-inversion-millonaria-306-mdp-y-150-nuevos-empleos-desde-alemania\/\"},\"wordCount\":269,\"commentCount\":0,\"publisher\":{\"@id\":\"https:\/\/www.nexoinformativo.mx\/#organization\"},\"image\":{\"@id\":\"https:\/\/www.nexoinformativo.mx\/index.php\/2025\/04\/02\/queretaro-suma-inversion-millonaria-306-mdp-y-150-nuevos-empleos-desde-alemania\/#primaryimage\"},\"thumbnailUrl\":\"https:\/\/www.nexoinformativo.mx\/wp-content\/uploads\/2025\/04\/PHOTO-2025-04-02-10-42-24-e1743623216594.jpg\",\"keywords\":[\"EmpleoQuer\u00e9taro\",\"HannoverMesse\",\"Inversi\u00f3nAlemana\",\"Quer\u00e9taroIndustrial\"],\"articleSection\":[\"Econom\u00eda\",\"Estado\",\"\u00daltima Hora\"],\"inLanguage\":\"es\",\"potentialAction\":[{\"@type\":\"CommentAction\",\"name\":\"Comment\",\"target\":[\"https:\/\/www.nexoinformativo.mx\/index.php\/2025\/04\/02\/queretaro-suma-inversion-millonaria-306-mdp-y-150-nuevos-empleos-desde-alemania\/#respond\"]}]},{\"@type\":\"WebPage\",\"@id\":\"https:\/\/www.nexoinformativo.mx\/index.php\/2025\/04\/02\/queretaro-suma-inversion-millonaria-306-mdp-y-150-nuevos-empleos-desde-alemania\/\",\"url\":\"https:\/\/www.nexoinformativo.mx\/index.php\/2025\/04\/02\/queretaro-suma-inversion-millonaria-306-mdp-y-150-nuevos-empleos-desde-alemania\/\",\"name\":\"Quer\u00e9taro suma inversi\u00f3n millonaria 306 mdp y 150 nuevos empleos desde Alemania | Nexo Informativo Santiago de Quer\u00e9taro\",\"isPartOf\":{\"@id\":\"https:\/\/www.nexoinformativo.mx\/#website\"},\"primaryImageOfPage\":{\"@id\":\"https:\/\/www.nexoinformativo.mx\/index.php\/2025\/04\/02\/queretaro-suma-inversion-millonaria-306-mdp-y-150-nuevos-empleos-desde-alemania\/#primaryimage\"},\"image\":{\"@id\":\"https:\/\/www.nexoinformativo.mx\/index.php\/2025\/04\/02\/queretaro-suma-inversion-millonaria-306-mdp-y-150-nuevos-empleos-desde-alemania\/#primaryimage\"},\"thumbnailUrl\":\"https:\/\/www.nexoinformativo.mx\/wp-content\/uploads\/2025\/04\/PHOTO-2025-04-02-10-42-24-e1743623216594.jpg\",\"datePublished\":\"2025-04-02T16:00:44+00:00\",\"dateModified\":\"2025-04-02T19:47:46+00:00\",\"description\":\"Quer\u00e9taro suma inversi\u00f3n millonaria 306 mdp y 150 nuevos empleos desde Alemania\",\"breadcrumb\":{\"@id\":\"https:\/\/www.nexoinformativo.mx\/index.php\/2025\/04\/02\/queretaro-suma-inversion-millonaria-306-mdp-y-150-nuevos-empleos-desde-alemania\/#breadcrumb\"},\"inLanguage\":\"es\",\"potentialAction\":[{\"@type\":\"ReadAction\",\"target\":[\"https:\/\/www.nexoinformativo.mx\/index.php\/2025\/04\/02\/queretaro-suma-inversion-millonaria-306-mdp-y-150-nuevos-empleos-desde-alemania\/\"]}]},{\"@type\":\"ImageObject\",\"inLanguage\":\"es\",\"@id\":\"https:\/\/www.nexoinformativo.mx\/index.php\/2025\/04\/02\/queretaro-suma-inversion-millonaria-306-mdp-y-150-nuevos-empleos-desde-alemania\/#primaryimage\",\"url\":\"https:\/\/www.nexoinformativo.mx\/wp-content\/uploads\/2025\/04\/PHOTO-2025-04-02-10-42-24-e1743623216594.jpg\",\"contentUrl\":\"https:\/\/www.nexoinformativo.mx\/wp-content\/uploads\/2025\/04\/PHOTO-2025-04-02-10-42-24-e1743623216594.jpg\",\"width\":800,\"height\":533},{\"@type\":\"BreadcrumbList\",\"@id\":\"https:\/\/www.nexoinformativo.mx\/index.php\/2025\/04\/02\/queretaro-suma-inversion-millonaria-306-mdp-y-150-nuevos-empleos-desde-alemania\/#breadcrumb\",\"itemListElement\":[{\"@type\":\"ListItem\",\"position\":1,\"name\":\"Inicio\",\"item\":\"https:\/\/www.nexoinformativo.mx\/\"},{\"@type\":\"ListItem\",\"position\":2,\"name\":\"Quer\u00e9taro suma inversi\u00f3n millonaria 306 mdp y 150 nuevos empleos desde Alemania\"}]},{\"@type\":\"WebSite\",\"@id\":\"https:\/\/www.nexoinformativo.mx\/#website\",\"url\":\"https:\/\/www.nexoinformativo.mx\/\",\"name\":\"Nexo Informativo Santiago de Quer\u00e9taro\",\"description\":\"Explora NexoInformativo y convi\u00e9rtete en parte de una comunidad que valora el conocimiento y la verdad. Tu nexoinformativo es tu puente hacia una comprensi\u00f3n m\u00e1s profunda del mundo que te rodea.\",\"publisher\":{\"@id\":\"https:\/\/www.nexoinformativo.mx\/#organization\"},\"potentialAction\":[{\"@type\":\"SearchAction\",\"target\":{\"@type\":\"EntryPoint\",\"urlTemplate\":\"https:\/\/www.nexoinformativo.mx\/?s={search_term_string}\"},\"query-input\":{\"@type\":\"PropertyValueSpecification\",\"valueRequired\":true,\"valueName\":\"search_term_string\"}}],\"inLanguage\":\"es\"},{\"@type\":\"Organization\",\"@id\":\"https:\/\/www.nexoinformativo.mx\/#organization\",\"name\":\"Nexo Informativo Santiago de Quer\u00e9taro\",\"url\":\"https:\/\/www.nexoinformativo.mx\/\",\"logo\":{\"@type\":\"ImageObject\",\"inLanguage\":\"es\",\"@id\":\"https:\/\/www.nexoinformativo.mx\/#\/schema\/logo\/image\/\",\"url\":\"https:\/\/www.nexoinformativo.mx\/wp-content\/uploads\/2024\/07\/nexoi-trasparente-2.png\",\"contentUrl\":\"https:\/\/www.nexoinformativo.mx\/wp-content\/uploads\/2024\/07\/nexoi-trasparente-2.png\",\"width\":816,\"height\":339,\"caption\":\"Nexo Informativo Santiago de Quer\u00e9taro\"},\"image\":{\"@id\":\"https:\/\/www.nexoinformativo.mx\/#\/schema\/logo\/image\/\"},\"sameAs\":[\"https:\/\/www.facebook.com\/people\/Nexo-Informativo\/61564066885511\/\"]},{\"@type\":\"Person\",\"@id\":\"https:\/\/www.nexoinformativo.mx\/#\/schema\/person\/7749d380ba08c8ca00d7bc76fd907b7d\",\"name\":\"Nexo Informativo\",\"image\":{\"@type\":\"ImageObject\",\"inLanguage\":\"es\",\"@id\":\"https:\/\/www.nexoinformativo.mx\/#\/schema\/person\/image\/\",\"url\":\"https:\/\/secure.gravatar.com\/avatar\/dde2928154642a13d95f87ddf1ea9718fe2b46760a005c53e41ff5ad610704e6?s=96&d=mm&r=g\",\"contentUrl\":\"https:\/\/secure.gravatar.com\/avatar\/dde2928154642a13d95f87ddf1ea9718fe2b46760a005c53e41ff5ad610704e6?s=96&d=mm&r=g\",\"caption\":\"Nexo Informativo\"},\"url\":\"https:\/\/www.nexoinformativo.mx\/index.php\/author\/edicion\/\"}]}<\/script>\n<!-- \/ Yoast SEO plugin. -->","yoast_head_json":{"title":"Quer\u00e9taro suma inversi\u00f3n millonaria 306 mdp y 150 nuevos empleos desde Alemania | Nexo Informativo Santiago de Quer\u00e9taro","description":"Quer\u00e9taro suma inversi\u00f3n millonaria 306 mdp y 150 nuevos empleos desde Alemania","robots":{"index":"index","follow":"follow","max-snippet":"max-snippet:-1","max-image-preview":"max-image-preview:large","max-video-preview":"max-video-preview:-1"},"canonical":"https:\/\/www.nexoinformativo.mx\/index.php\/2025\/04\/02\/queretaro-suma-inversion-millonaria-306-mdp-y-150-nuevos-empleos-desde-alemania\/","og_locale":"es_MX","og_type":"article","og_title":"Quer\u00e9taro suma inversi\u00f3n millonaria 306 mdp y 150 nuevos empleos desde Alemania | Nexo Informativo Santiago de Quer\u00e9taro","og_description":"Quer\u00e9taro suma inversi\u00f3n millonaria 306 mdp y 150 nuevos empleos desde Alemania","og_url":"https:\/\/www.nexoinformativo.mx\/index.php\/2025\/04\/02\/queretaro-suma-inversion-millonaria-306-mdp-y-150-nuevos-empleos-desde-alemania\/","og_site_name":"Nexo Informativo Santiago de Quer\u00e9taro","article_publisher":"https:\/\/www.facebook.com\/people\/Nexo-Informativo\/61564066885511\/","article_published_time":"2025-04-02T16:00:44+00:00","article_modified_time":"2025-04-02T19:47:46+00:00","og_image":[{"width":800,"height":533,"url":"https:\/\/www.nexoinformativo.mx\/wp-content\/uploads\/2025\/04\/PHOTO-2025-04-02-10-42-24-e1743623216594.jpg","type":"image\/jpeg"}],"author":"Nexo Informativo","twitter_card":"summary_large_image","twitter_misc":{"Escrito por":"Nexo Informativo","Tiempo de lectura":"2 minutos"},"schema":{"@context":"https:\/\/schema.org","@graph":[{"@type":"Article","@id":"https:\/\/www.nexoinformativo.mx\/index.php\/2025\/04\/02\/queretaro-suma-inversion-millonaria-306-mdp-y-150-nuevos-empleos-desde-alemania\/#article","isPartOf":{"@id":"https:\/\/www.nexoinformativo.mx\/index.php\/2025\/04\/02\/queretaro-suma-inversion-millonaria-306-mdp-y-150-nuevos-empleos-desde-alemania\/"},"author":{"name":"Nexo Informativo","@id":"https:\/\/www.nexoinformativo.mx\/#\/schema\/person\/7749d380ba08c8ca00d7bc76fd907b7d"},"headline":"Quer\u00e9taro suma inversi\u00f3n millonaria 306 mdp y 150 nuevos empleos desde Alemania","datePublished":"2025-04-02T16:00:44+00:00","dateModified":"2025-04-02T19:47:46+00:00","mainEntityOfPage":{"@id":"https:\/\/www.nexoinformativo.mx\/index.php\/2025\/04\/02\/queretaro-suma-inversion-millonaria-306-mdp-y-150-nuevos-empleos-desde-alemania\/"},"wordCount":269,"commentCount":0,"publisher":{"@id":"https:\/\/www.nexoinformativo.mx\/#organization"},"image":{"@id":"https:\/\/www.nexoinformativo.mx\/index.php\/2025\/04\/02\/queretaro-suma-inversion-millonaria-306-mdp-y-150-nuevos-empleos-desde-alemania\/#primaryimage"},"thumbnailUrl":"https:\/\/www.nexoinformativo.mx\/wp-content\/uploads\/2025\/04\/PHOTO-2025-04-02-10-42-24-e1743623216594.jpg","keywords":["EmpleoQuer\u00e9taro","HannoverMesse","Inversi\u00f3nAlemana","Quer\u00e9taroIndustrial"],"articleSection":["Econom\u00eda","Estado","\u00daltima Hora"],"inLanguage":"es","potentialAction":[{"@type":"CommentAction","name":"Comment","target":["https:\/\/www.nexoinformativo.mx\/index.php\/2025\/04\/02\/queretaro-suma-inversion-millonaria-306-mdp-y-150-nuevos-empleos-desde-alemania\/#respond"]}]},{"@type":"WebPage","@id":"https:\/\/www.nexoinformativo.mx\/index.php\/2025\/04\/02\/queretaro-suma-inversion-millonaria-306-mdp-y-150-nuevos-empleos-desde-alemania\/","url":"https:\/\/www.nexoinformativo.mx\/index.php\/2025\/04\/02\/queretaro-suma-inversion-millonaria-306-mdp-y-150-nuevos-empleos-desde-alemania\/","name":"Quer\u00e9taro suma inversi\u00f3n millonaria 306 mdp y 150 nuevos empleos desde Alemania | Nexo Informativo Santiago de Quer\u00e9taro","isPartOf":{"@id":"https:\/\/www.nexoinformativo.mx\/#website"},"primaryImageOfPage":{"@id":"https:\/\/www.nexoinformativo.mx\/index.php\/2025\/04\/02\/queretaro-suma-inversion-millonaria-306-mdp-y-150-nuevos-empleos-desde-alemania\/#primaryimage"},"image":{"@id":"https:\/\/www.nexoinformativo.mx\/index.php\/2025\/04\/02\/queretaro-suma-inversion-millonaria-306-mdp-y-150-nuevos-empleos-desde-alemania\/#primaryimage"},"thumbnailUrl":"https:\/\/www.nexoinformativo.mx\/wp-content\/uploads\/2025\/04\/PHOTO-2025-04-02-10-42-24-e1743623216594.jpg","datePublished":"2025-04-02T16:00:44+00:00","dateModified":"2025-04-02T19:47:46+00:00","description":"Quer\u00e9taro suma inversi\u00f3n millonaria 306 mdp y 150 nuevos empleos desde Alemania","breadcrumb":{"@id":"https:\/\/www.nexoinformativo.mx\/index.php\/2025\/04\/02\/queretaro-suma-inversion-millonaria-306-mdp-y-150-nuevos-empleos-desde-alemania\/#breadcrumb"},"inLanguage":"es","potentialAction":[{"@type":"ReadAction","target":["https:\/\/www.nexoinformativo.mx\/index.php\/2025\/04\/02\/queretaro-suma-inversion-millonaria-306-mdp-y-150-nuevos-empleos-desde-alemania\/"]}]},{"@type":"ImageObject","inLanguage":"es","@id":"https:\/\/www.nexoinformativo.mx\/index.php\/2025\/04\/02\/queretaro-suma-inversion-millonaria-306-mdp-y-150-nuevos-empleos-desde-alemania\/#primaryimage","url":"https:\/\/www.nexoinformativo.mx\/wp-content\/uploads\/2025\/04\/PHOTO-2025-04-02-10-42-24-e1743623216594.jpg","contentUrl":"https:\/\/www.nexoinformativo.mx\/wp-content\/uploads\/2025\/04\/PHOTO-2025-04-02-10-42-24-e1743623216594.jpg","width":800,"height":533},{"@type":"BreadcrumbList","@id":"https:\/\/www.nexoinformativo.mx\/index.php\/2025\/04\/02\/queretaro-suma-inversion-millonaria-306-mdp-y-150-nuevos-empleos-desde-alemania\/#breadcrumb","itemListElement":[{"@type":"ListItem","position":1,"name":"Inicio","item":"https:\/\/www.nexoinformativo.mx\/"},{"@type":"ListItem","position":2,"name":"Quer\u00e9taro suma inversi\u00f3n millonaria 306 mdp y 150 nuevos empleos desde Alemania"}]},{"@type":"WebSite","@id":"https:\/\/www.nexoinformativo.mx\/#website","url":"https:\/\/www.nexoinformativo.mx\/","name":"Nexo Informativo Santiago de Quer\u00e9taro","description":"Explora NexoInformativo y convi\u00e9rtete en parte de una comunidad que valora el conocimiento y la verdad. Tu nexoinformativo es tu puente hacia una comprensi\u00f3n m\u00e1s profunda del mundo que te rodea.","publisher":{"@id":"https:\/\/www.nexoinformativo.mx\/#organization"},"potentialAction":[{"@type":"SearchAction","target":{"@type":"EntryPoint","urlTemplate":"https:\/\/www.nexoinformativo.mx\/?s={search_term_string}"},"query-input":{"@type":"PropertyValueSpecification","valueRequired":true,"valueName":"search_term_string"}}],"inLanguage":"es"},{"@type":"Organization","@id":"https:\/\/www.nexoinformativo.mx\/#organization","name":"Nexo Informativo Santiago de Quer\u00e9taro","url":"https:\/\/www.nexoinformativo.mx\/","logo":{"@type":"ImageObject","inLanguage":"es","@id":"https:\/\/www.nexoinformativo.mx\/#\/schema\/logo\/image\/","url":"https:\/\/www.nexoinformativo.mx\/wp-content\/uploads\/2024\/07\/nexoi-trasparente-2.png","contentUrl":"https:\/\/www.nexoinformativo.mx\/wp-content\/uploads\/2024\/07\/nexoi-trasparente-2.png","width":816,"height":339,"caption":"Nexo Informativo Santiago de Quer\u00e9taro"},"image":{"@id":"https:\/\/www.nexoinformativo.mx\/#\/schema\/logo\/image\/"},"sameAs":["https:\/\/www.facebook.com\/people\/Nexo-Informativo\/61564066885511\/"]},{"@type":"Person","@id":"https:\/\/www.nexoinformativo.mx\/#\/schema\/person\/7749d380ba08c8ca00d7bc76fd907b7d","name":"Nexo Informativo","image":{"@type":"ImageObject","inLanguage":"es","@id":"https:\/\/www.nexoinformativo.mx\/#\/schema\/person\/image\/","url":"https:\/\/secure.gravatar.com\/avatar\/dde2928154642a13d95f87ddf1ea9718fe2b46760a005c53e41ff5ad610704e6?s=96&d=mm&r=g","contentUrl":"https:\/\/secure.gravatar.com\/avatar\/dde2928154642a13d95f87ddf1ea9718fe2b46760a005c53e41ff5ad610704e6?s=96&d=mm&r=g","caption":"Nexo Informativo"},"url":"https:\/\/www.nexoinformativo.mx\/index.php\/author\/edicion\/"}]}},"_links":{"self":[{"href":"https:\/\/www.nexoinformativo.mx\/index.php\/wp-json\/wp\/v2\/posts\/13597","targetHints":{"allow":["GET"]}}],"collection":[{"href":"https:\/\/www.nexoinformativo.mx\/index.php\/wp-json\/wp\/v2\/posts"}],"about":[{"href":"https:\/\/www.nexoinformativo.mx\/index.php\/wp-json\/wp\/v2\/types\/post"}],"author":[{"embeddable":true,"href":"https:\/\/www.nexoinformativo.mx\/index.php\/wp-json\/wp\/v2\/users\/3"}],"replies":[{"embeddable":true,"href":"https:\/\/www.nexoinformativo.mx\/index.php\/wp-json\/wp\/v2\/comments?post=13597"}],"version-history":[{"count":3,"href":"https:\/\/www.nexoinformativo.mx\/index.php\/wp-json\/wp\/v2\/posts\/13597\/revisions"}],"predecessor-version":[{"id":13601,"href":"https:\/\/www.nexoinformativo.mx\/index.php\/wp-json\/wp\/v2\/posts\/13597\/revisions\/13601"}],"wp:featuredmedia":[{"embeddable":true,"href":"https:\/\/www.nexoinformativo.mx\/index.php\/wp-json\/wp\/v2\/media\/13598"}],"wp:attachment":[{"href":"https:\/\/www.nexoinformativo.mx\/index.php\/wp-json\/wp\/v2\/media?parent=13597"}],"wp:term":[{"taxonomy":"category","embeddable":true,"href":"https:\/\/www.nexoinformativo.mx\/index.php\/wp-json\/wp\/v2\/categories?post=13597"},{"taxonomy":"post_tag","embeddable":true,"href":"https:\/\/www.nexoinformativo.mx\/index.php\/wp-json\/wp\/v2\/tags?post=13597"}],"curies":[{"name":"wp","href":"https:\/\/api.w.org\/{rel}","templated":true}]}}