{"id":1360,"date":"2024-08-30T15:00:19","date_gmt":"2024-08-30T21:00:19","guid":{"rendered":"https:\/\/www.nexoinformativo.mx\/?p=1360"},"modified":"2024-09-01T15:02:06","modified_gmt":"2024-09-01T21:02:06","slug":"inauguran-clinica-de-consultores-en-oncologia-en-queretaro-para-brindar-tratamientos-innovadores-y-accesibles","status":"publish","type":"post","link":"https:\/\/www.nexoinformativo.mx\/index.php\/2024\/08\/30\/inauguran-clinica-de-consultores-en-oncologia-en-queretaro-para-brindar-tratamientos-innovadores-y-accesibles\/","title":{"rendered":"Inauguran Cl\u00ednica de Consultores en Oncolog\u00eda en Quer\u00e9taro para brindar tratamientos innovadores y accesibles"},"content":{"rendered":"<p style=\"text-align: justify;\">El Presidente Municipal de Quer\u00e9taro, Luis Nava, y el Gobernador del Estado de Quer\u00e9taro, Mauricio Kuri Gonz\u00e1lez, encabezaron la inauguraci\u00f3n de la Cl\u00ednica Consultores en Oncolog\u00eda Quer\u00e9taro, ubicada en el Corporativo Uptown Torre II. Esta cl\u00ednica es la tercera en el pa\u00eds y est\u00e1 enfocada en la investigaci\u00f3n y el desarrollo de tratamientos oncol\u00f3gicos experimentales, brindando un servicio integral, especializado y de bajo costo para las y los queretanos.<\/p>\n<p>&nbsp;<\/p>\n<p style=\"text-align: justify;\">Durante el evento, Luis Nava destac\u00f3 la importancia de contar con una cl\u00ednica de este nivel en la ciudad, ya que contribuir\u00e1 significativamente a la atenci\u00f3n m\u00e9dica de calidad y al bienestar de la comunidad queretana. &#8220;Esta cl\u00ednica no solo representa un avance en el tratamiento del c\u00e1ncer, sino tambi\u00e9n una oportunidad para que las personas accedan a tratamientos especializados a costos accesibles&#8221;, se\u00f1al\u00f3 Nava.<\/p>\n<p>&nbsp;<\/p>\n<p style=\"text-align: justify;\">El Gobernador Mauricio Kuri, por su parte, resalt\u00f3 el compromiso de la administraci\u00f3n estatal en apoyar proyectos que beneficien directamente a la poblaci\u00f3n y mejoren la calidad de vida de los queretanos. &#8220;La salud es una prioridad y con este tipo de iniciativas reafirmamos nuestro compromiso de brindar servicios de salud de calidad para todos&#8221;, coment\u00f3 Kuri.<\/p>\n<p>&nbsp;<\/p>\n<p style=\"text-align: justify;\">En el evento tambi\u00e9n estuvieron presentes la Doctora Mar\u00eda Martina P\u00e9rez Rend\u00f3n, Secretaria de Salud del Estado de Quer\u00e9taro; el Doctor Julio Peguero, Presidente y CEO de Consultores en Oncolog\u00eda Quer\u00e9taro; y el Doctor V\u00edctor Mena, Socio Fundador de la cl\u00ednica. Todos ellos destacaron la importancia de la colaboraci\u00f3n entre el sector p\u00fablico y privado para ofrecer alternativas innovadoras y accesibles en el tratamiento del c\u00e1ncer.<\/p>\n<p>&nbsp;<\/p>\n<p style=\"text-align: justify;\">La nueva cl\u00ednica se enfocar\u00e1 en la investigaci\u00f3n y desarrollo de tratamientos oncol\u00f3gicos experimentales que ofrezcan opciones avanzadas y accesibles, posicion\u00e1ndose como un centro de referencia en la regi\u00f3n y un importante aliado en la lucha contra el c\u00e1ncer.<\/p>\n","protected":false},"excerpt":{"rendered":"<p>El Presidente Municipal de Quer\u00e9taro, Luis Nava, y el Gobernador del Estado de Quer\u00e9taro, Mauricio Kuri Gonz\u00e1lez, encabezaron la inauguraci\u00f3n de la Cl\u00ednica Consultores en Oncolog\u00eda Quer\u00e9taro, ubicada en el Corporativo Uptown Torre II.<\/p>\n","protected":false},"author":3,"featured_media":1363,"comment_status":"open","ping_status":"open","sticky":false,"template":"","format":"standard","meta":{"footnotes":""},"categories":[42,65],"tags":[397,396,399,395,398],"class_list":["post-1360","post","type-post","status-publish","format-standard","has-post-thumbnail","hentry","category-estado","category-municipios","tag-luisnava","tag-oncologiaqueretaro","tag-queretaroavanza","tag-saludenqueretaro","tag-tratamientosinnovadores"],"yoast_head":"<!-- This site is optimized with the Yoast SEO plugin v25.0 - https:\/\/yoast.com\/wordpress\/plugins\/seo\/ -->\n<title>Inauguran Cl\u00ednica de Consultores en Oncolog\u00eda en Quer\u00e9taro para brindar tratamientos innovadores y accesibles | Nexo Informativo Santiago de Quer\u00e9taro<\/title>\n<meta name=\"description\" content=\"Inauguran Cl\u00ednica de Consultores en Oncolog\u00eda en Quer\u00e9taro para brindar tratamientos innovadores y accesibles\" \/>\n<meta name=\"robots\" content=\"index, follow, max-snippet:-1, max-image-preview:large, max-video-preview:-1\" \/>\n<link rel=\"canonical\" href=\"https:\/\/www.nexoinformativo.mx\/index.php\/2024\/08\/30\/inauguran-clinica-de-consultores-en-oncologia-en-queretaro-para-brindar-tratamientos-innovadores-y-accesibles\/\" \/>\n<meta property=\"og:locale\" content=\"es_MX\" \/>\n<meta property=\"og:type\" content=\"article\" \/>\n<meta property=\"og:title\" content=\"Inauguran Cl\u00ednica de Consultores en Oncolog\u00eda en Quer\u00e9taro para brindar tratamientos innovadores y accesibles | Nexo Informativo Santiago de Quer\u00e9taro\" \/>\n<meta property=\"og:description\" content=\"Inauguran Cl\u00ednica de Consultores en Oncolog\u00eda en Quer\u00e9taro para brindar tratamientos innovadores y accesibles\" \/>\n<meta property=\"og:url\" content=\"https:\/\/www.nexoinformativo.mx\/index.php\/2024\/08\/30\/inauguran-clinica-de-consultores-en-oncologia-en-queretaro-para-brindar-tratamientos-innovadores-y-accesibles\/\" \/>\n<meta property=\"og:site_name\" content=\"Nexo Informativo Santiago de Quer\u00e9taro\" \/>\n<meta property=\"article:publisher\" content=\"https:\/\/www.facebook.com\/people\/Nexo-Informativo\/61564066885511\/\" \/>\n<meta property=\"article:published_time\" content=\"2024-08-30T21:00:19+00:00\" \/>\n<meta property=\"article:modified_time\" content=\"2024-09-01T21:02:06+00:00\" \/>\n<meta property=\"og:image\" content=\"https:\/\/www.nexoinformativo.mx\/wp-content\/uploads\/2024\/08\/PHOTO-2024-08-31-08-57-28-2-e1725136785212.jpg\" \/>\n\t<meta property=\"og:image:width\" content=\"800\" \/>\n\t<meta property=\"og:image:height\" content=\"533\" \/>\n\t<meta property=\"og:image:type\" content=\"image\/jpeg\" \/>\n<meta name=\"author\" content=\"Nexo Informativo\" \/>\n<meta name=\"twitter:card\" content=\"summary_large_image\" \/>\n<meta name=\"twitter:label1\" content=\"Escrito por\" \/>\n\t<meta name=\"twitter:data1\" content=\"Nexo Informativo\" \/>\n\t<meta name=\"twitter:label2\" content=\"Tiempo de lectura\" \/>\n\t<meta name=\"twitter:data2\" content=\"2 minutos\" \/>\n<script type=\"application\/ld+json\" class=\"yoast-schema-graph\">{\"@context\":\"https:\/\/schema.org\",\"@graph\":[{\"@type\":\"Article\",\"@id\":\"https:\/\/www.nexoinformativo.mx\/index.php\/2024\/08\/30\/inauguran-clinica-de-consultores-en-oncologia-en-queretaro-para-brindar-tratamientos-innovadores-y-accesibles\/#article\",\"isPartOf\":{\"@id\":\"https:\/\/www.nexoinformativo.mx\/index.php\/2024\/08\/30\/inauguran-clinica-de-consultores-en-oncologia-en-queretaro-para-brindar-tratamientos-innovadores-y-accesibles\/\"},\"author\":{\"name\":\"Nexo Informativo\",\"@id\":\"https:\/\/www.nexoinformativo.mx\/#\/schema\/person\/7749d380ba08c8ca00d7bc76fd907b7d\"},\"headline\":\"Inauguran Cl\u00ednica de Consultores en Oncolog\u00eda en Quer\u00e9taro para brindar tratamientos innovadores y accesibles\",\"datePublished\":\"2024-08-30T21:00:19+00:00\",\"dateModified\":\"2024-09-01T21:02:06+00:00\",\"mainEntityOfPage\":{\"@id\":\"https:\/\/www.nexoinformativo.mx\/index.php\/2024\/08\/30\/inauguran-clinica-de-consultores-en-oncologia-en-queretaro-para-brindar-tratamientos-innovadores-y-accesibles\/\"},\"wordCount\":355,\"commentCount\":0,\"publisher\":{\"@id\":\"https:\/\/www.nexoinformativo.mx\/#organization\"},\"image\":{\"@id\":\"https:\/\/www.nexoinformativo.mx\/index.php\/2024\/08\/30\/inauguran-clinica-de-consultores-en-oncologia-en-queretaro-para-brindar-tratamientos-innovadores-y-accesibles\/#primaryimage\"},\"thumbnailUrl\":\"https:\/\/www.nexoinformativo.mx\/wp-content\/uploads\/2024\/08\/PHOTO-2024-08-31-08-57-28-2-e1725136785212.jpg\",\"keywords\":[\"LuisNava\",\"Oncolog\u00edaQuer\u00e9taro\",\"Quer\u00e9taroAvanza\",\"SaludEnQuer\u00e9taro\",\"TratamientosInnovadores\"],\"articleSection\":[\"Estado\",\"Municipios\"],\"inLanguage\":\"es\",\"potentialAction\":[{\"@type\":\"CommentAction\",\"name\":\"Comment\",\"target\":[\"https:\/\/www.nexoinformativo.mx\/index.php\/2024\/08\/30\/inauguran-clinica-de-consultores-en-oncologia-en-queretaro-para-brindar-tratamientos-innovadores-y-accesibles\/#respond\"]}]},{\"@type\":\"WebPage\",\"@id\":\"https:\/\/www.nexoinformativo.mx\/index.php\/2024\/08\/30\/inauguran-clinica-de-consultores-en-oncologia-en-queretaro-para-brindar-tratamientos-innovadores-y-accesibles\/\",\"url\":\"https:\/\/www.nexoinformativo.mx\/index.php\/2024\/08\/30\/inauguran-clinica-de-consultores-en-oncologia-en-queretaro-para-brindar-tratamientos-innovadores-y-accesibles\/\",\"name\":\"Inauguran Cl\u00ednica de Consultores en Oncolog\u00eda en Quer\u00e9taro para brindar tratamientos innovadores y accesibles | Nexo Informativo Santiago de Quer\u00e9taro\",\"isPartOf\":{\"@id\":\"https:\/\/www.nexoinformativo.mx\/#website\"},\"primaryImageOfPage\":{\"@id\":\"https:\/\/www.nexoinformativo.mx\/index.php\/2024\/08\/30\/inauguran-clinica-de-consultores-en-oncologia-en-queretaro-para-brindar-tratamientos-innovadores-y-accesibles\/#primaryimage\"},\"image\":{\"@id\":\"https:\/\/www.nexoinformativo.mx\/index.php\/2024\/08\/30\/inauguran-clinica-de-consultores-en-oncologia-en-queretaro-para-brindar-tratamientos-innovadores-y-accesibles\/#primaryimage\"},\"thumbnailUrl\":\"https:\/\/www.nexoinformativo.mx\/wp-content\/uploads\/2024\/08\/PHOTO-2024-08-31-08-57-28-2-e1725136785212.jpg\",\"datePublished\":\"2024-08-30T21:00:19+00:00\",\"dateModified\":\"2024-09-01T21:02:06+00:00\",\"description\":\"Inauguran Cl\u00ednica de Consultores en Oncolog\u00eda en Quer\u00e9taro para brindar tratamientos innovadores y accesibles\",\"breadcrumb\":{\"@id\":\"https:\/\/www.nexoinformativo.mx\/index.php\/2024\/08\/30\/inauguran-clinica-de-consultores-en-oncologia-en-queretaro-para-brindar-tratamientos-innovadores-y-accesibles\/#breadcrumb\"},\"inLanguage\":\"es\",\"potentialAction\":[{\"@type\":\"ReadAction\",\"target\":[\"https:\/\/www.nexoinformativo.mx\/index.php\/2024\/08\/30\/inauguran-clinica-de-consultores-en-oncologia-en-queretaro-para-brindar-tratamientos-innovadores-y-accesibles\/\"]}]},{\"@type\":\"ImageObject\",\"inLanguage\":\"es\",\"@id\":\"https:\/\/www.nexoinformativo.mx\/index.php\/2024\/08\/30\/inauguran-clinica-de-consultores-en-oncologia-en-queretaro-para-brindar-tratamientos-innovadores-y-accesibles\/#primaryimage\",\"url\":\"https:\/\/www.nexoinformativo.mx\/wp-content\/uploads\/2024\/08\/PHOTO-2024-08-31-08-57-28-2-e1725136785212.jpg\",\"contentUrl\":\"https:\/\/www.nexoinformativo.mx\/wp-content\/uploads\/2024\/08\/PHOTO-2024-08-31-08-57-28-2-e1725136785212.jpg\",\"width\":800,\"height\":533},{\"@type\":\"BreadcrumbList\",\"@id\":\"https:\/\/www.nexoinformativo.mx\/index.php\/2024\/08\/30\/inauguran-clinica-de-consultores-en-oncologia-en-queretaro-para-brindar-tratamientos-innovadores-y-accesibles\/#breadcrumb\",\"itemListElement\":[{\"@type\":\"ListItem\",\"position\":1,\"name\":\"Inicio\",\"item\":\"https:\/\/www.nexoinformativo.mx\/\"},{\"@type\":\"ListItem\",\"position\":2,\"name\":\"Inauguran Cl\u00ednica de Consultores en Oncolog\u00eda en Quer\u00e9taro para brindar tratamientos innovadores y accesibles\"}]},{\"@type\":\"WebSite\",\"@id\":\"https:\/\/www.nexoinformativo.mx\/#website\",\"url\":\"https:\/\/www.nexoinformativo.mx\/\",\"name\":\"Nexo Informativo Santiago de Quer\u00e9taro\",\"description\":\"Explora NexoInformativo y convi\u00e9rtete en parte de una comunidad que valora el conocimiento y la verdad. Tu nexoinformativo es tu puente hacia una comprensi\u00f3n m\u00e1s profunda del mundo que te rodea.\",\"publisher\":{\"@id\":\"https:\/\/www.nexoinformativo.mx\/#organization\"},\"potentialAction\":[{\"@type\":\"SearchAction\",\"target\":{\"@type\":\"EntryPoint\",\"urlTemplate\":\"https:\/\/www.nexoinformativo.mx\/?s={search_term_string}\"},\"query-input\":{\"@type\":\"PropertyValueSpecification\",\"valueRequired\":true,\"valueName\":\"search_term_string\"}}],\"inLanguage\":\"es\"},{\"@type\":\"Organization\",\"@id\":\"https:\/\/www.nexoinformativo.mx\/#organization\",\"name\":\"Nexo Informativo Santiago de Quer\u00e9taro\",\"url\":\"https:\/\/www.nexoinformativo.mx\/\",\"logo\":{\"@type\":\"ImageObject\",\"inLanguage\":\"es\",\"@id\":\"https:\/\/www.nexoinformativo.mx\/#\/schema\/logo\/image\/\",\"url\":\"https:\/\/www.nexoinformativo.mx\/wp-content\/uploads\/2024\/07\/nexoi-trasparente-2.png\",\"contentUrl\":\"https:\/\/www.nexoinformativo.mx\/wp-content\/uploads\/2024\/07\/nexoi-trasparente-2.png\",\"width\":816,\"height\":339,\"caption\":\"Nexo Informativo Santiago de Quer\u00e9taro\"},\"image\":{\"@id\":\"https:\/\/www.nexoinformativo.mx\/#\/schema\/logo\/image\/\"},\"sameAs\":[\"https:\/\/www.facebook.com\/people\/Nexo-Informativo\/61564066885511\/\"]},{\"@type\":\"Person\",\"@id\":\"https:\/\/www.nexoinformativo.mx\/#\/schema\/person\/7749d380ba08c8ca00d7bc76fd907b7d\",\"name\":\"Nexo Informativo\",\"image\":{\"@type\":\"ImageObject\",\"inLanguage\":\"es\",\"@id\":\"https:\/\/www.nexoinformativo.mx\/#\/schema\/person\/image\/\",\"url\":\"https:\/\/secure.gravatar.com\/avatar\/dde2928154642a13d95f87ddf1ea9718fe2b46760a005c53e41ff5ad610704e6?s=96&d=mm&r=g\",\"contentUrl\":\"https:\/\/secure.gravatar.com\/avatar\/dde2928154642a13d95f87ddf1ea9718fe2b46760a005c53e41ff5ad610704e6?s=96&d=mm&r=g\",\"caption\":\"Nexo Informativo\"},\"url\":\"https:\/\/www.nexoinformativo.mx\/index.php\/author\/edicion\/\"}]}<\/script>\n<!-- \/ Yoast SEO plugin. -->","yoast_head_json":{"title":"Inauguran Cl\u00ednica de Consultores en Oncolog\u00eda en Quer\u00e9taro para brindar tratamientos innovadores y accesibles | Nexo Informativo Santiago de Quer\u00e9taro","description":"Inauguran Cl\u00ednica de Consultores en Oncolog\u00eda en Quer\u00e9taro para brindar tratamientos innovadores y accesibles","robots":{"index":"index","follow":"follow","max-snippet":"max-snippet:-1","max-image-preview":"max-image-preview:large","max-video-preview":"max-video-preview:-1"},"canonical":"https:\/\/www.nexoinformativo.mx\/index.php\/2024\/08\/30\/inauguran-clinica-de-consultores-en-oncologia-en-queretaro-para-brindar-tratamientos-innovadores-y-accesibles\/","og_locale":"es_MX","og_type":"article","og_title":"Inauguran Cl\u00ednica de Consultores en Oncolog\u00eda en Quer\u00e9taro para brindar tratamientos innovadores y accesibles | Nexo Informativo Santiago de Quer\u00e9taro","og_description":"Inauguran Cl\u00ednica de Consultores en Oncolog\u00eda en Quer\u00e9taro para brindar tratamientos innovadores y accesibles","og_url":"https:\/\/www.nexoinformativo.mx\/index.php\/2024\/08\/30\/inauguran-clinica-de-consultores-en-oncologia-en-queretaro-para-brindar-tratamientos-innovadores-y-accesibles\/","og_site_name":"Nexo Informativo Santiago de Quer\u00e9taro","article_publisher":"https:\/\/www.facebook.com\/people\/Nexo-Informativo\/61564066885511\/","article_published_time":"2024-08-30T21:00:19+00:00","article_modified_time":"2024-09-01T21:02:06+00:00","og_image":[{"width":800,"height":533,"url":"https:\/\/www.nexoinformativo.mx\/wp-content\/uploads\/2024\/08\/PHOTO-2024-08-31-08-57-28-2-e1725136785212.jpg","type":"image\/jpeg"}],"author":"Nexo Informativo","twitter_card":"summary_large_image","twitter_misc":{"Escrito por":"Nexo Informativo","Tiempo de lectura":"2 minutos"},"schema":{"@context":"https:\/\/schema.org","@graph":[{"@type":"Article","@id":"https:\/\/www.nexoinformativo.mx\/index.php\/2024\/08\/30\/inauguran-clinica-de-consultores-en-oncologia-en-queretaro-para-brindar-tratamientos-innovadores-y-accesibles\/#article","isPartOf":{"@id":"https:\/\/www.nexoinformativo.mx\/index.php\/2024\/08\/30\/inauguran-clinica-de-consultores-en-oncologia-en-queretaro-para-brindar-tratamientos-innovadores-y-accesibles\/"},"author":{"name":"Nexo Informativo","@id":"https:\/\/www.nexoinformativo.mx\/#\/schema\/person\/7749d380ba08c8ca00d7bc76fd907b7d"},"headline":"Inauguran Cl\u00ednica de Consultores en Oncolog\u00eda en Quer\u00e9taro para brindar tratamientos innovadores y accesibles","datePublished":"2024-08-30T21:00:19+00:00","dateModified":"2024-09-01T21:02:06+00:00","mainEntityOfPage":{"@id":"https:\/\/www.nexoinformativo.mx\/index.php\/2024\/08\/30\/inauguran-clinica-de-consultores-en-oncologia-en-queretaro-para-brindar-tratamientos-innovadores-y-accesibles\/"},"wordCount":355,"commentCount":0,"publisher":{"@id":"https:\/\/www.nexoinformativo.mx\/#organization"},"image":{"@id":"https:\/\/www.nexoinformativo.mx\/index.php\/2024\/08\/30\/inauguran-clinica-de-consultores-en-oncologia-en-queretaro-para-brindar-tratamientos-innovadores-y-accesibles\/#primaryimage"},"thumbnailUrl":"https:\/\/www.nexoinformativo.mx\/wp-content\/uploads\/2024\/08\/PHOTO-2024-08-31-08-57-28-2-e1725136785212.jpg","keywords":["LuisNava","Oncolog\u00edaQuer\u00e9taro","Quer\u00e9taroAvanza","SaludEnQuer\u00e9taro","TratamientosInnovadores"],"articleSection":["Estado","Municipios"],"inLanguage":"es","potentialAction":[{"@type":"CommentAction","name":"Comment","target":["https:\/\/www.nexoinformativo.mx\/index.php\/2024\/08\/30\/inauguran-clinica-de-consultores-en-oncologia-en-queretaro-para-brindar-tratamientos-innovadores-y-accesibles\/#respond"]}]},{"@type":"WebPage","@id":"https:\/\/www.nexoinformativo.mx\/index.php\/2024\/08\/30\/inauguran-clinica-de-consultores-en-oncologia-en-queretaro-para-brindar-tratamientos-innovadores-y-accesibles\/","url":"https:\/\/www.nexoinformativo.mx\/index.php\/2024\/08\/30\/inauguran-clinica-de-consultores-en-oncologia-en-queretaro-para-brindar-tratamientos-innovadores-y-accesibles\/","name":"Inauguran Cl\u00ednica de Consultores en Oncolog\u00eda en Quer\u00e9taro para brindar tratamientos innovadores y accesibles | Nexo Informativo Santiago de Quer\u00e9taro","isPartOf":{"@id":"https:\/\/www.nexoinformativo.mx\/#website"},"primaryImageOfPage":{"@id":"https:\/\/www.nexoinformativo.mx\/index.php\/2024\/08\/30\/inauguran-clinica-de-consultores-en-oncologia-en-queretaro-para-brindar-tratamientos-innovadores-y-accesibles\/#primaryimage"},"image":{"@id":"https:\/\/www.nexoinformativo.mx\/index.php\/2024\/08\/30\/inauguran-clinica-de-consultores-en-oncologia-en-queretaro-para-brindar-tratamientos-innovadores-y-accesibles\/#primaryimage"},"thumbnailUrl":"https:\/\/www.nexoinformativo.mx\/wp-content\/uploads\/2024\/08\/PHOTO-2024-08-31-08-57-28-2-e1725136785212.jpg","datePublished":"2024-08-30T21:00:19+00:00","dateModified":"2024-09-01T21:02:06+00:00","description":"Inauguran Cl\u00ednica de Consultores en Oncolog\u00eda en Quer\u00e9taro para brindar tratamientos innovadores y accesibles","breadcrumb":{"@id":"https:\/\/www.nexoinformativo.mx\/index.php\/2024\/08\/30\/inauguran-clinica-de-consultores-en-oncologia-en-queretaro-para-brindar-tratamientos-innovadores-y-accesibles\/#breadcrumb"},"inLanguage":"es","potentialAction":[{"@type":"ReadAction","target":["https:\/\/www.nexoinformativo.mx\/index.php\/2024\/08\/30\/inauguran-clinica-de-consultores-en-oncologia-en-queretaro-para-brindar-tratamientos-innovadores-y-accesibles\/"]}]},{"@type":"ImageObject","inLanguage":"es","@id":"https:\/\/www.nexoinformativo.mx\/index.php\/2024\/08\/30\/inauguran-clinica-de-consultores-en-oncologia-en-queretaro-para-brindar-tratamientos-innovadores-y-accesibles\/#primaryimage","url":"https:\/\/www.nexoinformativo.mx\/wp-content\/uploads\/2024\/08\/PHOTO-2024-08-31-08-57-28-2-e1725136785212.jpg","contentUrl":"https:\/\/www.nexoinformativo.mx\/wp-content\/uploads\/2024\/08\/PHOTO-2024-08-31-08-57-28-2-e1725136785212.jpg","width":800,"height":533},{"@type":"BreadcrumbList","@id":"https:\/\/www.nexoinformativo.mx\/index.php\/2024\/08\/30\/inauguran-clinica-de-consultores-en-oncologia-en-queretaro-para-brindar-tratamientos-innovadores-y-accesibles\/#breadcrumb","itemListElement":[{"@type":"ListItem","position":1,"name":"Inicio","item":"https:\/\/www.nexoinformativo.mx\/"},{"@type":"ListItem","position":2,"name":"Inauguran Cl\u00ednica de Consultores en Oncolog\u00eda en Quer\u00e9taro para brindar tratamientos innovadores y accesibles"}]},{"@type":"WebSite","@id":"https:\/\/www.nexoinformativo.mx\/#website","url":"https:\/\/www.nexoinformativo.mx\/","name":"Nexo Informativo Santiago de Quer\u00e9taro","description":"Explora NexoInformativo y convi\u00e9rtete en parte de una comunidad que valora el conocimiento y la verdad. Tu nexoinformativo es tu puente hacia una comprensi\u00f3n m\u00e1s profunda del mundo que te rodea.","publisher":{"@id":"https:\/\/www.nexoinformativo.mx\/#organization"},"potentialAction":[{"@type":"SearchAction","target":{"@type":"EntryPoint","urlTemplate":"https:\/\/www.nexoinformativo.mx\/?s={search_term_string}"},"query-input":{"@type":"PropertyValueSpecification","valueRequired":true,"valueName":"search_term_string"}}],"inLanguage":"es"},{"@type":"Organization","@id":"https:\/\/www.nexoinformativo.mx\/#organization","name":"Nexo Informativo Santiago de Quer\u00e9taro","url":"https:\/\/www.nexoinformativo.mx\/","logo":{"@type":"ImageObject","inLanguage":"es","@id":"https:\/\/www.nexoinformativo.mx\/#\/schema\/logo\/image\/","url":"https:\/\/www.nexoinformativo.mx\/wp-content\/uploads\/2024\/07\/nexoi-trasparente-2.png","contentUrl":"https:\/\/www.nexoinformativo.mx\/wp-content\/uploads\/2024\/07\/nexoi-trasparente-2.png","width":816,"height":339,"caption":"Nexo Informativo Santiago de Quer\u00e9taro"},"image":{"@id":"https:\/\/www.nexoinformativo.mx\/#\/schema\/logo\/image\/"},"sameAs":["https:\/\/www.facebook.com\/people\/Nexo-Informativo\/61564066885511\/"]},{"@type":"Person","@id":"https:\/\/www.nexoinformativo.mx\/#\/schema\/person\/7749d380ba08c8ca00d7bc76fd907b7d","name":"Nexo Informativo","image":{"@type":"ImageObject","inLanguage":"es","@id":"https:\/\/www.nexoinformativo.mx\/#\/schema\/person\/image\/","url":"https:\/\/secure.gravatar.com\/avatar\/dde2928154642a13d95f87ddf1ea9718fe2b46760a005c53e41ff5ad610704e6?s=96&d=mm&r=g","contentUrl":"https:\/\/secure.gravatar.com\/avatar\/dde2928154642a13d95f87ddf1ea9718fe2b46760a005c53e41ff5ad610704e6?s=96&d=mm&r=g","caption":"Nexo Informativo"},"url":"https:\/\/www.nexoinformativo.mx\/index.php\/author\/edicion\/"}]}},"_links":{"self":[{"href":"https:\/\/www.nexoinformativo.mx\/index.php\/wp-json\/wp\/v2\/posts\/1360","targetHints":{"allow":["GET"]}}],"collection":[{"href":"https:\/\/www.nexoinformativo.mx\/index.php\/wp-json\/wp\/v2\/posts"}],"about":[{"href":"https:\/\/www.nexoinformativo.mx\/index.php\/wp-json\/wp\/v2\/types\/post"}],"author":[{"embeddable":true,"href":"https:\/\/www.nexoinformativo.mx\/index.php\/wp-json\/wp\/v2\/users\/3"}],"replies":[{"embeddable":true,"href":"https:\/\/www.nexoinformativo.mx\/index.php\/wp-json\/wp\/v2\/comments?post=1360"}],"version-history":[{"count":6,"href":"https:\/\/www.nexoinformativo.mx\/index.php\/wp-json\/wp\/v2\/posts\/1360\/revisions"}],"predecessor-version":[{"id":1368,"href":"https:\/\/www.nexoinformativo.mx\/index.php\/wp-json\/wp\/v2\/posts\/1360\/revisions\/1368"}],"wp:featuredmedia":[{"embeddable":true,"href":"https:\/\/www.nexoinformativo.mx\/index.php\/wp-json\/wp\/v2\/media\/1363"}],"wp:attachment":[{"href":"https:\/\/www.nexoinformativo.mx\/index.php\/wp-json\/wp\/v2\/media?parent=1360"}],"wp:term":[{"taxonomy":"category","embeddable":true,"href":"https:\/\/www.nexoinformativo.mx\/index.php\/wp-json\/wp\/v2\/categories?post=1360"},{"taxonomy":"post_tag","embeddable":true,"href":"https:\/\/www.nexoinformativo.mx\/index.php\/wp-json\/wp\/v2\/tags?post=1360"}],"curies":[{"name":"wp","href":"https:\/\/api.w.org\/{rel}","templated":true}]}}