{"id":13607,"date":"2025-04-02T12:00:23","date_gmt":"2025-04-02T18:00:23","guid":{"rendered":"https:\/\/www.nexoinformativo.mx\/?p=13607"},"modified":"2025-04-02T14:07:05","modified_gmt":"2025-04-02T20:07:05","slug":"san-juan-del-rio-concesionarios-buscan-dialogo-para-ajustar-tarifas-de-transporte","status":"publish","type":"post","link":"https:\/\/www.nexoinformativo.mx\/index.php\/2025\/04\/02\/san-juan-del-rio-concesionarios-buscan-dialogo-para-ajustar-tarifas-de-transporte\/","title":{"rendered":"San Juan del R\u00edo concesionarios buscan di\u00e1logo para ajustar tarifas de Transporte"},"content":{"rendered":"<p style=\"text-align: justify;\" data-sourcepos=\"13:1-13:316\">Concesionarios del sistema de transporte p\u00fablico colectivo de San Juan del R\u00edo se manifestaron en las instalaciones de la <strong>Agencia de Movilidad del Estado de Quer\u00e9taro<\/strong> (AMEQ), solicitando un ajuste a la tarifa del servicio, que aseguran, no ha sido modificada en m\u00e1s de una d\u00e9cada.<\/p>\n<\/p>\n<p>&nbsp;<\/p>\n<p style=\"text-align: justify;\" data-sourcepos=\"15:1-15:282\">Los transportistas argumentan que el incremento constante en los costos de insumos y di\u00e9sel ha dificultado la operaci\u00f3n de sus unidades. Por ello, piden un aumento del 20 al 30 por ciento en la tarifa general, que actualmente es de $10 pesos, y en la tarifa preferencial, de $4 pesos.<\/p>\n<\/p>\n<p>&nbsp;<\/p>\n<p style=\"text-align: justify;\" data-sourcepos=\"17:1-17:247\">Jes\u00fas Navarrete Ruiz, representante de Taxibuses CTM, asegur\u00f3 que el servicio continuar\u00e1 funcionando de manera regular para no afectar a la poblaci\u00f3n, y que buscar\u00e1n un di\u00e1logo con el director de la AMEQ, Gerardo Cuanalo, para llegar a un acuerdo.<\/p>\n<\/p>\n<p>&nbsp;<\/p>\n<p style=\"text-align: justify;\" data-sourcepos=\"19:1-19:159\">Los concesionarios, que representan alrededor de 450 unidades vehiculares, esperan que este di\u00e1logo permita encontrar una soluci\u00f3n favorable para ambas partes.<\/p>\n<\/p>\n<p>&nbsp;<\/p>\n<p style=\"text-align: center;\" data-sourcepos=\"19:1-19:159\"><em><strong>\u00a1Informaci\u00f3n que transforma!<\/strong><\/em><\/p>\n","protected":false},"excerpt":{"rendered":"<p>Concesionarios del sistema de transporte p\u00fablico colectivo de San Juan del R\u00edo se manifestaron en las instalaciones de la Agencia de Movilidad del Estado de Quer\u00e9taro (AMEQ), solicitando un ajuste a la tarifa del servicio, que aseguran, no ha sido modificada en m\u00e1s de una d\u00e9cada.<\/p>\n","protected":false},"author":3,"featured_media":13608,"comment_status":"open","ping_status":"open","sticky":false,"template":"","format":"standard","meta":{"footnotes":""},"categories":[65,58],"tags":[2905,382,3973,596],"class_list":["post-13607","post","type-post","status-publish","format-standard","has-post-thumbnail","hentry","category-municipios","category-ultima-hora","tag-ameq","tag-sanjuandelrio","tag-tarifas","tag-transportepublico"],"yoast_head":"<!-- This site is optimized with the Yoast SEO plugin v25.0 - https:\/\/yoast.com\/wordpress\/plugins\/seo\/ -->\n<title>San Juan del R\u00edo concesionarios buscan di\u00e1logo para ajustar tarifas de Transporte | Nexo Informativo Santiago de Quer\u00e9taro<\/title>\n<meta name=\"description\" content=\"San Juan del R\u00edo concesionarios buscan di\u00e1logo para ajustar tarifas de Transporte\" \/>\n<meta name=\"robots\" content=\"index, follow, max-snippet:-1, max-image-preview:large, max-video-preview:-1\" \/>\n<link rel=\"canonical\" href=\"https:\/\/www.nexoinformativo.mx\/index.php\/2025\/04\/02\/san-juan-del-rio-concesionarios-buscan-dialogo-para-ajustar-tarifas-de-transporte\/\" \/>\n<meta property=\"og:locale\" content=\"es_MX\" \/>\n<meta property=\"og:type\" content=\"article\" \/>\n<meta property=\"og:title\" content=\"San Juan del R\u00edo concesionarios buscan di\u00e1logo para ajustar tarifas de Transporte | Nexo Informativo Santiago de Quer\u00e9taro\" \/>\n<meta property=\"og:description\" content=\"San Juan del R\u00edo concesionarios buscan di\u00e1logo para ajustar tarifas de Transporte\" \/>\n<meta property=\"og:url\" content=\"https:\/\/www.nexoinformativo.mx\/index.php\/2025\/04\/02\/san-juan-del-rio-concesionarios-buscan-dialogo-para-ajustar-tarifas-de-transporte\/\" \/>\n<meta property=\"og:site_name\" content=\"Nexo Informativo Santiago de Quer\u00e9taro\" \/>\n<meta property=\"article:publisher\" content=\"https:\/\/www.facebook.com\/people\/Nexo-Informativo\/61564066885511\/\" \/>\n<meta property=\"article:published_time\" content=\"2025-04-02T18:00:23+00:00\" \/>\n<meta property=\"article:modified_time\" content=\"2025-04-02T20:07:05+00:00\" \/>\n<meta property=\"og:image\" content=\"https:\/\/www.nexoinformativo.mx\/wp-content\/uploads\/2025\/04\/43e4aa89-e853-4e86-b1d5-252c6d2a61b7-e1743624380651.jpg\" \/>\n\t<meta property=\"og:image:width\" content=\"800\" \/>\n\t<meta property=\"og:image:height\" content=\"600\" \/>\n\t<meta property=\"og:image:type\" content=\"image\/jpeg\" \/>\n<meta name=\"author\" content=\"Nexo Informativo\" \/>\n<meta name=\"twitter:card\" content=\"summary_large_image\" \/>\n<meta name=\"twitter:label1\" content=\"Escrito por\" \/>\n\t<meta name=\"twitter:data1\" content=\"Nexo Informativo\" \/>\n\t<meta name=\"twitter:label2\" content=\"Tiempo de lectura\" \/>\n\t<meta name=\"twitter:data2\" content=\"1 minuto\" \/>\n<script type=\"application\/ld+json\" class=\"yoast-schema-graph\">{\"@context\":\"https:\/\/schema.org\",\"@graph\":[{\"@type\":\"Article\",\"@id\":\"https:\/\/www.nexoinformativo.mx\/index.php\/2025\/04\/02\/san-juan-del-rio-concesionarios-buscan-dialogo-para-ajustar-tarifas-de-transporte\/#article\",\"isPartOf\":{\"@id\":\"https:\/\/www.nexoinformativo.mx\/index.php\/2025\/04\/02\/san-juan-del-rio-concesionarios-buscan-dialogo-para-ajustar-tarifas-de-transporte\/\"},\"author\":{\"name\":\"Nexo Informativo\",\"@id\":\"https:\/\/www.nexoinformativo.mx\/#\/schema\/person\/7749d380ba08c8ca00d7bc76fd907b7d\"},\"headline\":\"San Juan del R\u00edo concesionarios buscan di\u00e1logo para ajustar tarifas de Transporte\",\"datePublished\":\"2025-04-02T18:00:23+00:00\",\"dateModified\":\"2025-04-02T20:07:05+00:00\",\"mainEntityOfPage\":{\"@id\":\"https:\/\/www.nexoinformativo.mx\/index.php\/2025\/04\/02\/san-juan-del-rio-concesionarios-buscan-dialogo-para-ajustar-tarifas-de-transporte\/\"},\"wordCount\":187,\"commentCount\":0,\"publisher\":{\"@id\":\"https:\/\/www.nexoinformativo.mx\/#organization\"},\"image\":{\"@id\":\"https:\/\/www.nexoinformativo.mx\/index.php\/2025\/04\/02\/san-juan-del-rio-concesionarios-buscan-dialogo-para-ajustar-tarifas-de-transporte\/#primaryimage\"},\"thumbnailUrl\":\"https:\/\/www.nexoinformativo.mx\/wp-content\/uploads\/2025\/04\/43e4aa89-e853-4e86-b1d5-252c6d2a61b7-e1743624380651.jpg\",\"keywords\":[\"AMEQ\",\"SanJuanDelR\u00edo\",\"Tarifas\",\"TransporteP\u00fablico\"],\"articleSection\":[\"Municipios\",\"\u00daltima Hora\"],\"inLanguage\":\"es\",\"potentialAction\":[{\"@type\":\"CommentAction\",\"name\":\"Comment\",\"target\":[\"https:\/\/www.nexoinformativo.mx\/index.php\/2025\/04\/02\/san-juan-del-rio-concesionarios-buscan-dialogo-para-ajustar-tarifas-de-transporte\/#respond\"]}]},{\"@type\":\"WebPage\",\"@id\":\"https:\/\/www.nexoinformativo.mx\/index.php\/2025\/04\/02\/san-juan-del-rio-concesionarios-buscan-dialogo-para-ajustar-tarifas-de-transporte\/\",\"url\":\"https:\/\/www.nexoinformativo.mx\/index.php\/2025\/04\/02\/san-juan-del-rio-concesionarios-buscan-dialogo-para-ajustar-tarifas-de-transporte\/\",\"name\":\"San Juan del R\u00edo concesionarios buscan di\u00e1logo para ajustar tarifas de Transporte | Nexo Informativo Santiago de Quer\u00e9taro\",\"isPartOf\":{\"@id\":\"https:\/\/www.nexoinformativo.mx\/#website\"},\"primaryImageOfPage\":{\"@id\":\"https:\/\/www.nexoinformativo.mx\/index.php\/2025\/04\/02\/san-juan-del-rio-concesionarios-buscan-dialogo-para-ajustar-tarifas-de-transporte\/#primaryimage\"},\"image\":{\"@id\":\"https:\/\/www.nexoinformativo.mx\/index.php\/2025\/04\/02\/san-juan-del-rio-concesionarios-buscan-dialogo-para-ajustar-tarifas-de-transporte\/#primaryimage\"},\"thumbnailUrl\":\"https:\/\/www.nexoinformativo.mx\/wp-content\/uploads\/2025\/04\/43e4aa89-e853-4e86-b1d5-252c6d2a61b7-e1743624380651.jpg\",\"datePublished\":\"2025-04-02T18:00:23+00:00\",\"dateModified\":\"2025-04-02T20:07:05+00:00\",\"description\":\"San Juan del R\u00edo concesionarios buscan di\u00e1logo para ajustar tarifas de Transporte\",\"breadcrumb\":{\"@id\":\"https:\/\/www.nexoinformativo.mx\/index.php\/2025\/04\/02\/san-juan-del-rio-concesionarios-buscan-dialogo-para-ajustar-tarifas-de-transporte\/#breadcrumb\"},\"inLanguage\":\"es\",\"potentialAction\":[{\"@type\":\"ReadAction\",\"target\":[\"https:\/\/www.nexoinformativo.mx\/index.php\/2025\/04\/02\/san-juan-del-rio-concesionarios-buscan-dialogo-para-ajustar-tarifas-de-transporte\/\"]}]},{\"@type\":\"ImageObject\",\"inLanguage\":\"es\",\"@id\":\"https:\/\/www.nexoinformativo.mx\/index.php\/2025\/04\/02\/san-juan-del-rio-concesionarios-buscan-dialogo-para-ajustar-tarifas-de-transporte\/#primaryimage\",\"url\":\"https:\/\/www.nexoinformativo.mx\/wp-content\/uploads\/2025\/04\/43e4aa89-e853-4e86-b1d5-252c6d2a61b7-e1743624380651.jpg\",\"contentUrl\":\"https:\/\/www.nexoinformativo.mx\/wp-content\/uploads\/2025\/04\/43e4aa89-e853-4e86-b1d5-252c6d2a61b7-e1743624380651.jpg\",\"width\":800,\"height\":600},{\"@type\":\"BreadcrumbList\",\"@id\":\"https:\/\/www.nexoinformativo.mx\/index.php\/2025\/04\/02\/san-juan-del-rio-concesionarios-buscan-dialogo-para-ajustar-tarifas-de-transporte\/#breadcrumb\",\"itemListElement\":[{\"@type\":\"ListItem\",\"position\":1,\"name\":\"Inicio\",\"item\":\"https:\/\/www.nexoinformativo.mx\/\"},{\"@type\":\"ListItem\",\"position\":2,\"name\":\"San Juan del R\u00edo concesionarios buscan di\u00e1logo para ajustar tarifas de Transporte\"}]},{\"@type\":\"WebSite\",\"@id\":\"https:\/\/www.nexoinformativo.mx\/#website\",\"url\":\"https:\/\/www.nexoinformativo.mx\/\",\"name\":\"Nexo Informativo Santiago de Quer\u00e9taro\",\"description\":\"Explora NexoInformativo y convi\u00e9rtete en parte de una comunidad que valora el conocimiento y la verdad. Tu nexoinformativo es tu puente hacia una comprensi\u00f3n m\u00e1s profunda del mundo que te rodea.\",\"publisher\":{\"@id\":\"https:\/\/www.nexoinformativo.mx\/#organization\"},\"potentialAction\":[{\"@type\":\"SearchAction\",\"target\":{\"@type\":\"EntryPoint\",\"urlTemplate\":\"https:\/\/www.nexoinformativo.mx\/?s={search_term_string}\"},\"query-input\":{\"@type\":\"PropertyValueSpecification\",\"valueRequired\":true,\"valueName\":\"search_term_string\"}}],\"inLanguage\":\"es\"},{\"@type\":\"Organization\",\"@id\":\"https:\/\/www.nexoinformativo.mx\/#organization\",\"name\":\"Nexo Informativo Santiago de Quer\u00e9taro\",\"url\":\"https:\/\/www.nexoinformativo.mx\/\",\"logo\":{\"@type\":\"ImageObject\",\"inLanguage\":\"es\",\"@id\":\"https:\/\/www.nexoinformativo.mx\/#\/schema\/logo\/image\/\",\"url\":\"https:\/\/www.nexoinformativo.mx\/wp-content\/uploads\/2024\/07\/nexoi-trasparente-2.png\",\"contentUrl\":\"https:\/\/www.nexoinformativo.mx\/wp-content\/uploads\/2024\/07\/nexoi-trasparente-2.png\",\"width\":816,\"height\":339,\"caption\":\"Nexo Informativo Santiago de Quer\u00e9taro\"},\"image\":{\"@id\":\"https:\/\/www.nexoinformativo.mx\/#\/schema\/logo\/image\/\"},\"sameAs\":[\"https:\/\/www.facebook.com\/people\/Nexo-Informativo\/61564066885511\/\"]},{\"@type\":\"Person\",\"@id\":\"https:\/\/www.nexoinformativo.mx\/#\/schema\/person\/7749d380ba08c8ca00d7bc76fd907b7d\",\"name\":\"Nexo Informativo\",\"image\":{\"@type\":\"ImageObject\",\"inLanguage\":\"es\",\"@id\":\"https:\/\/www.nexoinformativo.mx\/#\/schema\/person\/image\/\",\"url\":\"https:\/\/secure.gravatar.com\/avatar\/dde2928154642a13d95f87ddf1ea9718fe2b46760a005c53e41ff5ad610704e6?s=96&d=mm&r=g\",\"contentUrl\":\"https:\/\/secure.gravatar.com\/avatar\/dde2928154642a13d95f87ddf1ea9718fe2b46760a005c53e41ff5ad610704e6?s=96&d=mm&r=g\",\"caption\":\"Nexo Informativo\"},\"url\":\"https:\/\/www.nexoinformativo.mx\/index.php\/author\/edicion\/\"}]}<\/script>\n<!-- \/ Yoast SEO plugin. -->","yoast_head_json":{"title":"San Juan del R\u00edo concesionarios buscan di\u00e1logo para ajustar tarifas de Transporte | Nexo Informativo Santiago de Quer\u00e9taro","description":"San Juan del R\u00edo concesionarios buscan di\u00e1logo para ajustar tarifas de Transporte","robots":{"index":"index","follow":"follow","max-snippet":"max-snippet:-1","max-image-preview":"max-image-preview:large","max-video-preview":"max-video-preview:-1"},"canonical":"https:\/\/www.nexoinformativo.mx\/index.php\/2025\/04\/02\/san-juan-del-rio-concesionarios-buscan-dialogo-para-ajustar-tarifas-de-transporte\/","og_locale":"es_MX","og_type":"article","og_title":"San Juan del R\u00edo concesionarios buscan di\u00e1logo para ajustar tarifas de Transporte | Nexo Informativo Santiago de Quer\u00e9taro","og_description":"San Juan del R\u00edo concesionarios buscan di\u00e1logo para ajustar tarifas de Transporte","og_url":"https:\/\/www.nexoinformativo.mx\/index.php\/2025\/04\/02\/san-juan-del-rio-concesionarios-buscan-dialogo-para-ajustar-tarifas-de-transporte\/","og_site_name":"Nexo Informativo Santiago de Quer\u00e9taro","article_publisher":"https:\/\/www.facebook.com\/people\/Nexo-Informativo\/61564066885511\/","article_published_time":"2025-04-02T18:00:23+00:00","article_modified_time":"2025-04-02T20:07:05+00:00","og_image":[{"width":800,"height":600,"url":"https:\/\/www.nexoinformativo.mx\/wp-content\/uploads\/2025\/04\/43e4aa89-e853-4e86-b1d5-252c6d2a61b7-e1743624380651.jpg","type":"image\/jpeg"}],"author":"Nexo Informativo","twitter_card":"summary_large_image","twitter_misc":{"Escrito por":"Nexo Informativo","Tiempo de lectura":"1 minuto"},"schema":{"@context":"https:\/\/schema.org","@graph":[{"@type":"Article","@id":"https:\/\/www.nexoinformativo.mx\/index.php\/2025\/04\/02\/san-juan-del-rio-concesionarios-buscan-dialogo-para-ajustar-tarifas-de-transporte\/#article","isPartOf":{"@id":"https:\/\/www.nexoinformativo.mx\/index.php\/2025\/04\/02\/san-juan-del-rio-concesionarios-buscan-dialogo-para-ajustar-tarifas-de-transporte\/"},"author":{"name":"Nexo Informativo","@id":"https:\/\/www.nexoinformativo.mx\/#\/schema\/person\/7749d380ba08c8ca00d7bc76fd907b7d"},"headline":"San Juan del R\u00edo concesionarios buscan di\u00e1logo para ajustar tarifas de Transporte","datePublished":"2025-04-02T18:00:23+00:00","dateModified":"2025-04-02T20:07:05+00:00","mainEntityOfPage":{"@id":"https:\/\/www.nexoinformativo.mx\/index.php\/2025\/04\/02\/san-juan-del-rio-concesionarios-buscan-dialogo-para-ajustar-tarifas-de-transporte\/"},"wordCount":187,"commentCount":0,"publisher":{"@id":"https:\/\/www.nexoinformativo.mx\/#organization"},"image":{"@id":"https:\/\/www.nexoinformativo.mx\/index.php\/2025\/04\/02\/san-juan-del-rio-concesionarios-buscan-dialogo-para-ajustar-tarifas-de-transporte\/#primaryimage"},"thumbnailUrl":"https:\/\/www.nexoinformativo.mx\/wp-content\/uploads\/2025\/04\/43e4aa89-e853-4e86-b1d5-252c6d2a61b7-e1743624380651.jpg","keywords":["AMEQ","SanJuanDelR\u00edo","Tarifas","TransporteP\u00fablico"],"articleSection":["Municipios","\u00daltima Hora"],"inLanguage":"es","potentialAction":[{"@type":"CommentAction","name":"Comment","target":["https:\/\/www.nexoinformativo.mx\/index.php\/2025\/04\/02\/san-juan-del-rio-concesionarios-buscan-dialogo-para-ajustar-tarifas-de-transporte\/#respond"]}]},{"@type":"WebPage","@id":"https:\/\/www.nexoinformativo.mx\/index.php\/2025\/04\/02\/san-juan-del-rio-concesionarios-buscan-dialogo-para-ajustar-tarifas-de-transporte\/","url":"https:\/\/www.nexoinformativo.mx\/index.php\/2025\/04\/02\/san-juan-del-rio-concesionarios-buscan-dialogo-para-ajustar-tarifas-de-transporte\/","name":"San Juan del R\u00edo concesionarios buscan di\u00e1logo para ajustar tarifas de Transporte | Nexo Informativo Santiago de Quer\u00e9taro","isPartOf":{"@id":"https:\/\/www.nexoinformativo.mx\/#website"},"primaryImageOfPage":{"@id":"https:\/\/www.nexoinformativo.mx\/index.php\/2025\/04\/02\/san-juan-del-rio-concesionarios-buscan-dialogo-para-ajustar-tarifas-de-transporte\/#primaryimage"},"image":{"@id":"https:\/\/www.nexoinformativo.mx\/index.php\/2025\/04\/02\/san-juan-del-rio-concesionarios-buscan-dialogo-para-ajustar-tarifas-de-transporte\/#primaryimage"},"thumbnailUrl":"https:\/\/www.nexoinformativo.mx\/wp-content\/uploads\/2025\/04\/43e4aa89-e853-4e86-b1d5-252c6d2a61b7-e1743624380651.jpg","datePublished":"2025-04-02T18:00:23+00:00","dateModified":"2025-04-02T20:07:05+00:00","description":"San Juan del R\u00edo concesionarios buscan di\u00e1logo para ajustar tarifas de Transporte","breadcrumb":{"@id":"https:\/\/www.nexoinformativo.mx\/index.php\/2025\/04\/02\/san-juan-del-rio-concesionarios-buscan-dialogo-para-ajustar-tarifas-de-transporte\/#breadcrumb"},"inLanguage":"es","potentialAction":[{"@type":"ReadAction","target":["https:\/\/www.nexoinformativo.mx\/index.php\/2025\/04\/02\/san-juan-del-rio-concesionarios-buscan-dialogo-para-ajustar-tarifas-de-transporte\/"]}]},{"@type":"ImageObject","inLanguage":"es","@id":"https:\/\/www.nexoinformativo.mx\/index.php\/2025\/04\/02\/san-juan-del-rio-concesionarios-buscan-dialogo-para-ajustar-tarifas-de-transporte\/#primaryimage","url":"https:\/\/www.nexoinformativo.mx\/wp-content\/uploads\/2025\/04\/43e4aa89-e853-4e86-b1d5-252c6d2a61b7-e1743624380651.jpg","contentUrl":"https:\/\/www.nexoinformativo.mx\/wp-content\/uploads\/2025\/04\/43e4aa89-e853-4e86-b1d5-252c6d2a61b7-e1743624380651.jpg","width":800,"height":600},{"@type":"BreadcrumbList","@id":"https:\/\/www.nexoinformativo.mx\/index.php\/2025\/04\/02\/san-juan-del-rio-concesionarios-buscan-dialogo-para-ajustar-tarifas-de-transporte\/#breadcrumb","itemListElement":[{"@type":"ListItem","position":1,"name":"Inicio","item":"https:\/\/www.nexoinformativo.mx\/"},{"@type":"ListItem","position":2,"name":"San Juan del R\u00edo concesionarios buscan di\u00e1logo para ajustar tarifas de Transporte"}]},{"@type":"WebSite","@id":"https:\/\/www.nexoinformativo.mx\/#website","url":"https:\/\/www.nexoinformativo.mx\/","name":"Nexo Informativo Santiago de Quer\u00e9taro","description":"Explora NexoInformativo y convi\u00e9rtete en parte de una comunidad que valora el conocimiento y la verdad. Tu nexoinformativo es tu puente hacia una comprensi\u00f3n m\u00e1s profunda del mundo que te rodea.","publisher":{"@id":"https:\/\/www.nexoinformativo.mx\/#organization"},"potentialAction":[{"@type":"SearchAction","target":{"@type":"EntryPoint","urlTemplate":"https:\/\/www.nexoinformativo.mx\/?s={search_term_string}"},"query-input":{"@type":"PropertyValueSpecification","valueRequired":true,"valueName":"search_term_string"}}],"inLanguage":"es"},{"@type":"Organization","@id":"https:\/\/www.nexoinformativo.mx\/#organization","name":"Nexo Informativo Santiago de Quer\u00e9taro","url":"https:\/\/www.nexoinformativo.mx\/","logo":{"@type":"ImageObject","inLanguage":"es","@id":"https:\/\/www.nexoinformativo.mx\/#\/schema\/logo\/image\/","url":"https:\/\/www.nexoinformativo.mx\/wp-content\/uploads\/2024\/07\/nexoi-trasparente-2.png","contentUrl":"https:\/\/www.nexoinformativo.mx\/wp-content\/uploads\/2024\/07\/nexoi-trasparente-2.png","width":816,"height":339,"caption":"Nexo Informativo Santiago de Quer\u00e9taro"},"image":{"@id":"https:\/\/www.nexoinformativo.mx\/#\/schema\/logo\/image\/"},"sameAs":["https:\/\/www.facebook.com\/people\/Nexo-Informativo\/61564066885511\/"]},{"@type":"Person","@id":"https:\/\/www.nexoinformativo.mx\/#\/schema\/person\/7749d380ba08c8ca00d7bc76fd907b7d","name":"Nexo Informativo","image":{"@type":"ImageObject","inLanguage":"es","@id":"https:\/\/www.nexoinformativo.mx\/#\/schema\/person\/image\/","url":"https:\/\/secure.gravatar.com\/avatar\/dde2928154642a13d95f87ddf1ea9718fe2b46760a005c53e41ff5ad610704e6?s=96&d=mm&r=g","contentUrl":"https:\/\/secure.gravatar.com\/avatar\/dde2928154642a13d95f87ddf1ea9718fe2b46760a005c53e41ff5ad610704e6?s=96&d=mm&r=g","caption":"Nexo Informativo"},"url":"https:\/\/www.nexoinformativo.mx\/index.php\/author\/edicion\/"}]}},"_links":{"self":[{"href":"https:\/\/www.nexoinformativo.mx\/index.php\/wp-json\/wp\/v2\/posts\/13607","targetHints":{"allow":["GET"]}}],"collection":[{"href":"https:\/\/www.nexoinformativo.mx\/index.php\/wp-json\/wp\/v2\/posts"}],"about":[{"href":"https:\/\/www.nexoinformativo.mx\/index.php\/wp-json\/wp\/v2\/types\/post"}],"author":[{"embeddable":true,"href":"https:\/\/www.nexoinformativo.mx\/index.php\/wp-json\/wp\/v2\/users\/3"}],"replies":[{"embeddable":true,"href":"https:\/\/www.nexoinformativo.mx\/index.php\/wp-json\/wp\/v2\/comments?post=13607"}],"version-history":[{"count":3,"href":"https:\/\/www.nexoinformativo.mx\/index.php\/wp-json\/wp\/v2\/posts\/13607\/revisions"}],"predecessor-version":[{"id":13611,"href":"https:\/\/www.nexoinformativo.mx\/index.php\/wp-json\/wp\/v2\/posts\/13607\/revisions\/13611"}],"wp:featuredmedia":[{"embeddable":true,"href":"https:\/\/www.nexoinformativo.mx\/index.php\/wp-json\/wp\/v2\/media\/13608"}],"wp:attachment":[{"href":"https:\/\/www.nexoinformativo.mx\/index.php\/wp-json\/wp\/v2\/media?parent=13607"}],"wp:term":[{"taxonomy":"category","embeddable":true,"href":"https:\/\/www.nexoinformativo.mx\/index.php\/wp-json\/wp\/v2\/categories?post=13607"},{"taxonomy":"post_tag","embeddable":true,"href":"https:\/\/www.nexoinformativo.mx\/index.php\/wp-json\/wp\/v2\/tags?post=13607"}],"curies":[{"name":"wp","href":"https:\/\/api.w.org\/{rel}","templated":true}]}}