{"id":13612,"date":"2025-04-02T13:00:46","date_gmt":"2025-04-02T19:00:46","guid":{"rendered":"https:\/\/www.nexoinformativo.mx\/?p=13612"},"modified":"2025-04-02T14:11:40","modified_gmt":"2025-04-02T20:11:40","slug":"queretaro-se-digitaliza-cea-y-ambientalistas-impulsan-recibo-digital-y-siembran-arboles","status":"publish","type":"post","link":"https:\/\/www.nexoinformativo.mx\/index.php\/2025\/04\/02\/queretaro-se-digitaliza-cea-y-ambientalistas-impulsan-recibo-digital-y-siembran-arboles\/","title":{"rendered":"Quer\u00e9taro se digitaliza CEA y ambientalistas impulsan recibo digital y siembran \u00e1rboles"},"content":{"rendered":"<p style=\"text-align: justify;\" data-sourcepos=\"13:1-13:415\">En un esfuerzo conjunto por la sostenibilidad, la Comisi\u00f3n Estatal de Aguas (CEA) y grupos ambientalistas como M\u00e9xico lindo y que limpio, y Guerreros Guardianes M\u00e9xico, A.C., est\u00e1n trabajando para migrar del recibo impreso al digital.<\/p>\n<\/p>\n<p>&nbsp;<\/p>\n<p style=\"text-align: justify;\" data-sourcepos=\"13:1-13:415\">Esta iniciativa, que comenz\u00f3 como una propuesta ciudadana, busca reducir el impacto ambiental y facilitar el acceso a la informaci\u00f3n para los usuarios.<\/p>\n<\/p>\n<p>&nbsp;<\/p>\n<p style=\"text-align: justify;\" data-sourcepos=\"15:1-15:357\">La CEA ha realizado una prueba piloto exitosa en varios fraccionamientos, donde los usuarios ahora reciben sus recibos a trav\u00e9s de la aplicaci\u00f3n m\u00f3vil de la CEA o por correo electr\u00f3nico. El vocal ejecutivo de la CEA, Luis Alberto Vega Ricoy, ha expresado su entusiasmo por esta colaboraci\u00f3n, destacando que por cada recibo digitalizado se plantar\u00e1 un \u00e1rbol.<\/p>\n<\/p>\n<p>&nbsp;<\/p>\n<p style=\"text-align: justify;\" data-sourcepos=\"17:1-17:280\">Mar\u00eda del Pilar Bello Heredia, representante de los grupos ambientalistas, reconoci\u00f3 la disposici\u00f3n de la CEA para adoptar pr\u00e1cticas m\u00e1s sostenibles. Con la migraci\u00f3n total, se estima un ahorro de 25 toneladas de papel, 200 mil litros de agua y 7 mil kilovatios de energ\u00eda al a\u00f1o.<\/p>\n<\/p>\n<p>&nbsp;<\/p>\n<p style=\"text-align: justify;\" data-sourcepos=\"19:1-19:117\">Los usuarios interesados en recibir su recibo digital pueden solicitarlo a trav\u00e9s del QroBot del Gobierno del Estado.<\/p>\n<\/p>\n<p>&nbsp;<\/p>\n<p style=\"text-align: center;\" data-sourcepos=\"19:1-19:117\"><em><strong>\u00a1Informaci\u00f3n que transforma!<\/strong><\/em><\/p>\n","protected":false},"excerpt":{"rendered":"<p>En un esfuerzo conjunto por la sostenibilidad, la Comisi\u00f3n Estatal de Aguas (CEA) y grupos ambientalistas como M\u00e9xico lindo y que limpio, y Guerreros Guardianes M\u00e9xico, A.C., est\u00e1n trabajando para migrar del recibo impreso al digital.<\/p>\n","protected":false},"author":3,"featured_media":13615,"comment_status":"open","ping_status":"open","sticky":false,"template":"","format":"standard","meta":{"footnotes":""},"categories":[42,58],"tags":[3975,958,3974,1451],"class_list":["post-13612","post","type-post","status-publish","format-standard","has-post-thumbnail","hentry","category-estado","category-ultima-hora","tag-ceaagua","tag-queretaroverde","tag-recibodigital","tag-sostenibilidad"],"yoast_head":"<!-- This site is optimized with the Yoast SEO plugin v25.0 - https:\/\/yoast.com\/wordpress\/plugins\/seo\/ -->\n<title>Quer\u00e9taro se digitaliza CEA y ambientalistas impulsan recibo digital y siembran \u00e1rboles | Nexo Informativo Santiago de Quer\u00e9taro<\/title>\n<meta name=\"description\" content=\"Quer\u00e9taro se digitaliza CEA y ambientalistas impulsan recibo digital y siembran \u00e1rboles\" \/>\n<meta name=\"robots\" content=\"index, follow, max-snippet:-1, max-image-preview:large, max-video-preview:-1\" \/>\n<link rel=\"canonical\" href=\"https:\/\/www.nexoinformativo.mx\/index.php\/2025\/04\/02\/queretaro-se-digitaliza-cea-y-ambientalistas-impulsan-recibo-digital-y-siembran-arboles\/\" \/>\n<meta property=\"og:locale\" content=\"es_MX\" \/>\n<meta property=\"og:type\" content=\"article\" \/>\n<meta property=\"og:title\" content=\"Quer\u00e9taro se digitaliza CEA y ambientalistas impulsan recibo digital y siembran \u00e1rboles | Nexo Informativo Santiago de Quer\u00e9taro\" \/>\n<meta property=\"og:description\" content=\"Quer\u00e9taro se digitaliza CEA y ambientalistas impulsan recibo digital y siembran \u00e1rboles\" \/>\n<meta property=\"og:url\" content=\"https:\/\/www.nexoinformativo.mx\/index.php\/2025\/04\/02\/queretaro-se-digitaliza-cea-y-ambientalistas-impulsan-recibo-digital-y-siembran-arboles\/\" \/>\n<meta property=\"og:site_name\" content=\"Nexo Informativo Santiago de Quer\u00e9taro\" \/>\n<meta property=\"article:publisher\" content=\"https:\/\/www.facebook.com\/people\/Nexo-Informativo\/61564066885511\/\" \/>\n<meta property=\"article:published_time\" content=\"2025-04-02T19:00:46+00:00\" \/>\n<meta property=\"article:modified_time\" content=\"2025-04-02T20:11:40+00:00\" \/>\n<meta property=\"og:image\" content=\"https:\/\/www.nexoinformativo.mx\/wp-content\/uploads\/2025\/04\/PHOTO-2025-04-02-13-17-03-e1743624652978.jpg\" \/>\n\t<meta property=\"og:image:width\" content=\"800\" \/>\n\t<meta property=\"og:image:height\" content=\"532\" \/>\n\t<meta property=\"og:image:type\" content=\"image\/jpeg\" \/>\n<meta name=\"author\" content=\"Nexo Informativo\" \/>\n<meta name=\"twitter:card\" content=\"summary_large_image\" \/>\n<meta name=\"twitter:label1\" content=\"Escrito por\" \/>\n\t<meta name=\"twitter:data1\" content=\"Nexo Informativo\" \/>\n\t<meta name=\"twitter:label2\" content=\"Tiempo de lectura\" \/>\n\t<meta name=\"twitter:data2\" content=\"2 minutos\" \/>\n<script type=\"application\/ld+json\" class=\"yoast-schema-graph\">{\"@context\":\"https:\/\/schema.org\",\"@graph\":[{\"@type\":\"Article\",\"@id\":\"https:\/\/www.nexoinformativo.mx\/index.php\/2025\/04\/02\/queretaro-se-digitaliza-cea-y-ambientalistas-impulsan-recibo-digital-y-siembran-arboles\/#article\",\"isPartOf\":{\"@id\":\"https:\/\/www.nexoinformativo.mx\/index.php\/2025\/04\/02\/queretaro-se-digitaliza-cea-y-ambientalistas-impulsan-recibo-digital-y-siembran-arboles\/\"},\"author\":{\"name\":\"Nexo Informativo\",\"@id\":\"https:\/\/www.nexoinformativo.mx\/#\/schema\/person\/7749d380ba08c8ca00d7bc76fd907b7d\"},\"headline\":\"Quer\u00e9taro se digitaliza CEA y ambientalistas impulsan recibo digital y siembran \u00e1rboles\",\"datePublished\":\"2025-04-02T19:00:46+00:00\",\"dateModified\":\"2025-04-02T20:11:40+00:00\",\"mainEntityOfPage\":{\"@id\":\"https:\/\/www.nexoinformativo.mx\/index.php\/2025\/04\/02\/queretaro-se-digitaliza-cea-y-ambientalistas-impulsan-recibo-digital-y-siembran-arboles\/\"},\"wordCount\":220,\"commentCount\":0,\"publisher\":{\"@id\":\"https:\/\/www.nexoinformativo.mx\/#organization\"},\"image\":{\"@id\":\"https:\/\/www.nexoinformativo.mx\/index.php\/2025\/04\/02\/queretaro-se-digitaliza-cea-y-ambientalistas-impulsan-recibo-digital-y-siembran-arboles\/#primaryimage\"},\"thumbnailUrl\":\"https:\/\/www.nexoinformativo.mx\/wp-content\/uploads\/2025\/04\/PHOTO-2025-04-02-13-17-03-e1743624652978.jpg\",\"keywords\":[\"CEAAgua\",\"Quer\u00e9taroVerde\",\"ReciboDigital\",\"Sostenibilidad\"],\"articleSection\":[\"Estado\",\"\u00daltima Hora\"],\"inLanguage\":\"es\",\"potentialAction\":[{\"@type\":\"CommentAction\",\"name\":\"Comment\",\"target\":[\"https:\/\/www.nexoinformativo.mx\/index.php\/2025\/04\/02\/queretaro-se-digitaliza-cea-y-ambientalistas-impulsan-recibo-digital-y-siembran-arboles\/#respond\"]}]},{\"@type\":\"WebPage\",\"@id\":\"https:\/\/www.nexoinformativo.mx\/index.php\/2025\/04\/02\/queretaro-se-digitaliza-cea-y-ambientalistas-impulsan-recibo-digital-y-siembran-arboles\/\",\"url\":\"https:\/\/www.nexoinformativo.mx\/index.php\/2025\/04\/02\/queretaro-se-digitaliza-cea-y-ambientalistas-impulsan-recibo-digital-y-siembran-arboles\/\",\"name\":\"Quer\u00e9taro se digitaliza CEA y ambientalistas impulsan recibo digital y siembran \u00e1rboles | Nexo Informativo Santiago de Quer\u00e9taro\",\"isPartOf\":{\"@id\":\"https:\/\/www.nexoinformativo.mx\/#website\"},\"primaryImageOfPage\":{\"@id\":\"https:\/\/www.nexoinformativo.mx\/index.php\/2025\/04\/02\/queretaro-se-digitaliza-cea-y-ambientalistas-impulsan-recibo-digital-y-siembran-arboles\/#primaryimage\"},\"image\":{\"@id\":\"https:\/\/www.nexoinformativo.mx\/index.php\/2025\/04\/02\/queretaro-se-digitaliza-cea-y-ambientalistas-impulsan-recibo-digital-y-siembran-arboles\/#primaryimage\"},\"thumbnailUrl\":\"https:\/\/www.nexoinformativo.mx\/wp-content\/uploads\/2025\/04\/PHOTO-2025-04-02-13-17-03-e1743624652978.jpg\",\"datePublished\":\"2025-04-02T19:00:46+00:00\",\"dateModified\":\"2025-04-02T20:11:40+00:00\",\"description\":\"Quer\u00e9taro se digitaliza CEA y ambientalistas impulsan recibo digital y siembran \u00e1rboles\",\"breadcrumb\":{\"@id\":\"https:\/\/www.nexoinformativo.mx\/index.php\/2025\/04\/02\/queretaro-se-digitaliza-cea-y-ambientalistas-impulsan-recibo-digital-y-siembran-arboles\/#breadcrumb\"},\"inLanguage\":\"es\",\"potentialAction\":[{\"@type\":\"ReadAction\",\"target\":[\"https:\/\/www.nexoinformativo.mx\/index.php\/2025\/04\/02\/queretaro-se-digitaliza-cea-y-ambientalistas-impulsan-recibo-digital-y-siembran-arboles\/\"]}]},{\"@type\":\"ImageObject\",\"inLanguage\":\"es\",\"@id\":\"https:\/\/www.nexoinformativo.mx\/index.php\/2025\/04\/02\/queretaro-se-digitaliza-cea-y-ambientalistas-impulsan-recibo-digital-y-siembran-arboles\/#primaryimage\",\"url\":\"https:\/\/www.nexoinformativo.mx\/wp-content\/uploads\/2025\/04\/PHOTO-2025-04-02-13-17-03-e1743624652978.jpg\",\"contentUrl\":\"https:\/\/www.nexoinformativo.mx\/wp-content\/uploads\/2025\/04\/PHOTO-2025-04-02-13-17-03-e1743624652978.jpg\",\"width\":800,\"height\":532},{\"@type\":\"BreadcrumbList\",\"@id\":\"https:\/\/www.nexoinformativo.mx\/index.php\/2025\/04\/02\/queretaro-se-digitaliza-cea-y-ambientalistas-impulsan-recibo-digital-y-siembran-arboles\/#breadcrumb\",\"itemListElement\":[{\"@type\":\"ListItem\",\"position\":1,\"name\":\"Inicio\",\"item\":\"https:\/\/www.nexoinformativo.mx\/\"},{\"@type\":\"ListItem\",\"position\":2,\"name\":\"Quer\u00e9taro se digitaliza CEA y ambientalistas impulsan recibo digital y siembran \u00e1rboles\"}]},{\"@type\":\"WebSite\",\"@id\":\"https:\/\/www.nexoinformativo.mx\/#website\",\"url\":\"https:\/\/www.nexoinformativo.mx\/\",\"name\":\"Nexo Informativo Santiago de Quer\u00e9taro\",\"description\":\"Explora NexoInformativo y convi\u00e9rtete en parte de una comunidad que valora el conocimiento y la verdad. Tu nexoinformativo es tu puente hacia una comprensi\u00f3n m\u00e1s profunda del mundo que te rodea.\",\"publisher\":{\"@id\":\"https:\/\/www.nexoinformativo.mx\/#organization\"},\"potentialAction\":[{\"@type\":\"SearchAction\",\"target\":{\"@type\":\"EntryPoint\",\"urlTemplate\":\"https:\/\/www.nexoinformativo.mx\/?s={search_term_string}\"},\"query-input\":{\"@type\":\"PropertyValueSpecification\",\"valueRequired\":true,\"valueName\":\"search_term_string\"}}],\"inLanguage\":\"es\"},{\"@type\":\"Organization\",\"@id\":\"https:\/\/www.nexoinformativo.mx\/#organization\",\"name\":\"Nexo Informativo Santiago de Quer\u00e9taro\",\"url\":\"https:\/\/www.nexoinformativo.mx\/\",\"logo\":{\"@type\":\"ImageObject\",\"inLanguage\":\"es\",\"@id\":\"https:\/\/www.nexoinformativo.mx\/#\/schema\/logo\/image\/\",\"url\":\"https:\/\/www.nexoinformativo.mx\/wp-content\/uploads\/2024\/07\/nexoi-trasparente-2.png\",\"contentUrl\":\"https:\/\/www.nexoinformativo.mx\/wp-content\/uploads\/2024\/07\/nexoi-trasparente-2.png\",\"width\":816,\"height\":339,\"caption\":\"Nexo Informativo Santiago de Quer\u00e9taro\"},\"image\":{\"@id\":\"https:\/\/www.nexoinformativo.mx\/#\/schema\/logo\/image\/\"},\"sameAs\":[\"https:\/\/www.facebook.com\/people\/Nexo-Informativo\/61564066885511\/\"]},{\"@type\":\"Person\",\"@id\":\"https:\/\/www.nexoinformativo.mx\/#\/schema\/person\/7749d380ba08c8ca00d7bc76fd907b7d\",\"name\":\"Nexo Informativo\",\"image\":{\"@type\":\"ImageObject\",\"inLanguage\":\"es\",\"@id\":\"https:\/\/www.nexoinformativo.mx\/#\/schema\/person\/image\/\",\"url\":\"https:\/\/secure.gravatar.com\/avatar\/dde2928154642a13d95f87ddf1ea9718fe2b46760a005c53e41ff5ad610704e6?s=96&d=mm&r=g\",\"contentUrl\":\"https:\/\/secure.gravatar.com\/avatar\/dde2928154642a13d95f87ddf1ea9718fe2b46760a005c53e41ff5ad610704e6?s=96&d=mm&r=g\",\"caption\":\"Nexo Informativo\"},\"url\":\"https:\/\/www.nexoinformativo.mx\/index.php\/author\/edicion\/\"}]}<\/script>\n<!-- \/ Yoast SEO plugin. -->","yoast_head_json":{"title":"Quer\u00e9taro se digitaliza CEA y ambientalistas impulsan recibo digital y siembran \u00e1rboles | Nexo Informativo Santiago de Quer\u00e9taro","description":"Quer\u00e9taro se digitaliza CEA y ambientalistas impulsan recibo digital y siembran \u00e1rboles","robots":{"index":"index","follow":"follow","max-snippet":"max-snippet:-1","max-image-preview":"max-image-preview:large","max-video-preview":"max-video-preview:-1"},"canonical":"https:\/\/www.nexoinformativo.mx\/index.php\/2025\/04\/02\/queretaro-se-digitaliza-cea-y-ambientalistas-impulsan-recibo-digital-y-siembran-arboles\/","og_locale":"es_MX","og_type":"article","og_title":"Quer\u00e9taro se digitaliza CEA y ambientalistas impulsan recibo digital y siembran \u00e1rboles | Nexo Informativo Santiago de Quer\u00e9taro","og_description":"Quer\u00e9taro se digitaliza CEA y ambientalistas impulsan recibo digital y siembran \u00e1rboles","og_url":"https:\/\/www.nexoinformativo.mx\/index.php\/2025\/04\/02\/queretaro-se-digitaliza-cea-y-ambientalistas-impulsan-recibo-digital-y-siembran-arboles\/","og_site_name":"Nexo Informativo Santiago de Quer\u00e9taro","article_publisher":"https:\/\/www.facebook.com\/people\/Nexo-Informativo\/61564066885511\/","article_published_time":"2025-04-02T19:00:46+00:00","article_modified_time":"2025-04-02T20:11:40+00:00","og_image":[{"width":800,"height":532,"url":"https:\/\/www.nexoinformativo.mx\/wp-content\/uploads\/2025\/04\/PHOTO-2025-04-02-13-17-03-e1743624652978.jpg","type":"image\/jpeg"}],"author":"Nexo Informativo","twitter_card":"summary_large_image","twitter_misc":{"Escrito por":"Nexo Informativo","Tiempo de lectura":"2 minutos"},"schema":{"@context":"https:\/\/schema.org","@graph":[{"@type":"Article","@id":"https:\/\/www.nexoinformativo.mx\/index.php\/2025\/04\/02\/queretaro-se-digitaliza-cea-y-ambientalistas-impulsan-recibo-digital-y-siembran-arboles\/#article","isPartOf":{"@id":"https:\/\/www.nexoinformativo.mx\/index.php\/2025\/04\/02\/queretaro-se-digitaliza-cea-y-ambientalistas-impulsan-recibo-digital-y-siembran-arboles\/"},"author":{"name":"Nexo Informativo","@id":"https:\/\/www.nexoinformativo.mx\/#\/schema\/person\/7749d380ba08c8ca00d7bc76fd907b7d"},"headline":"Quer\u00e9taro se digitaliza CEA y ambientalistas impulsan recibo digital y siembran \u00e1rboles","datePublished":"2025-04-02T19:00:46+00:00","dateModified":"2025-04-02T20:11:40+00:00","mainEntityOfPage":{"@id":"https:\/\/www.nexoinformativo.mx\/index.php\/2025\/04\/02\/queretaro-se-digitaliza-cea-y-ambientalistas-impulsan-recibo-digital-y-siembran-arboles\/"},"wordCount":220,"commentCount":0,"publisher":{"@id":"https:\/\/www.nexoinformativo.mx\/#organization"},"image":{"@id":"https:\/\/www.nexoinformativo.mx\/index.php\/2025\/04\/02\/queretaro-se-digitaliza-cea-y-ambientalistas-impulsan-recibo-digital-y-siembran-arboles\/#primaryimage"},"thumbnailUrl":"https:\/\/www.nexoinformativo.mx\/wp-content\/uploads\/2025\/04\/PHOTO-2025-04-02-13-17-03-e1743624652978.jpg","keywords":["CEAAgua","Quer\u00e9taroVerde","ReciboDigital","Sostenibilidad"],"articleSection":["Estado","\u00daltima Hora"],"inLanguage":"es","potentialAction":[{"@type":"CommentAction","name":"Comment","target":["https:\/\/www.nexoinformativo.mx\/index.php\/2025\/04\/02\/queretaro-se-digitaliza-cea-y-ambientalistas-impulsan-recibo-digital-y-siembran-arboles\/#respond"]}]},{"@type":"WebPage","@id":"https:\/\/www.nexoinformativo.mx\/index.php\/2025\/04\/02\/queretaro-se-digitaliza-cea-y-ambientalistas-impulsan-recibo-digital-y-siembran-arboles\/","url":"https:\/\/www.nexoinformativo.mx\/index.php\/2025\/04\/02\/queretaro-se-digitaliza-cea-y-ambientalistas-impulsan-recibo-digital-y-siembran-arboles\/","name":"Quer\u00e9taro se digitaliza CEA y ambientalistas impulsan recibo digital y siembran \u00e1rboles | Nexo Informativo Santiago de Quer\u00e9taro","isPartOf":{"@id":"https:\/\/www.nexoinformativo.mx\/#website"},"primaryImageOfPage":{"@id":"https:\/\/www.nexoinformativo.mx\/index.php\/2025\/04\/02\/queretaro-se-digitaliza-cea-y-ambientalistas-impulsan-recibo-digital-y-siembran-arboles\/#primaryimage"},"image":{"@id":"https:\/\/www.nexoinformativo.mx\/index.php\/2025\/04\/02\/queretaro-se-digitaliza-cea-y-ambientalistas-impulsan-recibo-digital-y-siembran-arboles\/#primaryimage"},"thumbnailUrl":"https:\/\/www.nexoinformativo.mx\/wp-content\/uploads\/2025\/04\/PHOTO-2025-04-02-13-17-03-e1743624652978.jpg","datePublished":"2025-04-02T19:00:46+00:00","dateModified":"2025-04-02T20:11:40+00:00","description":"Quer\u00e9taro se digitaliza CEA y ambientalistas impulsan recibo digital y siembran \u00e1rboles","breadcrumb":{"@id":"https:\/\/www.nexoinformativo.mx\/index.php\/2025\/04\/02\/queretaro-se-digitaliza-cea-y-ambientalistas-impulsan-recibo-digital-y-siembran-arboles\/#breadcrumb"},"inLanguage":"es","potentialAction":[{"@type":"ReadAction","target":["https:\/\/www.nexoinformativo.mx\/index.php\/2025\/04\/02\/queretaro-se-digitaliza-cea-y-ambientalistas-impulsan-recibo-digital-y-siembran-arboles\/"]}]},{"@type":"ImageObject","inLanguage":"es","@id":"https:\/\/www.nexoinformativo.mx\/index.php\/2025\/04\/02\/queretaro-se-digitaliza-cea-y-ambientalistas-impulsan-recibo-digital-y-siembran-arboles\/#primaryimage","url":"https:\/\/www.nexoinformativo.mx\/wp-content\/uploads\/2025\/04\/PHOTO-2025-04-02-13-17-03-e1743624652978.jpg","contentUrl":"https:\/\/www.nexoinformativo.mx\/wp-content\/uploads\/2025\/04\/PHOTO-2025-04-02-13-17-03-e1743624652978.jpg","width":800,"height":532},{"@type":"BreadcrumbList","@id":"https:\/\/www.nexoinformativo.mx\/index.php\/2025\/04\/02\/queretaro-se-digitaliza-cea-y-ambientalistas-impulsan-recibo-digital-y-siembran-arboles\/#breadcrumb","itemListElement":[{"@type":"ListItem","position":1,"name":"Inicio","item":"https:\/\/www.nexoinformativo.mx\/"},{"@type":"ListItem","position":2,"name":"Quer\u00e9taro se digitaliza CEA y ambientalistas impulsan recibo digital y siembran \u00e1rboles"}]},{"@type":"WebSite","@id":"https:\/\/www.nexoinformativo.mx\/#website","url":"https:\/\/www.nexoinformativo.mx\/","name":"Nexo Informativo Santiago de Quer\u00e9taro","description":"Explora NexoInformativo y convi\u00e9rtete en parte de una comunidad que valora el conocimiento y la verdad. Tu nexoinformativo es tu puente hacia una comprensi\u00f3n m\u00e1s profunda del mundo que te rodea.","publisher":{"@id":"https:\/\/www.nexoinformativo.mx\/#organization"},"potentialAction":[{"@type":"SearchAction","target":{"@type":"EntryPoint","urlTemplate":"https:\/\/www.nexoinformativo.mx\/?s={search_term_string}"},"query-input":{"@type":"PropertyValueSpecification","valueRequired":true,"valueName":"search_term_string"}}],"inLanguage":"es"},{"@type":"Organization","@id":"https:\/\/www.nexoinformativo.mx\/#organization","name":"Nexo Informativo Santiago de Quer\u00e9taro","url":"https:\/\/www.nexoinformativo.mx\/","logo":{"@type":"ImageObject","inLanguage":"es","@id":"https:\/\/www.nexoinformativo.mx\/#\/schema\/logo\/image\/","url":"https:\/\/www.nexoinformativo.mx\/wp-content\/uploads\/2024\/07\/nexoi-trasparente-2.png","contentUrl":"https:\/\/www.nexoinformativo.mx\/wp-content\/uploads\/2024\/07\/nexoi-trasparente-2.png","width":816,"height":339,"caption":"Nexo Informativo Santiago de Quer\u00e9taro"},"image":{"@id":"https:\/\/www.nexoinformativo.mx\/#\/schema\/logo\/image\/"},"sameAs":["https:\/\/www.facebook.com\/people\/Nexo-Informativo\/61564066885511\/"]},{"@type":"Person","@id":"https:\/\/www.nexoinformativo.mx\/#\/schema\/person\/7749d380ba08c8ca00d7bc76fd907b7d","name":"Nexo Informativo","image":{"@type":"ImageObject","inLanguage":"es","@id":"https:\/\/www.nexoinformativo.mx\/#\/schema\/person\/image\/","url":"https:\/\/secure.gravatar.com\/avatar\/dde2928154642a13d95f87ddf1ea9718fe2b46760a005c53e41ff5ad610704e6?s=96&d=mm&r=g","contentUrl":"https:\/\/secure.gravatar.com\/avatar\/dde2928154642a13d95f87ddf1ea9718fe2b46760a005c53e41ff5ad610704e6?s=96&d=mm&r=g","caption":"Nexo Informativo"},"url":"https:\/\/www.nexoinformativo.mx\/index.php\/author\/edicion\/"}]}},"_links":{"self":[{"href":"https:\/\/www.nexoinformativo.mx\/index.php\/wp-json\/wp\/v2\/posts\/13612","targetHints":{"allow":["GET"]}}],"collection":[{"href":"https:\/\/www.nexoinformativo.mx\/index.php\/wp-json\/wp\/v2\/posts"}],"about":[{"href":"https:\/\/www.nexoinformativo.mx\/index.php\/wp-json\/wp\/v2\/types\/post"}],"author":[{"embeddable":true,"href":"https:\/\/www.nexoinformativo.mx\/index.php\/wp-json\/wp\/v2\/users\/3"}],"replies":[{"embeddable":true,"href":"https:\/\/www.nexoinformativo.mx\/index.php\/wp-json\/wp\/v2\/comments?post=13612"}],"version-history":[{"count":4,"href":"https:\/\/www.nexoinformativo.mx\/index.php\/wp-json\/wp\/v2\/posts\/13612\/revisions"}],"predecessor-version":[{"id":13614,"href":"https:\/\/www.nexoinformativo.mx\/index.php\/wp-json\/wp\/v2\/posts\/13612\/revisions\/13614"}],"wp:featuredmedia":[{"embeddable":true,"href":"https:\/\/www.nexoinformativo.mx\/index.php\/wp-json\/wp\/v2\/media\/13615"}],"wp:attachment":[{"href":"https:\/\/www.nexoinformativo.mx\/index.php\/wp-json\/wp\/v2\/media?parent=13612"}],"wp:term":[{"taxonomy":"category","embeddable":true,"href":"https:\/\/www.nexoinformativo.mx\/index.php\/wp-json\/wp\/v2\/categories?post=13612"},{"taxonomy":"post_tag","embeddable":true,"href":"https:\/\/www.nexoinformativo.mx\/index.php\/wp-json\/wp\/v2\/tags?post=13612"}],"curies":[{"name":"wp","href":"https:\/\/api.w.org\/{rel}","templated":true}]}}