{"id":13624,"date":"2025-04-02T16:00:40","date_gmt":"2025-04-02T22:00:40","guid":{"rendered":"https:\/\/www.nexoinformativo.mx\/?p=13624"},"modified":"2025-04-02T19:02:37","modified_gmt":"2025-04-03T01:02:37","slug":"queretaro-por-la-salud-infantil-inician-censos-de-peso-talla-y-vacunacion-en-escuelas","status":"publish","type":"post","link":"https:\/\/www.nexoinformativo.mx\/index.php\/2025\/04\/02\/queretaro-por-la-salud-infantil-inician-censos-de-peso-talla-y-vacunacion-en-escuelas\/","title":{"rendered":"Quer\u00e9taro por la salud infantil inician censos de peso, talla y vacunaci\u00f3n en escuelas"},"content":{"rendered":"<p style=\"text-align: justify;\" data-sourcepos=\"13:1-13:358\">Con el objetivo de promover una vida saludable entre los estudiantes de educaci\u00f3n b\u00e1sica, brigadas conformadas por personal de los gobiernos estatal y federal han iniciado la recopilaci\u00f3n de informaci\u00f3n sobre peso, talla, salud bucal y oft\u00e1lmica, as\u00ed como el estado de vacunaci\u00f3n de los alumnos en escuelas p\u00fablicas de Quer\u00e9taro.<\/p>\n<\/p>\n<p>&nbsp;<\/p>\n<p style=\"text-align: justify;\" data-sourcepos=\"15:1-15:297\">La secretaria de educaci\u00f3n del gobierno del estado, Martha Elena Soto, inform\u00f3 que esta iniciativa, impulsada por la Secretar\u00eda de Educaci\u00f3n P\u00fablica (SEP) a nivel federal, se encuentra en su primera etapa en la delegaci\u00f3n de Santa Rosa J\u00e1uregui y se extender\u00e1 a lo largo del a\u00f1o en todo el estado.<\/p>\n<\/p>\n<p>&nbsp;<\/p>\n<p style=\"text-align: justify;\" data-sourcepos=\"17:1-17:289\">Las brigadas, compuestas por personal de los sectores educativo y de salud, visitar\u00e1n diariamente 10 escuelas, con el fin de obtener un panorama completo de la salud de los estudiantes. Adem\u00e1s, se revisar\u00e1 el esquema de vacunaci\u00f3n de los menores, y en caso de ser necesario, se completar\u00e1.<\/p>\n<\/p>\n<p>&nbsp;<\/p>\n<p style=\"text-align: justify;\" data-sourcepos=\"19:1-19:155\">Esta estrategia busca obtener informaci\u00f3n valiosa para promover h\u00e1bitos alimenticios saludables y garantizar el bienestar integral de la comunidad escolar.<\/p>\n<\/p>\n<p>&nbsp;<\/p>\n<p style=\"text-align: center;\" data-sourcepos=\"19:1-19:155\"><em><strong>\u00a1Informaci\u00f3n que transforma!<\/strong><\/em><\/p>\n","protected":false},"excerpt":{"rendered":"<p>Con el objetivo de promover una vida saludable entre los estudiantes de educaci\u00f3n b\u00e1sica, brigadas conformadas por personal de los gobiernos estatal y federal han iniciado la recopilaci\u00f3n de informaci\u00f3n sobre peso, talla, salud bucal y oft\u00e1lmica, as\u00ed como el estado de vacunaci\u00f3n de los alumnos en escuelas p\u00fablicas de Quer\u00e9taro.<\/p>\n","protected":false},"author":3,"featured_media":13625,"comment_status":"open","ping_status":"open","sticky":false,"template":"","format":"standard","meta":{"footnotes":""},"categories":[42,58],"tags":[1902,495,3978,947],"class_list":["post-13624","post","type-post","status-publish","format-standard","has-post-thumbnail","hentry","category-estado","category-ultima-hora","tag-bienestarinfantil","tag-educacionqueretaro","tag-queretarosalud","tag-saludescolar"],"yoast_head":"<!-- This site is optimized with the Yoast SEO plugin v25.0 - https:\/\/yoast.com\/wordpress\/plugins\/seo\/ -->\n<title>Quer\u00e9taro por la salud infantil inician censos de peso, talla y vacunaci\u00f3n en escuelas | Nexo Informativo Santiago de Quer\u00e9taro<\/title>\n<meta name=\"description\" content=\"Quer\u00e9taro por la salud infantil inician censos de peso, talla y vacunaci\u00f3n en escuelas\" \/>\n<meta name=\"robots\" content=\"index, follow, max-snippet:-1, max-image-preview:large, max-video-preview:-1\" \/>\n<link rel=\"canonical\" href=\"https:\/\/www.nexoinformativo.mx\/index.php\/2025\/04\/02\/queretaro-por-la-salud-infantil-inician-censos-de-peso-talla-y-vacunacion-en-escuelas\/\" \/>\n<meta property=\"og:locale\" content=\"es_MX\" \/>\n<meta property=\"og:type\" content=\"article\" \/>\n<meta property=\"og:title\" content=\"Quer\u00e9taro por la salud infantil inician censos de peso, talla y vacunaci\u00f3n en escuelas | Nexo Informativo Santiago de Quer\u00e9taro\" \/>\n<meta property=\"og:description\" content=\"Quer\u00e9taro por la salud infantil inician censos de peso, talla y vacunaci\u00f3n en escuelas\" \/>\n<meta property=\"og:url\" content=\"https:\/\/www.nexoinformativo.mx\/index.php\/2025\/04\/02\/queretaro-por-la-salud-infantil-inician-censos-de-peso-talla-y-vacunacion-en-escuelas\/\" \/>\n<meta property=\"og:site_name\" content=\"Nexo Informativo Santiago de Quer\u00e9taro\" \/>\n<meta property=\"article:publisher\" content=\"https:\/\/www.facebook.com\/people\/Nexo-Informativo\/61564066885511\/\" \/>\n<meta property=\"article:published_time\" content=\"2025-04-02T22:00:40+00:00\" \/>\n<meta property=\"article:modified_time\" content=\"2025-04-03T01:02:37+00:00\" \/>\n<meta property=\"og:image\" content=\"https:\/\/www.nexoinformativo.mx\/wp-content\/uploads\/2025\/04\/PHOTO-2025-04-02-17-24-38-e1743642109434.jpg\" \/>\n\t<meta property=\"og:image:width\" content=\"800\" \/>\n\t<meta property=\"og:image:height\" content=\"533\" \/>\n\t<meta property=\"og:image:type\" content=\"image\/jpeg\" \/>\n<meta name=\"author\" content=\"Nexo Informativo\" \/>\n<meta name=\"twitter:card\" content=\"summary_large_image\" \/>\n<meta name=\"twitter:label1\" content=\"Escrito por\" \/>\n\t<meta name=\"twitter:data1\" content=\"Nexo Informativo\" \/>\n\t<meta name=\"twitter:label2\" content=\"Tiempo de lectura\" \/>\n\t<meta name=\"twitter:data2\" content=\"1 minuto\" \/>\n<script type=\"application\/ld+json\" class=\"yoast-schema-graph\">{\"@context\":\"https:\/\/schema.org\",\"@graph\":[{\"@type\":\"Article\",\"@id\":\"https:\/\/www.nexoinformativo.mx\/index.php\/2025\/04\/02\/queretaro-por-la-salud-infantil-inician-censos-de-peso-talla-y-vacunacion-en-escuelas\/#article\",\"isPartOf\":{\"@id\":\"https:\/\/www.nexoinformativo.mx\/index.php\/2025\/04\/02\/queretaro-por-la-salud-infantil-inician-censos-de-peso-talla-y-vacunacion-en-escuelas\/\"},\"author\":{\"name\":\"Nexo Informativo\",\"@id\":\"https:\/\/www.nexoinformativo.mx\/#\/schema\/person\/7749d380ba08c8ca00d7bc76fd907b7d\"},\"headline\":\"Quer\u00e9taro por la salud infantil inician censos de peso, talla y vacunaci\u00f3n en escuelas\",\"datePublished\":\"2025-04-02T22:00:40+00:00\",\"dateModified\":\"2025-04-03T01:02:37+00:00\",\"mainEntityOfPage\":{\"@id\":\"https:\/\/www.nexoinformativo.mx\/index.php\/2025\/04\/02\/queretaro-por-la-salud-infantil-inician-censos-de-peso-talla-y-vacunacion-en-escuelas\/\"},\"wordCount\":213,\"commentCount\":0,\"publisher\":{\"@id\":\"https:\/\/www.nexoinformativo.mx\/#organization\"},\"image\":{\"@id\":\"https:\/\/www.nexoinformativo.mx\/index.php\/2025\/04\/02\/queretaro-por-la-salud-infantil-inician-censos-de-peso-talla-y-vacunacion-en-escuelas\/#primaryimage\"},\"thumbnailUrl\":\"https:\/\/www.nexoinformativo.mx\/wp-content\/uploads\/2025\/04\/PHOTO-2025-04-02-17-24-38-e1743642109434.jpg\",\"keywords\":[\"BienestarInfantil\",\"Educaci\u00f3nQuer\u00e9taro\",\"Quer\u00e9taroSalud\",\"SaludEscolar\"],\"articleSection\":[\"Estado\",\"\u00daltima Hora\"],\"inLanguage\":\"es\",\"potentialAction\":[{\"@type\":\"CommentAction\",\"name\":\"Comment\",\"target\":[\"https:\/\/www.nexoinformativo.mx\/index.php\/2025\/04\/02\/queretaro-por-la-salud-infantil-inician-censos-de-peso-talla-y-vacunacion-en-escuelas\/#respond\"]}]},{\"@type\":\"WebPage\",\"@id\":\"https:\/\/www.nexoinformativo.mx\/index.php\/2025\/04\/02\/queretaro-por-la-salud-infantil-inician-censos-de-peso-talla-y-vacunacion-en-escuelas\/\",\"url\":\"https:\/\/www.nexoinformativo.mx\/index.php\/2025\/04\/02\/queretaro-por-la-salud-infantil-inician-censos-de-peso-talla-y-vacunacion-en-escuelas\/\",\"name\":\"Quer\u00e9taro por la salud infantil inician censos de peso, talla y vacunaci\u00f3n en escuelas | Nexo Informativo Santiago de Quer\u00e9taro\",\"isPartOf\":{\"@id\":\"https:\/\/www.nexoinformativo.mx\/#website\"},\"primaryImageOfPage\":{\"@id\":\"https:\/\/www.nexoinformativo.mx\/index.php\/2025\/04\/02\/queretaro-por-la-salud-infantil-inician-censos-de-peso-talla-y-vacunacion-en-escuelas\/#primaryimage\"},\"image\":{\"@id\":\"https:\/\/www.nexoinformativo.mx\/index.php\/2025\/04\/02\/queretaro-por-la-salud-infantil-inician-censos-de-peso-talla-y-vacunacion-en-escuelas\/#primaryimage\"},\"thumbnailUrl\":\"https:\/\/www.nexoinformativo.mx\/wp-content\/uploads\/2025\/04\/PHOTO-2025-04-02-17-24-38-e1743642109434.jpg\",\"datePublished\":\"2025-04-02T22:00:40+00:00\",\"dateModified\":\"2025-04-03T01:02:37+00:00\",\"description\":\"Quer\u00e9taro por la salud infantil inician censos de peso, talla y vacunaci\u00f3n en escuelas\",\"breadcrumb\":{\"@id\":\"https:\/\/www.nexoinformativo.mx\/index.php\/2025\/04\/02\/queretaro-por-la-salud-infantil-inician-censos-de-peso-talla-y-vacunacion-en-escuelas\/#breadcrumb\"},\"inLanguage\":\"es\",\"potentialAction\":[{\"@type\":\"ReadAction\",\"target\":[\"https:\/\/www.nexoinformativo.mx\/index.php\/2025\/04\/02\/queretaro-por-la-salud-infantil-inician-censos-de-peso-talla-y-vacunacion-en-escuelas\/\"]}]},{\"@type\":\"ImageObject\",\"inLanguage\":\"es\",\"@id\":\"https:\/\/www.nexoinformativo.mx\/index.php\/2025\/04\/02\/queretaro-por-la-salud-infantil-inician-censos-de-peso-talla-y-vacunacion-en-escuelas\/#primaryimage\",\"url\":\"https:\/\/www.nexoinformativo.mx\/wp-content\/uploads\/2025\/04\/PHOTO-2025-04-02-17-24-38-e1743642109434.jpg\",\"contentUrl\":\"https:\/\/www.nexoinformativo.mx\/wp-content\/uploads\/2025\/04\/PHOTO-2025-04-02-17-24-38-e1743642109434.jpg\",\"width\":800,\"height\":533},{\"@type\":\"BreadcrumbList\",\"@id\":\"https:\/\/www.nexoinformativo.mx\/index.php\/2025\/04\/02\/queretaro-por-la-salud-infantil-inician-censos-de-peso-talla-y-vacunacion-en-escuelas\/#breadcrumb\",\"itemListElement\":[{\"@type\":\"ListItem\",\"position\":1,\"name\":\"Inicio\",\"item\":\"https:\/\/www.nexoinformativo.mx\/\"},{\"@type\":\"ListItem\",\"position\":2,\"name\":\"Quer\u00e9taro por la salud infantil inician censos de peso, talla y vacunaci\u00f3n en escuelas\"}]},{\"@type\":\"WebSite\",\"@id\":\"https:\/\/www.nexoinformativo.mx\/#website\",\"url\":\"https:\/\/www.nexoinformativo.mx\/\",\"name\":\"Nexo Informativo Santiago de Quer\u00e9taro\",\"description\":\"Explora NexoInformativo y convi\u00e9rtete en parte de una comunidad que valora el conocimiento y la verdad. Tu nexoinformativo es tu puente hacia una comprensi\u00f3n m\u00e1s profunda del mundo que te rodea.\",\"publisher\":{\"@id\":\"https:\/\/www.nexoinformativo.mx\/#organization\"},\"potentialAction\":[{\"@type\":\"SearchAction\",\"target\":{\"@type\":\"EntryPoint\",\"urlTemplate\":\"https:\/\/www.nexoinformativo.mx\/?s={search_term_string}\"},\"query-input\":{\"@type\":\"PropertyValueSpecification\",\"valueRequired\":true,\"valueName\":\"search_term_string\"}}],\"inLanguage\":\"es\"},{\"@type\":\"Organization\",\"@id\":\"https:\/\/www.nexoinformativo.mx\/#organization\",\"name\":\"Nexo Informativo Santiago de Quer\u00e9taro\",\"url\":\"https:\/\/www.nexoinformativo.mx\/\",\"logo\":{\"@type\":\"ImageObject\",\"inLanguage\":\"es\",\"@id\":\"https:\/\/www.nexoinformativo.mx\/#\/schema\/logo\/image\/\",\"url\":\"https:\/\/www.nexoinformativo.mx\/wp-content\/uploads\/2024\/07\/nexoi-trasparente-2.png\",\"contentUrl\":\"https:\/\/www.nexoinformativo.mx\/wp-content\/uploads\/2024\/07\/nexoi-trasparente-2.png\",\"width\":816,\"height\":339,\"caption\":\"Nexo Informativo Santiago de Quer\u00e9taro\"},\"image\":{\"@id\":\"https:\/\/www.nexoinformativo.mx\/#\/schema\/logo\/image\/\"},\"sameAs\":[\"https:\/\/www.facebook.com\/people\/Nexo-Informativo\/61564066885511\/\"]},{\"@type\":\"Person\",\"@id\":\"https:\/\/www.nexoinformativo.mx\/#\/schema\/person\/7749d380ba08c8ca00d7bc76fd907b7d\",\"name\":\"Nexo Informativo\",\"image\":{\"@type\":\"ImageObject\",\"inLanguage\":\"es\",\"@id\":\"https:\/\/www.nexoinformativo.mx\/#\/schema\/person\/image\/\",\"url\":\"https:\/\/secure.gravatar.com\/avatar\/dde2928154642a13d95f87ddf1ea9718fe2b46760a005c53e41ff5ad610704e6?s=96&d=mm&r=g\",\"contentUrl\":\"https:\/\/secure.gravatar.com\/avatar\/dde2928154642a13d95f87ddf1ea9718fe2b46760a005c53e41ff5ad610704e6?s=96&d=mm&r=g\",\"caption\":\"Nexo Informativo\"},\"url\":\"https:\/\/www.nexoinformativo.mx\/index.php\/author\/edicion\/\"}]}<\/script>\n<!-- \/ Yoast SEO plugin. -->","yoast_head_json":{"title":"Quer\u00e9taro por la salud infantil inician censos de peso, talla y vacunaci\u00f3n en escuelas | Nexo Informativo Santiago de Quer\u00e9taro","description":"Quer\u00e9taro por la salud infantil inician censos de peso, talla y vacunaci\u00f3n en escuelas","robots":{"index":"index","follow":"follow","max-snippet":"max-snippet:-1","max-image-preview":"max-image-preview:large","max-video-preview":"max-video-preview:-1"},"canonical":"https:\/\/www.nexoinformativo.mx\/index.php\/2025\/04\/02\/queretaro-por-la-salud-infantil-inician-censos-de-peso-talla-y-vacunacion-en-escuelas\/","og_locale":"es_MX","og_type":"article","og_title":"Quer\u00e9taro por la salud infantil inician censos de peso, talla y vacunaci\u00f3n en escuelas | Nexo Informativo Santiago de Quer\u00e9taro","og_description":"Quer\u00e9taro por la salud infantil inician censos de peso, talla y vacunaci\u00f3n en escuelas","og_url":"https:\/\/www.nexoinformativo.mx\/index.php\/2025\/04\/02\/queretaro-por-la-salud-infantil-inician-censos-de-peso-talla-y-vacunacion-en-escuelas\/","og_site_name":"Nexo Informativo Santiago de Quer\u00e9taro","article_publisher":"https:\/\/www.facebook.com\/people\/Nexo-Informativo\/61564066885511\/","article_published_time":"2025-04-02T22:00:40+00:00","article_modified_time":"2025-04-03T01:02:37+00:00","og_image":[{"width":800,"height":533,"url":"https:\/\/www.nexoinformativo.mx\/wp-content\/uploads\/2025\/04\/PHOTO-2025-04-02-17-24-38-e1743642109434.jpg","type":"image\/jpeg"}],"author":"Nexo Informativo","twitter_card":"summary_large_image","twitter_misc":{"Escrito por":"Nexo Informativo","Tiempo de lectura":"1 minuto"},"schema":{"@context":"https:\/\/schema.org","@graph":[{"@type":"Article","@id":"https:\/\/www.nexoinformativo.mx\/index.php\/2025\/04\/02\/queretaro-por-la-salud-infantil-inician-censos-de-peso-talla-y-vacunacion-en-escuelas\/#article","isPartOf":{"@id":"https:\/\/www.nexoinformativo.mx\/index.php\/2025\/04\/02\/queretaro-por-la-salud-infantil-inician-censos-de-peso-talla-y-vacunacion-en-escuelas\/"},"author":{"name":"Nexo Informativo","@id":"https:\/\/www.nexoinformativo.mx\/#\/schema\/person\/7749d380ba08c8ca00d7bc76fd907b7d"},"headline":"Quer\u00e9taro por la salud infantil inician censos de peso, talla y vacunaci\u00f3n en escuelas","datePublished":"2025-04-02T22:00:40+00:00","dateModified":"2025-04-03T01:02:37+00:00","mainEntityOfPage":{"@id":"https:\/\/www.nexoinformativo.mx\/index.php\/2025\/04\/02\/queretaro-por-la-salud-infantil-inician-censos-de-peso-talla-y-vacunacion-en-escuelas\/"},"wordCount":213,"commentCount":0,"publisher":{"@id":"https:\/\/www.nexoinformativo.mx\/#organization"},"image":{"@id":"https:\/\/www.nexoinformativo.mx\/index.php\/2025\/04\/02\/queretaro-por-la-salud-infantil-inician-censos-de-peso-talla-y-vacunacion-en-escuelas\/#primaryimage"},"thumbnailUrl":"https:\/\/www.nexoinformativo.mx\/wp-content\/uploads\/2025\/04\/PHOTO-2025-04-02-17-24-38-e1743642109434.jpg","keywords":["BienestarInfantil","Educaci\u00f3nQuer\u00e9taro","Quer\u00e9taroSalud","SaludEscolar"],"articleSection":["Estado","\u00daltima Hora"],"inLanguage":"es","potentialAction":[{"@type":"CommentAction","name":"Comment","target":["https:\/\/www.nexoinformativo.mx\/index.php\/2025\/04\/02\/queretaro-por-la-salud-infantil-inician-censos-de-peso-talla-y-vacunacion-en-escuelas\/#respond"]}]},{"@type":"WebPage","@id":"https:\/\/www.nexoinformativo.mx\/index.php\/2025\/04\/02\/queretaro-por-la-salud-infantil-inician-censos-de-peso-talla-y-vacunacion-en-escuelas\/","url":"https:\/\/www.nexoinformativo.mx\/index.php\/2025\/04\/02\/queretaro-por-la-salud-infantil-inician-censos-de-peso-talla-y-vacunacion-en-escuelas\/","name":"Quer\u00e9taro por la salud infantil inician censos de peso, talla y vacunaci\u00f3n en escuelas | Nexo Informativo Santiago de Quer\u00e9taro","isPartOf":{"@id":"https:\/\/www.nexoinformativo.mx\/#website"},"primaryImageOfPage":{"@id":"https:\/\/www.nexoinformativo.mx\/index.php\/2025\/04\/02\/queretaro-por-la-salud-infantil-inician-censos-de-peso-talla-y-vacunacion-en-escuelas\/#primaryimage"},"image":{"@id":"https:\/\/www.nexoinformativo.mx\/index.php\/2025\/04\/02\/queretaro-por-la-salud-infantil-inician-censos-de-peso-talla-y-vacunacion-en-escuelas\/#primaryimage"},"thumbnailUrl":"https:\/\/www.nexoinformativo.mx\/wp-content\/uploads\/2025\/04\/PHOTO-2025-04-02-17-24-38-e1743642109434.jpg","datePublished":"2025-04-02T22:00:40+00:00","dateModified":"2025-04-03T01:02:37+00:00","description":"Quer\u00e9taro por la salud infantil inician censos de peso, talla y vacunaci\u00f3n en escuelas","breadcrumb":{"@id":"https:\/\/www.nexoinformativo.mx\/index.php\/2025\/04\/02\/queretaro-por-la-salud-infantil-inician-censos-de-peso-talla-y-vacunacion-en-escuelas\/#breadcrumb"},"inLanguage":"es","potentialAction":[{"@type":"ReadAction","target":["https:\/\/www.nexoinformativo.mx\/index.php\/2025\/04\/02\/queretaro-por-la-salud-infantil-inician-censos-de-peso-talla-y-vacunacion-en-escuelas\/"]}]},{"@type":"ImageObject","inLanguage":"es","@id":"https:\/\/www.nexoinformativo.mx\/index.php\/2025\/04\/02\/queretaro-por-la-salud-infantil-inician-censos-de-peso-talla-y-vacunacion-en-escuelas\/#primaryimage","url":"https:\/\/www.nexoinformativo.mx\/wp-content\/uploads\/2025\/04\/PHOTO-2025-04-02-17-24-38-e1743642109434.jpg","contentUrl":"https:\/\/www.nexoinformativo.mx\/wp-content\/uploads\/2025\/04\/PHOTO-2025-04-02-17-24-38-e1743642109434.jpg","width":800,"height":533},{"@type":"BreadcrumbList","@id":"https:\/\/www.nexoinformativo.mx\/index.php\/2025\/04\/02\/queretaro-por-la-salud-infantil-inician-censos-de-peso-talla-y-vacunacion-en-escuelas\/#breadcrumb","itemListElement":[{"@type":"ListItem","position":1,"name":"Inicio","item":"https:\/\/www.nexoinformativo.mx\/"},{"@type":"ListItem","position":2,"name":"Quer\u00e9taro por la salud infantil inician censos de peso, talla y vacunaci\u00f3n en escuelas"}]},{"@type":"WebSite","@id":"https:\/\/www.nexoinformativo.mx\/#website","url":"https:\/\/www.nexoinformativo.mx\/","name":"Nexo Informativo Santiago de Quer\u00e9taro","description":"Explora NexoInformativo y convi\u00e9rtete en parte de una comunidad que valora el conocimiento y la verdad. Tu nexoinformativo es tu puente hacia una comprensi\u00f3n m\u00e1s profunda del mundo que te rodea.","publisher":{"@id":"https:\/\/www.nexoinformativo.mx\/#organization"},"potentialAction":[{"@type":"SearchAction","target":{"@type":"EntryPoint","urlTemplate":"https:\/\/www.nexoinformativo.mx\/?s={search_term_string}"},"query-input":{"@type":"PropertyValueSpecification","valueRequired":true,"valueName":"search_term_string"}}],"inLanguage":"es"},{"@type":"Organization","@id":"https:\/\/www.nexoinformativo.mx\/#organization","name":"Nexo Informativo Santiago de Quer\u00e9taro","url":"https:\/\/www.nexoinformativo.mx\/","logo":{"@type":"ImageObject","inLanguage":"es","@id":"https:\/\/www.nexoinformativo.mx\/#\/schema\/logo\/image\/","url":"https:\/\/www.nexoinformativo.mx\/wp-content\/uploads\/2024\/07\/nexoi-trasparente-2.png","contentUrl":"https:\/\/www.nexoinformativo.mx\/wp-content\/uploads\/2024\/07\/nexoi-trasparente-2.png","width":816,"height":339,"caption":"Nexo Informativo Santiago de Quer\u00e9taro"},"image":{"@id":"https:\/\/www.nexoinformativo.mx\/#\/schema\/logo\/image\/"},"sameAs":["https:\/\/www.facebook.com\/people\/Nexo-Informativo\/61564066885511\/"]},{"@type":"Person","@id":"https:\/\/www.nexoinformativo.mx\/#\/schema\/person\/7749d380ba08c8ca00d7bc76fd907b7d","name":"Nexo Informativo","image":{"@type":"ImageObject","inLanguage":"es","@id":"https:\/\/www.nexoinformativo.mx\/#\/schema\/person\/image\/","url":"https:\/\/secure.gravatar.com\/avatar\/dde2928154642a13d95f87ddf1ea9718fe2b46760a005c53e41ff5ad610704e6?s=96&d=mm&r=g","contentUrl":"https:\/\/secure.gravatar.com\/avatar\/dde2928154642a13d95f87ddf1ea9718fe2b46760a005c53e41ff5ad610704e6?s=96&d=mm&r=g","caption":"Nexo Informativo"},"url":"https:\/\/www.nexoinformativo.mx\/index.php\/author\/edicion\/"}]}},"_links":{"self":[{"href":"https:\/\/www.nexoinformativo.mx\/index.php\/wp-json\/wp\/v2\/posts\/13624","targetHints":{"allow":["GET"]}}],"collection":[{"href":"https:\/\/www.nexoinformativo.mx\/index.php\/wp-json\/wp\/v2\/posts"}],"about":[{"href":"https:\/\/www.nexoinformativo.mx\/index.php\/wp-json\/wp\/v2\/types\/post"}],"author":[{"embeddable":true,"href":"https:\/\/www.nexoinformativo.mx\/index.php\/wp-json\/wp\/v2\/users\/3"}],"replies":[{"embeddable":true,"href":"https:\/\/www.nexoinformativo.mx\/index.php\/wp-json\/wp\/v2\/comments?post=13624"}],"version-history":[{"count":3,"href":"https:\/\/www.nexoinformativo.mx\/index.php\/wp-json\/wp\/v2\/posts\/13624\/revisions"}],"predecessor-version":[{"id":13628,"href":"https:\/\/www.nexoinformativo.mx\/index.php\/wp-json\/wp\/v2\/posts\/13624\/revisions\/13628"}],"wp:featuredmedia":[{"embeddable":true,"href":"https:\/\/www.nexoinformativo.mx\/index.php\/wp-json\/wp\/v2\/media\/13625"}],"wp:attachment":[{"href":"https:\/\/www.nexoinformativo.mx\/index.php\/wp-json\/wp\/v2\/media?parent=13624"}],"wp:term":[{"taxonomy":"category","embeddable":true,"href":"https:\/\/www.nexoinformativo.mx\/index.php\/wp-json\/wp\/v2\/categories?post=13624"},{"taxonomy":"post_tag","embeddable":true,"href":"https:\/\/www.nexoinformativo.mx\/index.php\/wp-json\/wp\/v2\/tags?post=13624"}],"curies":[{"name":"wp","href":"https:\/\/api.w.org\/{rel}","templated":true}]}}