{"id":13651,"date":"2025-04-03T08:00:20","date_gmt":"2025-04-03T14:00:20","guid":{"rendered":"https:\/\/www.nexoinformativo.mx\/?p=13651"},"modified":"2025-04-03T14:17:56","modified_gmt":"2025-04-03T20:17:56","slug":"anuncia-sheinbaum-transformacion-ferroviaria-mexico-invierte-157-mil-mdp-en-nuevas-vias-de-tren","status":"publish","type":"post","link":"https:\/\/www.nexoinformativo.mx\/index.php\/2025\/04\/03\/anuncia-sheinbaum-transformacion-ferroviaria-mexico-invierte-157-mil-mdp-en-nuevas-vias-de-tren\/","title":{"rendered":"Anuncia Sheinbaum transformaci\u00f3n ferroviaria M\u00e9xico invierte 157 Mil mdp en nuevas v\u00edas de tren"},"content":{"rendered":"<p style=\"text-align: justify;\" data-sourcepos=\"13:1-13:440\">El Gobierno de M\u00e9xico, a trav\u00e9s de la Agencia Reguladora de Transporte Ferroviario (ARTF), anunci\u00f3 una inversi\u00f3n de 157 mil millones de pesos (mdp) para la construcci\u00f3n de los primeros 774 kil\u00f3metros (km) de v\u00edas para trenes de pasajeros, as\u00ed como 240 km para trenes de carga.<\/p>\n<\/p>\n<p>&nbsp;<\/p>\n<p style=\"text-align: justify;\" data-sourcepos=\"13:1-13:440\">Este ambicioso proyecto busca modernizar la infraestructura ferroviaria del pa\u00eds y potenciar el transporte de pasajeros y mercanc\u00edas.<\/p>\n<\/p>\n<p>&nbsp;<\/p>\n<p style=\"text-align: justify;\" data-sourcepos=\"15:1-15:172\">La Presidenta de M\u00e9xico, Claudia Sheinbaum, destac\u00f3 el avance de este proyecto durante la conferencia matutina, subrayando su importancia para el desarrollo del pa\u00eds.<\/p>\n<\/p>\n<p>&nbsp;<\/p>\n<p style=\"text-align: justify;\" data-sourcepos=\"17:1-17:280\">El director general de la ARTF, Andr\u00e9s Lajous Loaeza, detall\u00f3 que se construir\u00e1n m\u00e1s de 3 mil km de v\u00edas para pasajeros durante el sexenio, comenzando con cuatro tramos prioritarios: Ciudad de M\u00e9xico-Pachuca, Ciudad de M\u00e9xico-Quer\u00e9taro, Quer\u00e9taro-Irapuato y Saltillo-Nuevo Laredo.<\/p>\n<\/p>\n<p>&nbsp;<\/p>\n<p style=\"text-align: justify;\" data-sourcepos=\"19:1-19:125\">Adem\u00e1s, se construir\u00e1n 70 km de v\u00edas de carga en el Tren Maya y 170 km en el Corredor Interoce\u00e1nico del Istmo de Tehuantepec.<\/p>\n<\/p>\n<p>&nbsp;<\/p>\n<p style=\"text-align: justify;\" data-sourcepos=\"21:1-21:160\">Este proyecto involucra la colaboraci\u00f3n de diversas dependencias gubernamentales y busca impulsar el desarrollo econ\u00f3mico y social de las regiones beneficiadas.<\/p>\n<\/p>\n<p>&nbsp;<\/p>\n<p style=\"text-align: center;\" data-sourcepos=\"21:1-21:160\"><em><strong>\u00a1Informaci\u00f3n que transforma!<\/strong><\/em><\/p>\n","protected":false},"excerpt":{"rendered":"<p>El Gobierno de M\u00e9xico, a trav\u00e9s de la Agencia Reguladora de Transporte Ferroviario (ARTF), anunci\u00f3 una inversi\u00f3n de 157 mil millones de pesos (mdp) para la construcci\u00f3n de los primeros 774 kil\u00f3metros (km) de v\u00edas para trenes de pasajeros, as\u00ed como 240 km para trenes de carga.<\/p>\n","protected":false},"author":3,"featured_media":13653,"comment_status":"open","ping_status":"open","sticky":false,"template":"","format":"standard","meta":{"footnotes":""},"categories":[5,88,58],"tags":[1011,3755,3983,3982],"class_list":["post-13651","post","type-post","status-publish","format-standard","has-post-thumbnail","hentry","category-economia","category-nacional","category-ultima-hora","tag-infraestructuramx","tag-inversionmexico","tag-transporteferroviario","tag-trenesmexico"],"yoast_head":"<!-- This site is optimized with the Yoast SEO plugin v25.0 - https:\/\/yoast.com\/wordpress\/plugins\/seo\/ -->\n<title>Anuncia Sheinbaum transformaci\u00f3n ferroviaria M\u00e9xico invierte 157 Mil mdp en nuevas v\u00edas de tren | Nexo Informativo Santiago de Quer\u00e9taro<\/title>\n<meta name=\"description\" content=\"Anuncia Sheinbaum transformaci\u00f3n ferroviaria M\u00e9xico invierte 157 Mil mdp en nuevas v\u00edas de tren\" \/>\n<meta name=\"robots\" content=\"index, follow, max-snippet:-1, max-image-preview:large, max-video-preview:-1\" \/>\n<link rel=\"canonical\" href=\"https:\/\/www.nexoinformativo.mx\/index.php\/2025\/04\/03\/anuncia-sheinbaum-transformacion-ferroviaria-mexico-invierte-157-mil-mdp-en-nuevas-vias-de-tren\/\" \/>\n<meta property=\"og:locale\" content=\"es_MX\" \/>\n<meta property=\"og:type\" content=\"article\" \/>\n<meta property=\"og:title\" content=\"Anuncia Sheinbaum transformaci\u00f3n ferroviaria M\u00e9xico invierte 157 Mil mdp en nuevas v\u00edas de tren | Nexo Informativo Santiago de Quer\u00e9taro\" \/>\n<meta property=\"og:description\" content=\"Anuncia Sheinbaum transformaci\u00f3n ferroviaria M\u00e9xico invierte 157 Mil mdp en nuevas v\u00edas de tren\" \/>\n<meta property=\"og:url\" content=\"https:\/\/www.nexoinformativo.mx\/index.php\/2025\/04\/03\/anuncia-sheinbaum-transformacion-ferroviaria-mexico-invierte-157-mil-mdp-en-nuevas-vias-de-tren\/\" \/>\n<meta property=\"og:site_name\" content=\"Nexo Informativo Santiago de Quer\u00e9taro\" \/>\n<meta property=\"article:publisher\" content=\"https:\/\/www.facebook.com\/people\/Nexo-Informativo\/61564066885511\/\" \/>\n<meta property=\"article:published_time\" content=\"2025-04-03T14:00:20+00:00\" \/>\n<meta property=\"article:modified_time\" content=\"2025-04-03T20:17:56+00:00\" \/>\n<meta property=\"og:image\" content=\"https:\/\/www.nexoinformativo.mx\/wp-content\/uploads\/2025\/04\/IMG_2103.jpg\" \/>\n\t<meta property=\"og:image:width\" content=\"650\" \/>\n\t<meta property=\"og:image:height\" content=\"380\" \/>\n\t<meta property=\"og:image:type\" content=\"image\/jpeg\" \/>\n<meta name=\"author\" content=\"Nexo Informativo\" \/>\n<meta name=\"twitter:card\" content=\"summary_large_image\" \/>\n<meta name=\"twitter:label1\" content=\"Escrito por\" \/>\n\t<meta name=\"twitter:data1\" content=\"Nexo Informativo\" \/>\n\t<meta name=\"twitter:label2\" content=\"Tiempo de lectura\" \/>\n\t<meta name=\"twitter:data2\" content=\"2 minutos\" \/>\n<script type=\"application\/ld+json\" class=\"yoast-schema-graph\">{\"@context\":\"https:\/\/schema.org\",\"@graph\":[{\"@type\":\"Article\",\"@id\":\"https:\/\/www.nexoinformativo.mx\/index.php\/2025\/04\/03\/anuncia-sheinbaum-transformacion-ferroviaria-mexico-invierte-157-mil-mdp-en-nuevas-vias-de-tren\/#article\",\"isPartOf\":{\"@id\":\"https:\/\/www.nexoinformativo.mx\/index.php\/2025\/04\/03\/anuncia-sheinbaum-transformacion-ferroviaria-mexico-invierte-157-mil-mdp-en-nuevas-vias-de-tren\/\"},\"author\":{\"name\":\"Nexo Informativo\",\"@id\":\"https:\/\/www.nexoinformativo.mx\/#\/schema\/person\/7749d380ba08c8ca00d7bc76fd907b7d\"},\"headline\":\"Anuncia Sheinbaum transformaci\u00f3n ferroviaria M\u00e9xico invierte 157 Mil mdp en nuevas v\u00edas de tren\",\"datePublished\":\"2025-04-03T14:00:20+00:00\",\"dateModified\":\"2025-04-03T20:17:56+00:00\",\"mainEntityOfPage\":{\"@id\":\"https:\/\/www.nexoinformativo.mx\/index.php\/2025\/04\/03\/anuncia-sheinbaum-transformacion-ferroviaria-mexico-invierte-157-mil-mdp-en-nuevas-vias-de-tren\/\"},\"wordCount\":218,\"commentCount\":0,\"publisher\":{\"@id\":\"https:\/\/www.nexoinformativo.mx\/#organization\"},\"image\":{\"@id\":\"https:\/\/www.nexoinformativo.mx\/index.php\/2025\/04\/03\/anuncia-sheinbaum-transformacion-ferroviaria-mexico-invierte-157-mil-mdp-en-nuevas-vias-de-tren\/#primaryimage\"},\"thumbnailUrl\":\"https:\/\/www.nexoinformativo.mx\/wp-content\/uploads\/2025\/04\/IMG_2103.jpg\",\"keywords\":[\"InfraestructuraMX\",\"Inversi\u00f3nM\u00e9xico\",\"TransporteFerroviario\",\"TrenesM\u00e9xico\"],\"articleSection\":[\"Econom\u00eda\",\"Nacional\",\"\u00daltima Hora\"],\"inLanguage\":\"es\",\"potentialAction\":[{\"@type\":\"CommentAction\",\"name\":\"Comment\",\"target\":[\"https:\/\/www.nexoinformativo.mx\/index.php\/2025\/04\/03\/anuncia-sheinbaum-transformacion-ferroviaria-mexico-invierte-157-mil-mdp-en-nuevas-vias-de-tren\/#respond\"]}]},{\"@type\":\"WebPage\",\"@id\":\"https:\/\/www.nexoinformativo.mx\/index.php\/2025\/04\/03\/anuncia-sheinbaum-transformacion-ferroviaria-mexico-invierte-157-mil-mdp-en-nuevas-vias-de-tren\/\",\"url\":\"https:\/\/www.nexoinformativo.mx\/index.php\/2025\/04\/03\/anuncia-sheinbaum-transformacion-ferroviaria-mexico-invierte-157-mil-mdp-en-nuevas-vias-de-tren\/\",\"name\":\"Anuncia Sheinbaum transformaci\u00f3n ferroviaria M\u00e9xico invierte 157 Mil mdp en nuevas v\u00edas de tren | Nexo Informativo Santiago de Quer\u00e9taro\",\"isPartOf\":{\"@id\":\"https:\/\/www.nexoinformativo.mx\/#website\"},\"primaryImageOfPage\":{\"@id\":\"https:\/\/www.nexoinformativo.mx\/index.php\/2025\/04\/03\/anuncia-sheinbaum-transformacion-ferroviaria-mexico-invierte-157-mil-mdp-en-nuevas-vias-de-tren\/#primaryimage\"},\"image\":{\"@id\":\"https:\/\/www.nexoinformativo.mx\/index.php\/2025\/04\/03\/anuncia-sheinbaum-transformacion-ferroviaria-mexico-invierte-157-mil-mdp-en-nuevas-vias-de-tren\/#primaryimage\"},\"thumbnailUrl\":\"https:\/\/www.nexoinformativo.mx\/wp-content\/uploads\/2025\/04\/IMG_2103.jpg\",\"datePublished\":\"2025-04-03T14:00:20+00:00\",\"dateModified\":\"2025-04-03T20:17:56+00:00\",\"description\":\"Anuncia Sheinbaum transformaci\u00f3n ferroviaria M\u00e9xico invierte 157 Mil mdp en nuevas v\u00edas de tren\",\"breadcrumb\":{\"@id\":\"https:\/\/www.nexoinformativo.mx\/index.php\/2025\/04\/03\/anuncia-sheinbaum-transformacion-ferroviaria-mexico-invierte-157-mil-mdp-en-nuevas-vias-de-tren\/#breadcrumb\"},\"inLanguage\":\"es\",\"potentialAction\":[{\"@type\":\"ReadAction\",\"target\":[\"https:\/\/www.nexoinformativo.mx\/index.php\/2025\/04\/03\/anuncia-sheinbaum-transformacion-ferroviaria-mexico-invierte-157-mil-mdp-en-nuevas-vias-de-tren\/\"]}]},{\"@type\":\"ImageObject\",\"inLanguage\":\"es\",\"@id\":\"https:\/\/www.nexoinformativo.mx\/index.php\/2025\/04\/03\/anuncia-sheinbaum-transformacion-ferroviaria-mexico-invierte-157-mil-mdp-en-nuevas-vias-de-tren\/#primaryimage\",\"url\":\"https:\/\/www.nexoinformativo.mx\/wp-content\/uploads\/2025\/04\/IMG_2103.jpg\",\"contentUrl\":\"https:\/\/www.nexoinformativo.mx\/wp-content\/uploads\/2025\/04\/IMG_2103.jpg\",\"width\":650,\"height\":380},{\"@type\":\"BreadcrumbList\",\"@id\":\"https:\/\/www.nexoinformativo.mx\/index.php\/2025\/04\/03\/anuncia-sheinbaum-transformacion-ferroviaria-mexico-invierte-157-mil-mdp-en-nuevas-vias-de-tren\/#breadcrumb\",\"itemListElement\":[{\"@type\":\"ListItem\",\"position\":1,\"name\":\"Inicio\",\"item\":\"https:\/\/www.nexoinformativo.mx\/\"},{\"@type\":\"ListItem\",\"position\":2,\"name\":\"Anuncia Sheinbaum transformaci\u00f3n ferroviaria M\u00e9xico invierte 157 Mil mdp en nuevas v\u00edas de tren\"}]},{\"@type\":\"WebSite\",\"@id\":\"https:\/\/www.nexoinformativo.mx\/#website\",\"url\":\"https:\/\/www.nexoinformativo.mx\/\",\"name\":\"Nexo Informativo Santiago de Quer\u00e9taro\",\"description\":\"Explora NexoInformativo y convi\u00e9rtete en parte de una comunidad que valora el conocimiento y la verdad. Tu nexoinformativo es tu puente hacia una comprensi\u00f3n m\u00e1s profunda del mundo que te rodea.\",\"publisher\":{\"@id\":\"https:\/\/www.nexoinformativo.mx\/#organization\"},\"potentialAction\":[{\"@type\":\"SearchAction\",\"target\":{\"@type\":\"EntryPoint\",\"urlTemplate\":\"https:\/\/www.nexoinformativo.mx\/?s={search_term_string}\"},\"query-input\":{\"@type\":\"PropertyValueSpecification\",\"valueRequired\":true,\"valueName\":\"search_term_string\"}}],\"inLanguage\":\"es\"},{\"@type\":\"Organization\",\"@id\":\"https:\/\/www.nexoinformativo.mx\/#organization\",\"name\":\"Nexo Informativo Santiago de Quer\u00e9taro\",\"url\":\"https:\/\/www.nexoinformativo.mx\/\",\"logo\":{\"@type\":\"ImageObject\",\"inLanguage\":\"es\",\"@id\":\"https:\/\/www.nexoinformativo.mx\/#\/schema\/logo\/image\/\",\"url\":\"https:\/\/www.nexoinformativo.mx\/wp-content\/uploads\/2024\/07\/nexoi-trasparente-2.png\",\"contentUrl\":\"https:\/\/www.nexoinformativo.mx\/wp-content\/uploads\/2024\/07\/nexoi-trasparente-2.png\",\"width\":816,\"height\":339,\"caption\":\"Nexo Informativo Santiago de Quer\u00e9taro\"},\"image\":{\"@id\":\"https:\/\/www.nexoinformativo.mx\/#\/schema\/logo\/image\/\"},\"sameAs\":[\"https:\/\/www.facebook.com\/people\/Nexo-Informativo\/61564066885511\/\"]},{\"@type\":\"Person\",\"@id\":\"https:\/\/www.nexoinformativo.mx\/#\/schema\/person\/7749d380ba08c8ca00d7bc76fd907b7d\",\"name\":\"Nexo Informativo\",\"image\":{\"@type\":\"ImageObject\",\"inLanguage\":\"es\",\"@id\":\"https:\/\/www.nexoinformativo.mx\/#\/schema\/person\/image\/\",\"url\":\"https:\/\/secure.gravatar.com\/avatar\/dde2928154642a13d95f87ddf1ea9718fe2b46760a005c53e41ff5ad610704e6?s=96&d=mm&r=g\",\"contentUrl\":\"https:\/\/secure.gravatar.com\/avatar\/dde2928154642a13d95f87ddf1ea9718fe2b46760a005c53e41ff5ad610704e6?s=96&d=mm&r=g\",\"caption\":\"Nexo Informativo\"},\"url\":\"https:\/\/www.nexoinformativo.mx\/index.php\/author\/edicion\/\"}]}<\/script>\n<!-- \/ Yoast SEO plugin. -->","yoast_head_json":{"title":"Anuncia Sheinbaum transformaci\u00f3n ferroviaria M\u00e9xico invierte 157 Mil mdp en nuevas v\u00edas de tren | Nexo Informativo Santiago de Quer\u00e9taro","description":"Anuncia Sheinbaum transformaci\u00f3n ferroviaria M\u00e9xico invierte 157 Mil mdp en nuevas v\u00edas de tren","robots":{"index":"index","follow":"follow","max-snippet":"max-snippet:-1","max-image-preview":"max-image-preview:large","max-video-preview":"max-video-preview:-1"},"canonical":"https:\/\/www.nexoinformativo.mx\/index.php\/2025\/04\/03\/anuncia-sheinbaum-transformacion-ferroviaria-mexico-invierte-157-mil-mdp-en-nuevas-vias-de-tren\/","og_locale":"es_MX","og_type":"article","og_title":"Anuncia Sheinbaum transformaci\u00f3n ferroviaria M\u00e9xico invierte 157 Mil mdp en nuevas v\u00edas de tren | Nexo Informativo Santiago de Quer\u00e9taro","og_description":"Anuncia Sheinbaum transformaci\u00f3n ferroviaria M\u00e9xico invierte 157 Mil mdp en nuevas v\u00edas de tren","og_url":"https:\/\/www.nexoinformativo.mx\/index.php\/2025\/04\/03\/anuncia-sheinbaum-transformacion-ferroviaria-mexico-invierte-157-mil-mdp-en-nuevas-vias-de-tren\/","og_site_name":"Nexo Informativo Santiago de Quer\u00e9taro","article_publisher":"https:\/\/www.facebook.com\/people\/Nexo-Informativo\/61564066885511\/","article_published_time":"2025-04-03T14:00:20+00:00","article_modified_time":"2025-04-03T20:17:56+00:00","og_image":[{"width":650,"height":380,"url":"https:\/\/www.nexoinformativo.mx\/wp-content\/uploads\/2025\/04\/IMG_2103.jpg","type":"image\/jpeg"}],"author":"Nexo Informativo","twitter_card":"summary_large_image","twitter_misc":{"Escrito por":"Nexo Informativo","Tiempo de lectura":"2 minutos"},"schema":{"@context":"https:\/\/schema.org","@graph":[{"@type":"Article","@id":"https:\/\/www.nexoinformativo.mx\/index.php\/2025\/04\/03\/anuncia-sheinbaum-transformacion-ferroviaria-mexico-invierte-157-mil-mdp-en-nuevas-vias-de-tren\/#article","isPartOf":{"@id":"https:\/\/www.nexoinformativo.mx\/index.php\/2025\/04\/03\/anuncia-sheinbaum-transformacion-ferroviaria-mexico-invierte-157-mil-mdp-en-nuevas-vias-de-tren\/"},"author":{"name":"Nexo Informativo","@id":"https:\/\/www.nexoinformativo.mx\/#\/schema\/person\/7749d380ba08c8ca00d7bc76fd907b7d"},"headline":"Anuncia Sheinbaum transformaci\u00f3n ferroviaria M\u00e9xico invierte 157 Mil mdp en nuevas v\u00edas de tren","datePublished":"2025-04-03T14:00:20+00:00","dateModified":"2025-04-03T20:17:56+00:00","mainEntityOfPage":{"@id":"https:\/\/www.nexoinformativo.mx\/index.php\/2025\/04\/03\/anuncia-sheinbaum-transformacion-ferroviaria-mexico-invierte-157-mil-mdp-en-nuevas-vias-de-tren\/"},"wordCount":218,"commentCount":0,"publisher":{"@id":"https:\/\/www.nexoinformativo.mx\/#organization"},"image":{"@id":"https:\/\/www.nexoinformativo.mx\/index.php\/2025\/04\/03\/anuncia-sheinbaum-transformacion-ferroviaria-mexico-invierte-157-mil-mdp-en-nuevas-vias-de-tren\/#primaryimage"},"thumbnailUrl":"https:\/\/www.nexoinformativo.mx\/wp-content\/uploads\/2025\/04\/IMG_2103.jpg","keywords":["InfraestructuraMX","Inversi\u00f3nM\u00e9xico","TransporteFerroviario","TrenesM\u00e9xico"],"articleSection":["Econom\u00eda","Nacional","\u00daltima Hora"],"inLanguage":"es","potentialAction":[{"@type":"CommentAction","name":"Comment","target":["https:\/\/www.nexoinformativo.mx\/index.php\/2025\/04\/03\/anuncia-sheinbaum-transformacion-ferroviaria-mexico-invierte-157-mil-mdp-en-nuevas-vias-de-tren\/#respond"]}]},{"@type":"WebPage","@id":"https:\/\/www.nexoinformativo.mx\/index.php\/2025\/04\/03\/anuncia-sheinbaum-transformacion-ferroviaria-mexico-invierte-157-mil-mdp-en-nuevas-vias-de-tren\/","url":"https:\/\/www.nexoinformativo.mx\/index.php\/2025\/04\/03\/anuncia-sheinbaum-transformacion-ferroviaria-mexico-invierte-157-mil-mdp-en-nuevas-vias-de-tren\/","name":"Anuncia Sheinbaum transformaci\u00f3n ferroviaria M\u00e9xico invierte 157 Mil mdp en nuevas v\u00edas de tren | Nexo Informativo Santiago de Quer\u00e9taro","isPartOf":{"@id":"https:\/\/www.nexoinformativo.mx\/#website"},"primaryImageOfPage":{"@id":"https:\/\/www.nexoinformativo.mx\/index.php\/2025\/04\/03\/anuncia-sheinbaum-transformacion-ferroviaria-mexico-invierte-157-mil-mdp-en-nuevas-vias-de-tren\/#primaryimage"},"image":{"@id":"https:\/\/www.nexoinformativo.mx\/index.php\/2025\/04\/03\/anuncia-sheinbaum-transformacion-ferroviaria-mexico-invierte-157-mil-mdp-en-nuevas-vias-de-tren\/#primaryimage"},"thumbnailUrl":"https:\/\/www.nexoinformativo.mx\/wp-content\/uploads\/2025\/04\/IMG_2103.jpg","datePublished":"2025-04-03T14:00:20+00:00","dateModified":"2025-04-03T20:17:56+00:00","description":"Anuncia Sheinbaum transformaci\u00f3n ferroviaria M\u00e9xico invierte 157 Mil mdp en nuevas v\u00edas de tren","breadcrumb":{"@id":"https:\/\/www.nexoinformativo.mx\/index.php\/2025\/04\/03\/anuncia-sheinbaum-transformacion-ferroviaria-mexico-invierte-157-mil-mdp-en-nuevas-vias-de-tren\/#breadcrumb"},"inLanguage":"es","potentialAction":[{"@type":"ReadAction","target":["https:\/\/www.nexoinformativo.mx\/index.php\/2025\/04\/03\/anuncia-sheinbaum-transformacion-ferroviaria-mexico-invierte-157-mil-mdp-en-nuevas-vias-de-tren\/"]}]},{"@type":"ImageObject","inLanguage":"es","@id":"https:\/\/www.nexoinformativo.mx\/index.php\/2025\/04\/03\/anuncia-sheinbaum-transformacion-ferroviaria-mexico-invierte-157-mil-mdp-en-nuevas-vias-de-tren\/#primaryimage","url":"https:\/\/www.nexoinformativo.mx\/wp-content\/uploads\/2025\/04\/IMG_2103.jpg","contentUrl":"https:\/\/www.nexoinformativo.mx\/wp-content\/uploads\/2025\/04\/IMG_2103.jpg","width":650,"height":380},{"@type":"BreadcrumbList","@id":"https:\/\/www.nexoinformativo.mx\/index.php\/2025\/04\/03\/anuncia-sheinbaum-transformacion-ferroviaria-mexico-invierte-157-mil-mdp-en-nuevas-vias-de-tren\/#breadcrumb","itemListElement":[{"@type":"ListItem","position":1,"name":"Inicio","item":"https:\/\/www.nexoinformativo.mx\/"},{"@type":"ListItem","position":2,"name":"Anuncia Sheinbaum transformaci\u00f3n ferroviaria M\u00e9xico invierte 157 Mil mdp en nuevas v\u00edas de tren"}]},{"@type":"WebSite","@id":"https:\/\/www.nexoinformativo.mx\/#website","url":"https:\/\/www.nexoinformativo.mx\/","name":"Nexo Informativo Santiago de Quer\u00e9taro","description":"Explora NexoInformativo y convi\u00e9rtete en parte de una comunidad que valora el conocimiento y la verdad. Tu nexoinformativo es tu puente hacia una comprensi\u00f3n m\u00e1s profunda del mundo que te rodea.","publisher":{"@id":"https:\/\/www.nexoinformativo.mx\/#organization"},"potentialAction":[{"@type":"SearchAction","target":{"@type":"EntryPoint","urlTemplate":"https:\/\/www.nexoinformativo.mx\/?s={search_term_string}"},"query-input":{"@type":"PropertyValueSpecification","valueRequired":true,"valueName":"search_term_string"}}],"inLanguage":"es"},{"@type":"Organization","@id":"https:\/\/www.nexoinformativo.mx\/#organization","name":"Nexo Informativo Santiago de Quer\u00e9taro","url":"https:\/\/www.nexoinformativo.mx\/","logo":{"@type":"ImageObject","inLanguage":"es","@id":"https:\/\/www.nexoinformativo.mx\/#\/schema\/logo\/image\/","url":"https:\/\/www.nexoinformativo.mx\/wp-content\/uploads\/2024\/07\/nexoi-trasparente-2.png","contentUrl":"https:\/\/www.nexoinformativo.mx\/wp-content\/uploads\/2024\/07\/nexoi-trasparente-2.png","width":816,"height":339,"caption":"Nexo Informativo Santiago de Quer\u00e9taro"},"image":{"@id":"https:\/\/www.nexoinformativo.mx\/#\/schema\/logo\/image\/"},"sameAs":["https:\/\/www.facebook.com\/people\/Nexo-Informativo\/61564066885511\/"]},{"@type":"Person","@id":"https:\/\/www.nexoinformativo.mx\/#\/schema\/person\/7749d380ba08c8ca00d7bc76fd907b7d","name":"Nexo Informativo","image":{"@type":"ImageObject","inLanguage":"es","@id":"https:\/\/www.nexoinformativo.mx\/#\/schema\/person\/image\/","url":"https:\/\/secure.gravatar.com\/avatar\/dde2928154642a13d95f87ddf1ea9718fe2b46760a005c53e41ff5ad610704e6?s=96&d=mm&r=g","contentUrl":"https:\/\/secure.gravatar.com\/avatar\/dde2928154642a13d95f87ddf1ea9718fe2b46760a005c53e41ff5ad610704e6?s=96&d=mm&r=g","caption":"Nexo Informativo"},"url":"https:\/\/www.nexoinformativo.mx\/index.php\/author\/edicion\/"}]}},"_links":{"self":[{"href":"https:\/\/www.nexoinformativo.mx\/index.php\/wp-json\/wp\/v2\/posts\/13651","targetHints":{"allow":["GET"]}}],"collection":[{"href":"https:\/\/www.nexoinformativo.mx\/index.php\/wp-json\/wp\/v2\/posts"}],"about":[{"href":"https:\/\/www.nexoinformativo.mx\/index.php\/wp-json\/wp\/v2\/types\/post"}],"author":[{"embeddable":true,"href":"https:\/\/www.nexoinformativo.mx\/index.php\/wp-json\/wp\/v2\/users\/3"}],"replies":[{"embeddable":true,"href":"https:\/\/www.nexoinformativo.mx\/index.php\/wp-json\/wp\/v2\/comments?post=13651"}],"version-history":[{"count":5,"href":"https:\/\/www.nexoinformativo.mx\/index.php\/wp-json\/wp\/v2\/posts\/13651\/revisions"}],"predecessor-version":[{"id":13657,"href":"https:\/\/www.nexoinformativo.mx\/index.php\/wp-json\/wp\/v2\/posts\/13651\/revisions\/13657"}],"wp:featuredmedia":[{"embeddable":true,"href":"https:\/\/www.nexoinformativo.mx\/index.php\/wp-json\/wp\/v2\/media\/13653"}],"wp:attachment":[{"href":"https:\/\/www.nexoinformativo.mx\/index.php\/wp-json\/wp\/v2\/media?parent=13651"}],"wp:term":[{"taxonomy":"category","embeddable":true,"href":"https:\/\/www.nexoinformativo.mx\/index.php\/wp-json\/wp\/v2\/categories?post=13651"},{"taxonomy":"post_tag","embeddable":true,"href":"https:\/\/www.nexoinformativo.mx\/index.php\/wp-json\/wp\/v2\/tags?post=13651"}],"curies":[{"name":"wp","href":"https:\/\/api.w.org\/{rel}","templated":true}]}}