{"id":13662,"date":"2025-04-03T09:00:50","date_gmt":"2025-04-03T15:00:50","guid":{"rendered":"https:\/\/www.nexoinformativo.mx\/?p=13662"},"modified":"2025-04-03T14:39:15","modified_gmt":"2025-04-03T20:39:15","slug":"profeco-en-accion-protege-a-consumidores-en-cuaresma-y-semana-santa-con-amplio-operativo","status":"publish","type":"post","link":"https:\/\/www.nexoinformativo.mx\/index.php\/2025\/04\/03\/profeco-en-accion-protege-a-consumidores-en-cuaresma-y-semana-santa-con-amplio-operativo\/","title":{"rendered":"Profeco en acci\u00f3n protege a consumidores en cuaresma y Semana Santa con amplio operativo"},"content":{"rendered":"<p style=\"text-align: justify;\" data-sourcepos=\"13:1-13:303\"><strong>La Procuradur\u00eda Federal del Consumidor<\/strong> (Profeco) ha intensificado sus operativos a nivel nacional con el programa de <strong>Verificaci\u00f3n y Vigilancia Cuaresma y Semana Santa 2025,<\/strong> con el objetivo de proteger los derechos de los consumidores durante esta temporada de alta demanda.<\/p>\n<\/p>\n<p>&nbsp;<\/p>\n<p style=\"text-align: justify;\" data-sourcepos=\"15:1-15:251\">Desde el 12 de marzo la Profeco ha llevado a cabo una serie de acciones que incluyen la verificaci\u00f3n de establecimientos como mercados de pescados y mariscos, centrales de abasto, florer\u00edas, tiendas de autoservicio y restaurantes.<\/p>\n<\/p>\n<p>&nbsp;<\/p>\n<p style=\"text-align: justify;\" data-sourcepos=\"17:1-17:322\">Durante este periodo, se han monitoreado 35 mil 570 productos, se han colocado 21 mil 824 preciadores y 3 mil 158 dec\u00e1logos con los derechos del consumidor. Adem\u00e1s, se han instalado b\u00e1sculas itinerantes y se han realizado servicios de calibraci\u00f3n para asegurar que los consumidores reciban el peso correcto de sus compras.<\/p>\n<\/p>\n<p>&nbsp;<\/p>\n<p style=\"text-align: justify;\" data-sourcepos=\"19:1-19:236\">La Profeco tambi\u00e9n ha brindado asesor\u00eda a los consumidores y ha logrado conciliaciones entre proveedores y clientes, resolviendo inconformidades relacionadas con pesos incorrectos, precios equivocados e insatisfacci\u00f3n con los productos.<\/p>\n<\/p>\n<p>&nbsp;<\/p>\n<p style=\"text-align: justify;\" data-sourcepos=\"21:1-21:135\">A partir del 12 de abril, el operativo se extender\u00e1 a otros sectores como hoteles, balnearios, cines y agencias de viajes, entre otros.<\/p>\n<\/p>\n<p>&nbsp;<\/p>\n<p style=\"text-align: center;\" data-sourcepos=\"21:1-21:135\"><em><strong>\u00a1Informaci\u00f3n que transforma!<\/strong><\/em><\/p>\n","protected":false},"excerpt":{"rendered":"<p>La Procuradur\u00eda Federal del Consumidor (Profeco) ha intensificado sus operativos a nivel nacional con el programa de Verificaci\u00f3n y Vigilancia Cuaresma y Semana Santa 2025, con el objetivo de proteger los derechos de los consumidores durante esta temporada de alta demanda.<\/p>\n","protected":false},"author":3,"featured_media":13664,"comment_status":"open","ping_status":"open","sticky":false,"template":"","format":"standard","meta":{"footnotes":""},"categories":[5,88,58],"tags":[3668,3889,1834,3984],"class_list":["post-13662","post","type-post","status-publish","format-standard","has-post-thumbnail","hentry","category-economia","category-nacional","category-ultima-hora","tag-cuaresmasegura","tag-derechosdelconsumidor","tag-profeco","tag-semanasanta2025"],"yoast_head":"<!-- This site is optimized with the Yoast SEO plugin v25.0 - https:\/\/yoast.com\/wordpress\/plugins\/seo\/ -->\n<title>Profeco en acci\u00f3n protege a consumidores en cuaresma y Semana Santa con amplio operativo | Nexo Informativo Santiago de Quer\u00e9taro<\/title>\n<meta name=\"description\" content=\"Profeco en acci\u00f3n protege a consumidores en cuaresma y Semana Santa con amplio operativo\" \/>\n<meta name=\"robots\" content=\"index, follow, max-snippet:-1, max-image-preview:large, max-video-preview:-1\" \/>\n<link rel=\"canonical\" href=\"https:\/\/www.nexoinformativo.mx\/index.php\/2025\/04\/03\/profeco-en-accion-protege-a-consumidores-en-cuaresma-y-semana-santa-con-amplio-operativo\/\" \/>\n<meta property=\"og:locale\" content=\"es_MX\" \/>\n<meta property=\"og:type\" content=\"article\" \/>\n<meta property=\"og:title\" content=\"Profeco en acci\u00f3n protege a consumidores en cuaresma y Semana Santa con amplio operativo | Nexo Informativo Santiago de Quer\u00e9taro\" \/>\n<meta property=\"og:description\" content=\"Profeco en acci\u00f3n protege a consumidores en cuaresma y Semana Santa con amplio operativo\" \/>\n<meta property=\"og:url\" content=\"https:\/\/www.nexoinformativo.mx\/index.php\/2025\/04\/03\/profeco-en-accion-protege-a-consumidores-en-cuaresma-y-semana-santa-con-amplio-operativo\/\" \/>\n<meta property=\"og:site_name\" content=\"Nexo Informativo Santiago de Quer\u00e9taro\" \/>\n<meta property=\"article:publisher\" content=\"https:\/\/www.facebook.com\/people\/Nexo-Informativo\/61564066885511\/\" \/>\n<meta property=\"article:published_time\" content=\"2025-04-03T15:00:50+00:00\" \/>\n<meta property=\"article:modified_time\" content=\"2025-04-03T20:39:15+00:00\" \/>\n<meta property=\"og:image\" content=\"https:\/\/www.nexoinformativo.mx\/wp-content\/uploads\/2025\/04\/IMG_2116.jpg\" \/>\n\t<meta property=\"og:image:width\" content=\"650\" \/>\n\t<meta property=\"og:image:height\" content=\"380\" \/>\n\t<meta property=\"og:image:type\" content=\"image\/jpeg\" \/>\n<meta name=\"author\" content=\"Nexo Informativo\" \/>\n<meta name=\"twitter:card\" content=\"summary_large_image\" \/>\n<meta name=\"twitter:label1\" content=\"Escrito por\" \/>\n\t<meta name=\"twitter:data1\" content=\"Nexo Informativo\" \/>\n\t<meta name=\"twitter:label2\" content=\"Tiempo de lectura\" \/>\n\t<meta name=\"twitter:data2\" content=\"2 minutos\" \/>\n<script type=\"application\/ld+json\" class=\"yoast-schema-graph\">{\"@context\":\"https:\/\/schema.org\",\"@graph\":[{\"@type\":\"Article\",\"@id\":\"https:\/\/www.nexoinformativo.mx\/index.php\/2025\/04\/03\/profeco-en-accion-protege-a-consumidores-en-cuaresma-y-semana-santa-con-amplio-operativo\/#article\",\"isPartOf\":{\"@id\":\"https:\/\/www.nexoinformativo.mx\/index.php\/2025\/04\/03\/profeco-en-accion-protege-a-consumidores-en-cuaresma-y-semana-santa-con-amplio-operativo\/\"},\"author\":{\"name\":\"Nexo Informativo\",\"@id\":\"https:\/\/www.nexoinformativo.mx\/#\/schema\/person\/7749d380ba08c8ca00d7bc76fd907b7d\"},\"headline\":\"Profeco en acci\u00f3n protege a consumidores en cuaresma y Semana Santa con amplio operativo\",\"datePublished\":\"2025-04-03T15:00:50+00:00\",\"dateModified\":\"2025-04-03T20:39:15+00:00\",\"mainEntityOfPage\":{\"@id\":\"https:\/\/www.nexoinformativo.mx\/index.php\/2025\/04\/03\/profeco-en-accion-protege-a-consumidores-en-cuaresma-y-semana-santa-con-amplio-operativo\/\"},\"wordCount\":208,\"commentCount\":0,\"publisher\":{\"@id\":\"https:\/\/www.nexoinformativo.mx\/#organization\"},\"image\":{\"@id\":\"https:\/\/www.nexoinformativo.mx\/index.php\/2025\/04\/03\/profeco-en-accion-protege-a-consumidores-en-cuaresma-y-semana-santa-con-amplio-operativo\/#primaryimage\"},\"thumbnailUrl\":\"https:\/\/www.nexoinformativo.mx\/wp-content\/uploads\/2025\/04\/IMG_2116.jpg\",\"keywords\":[\"CuaresmaSegura\",\"DerechosDelConsumidor\",\"Profeco\",\"SemanaSanta2025\"],\"articleSection\":[\"Econom\u00eda\",\"Nacional\",\"\u00daltima Hora\"],\"inLanguage\":\"es\",\"potentialAction\":[{\"@type\":\"CommentAction\",\"name\":\"Comment\",\"target\":[\"https:\/\/www.nexoinformativo.mx\/index.php\/2025\/04\/03\/profeco-en-accion-protege-a-consumidores-en-cuaresma-y-semana-santa-con-amplio-operativo\/#respond\"]}]},{\"@type\":\"WebPage\",\"@id\":\"https:\/\/www.nexoinformativo.mx\/index.php\/2025\/04\/03\/profeco-en-accion-protege-a-consumidores-en-cuaresma-y-semana-santa-con-amplio-operativo\/\",\"url\":\"https:\/\/www.nexoinformativo.mx\/index.php\/2025\/04\/03\/profeco-en-accion-protege-a-consumidores-en-cuaresma-y-semana-santa-con-amplio-operativo\/\",\"name\":\"Profeco en acci\u00f3n protege a consumidores en cuaresma y Semana Santa con amplio operativo | Nexo Informativo Santiago de Quer\u00e9taro\",\"isPartOf\":{\"@id\":\"https:\/\/www.nexoinformativo.mx\/#website\"},\"primaryImageOfPage\":{\"@id\":\"https:\/\/www.nexoinformativo.mx\/index.php\/2025\/04\/03\/profeco-en-accion-protege-a-consumidores-en-cuaresma-y-semana-santa-con-amplio-operativo\/#primaryimage\"},\"image\":{\"@id\":\"https:\/\/www.nexoinformativo.mx\/index.php\/2025\/04\/03\/profeco-en-accion-protege-a-consumidores-en-cuaresma-y-semana-santa-con-amplio-operativo\/#primaryimage\"},\"thumbnailUrl\":\"https:\/\/www.nexoinformativo.mx\/wp-content\/uploads\/2025\/04\/IMG_2116.jpg\",\"datePublished\":\"2025-04-03T15:00:50+00:00\",\"dateModified\":\"2025-04-03T20:39:15+00:00\",\"description\":\"Profeco en acci\u00f3n protege a consumidores en cuaresma y Semana Santa con amplio operativo\",\"breadcrumb\":{\"@id\":\"https:\/\/www.nexoinformativo.mx\/index.php\/2025\/04\/03\/profeco-en-accion-protege-a-consumidores-en-cuaresma-y-semana-santa-con-amplio-operativo\/#breadcrumb\"},\"inLanguage\":\"es\",\"potentialAction\":[{\"@type\":\"ReadAction\",\"target\":[\"https:\/\/www.nexoinformativo.mx\/index.php\/2025\/04\/03\/profeco-en-accion-protege-a-consumidores-en-cuaresma-y-semana-santa-con-amplio-operativo\/\"]}]},{\"@type\":\"ImageObject\",\"inLanguage\":\"es\",\"@id\":\"https:\/\/www.nexoinformativo.mx\/index.php\/2025\/04\/03\/profeco-en-accion-protege-a-consumidores-en-cuaresma-y-semana-santa-con-amplio-operativo\/#primaryimage\",\"url\":\"https:\/\/www.nexoinformativo.mx\/wp-content\/uploads\/2025\/04\/IMG_2116.jpg\",\"contentUrl\":\"https:\/\/www.nexoinformativo.mx\/wp-content\/uploads\/2025\/04\/IMG_2116.jpg\",\"width\":650,\"height\":380},{\"@type\":\"BreadcrumbList\",\"@id\":\"https:\/\/www.nexoinformativo.mx\/index.php\/2025\/04\/03\/profeco-en-accion-protege-a-consumidores-en-cuaresma-y-semana-santa-con-amplio-operativo\/#breadcrumb\",\"itemListElement\":[{\"@type\":\"ListItem\",\"position\":1,\"name\":\"Inicio\",\"item\":\"https:\/\/www.nexoinformativo.mx\/\"},{\"@type\":\"ListItem\",\"position\":2,\"name\":\"Profeco en acci\u00f3n protege a consumidores en cuaresma y Semana Santa con amplio operativo\"}]},{\"@type\":\"WebSite\",\"@id\":\"https:\/\/www.nexoinformativo.mx\/#website\",\"url\":\"https:\/\/www.nexoinformativo.mx\/\",\"name\":\"Nexo Informativo Santiago de Quer\u00e9taro\",\"description\":\"Explora NexoInformativo y convi\u00e9rtete en parte de una comunidad que valora el conocimiento y la verdad. Tu nexoinformativo es tu puente hacia una comprensi\u00f3n m\u00e1s profunda del mundo que te rodea.\",\"publisher\":{\"@id\":\"https:\/\/www.nexoinformativo.mx\/#organization\"},\"potentialAction\":[{\"@type\":\"SearchAction\",\"target\":{\"@type\":\"EntryPoint\",\"urlTemplate\":\"https:\/\/www.nexoinformativo.mx\/?s={search_term_string}\"},\"query-input\":{\"@type\":\"PropertyValueSpecification\",\"valueRequired\":true,\"valueName\":\"search_term_string\"}}],\"inLanguage\":\"es\"},{\"@type\":\"Organization\",\"@id\":\"https:\/\/www.nexoinformativo.mx\/#organization\",\"name\":\"Nexo Informativo Santiago de Quer\u00e9taro\",\"url\":\"https:\/\/www.nexoinformativo.mx\/\",\"logo\":{\"@type\":\"ImageObject\",\"inLanguage\":\"es\",\"@id\":\"https:\/\/www.nexoinformativo.mx\/#\/schema\/logo\/image\/\",\"url\":\"https:\/\/www.nexoinformativo.mx\/wp-content\/uploads\/2024\/07\/nexoi-trasparente-2.png\",\"contentUrl\":\"https:\/\/www.nexoinformativo.mx\/wp-content\/uploads\/2024\/07\/nexoi-trasparente-2.png\",\"width\":816,\"height\":339,\"caption\":\"Nexo Informativo Santiago de Quer\u00e9taro\"},\"image\":{\"@id\":\"https:\/\/www.nexoinformativo.mx\/#\/schema\/logo\/image\/\"},\"sameAs\":[\"https:\/\/www.facebook.com\/people\/Nexo-Informativo\/61564066885511\/\"]},{\"@type\":\"Person\",\"@id\":\"https:\/\/www.nexoinformativo.mx\/#\/schema\/person\/7749d380ba08c8ca00d7bc76fd907b7d\",\"name\":\"Nexo Informativo\",\"image\":{\"@type\":\"ImageObject\",\"inLanguage\":\"es\",\"@id\":\"https:\/\/www.nexoinformativo.mx\/#\/schema\/person\/image\/\",\"url\":\"https:\/\/secure.gravatar.com\/avatar\/dde2928154642a13d95f87ddf1ea9718fe2b46760a005c53e41ff5ad610704e6?s=96&d=mm&r=g\",\"contentUrl\":\"https:\/\/secure.gravatar.com\/avatar\/dde2928154642a13d95f87ddf1ea9718fe2b46760a005c53e41ff5ad610704e6?s=96&d=mm&r=g\",\"caption\":\"Nexo Informativo\"},\"url\":\"https:\/\/www.nexoinformativo.mx\/index.php\/author\/edicion\/\"}]}<\/script>\n<!-- \/ Yoast SEO plugin. -->","yoast_head_json":{"title":"Profeco en acci\u00f3n protege a consumidores en cuaresma y Semana Santa con amplio operativo | Nexo Informativo Santiago de Quer\u00e9taro","description":"Profeco en acci\u00f3n protege a consumidores en cuaresma y Semana Santa con amplio operativo","robots":{"index":"index","follow":"follow","max-snippet":"max-snippet:-1","max-image-preview":"max-image-preview:large","max-video-preview":"max-video-preview:-1"},"canonical":"https:\/\/www.nexoinformativo.mx\/index.php\/2025\/04\/03\/profeco-en-accion-protege-a-consumidores-en-cuaresma-y-semana-santa-con-amplio-operativo\/","og_locale":"es_MX","og_type":"article","og_title":"Profeco en acci\u00f3n protege a consumidores en cuaresma y Semana Santa con amplio operativo | Nexo Informativo Santiago de Quer\u00e9taro","og_description":"Profeco en acci\u00f3n protege a consumidores en cuaresma y Semana Santa con amplio operativo","og_url":"https:\/\/www.nexoinformativo.mx\/index.php\/2025\/04\/03\/profeco-en-accion-protege-a-consumidores-en-cuaresma-y-semana-santa-con-amplio-operativo\/","og_site_name":"Nexo Informativo Santiago de Quer\u00e9taro","article_publisher":"https:\/\/www.facebook.com\/people\/Nexo-Informativo\/61564066885511\/","article_published_time":"2025-04-03T15:00:50+00:00","article_modified_time":"2025-04-03T20:39:15+00:00","og_image":[{"width":650,"height":380,"url":"https:\/\/www.nexoinformativo.mx\/wp-content\/uploads\/2025\/04\/IMG_2116.jpg","type":"image\/jpeg"}],"author":"Nexo Informativo","twitter_card":"summary_large_image","twitter_misc":{"Escrito por":"Nexo Informativo","Tiempo de lectura":"2 minutos"},"schema":{"@context":"https:\/\/schema.org","@graph":[{"@type":"Article","@id":"https:\/\/www.nexoinformativo.mx\/index.php\/2025\/04\/03\/profeco-en-accion-protege-a-consumidores-en-cuaresma-y-semana-santa-con-amplio-operativo\/#article","isPartOf":{"@id":"https:\/\/www.nexoinformativo.mx\/index.php\/2025\/04\/03\/profeco-en-accion-protege-a-consumidores-en-cuaresma-y-semana-santa-con-amplio-operativo\/"},"author":{"name":"Nexo Informativo","@id":"https:\/\/www.nexoinformativo.mx\/#\/schema\/person\/7749d380ba08c8ca00d7bc76fd907b7d"},"headline":"Profeco en acci\u00f3n protege a consumidores en cuaresma y Semana Santa con amplio operativo","datePublished":"2025-04-03T15:00:50+00:00","dateModified":"2025-04-03T20:39:15+00:00","mainEntityOfPage":{"@id":"https:\/\/www.nexoinformativo.mx\/index.php\/2025\/04\/03\/profeco-en-accion-protege-a-consumidores-en-cuaresma-y-semana-santa-con-amplio-operativo\/"},"wordCount":208,"commentCount":0,"publisher":{"@id":"https:\/\/www.nexoinformativo.mx\/#organization"},"image":{"@id":"https:\/\/www.nexoinformativo.mx\/index.php\/2025\/04\/03\/profeco-en-accion-protege-a-consumidores-en-cuaresma-y-semana-santa-con-amplio-operativo\/#primaryimage"},"thumbnailUrl":"https:\/\/www.nexoinformativo.mx\/wp-content\/uploads\/2025\/04\/IMG_2116.jpg","keywords":["CuaresmaSegura","DerechosDelConsumidor","Profeco","SemanaSanta2025"],"articleSection":["Econom\u00eda","Nacional","\u00daltima Hora"],"inLanguage":"es","potentialAction":[{"@type":"CommentAction","name":"Comment","target":["https:\/\/www.nexoinformativo.mx\/index.php\/2025\/04\/03\/profeco-en-accion-protege-a-consumidores-en-cuaresma-y-semana-santa-con-amplio-operativo\/#respond"]}]},{"@type":"WebPage","@id":"https:\/\/www.nexoinformativo.mx\/index.php\/2025\/04\/03\/profeco-en-accion-protege-a-consumidores-en-cuaresma-y-semana-santa-con-amplio-operativo\/","url":"https:\/\/www.nexoinformativo.mx\/index.php\/2025\/04\/03\/profeco-en-accion-protege-a-consumidores-en-cuaresma-y-semana-santa-con-amplio-operativo\/","name":"Profeco en acci\u00f3n protege a consumidores en cuaresma y Semana Santa con amplio operativo | Nexo Informativo Santiago de Quer\u00e9taro","isPartOf":{"@id":"https:\/\/www.nexoinformativo.mx\/#website"},"primaryImageOfPage":{"@id":"https:\/\/www.nexoinformativo.mx\/index.php\/2025\/04\/03\/profeco-en-accion-protege-a-consumidores-en-cuaresma-y-semana-santa-con-amplio-operativo\/#primaryimage"},"image":{"@id":"https:\/\/www.nexoinformativo.mx\/index.php\/2025\/04\/03\/profeco-en-accion-protege-a-consumidores-en-cuaresma-y-semana-santa-con-amplio-operativo\/#primaryimage"},"thumbnailUrl":"https:\/\/www.nexoinformativo.mx\/wp-content\/uploads\/2025\/04\/IMG_2116.jpg","datePublished":"2025-04-03T15:00:50+00:00","dateModified":"2025-04-03T20:39:15+00:00","description":"Profeco en acci\u00f3n protege a consumidores en cuaresma y Semana Santa con amplio operativo","breadcrumb":{"@id":"https:\/\/www.nexoinformativo.mx\/index.php\/2025\/04\/03\/profeco-en-accion-protege-a-consumidores-en-cuaresma-y-semana-santa-con-amplio-operativo\/#breadcrumb"},"inLanguage":"es","potentialAction":[{"@type":"ReadAction","target":["https:\/\/www.nexoinformativo.mx\/index.php\/2025\/04\/03\/profeco-en-accion-protege-a-consumidores-en-cuaresma-y-semana-santa-con-amplio-operativo\/"]}]},{"@type":"ImageObject","inLanguage":"es","@id":"https:\/\/www.nexoinformativo.mx\/index.php\/2025\/04\/03\/profeco-en-accion-protege-a-consumidores-en-cuaresma-y-semana-santa-con-amplio-operativo\/#primaryimage","url":"https:\/\/www.nexoinformativo.mx\/wp-content\/uploads\/2025\/04\/IMG_2116.jpg","contentUrl":"https:\/\/www.nexoinformativo.mx\/wp-content\/uploads\/2025\/04\/IMG_2116.jpg","width":650,"height":380},{"@type":"BreadcrumbList","@id":"https:\/\/www.nexoinformativo.mx\/index.php\/2025\/04\/03\/profeco-en-accion-protege-a-consumidores-en-cuaresma-y-semana-santa-con-amplio-operativo\/#breadcrumb","itemListElement":[{"@type":"ListItem","position":1,"name":"Inicio","item":"https:\/\/www.nexoinformativo.mx\/"},{"@type":"ListItem","position":2,"name":"Profeco en acci\u00f3n protege a consumidores en cuaresma y Semana Santa con amplio operativo"}]},{"@type":"WebSite","@id":"https:\/\/www.nexoinformativo.mx\/#website","url":"https:\/\/www.nexoinformativo.mx\/","name":"Nexo Informativo Santiago de Quer\u00e9taro","description":"Explora NexoInformativo y convi\u00e9rtete en parte de una comunidad que valora el conocimiento y la verdad. Tu nexoinformativo es tu puente hacia una comprensi\u00f3n m\u00e1s profunda del mundo que te rodea.","publisher":{"@id":"https:\/\/www.nexoinformativo.mx\/#organization"},"potentialAction":[{"@type":"SearchAction","target":{"@type":"EntryPoint","urlTemplate":"https:\/\/www.nexoinformativo.mx\/?s={search_term_string}"},"query-input":{"@type":"PropertyValueSpecification","valueRequired":true,"valueName":"search_term_string"}}],"inLanguage":"es"},{"@type":"Organization","@id":"https:\/\/www.nexoinformativo.mx\/#organization","name":"Nexo Informativo Santiago de Quer\u00e9taro","url":"https:\/\/www.nexoinformativo.mx\/","logo":{"@type":"ImageObject","inLanguage":"es","@id":"https:\/\/www.nexoinformativo.mx\/#\/schema\/logo\/image\/","url":"https:\/\/www.nexoinformativo.mx\/wp-content\/uploads\/2024\/07\/nexoi-trasparente-2.png","contentUrl":"https:\/\/www.nexoinformativo.mx\/wp-content\/uploads\/2024\/07\/nexoi-trasparente-2.png","width":816,"height":339,"caption":"Nexo Informativo Santiago de Quer\u00e9taro"},"image":{"@id":"https:\/\/www.nexoinformativo.mx\/#\/schema\/logo\/image\/"},"sameAs":["https:\/\/www.facebook.com\/people\/Nexo-Informativo\/61564066885511\/"]},{"@type":"Person","@id":"https:\/\/www.nexoinformativo.mx\/#\/schema\/person\/7749d380ba08c8ca00d7bc76fd907b7d","name":"Nexo Informativo","image":{"@type":"ImageObject","inLanguage":"es","@id":"https:\/\/www.nexoinformativo.mx\/#\/schema\/person\/image\/","url":"https:\/\/secure.gravatar.com\/avatar\/dde2928154642a13d95f87ddf1ea9718fe2b46760a005c53e41ff5ad610704e6?s=96&d=mm&r=g","contentUrl":"https:\/\/secure.gravatar.com\/avatar\/dde2928154642a13d95f87ddf1ea9718fe2b46760a005c53e41ff5ad610704e6?s=96&d=mm&r=g","caption":"Nexo Informativo"},"url":"https:\/\/www.nexoinformativo.mx\/index.php\/author\/edicion\/"}]}},"_links":{"self":[{"href":"https:\/\/www.nexoinformativo.mx\/index.php\/wp-json\/wp\/v2\/posts\/13662","targetHints":{"allow":["GET"]}}],"collection":[{"href":"https:\/\/www.nexoinformativo.mx\/index.php\/wp-json\/wp\/v2\/posts"}],"about":[{"href":"https:\/\/www.nexoinformativo.mx\/index.php\/wp-json\/wp\/v2\/types\/post"}],"author":[{"embeddable":true,"href":"https:\/\/www.nexoinformativo.mx\/index.php\/wp-json\/wp\/v2\/users\/3"}],"replies":[{"embeddable":true,"href":"https:\/\/www.nexoinformativo.mx\/index.php\/wp-json\/wp\/v2\/comments?post=13662"}],"version-history":[{"count":3,"href":"https:\/\/www.nexoinformativo.mx\/index.php\/wp-json\/wp\/v2\/posts\/13662\/revisions"}],"predecessor-version":[{"id":13666,"href":"https:\/\/www.nexoinformativo.mx\/index.php\/wp-json\/wp\/v2\/posts\/13662\/revisions\/13666"}],"wp:featuredmedia":[{"embeddable":true,"href":"https:\/\/www.nexoinformativo.mx\/index.php\/wp-json\/wp\/v2\/media\/13664"}],"wp:attachment":[{"href":"https:\/\/www.nexoinformativo.mx\/index.php\/wp-json\/wp\/v2\/media?parent=13662"}],"wp:term":[{"taxonomy":"category","embeddable":true,"href":"https:\/\/www.nexoinformativo.mx\/index.php\/wp-json\/wp\/v2\/categories?post=13662"},{"taxonomy":"post_tag","embeddable":true,"href":"https:\/\/www.nexoinformativo.mx\/index.php\/wp-json\/wp\/v2\/tags?post=13662"}],"curies":[{"name":"wp","href":"https:\/\/api.w.org\/{rel}","templated":true}]}}