{"id":13667,"date":"2025-04-03T10:00:00","date_gmt":"2025-04-03T16:00:00","guid":{"rendered":"https:\/\/www.nexoinformativo.mx\/?p=13667"},"modified":"2025-04-03T16:19:07","modified_gmt":"2025-04-03T22:19:07","slug":"queretaro-contra-incumplimiento-crearan-lista-negra-de-inmobiliarias-problematicas","status":"publish","type":"post","link":"https:\/\/www.nexoinformativo.mx\/index.php\/2025\/04\/03\/queretaro-contra-incumplimiento-crearan-lista-negra-de-inmobiliarias-problematicas\/","title":{"rendered":"Quer\u00e9taro contra incumplimiento crear\u00e1n &#8220;Lista Negra&#8221; de inmobiliarias problem\u00e1ticas"},"content":{"rendered":"<p style=\"text-align: justify;\" data-sourcepos=\"13:1-13:331\">El municipio de Quer\u00e9taro anunci\u00f3 la creaci\u00f3n de una <strong>&#8220;lista negra&#8221;<\/strong> de desarrolladores inmobiliarios que han incumplido con sus compromisos y causado da\u00f1os al patrimonio de las familias. Esta medida busca proteger a los compradores y garantizar que las inmobiliarias cumplan con las normativas vigentes.<\/p>\n<p>&nbsp;<\/p>\n<p style=\"text-align: justify;\" data-sourcepos=\"15:1-15:227\">El presidente municipal de Quer\u00e9taro, Felifer Mac\u00edas, inform\u00f3 que se est\u00e1n realizando reformas reglamentarias para impedir que los desarrolladores incumplidos puedan obtener nuevos permisos de construcci\u00f3n en la ciudad.<\/p>\n<p>&nbsp;<\/p>\n<p style=\"text-align: justify;\" data-sourcepos=\"17:1-17:325\">&#8220;Estamos creando una lista negra de desarrolladores incumplidos, y le he encargado al secretario de Desarrollo Urbano, Gerardo Romero, que realice reformas reglamentarias para que desarrollador que no cumpla con la gente, con sus clientes, con las personas, no pueda volver a desarrollar en Quer\u00e9taro&#8221;, asegur\u00f3 Mac\u00edas.<\/p>\n<p>&nbsp;<\/p>\n<p style=\"text-align: justify;\" data-sourcepos=\"19:1-19:121\">El alcalde tambi\u00e9n advirti\u00f3 que se aplicar\u00e1n sanciones m\u00e1s severas a las inmobiliarias que no cumplan con las normativas.<\/p>\n<p>&nbsp;<\/p>\n<p style=\"text-align: justify;\" data-sourcepos=\"21:1-21:170\">&#8220;Por eso en mi administraci\u00f3n, desarrolladores que dejan colgada a la gente y que quieren venir a solicitar nuevos permisos de construcci\u00f3n se les est\u00e1n negando&#8221;, agreg\u00f3.<\/p>\n<p>&nbsp;<\/p>\n<p style=\"text-align: justify;\" data-sourcepos=\"23:1-23:156\">Esta iniciativa busca garantizar que las inmobiliarias que operan en Quer\u00e9taro cumplan con las normativas vigentes y proteger el patrimonio de las familias.<\/p>\n<p>&nbsp;<\/p>\n<p style=\"text-align: center;\" data-sourcepos=\"23:1-23:156\"><em><strong>\u00a1Informaci\u00f3n que transforma!<\/strong><\/em><\/p>\n","protected":false},"excerpt":{"rendered":"<p>El municipio de Quer\u00e9taro anunci\u00f3 la creaci\u00f3n de una &#8220;lista negra&#8221; de desarrolladores inmobiliarios que han incumplido con sus compromisos y causado da\u00f1os al patrimonio de las familias. Esta medida busca proteger a los compradores y garantizar que las inmobiliarias cumplan con las normativas vigentes.<\/p>\n","protected":false},"author":3,"featured_media":13694,"comment_status":"open","ping_status":"open","sticky":false,"template":"","format":"standard","meta":{"footnotes":""},"categories":[65,58],"tags":[468,3985,3986,133],"class_list":["post-13667","post","type-post","status-publish","format-standard","has-post-thumbnail","hentry","category-municipios","category-ultima-hora","tag-desarrollourbano","tag-inmobiliarias","tag-proteccionpatrimonio","tag-queretaro"],"yoast_head":"<!-- This site is optimized with the Yoast SEO plugin v25.0 - https:\/\/yoast.com\/wordpress\/plugins\/seo\/ -->\n<title>Quer\u00e9taro contra incumplimiento crear\u00e1n &quot;Lista Negra&quot; de inmobiliarias problem\u00e1ticas | Nexo Informativo Santiago de Quer\u00e9taro<\/title>\n<meta name=\"description\" content=\"Quer\u00e9taro contra incumplimiento crear\u00e1n &quot;Lista Negra&quot; de inmobiliarias problem\u00e1ticas\" \/>\n<meta name=\"robots\" content=\"index, follow, max-snippet:-1, max-image-preview:large, max-video-preview:-1\" \/>\n<link rel=\"canonical\" href=\"https:\/\/www.nexoinformativo.mx\/index.php\/2025\/04\/03\/queretaro-contra-incumplimiento-crearan-lista-negra-de-inmobiliarias-problematicas\/\" \/>\n<meta property=\"og:locale\" content=\"es_MX\" \/>\n<meta property=\"og:type\" content=\"article\" \/>\n<meta property=\"og:title\" content=\"Quer\u00e9taro contra incumplimiento crear\u00e1n &quot;Lista Negra&quot; de inmobiliarias problem\u00e1ticas | Nexo Informativo Santiago de Quer\u00e9taro\" \/>\n<meta property=\"og:description\" content=\"Quer\u00e9taro contra incumplimiento crear\u00e1n &quot;Lista Negra&quot; de inmobiliarias problem\u00e1ticas\" \/>\n<meta property=\"og:url\" content=\"https:\/\/www.nexoinformativo.mx\/index.php\/2025\/04\/03\/queretaro-contra-incumplimiento-crearan-lista-negra-de-inmobiliarias-problematicas\/\" \/>\n<meta property=\"og:site_name\" content=\"Nexo Informativo Santiago de Quer\u00e9taro\" \/>\n<meta property=\"article:publisher\" content=\"https:\/\/www.facebook.com\/people\/Nexo-Informativo\/61564066885511\/\" \/>\n<meta property=\"article:published_time\" content=\"2025-04-03T16:00:00+00:00\" \/>\n<meta property=\"article:modified_time\" content=\"2025-04-03T22:19:07+00:00\" \/>\n<meta property=\"og:image\" content=\"https:\/\/www.nexoinformativo.mx\/wp-content\/uploads\/2025\/04\/IMG_2119-e1743718741146.jpg\" \/>\n\t<meta property=\"og:image:width\" content=\"800\" \/>\n\t<meta property=\"og:image:height\" content=\"865\" \/>\n\t<meta property=\"og:image:type\" content=\"image\/jpeg\" \/>\n<meta name=\"author\" content=\"Nexo Informativo\" \/>\n<meta name=\"twitter:card\" content=\"summary_large_image\" \/>\n<meta name=\"twitter:label1\" content=\"Escrito por\" \/>\n\t<meta name=\"twitter:data1\" content=\"Nexo Informativo\" \/>\n\t<meta name=\"twitter:label2\" content=\"Tiempo de lectura\" \/>\n\t<meta name=\"twitter:data2\" content=\"2 minutos\" \/>\n<script type=\"application\/ld+json\" class=\"yoast-schema-graph\">{\"@context\":\"https:\/\/schema.org\",\"@graph\":[{\"@type\":\"Article\",\"@id\":\"https:\/\/www.nexoinformativo.mx\/index.php\/2025\/04\/03\/queretaro-contra-incumplimiento-crearan-lista-negra-de-inmobiliarias-problematicas\/#article\",\"isPartOf\":{\"@id\":\"https:\/\/www.nexoinformativo.mx\/index.php\/2025\/04\/03\/queretaro-contra-incumplimiento-crearan-lista-negra-de-inmobiliarias-problematicas\/\"},\"author\":{\"name\":\"Nexo Informativo\",\"@id\":\"https:\/\/www.nexoinformativo.mx\/#\/schema\/person\/7749d380ba08c8ca00d7bc76fd907b7d\"},\"headline\":\"Quer\u00e9taro contra incumplimiento crear\u00e1n &#8220;Lista Negra&#8221; de inmobiliarias problem\u00e1ticas\",\"datePublished\":\"2025-04-03T16:00:00+00:00\",\"dateModified\":\"2025-04-03T22:19:07+00:00\",\"mainEntityOfPage\":{\"@id\":\"https:\/\/www.nexoinformativo.mx\/index.php\/2025\/04\/03\/queretaro-contra-incumplimiento-crearan-lista-negra-de-inmobiliarias-problematicas\/\"},\"wordCount\":228,\"commentCount\":0,\"publisher\":{\"@id\":\"https:\/\/www.nexoinformativo.mx\/#organization\"},\"image\":{\"@id\":\"https:\/\/www.nexoinformativo.mx\/index.php\/2025\/04\/03\/queretaro-contra-incumplimiento-crearan-lista-negra-de-inmobiliarias-problematicas\/#primaryimage\"},\"thumbnailUrl\":\"https:\/\/www.nexoinformativo.mx\/wp-content\/uploads\/2025\/04\/IMG_2119-e1743718741146.jpg\",\"keywords\":[\"DesarrolloUrbano\",\"Inmobiliarias\",\"Protecci\u00f3nPatrimonio\",\"Quer\u00e9taro\"],\"articleSection\":[\"Municipios\",\"\u00daltima Hora\"],\"inLanguage\":\"es\",\"potentialAction\":[{\"@type\":\"CommentAction\",\"name\":\"Comment\",\"target\":[\"https:\/\/www.nexoinformativo.mx\/index.php\/2025\/04\/03\/queretaro-contra-incumplimiento-crearan-lista-negra-de-inmobiliarias-problematicas\/#respond\"]}]},{\"@type\":\"WebPage\",\"@id\":\"https:\/\/www.nexoinformativo.mx\/index.php\/2025\/04\/03\/queretaro-contra-incumplimiento-crearan-lista-negra-de-inmobiliarias-problematicas\/\",\"url\":\"https:\/\/www.nexoinformativo.mx\/index.php\/2025\/04\/03\/queretaro-contra-incumplimiento-crearan-lista-negra-de-inmobiliarias-problematicas\/\",\"name\":\"Quer\u00e9taro contra incumplimiento crear\u00e1n \\\"Lista Negra\\\" de inmobiliarias problem\u00e1ticas | Nexo Informativo Santiago de Quer\u00e9taro\",\"isPartOf\":{\"@id\":\"https:\/\/www.nexoinformativo.mx\/#website\"},\"primaryImageOfPage\":{\"@id\":\"https:\/\/www.nexoinformativo.mx\/index.php\/2025\/04\/03\/queretaro-contra-incumplimiento-crearan-lista-negra-de-inmobiliarias-problematicas\/#primaryimage\"},\"image\":{\"@id\":\"https:\/\/www.nexoinformativo.mx\/index.php\/2025\/04\/03\/queretaro-contra-incumplimiento-crearan-lista-negra-de-inmobiliarias-problematicas\/#primaryimage\"},\"thumbnailUrl\":\"https:\/\/www.nexoinformativo.mx\/wp-content\/uploads\/2025\/04\/IMG_2119-e1743718741146.jpg\",\"datePublished\":\"2025-04-03T16:00:00+00:00\",\"dateModified\":\"2025-04-03T22:19:07+00:00\",\"description\":\"Quer\u00e9taro contra incumplimiento crear\u00e1n \\\"Lista Negra\\\" de inmobiliarias problem\u00e1ticas\",\"breadcrumb\":{\"@id\":\"https:\/\/www.nexoinformativo.mx\/index.php\/2025\/04\/03\/queretaro-contra-incumplimiento-crearan-lista-negra-de-inmobiliarias-problematicas\/#breadcrumb\"},\"inLanguage\":\"es\",\"potentialAction\":[{\"@type\":\"ReadAction\",\"target\":[\"https:\/\/www.nexoinformativo.mx\/index.php\/2025\/04\/03\/queretaro-contra-incumplimiento-crearan-lista-negra-de-inmobiliarias-problematicas\/\"]}]},{\"@type\":\"ImageObject\",\"inLanguage\":\"es\",\"@id\":\"https:\/\/www.nexoinformativo.mx\/index.php\/2025\/04\/03\/queretaro-contra-incumplimiento-crearan-lista-negra-de-inmobiliarias-problematicas\/#primaryimage\",\"url\":\"https:\/\/www.nexoinformativo.mx\/wp-content\/uploads\/2025\/04\/IMG_2119-e1743718741146.jpg\",\"contentUrl\":\"https:\/\/www.nexoinformativo.mx\/wp-content\/uploads\/2025\/04\/IMG_2119-e1743718741146.jpg\",\"width\":800,\"height\":865,\"caption\":\"Screenshot\"},{\"@type\":\"BreadcrumbList\",\"@id\":\"https:\/\/www.nexoinformativo.mx\/index.php\/2025\/04\/03\/queretaro-contra-incumplimiento-crearan-lista-negra-de-inmobiliarias-problematicas\/#breadcrumb\",\"itemListElement\":[{\"@type\":\"ListItem\",\"position\":1,\"name\":\"Inicio\",\"item\":\"https:\/\/www.nexoinformativo.mx\/\"},{\"@type\":\"ListItem\",\"position\":2,\"name\":\"Quer\u00e9taro contra incumplimiento crear\u00e1n &#8220;Lista Negra&#8221; de inmobiliarias problem\u00e1ticas\"}]},{\"@type\":\"WebSite\",\"@id\":\"https:\/\/www.nexoinformativo.mx\/#website\",\"url\":\"https:\/\/www.nexoinformativo.mx\/\",\"name\":\"Nexo Informativo Santiago de Quer\u00e9taro\",\"description\":\"Explora NexoInformativo y convi\u00e9rtete en parte de una comunidad que valora el conocimiento y la verdad. Tu nexoinformativo es tu puente hacia una comprensi\u00f3n m\u00e1s profunda del mundo que te rodea.\",\"publisher\":{\"@id\":\"https:\/\/www.nexoinformativo.mx\/#organization\"},\"potentialAction\":[{\"@type\":\"SearchAction\",\"target\":{\"@type\":\"EntryPoint\",\"urlTemplate\":\"https:\/\/www.nexoinformativo.mx\/?s={search_term_string}\"},\"query-input\":{\"@type\":\"PropertyValueSpecification\",\"valueRequired\":true,\"valueName\":\"search_term_string\"}}],\"inLanguage\":\"es\"},{\"@type\":\"Organization\",\"@id\":\"https:\/\/www.nexoinformativo.mx\/#organization\",\"name\":\"Nexo Informativo Santiago de Quer\u00e9taro\",\"url\":\"https:\/\/www.nexoinformativo.mx\/\",\"logo\":{\"@type\":\"ImageObject\",\"inLanguage\":\"es\",\"@id\":\"https:\/\/www.nexoinformativo.mx\/#\/schema\/logo\/image\/\",\"url\":\"https:\/\/www.nexoinformativo.mx\/wp-content\/uploads\/2024\/07\/nexoi-trasparente-2.png\",\"contentUrl\":\"https:\/\/www.nexoinformativo.mx\/wp-content\/uploads\/2024\/07\/nexoi-trasparente-2.png\",\"width\":816,\"height\":339,\"caption\":\"Nexo Informativo Santiago de Quer\u00e9taro\"},\"image\":{\"@id\":\"https:\/\/www.nexoinformativo.mx\/#\/schema\/logo\/image\/\"},\"sameAs\":[\"https:\/\/www.facebook.com\/people\/Nexo-Informativo\/61564066885511\/\"]},{\"@type\":\"Person\",\"@id\":\"https:\/\/www.nexoinformativo.mx\/#\/schema\/person\/7749d380ba08c8ca00d7bc76fd907b7d\",\"name\":\"Nexo Informativo\",\"image\":{\"@type\":\"ImageObject\",\"inLanguage\":\"es\",\"@id\":\"https:\/\/www.nexoinformativo.mx\/#\/schema\/person\/image\/\",\"url\":\"https:\/\/secure.gravatar.com\/avatar\/dde2928154642a13d95f87ddf1ea9718fe2b46760a005c53e41ff5ad610704e6?s=96&d=mm&r=g\",\"contentUrl\":\"https:\/\/secure.gravatar.com\/avatar\/dde2928154642a13d95f87ddf1ea9718fe2b46760a005c53e41ff5ad610704e6?s=96&d=mm&r=g\",\"caption\":\"Nexo Informativo\"},\"url\":\"https:\/\/www.nexoinformativo.mx\/index.php\/author\/edicion\/\"}]}<\/script>\n<!-- \/ Yoast SEO plugin. -->","yoast_head_json":{"title":"Quer\u00e9taro contra incumplimiento crear\u00e1n \"Lista Negra\" de inmobiliarias problem\u00e1ticas | Nexo Informativo Santiago de Quer\u00e9taro","description":"Quer\u00e9taro contra incumplimiento crear\u00e1n \"Lista Negra\" de inmobiliarias problem\u00e1ticas","robots":{"index":"index","follow":"follow","max-snippet":"max-snippet:-1","max-image-preview":"max-image-preview:large","max-video-preview":"max-video-preview:-1"},"canonical":"https:\/\/www.nexoinformativo.mx\/index.php\/2025\/04\/03\/queretaro-contra-incumplimiento-crearan-lista-negra-de-inmobiliarias-problematicas\/","og_locale":"es_MX","og_type":"article","og_title":"Quer\u00e9taro contra incumplimiento crear\u00e1n \"Lista Negra\" de inmobiliarias problem\u00e1ticas | Nexo Informativo Santiago de Quer\u00e9taro","og_description":"Quer\u00e9taro contra incumplimiento crear\u00e1n \"Lista Negra\" de inmobiliarias problem\u00e1ticas","og_url":"https:\/\/www.nexoinformativo.mx\/index.php\/2025\/04\/03\/queretaro-contra-incumplimiento-crearan-lista-negra-de-inmobiliarias-problematicas\/","og_site_name":"Nexo Informativo Santiago de Quer\u00e9taro","article_publisher":"https:\/\/www.facebook.com\/people\/Nexo-Informativo\/61564066885511\/","article_published_time":"2025-04-03T16:00:00+00:00","article_modified_time":"2025-04-03T22:19:07+00:00","og_image":[{"width":800,"height":865,"url":"https:\/\/www.nexoinformativo.mx\/wp-content\/uploads\/2025\/04\/IMG_2119-e1743718741146.jpg","type":"image\/jpeg"}],"author":"Nexo Informativo","twitter_card":"summary_large_image","twitter_misc":{"Escrito por":"Nexo Informativo","Tiempo de lectura":"2 minutos"},"schema":{"@context":"https:\/\/schema.org","@graph":[{"@type":"Article","@id":"https:\/\/www.nexoinformativo.mx\/index.php\/2025\/04\/03\/queretaro-contra-incumplimiento-crearan-lista-negra-de-inmobiliarias-problematicas\/#article","isPartOf":{"@id":"https:\/\/www.nexoinformativo.mx\/index.php\/2025\/04\/03\/queretaro-contra-incumplimiento-crearan-lista-negra-de-inmobiliarias-problematicas\/"},"author":{"name":"Nexo Informativo","@id":"https:\/\/www.nexoinformativo.mx\/#\/schema\/person\/7749d380ba08c8ca00d7bc76fd907b7d"},"headline":"Quer\u00e9taro contra incumplimiento crear\u00e1n &#8220;Lista Negra&#8221; de inmobiliarias problem\u00e1ticas","datePublished":"2025-04-03T16:00:00+00:00","dateModified":"2025-04-03T22:19:07+00:00","mainEntityOfPage":{"@id":"https:\/\/www.nexoinformativo.mx\/index.php\/2025\/04\/03\/queretaro-contra-incumplimiento-crearan-lista-negra-de-inmobiliarias-problematicas\/"},"wordCount":228,"commentCount":0,"publisher":{"@id":"https:\/\/www.nexoinformativo.mx\/#organization"},"image":{"@id":"https:\/\/www.nexoinformativo.mx\/index.php\/2025\/04\/03\/queretaro-contra-incumplimiento-crearan-lista-negra-de-inmobiliarias-problematicas\/#primaryimage"},"thumbnailUrl":"https:\/\/www.nexoinformativo.mx\/wp-content\/uploads\/2025\/04\/IMG_2119-e1743718741146.jpg","keywords":["DesarrolloUrbano","Inmobiliarias","Protecci\u00f3nPatrimonio","Quer\u00e9taro"],"articleSection":["Municipios","\u00daltima Hora"],"inLanguage":"es","potentialAction":[{"@type":"CommentAction","name":"Comment","target":["https:\/\/www.nexoinformativo.mx\/index.php\/2025\/04\/03\/queretaro-contra-incumplimiento-crearan-lista-negra-de-inmobiliarias-problematicas\/#respond"]}]},{"@type":"WebPage","@id":"https:\/\/www.nexoinformativo.mx\/index.php\/2025\/04\/03\/queretaro-contra-incumplimiento-crearan-lista-negra-de-inmobiliarias-problematicas\/","url":"https:\/\/www.nexoinformativo.mx\/index.php\/2025\/04\/03\/queretaro-contra-incumplimiento-crearan-lista-negra-de-inmobiliarias-problematicas\/","name":"Quer\u00e9taro contra incumplimiento crear\u00e1n \"Lista Negra\" de inmobiliarias problem\u00e1ticas | Nexo Informativo Santiago de Quer\u00e9taro","isPartOf":{"@id":"https:\/\/www.nexoinformativo.mx\/#website"},"primaryImageOfPage":{"@id":"https:\/\/www.nexoinformativo.mx\/index.php\/2025\/04\/03\/queretaro-contra-incumplimiento-crearan-lista-negra-de-inmobiliarias-problematicas\/#primaryimage"},"image":{"@id":"https:\/\/www.nexoinformativo.mx\/index.php\/2025\/04\/03\/queretaro-contra-incumplimiento-crearan-lista-negra-de-inmobiliarias-problematicas\/#primaryimage"},"thumbnailUrl":"https:\/\/www.nexoinformativo.mx\/wp-content\/uploads\/2025\/04\/IMG_2119-e1743718741146.jpg","datePublished":"2025-04-03T16:00:00+00:00","dateModified":"2025-04-03T22:19:07+00:00","description":"Quer\u00e9taro contra incumplimiento crear\u00e1n \"Lista Negra\" de inmobiliarias problem\u00e1ticas","breadcrumb":{"@id":"https:\/\/www.nexoinformativo.mx\/index.php\/2025\/04\/03\/queretaro-contra-incumplimiento-crearan-lista-negra-de-inmobiliarias-problematicas\/#breadcrumb"},"inLanguage":"es","potentialAction":[{"@type":"ReadAction","target":["https:\/\/www.nexoinformativo.mx\/index.php\/2025\/04\/03\/queretaro-contra-incumplimiento-crearan-lista-negra-de-inmobiliarias-problematicas\/"]}]},{"@type":"ImageObject","inLanguage":"es","@id":"https:\/\/www.nexoinformativo.mx\/index.php\/2025\/04\/03\/queretaro-contra-incumplimiento-crearan-lista-negra-de-inmobiliarias-problematicas\/#primaryimage","url":"https:\/\/www.nexoinformativo.mx\/wp-content\/uploads\/2025\/04\/IMG_2119-e1743718741146.jpg","contentUrl":"https:\/\/www.nexoinformativo.mx\/wp-content\/uploads\/2025\/04\/IMG_2119-e1743718741146.jpg","width":800,"height":865,"caption":"Screenshot"},{"@type":"BreadcrumbList","@id":"https:\/\/www.nexoinformativo.mx\/index.php\/2025\/04\/03\/queretaro-contra-incumplimiento-crearan-lista-negra-de-inmobiliarias-problematicas\/#breadcrumb","itemListElement":[{"@type":"ListItem","position":1,"name":"Inicio","item":"https:\/\/www.nexoinformativo.mx\/"},{"@type":"ListItem","position":2,"name":"Quer\u00e9taro contra incumplimiento crear\u00e1n &#8220;Lista Negra&#8221; de inmobiliarias problem\u00e1ticas"}]},{"@type":"WebSite","@id":"https:\/\/www.nexoinformativo.mx\/#website","url":"https:\/\/www.nexoinformativo.mx\/","name":"Nexo Informativo Santiago de Quer\u00e9taro","description":"Explora NexoInformativo y convi\u00e9rtete en parte de una comunidad que valora el conocimiento y la verdad. Tu nexoinformativo es tu puente hacia una comprensi\u00f3n m\u00e1s profunda del mundo que te rodea.","publisher":{"@id":"https:\/\/www.nexoinformativo.mx\/#organization"},"potentialAction":[{"@type":"SearchAction","target":{"@type":"EntryPoint","urlTemplate":"https:\/\/www.nexoinformativo.mx\/?s={search_term_string}"},"query-input":{"@type":"PropertyValueSpecification","valueRequired":true,"valueName":"search_term_string"}}],"inLanguage":"es"},{"@type":"Organization","@id":"https:\/\/www.nexoinformativo.mx\/#organization","name":"Nexo Informativo Santiago de Quer\u00e9taro","url":"https:\/\/www.nexoinformativo.mx\/","logo":{"@type":"ImageObject","inLanguage":"es","@id":"https:\/\/www.nexoinformativo.mx\/#\/schema\/logo\/image\/","url":"https:\/\/www.nexoinformativo.mx\/wp-content\/uploads\/2024\/07\/nexoi-trasparente-2.png","contentUrl":"https:\/\/www.nexoinformativo.mx\/wp-content\/uploads\/2024\/07\/nexoi-trasparente-2.png","width":816,"height":339,"caption":"Nexo Informativo Santiago de Quer\u00e9taro"},"image":{"@id":"https:\/\/www.nexoinformativo.mx\/#\/schema\/logo\/image\/"},"sameAs":["https:\/\/www.facebook.com\/people\/Nexo-Informativo\/61564066885511\/"]},{"@type":"Person","@id":"https:\/\/www.nexoinformativo.mx\/#\/schema\/person\/7749d380ba08c8ca00d7bc76fd907b7d","name":"Nexo Informativo","image":{"@type":"ImageObject","inLanguage":"es","@id":"https:\/\/www.nexoinformativo.mx\/#\/schema\/person\/image\/","url":"https:\/\/secure.gravatar.com\/avatar\/dde2928154642a13d95f87ddf1ea9718fe2b46760a005c53e41ff5ad610704e6?s=96&d=mm&r=g","contentUrl":"https:\/\/secure.gravatar.com\/avatar\/dde2928154642a13d95f87ddf1ea9718fe2b46760a005c53e41ff5ad610704e6?s=96&d=mm&r=g","caption":"Nexo Informativo"},"url":"https:\/\/www.nexoinformativo.mx\/index.php\/author\/edicion\/"}]}},"_links":{"self":[{"href":"https:\/\/www.nexoinformativo.mx\/index.php\/wp-json\/wp\/v2\/posts\/13667","targetHints":{"allow":["GET"]}}],"collection":[{"href":"https:\/\/www.nexoinformativo.mx\/index.php\/wp-json\/wp\/v2\/posts"}],"about":[{"href":"https:\/\/www.nexoinformativo.mx\/index.php\/wp-json\/wp\/v2\/types\/post"}],"author":[{"embeddable":true,"href":"https:\/\/www.nexoinformativo.mx\/index.php\/wp-json\/wp\/v2\/users\/3"}],"replies":[{"embeddable":true,"href":"https:\/\/www.nexoinformativo.mx\/index.php\/wp-json\/wp\/v2\/comments?post=13667"}],"version-history":[{"count":4,"href":"https:\/\/www.nexoinformativo.mx\/index.php\/wp-json\/wp\/v2\/posts\/13667\/revisions"}],"predecessor-version":[{"id":13669,"href":"https:\/\/www.nexoinformativo.mx\/index.php\/wp-json\/wp\/v2\/posts\/13667\/revisions\/13669"}],"wp:featuredmedia":[{"embeddable":true,"href":"https:\/\/www.nexoinformativo.mx\/index.php\/wp-json\/wp\/v2\/media\/13694"}],"wp:attachment":[{"href":"https:\/\/www.nexoinformativo.mx\/index.php\/wp-json\/wp\/v2\/media?parent=13667"}],"wp:term":[{"taxonomy":"category","embeddable":true,"href":"https:\/\/www.nexoinformativo.mx\/index.php\/wp-json\/wp\/v2\/categories?post=13667"},{"taxonomy":"post_tag","embeddable":true,"href":"https:\/\/www.nexoinformativo.mx\/index.php\/wp-json\/wp\/v2\/tags?post=13667"}],"curies":[{"name":"wp","href":"https:\/\/api.w.org\/{rel}","templated":true}]}}