{"id":13681,"date":"2025-04-03T13:00:56","date_gmt":"2025-04-03T19:00:56","guid":{"rendered":"https:\/\/www.nexoinformativo.mx\/?p=13681"},"modified":"2025-04-03T15:17:39","modified_gmt":"2025-04-03T21:17:39","slug":"queretaro-impulsa-proyectos-clave-kuri-se-reune-con-funcionarios-federales-y-senadores","status":"publish","type":"post","link":"https:\/\/www.nexoinformativo.mx\/index.php\/2025\/04\/03\/queretaro-impulsa-proyectos-clave-kuri-se-reune-con-funcionarios-federales-y-senadores\/","title":{"rendered":"Quer\u00e9taro impulsa proyectos clave Kuri se re\u00fane con funcionarios Federales y Senadores"},"content":{"rendered":"<p style=\"text-align: justify;\" data-sourcepos=\"13:1-13:371\">El gobernador de Quer\u00e9taro, Mauricio Kuri, ha sostenido una serie de reuniones estrat\u00e9gicas con funcionarios federales y Senadores de la Rep\u00fablica, con el objetivo de impulsar proyectos clave para el estado, fortalecer la colaboraci\u00f3n institucional y promover la iniciativa de ley que regula el acceso de menores al entorno digital.<\/p>\n<p>&nbsp;<\/p>\n<p style=\"text-align: justify;\" data-sourcepos=\"15:1-15:349\">Uno de los encuentros destacados tuvo lugar en la Secretar\u00eda de Infraestructura, Comunicaciones y Transportes (SICT), donde Kuri, junto con el secretario de Desarrollo Urbano y Obras P\u00fablicas, Jos\u00e9 P\u00edo X Salgado Tovar, present\u00f3 una cartera de proyectos para Quer\u00e9taro. Se acord\u00f3 la revisi\u00f3n de los mismos y se definieron acciones conjuntas.<\/p>\n<p>&nbsp;<\/p>\n<p style=\"text-align: justify;\" data-sourcepos=\"17:1-17:190\">Entre los proyectos prioritarios se encuentran el puente vehicular Los Patos en San Juan del R\u00edo, un puente en El Castillo y la infraestructura para las estaciones del tren M\u00e9xico-Quer\u00e9taro.<\/p>\n<p>&nbsp;<\/p>\n<p style=\"text-align: justify;\" data-sourcepos=\"19:1-19:267\">Adem\u00e1s, Kuri Gonz\u00e1lez se reuni\u00f3 con el director general de la Comisi\u00f3n Nacional del Agua (CONAGUA), Efra\u00edn Morales L\u00f3pez, y con el secretario de Econom\u00eda, Marcelo Ebrard Casaub\u00f3n, para abordar proyectos relacionados con el agua y el desarrollo econ\u00f3mico de Quer\u00e9taro.<\/p>\n<p>&nbsp;<\/p>\n<p style=\"text-align: justify;\" data-sourcepos=\"21:1-21:221\">En Palacio Nacional, el gobernador se reuni\u00f3 con el secretario de Hacienda y Cr\u00e9dito P\u00fablico (SHCP), Edgar Amador Zamora, para presentar proyectos y buscar estrategias conjuntas para el crecimiento de Quer\u00e9taro y el pa\u00eds.<\/p>\n<p>&nbsp;<\/p>\n<p style=\"text-align: justify;\" data-sourcepos=\"23:1-23:144\">En el Congreso de la Uni\u00f3n, Kuri dialog\u00f3 con senadores sobre la iniciativa de ley que regula el acceso de menores a las redes sociales.<\/p>\n<p>&nbsp;<\/p>\n<p style=\"text-align: center;\" data-sourcepos=\"23:1-23:144\"><em><strong>\u00a1Informaci\u00f3n que transforma!<\/strong><\/em><\/p>\n","protected":false},"excerpt":{"rendered":"<p>El gobernador de Quer\u00e9taro, Mauricio Kuri, ha sostenido una serie de reuniones estrat\u00e9gicas con funcionarios federales y Senadores de la Rep\u00fablica, con el objetivo de impulsar proyectos clave para el estado, fortalecer la colaboraci\u00f3n institucional y promover la iniciativa de ley que regula el acceso de menores al entorno digital.<\/p>\n","protected":false},"author":3,"featured_media":13682,"comment_status":"open","ping_status":"open","sticky":false,"template":"","format":"standard","meta":{"footnotes":""},"categories":[88,21,58],"tags":[381,661,1364,133],"class_list":["post-13681","post","type-post","status-publish","format-standard","has-post-thumbnail","hentry","category-nacional","category-politica","category-ultima-hora","tag-colaboracionfederal","tag-mauriciokuri","tag-proyectosqueretaro","tag-queretaro"],"yoast_head":"<!-- This site is optimized with the Yoast SEO plugin v25.0 - https:\/\/yoast.com\/wordpress\/plugins\/seo\/ -->\n<title>Quer\u00e9taro impulsa proyectos clave Kuri se re\u00fane con funcionarios Federales y Senadores | Nexo Informativo Santiago de Quer\u00e9taro<\/title>\n<meta name=\"description\" content=\"Quer\u00e9taro impulsa proyectos clave Kuri se re\u00fane con funcionarios Federales y Senadores\" \/>\n<meta name=\"robots\" content=\"index, follow, max-snippet:-1, max-image-preview:large, max-video-preview:-1\" \/>\n<link rel=\"canonical\" href=\"https:\/\/www.nexoinformativo.mx\/index.php\/2025\/04\/03\/queretaro-impulsa-proyectos-clave-kuri-se-reune-con-funcionarios-federales-y-senadores\/\" \/>\n<meta property=\"og:locale\" content=\"es_MX\" \/>\n<meta property=\"og:type\" content=\"article\" \/>\n<meta property=\"og:title\" content=\"Quer\u00e9taro impulsa proyectos clave Kuri se re\u00fane con funcionarios Federales y Senadores | Nexo Informativo Santiago de Quer\u00e9taro\" \/>\n<meta property=\"og:description\" content=\"Quer\u00e9taro impulsa proyectos clave Kuri se re\u00fane con funcionarios Federales y Senadores\" \/>\n<meta property=\"og:url\" content=\"https:\/\/www.nexoinformativo.mx\/index.php\/2025\/04\/03\/queretaro-impulsa-proyectos-clave-kuri-se-reune-con-funcionarios-federales-y-senadores\/\" \/>\n<meta property=\"og:site_name\" content=\"Nexo Informativo Santiago de Quer\u00e9taro\" \/>\n<meta property=\"article:publisher\" content=\"https:\/\/www.facebook.com\/people\/Nexo-Informativo\/61564066885511\/\" \/>\n<meta property=\"article:published_time\" content=\"2025-04-03T19:00:56+00:00\" \/>\n<meta property=\"article:modified_time\" content=\"2025-04-03T21:17:39+00:00\" \/>\n<meta property=\"og:image\" content=\"https:\/\/www.nexoinformativo.mx\/wp-content\/uploads\/2025\/04\/PHOTO-2025-04-03-10-10-36-e1743715008912.jpg\" \/>\n\t<meta property=\"og:image:width\" content=\"800\" \/>\n\t<meta property=\"og:image:height\" content=\"533\" \/>\n\t<meta property=\"og:image:type\" content=\"image\/jpeg\" \/>\n<meta name=\"author\" content=\"Nexo Informativo\" \/>\n<meta name=\"twitter:card\" content=\"summary_large_image\" \/>\n<meta name=\"twitter:label1\" content=\"Escrito por\" \/>\n\t<meta name=\"twitter:data1\" content=\"Nexo Informativo\" \/>\n\t<meta name=\"twitter:label2\" content=\"Tiempo de lectura\" \/>\n\t<meta name=\"twitter:data2\" content=\"2 minutos\" \/>\n<script type=\"application\/ld+json\" class=\"yoast-schema-graph\">{\"@context\":\"https:\/\/schema.org\",\"@graph\":[{\"@type\":\"Article\",\"@id\":\"https:\/\/www.nexoinformativo.mx\/index.php\/2025\/04\/03\/queretaro-impulsa-proyectos-clave-kuri-se-reune-con-funcionarios-federales-y-senadores\/#article\",\"isPartOf\":{\"@id\":\"https:\/\/www.nexoinformativo.mx\/index.php\/2025\/04\/03\/queretaro-impulsa-proyectos-clave-kuri-se-reune-con-funcionarios-federales-y-senadores\/\"},\"author\":{\"name\":\"Nexo Informativo\",\"@id\":\"https:\/\/www.nexoinformativo.mx\/#\/schema\/person\/7749d380ba08c8ca00d7bc76fd907b7d\"},\"headline\":\"Quer\u00e9taro impulsa proyectos clave Kuri se re\u00fane con funcionarios Federales y Senadores\",\"datePublished\":\"2025-04-03T19:00:56+00:00\",\"dateModified\":\"2025-04-03T21:17:39+00:00\",\"mainEntityOfPage\":{\"@id\":\"https:\/\/www.nexoinformativo.mx\/index.php\/2025\/04\/03\/queretaro-impulsa-proyectos-clave-kuri-se-reune-con-funcionarios-federales-y-senadores\/\"},\"wordCount\":282,\"commentCount\":0,\"publisher\":{\"@id\":\"https:\/\/www.nexoinformativo.mx\/#organization\"},\"image\":{\"@id\":\"https:\/\/www.nexoinformativo.mx\/index.php\/2025\/04\/03\/queretaro-impulsa-proyectos-clave-kuri-se-reune-con-funcionarios-federales-y-senadores\/#primaryimage\"},\"thumbnailUrl\":\"https:\/\/www.nexoinformativo.mx\/wp-content\/uploads\/2025\/04\/PHOTO-2025-04-03-10-10-36-e1743715008912.jpg\",\"keywords\":[\"Colaboraci\u00f3nFederal\",\"MauricioKuri\",\"ProyectosQuer\u00e9taro\",\"Quer\u00e9taro\"],\"articleSection\":[\"Nacional\",\"Pol\u00edtica\",\"\u00daltima Hora\"],\"inLanguage\":\"es\",\"potentialAction\":[{\"@type\":\"CommentAction\",\"name\":\"Comment\",\"target\":[\"https:\/\/www.nexoinformativo.mx\/index.php\/2025\/04\/03\/queretaro-impulsa-proyectos-clave-kuri-se-reune-con-funcionarios-federales-y-senadores\/#respond\"]}]},{\"@type\":\"WebPage\",\"@id\":\"https:\/\/www.nexoinformativo.mx\/index.php\/2025\/04\/03\/queretaro-impulsa-proyectos-clave-kuri-se-reune-con-funcionarios-federales-y-senadores\/\",\"url\":\"https:\/\/www.nexoinformativo.mx\/index.php\/2025\/04\/03\/queretaro-impulsa-proyectos-clave-kuri-se-reune-con-funcionarios-federales-y-senadores\/\",\"name\":\"Quer\u00e9taro impulsa proyectos clave Kuri se re\u00fane con funcionarios Federales y Senadores | Nexo Informativo Santiago de Quer\u00e9taro\",\"isPartOf\":{\"@id\":\"https:\/\/www.nexoinformativo.mx\/#website\"},\"primaryImageOfPage\":{\"@id\":\"https:\/\/www.nexoinformativo.mx\/index.php\/2025\/04\/03\/queretaro-impulsa-proyectos-clave-kuri-se-reune-con-funcionarios-federales-y-senadores\/#primaryimage\"},\"image\":{\"@id\":\"https:\/\/www.nexoinformativo.mx\/index.php\/2025\/04\/03\/queretaro-impulsa-proyectos-clave-kuri-se-reune-con-funcionarios-federales-y-senadores\/#primaryimage\"},\"thumbnailUrl\":\"https:\/\/www.nexoinformativo.mx\/wp-content\/uploads\/2025\/04\/PHOTO-2025-04-03-10-10-36-e1743715008912.jpg\",\"datePublished\":\"2025-04-03T19:00:56+00:00\",\"dateModified\":\"2025-04-03T21:17:39+00:00\",\"description\":\"Quer\u00e9taro impulsa proyectos clave Kuri se re\u00fane con funcionarios Federales y Senadores\",\"breadcrumb\":{\"@id\":\"https:\/\/www.nexoinformativo.mx\/index.php\/2025\/04\/03\/queretaro-impulsa-proyectos-clave-kuri-se-reune-con-funcionarios-federales-y-senadores\/#breadcrumb\"},\"inLanguage\":\"es\",\"potentialAction\":[{\"@type\":\"ReadAction\",\"target\":[\"https:\/\/www.nexoinformativo.mx\/index.php\/2025\/04\/03\/queretaro-impulsa-proyectos-clave-kuri-se-reune-con-funcionarios-federales-y-senadores\/\"]}]},{\"@type\":\"ImageObject\",\"inLanguage\":\"es\",\"@id\":\"https:\/\/www.nexoinformativo.mx\/index.php\/2025\/04\/03\/queretaro-impulsa-proyectos-clave-kuri-se-reune-con-funcionarios-federales-y-senadores\/#primaryimage\",\"url\":\"https:\/\/www.nexoinformativo.mx\/wp-content\/uploads\/2025\/04\/PHOTO-2025-04-03-10-10-36-e1743715008912.jpg\",\"contentUrl\":\"https:\/\/www.nexoinformativo.mx\/wp-content\/uploads\/2025\/04\/PHOTO-2025-04-03-10-10-36-e1743715008912.jpg\",\"width\":800,\"height\":533},{\"@type\":\"BreadcrumbList\",\"@id\":\"https:\/\/www.nexoinformativo.mx\/index.php\/2025\/04\/03\/queretaro-impulsa-proyectos-clave-kuri-se-reune-con-funcionarios-federales-y-senadores\/#breadcrumb\",\"itemListElement\":[{\"@type\":\"ListItem\",\"position\":1,\"name\":\"Inicio\",\"item\":\"https:\/\/www.nexoinformativo.mx\/\"},{\"@type\":\"ListItem\",\"position\":2,\"name\":\"Quer\u00e9taro impulsa proyectos clave Kuri se re\u00fane con funcionarios Federales y Senadores\"}]},{\"@type\":\"WebSite\",\"@id\":\"https:\/\/www.nexoinformativo.mx\/#website\",\"url\":\"https:\/\/www.nexoinformativo.mx\/\",\"name\":\"Nexo Informativo Santiago de Quer\u00e9taro\",\"description\":\"Explora NexoInformativo y convi\u00e9rtete en parte de una comunidad que valora el conocimiento y la verdad. Tu nexoinformativo es tu puente hacia una comprensi\u00f3n m\u00e1s profunda del mundo que te rodea.\",\"publisher\":{\"@id\":\"https:\/\/www.nexoinformativo.mx\/#organization\"},\"potentialAction\":[{\"@type\":\"SearchAction\",\"target\":{\"@type\":\"EntryPoint\",\"urlTemplate\":\"https:\/\/www.nexoinformativo.mx\/?s={search_term_string}\"},\"query-input\":{\"@type\":\"PropertyValueSpecification\",\"valueRequired\":true,\"valueName\":\"search_term_string\"}}],\"inLanguage\":\"es\"},{\"@type\":\"Organization\",\"@id\":\"https:\/\/www.nexoinformativo.mx\/#organization\",\"name\":\"Nexo Informativo Santiago de Quer\u00e9taro\",\"url\":\"https:\/\/www.nexoinformativo.mx\/\",\"logo\":{\"@type\":\"ImageObject\",\"inLanguage\":\"es\",\"@id\":\"https:\/\/www.nexoinformativo.mx\/#\/schema\/logo\/image\/\",\"url\":\"https:\/\/www.nexoinformativo.mx\/wp-content\/uploads\/2024\/07\/nexoi-trasparente-2.png\",\"contentUrl\":\"https:\/\/www.nexoinformativo.mx\/wp-content\/uploads\/2024\/07\/nexoi-trasparente-2.png\",\"width\":816,\"height\":339,\"caption\":\"Nexo Informativo Santiago de Quer\u00e9taro\"},\"image\":{\"@id\":\"https:\/\/www.nexoinformativo.mx\/#\/schema\/logo\/image\/\"},\"sameAs\":[\"https:\/\/www.facebook.com\/people\/Nexo-Informativo\/61564066885511\/\"]},{\"@type\":\"Person\",\"@id\":\"https:\/\/www.nexoinformativo.mx\/#\/schema\/person\/7749d380ba08c8ca00d7bc76fd907b7d\",\"name\":\"Nexo Informativo\",\"image\":{\"@type\":\"ImageObject\",\"inLanguage\":\"es\",\"@id\":\"https:\/\/www.nexoinformativo.mx\/#\/schema\/person\/image\/\",\"url\":\"https:\/\/secure.gravatar.com\/avatar\/dde2928154642a13d95f87ddf1ea9718fe2b46760a005c53e41ff5ad610704e6?s=96&d=mm&r=g\",\"contentUrl\":\"https:\/\/secure.gravatar.com\/avatar\/dde2928154642a13d95f87ddf1ea9718fe2b46760a005c53e41ff5ad610704e6?s=96&d=mm&r=g\",\"caption\":\"Nexo Informativo\"},\"url\":\"https:\/\/www.nexoinformativo.mx\/index.php\/author\/edicion\/\"}]}<\/script>\n<!-- \/ Yoast SEO plugin. -->","yoast_head_json":{"title":"Quer\u00e9taro impulsa proyectos clave Kuri se re\u00fane con funcionarios Federales y Senadores | Nexo Informativo Santiago de Quer\u00e9taro","description":"Quer\u00e9taro impulsa proyectos clave Kuri se re\u00fane con funcionarios Federales y Senadores","robots":{"index":"index","follow":"follow","max-snippet":"max-snippet:-1","max-image-preview":"max-image-preview:large","max-video-preview":"max-video-preview:-1"},"canonical":"https:\/\/www.nexoinformativo.mx\/index.php\/2025\/04\/03\/queretaro-impulsa-proyectos-clave-kuri-se-reune-con-funcionarios-federales-y-senadores\/","og_locale":"es_MX","og_type":"article","og_title":"Quer\u00e9taro impulsa proyectos clave Kuri se re\u00fane con funcionarios Federales y Senadores | Nexo Informativo Santiago de Quer\u00e9taro","og_description":"Quer\u00e9taro impulsa proyectos clave Kuri se re\u00fane con funcionarios Federales y Senadores","og_url":"https:\/\/www.nexoinformativo.mx\/index.php\/2025\/04\/03\/queretaro-impulsa-proyectos-clave-kuri-se-reune-con-funcionarios-federales-y-senadores\/","og_site_name":"Nexo Informativo Santiago de Quer\u00e9taro","article_publisher":"https:\/\/www.facebook.com\/people\/Nexo-Informativo\/61564066885511\/","article_published_time":"2025-04-03T19:00:56+00:00","article_modified_time":"2025-04-03T21:17:39+00:00","og_image":[{"width":800,"height":533,"url":"https:\/\/www.nexoinformativo.mx\/wp-content\/uploads\/2025\/04\/PHOTO-2025-04-03-10-10-36-e1743715008912.jpg","type":"image\/jpeg"}],"author":"Nexo Informativo","twitter_card":"summary_large_image","twitter_misc":{"Escrito por":"Nexo Informativo","Tiempo de lectura":"2 minutos"},"schema":{"@context":"https:\/\/schema.org","@graph":[{"@type":"Article","@id":"https:\/\/www.nexoinformativo.mx\/index.php\/2025\/04\/03\/queretaro-impulsa-proyectos-clave-kuri-se-reune-con-funcionarios-federales-y-senadores\/#article","isPartOf":{"@id":"https:\/\/www.nexoinformativo.mx\/index.php\/2025\/04\/03\/queretaro-impulsa-proyectos-clave-kuri-se-reune-con-funcionarios-federales-y-senadores\/"},"author":{"name":"Nexo Informativo","@id":"https:\/\/www.nexoinformativo.mx\/#\/schema\/person\/7749d380ba08c8ca00d7bc76fd907b7d"},"headline":"Quer\u00e9taro impulsa proyectos clave Kuri se re\u00fane con funcionarios Federales y Senadores","datePublished":"2025-04-03T19:00:56+00:00","dateModified":"2025-04-03T21:17:39+00:00","mainEntityOfPage":{"@id":"https:\/\/www.nexoinformativo.mx\/index.php\/2025\/04\/03\/queretaro-impulsa-proyectos-clave-kuri-se-reune-con-funcionarios-federales-y-senadores\/"},"wordCount":282,"commentCount":0,"publisher":{"@id":"https:\/\/www.nexoinformativo.mx\/#organization"},"image":{"@id":"https:\/\/www.nexoinformativo.mx\/index.php\/2025\/04\/03\/queretaro-impulsa-proyectos-clave-kuri-se-reune-con-funcionarios-federales-y-senadores\/#primaryimage"},"thumbnailUrl":"https:\/\/www.nexoinformativo.mx\/wp-content\/uploads\/2025\/04\/PHOTO-2025-04-03-10-10-36-e1743715008912.jpg","keywords":["Colaboraci\u00f3nFederal","MauricioKuri","ProyectosQuer\u00e9taro","Quer\u00e9taro"],"articleSection":["Nacional","Pol\u00edtica","\u00daltima Hora"],"inLanguage":"es","potentialAction":[{"@type":"CommentAction","name":"Comment","target":["https:\/\/www.nexoinformativo.mx\/index.php\/2025\/04\/03\/queretaro-impulsa-proyectos-clave-kuri-se-reune-con-funcionarios-federales-y-senadores\/#respond"]}]},{"@type":"WebPage","@id":"https:\/\/www.nexoinformativo.mx\/index.php\/2025\/04\/03\/queretaro-impulsa-proyectos-clave-kuri-se-reune-con-funcionarios-federales-y-senadores\/","url":"https:\/\/www.nexoinformativo.mx\/index.php\/2025\/04\/03\/queretaro-impulsa-proyectos-clave-kuri-se-reune-con-funcionarios-federales-y-senadores\/","name":"Quer\u00e9taro impulsa proyectos clave Kuri se re\u00fane con funcionarios Federales y Senadores | Nexo Informativo Santiago de Quer\u00e9taro","isPartOf":{"@id":"https:\/\/www.nexoinformativo.mx\/#website"},"primaryImageOfPage":{"@id":"https:\/\/www.nexoinformativo.mx\/index.php\/2025\/04\/03\/queretaro-impulsa-proyectos-clave-kuri-se-reune-con-funcionarios-federales-y-senadores\/#primaryimage"},"image":{"@id":"https:\/\/www.nexoinformativo.mx\/index.php\/2025\/04\/03\/queretaro-impulsa-proyectos-clave-kuri-se-reune-con-funcionarios-federales-y-senadores\/#primaryimage"},"thumbnailUrl":"https:\/\/www.nexoinformativo.mx\/wp-content\/uploads\/2025\/04\/PHOTO-2025-04-03-10-10-36-e1743715008912.jpg","datePublished":"2025-04-03T19:00:56+00:00","dateModified":"2025-04-03T21:17:39+00:00","description":"Quer\u00e9taro impulsa proyectos clave Kuri se re\u00fane con funcionarios Federales y Senadores","breadcrumb":{"@id":"https:\/\/www.nexoinformativo.mx\/index.php\/2025\/04\/03\/queretaro-impulsa-proyectos-clave-kuri-se-reune-con-funcionarios-federales-y-senadores\/#breadcrumb"},"inLanguage":"es","potentialAction":[{"@type":"ReadAction","target":["https:\/\/www.nexoinformativo.mx\/index.php\/2025\/04\/03\/queretaro-impulsa-proyectos-clave-kuri-se-reune-con-funcionarios-federales-y-senadores\/"]}]},{"@type":"ImageObject","inLanguage":"es","@id":"https:\/\/www.nexoinformativo.mx\/index.php\/2025\/04\/03\/queretaro-impulsa-proyectos-clave-kuri-se-reune-con-funcionarios-federales-y-senadores\/#primaryimage","url":"https:\/\/www.nexoinformativo.mx\/wp-content\/uploads\/2025\/04\/PHOTO-2025-04-03-10-10-36-e1743715008912.jpg","contentUrl":"https:\/\/www.nexoinformativo.mx\/wp-content\/uploads\/2025\/04\/PHOTO-2025-04-03-10-10-36-e1743715008912.jpg","width":800,"height":533},{"@type":"BreadcrumbList","@id":"https:\/\/www.nexoinformativo.mx\/index.php\/2025\/04\/03\/queretaro-impulsa-proyectos-clave-kuri-se-reune-con-funcionarios-federales-y-senadores\/#breadcrumb","itemListElement":[{"@type":"ListItem","position":1,"name":"Inicio","item":"https:\/\/www.nexoinformativo.mx\/"},{"@type":"ListItem","position":2,"name":"Quer\u00e9taro impulsa proyectos clave Kuri se re\u00fane con funcionarios Federales y Senadores"}]},{"@type":"WebSite","@id":"https:\/\/www.nexoinformativo.mx\/#website","url":"https:\/\/www.nexoinformativo.mx\/","name":"Nexo Informativo Santiago de Quer\u00e9taro","description":"Explora NexoInformativo y convi\u00e9rtete en parte de una comunidad que valora el conocimiento y la verdad. Tu nexoinformativo es tu puente hacia una comprensi\u00f3n m\u00e1s profunda del mundo que te rodea.","publisher":{"@id":"https:\/\/www.nexoinformativo.mx\/#organization"},"potentialAction":[{"@type":"SearchAction","target":{"@type":"EntryPoint","urlTemplate":"https:\/\/www.nexoinformativo.mx\/?s={search_term_string}"},"query-input":{"@type":"PropertyValueSpecification","valueRequired":true,"valueName":"search_term_string"}}],"inLanguage":"es"},{"@type":"Organization","@id":"https:\/\/www.nexoinformativo.mx\/#organization","name":"Nexo Informativo Santiago de Quer\u00e9taro","url":"https:\/\/www.nexoinformativo.mx\/","logo":{"@type":"ImageObject","inLanguage":"es","@id":"https:\/\/www.nexoinformativo.mx\/#\/schema\/logo\/image\/","url":"https:\/\/www.nexoinformativo.mx\/wp-content\/uploads\/2024\/07\/nexoi-trasparente-2.png","contentUrl":"https:\/\/www.nexoinformativo.mx\/wp-content\/uploads\/2024\/07\/nexoi-trasparente-2.png","width":816,"height":339,"caption":"Nexo Informativo Santiago de Quer\u00e9taro"},"image":{"@id":"https:\/\/www.nexoinformativo.mx\/#\/schema\/logo\/image\/"},"sameAs":["https:\/\/www.facebook.com\/people\/Nexo-Informativo\/61564066885511\/"]},{"@type":"Person","@id":"https:\/\/www.nexoinformativo.mx\/#\/schema\/person\/7749d380ba08c8ca00d7bc76fd907b7d","name":"Nexo Informativo","image":{"@type":"ImageObject","inLanguage":"es","@id":"https:\/\/www.nexoinformativo.mx\/#\/schema\/person\/image\/","url":"https:\/\/secure.gravatar.com\/avatar\/dde2928154642a13d95f87ddf1ea9718fe2b46760a005c53e41ff5ad610704e6?s=96&d=mm&r=g","contentUrl":"https:\/\/secure.gravatar.com\/avatar\/dde2928154642a13d95f87ddf1ea9718fe2b46760a005c53e41ff5ad610704e6?s=96&d=mm&r=g","caption":"Nexo Informativo"},"url":"https:\/\/www.nexoinformativo.mx\/index.php\/author\/edicion\/"}]}},"_links":{"self":[{"href":"https:\/\/www.nexoinformativo.mx\/index.php\/wp-json\/wp\/v2\/posts\/13681","targetHints":{"allow":["GET"]}}],"collection":[{"href":"https:\/\/www.nexoinformativo.mx\/index.php\/wp-json\/wp\/v2\/posts"}],"about":[{"href":"https:\/\/www.nexoinformativo.mx\/index.php\/wp-json\/wp\/v2\/types\/post"}],"author":[{"embeddable":true,"href":"https:\/\/www.nexoinformativo.mx\/index.php\/wp-json\/wp\/v2\/users\/3"}],"replies":[{"embeddable":true,"href":"https:\/\/www.nexoinformativo.mx\/index.php\/wp-json\/wp\/v2\/comments?post=13681"}],"version-history":[{"count":4,"href":"https:\/\/www.nexoinformativo.mx\/index.php\/wp-json\/wp\/v2\/posts\/13681\/revisions"}],"predecessor-version":[{"id":13686,"href":"https:\/\/www.nexoinformativo.mx\/index.php\/wp-json\/wp\/v2\/posts\/13681\/revisions\/13686"}],"wp:featuredmedia":[{"embeddable":true,"href":"https:\/\/www.nexoinformativo.mx\/index.php\/wp-json\/wp\/v2\/media\/13682"}],"wp:attachment":[{"href":"https:\/\/www.nexoinformativo.mx\/index.php\/wp-json\/wp\/v2\/media?parent=13681"}],"wp:term":[{"taxonomy":"category","embeddable":true,"href":"https:\/\/www.nexoinformativo.mx\/index.php\/wp-json\/wp\/v2\/categories?post=13681"},{"taxonomy":"post_tag","embeddable":true,"href":"https:\/\/www.nexoinformativo.mx\/index.php\/wp-json\/wp\/v2\/tags?post=13681"}],"curies":[{"name":"wp","href":"https:\/\/api.w.org\/{rel}","templated":true}]}}