{"id":13697,"date":"2025-04-03T15:00:02","date_gmt":"2025-04-03T21:00:02","guid":{"rendered":"https:\/\/www.nexoinformativo.mx\/?p=13697"},"modified":"2025-04-03T19:21:16","modified_gmt":"2025-04-04T01:21:16","slug":"inversion-italiana-en-queretaro-grupo-epta-construira-planta-y-creara-empleo","status":"publish","type":"post","link":"https:\/\/www.nexoinformativo.mx\/index.php\/2025\/04\/03\/inversion-italiana-en-queretaro-grupo-epta-construira-planta-y-creara-empleo\/","title":{"rendered":"Inversi\u00f3n Italiana en Quer\u00e9taro Grupo Epta construir\u00e1 planta y crear\u00e1 empleo"},"content":{"rendered":"<p style=\"text-align: justify;\" data-sourcepos=\"13:1-13:303\">El gobernador Mauricio Kuri anunci\u00f3 la llegada de una importante inversi\u00f3n del Grupo Epta, empresa italiana l\u00edder en sistemas de refrigeraci\u00f3n comercial sostenible, que construir\u00e1 una planta de producci\u00f3n en Quer\u00e9taro y generar\u00e1 m\u00e1s de 300 nuevas fuentes de empleo.<\/p>\n<\/p>\n<p>&nbsp;<\/p>\n<p style=\"text-align: justify;\" data-sourcepos=\"15:1-15:147\">El anuncio fue realizado por el secretario de Desarrollo Sustentable, Marco Antonio Del Prete, durante su gira de trabajo en Mil\u00e1n, Italia.<\/p>\n<\/p>\n<p>&nbsp;<\/p>\n<p style=\"text-align: justify;\" data-sourcepos=\"17:1-17:350\"><strong>&#8220;Como siempre Quer\u00e9taro quedando en los primeros lugares de atracci\u00f3n de inversi\u00f3n. Es muy importante seguir picando piedra para que no deje de llegar inversi\u00f3n a Quer\u00e9taro, en un momento de recesi\u00f3n nacional, Quer\u00e9taro sigue siendo distinto y distinguible, atrayendo inversi\u00f3n y teniendo crecimiento, felicidades, Marco&#8221;<\/strong>, manifest\u00f3 Kuri.<\/p>\n<\/p>\n<p>&nbsp;<\/p>\n<p style=\"text-align: justify;\" data-sourcepos=\"19:1-19:172\">Del Prete destac\u00f3 que esta inversi\u00f3n representa un importante impulso para la econom\u00eda queretana y generar\u00e1 empleos bien remunerados para las familias de la regi\u00f3n.<\/p>\n<\/p>\n<p>&nbsp;<\/p>\n<p style=\"text-align: justify;\" data-sourcepos=\"21:1-21:152\">El CEO y presidente del Consejo de Epta, Marco Nocivelli, resalt\u00f3 la confianza de la empresa en el mercado mexicano y en el capital humano de Quer\u00e9taro.<\/p>\n<\/p>\n<p>&nbsp;<\/p>\n<p style=\"text-align: justify;\" data-sourcepos=\"23:1-23:263\">La nueva planta de Epta se especializar\u00e1 en el dise\u00f1o, producci\u00f3n e instalaci\u00f3n de muebles frigor\u00edficos y soluciones de refrigeraci\u00f3n para supermercados, comercios y grandes cadenas de distribuci\u00f3n, utilizando tecnolog\u00edas sostenibles y energ\u00e9ticamente eficientes.<\/p>\n<\/p>\n<p>&nbsp;<\/p>\n<p style=\"text-align: center;\" data-sourcepos=\"23:1-23:263\"><em><strong>\u00a1Informaci\u00f3n que transforma!<\/strong><\/em><\/p>\n","protected":false},"excerpt":{"rendered":"<p>El gobernador Mauricio Kuri anunci\u00f3 la llegada de una importante inversi\u00f3n del Grupo Epta, empresa italiana l\u00edder en sistemas de refrigeraci\u00f3n comercial sostenible, que construir\u00e1 una planta de producci\u00f3n en Quer\u00e9taro y generar\u00e1 m\u00e1s de 300 nuevas fuentes de empleo.<\/p>\n","protected":false},"author":3,"featured_media":13698,"comment_status":"open","ping_status":"open","sticky":false,"template":"","format":"standard","meta":{"footnotes":""},"categories":[5,42,58],"tags":[1733,3992,142,133],"class_list":["post-13697","post","type-post","status-publish","format-standard","has-post-thumbnail","hentry","category-economia","category-estado","category-ultima-hora","tag-empleo","tag-grupoepta","tag-inversion","tag-queretaro"],"yoast_head":"<!-- This site is optimized with the Yoast SEO plugin v25.0 - https:\/\/yoast.com\/wordpress\/plugins\/seo\/ -->\n<title>Inversi\u00f3n Italiana en Quer\u00e9taro Grupo Epta construir\u00e1 planta y crear\u00e1 empleo | Nexo Informativo Santiago de Quer\u00e9taro<\/title>\n<meta name=\"description\" content=\"Inversi\u00f3n Italiana en Quer\u00e9taro Grupo Epta construir\u00e1 planta y crear\u00e1 empleo\" \/>\n<meta name=\"robots\" content=\"index, follow, max-snippet:-1, max-image-preview:large, max-video-preview:-1\" \/>\n<link rel=\"canonical\" href=\"https:\/\/www.nexoinformativo.mx\/index.php\/2025\/04\/03\/inversion-italiana-en-queretaro-grupo-epta-construira-planta-y-creara-empleo\/\" \/>\n<meta property=\"og:locale\" content=\"es_MX\" \/>\n<meta property=\"og:type\" content=\"article\" \/>\n<meta property=\"og:title\" content=\"Inversi\u00f3n Italiana en Quer\u00e9taro Grupo Epta construir\u00e1 planta y crear\u00e1 empleo | Nexo Informativo Santiago de Quer\u00e9taro\" \/>\n<meta property=\"og:description\" content=\"Inversi\u00f3n Italiana en Quer\u00e9taro Grupo Epta construir\u00e1 planta y crear\u00e1 empleo\" \/>\n<meta property=\"og:url\" content=\"https:\/\/www.nexoinformativo.mx\/index.php\/2025\/04\/03\/inversion-italiana-en-queretaro-grupo-epta-construira-planta-y-creara-empleo\/\" \/>\n<meta property=\"og:site_name\" content=\"Nexo Informativo Santiago de Quer\u00e9taro\" \/>\n<meta property=\"article:publisher\" content=\"https:\/\/www.facebook.com\/people\/Nexo-Informativo\/61564066885511\/\" \/>\n<meta property=\"article:published_time\" content=\"2025-04-03T21:00:02+00:00\" \/>\n<meta property=\"article:modified_time\" content=\"2025-04-04T01:21:16+00:00\" \/>\n<meta property=\"og:image\" content=\"https:\/\/www.nexoinformativo.mx\/wp-content\/uploads\/2025\/04\/PHOTO-2025-04-03-16-53-10-e1743729631267.jpg\" \/>\n\t<meta property=\"og:image:width\" content=\"800\" \/>\n\t<meta property=\"og:image:height\" content=\"533\" \/>\n\t<meta property=\"og:image:type\" content=\"image\/jpeg\" \/>\n<meta name=\"author\" content=\"Nexo Informativo\" \/>\n<meta name=\"twitter:card\" content=\"summary_large_image\" \/>\n<meta name=\"twitter:label1\" content=\"Escrito por\" \/>\n\t<meta name=\"twitter:data1\" content=\"Nexo Informativo\" \/>\n\t<meta name=\"twitter:label2\" content=\"Tiempo de lectura\" \/>\n\t<meta name=\"twitter:data2\" content=\"2 minutos\" \/>\n<script type=\"application\/ld+json\" class=\"yoast-schema-graph\">{\"@context\":\"https:\/\/schema.org\",\"@graph\":[{\"@type\":\"Article\",\"@id\":\"https:\/\/www.nexoinformativo.mx\/index.php\/2025\/04\/03\/inversion-italiana-en-queretaro-grupo-epta-construira-planta-y-creara-empleo\/#article\",\"isPartOf\":{\"@id\":\"https:\/\/www.nexoinformativo.mx\/index.php\/2025\/04\/03\/inversion-italiana-en-queretaro-grupo-epta-construira-planta-y-creara-empleo\/\"},\"author\":{\"name\":\"Nexo Informativo\",\"@id\":\"https:\/\/www.nexoinformativo.mx\/#\/schema\/person\/7749d380ba08c8ca00d7bc76fd907b7d\"},\"headline\":\"Inversi\u00f3n Italiana en Quer\u00e9taro Grupo Epta construir\u00e1 planta y crear\u00e1 empleo\",\"datePublished\":\"2025-04-03T21:00:02+00:00\",\"dateModified\":\"2025-04-04T01:21:16+00:00\",\"mainEntityOfPage\":{\"@id\":\"https:\/\/www.nexoinformativo.mx\/index.php\/2025\/04\/03\/inversion-italiana-en-queretaro-grupo-epta-construira-planta-y-creara-empleo\/\"},\"wordCount\":245,\"commentCount\":0,\"publisher\":{\"@id\":\"https:\/\/www.nexoinformativo.mx\/#organization\"},\"image\":{\"@id\":\"https:\/\/www.nexoinformativo.mx\/index.php\/2025\/04\/03\/inversion-italiana-en-queretaro-grupo-epta-construira-planta-y-creara-empleo\/#primaryimage\"},\"thumbnailUrl\":\"https:\/\/www.nexoinformativo.mx\/wp-content\/uploads\/2025\/04\/PHOTO-2025-04-03-16-53-10-e1743729631267.jpg\",\"keywords\":[\"Empleo\",\"GrupoEpta\",\"Inversi\u00f3n\",\"Quer\u00e9taro\"],\"articleSection\":[\"Econom\u00eda\",\"Estado\",\"\u00daltima Hora\"],\"inLanguage\":\"es\",\"potentialAction\":[{\"@type\":\"CommentAction\",\"name\":\"Comment\",\"target\":[\"https:\/\/www.nexoinformativo.mx\/index.php\/2025\/04\/03\/inversion-italiana-en-queretaro-grupo-epta-construira-planta-y-creara-empleo\/#respond\"]}]},{\"@type\":\"WebPage\",\"@id\":\"https:\/\/www.nexoinformativo.mx\/index.php\/2025\/04\/03\/inversion-italiana-en-queretaro-grupo-epta-construira-planta-y-creara-empleo\/\",\"url\":\"https:\/\/www.nexoinformativo.mx\/index.php\/2025\/04\/03\/inversion-italiana-en-queretaro-grupo-epta-construira-planta-y-creara-empleo\/\",\"name\":\"Inversi\u00f3n Italiana en Quer\u00e9taro Grupo Epta construir\u00e1 planta y crear\u00e1 empleo | Nexo Informativo Santiago de Quer\u00e9taro\",\"isPartOf\":{\"@id\":\"https:\/\/www.nexoinformativo.mx\/#website\"},\"primaryImageOfPage\":{\"@id\":\"https:\/\/www.nexoinformativo.mx\/index.php\/2025\/04\/03\/inversion-italiana-en-queretaro-grupo-epta-construira-planta-y-creara-empleo\/#primaryimage\"},\"image\":{\"@id\":\"https:\/\/www.nexoinformativo.mx\/index.php\/2025\/04\/03\/inversion-italiana-en-queretaro-grupo-epta-construira-planta-y-creara-empleo\/#primaryimage\"},\"thumbnailUrl\":\"https:\/\/www.nexoinformativo.mx\/wp-content\/uploads\/2025\/04\/PHOTO-2025-04-03-16-53-10-e1743729631267.jpg\",\"datePublished\":\"2025-04-03T21:00:02+00:00\",\"dateModified\":\"2025-04-04T01:21:16+00:00\",\"description\":\"Inversi\u00f3n Italiana en Quer\u00e9taro Grupo Epta construir\u00e1 planta y crear\u00e1 empleo\",\"breadcrumb\":{\"@id\":\"https:\/\/www.nexoinformativo.mx\/index.php\/2025\/04\/03\/inversion-italiana-en-queretaro-grupo-epta-construira-planta-y-creara-empleo\/#breadcrumb\"},\"inLanguage\":\"es\",\"potentialAction\":[{\"@type\":\"ReadAction\",\"target\":[\"https:\/\/www.nexoinformativo.mx\/index.php\/2025\/04\/03\/inversion-italiana-en-queretaro-grupo-epta-construira-planta-y-creara-empleo\/\"]}]},{\"@type\":\"ImageObject\",\"inLanguage\":\"es\",\"@id\":\"https:\/\/www.nexoinformativo.mx\/index.php\/2025\/04\/03\/inversion-italiana-en-queretaro-grupo-epta-construira-planta-y-creara-empleo\/#primaryimage\",\"url\":\"https:\/\/www.nexoinformativo.mx\/wp-content\/uploads\/2025\/04\/PHOTO-2025-04-03-16-53-10-e1743729631267.jpg\",\"contentUrl\":\"https:\/\/www.nexoinformativo.mx\/wp-content\/uploads\/2025\/04\/PHOTO-2025-04-03-16-53-10-e1743729631267.jpg\",\"width\":800,\"height\":533},{\"@type\":\"BreadcrumbList\",\"@id\":\"https:\/\/www.nexoinformativo.mx\/index.php\/2025\/04\/03\/inversion-italiana-en-queretaro-grupo-epta-construira-planta-y-creara-empleo\/#breadcrumb\",\"itemListElement\":[{\"@type\":\"ListItem\",\"position\":1,\"name\":\"Inicio\",\"item\":\"https:\/\/www.nexoinformativo.mx\/\"},{\"@type\":\"ListItem\",\"position\":2,\"name\":\"Inversi\u00f3n Italiana en Quer\u00e9taro Grupo Epta construir\u00e1 planta y crear\u00e1 empleo\"}]},{\"@type\":\"WebSite\",\"@id\":\"https:\/\/www.nexoinformativo.mx\/#website\",\"url\":\"https:\/\/www.nexoinformativo.mx\/\",\"name\":\"Nexo Informativo Santiago de Quer\u00e9taro\",\"description\":\"Explora NexoInformativo y convi\u00e9rtete en parte de una comunidad que valora el conocimiento y la verdad. Tu nexoinformativo es tu puente hacia una comprensi\u00f3n m\u00e1s profunda del mundo que te rodea.\",\"publisher\":{\"@id\":\"https:\/\/www.nexoinformativo.mx\/#organization\"},\"potentialAction\":[{\"@type\":\"SearchAction\",\"target\":{\"@type\":\"EntryPoint\",\"urlTemplate\":\"https:\/\/www.nexoinformativo.mx\/?s={search_term_string}\"},\"query-input\":{\"@type\":\"PropertyValueSpecification\",\"valueRequired\":true,\"valueName\":\"search_term_string\"}}],\"inLanguage\":\"es\"},{\"@type\":\"Organization\",\"@id\":\"https:\/\/www.nexoinformativo.mx\/#organization\",\"name\":\"Nexo Informativo Santiago de Quer\u00e9taro\",\"url\":\"https:\/\/www.nexoinformativo.mx\/\",\"logo\":{\"@type\":\"ImageObject\",\"inLanguage\":\"es\",\"@id\":\"https:\/\/www.nexoinformativo.mx\/#\/schema\/logo\/image\/\",\"url\":\"https:\/\/www.nexoinformativo.mx\/wp-content\/uploads\/2024\/07\/nexoi-trasparente-2.png\",\"contentUrl\":\"https:\/\/www.nexoinformativo.mx\/wp-content\/uploads\/2024\/07\/nexoi-trasparente-2.png\",\"width\":816,\"height\":339,\"caption\":\"Nexo Informativo Santiago de Quer\u00e9taro\"},\"image\":{\"@id\":\"https:\/\/www.nexoinformativo.mx\/#\/schema\/logo\/image\/\"},\"sameAs\":[\"https:\/\/www.facebook.com\/people\/Nexo-Informativo\/61564066885511\/\"]},{\"@type\":\"Person\",\"@id\":\"https:\/\/www.nexoinformativo.mx\/#\/schema\/person\/7749d380ba08c8ca00d7bc76fd907b7d\",\"name\":\"Nexo Informativo\",\"image\":{\"@type\":\"ImageObject\",\"inLanguage\":\"es\",\"@id\":\"https:\/\/www.nexoinformativo.mx\/#\/schema\/person\/image\/\",\"url\":\"https:\/\/secure.gravatar.com\/avatar\/dde2928154642a13d95f87ddf1ea9718fe2b46760a005c53e41ff5ad610704e6?s=96&d=mm&r=g\",\"contentUrl\":\"https:\/\/secure.gravatar.com\/avatar\/dde2928154642a13d95f87ddf1ea9718fe2b46760a005c53e41ff5ad610704e6?s=96&d=mm&r=g\",\"caption\":\"Nexo Informativo\"},\"url\":\"https:\/\/www.nexoinformativo.mx\/index.php\/author\/edicion\/\"}]}<\/script>\n<!-- \/ Yoast SEO plugin. -->","yoast_head_json":{"title":"Inversi\u00f3n Italiana en Quer\u00e9taro Grupo Epta construir\u00e1 planta y crear\u00e1 empleo | Nexo Informativo Santiago de Quer\u00e9taro","description":"Inversi\u00f3n Italiana en Quer\u00e9taro Grupo Epta construir\u00e1 planta y crear\u00e1 empleo","robots":{"index":"index","follow":"follow","max-snippet":"max-snippet:-1","max-image-preview":"max-image-preview:large","max-video-preview":"max-video-preview:-1"},"canonical":"https:\/\/www.nexoinformativo.mx\/index.php\/2025\/04\/03\/inversion-italiana-en-queretaro-grupo-epta-construira-planta-y-creara-empleo\/","og_locale":"es_MX","og_type":"article","og_title":"Inversi\u00f3n Italiana en Quer\u00e9taro Grupo Epta construir\u00e1 planta y crear\u00e1 empleo | Nexo Informativo Santiago de Quer\u00e9taro","og_description":"Inversi\u00f3n Italiana en Quer\u00e9taro Grupo Epta construir\u00e1 planta y crear\u00e1 empleo","og_url":"https:\/\/www.nexoinformativo.mx\/index.php\/2025\/04\/03\/inversion-italiana-en-queretaro-grupo-epta-construira-planta-y-creara-empleo\/","og_site_name":"Nexo Informativo Santiago de Quer\u00e9taro","article_publisher":"https:\/\/www.facebook.com\/people\/Nexo-Informativo\/61564066885511\/","article_published_time":"2025-04-03T21:00:02+00:00","article_modified_time":"2025-04-04T01:21:16+00:00","og_image":[{"width":800,"height":533,"url":"https:\/\/www.nexoinformativo.mx\/wp-content\/uploads\/2025\/04\/PHOTO-2025-04-03-16-53-10-e1743729631267.jpg","type":"image\/jpeg"}],"author":"Nexo Informativo","twitter_card":"summary_large_image","twitter_misc":{"Escrito por":"Nexo Informativo","Tiempo de lectura":"2 minutos"},"schema":{"@context":"https:\/\/schema.org","@graph":[{"@type":"Article","@id":"https:\/\/www.nexoinformativo.mx\/index.php\/2025\/04\/03\/inversion-italiana-en-queretaro-grupo-epta-construira-planta-y-creara-empleo\/#article","isPartOf":{"@id":"https:\/\/www.nexoinformativo.mx\/index.php\/2025\/04\/03\/inversion-italiana-en-queretaro-grupo-epta-construira-planta-y-creara-empleo\/"},"author":{"name":"Nexo Informativo","@id":"https:\/\/www.nexoinformativo.mx\/#\/schema\/person\/7749d380ba08c8ca00d7bc76fd907b7d"},"headline":"Inversi\u00f3n Italiana en Quer\u00e9taro Grupo Epta construir\u00e1 planta y crear\u00e1 empleo","datePublished":"2025-04-03T21:00:02+00:00","dateModified":"2025-04-04T01:21:16+00:00","mainEntityOfPage":{"@id":"https:\/\/www.nexoinformativo.mx\/index.php\/2025\/04\/03\/inversion-italiana-en-queretaro-grupo-epta-construira-planta-y-creara-empleo\/"},"wordCount":245,"commentCount":0,"publisher":{"@id":"https:\/\/www.nexoinformativo.mx\/#organization"},"image":{"@id":"https:\/\/www.nexoinformativo.mx\/index.php\/2025\/04\/03\/inversion-italiana-en-queretaro-grupo-epta-construira-planta-y-creara-empleo\/#primaryimage"},"thumbnailUrl":"https:\/\/www.nexoinformativo.mx\/wp-content\/uploads\/2025\/04\/PHOTO-2025-04-03-16-53-10-e1743729631267.jpg","keywords":["Empleo","GrupoEpta","Inversi\u00f3n","Quer\u00e9taro"],"articleSection":["Econom\u00eda","Estado","\u00daltima Hora"],"inLanguage":"es","potentialAction":[{"@type":"CommentAction","name":"Comment","target":["https:\/\/www.nexoinformativo.mx\/index.php\/2025\/04\/03\/inversion-italiana-en-queretaro-grupo-epta-construira-planta-y-creara-empleo\/#respond"]}]},{"@type":"WebPage","@id":"https:\/\/www.nexoinformativo.mx\/index.php\/2025\/04\/03\/inversion-italiana-en-queretaro-grupo-epta-construira-planta-y-creara-empleo\/","url":"https:\/\/www.nexoinformativo.mx\/index.php\/2025\/04\/03\/inversion-italiana-en-queretaro-grupo-epta-construira-planta-y-creara-empleo\/","name":"Inversi\u00f3n Italiana en Quer\u00e9taro Grupo Epta construir\u00e1 planta y crear\u00e1 empleo | Nexo Informativo Santiago de Quer\u00e9taro","isPartOf":{"@id":"https:\/\/www.nexoinformativo.mx\/#website"},"primaryImageOfPage":{"@id":"https:\/\/www.nexoinformativo.mx\/index.php\/2025\/04\/03\/inversion-italiana-en-queretaro-grupo-epta-construira-planta-y-creara-empleo\/#primaryimage"},"image":{"@id":"https:\/\/www.nexoinformativo.mx\/index.php\/2025\/04\/03\/inversion-italiana-en-queretaro-grupo-epta-construira-planta-y-creara-empleo\/#primaryimage"},"thumbnailUrl":"https:\/\/www.nexoinformativo.mx\/wp-content\/uploads\/2025\/04\/PHOTO-2025-04-03-16-53-10-e1743729631267.jpg","datePublished":"2025-04-03T21:00:02+00:00","dateModified":"2025-04-04T01:21:16+00:00","description":"Inversi\u00f3n Italiana en Quer\u00e9taro Grupo Epta construir\u00e1 planta y crear\u00e1 empleo","breadcrumb":{"@id":"https:\/\/www.nexoinformativo.mx\/index.php\/2025\/04\/03\/inversion-italiana-en-queretaro-grupo-epta-construira-planta-y-creara-empleo\/#breadcrumb"},"inLanguage":"es","potentialAction":[{"@type":"ReadAction","target":["https:\/\/www.nexoinformativo.mx\/index.php\/2025\/04\/03\/inversion-italiana-en-queretaro-grupo-epta-construira-planta-y-creara-empleo\/"]}]},{"@type":"ImageObject","inLanguage":"es","@id":"https:\/\/www.nexoinformativo.mx\/index.php\/2025\/04\/03\/inversion-italiana-en-queretaro-grupo-epta-construira-planta-y-creara-empleo\/#primaryimage","url":"https:\/\/www.nexoinformativo.mx\/wp-content\/uploads\/2025\/04\/PHOTO-2025-04-03-16-53-10-e1743729631267.jpg","contentUrl":"https:\/\/www.nexoinformativo.mx\/wp-content\/uploads\/2025\/04\/PHOTO-2025-04-03-16-53-10-e1743729631267.jpg","width":800,"height":533},{"@type":"BreadcrumbList","@id":"https:\/\/www.nexoinformativo.mx\/index.php\/2025\/04\/03\/inversion-italiana-en-queretaro-grupo-epta-construira-planta-y-creara-empleo\/#breadcrumb","itemListElement":[{"@type":"ListItem","position":1,"name":"Inicio","item":"https:\/\/www.nexoinformativo.mx\/"},{"@type":"ListItem","position":2,"name":"Inversi\u00f3n Italiana en Quer\u00e9taro Grupo Epta construir\u00e1 planta y crear\u00e1 empleo"}]},{"@type":"WebSite","@id":"https:\/\/www.nexoinformativo.mx\/#website","url":"https:\/\/www.nexoinformativo.mx\/","name":"Nexo Informativo Santiago de Quer\u00e9taro","description":"Explora NexoInformativo y convi\u00e9rtete en parte de una comunidad que valora el conocimiento y la verdad. Tu nexoinformativo es tu puente hacia una comprensi\u00f3n m\u00e1s profunda del mundo que te rodea.","publisher":{"@id":"https:\/\/www.nexoinformativo.mx\/#organization"},"potentialAction":[{"@type":"SearchAction","target":{"@type":"EntryPoint","urlTemplate":"https:\/\/www.nexoinformativo.mx\/?s={search_term_string}"},"query-input":{"@type":"PropertyValueSpecification","valueRequired":true,"valueName":"search_term_string"}}],"inLanguage":"es"},{"@type":"Organization","@id":"https:\/\/www.nexoinformativo.mx\/#organization","name":"Nexo Informativo Santiago de Quer\u00e9taro","url":"https:\/\/www.nexoinformativo.mx\/","logo":{"@type":"ImageObject","inLanguage":"es","@id":"https:\/\/www.nexoinformativo.mx\/#\/schema\/logo\/image\/","url":"https:\/\/www.nexoinformativo.mx\/wp-content\/uploads\/2024\/07\/nexoi-trasparente-2.png","contentUrl":"https:\/\/www.nexoinformativo.mx\/wp-content\/uploads\/2024\/07\/nexoi-trasparente-2.png","width":816,"height":339,"caption":"Nexo Informativo Santiago de Quer\u00e9taro"},"image":{"@id":"https:\/\/www.nexoinformativo.mx\/#\/schema\/logo\/image\/"},"sameAs":["https:\/\/www.facebook.com\/people\/Nexo-Informativo\/61564066885511\/"]},{"@type":"Person","@id":"https:\/\/www.nexoinformativo.mx\/#\/schema\/person\/7749d380ba08c8ca00d7bc76fd907b7d","name":"Nexo Informativo","image":{"@type":"ImageObject","inLanguage":"es","@id":"https:\/\/www.nexoinformativo.mx\/#\/schema\/person\/image\/","url":"https:\/\/secure.gravatar.com\/avatar\/dde2928154642a13d95f87ddf1ea9718fe2b46760a005c53e41ff5ad610704e6?s=96&d=mm&r=g","contentUrl":"https:\/\/secure.gravatar.com\/avatar\/dde2928154642a13d95f87ddf1ea9718fe2b46760a005c53e41ff5ad610704e6?s=96&d=mm&r=g","caption":"Nexo Informativo"},"url":"https:\/\/www.nexoinformativo.mx\/index.php\/author\/edicion\/"}]}},"_links":{"self":[{"href":"https:\/\/www.nexoinformativo.mx\/index.php\/wp-json\/wp\/v2\/posts\/13697","targetHints":{"allow":["GET"]}}],"collection":[{"href":"https:\/\/www.nexoinformativo.mx\/index.php\/wp-json\/wp\/v2\/posts"}],"about":[{"href":"https:\/\/www.nexoinformativo.mx\/index.php\/wp-json\/wp\/v2\/types\/post"}],"author":[{"embeddable":true,"href":"https:\/\/www.nexoinformativo.mx\/index.php\/wp-json\/wp\/v2\/users\/3"}],"replies":[{"embeddable":true,"href":"https:\/\/www.nexoinformativo.mx\/index.php\/wp-json\/wp\/v2\/comments?post=13697"}],"version-history":[{"count":3,"href":"https:\/\/www.nexoinformativo.mx\/index.php\/wp-json\/wp\/v2\/posts\/13697\/revisions"}],"predecessor-version":[{"id":13701,"href":"https:\/\/www.nexoinformativo.mx\/index.php\/wp-json\/wp\/v2\/posts\/13697\/revisions\/13701"}],"wp:featuredmedia":[{"embeddable":true,"href":"https:\/\/www.nexoinformativo.mx\/index.php\/wp-json\/wp\/v2\/media\/13698"}],"wp:attachment":[{"href":"https:\/\/www.nexoinformativo.mx\/index.php\/wp-json\/wp\/v2\/media?parent=13697"}],"wp:term":[{"taxonomy":"category","embeddable":true,"href":"https:\/\/www.nexoinformativo.mx\/index.php\/wp-json\/wp\/v2\/categories?post=13697"},{"taxonomy":"post_tag","embeddable":true,"href":"https:\/\/www.nexoinformativo.mx\/index.php\/wp-json\/wp\/v2\/tags?post=13697"}],"curies":[{"name":"wp","href":"https:\/\/api.w.org\/{rel}","templated":true}]}}