{"id":1373,"date":"2024-08-31T22:30:31","date_gmt":"2024-09-01T04:30:31","guid":{"rendered":"https:\/\/www.nexoinformativo.mx\/?p=1373"},"modified":"2024-09-01T15:06:48","modified_gmt":"2024-09-01T21:06:48","slug":"todo-un-exito-la-decimo-tercera-carrera-nocturna-cgv-2024-en-queretaro","status":"publish","type":"post","link":"https:\/\/www.nexoinformativo.mx\/index.php\/2024\/08\/31\/todo-un-exito-la-decimo-tercera-carrera-nocturna-cgv-2024-en-queretaro\/","title":{"rendered":"Todo un \u00e9xito la D\u00e9cimo Tercera Carrera Nocturna CGV 2024 en Quer\u00e9taro"},"content":{"rendered":"\r\n<p style=\"text-align: justify;\">Con m\u00e1s de 7 mil participantes y cientos de familias como espectadores, la D\u00e9cimo Tercera Carrera Nocturna CGV 2024 fue todo un \u00e9xito. Este evento deportivo, que se desarroll\u00f3 en las calles del Centro Hist\u00f3rico de Quer\u00e9taro, logr\u00f3 promover la actividad f\u00edsica y fortalecer la convivencia familiar, destacando la importancia de la uni\u00f3n en la comunidad.<br \/><br \/>En representaci\u00f3n del Presidente Municipal de Quer\u00e9taro, Luis Nava, el Secretario de Desarrollo Humano y Social, Arturo Torres Guti\u00e9rrez, acompa\u00f1ado por el Presidente Electo de Quer\u00e9taro, Felipe Fernando Mac\u00edas Olvera, dio el disparo de salida en el Jard\u00edn Zenea a las 21:00 horas. Desde ese punto, m\u00e1s de siete mil corredores iniciaron su recorrido en tres categor\u00edas: personas con alguna discapacidad, corredores de 9 kil\u00f3metros y corredores de 6 kil\u00f3metros.<br \/><br \/>La Carrera Nocturna CGV 2024, reconocida por su car\u00e1cter gratuito, cont\u00f3 con el apoyo de diversas empresas patrocinadoras que aportaron premios para los participantes. Entre los premios a rifar se incluyeron cinco refrigeradores y dos lavadoras marca Samsung, 10 vuelos redondos en avi\u00f3n por Aerol\u00edneas TAR y un autom\u00f3vil Nissan March Sense TM 2024, cortes\u00eda de Caja Gonzalo Vega.<\/p>\r\n","protected":false},"excerpt":{"rendered":"<p>Con m\u00e1s de 7 mil participantes y cientos de familias como espectadores, la D\u00e9cimo Tercera Carrera Nocturna CGV 2024 fue todo un \u00e9xito. Este evento deportivo, que se desarroll\u00f3 en las emblem\u00e1ticas calles del Centro Hist\u00f3rico de Quer\u00e9taro, logr\u00f3 promover la actividad f\u00edsica y fortalecer la convivencia familiar, destacando la importancia de la uni\u00f3n en la comunidad.<\/p>\n","protected":false},"author":2,"featured_media":1372,"comment_status":"open","ping_status":"open","sticky":false,"template":"","format":"standard","meta":{"footnotes":""},"categories":[65],"tags":[402,405,406,403,404],"class_list":["post-1373","post","type-post","status-publish","format-standard","has-post-thumbnail","hentry","category-municipios","tag-carreranocturnacgv2024","tag-deporteenqueretaro","tag-nochedecarrera","tag-queretarosemueve","tag-unionfamiliar"],"yoast_head":"<!-- This site is optimized with the Yoast SEO plugin v25.0 - https:\/\/yoast.com\/wordpress\/plugins\/seo\/ -->\n<title>Todo un \u00e9xito la D\u00e9cimo Tercera Carrera Nocturna CGV 2024 en Quer\u00e9taro | Nexo Informativo Santiago de Quer\u00e9taro<\/title>\n<meta name=\"description\" content=\"Todo un \u00e9xito la D\u00e9cimo Tercera Carrera Nocturna CGV 2024 en Quer\u00e9taro\" \/>\n<meta name=\"robots\" content=\"index, follow, max-snippet:-1, max-image-preview:large, max-video-preview:-1\" \/>\n<link rel=\"canonical\" href=\"https:\/\/www.nexoinformativo.mx\/index.php\/2024\/08\/31\/todo-un-exito-la-decimo-tercera-carrera-nocturna-cgv-2024-en-queretaro\/\" \/>\n<meta property=\"og:locale\" content=\"es_MX\" \/>\n<meta property=\"og:type\" content=\"article\" \/>\n<meta property=\"og:title\" content=\"Todo un \u00e9xito la D\u00e9cimo Tercera Carrera Nocturna CGV 2024 en Quer\u00e9taro | Nexo Informativo Santiago de Quer\u00e9taro\" \/>\n<meta property=\"og:description\" content=\"Todo un \u00e9xito la D\u00e9cimo Tercera Carrera Nocturna CGV 2024 en Quer\u00e9taro\" \/>\n<meta property=\"og:url\" content=\"https:\/\/www.nexoinformativo.mx\/index.php\/2024\/08\/31\/todo-un-exito-la-decimo-tercera-carrera-nocturna-cgv-2024-en-queretaro\/\" \/>\n<meta property=\"og:site_name\" content=\"Nexo Informativo Santiago de Quer\u00e9taro\" \/>\n<meta property=\"article:publisher\" content=\"https:\/\/www.facebook.com\/people\/Nexo-Informativo\/61564066885511\/\" \/>\n<meta property=\"article:published_time\" content=\"2024-09-01T04:30:31+00:00\" \/>\n<meta property=\"article:modified_time\" content=\"2024-09-01T21:06:48+00:00\" \/>\n<meta property=\"og:image\" content=\"https:\/\/www.nexoinformativo.mx\/wp-content\/uploads\/2024\/09\/IMG-20240901-WA0011-e1725224113742.jpg\" \/>\n\t<meta property=\"og:image:width\" content=\"800\" \/>\n\t<meta property=\"og:image:height\" content=\"533\" \/>\n\t<meta property=\"og:image:type\" content=\"image\/jpeg\" \/>\n<meta name=\"author\" content=\"admin\" \/>\n<meta name=\"twitter:card\" content=\"summary_large_image\" \/>\n<meta name=\"twitter:label1\" content=\"Escrito por\" \/>\n\t<meta name=\"twitter:data1\" content=\"admin\" \/>\n\t<meta name=\"twitter:label2\" content=\"Tiempo de lectura\" \/>\n\t<meta name=\"twitter:data2\" content=\"2 minutos\" \/>\n<script type=\"application\/ld+json\" class=\"yoast-schema-graph\">{\"@context\":\"https:\/\/schema.org\",\"@graph\":[{\"@type\":\"Article\",\"@id\":\"https:\/\/www.nexoinformativo.mx\/index.php\/2024\/08\/31\/todo-un-exito-la-decimo-tercera-carrera-nocturna-cgv-2024-en-queretaro\/#article\",\"isPartOf\":{\"@id\":\"https:\/\/www.nexoinformativo.mx\/index.php\/2024\/08\/31\/todo-un-exito-la-decimo-tercera-carrera-nocturna-cgv-2024-en-queretaro\/\"},\"author\":{\"name\":\"admin\",\"@id\":\"https:\/\/www.nexoinformativo.mx\/#\/schema\/person\/4beeb8fa2c46efc230191fd4030766b5\"},\"headline\":\"Todo un \u00e9xito la D\u00e9cimo Tercera Carrera Nocturna CGV 2024 en Quer\u00e9taro\",\"datePublished\":\"2024-09-01T04:30:31+00:00\",\"dateModified\":\"2024-09-01T21:06:48+00:00\",\"mainEntityOfPage\":{\"@id\":\"https:\/\/www.nexoinformativo.mx\/index.php\/2024\/08\/31\/todo-un-exito-la-decimo-tercera-carrera-nocturna-cgv-2024-en-queretaro\/\"},\"wordCount\":212,\"commentCount\":0,\"publisher\":{\"@id\":\"https:\/\/www.nexoinformativo.mx\/#organization\"},\"image\":{\"@id\":\"https:\/\/www.nexoinformativo.mx\/index.php\/2024\/08\/31\/todo-un-exito-la-decimo-tercera-carrera-nocturna-cgv-2024-en-queretaro\/#primaryimage\"},\"thumbnailUrl\":\"https:\/\/www.nexoinformativo.mx\/wp-content\/uploads\/2024\/09\/IMG-20240901-WA0011-e1725224113742.jpg\",\"keywords\":[\"CarreraNocturnaCGV2024\",\"DeporteEnQuer\u00e9taro\",\"NocheDeCarrera\",\"Quer\u00e9taroSeMueve\",\"Uni\u00f3nFamiliar\"],\"articleSection\":[\"Municipios\"],\"inLanguage\":\"es\",\"potentialAction\":[{\"@type\":\"CommentAction\",\"name\":\"Comment\",\"target\":[\"https:\/\/www.nexoinformativo.mx\/index.php\/2024\/08\/31\/todo-un-exito-la-decimo-tercera-carrera-nocturna-cgv-2024-en-queretaro\/#respond\"]}]},{\"@type\":\"WebPage\",\"@id\":\"https:\/\/www.nexoinformativo.mx\/index.php\/2024\/08\/31\/todo-un-exito-la-decimo-tercera-carrera-nocturna-cgv-2024-en-queretaro\/\",\"url\":\"https:\/\/www.nexoinformativo.mx\/index.php\/2024\/08\/31\/todo-un-exito-la-decimo-tercera-carrera-nocturna-cgv-2024-en-queretaro\/\",\"name\":\"Todo un \u00e9xito la D\u00e9cimo Tercera Carrera Nocturna CGV 2024 en Quer\u00e9taro | Nexo Informativo Santiago de Quer\u00e9taro\",\"isPartOf\":{\"@id\":\"https:\/\/www.nexoinformativo.mx\/#website\"},\"primaryImageOfPage\":{\"@id\":\"https:\/\/www.nexoinformativo.mx\/index.php\/2024\/08\/31\/todo-un-exito-la-decimo-tercera-carrera-nocturna-cgv-2024-en-queretaro\/#primaryimage\"},\"image\":{\"@id\":\"https:\/\/www.nexoinformativo.mx\/index.php\/2024\/08\/31\/todo-un-exito-la-decimo-tercera-carrera-nocturna-cgv-2024-en-queretaro\/#primaryimage\"},\"thumbnailUrl\":\"https:\/\/www.nexoinformativo.mx\/wp-content\/uploads\/2024\/09\/IMG-20240901-WA0011-e1725224113742.jpg\",\"datePublished\":\"2024-09-01T04:30:31+00:00\",\"dateModified\":\"2024-09-01T21:06:48+00:00\",\"description\":\"Todo un \u00e9xito la D\u00e9cimo Tercera Carrera Nocturna CGV 2024 en Quer\u00e9taro\",\"breadcrumb\":{\"@id\":\"https:\/\/www.nexoinformativo.mx\/index.php\/2024\/08\/31\/todo-un-exito-la-decimo-tercera-carrera-nocturna-cgv-2024-en-queretaro\/#breadcrumb\"},\"inLanguage\":\"es\",\"potentialAction\":[{\"@type\":\"ReadAction\",\"target\":[\"https:\/\/www.nexoinformativo.mx\/index.php\/2024\/08\/31\/todo-un-exito-la-decimo-tercera-carrera-nocturna-cgv-2024-en-queretaro\/\"]}]},{\"@type\":\"ImageObject\",\"inLanguage\":\"es\",\"@id\":\"https:\/\/www.nexoinformativo.mx\/index.php\/2024\/08\/31\/todo-un-exito-la-decimo-tercera-carrera-nocturna-cgv-2024-en-queretaro\/#primaryimage\",\"url\":\"https:\/\/www.nexoinformativo.mx\/wp-content\/uploads\/2024\/09\/IMG-20240901-WA0011-e1725224113742.jpg\",\"contentUrl\":\"https:\/\/www.nexoinformativo.mx\/wp-content\/uploads\/2024\/09\/IMG-20240901-WA0011-e1725224113742.jpg\",\"width\":800,\"height\":533},{\"@type\":\"BreadcrumbList\",\"@id\":\"https:\/\/www.nexoinformativo.mx\/index.php\/2024\/08\/31\/todo-un-exito-la-decimo-tercera-carrera-nocturna-cgv-2024-en-queretaro\/#breadcrumb\",\"itemListElement\":[{\"@type\":\"ListItem\",\"position\":1,\"name\":\"Inicio\",\"item\":\"https:\/\/www.nexoinformativo.mx\/\"},{\"@type\":\"ListItem\",\"position\":2,\"name\":\"Todo un \u00e9xito la D\u00e9cimo Tercera Carrera Nocturna CGV 2024 en Quer\u00e9taro\"}]},{\"@type\":\"WebSite\",\"@id\":\"https:\/\/www.nexoinformativo.mx\/#website\",\"url\":\"https:\/\/www.nexoinformativo.mx\/\",\"name\":\"Nexo Informativo Santiago de Quer\u00e9taro\",\"description\":\"Explora NexoInformativo y convi\u00e9rtete en parte de una comunidad que valora el conocimiento y la verdad. Tu nexoinformativo es tu puente hacia una comprensi\u00f3n m\u00e1s profunda del mundo que te rodea.\",\"publisher\":{\"@id\":\"https:\/\/www.nexoinformativo.mx\/#organization\"},\"potentialAction\":[{\"@type\":\"SearchAction\",\"target\":{\"@type\":\"EntryPoint\",\"urlTemplate\":\"https:\/\/www.nexoinformativo.mx\/?s={search_term_string}\"},\"query-input\":{\"@type\":\"PropertyValueSpecification\",\"valueRequired\":true,\"valueName\":\"search_term_string\"}}],\"inLanguage\":\"es\"},{\"@type\":\"Organization\",\"@id\":\"https:\/\/www.nexoinformativo.mx\/#organization\",\"name\":\"Nexo Informativo Santiago de Quer\u00e9taro\",\"url\":\"https:\/\/www.nexoinformativo.mx\/\",\"logo\":{\"@type\":\"ImageObject\",\"inLanguage\":\"es\",\"@id\":\"https:\/\/www.nexoinformativo.mx\/#\/schema\/logo\/image\/\",\"url\":\"https:\/\/www.nexoinformativo.mx\/wp-content\/uploads\/2024\/07\/nexoi-trasparente-2.png\",\"contentUrl\":\"https:\/\/www.nexoinformativo.mx\/wp-content\/uploads\/2024\/07\/nexoi-trasparente-2.png\",\"width\":816,\"height\":339,\"caption\":\"Nexo Informativo Santiago de Quer\u00e9taro\"},\"image\":{\"@id\":\"https:\/\/www.nexoinformativo.mx\/#\/schema\/logo\/image\/\"},\"sameAs\":[\"https:\/\/www.facebook.com\/people\/Nexo-Informativo\/61564066885511\/\"]},{\"@type\":\"Person\",\"@id\":\"https:\/\/www.nexoinformativo.mx\/#\/schema\/person\/4beeb8fa2c46efc230191fd4030766b5\",\"name\":\"admin\",\"image\":{\"@type\":\"ImageObject\",\"inLanguage\":\"es\",\"@id\":\"https:\/\/www.nexoinformativo.mx\/#\/schema\/person\/image\/\",\"url\":\"https:\/\/secure.gravatar.com\/avatar\/58054e91f5151d6a21f8409a1d615488226bb336a676ff34638f345cfb020b66?s=96&d=mm&r=g\",\"contentUrl\":\"https:\/\/secure.gravatar.com\/avatar\/58054e91f5151d6a21f8409a1d615488226bb336a676ff34638f345cfb020b66?s=96&d=mm&r=g\",\"caption\":\"admin\"},\"url\":\"https:\/\/www.nexoinformativo.mx\/index.php\/author\/admin\/\"}]}<\/script>\n<!-- \/ Yoast SEO plugin. -->","yoast_head_json":{"title":"Todo un \u00e9xito la D\u00e9cimo Tercera Carrera Nocturna CGV 2024 en Quer\u00e9taro | Nexo Informativo Santiago de Quer\u00e9taro","description":"Todo un \u00e9xito la D\u00e9cimo Tercera Carrera Nocturna CGV 2024 en Quer\u00e9taro","robots":{"index":"index","follow":"follow","max-snippet":"max-snippet:-1","max-image-preview":"max-image-preview:large","max-video-preview":"max-video-preview:-1"},"canonical":"https:\/\/www.nexoinformativo.mx\/index.php\/2024\/08\/31\/todo-un-exito-la-decimo-tercera-carrera-nocturna-cgv-2024-en-queretaro\/","og_locale":"es_MX","og_type":"article","og_title":"Todo un \u00e9xito la D\u00e9cimo Tercera Carrera Nocturna CGV 2024 en Quer\u00e9taro | Nexo Informativo Santiago de Quer\u00e9taro","og_description":"Todo un \u00e9xito la D\u00e9cimo Tercera Carrera Nocturna CGV 2024 en Quer\u00e9taro","og_url":"https:\/\/www.nexoinformativo.mx\/index.php\/2024\/08\/31\/todo-un-exito-la-decimo-tercera-carrera-nocturna-cgv-2024-en-queretaro\/","og_site_name":"Nexo Informativo Santiago de Quer\u00e9taro","article_publisher":"https:\/\/www.facebook.com\/people\/Nexo-Informativo\/61564066885511\/","article_published_time":"2024-09-01T04:30:31+00:00","article_modified_time":"2024-09-01T21:06:48+00:00","og_image":[{"width":800,"height":533,"url":"https:\/\/www.nexoinformativo.mx\/wp-content\/uploads\/2024\/09\/IMG-20240901-WA0011-e1725224113742.jpg","type":"image\/jpeg"}],"author":"admin","twitter_card":"summary_large_image","twitter_misc":{"Escrito por":"admin","Tiempo de lectura":"2 minutos"},"schema":{"@context":"https:\/\/schema.org","@graph":[{"@type":"Article","@id":"https:\/\/www.nexoinformativo.mx\/index.php\/2024\/08\/31\/todo-un-exito-la-decimo-tercera-carrera-nocturna-cgv-2024-en-queretaro\/#article","isPartOf":{"@id":"https:\/\/www.nexoinformativo.mx\/index.php\/2024\/08\/31\/todo-un-exito-la-decimo-tercera-carrera-nocturna-cgv-2024-en-queretaro\/"},"author":{"name":"admin","@id":"https:\/\/www.nexoinformativo.mx\/#\/schema\/person\/4beeb8fa2c46efc230191fd4030766b5"},"headline":"Todo un \u00e9xito la D\u00e9cimo Tercera Carrera Nocturna CGV 2024 en Quer\u00e9taro","datePublished":"2024-09-01T04:30:31+00:00","dateModified":"2024-09-01T21:06:48+00:00","mainEntityOfPage":{"@id":"https:\/\/www.nexoinformativo.mx\/index.php\/2024\/08\/31\/todo-un-exito-la-decimo-tercera-carrera-nocturna-cgv-2024-en-queretaro\/"},"wordCount":212,"commentCount":0,"publisher":{"@id":"https:\/\/www.nexoinformativo.mx\/#organization"},"image":{"@id":"https:\/\/www.nexoinformativo.mx\/index.php\/2024\/08\/31\/todo-un-exito-la-decimo-tercera-carrera-nocturna-cgv-2024-en-queretaro\/#primaryimage"},"thumbnailUrl":"https:\/\/www.nexoinformativo.mx\/wp-content\/uploads\/2024\/09\/IMG-20240901-WA0011-e1725224113742.jpg","keywords":["CarreraNocturnaCGV2024","DeporteEnQuer\u00e9taro","NocheDeCarrera","Quer\u00e9taroSeMueve","Uni\u00f3nFamiliar"],"articleSection":["Municipios"],"inLanguage":"es","potentialAction":[{"@type":"CommentAction","name":"Comment","target":["https:\/\/www.nexoinformativo.mx\/index.php\/2024\/08\/31\/todo-un-exito-la-decimo-tercera-carrera-nocturna-cgv-2024-en-queretaro\/#respond"]}]},{"@type":"WebPage","@id":"https:\/\/www.nexoinformativo.mx\/index.php\/2024\/08\/31\/todo-un-exito-la-decimo-tercera-carrera-nocturna-cgv-2024-en-queretaro\/","url":"https:\/\/www.nexoinformativo.mx\/index.php\/2024\/08\/31\/todo-un-exito-la-decimo-tercera-carrera-nocturna-cgv-2024-en-queretaro\/","name":"Todo un \u00e9xito la D\u00e9cimo Tercera Carrera Nocturna CGV 2024 en Quer\u00e9taro | Nexo Informativo Santiago de Quer\u00e9taro","isPartOf":{"@id":"https:\/\/www.nexoinformativo.mx\/#website"},"primaryImageOfPage":{"@id":"https:\/\/www.nexoinformativo.mx\/index.php\/2024\/08\/31\/todo-un-exito-la-decimo-tercera-carrera-nocturna-cgv-2024-en-queretaro\/#primaryimage"},"image":{"@id":"https:\/\/www.nexoinformativo.mx\/index.php\/2024\/08\/31\/todo-un-exito-la-decimo-tercera-carrera-nocturna-cgv-2024-en-queretaro\/#primaryimage"},"thumbnailUrl":"https:\/\/www.nexoinformativo.mx\/wp-content\/uploads\/2024\/09\/IMG-20240901-WA0011-e1725224113742.jpg","datePublished":"2024-09-01T04:30:31+00:00","dateModified":"2024-09-01T21:06:48+00:00","description":"Todo un \u00e9xito la D\u00e9cimo Tercera Carrera Nocturna CGV 2024 en Quer\u00e9taro","breadcrumb":{"@id":"https:\/\/www.nexoinformativo.mx\/index.php\/2024\/08\/31\/todo-un-exito-la-decimo-tercera-carrera-nocturna-cgv-2024-en-queretaro\/#breadcrumb"},"inLanguage":"es","potentialAction":[{"@type":"ReadAction","target":["https:\/\/www.nexoinformativo.mx\/index.php\/2024\/08\/31\/todo-un-exito-la-decimo-tercera-carrera-nocturna-cgv-2024-en-queretaro\/"]}]},{"@type":"ImageObject","inLanguage":"es","@id":"https:\/\/www.nexoinformativo.mx\/index.php\/2024\/08\/31\/todo-un-exito-la-decimo-tercera-carrera-nocturna-cgv-2024-en-queretaro\/#primaryimage","url":"https:\/\/www.nexoinformativo.mx\/wp-content\/uploads\/2024\/09\/IMG-20240901-WA0011-e1725224113742.jpg","contentUrl":"https:\/\/www.nexoinformativo.mx\/wp-content\/uploads\/2024\/09\/IMG-20240901-WA0011-e1725224113742.jpg","width":800,"height":533},{"@type":"BreadcrumbList","@id":"https:\/\/www.nexoinformativo.mx\/index.php\/2024\/08\/31\/todo-un-exito-la-decimo-tercera-carrera-nocturna-cgv-2024-en-queretaro\/#breadcrumb","itemListElement":[{"@type":"ListItem","position":1,"name":"Inicio","item":"https:\/\/www.nexoinformativo.mx\/"},{"@type":"ListItem","position":2,"name":"Todo un \u00e9xito la D\u00e9cimo Tercera Carrera Nocturna CGV 2024 en Quer\u00e9taro"}]},{"@type":"WebSite","@id":"https:\/\/www.nexoinformativo.mx\/#website","url":"https:\/\/www.nexoinformativo.mx\/","name":"Nexo Informativo Santiago de Quer\u00e9taro","description":"Explora NexoInformativo y convi\u00e9rtete en parte de una comunidad que valora el conocimiento y la verdad. Tu nexoinformativo es tu puente hacia una comprensi\u00f3n m\u00e1s profunda del mundo que te rodea.","publisher":{"@id":"https:\/\/www.nexoinformativo.mx\/#organization"},"potentialAction":[{"@type":"SearchAction","target":{"@type":"EntryPoint","urlTemplate":"https:\/\/www.nexoinformativo.mx\/?s={search_term_string}"},"query-input":{"@type":"PropertyValueSpecification","valueRequired":true,"valueName":"search_term_string"}}],"inLanguage":"es"},{"@type":"Organization","@id":"https:\/\/www.nexoinformativo.mx\/#organization","name":"Nexo Informativo Santiago de Quer\u00e9taro","url":"https:\/\/www.nexoinformativo.mx\/","logo":{"@type":"ImageObject","inLanguage":"es","@id":"https:\/\/www.nexoinformativo.mx\/#\/schema\/logo\/image\/","url":"https:\/\/www.nexoinformativo.mx\/wp-content\/uploads\/2024\/07\/nexoi-trasparente-2.png","contentUrl":"https:\/\/www.nexoinformativo.mx\/wp-content\/uploads\/2024\/07\/nexoi-trasparente-2.png","width":816,"height":339,"caption":"Nexo Informativo Santiago de Quer\u00e9taro"},"image":{"@id":"https:\/\/www.nexoinformativo.mx\/#\/schema\/logo\/image\/"},"sameAs":["https:\/\/www.facebook.com\/people\/Nexo-Informativo\/61564066885511\/"]},{"@type":"Person","@id":"https:\/\/www.nexoinformativo.mx\/#\/schema\/person\/4beeb8fa2c46efc230191fd4030766b5","name":"admin","image":{"@type":"ImageObject","inLanguage":"es","@id":"https:\/\/www.nexoinformativo.mx\/#\/schema\/person\/image\/","url":"https:\/\/secure.gravatar.com\/avatar\/58054e91f5151d6a21f8409a1d615488226bb336a676ff34638f345cfb020b66?s=96&d=mm&r=g","contentUrl":"https:\/\/secure.gravatar.com\/avatar\/58054e91f5151d6a21f8409a1d615488226bb336a676ff34638f345cfb020b66?s=96&d=mm&r=g","caption":"admin"},"url":"https:\/\/www.nexoinformativo.mx\/index.php\/author\/admin\/"}]}},"_links":{"self":[{"href":"https:\/\/www.nexoinformativo.mx\/index.php\/wp-json\/wp\/v2\/posts\/1373","targetHints":{"allow":["GET"]}}],"collection":[{"href":"https:\/\/www.nexoinformativo.mx\/index.php\/wp-json\/wp\/v2\/posts"}],"about":[{"href":"https:\/\/www.nexoinformativo.mx\/index.php\/wp-json\/wp\/v2\/types\/post"}],"author":[{"embeddable":true,"href":"https:\/\/www.nexoinformativo.mx\/index.php\/wp-json\/wp\/v2\/users\/2"}],"replies":[{"embeddable":true,"href":"https:\/\/www.nexoinformativo.mx\/index.php\/wp-json\/wp\/v2\/comments?post=1373"}],"version-history":[{"count":4,"href":"https:\/\/www.nexoinformativo.mx\/index.php\/wp-json\/wp\/v2\/posts\/1373\/revisions"}],"predecessor-version":[{"id":1379,"href":"https:\/\/www.nexoinformativo.mx\/index.php\/wp-json\/wp\/v2\/posts\/1373\/revisions\/1379"}],"wp:featuredmedia":[{"embeddable":true,"href":"https:\/\/www.nexoinformativo.mx\/index.php\/wp-json\/wp\/v2\/media\/1372"}],"wp:attachment":[{"href":"https:\/\/www.nexoinformativo.mx\/index.php\/wp-json\/wp\/v2\/media?parent=1373"}],"wp:term":[{"taxonomy":"category","embeddable":true,"href":"https:\/\/www.nexoinformativo.mx\/index.php\/wp-json\/wp\/v2\/categories?post=1373"},{"taxonomy":"post_tag","embeddable":true,"href":"https:\/\/www.nexoinformativo.mx\/index.php\/wp-json\/wp\/v2\/tags?post=1373"}],"curies":[{"name":"wp","href":"https:\/\/api.w.org\/{rel}","templated":true}]}}