{"id":13773,"date":"2025-04-06T13:00:24","date_gmt":"2025-04-06T19:00:24","guid":{"rendered":"https:\/\/www.nexoinformativo.mx\/?p=13773"},"modified":"2025-04-06T19:15:40","modified_gmt":"2025-04-07T01:15:40","slug":"mexico-en-guardia-con-42-mil-en-el-zocalo-y-todo-mexico-se-unen-por-la-paz-con-el-boxeo","status":"publish","type":"post","link":"https:\/\/www.nexoinformativo.mx\/index.php\/2025\/04\/06\/mexico-en-guardia-con-42-mil-en-el-zocalo-y-todo-mexico-se-unen-por-la-paz-con-el-boxeo\/","title":{"rendered":"M\u00e9xico en Guardia con 42 Mil en el Z\u00f3calo y todo M\u00e9xico se unen por la Paz con el Boxeo"},"content":{"rendered":"<p style=\"text-align: justify;\" data-sourcepos=\"11:1-11:429\">Con un Z\u00f3calo capitalino vibrante y te\u00f1ido de tricolor por la presencia de 42 mil personas, la Presidenta Claudia Sheinbaum encabez\u00f3 el arranque simult\u00e1neo de la Clase Nacional de Boxeo en todas las plazas p\u00fablicas del pa\u00eds. Este evento masivo, transmitido en enlace a las 32 entidades de la Rep\u00fablica.<\/p>\n<p>&nbsp;<\/p>\n<p style=\"text-align: justify;\" data-sourcepos=\"13:1-13:422\">&#8220;Esta clase es un mensaje a todo M\u00e9xico y a todo el mundo. En M\u00e9xico construimos paz, prosperidad y elegimos siempre ser un pa\u00eds libre, independiente y soberano&#8221;, afirm\u00f3 la Presidenta Sheinbaum ante la multitud entusiasta.<\/p>\n<\/p>\n<p>&nbsp;<\/p>\n<p style=\"text-align: justify;\" data-sourcepos=\"13:1-13:422\">Destac\u00f3 que esta iniciativa demuestra que M\u00e9xico es un pa\u00eds que apuesta por la educaci\u00f3n, el deporte, la paz y el amor, rechazando la violencia, las adicciones, el racismo, el clasismo y el machismo.<\/p>\n<p>&nbsp;<\/p>\n<p style=\"text-align: justify;\" data-sourcepos=\"15:1-15:437\">La Jefa del Ejecutivo Federal subray\u00f3 que la Clase Nacional de Boxeo es un claro ejemplo de c\u00f3mo el deporte empodera a las personas, haci\u00e9ndolas m\u00e1s libres, sanas y felices.<\/p>\n<\/p>\n<p>&nbsp;<\/p>\n<p style=\"text-align: justify;\" data-sourcepos=\"15:1-15:437\">&#8220;La Clase Nacional de Boxeo muestra que el deporte nos hace m\u00e1s libres, m\u00e1s sanos y m\u00e1s felices; muestra que cuando nos organizamos nada es imposible; muestra que el pueblo de M\u00e9xico es valiente y glorioso. M\u00e9xico es maravilloso. Como M\u00e9xico, no hay dos&#8221;, agreg\u00f3.<\/p>\n<p>&nbsp;<\/p>\n<p style=\"text-align: justify;\" data-sourcepos=\"17:1-17:392\">El evento cont\u00f3 con la presencia de leyendas del boxeo mexicano como Julio C\u00e9sar Ch\u00e1vez, Rub\u00e9n &#8220;P\u00faas&#8221; Olivares y Marco Antonio Barrera, as\u00ed como el campe\u00f3n mundial Oscar de la Hoya, quien alent\u00f3 a los participantes a decir &#8220;no a las adicciones; s\u00ed al boxeo&#8221;.<\/p>\n<p>&nbsp;<\/p>\n<p style=\"text-align: center;\" data-sourcepos=\"17:1-17:392\"><em><strong>\u00a1Informaci\u00f3n que transforma!<\/strong><\/em><\/p>\n","protected":false},"excerpt":{"rendered":"<p>Con un Z\u00f3calo capitalino vibrante y te\u00f1ido de tricolor por la presencia de 42 mil personas, la Presidenta Claudia Sheinbaum encabez\u00f3 el arranque simult\u00e1neo de la Clase Nacional de Boxeo en todas las plazas p\u00fablicas del pa\u00eds. Este evento masivo, transmitido en enlace a las 32 entidades de la Rep\u00fablica, se enmarca dentro del eje de Atenci\u00f3n a las causas de la Estrategia Nacional de Seguridad.<\/p>\n","protected":false},"author":3,"featured_media":13774,"comment_status":"open","ping_status":"open","sticky":false,"template":"","format":"standard","meta":{"footnotes":""},"categories":[88,58],"tags":[3672,3922,1256,311],"class_list":["post-13773","post","type-post","status-publish","format-standard","has-post-thumbnail","hentry","category-nacional","category-ultima-hora","tag-boxeoporlapaz","tag-clasenacionaldeboxeo","tag-sheinbaum","tag-vivamexico"],"yoast_head":"<!-- This site is optimized with the Yoast SEO plugin v25.0 - https:\/\/yoast.com\/wordpress\/plugins\/seo\/ -->\n<title>M\u00e9xico en Guardia con 42 Mil en el Z\u00f3calo y todo M\u00e9xico se unen por la Paz con el Boxeo | Nexo Informativo Santiago de Quer\u00e9taro<\/title>\n<meta name=\"description\" content=\"M\u00e9xico en Guardia con 42 Mil en el Z\u00f3calo y todo M\u00e9xico se unen por la Paz con el Boxeo\" \/>\n<meta name=\"robots\" content=\"index, follow, max-snippet:-1, max-image-preview:large, max-video-preview:-1\" \/>\n<link rel=\"canonical\" href=\"https:\/\/www.nexoinformativo.mx\/index.php\/2025\/04\/06\/mexico-en-guardia-con-42-mil-en-el-zocalo-y-todo-mexico-se-unen-por-la-paz-con-el-boxeo\/\" \/>\n<meta property=\"og:locale\" content=\"es_MX\" \/>\n<meta property=\"og:type\" content=\"article\" \/>\n<meta property=\"og:title\" content=\"M\u00e9xico en Guardia con 42 Mil en el Z\u00f3calo y todo M\u00e9xico se unen por la Paz con el Boxeo | Nexo Informativo Santiago de Quer\u00e9taro\" \/>\n<meta property=\"og:description\" content=\"M\u00e9xico en Guardia con 42 Mil en el Z\u00f3calo y todo M\u00e9xico se unen por la Paz con el Boxeo\" \/>\n<meta property=\"og:url\" content=\"https:\/\/www.nexoinformativo.mx\/index.php\/2025\/04\/06\/mexico-en-guardia-con-42-mil-en-el-zocalo-y-todo-mexico-se-unen-por-la-paz-con-el-boxeo\/\" \/>\n<meta property=\"og:site_name\" content=\"Nexo Informativo Santiago de Quer\u00e9taro\" \/>\n<meta property=\"article:publisher\" content=\"https:\/\/www.facebook.com\/people\/Nexo-Informativo\/61564066885511\/\" \/>\n<meta property=\"article:published_time\" content=\"2025-04-06T19:00:24+00:00\" \/>\n<meta property=\"article:modified_time\" content=\"2025-04-07T01:15:40+00:00\" \/>\n<meta property=\"og:image\" content=\"https:\/\/www.nexoinformativo.mx\/wp-content\/uploads\/2025\/04\/IMG_2150.jpg\" \/>\n\t<meta property=\"og:image:width\" content=\"650\" \/>\n\t<meta property=\"og:image:height\" content=\"380\" \/>\n\t<meta property=\"og:image:type\" content=\"image\/jpeg\" \/>\n<meta name=\"author\" content=\"Nexo Informativo\" \/>\n<meta name=\"twitter:card\" content=\"summary_large_image\" \/>\n<meta name=\"twitter:label1\" content=\"Escrito por\" \/>\n\t<meta name=\"twitter:data1\" content=\"Nexo Informativo\" \/>\n\t<meta name=\"twitter:label2\" content=\"Tiempo de lectura\" \/>\n\t<meta name=\"twitter:data2\" content=\"2 minutos\" \/>\n<script type=\"application\/ld+json\" class=\"yoast-schema-graph\">{\"@context\":\"https:\/\/schema.org\",\"@graph\":[{\"@type\":\"Article\",\"@id\":\"https:\/\/www.nexoinformativo.mx\/index.php\/2025\/04\/06\/mexico-en-guardia-con-42-mil-en-el-zocalo-y-todo-mexico-se-unen-por-la-paz-con-el-boxeo\/#article\",\"isPartOf\":{\"@id\":\"https:\/\/www.nexoinformativo.mx\/index.php\/2025\/04\/06\/mexico-en-guardia-con-42-mil-en-el-zocalo-y-todo-mexico-se-unen-por-la-paz-con-el-boxeo\/\"},\"author\":{\"name\":\"Nexo Informativo\",\"@id\":\"https:\/\/www.nexoinformativo.mx\/#\/schema\/person\/7749d380ba08c8ca00d7bc76fd907b7d\"},\"headline\":\"M\u00e9xico en Guardia con 42 Mil en el Z\u00f3calo y todo M\u00e9xico se unen por la Paz con el Boxeo\",\"datePublished\":\"2025-04-06T19:00:24+00:00\",\"dateModified\":\"2025-04-07T01:15:40+00:00\",\"mainEntityOfPage\":{\"@id\":\"https:\/\/www.nexoinformativo.mx\/index.php\/2025\/04\/06\/mexico-en-guardia-con-42-mil-en-el-zocalo-y-todo-mexico-se-unen-por-la-paz-con-el-boxeo\/\"},\"wordCount\":296,\"commentCount\":0,\"publisher\":{\"@id\":\"https:\/\/www.nexoinformativo.mx\/#organization\"},\"image\":{\"@id\":\"https:\/\/www.nexoinformativo.mx\/index.php\/2025\/04\/06\/mexico-en-guardia-con-42-mil-en-el-zocalo-y-todo-mexico-se-unen-por-la-paz-con-el-boxeo\/#primaryimage\"},\"thumbnailUrl\":\"https:\/\/www.nexoinformativo.mx\/wp-content\/uploads\/2025\/04\/IMG_2150.jpg\",\"keywords\":[\"BoxeoPorLaPaz\",\"ClaseNacionalDeBoxeo\",\"Sheinbaum\",\"VivaM\u00e9xico\"],\"articleSection\":[\"Nacional\",\"\u00daltima Hora\"],\"inLanguage\":\"es\",\"potentialAction\":[{\"@type\":\"CommentAction\",\"name\":\"Comment\",\"target\":[\"https:\/\/www.nexoinformativo.mx\/index.php\/2025\/04\/06\/mexico-en-guardia-con-42-mil-en-el-zocalo-y-todo-mexico-se-unen-por-la-paz-con-el-boxeo\/#respond\"]}]},{\"@type\":\"WebPage\",\"@id\":\"https:\/\/www.nexoinformativo.mx\/index.php\/2025\/04\/06\/mexico-en-guardia-con-42-mil-en-el-zocalo-y-todo-mexico-se-unen-por-la-paz-con-el-boxeo\/\",\"url\":\"https:\/\/www.nexoinformativo.mx\/index.php\/2025\/04\/06\/mexico-en-guardia-con-42-mil-en-el-zocalo-y-todo-mexico-se-unen-por-la-paz-con-el-boxeo\/\",\"name\":\"M\u00e9xico en Guardia con 42 Mil en el Z\u00f3calo y todo M\u00e9xico se unen por la Paz con el Boxeo | Nexo Informativo Santiago de Quer\u00e9taro\",\"isPartOf\":{\"@id\":\"https:\/\/www.nexoinformativo.mx\/#website\"},\"primaryImageOfPage\":{\"@id\":\"https:\/\/www.nexoinformativo.mx\/index.php\/2025\/04\/06\/mexico-en-guardia-con-42-mil-en-el-zocalo-y-todo-mexico-se-unen-por-la-paz-con-el-boxeo\/#primaryimage\"},\"image\":{\"@id\":\"https:\/\/www.nexoinformativo.mx\/index.php\/2025\/04\/06\/mexico-en-guardia-con-42-mil-en-el-zocalo-y-todo-mexico-se-unen-por-la-paz-con-el-boxeo\/#primaryimage\"},\"thumbnailUrl\":\"https:\/\/www.nexoinformativo.mx\/wp-content\/uploads\/2025\/04\/IMG_2150.jpg\",\"datePublished\":\"2025-04-06T19:00:24+00:00\",\"dateModified\":\"2025-04-07T01:15:40+00:00\",\"description\":\"M\u00e9xico en Guardia con 42 Mil en el Z\u00f3calo y todo M\u00e9xico se unen por la Paz con el Boxeo\",\"breadcrumb\":{\"@id\":\"https:\/\/www.nexoinformativo.mx\/index.php\/2025\/04\/06\/mexico-en-guardia-con-42-mil-en-el-zocalo-y-todo-mexico-se-unen-por-la-paz-con-el-boxeo\/#breadcrumb\"},\"inLanguage\":\"es\",\"potentialAction\":[{\"@type\":\"ReadAction\",\"target\":[\"https:\/\/www.nexoinformativo.mx\/index.php\/2025\/04\/06\/mexico-en-guardia-con-42-mil-en-el-zocalo-y-todo-mexico-se-unen-por-la-paz-con-el-boxeo\/\"]}]},{\"@type\":\"ImageObject\",\"inLanguage\":\"es\",\"@id\":\"https:\/\/www.nexoinformativo.mx\/index.php\/2025\/04\/06\/mexico-en-guardia-con-42-mil-en-el-zocalo-y-todo-mexico-se-unen-por-la-paz-con-el-boxeo\/#primaryimage\",\"url\":\"https:\/\/www.nexoinformativo.mx\/wp-content\/uploads\/2025\/04\/IMG_2150.jpg\",\"contentUrl\":\"https:\/\/www.nexoinformativo.mx\/wp-content\/uploads\/2025\/04\/IMG_2150.jpg\",\"width\":650,\"height\":380},{\"@type\":\"BreadcrumbList\",\"@id\":\"https:\/\/www.nexoinformativo.mx\/index.php\/2025\/04\/06\/mexico-en-guardia-con-42-mil-en-el-zocalo-y-todo-mexico-se-unen-por-la-paz-con-el-boxeo\/#breadcrumb\",\"itemListElement\":[{\"@type\":\"ListItem\",\"position\":1,\"name\":\"Inicio\",\"item\":\"https:\/\/www.nexoinformativo.mx\/\"},{\"@type\":\"ListItem\",\"position\":2,\"name\":\"M\u00e9xico en Guardia con 42 Mil en el Z\u00f3calo y todo M\u00e9xico se unen por la Paz con el Boxeo\"}]},{\"@type\":\"WebSite\",\"@id\":\"https:\/\/www.nexoinformativo.mx\/#website\",\"url\":\"https:\/\/www.nexoinformativo.mx\/\",\"name\":\"Nexo Informativo Santiago de Quer\u00e9taro\",\"description\":\"Explora NexoInformativo y convi\u00e9rtete en parte de una comunidad que valora el conocimiento y la verdad. Tu nexoinformativo es tu puente hacia una comprensi\u00f3n m\u00e1s profunda del mundo que te rodea.\",\"publisher\":{\"@id\":\"https:\/\/www.nexoinformativo.mx\/#organization\"},\"potentialAction\":[{\"@type\":\"SearchAction\",\"target\":{\"@type\":\"EntryPoint\",\"urlTemplate\":\"https:\/\/www.nexoinformativo.mx\/?s={search_term_string}\"},\"query-input\":{\"@type\":\"PropertyValueSpecification\",\"valueRequired\":true,\"valueName\":\"search_term_string\"}}],\"inLanguage\":\"es\"},{\"@type\":\"Organization\",\"@id\":\"https:\/\/www.nexoinformativo.mx\/#organization\",\"name\":\"Nexo Informativo Santiago de Quer\u00e9taro\",\"url\":\"https:\/\/www.nexoinformativo.mx\/\",\"logo\":{\"@type\":\"ImageObject\",\"inLanguage\":\"es\",\"@id\":\"https:\/\/www.nexoinformativo.mx\/#\/schema\/logo\/image\/\",\"url\":\"https:\/\/www.nexoinformativo.mx\/wp-content\/uploads\/2024\/07\/nexoi-trasparente-2.png\",\"contentUrl\":\"https:\/\/www.nexoinformativo.mx\/wp-content\/uploads\/2024\/07\/nexoi-trasparente-2.png\",\"width\":816,\"height\":339,\"caption\":\"Nexo Informativo Santiago de Quer\u00e9taro\"},\"image\":{\"@id\":\"https:\/\/www.nexoinformativo.mx\/#\/schema\/logo\/image\/\"},\"sameAs\":[\"https:\/\/www.facebook.com\/people\/Nexo-Informativo\/61564066885511\/\"]},{\"@type\":\"Person\",\"@id\":\"https:\/\/www.nexoinformativo.mx\/#\/schema\/person\/7749d380ba08c8ca00d7bc76fd907b7d\",\"name\":\"Nexo Informativo\",\"image\":{\"@type\":\"ImageObject\",\"inLanguage\":\"es\",\"@id\":\"https:\/\/www.nexoinformativo.mx\/#\/schema\/person\/image\/\",\"url\":\"https:\/\/secure.gravatar.com\/avatar\/dde2928154642a13d95f87ddf1ea9718fe2b46760a005c53e41ff5ad610704e6?s=96&d=mm&r=g\",\"contentUrl\":\"https:\/\/secure.gravatar.com\/avatar\/dde2928154642a13d95f87ddf1ea9718fe2b46760a005c53e41ff5ad610704e6?s=96&d=mm&r=g\",\"caption\":\"Nexo Informativo\"},\"url\":\"https:\/\/www.nexoinformativo.mx\/index.php\/author\/edicion\/\"}]}<\/script>\n<!-- \/ Yoast SEO plugin. -->","yoast_head_json":{"title":"M\u00e9xico en Guardia con 42 Mil en el Z\u00f3calo y todo M\u00e9xico se unen por la Paz con el Boxeo | Nexo Informativo Santiago de Quer\u00e9taro","description":"M\u00e9xico en Guardia con 42 Mil en el Z\u00f3calo y todo M\u00e9xico se unen por la Paz con el Boxeo","robots":{"index":"index","follow":"follow","max-snippet":"max-snippet:-1","max-image-preview":"max-image-preview:large","max-video-preview":"max-video-preview:-1"},"canonical":"https:\/\/www.nexoinformativo.mx\/index.php\/2025\/04\/06\/mexico-en-guardia-con-42-mil-en-el-zocalo-y-todo-mexico-se-unen-por-la-paz-con-el-boxeo\/","og_locale":"es_MX","og_type":"article","og_title":"M\u00e9xico en Guardia con 42 Mil en el Z\u00f3calo y todo M\u00e9xico se unen por la Paz con el Boxeo | Nexo Informativo Santiago de Quer\u00e9taro","og_description":"M\u00e9xico en Guardia con 42 Mil en el Z\u00f3calo y todo M\u00e9xico se unen por la Paz con el Boxeo","og_url":"https:\/\/www.nexoinformativo.mx\/index.php\/2025\/04\/06\/mexico-en-guardia-con-42-mil-en-el-zocalo-y-todo-mexico-se-unen-por-la-paz-con-el-boxeo\/","og_site_name":"Nexo Informativo Santiago de Quer\u00e9taro","article_publisher":"https:\/\/www.facebook.com\/people\/Nexo-Informativo\/61564066885511\/","article_published_time":"2025-04-06T19:00:24+00:00","article_modified_time":"2025-04-07T01:15:40+00:00","og_image":[{"width":650,"height":380,"url":"https:\/\/www.nexoinformativo.mx\/wp-content\/uploads\/2025\/04\/IMG_2150.jpg","type":"image\/jpeg"}],"author":"Nexo Informativo","twitter_card":"summary_large_image","twitter_misc":{"Escrito por":"Nexo Informativo","Tiempo de lectura":"2 minutos"},"schema":{"@context":"https:\/\/schema.org","@graph":[{"@type":"Article","@id":"https:\/\/www.nexoinformativo.mx\/index.php\/2025\/04\/06\/mexico-en-guardia-con-42-mil-en-el-zocalo-y-todo-mexico-se-unen-por-la-paz-con-el-boxeo\/#article","isPartOf":{"@id":"https:\/\/www.nexoinformativo.mx\/index.php\/2025\/04\/06\/mexico-en-guardia-con-42-mil-en-el-zocalo-y-todo-mexico-se-unen-por-la-paz-con-el-boxeo\/"},"author":{"name":"Nexo Informativo","@id":"https:\/\/www.nexoinformativo.mx\/#\/schema\/person\/7749d380ba08c8ca00d7bc76fd907b7d"},"headline":"M\u00e9xico en Guardia con 42 Mil en el Z\u00f3calo y todo M\u00e9xico se unen por la Paz con el Boxeo","datePublished":"2025-04-06T19:00:24+00:00","dateModified":"2025-04-07T01:15:40+00:00","mainEntityOfPage":{"@id":"https:\/\/www.nexoinformativo.mx\/index.php\/2025\/04\/06\/mexico-en-guardia-con-42-mil-en-el-zocalo-y-todo-mexico-se-unen-por-la-paz-con-el-boxeo\/"},"wordCount":296,"commentCount":0,"publisher":{"@id":"https:\/\/www.nexoinformativo.mx\/#organization"},"image":{"@id":"https:\/\/www.nexoinformativo.mx\/index.php\/2025\/04\/06\/mexico-en-guardia-con-42-mil-en-el-zocalo-y-todo-mexico-se-unen-por-la-paz-con-el-boxeo\/#primaryimage"},"thumbnailUrl":"https:\/\/www.nexoinformativo.mx\/wp-content\/uploads\/2025\/04\/IMG_2150.jpg","keywords":["BoxeoPorLaPaz","ClaseNacionalDeBoxeo","Sheinbaum","VivaM\u00e9xico"],"articleSection":["Nacional","\u00daltima Hora"],"inLanguage":"es","potentialAction":[{"@type":"CommentAction","name":"Comment","target":["https:\/\/www.nexoinformativo.mx\/index.php\/2025\/04\/06\/mexico-en-guardia-con-42-mil-en-el-zocalo-y-todo-mexico-se-unen-por-la-paz-con-el-boxeo\/#respond"]}]},{"@type":"WebPage","@id":"https:\/\/www.nexoinformativo.mx\/index.php\/2025\/04\/06\/mexico-en-guardia-con-42-mil-en-el-zocalo-y-todo-mexico-se-unen-por-la-paz-con-el-boxeo\/","url":"https:\/\/www.nexoinformativo.mx\/index.php\/2025\/04\/06\/mexico-en-guardia-con-42-mil-en-el-zocalo-y-todo-mexico-se-unen-por-la-paz-con-el-boxeo\/","name":"M\u00e9xico en Guardia con 42 Mil en el Z\u00f3calo y todo M\u00e9xico se unen por la Paz con el Boxeo | Nexo Informativo Santiago de Quer\u00e9taro","isPartOf":{"@id":"https:\/\/www.nexoinformativo.mx\/#website"},"primaryImageOfPage":{"@id":"https:\/\/www.nexoinformativo.mx\/index.php\/2025\/04\/06\/mexico-en-guardia-con-42-mil-en-el-zocalo-y-todo-mexico-se-unen-por-la-paz-con-el-boxeo\/#primaryimage"},"image":{"@id":"https:\/\/www.nexoinformativo.mx\/index.php\/2025\/04\/06\/mexico-en-guardia-con-42-mil-en-el-zocalo-y-todo-mexico-se-unen-por-la-paz-con-el-boxeo\/#primaryimage"},"thumbnailUrl":"https:\/\/www.nexoinformativo.mx\/wp-content\/uploads\/2025\/04\/IMG_2150.jpg","datePublished":"2025-04-06T19:00:24+00:00","dateModified":"2025-04-07T01:15:40+00:00","description":"M\u00e9xico en Guardia con 42 Mil en el Z\u00f3calo y todo M\u00e9xico se unen por la Paz con el Boxeo","breadcrumb":{"@id":"https:\/\/www.nexoinformativo.mx\/index.php\/2025\/04\/06\/mexico-en-guardia-con-42-mil-en-el-zocalo-y-todo-mexico-se-unen-por-la-paz-con-el-boxeo\/#breadcrumb"},"inLanguage":"es","potentialAction":[{"@type":"ReadAction","target":["https:\/\/www.nexoinformativo.mx\/index.php\/2025\/04\/06\/mexico-en-guardia-con-42-mil-en-el-zocalo-y-todo-mexico-se-unen-por-la-paz-con-el-boxeo\/"]}]},{"@type":"ImageObject","inLanguage":"es","@id":"https:\/\/www.nexoinformativo.mx\/index.php\/2025\/04\/06\/mexico-en-guardia-con-42-mil-en-el-zocalo-y-todo-mexico-se-unen-por-la-paz-con-el-boxeo\/#primaryimage","url":"https:\/\/www.nexoinformativo.mx\/wp-content\/uploads\/2025\/04\/IMG_2150.jpg","contentUrl":"https:\/\/www.nexoinformativo.mx\/wp-content\/uploads\/2025\/04\/IMG_2150.jpg","width":650,"height":380},{"@type":"BreadcrumbList","@id":"https:\/\/www.nexoinformativo.mx\/index.php\/2025\/04\/06\/mexico-en-guardia-con-42-mil-en-el-zocalo-y-todo-mexico-se-unen-por-la-paz-con-el-boxeo\/#breadcrumb","itemListElement":[{"@type":"ListItem","position":1,"name":"Inicio","item":"https:\/\/www.nexoinformativo.mx\/"},{"@type":"ListItem","position":2,"name":"M\u00e9xico en Guardia con 42 Mil en el Z\u00f3calo y todo M\u00e9xico se unen por la Paz con el Boxeo"}]},{"@type":"WebSite","@id":"https:\/\/www.nexoinformativo.mx\/#website","url":"https:\/\/www.nexoinformativo.mx\/","name":"Nexo Informativo Santiago de Quer\u00e9taro","description":"Explora NexoInformativo y convi\u00e9rtete en parte de una comunidad que valora el conocimiento y la verdad. Tu nexoinformativo es tu puente hacia una comprensi\u00f3n m\u00e1s profunda del mundo que te rodea.","publisher":{"@id":"https:\/\/www.nexoinformativo.mx\/#organization"},"potentialAction":[{"@type":"SearchAction","target":{"@type":"EntryPoint","urlTemplate":"https:\/\/www.nexoinformativo.mx\/?s={search_term_string}"},"query-input":{"@type":"PropertyValueSpecification","valueRequired":true,"valueName":"search_term_string"}}],"inLanguage":"es"},{"@type":"Organization","@id":"https:\/\/www.nexoinformativo.mx\/#organization","name":"Nexo Informativo Santiago de Quer\u00e9taro","url":"https:\/\/www.nexoinformativo.mx\/","logo":{"@type":"ImageObject","inLanguage":"es","@id":"https:\/\/www.nexoinformativo.mx\/#\/schema\/logo\/image\/","url":"https:\/\/www.nexoinformativo.mx\/wp-content\/uploads\/2024\/07\/nexoi-trasparente-2.png","contentUrl":"https:\/\/www.nexoinformativo.mx\/wp-content\/uploads\/2024\/07\/nexoi-trasparente-2.png","width":816,"height":339,"caption":"Nexo Informativo Santiago de Quer\u00e9taro"},"image":{"@id":"https:\/\/www.nexoinformativo.mx\/#\/schema\/logo\/image\/"},"sameAs":["https:\/\/www.facebook.com\/people\/Nexo-Informativo\/61564066885511\/"]},{"@type":"Person","@id":"https:\/\/www.nexoinformativo.mx\/#\/schema\/person\/7749d380ba08c8ca00d7bc76fd907b7d","name":"Nexo Informativo","image":{"@type":"ImageObject","inLanguage":"es","@id":"https:\/\/www.nexoinformativo.mx\/#\/schema\/person\/image\/","url":"https:\/\/secure.gravatar.com\/avatar\/dde2928154642a13d95f87ddf1ea9718fe2b46760a005c53e41ff5ad610704e6?s=96&d=mm&r=g","contentUrl":"https:\/\/secure.gravatar.com\/avatar\/dde2928154642a13d95f87ddf1ea9718fe2b46760a005c53e41ff5ad610704e6?s=96&d=mm&r=g","caption":"Nexo Informativo"},"url":"https:\/\/www.nexoinformativo.mx\/index.php\/author\/edicion\/"}]}},"_links":{"self":[{"href":"https:\/\/www.nexoinformativo.mx\/index.php\/wp-json\/wp\/v2\/posts\/13773","targetHints":{"allow":["GET"]}}],"collection":[{"href":"https:\/\/www.nexoinformativo.mx\/index.php\/wp-json\/wp\/v2\/posts"}],"about":[{"href":"https:\/\/www.nexoinformativo.mx\/index.php\/wp-json\/wp\/v2\/types\/post"}],"author":[{"embeddable":true,"href":"https:\/\/www.nexoinformativo.mx\/index.php\/wp-json\/wp\/v2\/users\/3"}],"replies":[{"embeddable":true,"href":"https:\/\/www.nexoinformativo.mx\/index.php\/wp-json\/wp\/v2\/comments?post=13773"}],"version-history":[{"count":4,"href":"https:\/\/www.nexoinformativo.mx\/index.php\/wp-json\/wp\/v2\/posts\/13773\/revisions"}],"predecessor-version":[{"id":13777,"href":"https:\/\/www.nexoinformativo.mx\/index.php\/wp-json\/wp\/v2\/posts\/13773\/revisions\/13777"}],"wp:featuredmedia":[{"embeddable":true,"href":"https:\/\/www.nexoinformativo.mx\/index.php\/wp-json\/wp\/v2\/media\/13774"}],"wp:attachment":[{"href":"https:\/\/www.nexoinformativo.mx\/index.php\/wp-json\/wp\/v2\/media?parent=13773"}],"wp:term":[{"taxonomy":"category","embeddable":true,"href":"https:\/\/www.nexoinformativo.mx\/index.php\/wp-json\/wp\/v2\/categories?post=13773"},{"taxonomy":"post_tag","embeddable":true,"href":"https:\/\/www.nexoinformativo.mx\/index.php\/wp-json\/wp\/v2\/tags?post=13773"}],"curies":[{"name":"wp","href":"https:\/\/api.w.org\/{rel}","templated":true}]}}