{"id":13791,"date":"2025-04-07T09:00:06","date_gmt":"2025-04-07T15:00:06","guid":{"rendered":"https:\/\/www.nexoinformativo.mx\/?p=13791"},"modified":"2025-04-07T12:13:26","modified_gmt":"2025-04-07T18:13:26","slug":"mas-oportunidades-educativas-en-el-marques-anuncian-el-primer-cbtis-con-capacidad-para-1200-alumnos","status":"publish","type":"post","link":"https:\/\/www.nexoinformativo.mx\/index.php\/2025\/04\/07\/mas-oportunidades-educativas-en-el-marques-anuncian-el-primer-cbtis-con-capacidad-para-1200-alumnos\/","title":{"rendered":"M\u00e1s oportunidades educativas en el Marqu\u00e9s anuncian el primer CBTis con capacidad para 1,200 alumnos"},"content":{"rendered":"<p style=\"text-align: justify;\" data-sourcepos=\"11:1-11:495\">El municipio de El Marqu\u00e9s da un salto significativo en materia educativa con el anuncio de la construcci\u00f3n del primer <strong>Centro de Bachillerato Tecnol\u00f3gico industrial y de servicios<\/strong> (CBTis) n\u00famero 304.<\/p>\n<p>&nbsp;<\/p>\n<p style=\"text-align: justify;\" data-sourcepos=\"11:1-11:495\">Este plantel, que se ubicar\u00e1 en el Fraccionamiento Los H\u00e9roes, podr\u00e1 albergar hasta mil 200 estudiantes y representa un logro clave en los esfuerzos del presidente municipal, Rodrigo Monsalvo, por impulsar el desarrollo educativo de la juventud marquesina.<\/p>\n<p>&nbsp;<\/p>\n<p style=\"text-align: justify;\" data-sourcepos=\"13:1-13:338\">El CBTis No. 304 iniciar\u00e1 operaciones con espacio para 300 alumnos, con la posibilidad de expandirse hasta alcanzar una capacidad de mil 200, respondiendo as\u00ed a la creciente demanda educativa en el municipio. Esta ser\u00e1 la primera instituci\u00f3n de la Direcci\u00f3n General de Educaci\u00f3n Tecnol\u00f3gica Industrial (DGETI) en instalarse en El Marqu\u00e9s.<\/p>\n<p>&nbsp;<\/p>\n<p style=\"text-align: justify;\" data-sourcepos=\"15:1-15:335\">La directora de Planeaci\u00f3n y Evaluaci\u00f3n de la DGETI, Gina Balderas, visit\u00f3 el municipio para agradecer al alcalde Monsalvo la donaci\u00f3n del terreno que har\u00e1 posible este importante proyecto. El edil ha priorizado la generaci\u00f3n de acciones y estrategias educativas para asegurar que ning\u00fan joven marquesino se quede sin estudiar.<\/p>\n<p>&nbsp;<\/p>\n<p style=\"text-align: justify;\" data-sourcepos=\"17:1-17:218\">El nuevo CBTis ofrecer\u00e1 carreras t\u00e9cnicas de vanguardia enfocadas en la educaci\u00f3n media superior tecnol\u00f3gica, como Rob\u00f3tica y Automatizaci\u00f3n, Ciberseguridad, Comercio Internacional y Aduanas, e Inteligencia Artificial.<\/p>\n<p>&nbsp;<\/p>\n<p style=\"text-align: justify;\" data-sourcepos=\"19:1-19:327\">La primera generaci\u00f3n de alumnos se incorporar\u00e1 en agosto del presente a\u00f1o en una sede alterna, mientras se espera que la presidenta de la Rep\u00fablica Mexicana, realice la entrega oficial de las instalaciones a finales de a\u00f1o, para que el plantel pueda iniciar el ciclo escolar completo en su nueva sede.<\/p>\n<p>&nbsp;<\/p>\n<p style=\"text-align: center;\" data-sourcepos=\"19:1-19:327\"><em><strong>\u00a1Informaci\u00f3n que transforma!<\/strong><\/em><\/p>\n","protected":false},"excerpt":{"rendered":"<p>El municipio de El Marqu\u00e9s da un salto significativo en materia educativa con el anuncio de la construcci\u00f3n del primer Centro de Bachillerato Tecnol\u00f3gico industrial y de servicios (CBTis) n\u00famero 304.<\/p>\n","protected":false},"author":3,"featured_media":13792,"comment_status":"open","ping_status":"open","sticky":false,"template":"","format":"standard","meta":{"footnotes":""},"categories":[65,58],"tags":[4017,219,149,777],"class_list":["post-13791","post","type-post","status-publish","format-standard","has-post-thumbnail","hentry","category-municipios","category-ultima-hora","tag-cbtis","tag-educaciontecnologica","tag-elmarques","tag-rodrigomonsalvo"],"yoast_head":"<!-- This site is optimized with the Yoast SEO plugin v25.0 - https:\/\/yoast.com\/wordpress\/plugins\/seo\/ -->\n<title>M\u00e1s oportunidades educativas en el Marqu\u00e9s anuncian el primer CBTis con capacidad para 1,200 alumnos | Nexo Informativo Santiago de Quer\u00e9taro<\/title>\n<meta name=\"description\" content=\"M\u00e1s oportunidades educativas en el Marqu\u00e9s anuncian el primer CBTis con capacidad para 1,200 alumnos\" \/>\n<meta name=\"robots\" content=\"index, follow, max-snippet:-1, max-image-preview:large, max-video-preview:-1\" \/>\n<link rel=\"canonical\" href=\"https:\/\/www.nexoinformativo.mx\/index.php\/2025\/04\/07\/mas-oportunidades-educativas-en-el-marques-anuncian-el-primer-cbtis-con-capacidad-para-1200-alumnos\/\" \/>\n<meta property=\"og:locale\" content=\"es_MX\" \/>\n<meta property=\"og:type\" content=\"article\" \/>\n<meta property=\"og:title\" content=\"M\u00e1s oportunidades educativas en el Marqu\u00e9s anuncian el primer CBTis con capacidad para 1,200 alumnos | Nexo Informativo Santiago de Quer\u00e9taro\" \/>\n<meta property=\"og:description\" content=\"M\u00e1s oportunidades educativas en el Marqu\u00e9s anuncian el primer CBTis con capacidad para 1,200 alumnos\" \/>\n<meta property=\"og:url\" content=\"https:\/\/www.nexoinformativo.mx\/index.php\/2025\/04\/07\/mas-oportunidades-educativas-en-el-marques-anuncian-el-primer-cbtis-con-capacidad-para-1200-alumnos\/\" \/>\n<meta property=\"og:site_name\" content=\"Nexo Informativo Santiago de Quer\u00e9taro\" \/>\n<meta property=\"article:publisher\" content=\"https:\/\/www.facebook.com\/people\/Nexo-Informativo\/61564066885511\/\" \/>\n<meta property=\"article:published_time\" content=\"2025-04-07T15:00:06+00:00\" \/>\n<meta property=\"article:modified_time\" content=\"2025-04-07T18:13:26+00:00\" \/>\n<meta property=\"og:image\" content=\"https:\/\/www.nexoinformativo.mx\/wp-content\/uploads\/2025\/04\/PHOTO-2025-04-07-08-59-47-scaled-e1744049530284.jpg\" \/>\n\t<meta property=\"og:image:width\" content=\"800\" \/>\n\t<meta property=\"og:image:height\" content=\"533\" \/>\n\t<meta property=\"og:image:type\" content=\"image\/jpeg\" \/>\n<meta name=\"author\" content=\"Nexo Informativo\" \/>\n<meta name=\"twitter:card\" content=\"summary_large_image\" \/>\n<meta name=\"twitter:label1\" content=\"Escrito por\" \/>\n\t<meta name=\"twitter:data1\" content=\"Nexo Informativo\" \/>\n\t<meta name=\"twitter:label2\" content=\"Tiempo de lectura\" \/>\n\t<meta name=\"twitter:data2\" content=\"2 minutos\" \/>\n<script type=\"application\/ld+json\" class=\"yoast-schema-graph\">{\"@context\":\"https:\/\/schema.org\",\"@graph\":[{\"@type\":\"Article\",\"@id\":\"https:\/\/www.nexoinformativo.mx\/index.php\/2025\/04\/07\/mas-oportunidades-educativas-en-el-marques-anuncian-el-primer-cbtis-con-capacidad-para-1200-alumnos\/#article\",\"isPartOf\":{\"@id\":\"https:\/\/www.nexoinformativo.mx\/index.php\/2025\/04\/07\/mas-oportunidades-educativas-en-el-marques-anuncian-el-primer-cbtis-con-capacidad-para-1200-alumnos\/\"},\"author\":{\"name\":\"Nexo Informativo\",\"@id\":\"https:\/\/www.nexoinformativo.mx\/#\/schema\/person\/7749d380ba08c8ca00d7bc76fd907b7d\"},\"headline\":\"M\u00e1s oportunidades educativas en el Marqu\u00e9s anuncian el primer CBTis con capacidad para 1,200 alumnos\",\"datePublished\":\"2025-04-07T15:00:06+00:00\",\"dateModified\":\"2025-04-07T18:13:26+00:00\",\"mainEntityOfPage\":{\"@id\":\"https:\/\/www.nexoinformativo.mx\/index.php\/2025\/04\/07\/mas-oportunidades-educativas-en-el-marques-anuncian-el-primer-cbtis-con-capacidad-para-1200-alumnos\/\"},\"wordCount\":294,\"commentCount\":0,\"publisher\":{\"@id\":\"https:\/\/www.nexoinformativo.mx\/#organization\"},\"image\":{\"@id\":\"https:\/\/www.nexoinformativo.mx\/index.php\/2025\/04\/07\/mas-oportunidades-educativas-en-el-marques-anuncian-el-primer-cbtis-con-capacidad-para-1200-alumnos\/#primaryimage\"},\"thumbnailUrl\":\"https:\/\/www.nexoinformativo.mx\/wp-content\/uploads\/2025\/04\/PHOTO-2025-04-07-08-59-47-scaled-e1744049530284.jpg\",\"keywords\":[\"CBTis\",\"Educaci\u00f3nTecnol\u00f3gica\",\"elmarques\",\"RodrigoMonsalvo\"],\"articleSection\":[\"Municipios\",\"\u00daltima Hora\"],\"inLanguage\":\"es\",\"potentialAction\":[{\"@type\":\"CommentAction\",\"name\":\"Comment\",\"target\":[\"https:\/\/www.nexoinformativo.mx\/index.php\/2025\/04\/07\/mas-oportunidades-educativas-en-el-marques-anuncian-el-primer-cbtis-con-capacidad-para-1200-alumnos\/#respond\"]}]},{\"@type\":\"WebPage\",\"@id\":\"https:\/\/www.nexoinformativo.mx\/index.php\/2025\/04\/07\/mas-oportunidades-educativas-en-el-marques-anuncian-el-primer-cbtis-con-capacidad-para-1200-alumnos\/\",\"url\":\"https:\/\/www.nexoinformativo.mx\/index.php\/2025\/04\/07\/mas-oportunidades-educativas-en-el-marques-anuncian-el-primer-cbtis-con-capacidad-para-1200-alumnos\/\",\"name\":\"M\u00e1s oportunidades educativas en el Marqu\u00e9s anuncian el primer CBTis con capacidad para 1,200 alumnos | Nexo Informativo Santiago de Quer\u00e9taro\",\"isPartOf\":{\"@id\":\"https:\/\/www.nexoinformativo.mx\/#website\"},\"primaryImageOfPage\":{\"@id\":\"https:\/\/www.nexoinformativo.mx\/index.php\/2025\/04\/07\/mas-oportunidades-educativas-en-el-marques-anuncian-el-primer-cbtis-con-capacidad-para-1200-alumnos\/#primaryimage\"},\"image\":{\"@id\":\"https:\/\/www.nexoinformativo.mx\/index.php\/2025\/04\/07\/mas-oportunidades-educativas-en-el-marques-anuncian-el-primer-cbtis-con-capacidad-para-1200-alumnos\/#primaryimage\"},\"thumbnailUrl\":\"https:\/\/www.nexoinformativo.mx\/wp-content\/uploads\/2025\/04\/PHOTO-2025-04-07-08-59-47-scaled-e1744049530284.jpg\",\"datePublished\":\"2025-04-07T15:00:06+00:00\",\"dateModified\":\"2025-04-07T18:13:26+00:00\",\"description\":\"M\u00e1s oportunidades educativas en el Marqu\u00e9s anuncian el primer CBTis con capacidad para 1,200 alumnos\",\"breadcrumb\":{\"@id\":\"https:\/\/www.nexoinformativo.mx\/index.php\/2025\/04\/07\/mas-oportunidades-educativas-en-el-marques-anuncian-el-primer-cbtis-con-capacidad-para-1200-alumnos\/#breadcrumb\"},\"inLanguage\":\"es\",\"potentialAction\":[{\"@type\":\"ReadAction\",\"target\":[\"https:\/\/www.nexoinformativo.mx\/index.php\/2025\/04\/07\/mas-oportunidades-educativas-en-el-marques-anuncian-el-primer-cbtis-con-capacidad-para-1200-alumnos\/\"]}]},{\"@type\":\"ImageObject\",\"inLanguage\":\"es\",\"@id\":\"https:\/\/www.nexoinformativo.mx\/index.php\/2025\/04\/07\/mas-oportunidades-educativas-en-el-marques-anuncian-el-primer-cbtis-con-capacidad-para-1200-alumnos\/#primaryimage\",\"url\":\"https:\/\/www.nexoinformativo.mx\/wp-content\/uploads\/2025\/04\/PHOTO-2025-04-07-08-59-47-scaled-e1744049530284.jpg\",\"contentUrl\":\"https:\/\/www.nexoinformativo.mx\/wp-content\/uploads\/2025\/04\/PHOTO-2025-04-07-08-59-47-scaled-e1744049530284.jpg\",\"width\":800,\"height\":533},{\"@type\":\"BreadcrumbList\",\"@id\":\"https:\/\/www.nexoinformativo.mx\/index.php\/2025\/04\/07\/mas-oportunidades-educativas-en-el-marques-anuncian-el-primer-cbtis-con-capacidad-para-1200-alumnos\/#breadcrumb\",\"itemListElement\":[{\"@type\":\"ListItem\",\"position\":1,\"name\":\"Inicio\",\"item\":\"https:\/\/www.nexoinformativo.mx\/\"},{\"@type\":\"ListItem\",\"position\":2,\"name\":\"M\u00e1s oportunidades educativas en el Marqu\u00e9s anuncian el primer CBTis con capacidad para 1,200 alumnos\"}]},{\"@type\":\"WebSite\",\"@id\":\"https:\/\/www.nexoinformativo.mx\/#website\",\"url\":\"https:\/\/www.nexoinformativo.mx\/\",\"name\":\"Nexo Informativo Santiago de Quer\u00e9taro\",\"description\":\"Explora NexoInformativo y convi\u00e9rtete en parte de una comunidad que valora el conocimiento y la verdad. Tu nexoinformativo es tu puente hacia una comprensi\u00f3n m\u00e1s profunda del mundo que te rodea.\",\"publisher\":{\"@id\":\"https:\/\/www.nexoinformativo.mx\/#organization\"},\"potentialAction\":[{\"@type\":\"SearchAction\",\"target\":{\"@type\":\"EntryPoint\",\"urlTemplate\":\"https:\/\/www.nexoinformativo.mx\/?s={search_term_string}\"},\"query-input\":{\"@type\":\"PropertyValueSpecification\",\"valueRequired\":true,\"valueName\":\"search_term_string\"}}],\"inLanguage\":\"es\"},{\"@type\":\"Organization\",\"@id\":\"https:\/\/www.nexoinformativo.mx\/#organization\",\"name\":\"Nexo Informativo Santiago de Quer\u00e9taro\",\"url\":\"https:\/\/www.nexoinformativo.mx\/\",\"logo\":{\"@type\":\"ImageObject\",\"inLanguage\":\"es\",\"@id\":\"https:\/\/www.nexoinformativo.mx\/#\/schema\/logo\/image\/\",\"url\":\"https:\/\/www.nexoinformativo.mx\/wp-content\/uploads\/2024\/07\/nexoi-trasparente-2.png\",\"contentUrl\":\"https:\/\/www.nexoinformativo.mx\/wp-content\/uploads\/2024\/07\/nexoi-trasparente-2.png\",\"width\":816,\"height\":339,\"caption\":\"Nexo Informativo Santiago de Quer\u00e9taro\"},\"image\":{\"@id\":\"https:\/\/www.nexoinformativo.mx\/#\/schema\/logo\/image\/\"},\"sameAs\":[\"https:\/\/www.facebook.com\/people\/Nexo-Informativo\/61564066885511\/\"]},{\"@type\":\"Person\",\"@id\":\"https:\/\/www.nexoinformativo.mx\/#\/schema\/person\/7749d380ba08c8ca00d7bc76fd907b7d\",\"name\":\"Nexo Informativo\",\"image\":{\"@type\":\"ImageObject\",\"inLanguage\":\"es\",\"@id\":\"https:\/\/www.nexoinformativo.mx\/#\/schema\/person\/image\/\",\"url\":\"https:\/\/secure.gravatar.com\/avatar\/dde2928154642a13d95f87ddf1ea9718fe2b46760a005c53e41ff5ad610704e6?s=96&d=mm&r=g\",\"contentUrl\":\"https:\/\/secure.gravatar.com\/avatar\/dde2928154642a13d95f87ddf1ea9718fe2b46760a005c53e41ff5ad610704e6?s=96&d=mm&r=g\",\"caption\":\"Nexo Informativo\"},\"url\":\"https:\/\/www.nexoinformativo.mx\/index.php\/author\/edicion\/\"}]}<\/script>\n<!-- \/ Yoast SEO plugin. -->","yoast_head_json":{"title":"M\u00e1s oportunidades educativas en el Marqu\u00e9s anuncian el primer CBTis con capacidad para 1,200 alumnos | Nexo Informativo Santiago de Quer\u00e9taro","description":"M\u00e1s oportunidades educativas en el Marqu\u00e9s anuncian el primer CBTis con capacidad para 1,200 alumnos","robots":{"index":"index","follow":"follow","max-snippet":"max-snippet:-1","max-image-preview":"max-image-preview:large","max-video-preview":"max-video-preview:-1"},"canonical":"https:\/\/www.nexoinformativo.mx\/index.php\/2025\/04\/07\/mas-oportunidades-educativas-en-el-marques-anuncian-el-primer-cbtis-con-capacidad-para-1200-alumnos\/","og_locale":"es_MX","og_type":"article","og_title":"M\u00e1s oportunidades educativas en el Marqu\u00e9s anuncian el primer CBTis con capacidad para 1,200 alumnos | Nexo Informativo Santiago de Quer\u00e9taro","og_description":"M\u00e1s oportunidades educativas en el Marqu\u00e9s anuncian el primer CBTis con capacidad para 1,200 alumnos","og_url":"https:\/\/www.nexoinformativo.mx\/index.php\/2025\/04\/07\/mas-oportunidades-educativas-en-el-marques-anuncian-el-primer-cbtis-con-capacidad-para-1200-alumnos\/","og_site_name":"Nexo Informativo Santiago de Quer\u00e9taro","article_publisher":"https:\/\/www.facebook.com\/people\/Nexo-Informativo\/61564066885511\/","article_published_time":"2025-04-07T15:00:06+00:00","article_modified_time":"2025-04-07T18:13:26+00:00","og_image":[{"width":800,"height":533,"url":"https:\/\/www.nexoinformativo.mx\/wp-content\/uploads\/2025\/04\/PHOTO-2025-04-07-08-59-47-scaled-e1744049530284.jpg","type":"image\/jpeg"}],"author":"Nexo Informativo","twitter_card":"summary_large_image","twitter_misc":{"Escrito por":"Nexo Informativo","Tiempo de lectura":"2 minutos"},"schema":{"@context":"https:\/\/schema.org","@graph":[{"@type":"Article","@id":"https:\/\/www.nexoinformativo.mx\/index.php\/2025\/04\/07\/mas-oportunidades-educativas-en-el-marques-anuncian-el-primer-cbtis-con-capacidad-para-1200-alumnos\/#article","isPartOf":{"@id":"https:\/\/www.nexoinformativo.mx\/index.php\/2025\/04\/07\/mas-oportunidades-educativas-en-el-marques-anuncian-el-primer-cbtis-con-capacidad-para-1200-alumnos\/"},"author":{"name":"Nexo Informativo","@id":"https:\/\/www.nexoinformativo.mx\/#\/schema\/person\/7749d380ba08c8ca00d7bc76fd907b7d"},"headline":"M\u00e1s oportunidades educativas en el Marqu\u00e9s anuncian el primer CBTis con capacidad para 1,200 alumnos","datePublished":"2025-04-07T15:00:06+00:00","dateModified":"2025-04-07T18:13:26+00:00","mainEntityOfPage":{"@id":"https:\/\/www.nexoinformativo.mx\/index.php\/2025\/04\/07\/mas-oportunidades-educativas-en-el-marques-anuncian-el-primer-cbtis-con-capacidad-para-1200-alumnos\/"},"wordCount":294,"commentCount":0,"publisher":{"@id":"https:\/\/www.nexoinformativo.mx\/#organization"},"image":{"@id":"https:\/\/www.nexoinformativo.mx\/index.php\/2025\/04\/07\/mas-oportunidades-educativas-en-el-marques-anuncian-el-primer-cbtis-con-capacidad-para-1200-alumnos\/#primaryimage"},"thumbnailUrl":"https:\/\/www.nexoinformativo.mx\/wp-content\/uploads\/2025\/04\/PHOTO-2025-04-07-08-59-47-scaled-e1744049530284.jpg","keywords":["CBTis","Educaci\u00f3nTecnol\u00f3gica","elmarques","RodrigoMonsalvo"],"articleSection":["Municipios","\u00daltima Hora"],"inLanguage":"es","potentialAction":[{"@type":"CommentAction","name":"Comment","target":["https:\/\/www.nexoinformativo.mx\/index.php\/2025\/04\/07\/mas-oportunidades-educativas-en-el-marques-anuncian-el-primer-cbtis-con-capacidad-para-1200-alumnos\/#respond"]}]},{"@type":"WebPage","@id":"https:\/\/www.nexoinformativo.mx\/index.php\/2025\/04\/07\/mas-oportunidades-educativas-en-el-marques-anuncian-el-primer-cbtis-con-capacidad-para-1200-alumnos\/","url":"https:\/\/www.nexoinformativo.mx\/index.php\/2025\/04\/07\/mas-oportunidades-educativas-en-el-marques-anuncian-el-primer-cbtis-con-capacidad-para-1200-alumnos\/","name":"M\u00e1s oportunidades educativas en el Marqu\u00e9s anuncian el primer CBTis con capacidad para 1,200 alumnos | Nexo Informativo Santiago de Quer\u00e9taro","isPartOf":{"@id":"https:\/\/www.nexoinformativo.mx\/#website"},"primaryImageOfPage":{"@id":"https:\/\/www.nexoinformativo.mx\/index.php\/2025\/04\/07\/mas-oportunidades-educativas-en-el-marques-anuncian-el-primer-cbtis-con-capacidad-para-1200-alumnos\/#primaryimage"},"image":{"@id":"https:\/\/www.nexoinformativo.mx\/index.php\/2025\/04\/07\/mas-oportunidades-educativas-en-el-marques-anuncian-el-primer-cbtis-con-capacidad-para-1200-alumnos\/#primaryimage"},"thumbnailUrl":"https:\/\/www.nexoinformativo.mx\/wp-content\/uploads\/2025\/04\/PHOTO-2025-04-07-08-59-47-scaled-e1744049530284.jpg","datePublished":"2025-04-07T15:00:06+00:00","dateModified":"2025-04-07T18:13:26+00:00","description":"M\u00e1s oportunidades educativas en el Marqu\u00e9s anuncian el primer CBTis con capacidad para 1,200 alumnos","breadcrumb":{"@id":"https:\/\/www.nexoinformativo.mx\/index.php\/2025\/04\/07\/mas-oportunidades-educativas-en-el-marques-anuncian-el-primer-cbtis-con-capacidad-para-1200-alumnos\/#breadcrumb"},"inLanguage":"es","potentialAction":[{"@type":"ReadAction","target":["https:\/\/www.nexoinformativo.mx\/index.php\/2025\/04\/07\/mas-oportunidades-educativas-en-el-marques-anuncian-el-primer-cbtis-con-capacidad-para-1200-alumnos\/"]}]},{"@type":"ImageObject","inLanguage":"es","@id":"https:\/\/www.nexoinformativo.mx\/index.php\/2025\/04\/07\/mas-oportunidades-educativas-en-el-marques-anuncian-el-primer-cbtis-con-capacidad-para-1200-alumnos\/#primaryimage","url":"https:\/\/www.nexoinformativo.mx\/wp-content\/uploads\/2025\/04\/PHOTO-2025-04-07-08-59-47-scaled-e1744049530284.jpg","contentUrl":"https:\/\/www.nexoinformativo.mx\/wp-content\/uploads\/2025\/04\/PHOTO-2025-04-07-08-59-47-scaled-e1744049530284.jpg","width":800,"height":533},{"@type":"BreadcrumbList","@id":"https:\/\/www.nexoinformativo.mx\/index.php\/2025\/04\/07\/mas-oportunidades-educativas-en-el-marques-anuncian-el-primer-cbtis-con-capacidad-para-1200-alumnos\/#breadcrumb","itemListElement":[{"@type":"ListItem","position":1,"name":"Inicio","item":"https:\/\/www.nexoinformativo.mx\/"},{"@type":"ListItem","position":2,"name":"M\u00e1s oportunidades educativas en el Marqu\u00e9s anuncian el primer CBTis con capacidad para 1,200 alumnos"}]},{"@type":"WebSite","@id":"https:\/\/www.nexoinformativo.mx\/#website","url":"https:\/\/www.nexoinformativo.mx\/","name":"Nexo Informativo Santiago de Quer\u00e9taro","description":"Explora NexoInformativo y convi\u00e9rtete en parte de una comunidad que valora el conocimiento y la verdad. Tu nexoinformativo es tu puente hacia una comprensi\u00f3n m\u00e1s profunda del mundo que te rodea.","publisher":{"@id":"https:\/\/www.nexoinformativo.mx\/#organization"},"potentialAction":[{"@type":"SearchAction","target":{"@type":"EntryPoint","urlTemplate":"https:\/\/www.nexoinformativo.mx\/?s={search_term_string}"},"query-input":{"@type":"PropertyValueSpecification","valueRequired":true,"valueName":"search_term_string"}}],"inLanguage":"es"},{"@type":"Organization","@id":"https:\/\/www.nexoinformativo.mx\/#organization","name":"Nexo Informativo Santiago de Quer\u00e9taro","url":"https:\/\/www.nexoinformativo.mx\/","logo":{"@type":"ImageObject","inLanguage":"es","@id":"https:\/\/www.nexoinformativo.mx\/#\/schema\/logo\/image\/","url":"https:\/\/www.nexoinformativo.mx\/wp-content\/uploads\/2024\/07\/nexoi-trasparente-2.png","contentUrl":"https:\/\/www.nexoinformativo.mx\/wp-content\/uploads\/2024\/07\/nexoi-trasparente-2.png","width":816,"height":339,"caption":"Nexo Informativo Santiago de Quer\u00e9taro"},"image":{"@id":"https:\/\/www.nexoinformativo.mx\/#\/schema\/logo\/image\/"},"sameAs":["https:\/\/www.facebook.com\/people\/Nexo-Informativo\/61564066885511\/"]},{"@type":"Person","@id":"https:\/\/www.nexoinformativo.mx\/#\/schema\/person\/7749d380ba08c8ca00d7bc76fd907b7d","name":"Nexo Informativo","image":{"@type":"ImageObject","inLanguage":"es","@id":"https:\/\/www.nexoinformativo.mx\/#\/schema\/person\/image\/","url":"https:\/\/secure.gravatar.com\/avatar\/dde2928154642a13d95f87ddf1ea9718fe2b46760a005c53e41ff5ad610704e6?s=96&d=mm&r=g","contentUrl":"https:\/\/secure.gravatar.com\/avatar\/dde2928154642a13d95f87ddf1ea9718fe2b46760a005c53e41ff5ad610704e6?s=96&d=mm&r=g","caption":"Nexo Informativo"},"url":"https:\/\/www.nexoinformativo.mx\/index.php\/author\/edicion\/"}]}},"_links":{"self":[{"href":"https:\/\/www.nexoinformativo.mx\/index.php\/wp-json\/wp\/v2\/posts\/13791","targetHints":{"allow":["GET"]}}],"collection":[{"href":"https:\/\/www.nexoinformativo.mx\/index.php\/wp-json\/wp\/v2\/posts"}],"about":[{"href":"https:\/\/www.nexoinformativo.mx\/index.php\/wp-json\/wp\/v2\/types\/post"}],"author":[{"embeddable":true,"href":"https:\/\/www.nexoinformativo.mx\/index.php\/wp-json\/wp\/v2\/users\/3"}],"replies":[{"embeddable":true,"href":"https:\/\/www.nexoinformativo.mx\/index.php\/wp-json\/wp\/v2\/comments?post=13791"}],"version-history":[{"count":4,"href":"https:\/\/www.nexoinformativo.mx\/index.php\/wp-json\/wp\/v2\/posts\/13791\/revisions"}],"predecessor-version":[{"id":13795,"href":"https:\/\/www.nexoinformativo.mx\/index.php\/wp-json\/wp\/v2\/posts\/13791\/revisions\/13795"}],"wp:featuredmedia":[{"embeddable":true,"href":"https:\/\/www.nexoinformativo.mx\/index.php\/wp-json\/wp\/v2\/media\/13792"}],"wp:attachment":[{"href":"https:\/\/www.nexoinformativo.mx\/index.php\/wp-json\/wp\/v2\/media?parent=13791"}],"wp:term":[{"taxonomy":"category","embeddable":true,"href":"https:\/\/www.nexoinformativo.mx\/index.php\/wp-json\/wp\/v2\/categories?post=13791"},{"taxonomy":"post_tag","embeddable":true,"href":"https:\/\/www.nexoinformativo.mx\/index.php\/wp-json\/wp\/v2\/tags?post=13791"}],"curies":[{"name":"wp","href":"https:\/\/api.w.org\/{rel}","templated":true}]}}