{"id":13808,"date":"2025-04-07T11:30:30","date_gmt":"2025-04-07T17:30:30","guid":{"rendered":"https:\/\/www.nexoinformativo.mx\/?p=13808"},"modified":"2025-04-07T12:53:08","modified_gmt":"2025-04-07T18:53:08","slug":"talento-uaq-a-chicago-estudiantes-contenderan-en-mundial-de-tratamiento-de-agua","status":"publish","type":"post","link":"https:\/\/www.nexoinformativo.mx\/index.php\/2025\/04\/07\/talento-uaq-a-chicago-estudiantes-contenderan-en-mundial-de-tratamiento-de-agua\/","title":{"rendered":"Talento UAQ a Chicago estudiantes contender\u00e1n en Mundial de tratamiento de agua"},"content":{"rendered":"<p style=\"text-align: justify;\" data-sourcepos=\"11:1-11:456\">Un equipo multidisciplinario de estudiantes de la Universidad Aut\u00f3noma de Quer\u00e9taro (UAQ) representar\u00e1 a M\u00e9xico en el <strong>Student Design Competition 2025<\/strong>, un encuentro global sobre tratamiento del agua que se llevar\u00e1 a cabo en Chicago, EU, del 27 de septiembre al 1 de octubre.<\/p>\n<p>&nbsp;<\/p>\n<p style=\"text-align: justify;\" data-sourcepos=\"11:1-11:456\">Los j\u00f3venes de las Facultades de Ingenier\u00eda y Qu\u00edmica competir\u00e1n con su innovadora propuesta de una planta de depuraci\u00f3n de aguas residuales.<\/p>\n<p>&nbsp;<\/p>\n<p style=\"text-align: justify;\" data-sourcepos=\"13:1-13:273\">Este logro representa la segunda etapa de la contienda organizada por la <strong>Asociaci\u00f3n del Medio Ambiente del Agua en Texas<\/strong> (WEAT), luego de que el equipo de la UAQ superara la primera selecci\u00f3n, demostrando su capacidad para generar soluciones creativas en este crucial tema.<\/p>\n<p>&nbsp;<\/p>\n<p style=\"text-align: justify;\" data-sourcepos=\"15:1-15:500\">Los alumnos de octavo semestre de Ingenier\u00eda Civil, Jos\u00e9 Armando Terres Luna y Kevin Antonio Mart\u00ednez Mart\u00ednez, junto con sus colegas de la Facultad de Qu\u00edmica y la gu\u00eda de la Mtra. Mar\u00eda Alejandrina.<\/p>\n<\/p>\n<p>&nbsp;<\/p>\n<p style=\"text-align: justify;\" data-sourcepos=\"15:1-15:500\">Buscan con su proyecto aumentar la capacidad de la infraestructura existente para manejar mayores flujos de agua, cumplir con normativas m\u00e1s exigentes sobre microorganismos, nitr\u00f3geno y f\u00f3sforo, eliminar contaminantes y optimizar procesos en beneficio de la ingenier\u00eda ambiental.<\/p>\n<p>&nbsp;<\/p>\n<p style=\"text-align: justify;\" data-sourcepos=\"17:1-17:339\">Su participaci\u00f3n en esta competencia global les brindar\u00e1 una valiosa experiencia en procedimientos reales y la oportunidad de colaborar con profesionales de diversas disciplinas. En la ronda inicial, el equipo de la UAQ compiti\u00f3 contra la Universidad Nacional Aut\u00f3noma de M\u00e9xico (UNAM) y fue seleccionado para representar al pa\u00eds en Texas.<\/p>\n<p>&nbsp;<\/p>\n<p style=\"text-align: justify;\" data-sourcepos=\"19:1-19:311\">Ahora, en Chicago, los estudiantes de la UAQ se enfrentar\u00e1n a un nuevo desaf\u00edo que pondr\u00e1 a prueba sus habilidades en hidr\u00e1ulica, dise\u00f1o en AutoCAD, presupuestos y planificaci\u00f3n de proyectos de construcci\u00f3n, demostrando que la formaci\u00f3n recibida en la UAQ est\u00e1 a la altura de instituciones de prestigio mundial.<\/p>\n<p>&nbsp;<\/p>\n<p style=\"text-align: center;\" data-sourcepos=\"19:1-19:311\"><em><strong>\u00a1Informaci\u00f3n que transforma!<\/strong><\/em><\/p>\n","protected":false},"excerpt":{"rendered":"<p>Un equipo multidisciplinario de estudiantes de la Universidad Aut\u00f3noma de Quer\u00e9taro (UAQ) representar\u00e1 a M\u00e9xico en el Student Design Competition 2025, un encuentro global sobre tratamiento del agua que se llevar\u00e1 a cabo en Chicago, EU, del 27 de septiembre al 1 de octubre.<\/p>\n","protected":false},"author":3,"featured_media":13809,"comment_status":"open","ping_status":"open","sticky":false,"template":"","format":"standard","meta":{"footnotes":""},"categories":[42,58],"tags":[4020,4022,4021,252],"class_list":["post-13808","post","type-post","status-publish","format-standard","has-post-thumbnail","hentry","category-estado","category-ultima-hora","tag-studentdesigncompetition","tag-talentomexicano","tag-tratamientoagua","tag-uaq"],"yoast_head":"<!-- This site is optimized with the Yoast SEO plugin v25.0 - https:\/\/yoast.com\/wordpress\/plugins\/seo\/ -->\n<title>Talento UAQ a Chicago estudiantes contender\u00e1n en Mundial de tratamiento de agua | Nexo Informativo Santiago de Quer\u00e9taro<\/title>\n<meta name=\"description\" content=\"Talento UAQ a Chicago estudiantes contender\u00e1n en Mundial de tratamiento de agua\" \/>\n<meta name=\"robots\" content=\"index, follow, max-snippet:-1, max-image-preview:large, max-video-preview:-1\" \/>\n<link rel=\"canonical\" href=\"https:\/\/www.nexoinformativo.mx\/index.php\/2025\/04\/07\/talento-uaq-a-chicago-estudiantes-contenderan-en-mundial-de-tratamiento-de-agua\/\" \/>\n<meta property=\"og:locale\" content=\"es_MX\" \/>\n<meta property=\"og:type\" content=\"article\" \/>\n<meta property=\"og:title\" content=\"Talento UAQ a Chicago estudiantes contender\u00e1n en Mundial de tratamiento de agua | Nexo Informativo Santiago de Quer\u00e9taro\" \/>\n<meta property=\"og:description\" content=\"Talento UAQ a Chicago estudiantes contender\u00e1n en Mundial de tratamiento de agua\" \/>\n<meta property=\"og:url\" content=\"https:\/\/www.nexoinformativo.mx\/index.php\/2025\/04\/07\/talento-uaq-a-chicago-estudiantes-contenderan-en-mundial-de-tratamiento-de-agua\/\" \/>\n<meta property=\"og:site_name\" content=\"Nexo Informativo Santiago de Quer\u00e9taro\" \/>\n<meta property=\"article:publisher\" content=\"https:\/\/www.facebook.com\/people\/Nexo-Informativo\/61564066885511\/\" \/>\n<meta property=\"article:published_time\" content=\"2025-04-07T17:30:30+00:00\" \/>\n<meta property=\"article:modified_time\" content=\"2025-04-07T18:53:08+00:00\" \/>\n<meta property=\"og:image\" content=\"https:\/\/www.nexoinformativo.mx\/wp-content\/uploads\/2025\/04\/b905a07a-f1b0-4545-b404-362403478548-e1744051896124.jpg\" \/>\n\t<meta property=\"og:image:width\" content=\"800\" \/>\n\t<meta property=\"og:image:height\" content=\"492\" \/>\n\t<meta property=\"og:image:type\" content=\"image\/jpeg\" \/>\n<meta name=\"author\" content=\"Nexo Informativo\" \/>\n<meta name=\"twitter:card\" content=\"summary_large_image\" \/>\n<meta name=\"twitter:label1\" content=\"Escrito por\" \/>\n\t<meta name=\"twitter:data1\" content=\"Nexo Informativo\" \/>\n\t<meta name=\"twitter:label2\" content=\"Tiempo de lectura\" \/>\n\t<meta name=\"twitter:data2\" content=\"2 minutos\" \/>\n<script type=\"application\/ld+json\" class=\"yoast-schema-graph\">{\"@context\":\"https:\/\/schema.org\",\"@graph\":[{\"@type\":\"Article\",\"@id\":\"https:\/\/www.nexoinformativo.mx\/index.php\/2025\/04\/07\/talento-uaq-a-chicago-estudiantes-contenderan-en-mundial-de-tratamiento-de-agua\/#article\",\"isPartOf\":{\"@id\":\"https:\/\/www.nexoinformativo.mx\/index.php\/2025\/04\/07\/talento-uaq-a-chicago-estudiantes-contenderan-en-mundial-de-tratamiento-de-agua\/\"},\"author\":{\"name\":\"Nexo Informativo\",\"@id\":\"https:\/\/www.nexoinformativo.mx\/#\/schema\/person\/7749d380ba08c8ca00d7bc76fd907b7d\"},\"headline\":\"Talento UAQ a Chicago estudiantes contender\u00e1n en Mundial de tratamiento de agua\",\"datePublished\":\"2025-04-07T17:30:30+00:00\",\"dateModified\":\"2025-04-07T18:53:08+00:00\",\"mainEntityOfPage\":{\"@id\":\"https:\/\/www.nexoinformativo.mx\/index.php\/2025\/04\/07\/talento-uaq-a-chicago-estudiantes-contenderan-en-mundial-de-tratamiento-de-agua\/\"},\"wordCount\":334,\"commentCount\":0,\"publisher\":{\"@id\":\"https:\/\/www.nexoinformativo.mx\/#organization\"},\"image\":{\"@id\":\"https:\/\/www.nexoinformativo.mx\/index.php\/2025\/04\/07\/talento-uaq-a-chicago-estudiantes-contenderan-en-mundial-de-tratamiento-de-agua\/#primaryimage\"},\"thumbnailUrl\":\"https:\/\/www.nexoinformativo.mx\/wp-content\/uploads\/2025\/04\/b905a07a-f1b0-4545-b404-362403478548-e1744051896124.jpg\",\"keywords\":[\"StudentDesignCompetition\",\"TalentoMexicano\",\"TratamientoAgua\",\"UAQ\"],\"articleSection\":[\"Estado\",\"\u00daltima Hora\"],\"inLanguage\":\"es\",\"potentialAction\":[{\"@type\":\"CommentAction\",\"name\":\"Comment\",\"target\":[\"https:\/\/www.nexoinformativo.mx\/index.php\/2025\/04\/07\/talento-uaq-a-chicago-estudiantes-contenderan-en-mundial-de-tratamiento-de-agua\/#respond\"]}]},{\"@type\":\"WebPage\",\"@id\":\"https:\/\/www.nexoinformativo.mx\/index.php\/2025\/04\/07\/talento-uaq-a-chicago-estudiantes-contenderan-en-mundial-de-tratamiento-de-agua\/\",\"url\":\"https:\/\/www.nexoinformativo.mx\/index.php\/2025\/04\/07\/talento-uaq-a-chicago-estudiantes-contenderan-en-mundial-de-tratamiento-de-agua\/\",\"name\":\"Talento UAQ a Chicago estudiantes contender\u00e1n en Mundial de tratamiento de agua | Nexo Informativo Santiago de Quer\u00e9taro\",\"isPartOf\":{\"@id\":\"https:\/\/www.nexoinformativo.mx\/#website\"},\"primaryImageOfPage\":{\"@id\":\"https:\/\/www.nexoinformativo.mx\/index.php\/2025\/04\/07\/talento-uaq-a-chicago-estudiantes-contenderan-en-mundial-de-tratamiento-de-agua\/#primaryimage\"},\"image\":{\"@id\":\"https:\/\/www.nexoinformativo.mx\/index.php\/2025\/04\/07\/talento-uaq-a-chicago-estudiantes-contenderan-en-mundial-de-tratamiento-de-agua\/#primaryimage\"},\"thumbnailUrl\":\"https:\/\/www.nexoinformativo.mx\/wp-content\/uploads\/2025\/04\/b905a07a-f1b0-4545-b404-362403478548-e1744051896124.jpg\",\"datePublished\":\"2025-04-07T17:30:30+00:00\",\"dateModified\":\"2025-04-07T18:53:08+00:00\",\"description\":\"Talento UAQ a Chicago estudiantes contender\u00e1n en Mundial de tratamiento de agua\",\"breadcrumb\":{\"@id\":\"https:\/\/www.nexoinformativo.mx\/index.php\/2025\/04\/07\/talento-uaq-a-chicago-estudiantes-contenderan-en-mundial-de-tratamiento-de-agua\/#breadcrumb\"},\"inLanguage\":\"es\",\"potentialAction\":[{\"@type\":\"ReadAction\",\"target\":[\"https:\/\/www.nexoinformativo.mx\/index.php\/2025\/04\/07\/talento-uaq-a-chicago-estudiantes-contenderan-en-mundial-de-tratamiento-de-agua\/\"]}]},{\"@type\":\"ImageObject\",\"inLanguage\":\"es\",\"@id\":\"https:\/\/www.nexoinformativo.mx\/index.php\/2025\/04\/07\/talento-uaq-a-chicago-estudiantes-contenderan-en-mundial-de-tratamiento-de-agua\/#primaryimage\",\"url\":\"https:\/\/www.nexoinformativo.mx\/wp-content\/uploads\/2025\/04\/b905a07a-f1b0-4545-b404-362403478548-e1744051896124.jpg\",\"contentUrl\":\"https:\/\/www.nexoinformativo.mx\/wp-content\/uploads\/2025\/04\/b905a07a-f1b0-4545-b404-362403478548-e1744051896124.jpg\",\"width\":800,\"height\":492},{\"@type\":\"BreadcrumbList\",\"@id\":\"https:\/\/www.nexoinformativo.mx\/index.php\/2025\/04\/07\/talento-uaq-a-chicago-estudiantes-contenderan-en-mundial-de-tratamiento-de-agua\/#breadcrumb\",\"itemListElement\":[{\"@type\":\"ListItem\",\"position\":1,\"name\":\"Inicio\",\"item\":\"https:\/\/www.nexoinformativo.mx\/\"},{\"@type\":\"ListItem\",\"position\":2,\"name\":\"Talento UAQ a Chicago estudiantes contender\u00e1n en Mundial de tratamiento de agua\"}]},{\"@type\":\"WebSite\",\"@id\":\"https:\/\/www.nexoinformativo.mx\/#website\",\"url\":\"https:\/\/www.nexoinformativo.mx\/\",\"name\":\"Nexo Informativo Santiago de Quer\u00e9taro\",\"description\":\"Explora NexoInformativo y convi\u00e9rtete en parte de una comunidad que valora el conocimiento y la verdad. Tu nexoinformativo es tu puente hacia una comprensi\u00f3n m\u00e1s profunda del mundo que te rodea.\",\"publisher\":{\"@id\":\"https:\/\/www.nexoinformativo.mx\/#organization\"},\"potentialAction\":[{\"@type\":\"SearchAction\",\"target\":{\"@type\":\"EntryPoint\",\"urlTemplate\":\"https:\/\/www.nexoinformativo.mx\/?s={search_term_string}\"},\"query-input\":{\"@type\":\"PropertyValueSpecification\",\"valueRequired\":true,\"valueName\":\"search_term_string\"}}],\"inLanguage\":\"es\"},{\"@type\":\"Organization\",\"@id\":\"https:\/\/www.nexoinformativo.mx\/#organization\",\"name\":\"Nexo Informativo Santiago de Quer\u00e9taro\",\"url\":\"https:\/\/www.nexoinformativo.mx\/\",\"logo\":{\"@type\":\"ImageObject\",\"inLanguage\":\"es\",\"@id\":\"https:\/\/www.nexoinformativo.mx\/#\/schema\/logo\/image\/\",\"url\":\"https:\/\/www.nexoinformativo.mx\/wp-content\/uploads\/2024\/07\/nexoi-trasparente-2.png\",\"contentUrl\":\"https:\/\/www.nexoinformativo.mx\/wp-content\/uploads\/2024\/07\/nexoi-trasparente-2.png\",\"width\":816,\"height\":339,\"caption\":\"Nexo Informativo Santiago de Quer\u00e9taro\"},\"image\":{\"@id\":\"https:\/\/www.nexoinformativo.mx\/#\/schema\/logo\/image\/\"},\"sameAs\":[\"https:\/\/www.facebook.com\/people\/Nexo-Informativo\/61564066885511\/\"]},{\"@type\":\"Person\",\"@id\":\"https:\/\/www.nexoinformativo.mx\/#\/schema\/person\/7749d380ba08c8ca00d7bc76fd907b7d\",\"name\":\"Nexo Informativo\",\"image\":{\"@type\":\"ImageObject\",\"inLanguage\":\"es\",\"@id\":\"https:\/\/www.nexoinformativo.mx\/#\/schema\/person\/image\/\",\"url\":\"https:\/\/secure.gravatar.com\/avatar\/dde2928154642a13d95f87ddf1ea9718fe2b46760a005c53e41ff5ad610704e6?s=96&d=mm&r=g\",\"contentUrl\":\"https:\/\/secure.gravatar.com\/avatar\/dde2928154642a13d95f87ddf1ea9718fe2b46760a005c53e41ff5ad610704e6?s=96&d=mm&r=g\",\"caption\":\"Nexo Informativo\"},\"url\":\"https:\/\/www.nexoinformativo.mx\/index.php\/author\/edicion\/\"}]}<\/script>\n<!-- \/ Yoast SEO plugin. -->","yoast_head_json":{"title":"Talento UAQ a Chicago estudiantes contender\u00e1n en Mundial de tratamiento de agua | Nexo Informativo Santiago de Quer\u00e9taro","description":"Talento UAQ a Chicago estudiantes contender\u00e1n en Mundial de tratamiento de agua","robots":{"index":"index","follow":"follow","max-snippet":"max-snippet:-1","max-image-preview":"max-image-preview:large","max-video-preview":"max-video-preview:-1"},"canonical":"https:\/\/www.nexoinformativo.mx\/index.php\/2025\/04\/07\/talento-uaq-a-chicago-estudiantes-contenderan-en-mundial-de-tratamiento-de-agua\/","og_locale":"es_MX","og_type":"article","og_title":"Talento UAQ a Chicago estudiantes contender\u00e1n en Mundial de tratamiento de agua | Nexo Informativo Santiago de Quer\u00e9taro","og_description":"Talento UAQ a Chicago estudiantes contender\u00e1n en Mundial de tratamiento de agua","og_url":"https:\/\/www.nexoinformativo.mx\/index.php\/2025\/04\/07\/talento-uaq-a-chicago-estudiantes-contenderan-en-mundial-de-tratamiento-de-agua\/","og_site_name":"Nexo Informativo Santiago de Quer\u00e9taro","article_publisher":"https:\/\/www.facebook.com\/people\/Nexo-Informativo\/61564066885511\/","article_published_time":"2025-04-07T17:30:30+00:00","article_modified_time":"2025-04-07T18:53:08+00:00","og_image":[{"width":800,"height":492,"url":"https:\/\/www.nexoinformativo.mx\/wp-content\/uploads\/2025\/04\/b905a07a-f1b0-4545-b404-362403478548-e1744051896124.jpg","type":"image\/jpeg"}],"author":"Nexo Informativo","twitter_card":"summary_large_image","twitter_misc":{"Escrito por":"Nexo Informativo","Tiempo de lectura":"2 minutos"},"schema":{"@context":"https:\/\/schema.org","@graph":[{"@type":"Article","@id":"https:\/\/www.nexoinformativo.mx\/index.php\/2025\/04\/07\/talento-uaq-a-chicago-estudiantes-contenderan-en-mundial-de-tratamiento-de-agua\/#article","isPartOf":{"@id":"https:\/\/www.nexoinformativo.mx\/index.php\/2025\/04\/07\/talento-uaq-a-chicago-estudiantes-contenderan-en-mundial-de-tratamiento-de-agua\/"},"author":{"name":"Nexo Informativo","@id":"https:\/\/www.nexoinformativo.mx\/#\/schema\/person\/7749d380ba08c8ca00d7bc76fd907b7d"},"headline":"Talento UAQ a Chicago estudiantes contender\u00e1n en Mundial de tratamiento de agua","datePublished":"2025-04-07T17:30:30+00:00","dateModified":"2025-04-07T18:53:08+00:00","mainEntityOfPage":{"@id":"https:\/\/www.nexoinformativo.mx\/index.php\/2025\/04\/07\/talento-uaq-a-chicago-estudiantes-contenderan-en-mundial-de-tratamiento-de-agua\/"},"wordCount":334,"commentCount":0,"publisher":{"@id":"https:\/\/www.nexoinformativo.mx\/#organization"},"image":{"@id":"https:\/\/www.nexoinformativo.mx\/index.php\/2025\/04\/07\/talento-uaq-a-chicago-estudiantes-contenderan-en-mundial-de-tratamiento-de-agua\/#primaryimage"},"thumbnailUrl":"https:\/\/www.nexoinformativo.mx\/wp-content\/uploads\/2025\/04\/b905a07a-f1b0-4545-b404-362403478548-e1744051896124.jpg","keywords":["StudentDesignCompetition","TalentoMexicano","TratamientoAgua","UAQ"],"articleSection":["Estado","\u00daltima Hora"],"inLanguage":"es","potentialAction":[{"@type":"CommentAction","name":"Comment","target":["https:\/\/www.nexoinformativo.mx\/index.php\/2025\/04\/07\/talento-uaq-a-chicago-estudiantes-contenderan-en-mundial-de-tratamiento-de-agua\/#respond"]}]},{"@type":"WebPage","@id":"https:\/\/www.nexoinformativo.mx\/index.php\/2025\/04\/07\/talento-uaq-a-chicago-estudiantes-contenderan-en-mundial-de-tratamiento-de-agua\/","url":"https:\/\/www.nexoinformativo.mx\/index.php\/2025\/04\/07\/talento-uaq-a-chicago-estudiantes-contenderan-en-mundial-de-tratamiento-de-agua\/","name":"Talento UAQ a Chicago estudiantes contender\u00e1n en Mundial de tratamiento de agua | Nexo Informativo Santiago de Quer\u00e9taro","isPartOf":{"@id":"https:\/\/www.nexoinformativo.mx\/#website"},"primaryImageOfPage":{"@id":"https:\/\/www.nexoinformativo.mx\/index.php\/2025\/04\/07\/talento-uaq-a-chicago-estudiantes-contenderan-en-mundial-de-tratamiento-de-agua\/#primaryimage"},"image":{"@id":"https:\/\/www.nexoinformativo.mx\/index.php\/2025\/04\/07\/talento-uaq-a-chicago-estudiantes-contenderan-en-mundial-de-tratamiento-de-agua\/#primaryimage"},"thumbnailUrl":"https:\/\/www.nexoinformativo.mx\/wp-content\/uploads\/2025\/04\/b905a07a-f1b0-4545-b404-362403478548-e1744051896124.jpg","datePublished":"2025-04-07T17:30:30+00:00","dateModified":"2025-04-07T18:53:08+00:00","description":"Talento UAQ a Chicago estudiantes contender\u00e1n en Mundial de tratamiento de agua","breadcrumb":{"@id":"https:\/\/www.nexoinformativo.mx\/index.php\/2025\/04\/07\/talento-uaq-a-chicago-estudiantes-contenderan-en-mundial-de-tratamiento-de-agua\/#breadcrumb"},"inLanguage":"es","potentialAction":[{"@type":"ReadAction","target":["https:\/\/www.nexoinformativo.mx\/index.php\/2025\/04\/07\/talento-uaq-a-chicago-estudiantes-contenderan-en-mundial-de-tratamiento-de-agua\/"]}]},{"@type":"ImageObject","inLanguage":"es","@id":"https:\/\/www.nexoinformativo.mx\/index.php\/2025\/04\/07\/talento-uaq-a-chicago-estudiantes-contenderan-en-mundial-de-tratamiento-de-agua\/#primaryimage","url":"https:\/\/www.nexoinformativo.mx\/wp-content\/uploads\/2025\/04\/b905a07a-f1b0-4545-b404-362403478548-e1744051896124.jpg","contentUrl":"https:\/\/www.nexoinformativo.mx\/wp-content\/uploads\/2025\/04\/b905a07a-f1b0-4545-b404-362403478548-e1744051896124.jpg","width":800,"height":492},{"@type":"BreadcrumbList","@id":"https:\/\/www.nexoinformativo.mx\/index.php\/2025\/04\/07\/talento-uaq-a-chicago-estudiantes-contenderan-en-mundial-de-tratamiento-de-agua\/#breadcrumb","itemListElement":[{"@type":"ListItem","position":1,"name":"Inicio","item":"https:\/\/www.nexoinformativo.mx\/"},{"@type":"ListItem","position":2,"name":"Talento UAQ a Chicago estudiantes contender\u00e1n en Mundial de tratamiento de agua"}]},{"@type":"WebSite","@id":"https:\/\/www.nexoinformativo.mx\/#website","url":"https:\/\/www.nexoinformativo.mx\/","name":"Nexo Informativo Santiago de Quer\u00e9taro","description":"Explora NexoInformativo y convi\u00e9rtete en parte de una comunidad que valora el conocimiento y la verdad. Tu nexoinformativo es tu puente hacia una comprensi\u00f3n m\u00e1s profunda del mundo que te rodea.","publisher":{"@id":"https:\/\/www.nexoinformativo.mx\/#organization"},"potentialAction":[{"@type":"SearchAction","target":{"@type":"EntryPoint","urlTemplate":"https:\/\/www.nexoinformativo.mx\/?s={search_term_string}"},"query-input":{"@type":"PropertyValueSpecification","valueRequired":true,"valueName":"search_term_string"}}],"inLanguage":"es"},{"@type":"Organization","@id":"https:\/\/www.nexoinformativo.mx\/#organization","name":"Nexo Informativo Santiago de Quer\u00e9taro","url":"https:\/\/www.nexoinformativo.mx\/","logo":{"@type":"ImageObject","inLanguage":"es","@id":"https:\/\/www.nexoinformativo.mx\/#\/schema\/logo\/image\/","url":"https:\/\/www.nexoinformativo.mx\/wp-content\/uploads\/2024\/07\/nexoi-trasparente-2.png","contentUrl":"https:\/\/www.nexoinformativo.mx\/wp-content\/uploads\/2024\/07\/nexoi-trasparente-2.png","width":816,"height":339,"caption":"Nexo Informativo Santiago de Quer\u00e9taro"},"image":{"@id":"https:\/\/www.nexoinformativo.mx\/#\/schema\/logo\/image\/"},"sameAs":["https:\/\/www.facebook.com\/people\/Nexo-Informativo\/61564066885511\/"]},{"@type":"Person","@id":"https:\/\/www.nexoinformativo.mx\/#\/schema\/person\/7749d380ba08c8ca00d7bc76fd907b7d","name":"Nexo Informativo","image":{"@type":"ImageObject","inLanguage":"es","@id":"https:\/\/www.nexoinformativo.mx\/#\/schema\/person\/image\/","url":"https:\/\/secure.gravatar.com\/avatar\/dde2928154642a13d95f87ddf1ea9718fe2b46760a005c53e41ff5ad610704e6?s=96&d=mm&r=g","contentUrl":"https:\/\/secure.gravatar.com\/avatar\/dde2928154642a13d95f87ddf1ea9718fe2b46760a005c53e41ff5ad610704e6?s=96&d=mm&r=g","caption":"Nexo Informativo"},"url":"https:\/\/www.nexoinformativo.mx\/index.php\/author\/edicion\/"}]}},"_links":{"self":[{"href":"https:\/\/www.nexoinformativo.mx\/index.php\/wp-json\/wp\/v2\/posts\/13808","targetHints":{"allow":["GET"]}}],"collection":[{"href":"https:\/\/www.nexoinformativo.mx\/index.php\/wp-json\/wp\/v2\/posts"}],"about":[{"href":"https:\/\/www.nexoinformativo.mx\/index.php\/wp-json\/wp\/v2\/types\/post"}],"author":[{"embeddable":true,"href":"https:\/\/www.nexoinformativo.mx\/index.php\/wp-json\/wp\/v2\/users\/3"}],"replies":[{"embeddable":true,"href":"https:\/\/www.nexoinformativo.mx\/index.php\/wp-json\/wp\/v2\/comments?post=13808"}],"version-history":[{"count":4,"href":"https:\/\/www.nexoinformativo.mx\/index.php\/wp-json\/wp\/v2\/posts\/13808\/revisions"}],"predecessor-version":[{"id":13812,"href":"https:\/\/www.nexoinformativo.mx\/index.php\/wp-json\/wp\/v2\/posts\/13808\/revisions\/13812"}],"wp:featuredmedia":[{"embeddable":true,"href":"https:\/\/www.nexoinformativo.mx\/index.php\/wp-json\/wp\/v2\/media\/13809"}],"wp:attachment":[{"href":"https:\/\/www.nexoinformativo.mx\/index.php\/wp-json\/wp\/v2\/media?parent=13808"}],"wp:term":[{"taxonomy":"category","embeddable":true,"href":"https:\/\/www.nexoinformativo.mx\/index.php\/wp-json\/wp\/v2\/categories?post=13808"},{"taxonomy":"post_tag","embeddable":true,"href":"https:\/\/www.nexoinformativo.mx\/index.php\/wp-json\/wp\/v2\/tags?post=13808"}],"curies":[{"name":"wp","href":"https:\/\/api.w.org\/{rel}","templated":true}]}}