{"id":13814,"date":"2025-04-07T12:00:21","date_gmt":"2025-04-07T18:00:21","guid":{"rendered":"https:\/\/www.nexoinformativo.mx\/?p=13814"},"modified":"2025-04-07T12:58:08","modified_gmt":"2025-04-07T18:58:08","slug":"ssc-lista-queretaro-prepara-despliegue-policial-masivo-para-semana-santa","status":"publish","type":"post","link":"https:\/\/www.nexoinformativo.mx\/index.php\/2025\/04\/07\/ssc-lista-queretaro-prepara-despliegue-policial-masivo-para-semana-santa\/","title":{"rendered":"Se alista Quer\u00e9taro prepara despliegue policial masivo para Semana Santa"},"content":{"rendered":"<p style=\"text-align: justify;\" data-sourcepos=\"11:1-11:259\">El secretario de Seguridad Ciudadana (SSC), Iov\u00e1n El\u00edas P\u00e9rez, asegur\u00f3 que todo el estado de fuerza policial de Quer\u00e9taro est\u00e1 listo para el operativo de seguridad que se implementar\u00e1 durante el periodo vacacional de Semana Santa.<\/p>\n<p>&nbsp;<\/p>\n<p style=\"text-align: justify;\" data-sourcepos=\"13:1-13:443\">El titular de la SSC detall\u00f3 que se instalar\u00e1n m\u00f3dulos de orientaci\u00f3n en puntos estrat\u00e9gicos para asistir a los visitantes y que se trabajar\u00e1 en coordinaci\u00f3n con las polic\u00edas municipales de todo el estado.<\/p>\n<p>&nbsp;<\/p>\n<p style=\"text-align: justify;\" data-sourcepos=\"13:1-13:443\">&#8220;Es un operativo que se genera de manera integral con protecci\u00f3n civil y polic\u00edas municipales de la regi\u00f3n&#8221;, explic\u00f3, mencionando una reuni\u00f3n con cinco presidentes municipales de la zona serrana, donde se espera un aumento de visitantes.<\/p>\n<p>&nbsp;<\/p>\n<p style=\"text-align: justify;\" data-sourcepos=\"15:1-15:404\">P\u00e9rez enfatiz\u00f3 que habr\u00e1 una fuerte presencia policial en los lugares m\u00e1s concurridos del estado, incluyendo zonas tur\u00edsticas, plazas comerciales y bancos.<\/p>\n<p>&nbsp;<\/p>\n<p style=\"text-align: justify;\" data-sourcepos=\"15:1-15:404\">&#8220;Cuidar tambi\u00e9n la operatividad cotidiana, obviamente el estado de fuerza de Polic\u00eda Estatal esta completo, no hay salidas, vacaciones o permisos en estos d\u00edas para atender de manera puntual todas las necesidades que se puedan generar&#8221;, puntualiz\u00f3.<\/p>\n<p>&nbsp;<\/p>\n<p style=\"text-align: center;\" data-sourcepos=\"15:1-15:404\"><em><strong>\u00a1Informaci\u00f3n que transforma!<\/strong><\/em><\/p>\n","protected":false},"excerpt":{"rendered":"<p>El secretario de Seguridad Ciudadana (SSC), Iov\u00e1n El\u00edas P\u00e9rez, asegur\u00f3 que todo el estado de fuerza policial de Quer\u00e9taro est\u00e1 listo para el operativo de seguridad que se implementar\u00e1 durante el periodo vacacional de Semana Santa.<\/p>\n","protected":false},"author":3,"featured_media":13815,"comment_status":"open","ping_status":"open","sticky":false,"template":"","format":"standard","meta":{"footnotes":""},"categories":[42,58],"tags":[241,266,4024,3574],"class_list":["post-13814","post","type-post","status-publish","format-standard","has-post-thumbnail","hentry","category-estado","category-ultima-hora","tag-operativopolicial","tag-seguridadqueretaro","tag-semanasantaseguraqro","tag-sscqueretaro"],"yoast_head":"<!-- This site is optimized with the Yoast SEO plugin v25.0 - https:\/\/yoast.com\/wordpress\/plugins\/seo\/ -->\n<title>Se alista Quer\u00e9taro prepara despliegue policial masivo para Semana Santa | Nexo Informativo Santiago de Quer\u00e9taro<\/title>\n<meta name=\"description\" content=\"SSC lista Quer\u00e9taro prepara despliegue policial masivo para Semana Santa\" \/>\n<meta name=\"robots\" content=\"index, follow, max-snippet:-1, max-image-preview:large, max-video-preview:-1\" \/>\n<link rel=\"canonical\" href=\"https:\/\/www.nexoinformativo.mx\/index.php\/2025\/04\/07\/ssc-lista-queretaro-prepara-despliegue-policial-masivo-para-semana-santa\/\" \/>\n<meta property=\"og:locale\" content=\"es_MX\" \/>\n<meta property=\"og:type\" content=\"article\" \/>\n<meta property=\"og:title\" content=\"Se alista Quer\u00e9taro prepara despliegue policial masivo para Semana Santa | Nexo Informativo Santiago de Quer\u00e9taro\" \/>\n<meta property=\"og:description\" content=\"SSC lista Quer\u00e9taro prepara despliegue policial masivo para Semana Santa\" \/>\n<meta property=\"og:url\" content=\"https:\/\/www.nexoinformativo.mx\/index.php\/2025\/04\/07\/ssc-lista-queretaro-prepara-despliegue-policial-masivo-para-semana-santa\/\" \/>\n<meta property=\"og:site_name\" content=\"Nexo Informativo Santiago de Quer\u00e9taro\" \/>\n<meta property=\"article:publisher\" content=\"https:\/\/www.facebook.com\/people\/Nexo-Informativo\/61564066885511\/\" \/>\n<meta property=\"article:published_time\" content=\"2025-04-07T18:00:21+00:00\" \/>\n<meta property=\"article:modified_time\" content=\"2025-04-07T18:58:08+00:00\" \/>\n<meta property=\"og:image\" content=\"https:\/\/www.nexoinformativo.mx\/wp-content\/uploads\/2025\/04\/PHOTO-2025-04-07-12-14-17-e1744052181702.jpg\" \/>\n\t<meta property=\"og:image:width\" content=\"800\" \/>\n\t<meta property=\"og:image:height\" content=\"600\" \/>\n\t<meta property=\"og:image:type\" content=\"image\/jpeg\" \/>\n<meta name=\"author\" content=\"Nexo Informativo\" \/>\n<meta name=\"twitter:card\" content=\"summary_large_image\" \/>\n<meta name=\"twitter:label1\" content=\"Escrito por\" \/>\n\t<meta name=\"twitter:data1\" content=\"Nexo Informativo\" \/>\n\t<meta name=\"twitter:label2\" content=\"Tiempo de lectura\" \/>\n\t<meta name=\"twitter:data2\" content=\"1 minuto\" \/>\n<script type=\"application\/ld+json\" class=\"yoast-schema-graph\">{\"@context\":\"https:\/\/schema.org\",\"@graph\":[{\"@type\":\"Article\",\"@id\":\"https:\/\/www.nexoinformativo.mx\/index.php\/2025\/04\/07\/ssc-lista-queretaro-prepara-despliegue-policial-masivo-para-semana-santa\/#article\",\"isPartOf\":{\"@id\":\"https:\/\/www.nexoinformativo.mx\/index.php\/2025\/04\/07\/ssc-lista-queretaro-prepara-despliegue-policial-masivo-para-semana-santa\/\"},\"author\":{\"name\":\"Nexo Informativo\",\"@id\":\"https:\/\/www.nexoinformativo.mx\/#\/schema\/person\/7749d380ba08c8ca00d7bc76fd907b7d\"},\"headline\":\"Se alista Quer\u00e9taro prepara despliegue policial masivo para Semana Santa\",\"datePublished\":\"2025-04-07T18:00:21+00:00\",\"dateModified\":\"2025-04-07T18:58:08+00:00\",\"mainEntityOfPage\":{\"@id\":\"https:\/\/www.nexoinformativo.mx\/index.php\/2025\/04\/07\/ssc-lista-queretaro-prepara-despliegue-policial-masivo-para-semana-santa\/\"},\"wordCount\":206,\"commentCount\":0,\"publisher\":{\"@id\":\"https:\/\/www.nexoinformativo.mx\/#organization\"},\"image\":{\"@id\":\"https:\/\/www.nexoinformativo.mx\/index.php\/2025\/04\/07\/ssc-lista-queretaro-prepara-despliegue-policial-masivo-para-semana-santa\/#primaryimage\"},\"thumbnailUrl\":\"https:\/\/www.nexoinformativo.mx\/wp-content\/uploads\/2025\/04\/PHOTO-2025-04-07-12-14-17-e1744052181702.jpg\",\"keywords\":[\"OperativoPolicial\",\"SeguridadQueretaro\",\"SemanaSantaSeguraQro\",\"SSCQuer\u00e9taro\"],\"articleSection\":[\"Estado\",\"\u00daltima Hora\"],\"inLanguage\":\"es\",\"potentialAction\":[{\"@type\":\"CommentAction\",\"name\":\"Comment\",\"target\":[\"https:\/\/www.nexoinformativo.mx\/index.php\/2025\/04\/07\/ssc-lista-queretaro-prepara-despliegue-policial-masivo-para-semana-santa\/#respond\"]}]},{\"@type\":\"WebPage\",\"@id\":\"https:\/\/www.nexoinformativo.mx\/index.php\/2025\/04\/07\/ssc-lista-queretaro-prepara-despliegue-policial-masivo-para-semana-santa\/\",\"url\":\"https:\/\/www.nexoinformativo.mx\/index.php\/2025\/04\/07\/ssc-lista-queretaro-prepara-despliegue-policial-masivo-para-semana-santa\/\",\"name\":\"Se alista Quer\u00e9taro prepara despliegue policial masivo para Semana Santa | Nexo Informativo Santiago de Quer\u00e9taro\",\"isPartOf\":{\"@id\":\"https:\/\/www.nexoinformativo.mx\/#website\"},\"primaryImageOfPage\":{\"@id\":\"https:\/\/www.nexoinformativo.mx\/index.php\/2025\/04\/07\/ssc-lista-queretaro-prepara-despliegue-policial-masivo-para-semana-santa\/#primaryimage\"},\"image\":{\"@id\":\"https:\/\/www.nexoinformativo.mx\/index.php\/2025\/04\/07\/ssc-lista-queretaro-prepara-despliegue-policial-masivo-para-semana-santa\/#primaryimage\"},\"thumbnailUrl\":\"https:\/\/www.nexoinformativo.mx\/wp-content\/uploads\/2025\/04\/PHOTO-2025-04-07-12-14-17-e1744052181702.jpg\",\"datePublished\":\"2025-04-07T18:00:21+00:00\",\"dateModified\":\"2025-04-07T18:58:08+00:00\",\"description\":\"SSC lista Quer\u00e9taro prepara despliegue policial masivo para Semana Santa\",\"breadcrumb\":{\"@id\":\"https:\/\/www.nexoinformativo.mx\/index.php\/2025\/04\/07\/ssc-lista-queretaro-prepara-despliegue-policial-masivo-para-semana-santa\/#breadcrumb\"},\"inLanguage\":\"es\",\"potentialAction\":[{\"@type\":\"ReadAction\",\"target\":[\"https:\/\/www.nexoinformativo.mx\/index.php\/2025\/04\/07\/ssc-lista-queretaro-prepara-despliegue-policial-masivo-para-semana-santa\/\"]}]},{\"@type\":\"ImageObject\",\"inLanguage\":\"es\",\"@id\":\"https:\/\/www.nexoinformativo.mx\/index.php\/2025\/04\/07\/ssc-lista-queretaro-prepara-despliegue-policial-masivo-para-semana-santa\/#primaryimage\",\"url\":\"https:\/\/www.nexoinformativo.mx\/wp-content\/uploads\/2025\/04\/PHOTO-2025-04-07-12-14-17-e1744052181702.jpg\",\"contentUrl\":\"https:\/\/www.nexoinformativo.mx\/wp-content\/uploads\/2025\/04\/PHOTO-2025-04-07-12-14-17-e1744052181702.jpg\",\"width\":800,\"height\":600},{\"@type\":\"BreadcrumbList\",\"@id\":\"https:\/\/www.nexoinformativo.mx\/index.php\/2025\/04\/07\/ssc-lista-queretaro-prepara-despliegue-policial-masivo-para-semana-santa\/#breadcrumb\",\"itemListElement\":[{\"@type\":\"ListItem\",\"position\":1,\"name\":\"Inicio\",\"item\":\"https:\/\/www.nexoinformativo.mx\/\"},{\"@type\":\"ListItem\",\"position\":2,\"name\":\"Se alista Quer\u00e9taro prepara despliegue policial masivo para Semana Santa\"}]},{\"@type\":\"WebSite\",\"@id\":\"https:\/\/www.nexoinformativo.mx\/#website\",\"url\":\"https:\/\/www.nexoinformativo.mx\/\",\"name\":\"Nexo Informativo Santiago de Quer\u00e9taro\",\"description\":\"Explora NexoInformativo y convi\u00e9rtete en parte de una comunidad que valora el conocimiento y la verdad. Tu nexoinformativo es tu puente hacia una comprensi\u00f3n m\u00e1s profunda del mundo que te rodea.\",\"publisher\":{\"@id\":\"https:\/\/www.nexoinformativo.mx\/#organization\"},\"potentialAction\":[{\"@type\":\"SearchAction\",\"target\":{\"@type\":\"EntryPoint\",\"urlTemplate\":\"https:\/\/www.nexoinformativo.mx\/?s={search_term_string}\"},\"query-input\":{\"@type\":\"PropertyValueSpecification\",\"valueRequired\":true,\"valueName\":\"search_term_string\"}}],\"inLanguage\":\"es\"},{\"@type\":\"Organization\",\"@id\":\"https:\/\/www.nexoinformativo.mx\/#organization\",\"name\":\"Nexo Informativo Santiago de Quer\u00e9taro\",\"url\":\"https:\/\/www.nexoinformativo.mx\/\",\"logo\":{\"@type\":\"ImageObject\",\"inLanguage\":\"es\",\"@id\":\"https:\/\/www.nexoinformativo.mx\/#\/schema\/logo\/image\/\",\"url\":\"https:\/\/www.nexoinformativo.mx\/wp-content\/uploads\/2024\/07\/nexoi-trasparente-2.png\",\"contentUrl\":\"https:\/\/www.nexoinformativo.mx\/wp-content\/uploads\/2024\/07\/nexoi-trasparente-2.png\",\"width\":816,\"height\":339,\"caption\":\"Nexo Informativo Santiago de Quer\u00e9taro\"},\"image\":{\"@id\":\"https:\/\/www.nexoinformativo.mx\/#\/schema\/logo\/image\/\"},\"sameAs\":[\"https:\/\/www.facebook.com\/people\/Nexo-Informativo\/61564066885511\/\"]},{\"@type\":\"Person\",\"@id\":\"https:\/\/www.nexoinformativo.mx\/#\/schema\/person\/7749d380ba08c8ca00d7bc76fd907b7d\",\"name\":\"Nexo Informativo\",\"image\":{\"@type\":\"ImageObject\",\"inLanguage\":\"es\",\"@id\":\"https:\/\/www.nexoinformativo.mx\/#\/schema\/person\/image\/\",\"url\":\"https:\/\/secure.gravatar.com\/avatar\/dde2928154642a13d95f87ddf1ea9718fe2b46760a005c53e41ff5ad610704e6?s=96&d=mm&r=g\",\"contentUrl\":\"https:\/\/secure.gravatar.com\/avatar\/dde2928154642a13d95f87ddf1ea9718fe2b46760a005c53e41ff5ad610704e6?s=96&d=mm&r=g\",\"caption\":\"Nexo Informativo\"},\"url\":\"https:\/\/www.nexoinformativo.mx\/index.php\/author\/edicion\/\"}]}<\/script>\n<!-- \/ Yoast SEO plugin. -->","yoast_head_json":{"title":"Se alista Quer\u00e9taro prepara despliegue policial masivo para Semana Santa | Nexo Informativo Santiago de Quer\u00e9taro","description":"SSC lista Quer\u00e9taro prepara despliegue policial masivo para Semana Santa","robots":{"index":"index","follow":"follow","max-snippet":"max-snippet:-1","max-image-preview":"max-image-preview:large","max-video-preview":"max-video-preview:-1"},"canonical":"https:\/\/www.nexoinformativo.mx\/index.php\/2025\/04\/07\/ssc-lista-queretaro-prepara-despliegue-policial-masivo-para-semana-santa\/","og_locale":"es_MX","og_type":"article","og_title":"Se alista Quer\u00e9taro prepara despliegue policial masivo para Semana Santa | Nexo Informativo Santiago de Quer\u00e9taro","og_description":"SSC lista Quer\u00e9taro prepara despliegue policial masivo para Semana Santa","og_url":"https:\/\/www.nexoinformativo.mx\/index.php\/2025\/04\/07\/ssc-lista-queretaro-prepara-despliegue-policial-masivo-para-semana-santa\/","og_site_name":"Nexo Informativo Santiago de Quer\u00e9taro","article_publisher":"https:\/\/www.facebook.com\/people\/Nexo-Informativo\/61564066885511\/","article_published_time":"2025-04-07T18:00:21+00:00","article_modified_time":"2025-04-07T18:58:08+00:00","og_image":[{"width":800,"height":600,"url":"https:\/\/www.nexoinformativo.mx\/wp-content\/uploads\/2025\/04\/PHOTO-2025-04-07-12-14-17-e1744052181702.jpg","type":"image\/jpeg"}],"author":"Nexo Informativo","twitter_card":"summary_large_image","twitter_misc":{"Escrito por":"Nexo Informativo","Tiempo de lectura":"1 minuto"},"schema":{"@context":"https:\/\/schema.org","@graph":[{"@type":"Article","@id":"https:\/\/www.nexoinformativo.mx\/index.php\/2025\/04\/07\/ssc-lista-queretaro-prepara-despliegue-policial-masivo-para-semana-santa\/#article","isPartOf":{"@id":"https:\/\/www.nexoinformativo.mx\/index.php\/2025\/04\/07\/ssc-lista-queretaro-prepara-despliegue-policial-masivo-para-semana-santa\/"},"author":{"name":"Nexo Informativo","@id":"https:\/\/www.nexoinformativo.mx\/#\/schema\/person\/7749d380ba08c8ca00d7bc76fd907b7d"},"headline":"Se alista Quer\u00e9taro prepara despliegue policial masivo para Semana Santa","datePublished":"2025-04-07T18:00:21+00:00","dateModified":"2025-04-07T18:58:08+00:00","mainEntityOfPage":{"@id":"https:\/\/www.nexoinformativo.mx\/index.php\/2025\/04\/07\/ssc-lista-queretaro-prepara-despliegue-policial-masivo-para-semana-santa\/"},"wordCount":206,"commentCount":0,"publisher":{"@id":"https:\/\/www.nexoinformativo.mx\/#organization"},"image":{"@id":"https:\/\/www.nexoinformativo.mx\/index.php\/2025\/04\/07\/ssc-lista-queretaro-prepara-despliegue-policial-masivo-para-semana-santa\/#primaryimage"},"thumbnailUrl":"https:\/\/www.nexoinformativo.mx\/wp-content\/uploads\/2025\/04\/PHOTO-2025-04-07-12-14-17-e1744052181702.jpg","keywords":["OperativoPolicial","SeguridadQueretaro","SemanaSantaSeguraQro","SSCQuer\u00e9taro"],"articleSection":["Estado","\u00daltima Hora"],"inLanguage":"es","potentialAction":[{"@type":"CommentAction","name":"Comment","target":["https:\/\/www.nexoinformativo.mx\/index.php\/2025\/04\/07\/ssc-lista-queretaro-prepara-despliegue-policial-masivo-para-semana-santa\/#respond"]}]},{"@type":"WebPage","@id":"https:\/\/www.nexoinformativo.mx\/index.php\/2025\/04\/07\/ssc-lista-queretaro-prepara-despliegue-policial-masivo-para-semana-santa\/","url":"https:\/\/www.nexoinformativo.mx\/index.php\/2025\/04\/07\/ssc-lista-queretaro-prepara-despliegue-policial-masivo-para-semana-santa\/","name":"Se alista Quer\u00e9taro prepara despliegue policial masivo para Semana Santa | Nexo Informativo Santiago de Quer\u00e9taro","isPartOf":{"@id":"https:\/\/www.nexoinformativo.mx\/#website"},"primaryImageOfPage":{"@id":"https:\/\/www.nexoinformativo.mx\/index.php\/2025\/04\/07\/ssc-lista-queretaro-prepara-despliegue-policial-masivo-para-semana-santa\/#primaryimage"},"image":{"@id":"https:\/\/www.nexoinformativo.mx\/index.php\/2025\/04\/07\/ssc-lista-queretaro-prepara-despliegue-policial-masivo-para-semana-santa\/#primaryimage"},"thumbnailUrl":"https:\/\/www.nexoinformativo.mx\/wp-content\/uploads\/2025\/04\/PHOTO-2025-04-07-12-14-17-e1744052181702.jpg","datePublished":"2025-04-07T18:00:21+00:00","dateModified":"2025-04-07T18:58:08+00:00","description":"SSC lista Quer\u00e9taro prepara despliegue policial masivo para Semana Santa","breadcrumb":{"@id":"https:\/\/www.nexoinformativo.mx\/index.php\/2025\/04\/07\/ssc-lista-queretaro-prepara-despliegue-policial-masivo-para-semana-santa\/#breadcrumb"},"inLanguage":"es","potentialAction":[{"@type":"ReadAction","target":["https:\/\/www.nexoinformativo.mx\/index.php\/2025\/04\/07\/ssc-lista-queretaro-prepara-despliegue-policial-masivo-para-semana-santa\/"]}]},{"@type":"ImageObject","inLanguage":"es","@id":"https:\/\/www.nexoinformativo.mx\/index.php\/2025\/04\/07\/ssc-lista-queretaro-prepara-despliegue-policial-masivo-para-semana-santa\/#primaryimage","url":"https:\/\/www.nexoinformativo.mx\/wp-content\/uploads\/2025\/04\/PHOTO-2025-04-07-12-14-17-e1744052181702.jpg","contentUrl":"https:\/\/www.nexoinformativo.mx\/wp-content\/uploads\/2025\/04\/PHOTO-2025-04-07-12-14-17-e1744052181702.jpg","width":800,"height":600},{"@type":"BreadcrumbList","@id":"https:\/\/www.nexoinformativo.mx\/index.php\/2025\/04\/07\/ssc-lista-queretaro-prepara-despliegue-policial-masivo-para-semana-santa\/#breadcrumb","itemListElement":[{"@type":"ListItem","position":1,"name":"Inicio","item":"https:\/\/www.nexoinformativo.mx\/"},{"@type":"ListItem","position":2,"name":"Se alista Quer\u00e9taro prepara despliegue policial masivo para Semana Santa"}]},{"@type":"WebSite","@id":"https:\/\/www.nexoinformativo.mx\/#website","url":"https:\/\/www.nexoinformativo.mx\/","name":"Nexo Informativo Santiago de Quer\u00e9taro","description":"Explora NexoInformativo y convi\u00e9rtete en parte de una comunidad que valora el conocimiento y la verdad. Tu nexoinformativo es tu puente hacia una comprensi\u00f3n m\u00e1s profunda del mundo que te rodea.","publisher":{"@id":"https:\/\/www.nexoinformativo.mx\/#organization"},"potentialAction":[{"@type":"SearchAction","target":{"@type":"EntryPoint","urlTemplate":"https:\/\/www.nexoinformativo.mx\/?s={search_term_string}"},"query-input":{"@type":"PropertyValueSpecification","valueRequired":true,"valueName":"search_term_string"}}],"inLanguage":"es"},{"@type":"Organization","@id":"https:\/\/www.nexoinformativo.mx\/#organization","name":"Nexo Informativo Santiago de Quer\u00e9taro","url":"https:\/\/www.nexoinformativo.mx\/","logo":{"@type":"ImageObject","inLanguage":"es","@id":"https:\/\/www.nexoinformativo.mx\/#\/schema\/logo\/image\/","url":"https:\/\/www.nexoinformativo.mx\/wp-content\/uploads\/2024\/07\/nexoi-trasparente-2.png","contentUrl":"https:\/\/www.nexoinformativo.mx\/wp-content\/uploads\/2024\/07\/nexoi-trasparente-2.png","width":816,"height":339,"caption":"Nexo Informativo Santiago de Quer\u00e9taro"},"image":{"@id":"https:\/\/www.nexoinformativo.mx\/#\/schema\/logo\/image\/"},"sameAs":["https:\/\/www.facebook.com\/people\/Nexo-Informativo\/61564066885511\/"]},{"@type":"Person","@id":"https:\/\/www.nexoinformativo.mx\/#\/schema\/person\/7749d380ba08c8ca00d7bc76fd907b7d","name":"Nexo Informativo","image":{"@type":"ImageObject","inLanguage":"es","@id":"https:\/\/www.nexoinformativo.mx\/#\/schema\/person\/image\/","url":"https:\/\/secure.gravatar.com\/avatar\/dde2928154642a13d95f87ddf1ea9718fe2b46760a005c53e41ff5ad610704e6?s=96&d=mm&r=g","contentUrl":"https:\/\/secure.gravatar.com\/avatar\/dde2928154642a13d95f87ddf1ea9718fe2b46760a005c53e41ff5ad610704e6?s=96&d=mm&r=g","caption":"Nexo Informativo"},"url":"https:\/\/www.nexoinformativo.mx\/index.php\/author\/edicion\/"}]}},"_links":{"self":[{"href":"https:\/\/www.nexoinformativo.mx\/index.php\/wp-json\/wp\/v2\/posts\/13814","targetHints":{"allow":["GET"]}}],"collection":[{"href":"https:\/\/www.nexoinformativo.mx\/index.php\/wp-json\/wp\/v2\/posts"}],"about":[{"href":"https:\/\/www.nexoinformativo.mx\/index.php\/wp-json\/wp\/v2\/types\/post"}],"author":[{"embeddable":true,"href":"https:\/\/www.nexoinformativo.mx\/index.php\/wp-json\/wp\/v2\/users\/3"}],"replies":[{"embeddable":true,"href":"https:\/\/www.nexoinformativo.mx\/index.php\/wp-json\/wp\/v2\/comments?post=13814"}],"version-history":[{"count":5,"href":"https:\/\/www.nexoinformativo.mx\/index.php\/wp-json\/wp\/v2\/posts\/13814\/revisions"}],"predecessor-version":[{"id":13821,"href":"https:\/\/www.nexoinformativo.mx\/index.php\/wp-json\/wp\/v2\/posts\/13814\/revisions\/13821"}],"wp:featuredmedia":[{"embeddable":true,"href":"https:\/\/www.nexoinformativo.mx\/index.php\/wp-json\/wp\/v2\/media\/13815"}],"wp:attachment":[{"href":"https:\/\/www.nexoinformativo.mx\/index.php\/wp-json\/wp\/v2\/media?parent=13814"}],"wp:term":[{"taxonomy":"category","embeddable":true,"href":"https:\/\/www.nexoinformativo.mx\/index.php\/wp-json\/wp\/v2\/categories?post=13814"},{"taxonomy":"post_tag","embeddable":true,"href":"https:\/\/www.nexoinformativo.mx\/index.php\/wp-json\/wp\/v2\/tags?post=13814"}],"curies":[{"name":"wp","href":"https:\/\/api.w.org\/{rel}","templated":true}]}}