{"id":13822,"date":"2025-04-07T12:30:21","date_gmt":"2025-04-07T18:30:21","guid":{"rendered":"https:\/\/www.nexoinformativo.mx\/?p=13822"},"modified":"2025-04-07T13:02:44","modified_gmt":"2025-04-07T19:02:44","slug":"incendios-devastan-mas-de-2700-hectareas-en-queretaro-superando-2-5-veces-la-afectacion-del-ano-pasado","status":"publish","type":"post","link":"https:\/\/www.nexoinformativo.mx\/index.php\/2025\/04\/07\/incendios-devastan-mas-de-2700-hectareas-en-queretaro-superando-2-5-veces-la-afectacion-del-ano-pasado\/","title":{"rendered":"Incendios devastan m\u00e1s de 2,700 Hect\u00e1reas en Quer\u00e9taro superando 2.5 veces la afectaci\u00f3n del a\u00f1o pasado"},"content":{"rendered":"<p style=\"text-align: justify;\" data-sourcepos=\"11:1-11:404\">La actual temporada de incendios forestales ha causado estragos significativos en Quer\u00e9taro, afectando ya a m\u00e1s de 2 mil 790 hect\u00e1reas de terreno.<\/p>\n<p>&nbsp;<\/p>\n<p style=\"text-align: justify;\" data-sourcepos=\"11:1-11:404\">As\u00ed lo inform\u00f3 el secretario de gobierno del estado, Carlos Alcaraz, quien se\u00f1al\u00f3 que esta cifra representa un incremento de 2.5 veces en comparaci\u00f3n con las mil 180 hect\u00e1reas afectadas durante el mismo periodo del a\u00f1o anterior.<\/p>\n<p>&nbsp;<\/p>\n<p style=\"text-align: justify;\" data-sourcepos=\"13:1-13:153\">Alcaraz reconoci\u00f3 la ardua labor de las brigadas y voluntarios que han trabajado incansablemente para controlar los siniestros de manera r\u00e1pida y segura.<\/p>\n<p>&nbsp;<\/p>\n<p style=\"text-align: justify;\" data-sourcepos=\"15:1-15:397\">El funcionario detall\u00f3 que el incendio que actualmente se combate en la comunidad de El Madro\u00f1o, en el municipio de Landa de Matamoros, y que ha consumido mil 100 hect\u00e1reas, fue provocado por un corto circuito originado por la ca\u00edda de \u00e1rboles sobre un poste de energ\u00eda el\u00e9ctrica.<\/p>\n<p>&nbsp;<\/p>\n<p style=\"text-align: justify;\" data-sourcepos=\"15:1-15:397\">&#8220;Han estado trabajando cerca de 150 hombres y mujeres de distintas corporaciones&#8221; para sofocar las llamas, enfatiz\u00f3.<\/p>\n<p>&nbsp;<\/p>\n<p style=\"text-align: justify;\" data-sourcepos=\"17:1-17:226\">Finalmente, Alcaraz anunci\u00f3 que en los pr\u00f3ximos d\u00edas se llevar\u00e1 a cabo el Consejo Estatal de Protecci\u00f3n Civil para la liberaci\u00f3n de recursos destinados a combatir y prevenir incendios forestales en la entidad durante este a\u00f1o.<\/p>\n<p>&nbsp;<\/p>\n<p style=\"text-align: center;\" data-sourcepos=\"17:1-17:226\"><em><strong>\u00a1Informaci\u00f3n que transforma!<\/strong><\/em><\/p>\n","protected":false},"excerpt":{"rendered":"<p>La actual temporada de incendios forestales ha causado estragos significativos en Quer\u00e9taro, afectando ya a m\u00e1s de 2 mil 790 hect\u00e1reas de terreno.<\/p>\n","protected":false},"author":3,"featured_media":13823,"comment_status":"open","ping_status":"open","sticky":false,"template":"","format":"standard","meta":{"footnotes":""},"categories":[65,58],"tags":[4026,4025,3607,154],"class_list":["post-13822","post","type-post","status-publish","format-standard","has-post-thumbnail","hentry","category-municipios","category-ultima-hora","tag-alertaforestal","tag-incendiosqueretaro","tag-landadematamoros","tag-proteccioncivil"],"yoast_head":"<!-- This site is optimized with the Yoast SEO plugin v25.0 - https:\/\/yoast.com\/wordpress\/plugins\/seo\/ -->\n<title>Incendios devastan m\u00e1s de 2,700 Hect\u00e1reas en Quer\u00e9taro superando 2.5 veces la afectaci\u00f3n del a\u00f1o pasado | Nexo Informativo Santiago de Quer\u00e9taro<\/title>\n<meta name=\"description\" content=\"Incendios devastan m\u00e1s de 2,700 Hect\u00e1reas en Quer\u00e9taro superando 2.5 veces la afectaci\u00f3n del a\u00f1o pasado\" \/>\n<meta name=\"robots\" content=\"index, follow, max-snippet:-1, max-image-preview:large, max-video-preview:-1\" \/>\n<link rel=\"canonical\" href=\"https:\/\/www.nexoinformativo.mx\/index.php\/2025\/04\/07\/incendios-devastan-mas-de-2700-hectareas-en-queretaro-superando-2-5-veces-la-afectacion-del-ano-pasado\/\" \/>\n<meta property=\"og:locale\" content=\"es_MX\" \/>\n<meta property=\"og:type\" content=\"article\" \/>\n<meta property=\"og:title\" content=\"Incendios devastan m\u00e1s de 2,700 Hect\u00e1reas en Quer\u00e9taro superando 2.5 veces la afectaci\u00f3n del a\u00f1o pasado | Nexo Informativo Santiago de Quer\u00e9taro\" \/>\n<meta property=\"og:description\" content=\"Incendios devastan m\u00e1s de 2,700 Hect\u00e1reas en Quer\u00e9taro superando 2.5 veces la afectaci\u00f3n del a\u00f1o pasado\" \/>\n<meta property=\"og:url\" content=\"https:\/\/www.nexoinformativo.mx\/index.php\/2025\/04\/07\/incendios-devastan-mas-de-2700-hectareas-en-queretaro-superando-2-5-veces-la-afectacion-del-ano-pasado\/\" \/>\n<meta property=\"og:site_name\" content=\"Nexo Informativo Santiago de Quer\u00e9taro\" \/>\n<meta property=\"article:publisher\" content=\"https:\/\/www.facebook.com\/people\/Nexo-Informativo\/61564066885511\/\" \/>\n<meta property=\"article:published_time\" content=\"2025-04-07T18:30:21+00:00\" \/>\n<meta property=\"article:modified_time\" content=\"2025-04-07T19:02:44+00:00\" \/>\n<meta property=\"og:image\" content=\"https:\/\/www.nexoinformativo.mx\/wp-content\/uploads\/2025\/04\/53e619a7-c734-4879-b003-e9cfe91b1a14-e1744052506459.jpg\" \/>\n\t<meta property=\"og:image:width\" content=\"800\" \/>\n\t<meta property=\"og:image:height\" content=\"702\" \/>\n\t<meta property=\"og:image:type\" content=\"image\/jpeg\" \/>\n<meta name=\"author\" content=\"Nexo Informativo\" \/>\n<meta name=\"twitter:card\" content=\"summary_large_image\" \/>\n<meta name=\"twitter:label1\" content=\"Escrito por\" \/>\n\t<meta name=\"twitter:data1\" content=\"Nexo Informativo\" \/>\n\t<meta name=\"twitter:label2\" content=\"Tiempo de lectura\" \/>\n\t<meta name=\"twitter:data2\" content=\"2 minutos\" \/>\n<script type=\"application\/ld+json\" class=\"yoast-schema-graph\">{\"@context\":\"https:\/\/schema.org\",\"@graph\":[{\"@type\":\"Article\",\"@id\":\"https:\/\/www.nexoinformativo.mx\/index.php\/2025\/04\/07\/incendios-devastan-mas-de-2700-hectareas-en-queretaro-superando-2-5-veces-la-afectacion-del-ano-pasado\/#article\",\"isPartOf\":{\"@id\":\"https:\/\/www.nexoinformativo.mx\/index.php\/2025\/04\/07\/incendios-devastan-mas-de-2700-hectareas-en-queretaro-superando-2-5-veces-la-afectacion-del-ano-pasado\/\"},\"author\":{\"name\":\"Nexo Informativo\",\"@id\":\"https:\/\/www.nexoinformativo.mx\/#\/schema\/person\/7749d380ba08c8ca00d7bc76fd907b7d\"},\"headline\":\"Incendios devastan m\u00e1s de 2,700 Hect\u00e1reas en Quer\u00e9taro superando 2.5 veces la afectaci\u00f3n del a\u00f1o pasado\",\"datePublished\":\"2025-04-07T18:30:21+00:00\",\"dateModified\":\"2025-04-07T19:02:44+00:00\",\"mainEntityOfPage\":{\"@id\":\"https:\/\/www.nexoinformativo.mx\/index.php\/2025\/04\/07\/incendios-devastan-mas-de-2700-hectareas-en-queretaro-superando-2-5-veces-la-afectacion-del-ano-pasado\/\"},\"wordCount\":225,\"commentCount\":0,\"publisher\":{\"@id\":\"https:\/\/www.nexoinformativo.mx\/#organization\"},\"image\":{\"@id\":\"https:\/\/www.nexoinformativo.mx\/index.php\/2025\/04\/07\/incendios-devastan-mas-de-2700-hectareas-en-queretaro-superando-2-5-veces-la-afectacion-del-ano-pasado\/#primaryimage\"},\"thumbnailUrl\":\"https:\/\/www.nexoinformativo.mx\/wp-content\/uploads\/2025\/04\/53e619a7-c734-4879-b003-e9cfe91b1a14-e1744052506459.jpg\",\"keywords\":[\"AlertaForestal\",\"IncendiosQuer\u00e9taro\",\"LandaDeMatamoros\",\"proteccioncivil\"],\"articleSection\":[\"Municipios\",\"\u00daltima Hora\"],\"inLanguage\":\"es\",\"potentialAction\":[{\"@type\":\"CommentAction\",\"name\":\"Comment\",\"target\":[\"https:\/\/www.nexoinformativo.mx\/index.php\/2025\/04\/07\/incendios-devastan-mas-de-2700-hectareas-en-queretaro-superando-2-5-veces-la-afectacion-del-ano-pasado\/#respond\"]}]},{\"@type\":\"WebPage\",\"@id\":\"https:\/\/www.nexoinformativo.mx\/index.php\/2025\/04\/07\/incendios-devastan-mas-de-2700-hectareas-en-queretaro-superando-2-5-veces-la-afectacion-del-ano-pasado\/\",\"url\":\"https:\/\/www.nexoinformativo.mx\/index.php\/2025\/04\/07\/incendios-devastan-mas-de-2700-hectareas-en-queretaro-superando-2-5-veces-la-afectacion-del-ano-pasado\/\",\"name\":\"Incendios devastan m\u00e1s de 2,700 Hect\u00e1reas en Quer\u00e9taro superando 2.5 veces la afectaci\u00f3n del a\u00f1o pasado | Nexo Informativo Santiago de Quer\u00e9taro\",\"isPartOf\":{\"@id\":\"https:\/\/www.nexoinformativo.mx\/#website\"},\"primaryImageOfPage\":{\"@id\":\"https:\/\/www.nexoinformativo.mx\/index.php\/2025\/04\/07\/incendios-devastan-mas-de-2700-hectareas-en-queretaro-superando-2-5-veces-la-afectacion-del-ano-pasado\/#primaryimage\"},\"image\":{\"@id\":\"https:\/\/www.nexoinformativo.mx\/index.php\/2025\/04\/07\/incendios-devastan-mas-de-2700-hectareas-en-queretaro-superando-2-5-veces-la-afectacion-del-ano-pasado\/#primaryimage\"},\"thumbnailUrl\":\"https:\/\/www.nexoinformativo.mx\/wp-content\/uploads\/2025\/04\/53e619a7-c734-4879-b003-e9cfe91b1a14-e1744052506459.jpg\",\"datePublished\":\"2025-04-07T18:30:21+00:00\",\"dateModified\":\"2025-04-07T19:02:44+00:00\",\"description\":\"Incendios devastan m\u00e1s de 2,700 Hect\u00e1reas en Quer\u00e9taro superando 2.5 veces la afectaci\u00f3n del a\u00f1o pasado\",\"breadcrumb\":{\"@id\":\"https:\/\/www.nexoinformativo.mx\/index.php\/2025\/04\/07\/incendios-devastan-mas-de-2700-hectareas-en-queretaro-superando-2-5-veces-la-afectacion-del-ano-pasado\/#breadcrumb\"},\"inLanguage\":\"es\",\"potentialAction\":[{\"@type\":\"ReadAction\",\"target\":[\"https:\/\/www.nexoinformativo.mx\/index.php\/2025\/04\/07\/incendios-devastan-mas-de-2700-hectareas-en-queretaro-superando-2-5-veces-la-afectacion-del-ano-pasado\/\"]}]},{\"@type\":\"ImageObject\",\"inLanguage\":\"es\",\"@id\":\"https:\/\/www.nexoinformativo.mx\/index.php\/2025\/04\/07\/incendios-devastan-mas-de-2700-hectareas-en-queretaro-superando-2-5-veces-la-afectacion-del-ano-pasado\/#primaryimage\",\"url\":\"https:\/\/www.nexoinformativo.mx\/wp-content\/uploads\/2025\/04\/53e619a7-c734-4879-b003-e9cfe91b1a14-e1744052506459.jpg\",\"contentUrl\":\"https:\/\/www.nexoinformativo.mx\/wp-content\/uploads\/2025\/04\/53e619a7-c734-4879-b003-e9cfe91b1a14-e1744052506459.jpg\",\"width\":800,\"height\":702},{\"@type\":\"BreadcrumbList\",\"@id\":\"https:\/\/www.nexoinformativo.mx\/index.php\/2025\/04\/07\/incendios-devastan-mas-de-2700-hectareas-en-queretaro-superando-2-5-veces-la-afectacion-del-ano-pasado\/#breadcrumb\",\"itemListElement\":[{\"@type\":\"ListItem\",\"position\":1,\"name\":\"Inicio\",\"item\":\"https:\/\/www.nexoinformativo.mx\/\"},{\"@type\":\"ListItem\",\"position\":2,\"name\":\"Incendios devastan m\u00e1s de 2,700 Hect\u00e1reas en Quer\u00e9taro superando 2.5 veces la afectaci\u00f3n del a\u00f1o pasado\"}]},{\"@type\":\"WebSite\",\"@id\":\"https:\/\/www.nexoinformativo.mx\/#website\",\"url\":\"https:\/\/www.nexoinformativo.mx\/\",\"name\":\"Nexo Informativo Santiago de Quer\u00e9taro\",\"description\":\"Explora NexoInformativo y convi\u00e9rtete en parte de una comunidad que valora el conocimiento y la verdad. Tu nexoinformativo es tu puente hacia una comprensi\u00f3n m\u00e1s profunda del mundo que te rodea.\",\"publisher\":{\"@id\":\"https:\/\/www.nexoinformativo.mx\/#organization\"},\"potentialAction\":[{\"@type\":\"SearchAction\",\"target\":{\"@type\":\"EntryPoint\",\"urlTemplate\":\"https:\/\/www.nexoinformativo.mx\/?s={search_term_string}\"},\"query-input\":{\"@type\":\"PropertyValueSpecification\",\"valueRequired\":true,\"valueName\":\"search_term_string\"}}],\"inLanguage\":\"es\"},{\"@type\":\"Organization\",\"@id\":\"https:\/\/www.nexoinformativo.mx\/#organization\",\"name\":\"Nexo Informativo Santiago de Quer\u00e9taro\",\"url\":\"https:\/\/www.nexoinformativo.mx\/\",\"logo\":{\"@type\":\"ImageObject\",\"inLanguage\":\"es\",\"@id\":\"https:\/\/www.nexoinformativo.mx\/#\/schema\/logo\/image\/\",\"url\":\"https:\/\/www.nexoinformativo.mx\/wp-content\/uploads\/2024\/07\/nexoi-trasparente-2.png\",\"contentUrl\":\"https:\/\/www.nexoinformativo.mx\/wp-content\/uploads\/2024\/07\/nexoi-trasparente-2.png\",\"width\":816,\"height\":339,\"caption\":\"Nexo Informativo Santiago de Quer\u00e9taro\"},\"image\":{\"@id\":\"https:\/\/www.nexoinformativo.mx\/#\/schema\/logo\/image\/\"},\"sameAs\":[\"https:\/\/www.facebook.com\/people\/Nexo-Informativo\/61564066885511\/\"]},{\"@type\":\"Person\",\"@id\":\"https:\/\/www.nexoinformativo.mx\/#\/schema\/person\/7749d380ba08c8ca00d7bc76fd907b7d\",\"name\":\"Nexo Informativo\",\"image\":{\"@type\":\"ImageObject\",\"inLanguage\":\"es\",\"@id\":\"https:\/\/www.nexoinformativo.mx\/#\/schema\/person\/image\/\",\"url\":\"https:\/\/secure.gravatar.com\/avatar\/dde2928154642a13d95f87ddf1ea9718fe2b46760a005c53e41ff5ad610704e6?s=96&d=mm&r=g\",\"contentUrl\":\"https:\/\/secure.gravatar.com\/avatar\/dde2928154642a13d95f87ddf1ea9718fe2b46760a005c53e41ff5ad610704e6?s=96&d=mm&r=g\",\"caption\":\"Nexo Informativo\"},\"url\":\"https:\/\/www.nexoinformativo.mx\/index.php\/author\/edicion\/\"}]}<\/script>\n<!-- \/ Yoast SEO plugin. -->","yoast_head_json":{"title":"Incendios devastan m\u00e1s de 2,700 Hect\u00e1reas en Quer\u00e9taro superando 2.5 veces la afectaci\u00f3n del a\u00f1o pasado | Nexo Informativo Santiago de Quer\u00e9taro","description":"Incendios devastan m\u00e1s de 2,700 Hect\u00e1reas en Quer\u00e9taro superando 2.5 veces la afectaci\u00f3n del a\u00f1o pasado","robots":{"index":"index","follow":"follow","max-snippet":"max-snippet:-1","max-image-preview":"max-image-preview:large","max-video-preview":"max-video-preview:-1"},"canonical":"https:\/\/www.nexoinformativo.mx\/index.php\/2025\/04\/07\/incendios-devastan-mas-de-2700-hectareas-en-queretaro-superando-2-5-veces-la-afectacion-del-ano-pasado\/","og_locale":"es_MX","og_type":"article","og_title":"Incendios devastan m\u00e1s de 2,700 Hect\u00e1reas en Quer\u00e9taro superando 2.5 veces la afectaci\u00f3n del a\u00f1o pasado | Nexo Informativo Santiago de Quer\u00e9taro","og_description":"Incendios devastan m\u00e1s de 2,700 Hect\u00e1reas en Quer\u00e9taro superando 2.5 veces la afectaci\u00f3n del a\u00f1o pasado","og_url":"https:\/\/www.nexoinformativo.mx\/index.php\/2025\/04\/07\/incendios-devastan-mas-de-2700-hectareas-en-queretaro-superando-2-5-veces-la-afectacion-del-ano-pasado\/","og_site_name":"Nexo Informativo Santiago de Quer\u00e9taro","article_publisher":"https:\/\/www.facebook.com\/people\/Nexo-Informativo\/61564066885511\/","article_published_time":"2025-04-07T18:30:21+00:00","article_modified_time":"2025-04-07T19:02:44+00:00","og_image":[{"width":800,"height":702,"url":"https:\/\/www.nexoinformativo.mx\/wp-content\/uploads\/2025\/04\/53e619a7-c734-4879-b003-e9cfe91b1a14-e1744052506459.jpg","type":"image\/jpeg"}],"author":"Nexo Informativo","twitter_card":"summary_large_image","twitter_misc":{"Escrito por":"Nexo Informativo","Tiempo de lectura":"2 minutos"},"schema":{"@context":"https:\/\/schema.org","@graph":[{"@type":"Article","@id":"https:\/\/www.nexoinformativo.mx\/index.php\/2025\/04\/07\/incendios-devastan-mas-de-2700-hectareas-en-queretaro-superando-2-5-veces-la-afectacion-del-ano-pasado\/#article","isPartOf":{"@id":"https:\/\/www.nexoinformativo.mx\/index.php\/2025\/04\/07\/incendios-devastan-mas-de-2700-hectareas-en-queretaro-superando-2-5-veces-la-afectacion-del-ano-pasado\/"},"author":{"name":"Nexo Informativo","@id":"https:\/\/www.nexoinformativo.mx\/#\/schema\/person\/7749d380ba08c8ca00d7bc76fd907b7d"},"headline":"Incendios devastan m\u00e1s de 2,700 Hect\u00e1reas en Quer\u00e9taro superando 2.5 veces la afectaci\u00f3n del a\u00f1o pasado","datePublished":"2025-04-07T18:30:21+00:00","dateModified":"2025-04-07T19:02:44+00:00","mainEntityOfPage":{"@id":"https:\/\/www.nexoinformativo.mx\/index.php\/2025\/04\/07\/incendios-devastan-mas-de-2700-hectareas-en-queretaro-superando-2-5-veces-la-afectacion-del-ano-pasado\/"},"wordCount":225,"commentCount":0,"publisher":{"@id":"https:\/\/www.nexoinformativo.mx\/#organization"},"image":{"@id":"https:\/\/www.nexoinformativo.mx\/index.php\/2025\/04\/07\/incendios-devastan-mas-de-2700-hectareas-en-queretaro-superando-2-5-veces-la-afectacion-del-ano-pasado\/#primaryimage"},"thumbnailUrl":"https:\/\/www.nexoinformativo.mx\/wp-content\/uploads\/2025\/04\/53e619a7-c734-4879-b003-e9cfe91b1a14-e1744052506459.jpg","keywords":["AlertaForestal","IncendiosQuer\u00e9taro","LandaDeMatamoros","proteccioncivil"],"articleSection":["Municipios","\u00daltima Hora"],"inLanguage":"es","potentialAction":[{"@type":"CommentAction","name":"Comment","target":["https:\/\/www.nexoinformativo.mx\/index.php\/2025\/04\/07\/incendios-devastan-mas-de-2700-hectareas-en-queretaro-superando-2-5-veces-la-afectacion-del-ano-pasado\/#respond"]}]},{"@type":"WebPage","@id":"https:\/\/www.nexoinformativo.mx\/index.php\/2025\/04\/07\/incendios-devastan-mas-de-2700-hectareas-en-queretaro-superando-2-5-veces-la-afectacion-del-ano-pasado\/","url":"https:\/\/www.nexoinformativo.mx\/index.php\/2025\/04\/07\/incendios-devastan-mas-de-2700-hectareas-en-queretaro-superando-2-5-veces-la-afectacion-del-ano-pasado\/","name":"Incendios devastan m\u00e1s de 2,700 Hect\u00e1reas en Quer\u00e9taro superando 2.5 veces la afectaci\u00f3n del a\u00f1o pasado | Nexo Informativo Santiago de Quer\u00e9taro","isPartOf":{"@id":"https:\/\/www.nexoinformativo.mx\/#website"},"primaryImageOfPage":{"@id":"https:\/\/www.nexoinformativo.mx\/index.php\/2025\/04\/07\/incendios-devastan-mas-de-2700-hectareas-en-queretaro-superando-2-5-veces-la-afectacion-del-ano-pasado\/#primaryimage"},"image":{"@id":"https:\/\/www.nexoinformativo.mx\/index.php\/2025\/04\/07\/incendios-devastan-mas-de-2700-hectareas-en-queretaro-superando-2-5-veces-la-afectacion-del-ano-pasado\/#primaryimage"},"thumbnailUrl":"https:\/\/www.nexoinformativo.mx\/wp-content\/uploads\/2025\/04\/53e619a7-c734-4879-b003-e9cfe91b1a14-e1744052506459.jpg","datePublished":"2025-04-07T18:30:21+00:00","dateModified":"2025-04-07T19:02:44+00:00","description":"Incendios devastan m\u00e1s de 2,700 Hect\u00e1reas en Quer\u00e9taro superando 2.5 veces la afectaci\u00f3n del a\u00f1o pasado","breadcrumb":{"@id":"https:\/\/www.nexoinformativo.mx\/index.php\/2025\/04\/07\/incendios-devastan-mas-de-2700-hectareas-en-queretaro-superando-2-5-veces-la-afectacion-del-ano-pasado\/#breadcrumb"},"inLanguage":"es","potentialAction":[{"@type":"ReadAction","target":["https:\/\/www.nexoinformativo.mx\/index.php\/2025\/04\/07\/incendios-devastan-mas-de-2700-hectareas-en-queretaro-superando-2-5-veces-la-afectacion-del-ano-pasado\/"]}]},{"@type":"ImageObject","inLanguage":"es","@id":"https:\/\/www.nexoinformativo.mx\/index.php\/2025\/04\/07\/incendios-devastan-mas-de-2700-hectareas-en-queretaro-superando-2-5-veces-la-afectacion-del-ano-pasado\/#primaryimage","url":"https:\/\/www.nexoinformativo.mx\/wp-content\/uploads\/2025\/04\/53e619a7-c734-4879-b003-e9cfe91b1a14-e1744052506459.jpg","contentUrl":"https:\/\/www.nexoinformativo.mx\/wp-content\/uploads\/2025\/04\/53e619a7-c734-4879-b003-e9cfe91b1a14-e1744052506459.jpg","width":800,"height":702},{"@type":"BreadcrumbList","@id":"https:\/\/www.nexoinformativo.mx\/index.php\/2025\/04\/07\/incendios-devastan-mas-de-2700-hectareas-en-queretaro-superando-2-5-veces-la-afectacion-del-ano-pasado\/#breadcrumb","itemListElement":[{"@type":"ListItem","position":1,"name":"Inicio","item":"https:\/\/www.nexoinformativo.mx\/"},{"@type":"ListItem","position":2,"name":"Incendios devastan m\u00e1s de 2,700 Hect\u00e1reas en Quer\u00e9taro superando 2.5 veces la afectaci\u00f3n del a\u00f1o pasado"}]},{"@type":"WebSite","@id":"https:\/\/www.nexoinformativo.mx\/#website","url":"https:\/\/www.nexoinformativo.mx\/","name":"Nexo Informativo Santiago de Quer\u00e9taro","description":"Explora NexoInformativo y convi\u00e9rtete en parte de una comunidad que valora el conocimiento y la verdad. Tu nexoinformativo es tu puente hacia una comprensi\u00f3n m\u00e1s profunda del mundo que te rodea.","publisher":{"@id":"https:\/\/www.nexoinformativo.mx\/#organization"},"potentialAction":[{"@type":"SearchAction","target":{"@type":"EntryPoint","urlTemplate":"https:\/\/www.nexoinformativo.mx\/?s={search_term_string}"},"query-input":{"@type":"PropertyValueSpecification","valueRequired":true,"valueName":"search_term_string"}}],"inLanguage":"es"},{"@type":"Organization","@id":"https:\/\/www.nexoinformativo.mx\/#organization","name":"Nexo Informativo Santiago de Quer\u00e9taro","url":"https:\/\/www.nexoinformativo.mx\/","logo":{"@type":"ImageObject","inLanguage":"es","@id":"https:\/\/www.nexoinformativo.mx\/#\/schema\/logo\/image\/","url":"https:\/\/www.nexoinformativo.mx\/wp-content\/uploads\/2024\/07\/nexoi-trasparente-2.png","contentUrl":"https:\/\/www.nexoinformativo.mx\/wp-content\/uploads\/2024\/07\/nexoi-trasparente-2.png","width":816,"height":339,"caption":"Nexo Informativo Santiago de Quer\u00e9taro"},"image":{"@id":"https:\/\/www.nexoinformativo.mx\/#\/schema\/logo\/image\/"},"sameAs":["https:\/\/www.facebook.com\/people\/Nexo-Informativo\/61564066885511\/"]},{"@type":"Person","@id":"https:\/\/www.nexoinformativo.mx\/#\/schema\/person\/7749d380ba08c8ca00d7bc76fd907b7d","name":"Nexo Informativo","image":{"@type":"ImageObject","inLanguage":"es","@id":"https:\/\/www.nexoinformativo.mx\/#\/schema\/person\/image\/","url":"https:\/\/secure.gravatar.com\/avatar\/dde2928154642a13d95f87ddf1ea9718fe2b46760a005c53e41ff5ad610704e6?s=96&d=mm&r=g","contentUrl":"https:\/\/secure.gravatar.com\/avatar\/dde2928154642a13d95f87ddf1ea9718fe2b46760a005c53e41ff5ad610704e6?s=96&d=mm&r=g","caption":"Nexo Informativo"},"url":"https:\/\/www.nexoinformativo.mx\/index.php\/author\/edicion\/"}]}},"_links":{"self":[{"href":"https:\/\/www.nexoinformativo.mx\/index.php\/wp-json\/wp\/v2\/posts\/13822","targetHints":{"allow":["GET"]}}],"collection":[{"href":"https:\/\/www.nexoinformativo.mx\/index.php\/wp-json\/wp\/v2\/posts"}],"about":[{"href":"https:\/\/www.nexoinformativo.mx\/index.php\/wp-json\/wp\/v2\/types\/post"}],"author":[{"embeddable":true,"href":"https:\/\/www.nexoinformativo.mx\/index.php\/wp-json\/wp\/v2\/users\/3"}],"replies":[{"embeddable":true,"href":"https:\/\/www.nexoinformativo.mx\/index.php\/wp-json\/wp\/v2\/comments?post=13822"}],"version-history":[{"count":4,"href":"https:\/\/www.nexoinformativo.mx\/index.php\/wp-json\/wp\/v2\/posts\/13822\/revisions"}],"predecessor-version":[{"id":13826,"href":"https:\/\/www.nexoinformativo.mx\/index.php\/wp-json\/wp\/v2\/posts\/13822\/revisions\/13826"}],"wp:featuredmedia":[{"embeddable":true,"href":"https:\/\/www.nexoinformativo.mx\/index.php\/wp-json\/wp\/v2\/media\/13823"}],"wp:attachment":[{"href":"https:\/\/www.nexoinformativo.mx\/index.php\/wp-json\/wp\/v2\/media?parent=13822"}],"wp:term":[{"taxonomy":"category","embeddable":true,"href":"https:\/\/www.nexoinformativo.mx\/index.php\/wp-json\/wp\/v2\/categories?post=13822"},{"taxonomy":"post_tag","embeddable":true,"href":"https:\/\/www.nexoinformativo.mx\/index.php\/wp-json\/wp\/v2\/tags?post=13822"}],"curies":[{"name":"wp","href":"https:\/\/api.w.org\/{rel}","templated":true}]}}