{"id":13833,"date":"2025-04-07T15:00:54","date_gmt":"2025-04-07T21:00:54","guid":{"rendered":"https:\/\/www.nexoinformativo.mx\/?p=13833"},"modified":"2025-04-07T19:39:03","modified_gmt":"2025-04-08T01:39:03","slug":"tras-las-rejas-fiscalia-acusa-a-hombre-por-robo-de-camioneta-modelo-2025","status":"publish","type":"post","link":"https:\/\/www.nexoinformativo.mx\/index.php\/2025\/04\/07\/tras-las-rejas-fiscalia-acusa-a-hombre-por-robo-de-camioneta-modelo-2025\/","title":{"rendered":"Tras las rejas Fiscal\u00eda acusa a hombre por robo de camioneta modelo 2025"},"content":{"rendered":"<p style=\"text-align: justify;\" data-sourcepos=\"11:1-11:213\">La Fiscal\u00eda General del Estado de Quer\u00e9taro logr\u00f3 la vinculaci\u00f3n a proceso de un hombre por el delito de robo, quien ya se encuentra bajo investigaci\u00f3n por al menos otro hecho similar.<\/p>\n<\/p>\n<p>&nbsp;<\/p>\n<p style=\"text-align: justify;\" data-sourcepos=\"13:1-13:361\">Seg\u00fan las investigaciones, el pasado 21 de noviembre de 2024, alrededor de las 11:10 horas, la v\u00edctima estacion\u00f3 su camioneta modelo 2025 en la calle Riva Palacio, colonia Lindavista, en la capital queretana. Al regresar, 40 minutos despu\u00e9s, sorprendi\u00f3 al imputado sustrayendo pertenencias de su veh\u00edculo, tras haber roto el vidrio de la puerta trasera derecha.<\/p>\n<\/p>\n<p>&nbsp;<\/p>\n<p style=\"text-align: justify;\" data-sourcepos=\"15:1-15:273\">En la audiencia inicial, que se llev\u00f3 a cabo el 4 de abril de 2025, el Juez de Control determin\u00f3 la vinculaci\u00f3n a proceso del detenido. Como medida cautelar, se dict\u00f3 prisi\u00f3n preventiva justificada y se estableci\u00f3 un plazo de dos meses para la investigaci\u00f3n complementaria.<\/p>\n<\/p>\n<p>&nbsp;<\/p>\n<p style=\"text-align: center;\" data-sourcepos=\"15:1-15:273\"><em><strong>\u00a1Informaci\u00f3n que transforma!<\/strong><\/em><\/p>\n","protected":false},"excerpt":{"rendered":"<p>La Fiscal\u00eda General del Estado de Quer\u00e9taro logr\u00f3 la vinculaci\u00f3n a proceso de un hombre por el delito de robo, quien ya se encuentra bajo investigaci\u00f3n por al menos otro hecho similar.<\/p>\n","protected":false},"author":3,"featured_media":13834,"comment_status":"open","ping_status":"open","sticky":false,"template":"","format":"standard","meta":{"footnotes":""},"categories":[137,58],"tags":[2822,480,4029,4028],"class_list":["post-13833","post","type-post","status-publish","format-standard","has-post-thumbnail","hentry","category-sucesos","category-ultima-hora","tag-fiscaliaqro","tag-justicia","tag-lindavista","tag-robovehicularqro"],"yoast_head":"<!-- This site is optimized with the Yoast SEO plugin v25.0 - https:\/\/yoast.com\/wordpress\/plugins\/seo\/ -->\n<title>Tras las rejas Fiscal\u00eda acusa a hombre por robo de camioneta modelo 2025 | Nexo Informativo Santiago de Quer\u00e9taro<\/title>\n<meta name=\"description\" content=\"Tras las rejas Fiscal\u00eda acusa a hombre por robo de camioneta modelo 2025\" \/>\n<meta name=\"robots\" content=\"index, follow, max-snippet:-1, max-image-preview:large, max-video-preview:-1\" \/>\n<link rel=\"canonical\" href=\"https:\/\/www.nexoinformativo.mx\/index.php\/2025\/04\/07\/tras-las-rejas-fiscalia-acusa-a-hombre-por-robo-de-camioneta-modelo-2025\/\" \/>\n<meta property=\"og:locale\" content=\"es_MX\" \/>\n<meta property=\"og:type\" content=\"article\" \/>\n<meta property=\"og:title\" content=\"Tras las rejas Fiscal\u00eda acusa a hombre por robo de camioneta modelo 2025 | Nexo Informativo Santiago de Quer\u00e9taro\" \/>\n<meta property=\"og:description\" content=\"Tras las rejas Fiscal\u00eda acusa a hombre por robo de camioneta modelo 2025\" \/>\n<meta property=\"og:url\" content=\"https:\/\/www.nexoinformativo.mx\/index.php\/2025\/04\/07\/tras-las-rejas-fiscalia-acusa-a-hombre-por-robo-de-camioneta-modelo-2025\/\" \/>\n<meta property=\"og:site_name\" content=\"Nexo Informativo Santiago de Quer\u00e9taro\" \/>\n<meta property=\"article:publisher\" content=\"https:\/\/www.facebook.com\/people\/Nexo-Informativo\/61564066885511\/\" \/>\n<meta property=\"article:published_time\" content=\"2025-04-07T21:00:54+00:00\" \/>\n<meta property=\"article:modified_time\" content=\"2025-04-08T01:39:03+00:00\" \/>\n<meta property=\"og:image\" content=\"https:\/\/www.nexoinformativo.mx\/wp-content\/uploads\/2025\/04\/PHOTO-2025-04-07-13-31-45-e1744076274561.jpg\" \/>\n\t<meta property=\"og:image:width\" content=\"800\" \/>\n\t<meta property=\"og:image:height\" content=\"504\" \/>\n\t<meta property=\"og:image:type\" content=\"image\/jpeg\" \/>\n<meta name=\"author\" content=\"Nexo Informativo\" \/>\n<meta name=\"twitter:card\" content=\"summary_large_image\" \/>\n<meta name=\"twitter:label1\" content=\"Escrito por\" \/>\n\t<meta name=\"twitter:data1\" content=\"Nexo Informativo\" \/>\n\t<meta name=\"twitter:label2\" content=\"Tiempo de lectura\" \/>\n\t<meta name=\"twitter:data2\" content=\"1 minuto\" \/>\n<script type=\"application\/ld+json\" class=\"yoast-schema-graph\">{\"@context\":\"https:\/\/schema.org\",\"@graph\":[{\"@type\":\"Article\",\"@id\":\"https:\/\/www.nexoinformativo.mx\/index.php\/2025\/04\/07\/tras-las-rejas-fiscalia-acusa-a-hombre-por-robo-de-camioneta-modelo-2025\/#article\",\"isPartOf\":{\"@id\":\"https:\/\/www.nexoinformativo.mx\/index.php\/2025\/04\/07\/tras-las-rejas-fiscalia-acusa-a-hombre-por-robo-de-camioneta-modelo-2025\/\"},\"author\":{\"name\":\"Nexo Informativo\",\"@id\":\"https:\/\/www.nexoinformativo.mx\/#\/schema\/person\/7749d380ba08c8ca00d7bc76fd907b7d\"},\"headline\":\"Tras las rejas Fiscal\u00eda acusa a hombre por robo de camioneta modelo 2025\",\"datePublished\":\"2025-04-07T21:00:54+00:00\",\"dateModified\":\"2025-04-08T01:39:03+00:00\",\"mainEntityOfPage\":{\"@id\":\"https:\/\/www.nexoinformativo.mx\/index.php\/2025\/04\/07\/tras-las-rejas-fiscalia-acusa-a-hombre-por-robo-de-camioneta-modelo-2025\/\"},\"wordCount\":158,\"commentCount\":0,\"publisher\":{\"@id\":\"https:\/\/www.nexoinformativo.mx\/#organization\"},\"image\":{\"@id\":\"https:\/\/www.nexoinformativo.mx\/index.php\/2025\/04\/07\/tras-las-rejas-fiscalia-acusa-a-hombre-por-robo-de-camioneta-modelo-2025\/#primaryimage\"},\"thumbnailUrl\":\"https:\/\/www.nexoinformativo.mx\/wp-content\/uploads\/2025\/04\/PHOTO-2025-04-07-13-31-45-e1744076274561.jpg\",\"keywords\":[\"Fiscal\u00edaQro\",\"Justicia\",\"Lindavista\",\"RoboVehicularQro\"],\"articleSection\":[\"Sucesos\",\"\u00daltima Hora\"],\"inLanguage\":\"es\",\"potentialAction\":[{\"@type\":\"CommentAction\",\"name\":\"Comment\",\"target\":[\"https:\/\/www.nexoinformativo.mx\/index.php\/2025\/04\/07\/tras-las-rejas-fiscalia-acusa-a-hombre-por-robo-de-camioneta-modelo-2025\/#respond\"]}]},{\"@type\":\"WebPage\",\"@id\":\"https:\/\/www.nexoinformativo.mx\/index.php\/2025\/04\/07\/tras-las-rejas-fiscalia-acusa-a-hombre-por-robo-de-camioneta-modelo-2025\/\",\"url\":\"https:\/\/www.nexoinformativo.mx\/index.php\/2025\/04\/07\/tras-las-rejas-fiscalia-acusa-a-hombre-por-robo-de-camioneta-modelo-2025\/\",\"name\":\"Tras las rejas Fiscal\u00eda acusa a hombre por robo de camioneta modelo 2025 | Nexo Informativo Santiago de Quer\u00e9taro\",\"isPartOf\":{\"@id\":\"https:\/\/www.nexoinformativo.mx\/#website\"},\"primaryImageOfPage\":{\"@id\":\"https:\/\/www.nexoinformativo.mx\/index.php\/2025\/04\/07\/tras-las-rejas-fiscalia-acusa-a-hombre-por-robo-de-camioneta-modelo-2025\/#primaryimage\"},\"image\":{\"@id\":\"https:\/\/www.nexoinformativo.mx\/index.php\/2025\/04\/07\/tras-las-rejas-fiscalia-acusa-a-hombre-por-robo-de-camioneta-modelo-2025\/#primaryimage\"},\"thumbnailUrl\":\"https:\/\/www.nexoinformativo.mx\/wp-content\/uploads\/2025\/04\/PHOTO-2025-04-07-13-31-45-e1744076274561.jpg\",\"datePublished\":\"2025-04-07T21:00:54+00:00\",\"dateModified\":\"2025-04-08T01:39:03+00:00\",\"description\":\"Tras las rejas Fiscal\u00eda acusa a hombre por robo de camioneta modelo 2025\",\"breadcrumb\":{\"@id\":\"https:\/\/www.nexoinformativo.mx\/index.php\/2025\/04\/07\/tras-las-rejas-fiscalia-acusa-a-hombre-por-robo-de-camioneta-modelo-2025\/#breadcrumb\"},\"inLanguage\":\"es\",\"potentialAction\":[{\"@type\":\"ReadAction\",\"target\":[\"https:\/\/www.nexoinformativo.mx\/index.php\/2025\/04\/07\/tras-las-rejas-fiscalia-acusa-a-hombre-por-robo-de-camioneta-modelo-2025\/\"]}]},{\"@type\":\"ImageObject\",\"inLanguage\":\"es\",\"@id\":\"https:\/\/www.nexoinformativo.mx\/index.php\/2025\/04\/07\/tras-las-rejas-fiscalia-acusa-a-hombre-por-robo-de-camioneta-modelo-2025\/#primaryimage\",\"url\":\"https:\/\/www.nexoinformativo.mx\/wp-content\/uploads\/2025\/04\/PHOTO-2025-04-07-13-31-45-e1744076274561.jpg\",\"contentUrl\":\"https:\/\/www.nexoinformativo.mx\/wp-content\/uploads\/2025\/04\/PHOTO-2025-04-07-13-31-45-e1744076274561.jpg\",\"width\":800,\"height\":504},{\"@type\":\"BreadcrumbList\",\"@id\":\"https:\/\/www.nexoinformativo.mx\/index.php\/2025\/04\/07\/tras-las-rejas-fiscalia-acusa-a-hombre-por-robo-de-camioneta-modelo-2025\/#breadcrumb\",\"itemListElement\":[{\"@type\":\"ListItem\",\"position\":1,\"name\":\"Inicio\",\"item\":\"https:\/\/www.nexoinformativo.mx\/\"},{\"@type\":\"ListItem\",\"position\":2,\"name\":\"Tras las rejas Fiscal\u00eda acusa a hombre por robo de camioneta modelo 2025\"}]},{\"@type\":\"WebSite\",\"@id\":\"https:\/\/www.nexoinformativo.mx\/#website\",\"url\":\"https:\/\/www.nexoinformativo.mx\/\",\"name\":\"Nexo Informativo Santiago de Quer\u00e9taro\",\"description\":\"Explora NexoInformativo y convi\u00e9rtete en parte de una comunidad que valora el conocimiento y la verdad. Tu nexoinformativo es tu puente hacia una comprensi\u00f3n m\u00e1s profunda del mundo que te rodea.\",\"publisher\":{\"@id\":\"https:\/\/www.nexoinformativo.mx\/#organization\"},\"potentialAction\":[{\"@type\":\"SearchAction\",\"target\":{\"@type\":\"EntryPoint\",\"urlTemplate\":\"https:\/\/www.nexoinformativo.mx\/?s={search_term_string}\"},\"query-input\":{\"@type\":\"PropertyValueSpecification\",\"valueRequired\":true,\"valueName\":\"search_term_string\"}}],\"inLanguage\":\"es\"},{\"@type\":\"Organization\",\"@id\":\"https:\/\/www.nexoinformativo.mx\/#organization\",\"name\":\"Nexo Informativo Santiago de Quer\u00e9taro\",\"url\":\"https:\/\/www.nexoinformativo.mx\/\",\"logo\":{\"@type\":\"ImageObject\",\"inLanguage\":\"es\",\"@id\":\"https:\/\/www.nexoinformativo.mx\/#\/schema\/logo\/image\/\",\"url\":\"https:\/\/www.nexoinformativo.mx\/wp-content\/uploads\/2024\/07\/nexoi-trasparente-2.png\",\"contentUrl\":\"https:\/\/www.nexoinformativo.mx\/wp-content\/uploads\/2024\/07\/nexoi-trasparente-2.png\",\"width\":816,\"height\":339,\"caption\":\"Nexo Informativo Santiago de Quer\u00e9taro\"},\"image\":{\"@id\":\"https:\/\/www.nexoinformativo.mx\/#\/schema\/logo\/image\/\"},\"sameAs\":[\"https:\/\/www.facebook.com\/people\/Nexo-Informativo\/61564066885511\/\"]},{\"@type\":\"Person\",\"@id\":\"https:\/\/www.nexoinformativo.mx\/#\/schema\/person\/7749d380ba08c8ca00d7bc76fd907b7d\",\"name\":\"Nexo Informativo\",\"image\":{\"@type\":\"ImageObject\",\"inLanguage\":\"es\",\"@id\":\"https:\/\/www.nexoinformativo.mx\/#\/schema\/person\/image\/\",\"url\":\"https:\/\/secure.gravatar.com\/avatar\/dde2928154642a13d95f87ddf1ea9718fe2b46760a005c53e41ff5ad610704e6?s=96&d=mm&r=g\",\"contentUrl\":\"https:\/\/secure.gravatar.com\/avatar\/dde2928154642a13d95f87ddf1ea9718fe2b46760a005c53e41ff5ad610704e6?s=96&d=mm&r=g\",\"caption\":\"Nexo Informativo\"},\"url\":\"https:\/\/www.nexoinformativo.mx\/index.php\/author\/edicion\/\"}]}<\/script>\n<!-- \/ Yoast SEO plugin. -->","yoast_head_json":{"title":"Tras las rejas Fiscal\u00eda acusa a hombre por robo de camioneta modelo 2025 | Nexo Informativo Santiago de Quer\u00e9taro","description":"Tras las rejas Fiscal\u00eda acusa a hombre por robo de camioneta modelo 2025","robots":{"index":"index","follow":"follow","max-snippet":"max-snippet:-1","max-image-preview":"max-image-preview:large","max-video-preview":"max-video-preview:-1"},"canonical":"https:\/\/www.nexoinformativo.mx\/index.php\/2025\/04\/07\/tras-las-rejas-fiscalia-acusa-a-hombre-por-robo-de-camioneta-modelo-2025\/","og_locale":"es_MX","og_type":"article","og_title":"Tras las rejas Fiscal\u00eda acusa a hombre por robo de camioneta modelo 2025 | Nexo Informativo Santiago de Quer\u00e9taro","og_description":"Tras las rejas Fiscal\u00eda acusa a hombre por robo de camioneta modelo 2025","og_url":"https:\/\/www.nexoinformativo.mx\/index.php\/2025\/04\/07\/tras-las-rejas-fiscalia-acusa-a-hombre-por-robo-de-camioneta-modelo-2025\/","og_site_name":"Nexo Informativo Santiago de Quer\u00e9taro","article_publisher":"https:\/\/www.facebook.com\/people\/Nexo-Informativo\/61564066885511\/","article_published_time":"2025-04-07T21:00:54+00:00","article_modified_time":"2025-04-08T01:39:03+00:00","og_image":[{"width":800,"height":504,"url":"https:\/\/www.nexoinformativo.mx\/wp-content\/uploads\/2025\/04\/PHOTO-2025-04-07-13-31-45-e1744076274561.jpg","type":"image\/jpeg"}],"author":"Nexo Informativo","twitter_card":"summary_large_image","twitter_misc":{"Escrito por":"Nexo Informativo","Tiempo de lectura":"1 minuto"},"schema":{"@context":"https:\/\/schema.org","@graph":[{"@type":"Article","@id":"https:\/\/www.nexoinformativo.mx\/index.php\/2025\/04\/07\/tras-las-rejas-fiscalia-acusa-a-hombre-por-robo-de-camioneta-modelo-2025\/#article","isPartOf":{"@id":"https:\/\/www.nexoinformativo.mx\/index.php\/2025\/04\/07\/tras-las-rejas-fiscalia-acusa-a-hombre-por-robo-de-camioneta-modelo-2025\/"},"author":{"name":"Nexo Informativo","@id":"https:\/\/www.nexoinformativo.mx\/#\/schema\/person\/7749d380ba08c8ca00d7bc76fd907b7d"},"headline":"Tras las rejas Fiscal\u00eda acusa a hombre por robo de camioneta modelo 2025","datePublished":"2025-04-07T21:00:54+00:00","dateModified":"2025-04-08T01:39:03+00:00","mainEntityOfPage":{"@id":"https:\/\/www.nexoinformativo.mx\/index.php\/2025\/04\/07\/tras-las-rejas-fiscalia-acusa-a-hombre-por-robo-de-camioneta-modelo-2025\/"},"wordCount":158,"commentCount":0,"publisher":{"@id":"https:\/\/www.nexoinformativo.mx\/#organization"},"image":{"@id":"https:\/\/www.nexoinformativo.mx\/index.php\/2025\/04\/07\/tras-las-rejas-fiscalia-acusa-a-hombre-por-robo-de-camioneta-modelo-2025\/#primaryimage"},"thumbnailUrl":"https:\/\/www.nexoinformativo.mx\/wp-content\/uploads\/2025\/04\/PHOTO-2025-04-07-13-31-45-e1744076274561.jpg","keywords":["Fiscal\u00edaQro","Justicia","Lindavista","RoboVehicularQro"],"articleSection":["Sucesos","\u00daltima Hora"],"inLanguage":"es","potentialAction":[{"@type":"CommentAction","name":"Comment","target":["https:\/\/www.nexoinformativo.mx\/index.php\/2025\/04\/07\/tras-las-rejas-fiscalia-acusa-a-hombre-por-robo-de-camioneta-modelo-2025\/#respond"]}]},{"@type":"WebPage","@id":"https:\/\/www.nexoinformativo.mx\/index.php\/2025\/04\/07\/tras-las-rejas-fiscalia-acusa-a-hombre-por-robo-de-camioneta-modelo-2025\/","url":"https:\/\/www.nexoinformativo.mx\/index.php\/2025\/04\/07\/tras-las-rejas-fiscalia-acusa-a-hombre-por-robo-de-camioneta-modelo-2025\/","name":"Tras las rejas Fiscal\u00eda acusa a hombre por robo de camioneta modelo 2025 | Nexo Informativo Santiago de Quer\u00e9taro","isPartOf":{"@id":"https:\/\/www.nexoinformativo.mx\/#website"},"primaryImageOfPage":{"@id":"https:\/\/www.nexoinformativo.mx\/index.php\/2025\/04\/07\/tras-las-rejas-fiscalia-acusa-a-hombre-por-robo-de-camioneta-modelo-2025\/#primaryimage"},"image":{"@id":"https:\/\/www.nexoinformativo.mx\/index.php\/2025\/04\/07\/tras-las-rejas-fiscalia-acusa-a-hombre-por-robo-de-camioneta-modelo-2025\/#primaryimage"},"thumbnailUrl":"https:\/\/www.nexoinformativo.mx\/wp-content\/uploads\/2025\/04\/PHOTO-2025-04-07-13-31-45-e1744076274561.jpg","datePublished":"2025-04-07T21:00:54+00:00","dateModified":"2025-04-08T01:39:03+00:00","description":"Tras las rejas Fiscal\u00eda acusa a hombre por robo de camioneta modelo 2025","breadcrumb":{"@id":"https:\/\/www.nexoinformativo.mx\/index.php\/2025\/04\/07\/tras-las-rejas-fiscalia-acusa-a-hombre-por-robo-de-camioneta-modelo-2025\/#breadcrumb"},"inLanguage":"es","potentialAction":[{"@type":"ReadAction","target":["https:\/\/www.nexoinformativo.mx\/index.php\/2025\/04\/07\/tras-las-rejas-fiscalia-acusa-a-hombre-por-robo-de-camioneta-modelo-2025\/"]}]},{"@type":"ImageObject","inLanguage":"es","@id":"https:\/\/www.nexoinformativo.mx\/index.php\/2025\/04\/07\/tras-las-rejas-fiscalia-acusa-a-hombre-por-robo-de-camioneta-modelo-2025\/#primaryimage","url":"https:\/\/www.nexoinformativo.mx\/wp-content\/uploads\/2025\/04\/PHOTO-2025-04-07-13-31-45-e1744076274561.jpg","contentUrl":"https:\/\/www.nexoinformativo.mx\/wp-content\/uploads\/2025\/04\/PHOTO-2025-04-07-13-31-45-e1744076274561.jpg","width":800,"height":504},{"@type":"BreadcrumbList","@id":"https:\/\/www.nexoinformativo.mx\/index.php\/2025\/04\/07\/tras-las-rejas-fiscalia-acusa-a-hombre-por-robo-de-camioneta-modelo-2025\/#breadcrumb","itemListElement":[{"@type":"ListItem","position":1,"name":"Inicio","item":"https:\/\/www.nexoinformativo.mx\/"},{"@type":"ListItem","position":2,"name":"Tras las rejas Fiscal\u00eda acusa a hombre por robo de camioneta modelo 2025"}]},{"@type":"WebSite","@id":"https:\/\/www.nexoinformativo.mx\/#website","url":"https:\/\/www.nexoinformativo.mx\/","name":"Nexo Informativo Santiago de Quer\u00e9taro","description":"Explora NexoInformativo y convi\u00e9rtete en parte de una comunidad que valora el conocimiento y la verdad. Tu nexoinformativo es tu puente hacia una comprensi\u00f3n m\u00e1s profunda del mundo que te rodea.","publisher":{"@id":"https:\/\/www.nexoinformativo.mx\/#organization"},"potentialAction":[{"@type":"SearchAction","target":{"@type":"EntryPoint","urlTemplate":"https:\/\/www.nexoinformativo.mx\/?s={search_term_string}"},"query-input":{"@type":"PropertyValueSpecification","valueRequired":true,"valueName":"search_term_string"}}],"inLanguage":"es"},{"@type":"Organization","@id":"https:\/\/www.nexoinformativo.mx\/#organization","name":"Nexo Informativo Santiago de Quer\u00e9taro","url":"https:\/\/www.nexoinformativo.mx\/","logo":{"@type":"ImageObject","inLanguage":"es","@id":"https:\/\/www.nexoinformativo.mx\/#\/schema\/logo\/image\/","url":"https:\/\/www.nexoinformativo.mx\/wp-content\/uploads\/2024\/07\/nexoi-trasparente-2.png","contentUrl":"https:\/\/www.nexoinformativo.mx\/wp-content\/uploads\/2024\/07\/nexoi-trasparente-2.png","width":816,"height":339,"caption":"Nexo Informativo Santiago de Quer\u00e9taro"},"image":{"@id":"https:\/\/www.nexoinformativo.mx\/#\/schema\/logo\/image\/"},"sameAs":["https:\/\/www.facebook.com\/people\/Nexo-Informativo\/61564066885511\/"]},{"@type":"Person","@id":"https:\/\/www.nexoinformativo.mx\/#\/schema\/person\/7749d380ba08c8ca00d7bc76fd907b7d","name":"Nexo Informativo","image":{"@type":"ImageObject","inLanguage":"es","@id":"https:\/\/www.nexoinformativo.mx\/#\/schema\/person\/image\/","url":"https:\/\/secure.gravatar.com\/avatar\/dde2928154642a13d95f87ddf1ea9718fe2b46760a005c53e41ff5ad610704e6?s=96&d=mm&r=g","contentUrl":"https:\/\/secure.gravatar.com\/avatar\/dde2928154642a13d95f87ddf1ea9718fe2b46760a005c53e41ff5ad610704e6?s=96&d=mm&r=g","caption":"Nexo Informativo"},"url":"https:\/\/www.nexoinformativo.mx\/index.php\/author\/edicion\/"}]}},"_links":{"self":[{"href":"https:\/\/www.nexoinformativo.mx\/index.php\/wp-json\/wp\/v2\/posts\/13833","targetHints":{"allow":["GET"]}}],"collection":[{"href":"https:\/\/www.nexoinformativo.mx\/index.php\/wp-json\/wp\/v2\/posts"}],"about":[{"href":"https:\/\/www.nexoinformativo.mx\/index.php\/wp-json\/wp\/v2\/types\/post"}],"author":[{"embeddable":true,"href":"https:\/\/www.nexoinformativo.mx\/index.php\/wp-json\/wp\/v2\/users\/3"}],"replies":[{"embeddable":true,"href":"https:\/\/www.nexoinformativo.mx\/index.php\/wp-json\/wp\/v2\/comments?post=13833"}],"version-history":[{"count":3,"href":"https:\/\/www.nexoinformativo.mx\/index.php\/wp-json\/wp\/v2\/posts\/13833\/revisions"}],"predecessor-version":[{"id":13837,"href":"https:\/\/www.nexoinformativo.mx\/index.php\/wp-json\/wp\/v2\/posts\/13833\/revisions\/13837"}],"wp:featuredmedia":[{"embeddable":true,"href":"https:\/\/www.nexoinformativo.mx\/index.php\/wp-json\/wp\/v2\/media\/13834"}],"wp:attachment":[{"href":"https:\/\/www.nexoinformativo.mx\/index.php\/wp-json\/wp\/v2\/media?parent=13833"}],"wp:term":[{"taxonomy":"category","embeddable":true,"href":"https:\/\/www.nexoinformativo.mx\/index.php\/wp-json\/wp\/v2\/categories?post=13833"},{"taxonomy":"post_tag","embeddable":true,"href":"https:\/\/www.nexoinformativo.mx\/index.php\/wp-json\/wp\/v2\/tags?post=13833"}],"curies":[{"name":"wp","href":"https:\/\/api.w.org\/{rel}","templated":true}]}}