{"id":13850,"date":"2025-04-08T07:00:18","date_gmt":"2025-04-08T13:00:18","guid":{"rendered":"https:\/\/www.nexoinformativo.mx\/?p=13850"},"modified":"2025-04-08T09:07:07","modified_gmt":"2025-04-08T15:07:07","slug":"consume-del-campo-vive-feliz-agricultura-lanza-campana-que-destaca-beneficios-de-comer-productos-frescos-mexicanos","status":"publish","type":"post","link":"https:\/\/www.nexoinformativo.mx\/index.php\/2025\/04\/08\/consume-del-campo-vive-feliz-agricultura-lanza-campana-que-destaca-beneficios-de-comer-productos-frescos-mexicanos\/","title":{"rendered":"&#8220;Consume del Campo Vive Feliz&#8221; AGRICULTURA lanza campa\u00f1a que destaca beneficios de comer productos frescos mexicanos"},"content":{"rendered":"<p style=\"text-align: justify;\" data-sourcepos=\"11:1-11:475\">En el marco del D\u00eda Mundial de la Salud, <strong>la Secretar\u00eda de Agricultura y Desarrollo Rural<\/strong> (AGRICULTURA) y el Instituto Nacional de Salud P\u00fablica (INSP) unieron fuerzas para lanzar la campa\u00f1a en redes sociales &#8220;Consume del campo, vive feliz&#8221;.<\/p>\n<\/p>\n<p>&nbsp;<\/p>\n<p style=\"text-align: justify;\" data-sourcepos=\"11:1-11:475\">Esta iniciativa busca fomentar una dieta basada en alimentos frescos, saludables y producidos en M\u00e9xico, resaltando los sabores del campo y las costas para mejorar la salud y el bienestar de la poblaci\u00f3n.<\/p>\n<\/p>\n<p>&nbsp;<\/p>\n<p style=\"text-align: justify;\" data-sourcepos=\"13:1-13:226\">La campa\u00f1a subraya que una alimentaci\u00f3n saludable y sostenible puede costar hasta un 40 por ciento menos que una dieta rica en productos ultraprocesados, adem\u00e1s de prevenir enfermedades cr\u00f3nicas como la obesidad y la diabetes.<\/p>\n<\/p>\n<p>&nbsp;<\/p>\n<p style=\"text-align: justify;\" data-sourcepos=\"15:1-15:303\">Este a\u00f1o, el D\u00eda Mundial de la Salud se centra en la salud materna y neonatal, y la campa\u00f1a se alinea con los objetivos del gobierno federal de fortalecer la nutrici\u00f3n y garantizar una alimentaci\u00f3n adecuada desde los primeros mil d\u00edas de vida, cruciales para la prevenci\u00f3n de enfermedades a largo plazo.<\/p>\n<\/p>\n<p>&nbsp;<\/p>\n<p style=\"text-align: justify;\" data-sourcepos=\"17:1-17:382\">La campa\u00f1a se basa en las Gu\u00edas alimentarias saludables y sostenibles para la poblaci\u00f3n mexicana 2023 del INSP, que recomiendan consumir diariamente frutas, verduras, leguminosas, nueces y semillas m\u00ednimamente procesadas, moderar el consumo de productos de origen animal y evitar alimentos ultraprocesados y bebidas azucaradas, priorizando productos frescos, locales y de temporada.<\/p>\n<\/p>\n<p>&nbsp;<\/p>\n<p style=\"text-align: justify;\" data-sourcepos=\"19:1-19:202\">A trav\u00e9s de mensajes respaldados por evidencia cient\u00edfica, la campa\u00f1a &#8220;Consume del campo, vive feliz&#8221; mostrar\u00e1 c\u00f3mo peque\u00f1as acciones al elegir alimentos pueden generar grandes beneficios para la salud.<\/p>\n<\/p>\n<p>&nbsp;<\/p>\n<p style=\"text-align: center;\" data-sourcepos=\"19:1-19:202\"><em><strong>\u00a1Informaci\u00f3n que transforma!<\/strong><\/em><\/p>\n","protected":false},"excerpt":{"rendered":"<p>En el marco del D\u00eda Mundial de la Salud, la Secretar\u00eda de Agricultura y Desarrollo Rural (AGRICULTURA) y el Instituto Nacional de Salud P\u00fablica (INSP) unieron fuerzas para lanzar la campa\u00f1a en redes sociales &#8220;Consume del campo, vive feliz&#8221;.<\/p>\n","protected":false},"author":3,"featured_media":13852,"comment_status":"open","ping_status":"open","sticky":false,"template":"","format":"standard","meta":{"footnotes":""},"categories":[88,58],"tags":[1576,4034,4036,4035],"class_list":["post-13850","post","type-post","status-publish","format-standard","has-post-thumbnail","hentry","category-nacional","category-ultima-hora","tag-alimentacionsaludable","tag-consumedelcampo","tag-productosmexicanos","tag-vivefeliz"],"yoast_head":"<!-- This site is optimized with the Yoast SEO plugin v25.0 - https:\/\/yoast.com\/wordpress\/plugins\/seo\/ -->\n<title>&quot;Consume del Campo Vive Feliz&quot; AGRICULTURA lanza campa\u00f1a que destaca beneficios de comer productos frescos mexicanos | Nexo Informativo Santiago de Quer\u00e9taro<\/title>\n<meta name=\"description\" content=\"&quot;Consume del Campo Vive Feliz&quot; AGRICULTURA lanza campa\u00f1a que destaca beneficios de comer productos frescos mexicanos\" \/>\n<meta name=\"robots\" content=\"index, follow, max-snippet:-1, max-image-preview:large, max-video-preview:-1\" \/>\n<link rel=\"canonical\" href=\"https:\/\/www.nexoinformativo.mx\/index.php\/2025\/04\/08\/consume-del-campo-vive-feliz-agricultura-lanza-campana-que-destaca-beneficios-de-comer-productos-frescos-mexicanos\/\" \/>\n<meta property=\"og:locale\" content=\"es_MX\" \/>\n<meta property=\"og:type\" content=\"article\" \/>\n<meta property=\"og:title\" content=\"&quot;Consume del Campo Vive Feliz&quot; AGRICULTURA lanza campa\u00f1a que destaca beneficios de comer productos frescos mexicanos | Nexo Informativo Santiago de Quer\u00e9taro\" \/>\n<meta property=\"og:description\" content=\"&quot;Consume del Campo Vive Feliz&quot; AGRICULTURA lanza campa\u00f1a que destaca beneficios de comer productos frescos mexicanos\" \/>\n<meta property=\"og:url\" content=\"https:\/\/www.nexoinformativo.mx\/index.php\/2025\/04\/08\/consume-del-campo-vive-feliz-agricultura-lanza-campana-que-destaca-beneficios-de-comer-productos-frescos-mexicanos\/\" \/>\n<meta property=\"og:site_name\" content=\"Nexo Informativo Santiago de Quer\u00e9taro\" \/>\n<meta property=\"article:publisher\" content=\"https:\/\/www.facebook.com\/people\/Nexo-Informativo\/61564066885511\/\" \/>\n<meta property=\"article:published_time\" content=\"2025-04-08T13:00:18+00:00\" \/>\n<meta property=\"article:modified_time\" content=\"2025-04-08T15:07:07+00:00\" \/>\n<meta property=\"og:image\" content=\"https:\/\/www.nexoinformativo.mx\/wp-content\/uploads\/2025\/04\/IMG_2161.jpg\" \/>\n\t<meta property=\"og:image:width\" content=\"650\" \/>\n\t<meta property=\"og:image:height\" content=\"380\" \/>\n\t<meta property=\"og:image:type\" content=\"image\/jpeg\" \/>\n<meta name=\"author\" content=\"Nexo Informativo\" \/>\n<meta name=\"twitter:card\" content=\"summary_large_image\" \/>\n<meta name=\"twitter:label1\" content=\"Escrito por\" \/>\n\t<meta name=\"twitter:data1\" content=\"Nexo Informativo\" \/>\n\t<meta name=\"twitter:label2\" content=\"Tiempo de lectura\" \/>\n\t<meta name=\"twitter:data2\" content=\"2 minutos\" \/>\n<script type=\"application\/ld+json\" class=\"yoast-schema-graph\">{\"@context\":\"https:\/\/schema.org\",\"@graph\":[{\"@type\":\"Article\",\"@id\":\"https:\/\/www.nexoinformativo.mx\/index.php\/2025\/04\/08\/consume-del-campo-vive-feliz-agricultura-lanza-campana-que-destaca-beneficios-de-comer-productos-frescos-mexicanos\/#article\",\"isPartOf\":{\"@id\":\"https:\/\/www.nexoinformativo.mx\/index.php\/2025\/04\/08\/consume-del-campo-vive-feliz-agricultura-lanza-campana-que-destaca-beneficios-de-comer-productos-frescos-mexicanos\/\"},\"author\":{\"name\":\"Nexo Informativo\",\"@id\":\"https:\/\/www.nexoinformativo.mx\/#\/schema\/person\/7749d380ba08c8ca00d7bc76fd907b7d\"},\"headline\":\"&#8220;Consume del Campo Vive Feliz&#8221; AGRICULTURA lanza campa\u00f1a que destaca beneficios de comer productos frescos mexicanos\",\"datePublished\":\"2025-04-08T13:00:18+00:00\",\"dateModified\":\"2025-04-08T15:07:07+00:00\",\"mainEntityOfPage\":{\"@id\":\"https:\/\/www.nexoinformativo.mx\/index.php\/2025\/04\/08\/consume-del-campo-vive-feliz-agricultura-lanza-campana-que-destaca-beneficios-de-comer-productos-frescos-mexicanos\/\"},\"wordCount\":291,\"commentCount\":0,\"publisher\":{\"@id\":\"https:\/\/www.nexoinformativo.mx\/#organization\"},\"image\":{\"@id\":\"https:\/\/www.nexoinformativo.mx\/index.php\/2025\/04\/08\/consume-del-campo-vive-feliz-agricultura-lanza-campana-que-destaca-beneficios-de-comer-productos-frescos-mexicanos\/#primaryimage\"},\"thumbnailUrl\":\"https:\/\/www.nexoinformativo.mx\/wp-content\/uploads\/2025\/04\/IMG_2161.jpg\",\"keywords\":[\"Alimentaci\u00f3nSaludable\",\"ConsumeDelCampo\",\"ProductosMexicanos\",\"ViveFeliz\"],\"articleSection\":[\"Nacional\",\"\u00daltima Hora\"],\"inLanguage\":\"es\",\"potentialAction\":[{\"@type\":\"CommentAction\",\"name\":\"Comment\",\"target\":[\"https:\/\/www.nexoinformativo.mx\/index.php\/2025\/04\/08\/consume-del-campo-vive-feliz-agricultura-lanza-campana-que-destaca-beneficios-de-comer-productos-frescos-mexicanos\/#respond\"]}]},{\"@type\":\"WebPage\",\"@id\":\"https:\/\/www.nexoinformativo.mx\/index.php\/2025\/04\/08\/consume-del-campo-vive-feliz-agricultura-lanza-campana-que-destaca-beneficios-de-comer-productos-frescos-mexicanos\/\",\"url\":\"https:\/\/www.nexoinformativo.mx\/index.php\/2025\/04\/08\/consume-del-campo-vive-feliz-agricultura-lanza-campana-que-destaca-beneficios-de-comer-productos-frescos-mexicanos\/\",\"name\":\"\\\"Consume del Campo Vive Feliz\\\" AGRICULTURA lanza campa\u00f1a que destaca beneficios de comer productos frescos mexicanos | Nexo Informativo Santiago de Quer\u00e9taro\",\"isPartOf\":{\"@id\":\"https:\/\/www.nexoinformativo.mx\/#website\"},\"primaryImageOfPage\":{\"@id\":\"https:\/\/www.nexoinformativo.mx\/index.php\/2025\/04\/08\/consume-del-campo-vive-feliz-agricultura-lanza-campana-que-destaca-beneficios-de-comer-productos-frescos-mexicanos\/#primaryimage\"},\"image\":{\"@id\":\"https:\/\/www.nexoinformativo.mx\/index.php\/2025\/04\/08\/consume-del-campo-vive-feliz-agricultura-lanza-campana-que-destaca-beneficios-de-comer-productos-frescos-mexicanos\/#primaryimage\"},\"thumbnailUrl\":\"https:\/\/www.nexoinformativo.mx\/wp-content\/uploads\/2025\/04\/IMG_2161.jpg\",\"datePublished\":\"2025-04-08T13:00:18+00:00\",\"dateModified\":\"2025-04-08T15:07:07+00:00\",\"description\":\"\\\"Consume del Campo Vive Feliz\\\" AGRICULTURA lanza campa\u00f1a que destaca beneficios de comer productos frescos mexicanos\",\"breadcrumb\":{\"@id\":\"https:\/\/www.nexoinformativo.mx\/index.php\/2025\/04\/08\/consume-del-campo-vive-feliz-agricultura-lanza-campana-que-destaca-beneficios-de-comer-productos-frescos-mexicanos\/#breadcrumb\"},\"inLanguage\":\"es\",\"potentialAction\":[{\"@type\":\"ReadAction\",\"target\":[\"https:\/\/www.nexoinformativo.mx\/index.php\/2025\/04\/08\/consume-del-campo-vive-feliz-agricultura-lanza-campana-que-destaca-beneficios-de-comer-productos-frescos-mexicanos\/\"]}]},{\"@type\":\"ImageObject\",\"inLanguage\":\"es\",\"@id\":\"https:\/\/www.nexoinformativo.mx\/index.php\/2025\/04\/08\/consume-del-campo-vive-feliz-agricultura-lanza-campana-que-destaca-beneficios-de-comer-productos-frescos-mexicanos\/#primaryimage\",\"url\":\"https:\/\/www.nexoinformativo.mx\/wp-content\/uploads\/2025\/04\/IMG_2161.jpg\",\"contentUrl\":\"https:\/\/www.nexoinformativo.mx\/wp-content\/uploads\/2025\/04\/IMG_2161.jpg\",\"width\":650,\"height\":380},{\"@type\":\"BreadcrumbList\",\"@id\":\"https:\/\/www.nexoinformativo.mx\/index.php\/2025\/04\/08\/consume-del-campo-vive-feliz-agricultura-lanza-campana-que-destaca-beneficios-de-comer-productos-frescos-mexicanos\/#breadcrumb\",\"itemListElement\":[{\"@type\":\"ListItem\",\"position\":1,\"name\":\"Inicio\",\"item\":\"https:\/\/www.nexoinformativo.mx\/\"},{\"@type\":\"ListItem\",\"position\":2,\"name\":\"&#8220;Consume del Campo Vive Feliz&#8221; AGRICULTURA lanza campa\u00f1a que destaca beneficios de comer productos frescos mexicanos\"}]},{\"@type\":\"WebSite\",\"@id\":\"https:\/\/www.nexoinformativo.mx\/#website\",\"url\":\"https:\/\/www.nexoinformativo.mx\/\",\"name\":\"Nexo Informativo Santiago de Quer\u00e9taro\",\"description\":\"Explora NexoInformativo y convi\u00e9rtete en parte de una comunidad que valora el conocimiento y la verdad. Tu nexoinformativo es tu puente hacia una comprensi\u00f3n m\u00e1s profunda del mundo que te rodea.\",\"publisher\":{\"@id\":\"https:\/\/www.nexoinformativo.mx\/#organization\"},\"potentialAction\":[{\"@type\":\"SearchAction\",\"target\":{\"@type\":\"EntryPoint\",\"urlTemplate\":\"https:\/\/www.nexoinformativo.mx\/?s={search_term_string}\"},\"query-input\":{\"@type\":\"PropertyValueSpecification\",\"valueRequired\":true,\"valueName\":\"search_term_string\"}}],\"inLanguage\":\"es\"},{\"@type\":\"Organization\",\"@id\":\"https:\/\/www.nexoinformativo.mx\/#organization\",\"name\":\"Nexo Informativo Santiago de Quer\u00e9taro\",\"url\":\"https:\/\/www.nexoinformativo.mx\/\",\"logo\":{\"@type\":\"ImageObject\",\"inLanguage\":\"es\",\"@id\":\"https:\/\/www.nexoinformativo.mx\/#\/schema\/logo\/image\/\",\"url\":\"https:\/\/www.nexoinformativo.mx\/wp-content\/uploads\/2024\/07\/nexoi-trasparente-2.png\",\"contentUrl\":\"https:\/\/www.nexoinformativo.mx\/wp-content\/uploads\/2024\/07\/nexoi-trasparente-2.png\",\"width\":816,\"height\":339,\"caption\":\"Nexo Informativo Santiago de Quer\u00e9taro\"},\"image\":{\"@id\":\"https:\/\/www.nexoinformativo.mx\/#\/schema\/logo\/image\/\"},\"sameAs\":[\"https:\/\/www.facebook.com\/people\/Nexo-Informativo\/61564066885511\/\"]},{\"@type\":\"Person\",\"@id\":\"https:\/\/www.nexoinformativo.mx\/#\/schema\/person\/7749d380ba08c8ca00d7bc76fd907b7d\",\"name\":\"Nexo Informativo\",\"image\":{\"@type\":\"ImageObject\",\"inLanguage\":\"es\",\"@id\":\"https:\/\/www.nexoinformativo.mx\/#\/schema\/person\/image\/\",\"url\":\"https:\/\/secure.gravatar.com\/avatar\/dde2928154642a13d95f87ddf1ea9718fe2b46760a005c53e41ff5ad610704e6?s=96&d=mm&r=g\",\"contentUrl\":\"https:\/\/secure.gravatar.com\/avatar\/dde2928154642a13d95f87ddf1ea9718fe2b46760a005c53e41ff5ad610704e6?s=96&d=mm&r=g\",\"caption\":\"Nexo Informativo\"},\"url\":\"https:\/\/www.nexoinformativo.mx\/index.php\/author\/edicion\/\"}]}<\/script>\n<!-- \/ Yoast SEO plugin. -->","yoast_head_json":{"title":"\"Consume del Campo Vive Feliz\" AGRICULTURA lanza campa\u00f1a que destaca beneficios de comer productos frescos mexicanos | Nexo Informativo Santiago de Quer\u00e9taro","description":"\"Consume del Campo Vive Feliz\" AGRICULTURA lanza campa\u00f1a que destaca beneficios de comer productos frescos mexicanos","robots":{"index":"index","follow":"follow","max-snippet":"max-snippet:-1","max-image-preview":"max-image-preview:large","max-video-preview":"max-video-preview:-1"},"canonical":"https:\/\/www.nexoinformativo.mx\/index.php\/2025\/04\/08\/consume-del-campo-vive-feliz-agricultura-lanza-campana-que-destaca-beneficios-de-comer-productos-frescos-mexicanos\/","og_locale":"es_MX","og_type":"article","og_title":"\"Consume del Campo Vive Feliz\" AGRICULTURA lanza campa\u00f1a que destaca beneficios de comer productos frescos mexicanos | Nexo Informativo Santiago de Quer\u00e9taro","og_description":"\"Consume del Campo Vive Feliz\" AGRICULTURA lanza campa\u00f1a que destaca beneficios de comer productos frescos mexicanos","og_url":"https:\/\/www.nexoinformativo.mx\/index.php\/2025\/04\/08\/consume-del-campo-vive-feliz-agricultura-lanza-campana-que-destaca-beneficios-de-comer-productos-frescos-mexicanos\/","og_site_name":"Nexo Informativo Santiago de Quer\u00e9taro","article_publisher":"https:\/\/www.facebook.com\/people\/Nexo-Informativo\/61564066885511\/","article_published_time":"2025-04-08T13:00:18+00:00","article_modified_time":"2025-04-08T15:07:07+00:00","og_image":[{"width":650,"height":380,"url":"https:\/\/www.nexoinformativo.mx\/wp-content\/uploads\/2025\/04\/IMG_2161.jpg","type":"image\/jpeg"}],"author":"Nexo Informativo","twitter_card":"summary_large_image","twitter_misc":{"Escrito por":"Nexo Informativo","Tiempo de lectura":"2 minutos"},"schema":{"@context":"https:\/\/schema.org","@graph":[{"@type":"Article","@id":"https:\/\/www.nexoinformativo.mx\/index.php\/2025\/04\/08\/consume-del-campo-vive-feliz-agricultura-lanza-campana-que-destaca-beneficios-de-comer-productos-frescos-mexicanos\/#article","isPartOf":{"@id":"https:\/\/www.nexoinformativo.mx\/index.php\/2025\/04\/08\/consume-del-campo-vive-feliz-agricultura-lanza-campana-que-destaca-beneficios-de-comer-productos-frescos-mexicanos\/"},"author":{"name":"Nexo Informativo","@id":"https:\/\/www.nexoinformativo.mx\/#\/schema\/person\/7749d380ba08c8ca00d7bc76fd907b7d"},"headline":"&#8220;Consume del Campo Vive Feliz&#8221; AGRICULTURA lanza campa\u00f1a que destaca beneficios de comer productos frescos mexicanos","datePublished":"2025-04-08T13:00:18+00:00","dateModified":"2025-04-08T15:07:07+00:00","mainEntityOfPage":{"@id":"https:\/\/www.nexoinformativo.mx\/index.php\/2025\/04\/08\/consume-del-campo-vive-feliz-agricultura-lanza-campana-que-destaca-beneficios-de-comer-productos-frescos-mexicanos\/"},"wordCount":291,"commentCount":0,"publisher":{"@id":"https:\/\/www.nexoinformativo.mx\/#organization"},"image":{"@id":"https:\/\/www.nexoinformativo.mx\/index.php\/2025\/04\/08\/consume-del-campo-vive-feliz-agricultura-lanza-campana-que-destaca-beneficios-de-comer-productos-frescos-mexicanos\/#primaryimage"},"thumbnailUrl":"https:\/\/www.nexoinformativo.mx\/wp-content\/uploads\/2025\/04\/IMG_2161.jpg","keywords":["Alimentaci\u00f3nSaludable","ConsumeDelCampo","ProductosMexicanos","ViveFeliz"],"articleSection":["Nacional","\u00daltima Hora"],"inLanguage":"es","potentialAction":[{"@type":"CommentAction","name":"Comment","target":["https:\/\/www.nexoinformativo.mx\/index.php\/2025\/04\/08\/consume-del-campo-vive-feliz-agricultura-lanza-campana-que-destaca-beneficios-de-comer-productos-frescos-mexicanos\/#respond"]}]},{"@type":"WebPage","@id":"https:\/\/www.nexoinformativo.mx\/index.php\/2025\/04\/08\/consume-del-campo-vive-feliz-agricultura-lanza-campana-que-destaca-beneficios-de-comer-productos-frescos-mexicanos\/","url":"https:\/\/www.nexoinformativo.mx\/index.php\/2025\/04\/08\/consume-del-campo-vive-feliz-agricultura-lanza-campana-que-destaca-beneficios-de-comer-productos-frescos-mexicanos\/","name":"\"Consume del Campo Vive Feliz\" AGRICULTURA lanza campa\u00f1a que destaca beneficios de comer productos frescos mexicanos | Nexo Informativo Santiago de Quer\u00e9taro","isPartOf":{"@id":"https:\/\/www.nexoinformativo.mx\/#website"},"primaryImageOfPage":{"@id":"https:\/\/www.nexoinformativo.mx\/index.php\/2025\/04\/08\/consume-del-campo-vive-feliz-agricultura-lanza-campana-que-destaca-beneficios-de-comer-productos-frescos-mexicanos\/#primaryimage"},"image":{"@id":"https:\/\/www.nexoinformativo.mx\/index.php\/2025\/04\/08\/consume-del-campo-vive-feliz-agricultura-lanza-campana-que-destaca-beneficios-de-comer-productos-frescos-mexicanos\/#primaryimage"},"thumbnailUrl":"https:\/\/www.nexoinformativo.mx\/wp-content\/uploads\/2025\/04\/IMG_2161.jpg","datePublished":"2025-04-08T13:00:18+00:00","dateModified":"2025-04-08T15:07:07+00:00","description":"\"Consume del Campo Vive Feliz\" AGRICULTURA lanza campa\u00f1a que destaca beneficios de comer productos frescos mexicanos","breadcrumb":{"@id":"https:\/\/www.nexoinformativo.mx\/index.php\/2025\/04\/08\/consume-del-campo-vive-feliz-agricultura-lanza-campana-que-destaca-beneficios-de-comer-productos-frescos-mexicanos\/#breadcrumb"},"inLanguage":"es","potentialAction":[{"@type":"ReadAction","target":["https:\/\/www.nexoinformativo.mx\/index.php\/2025\/04\/08\/consume-del-campo-vive-feliz-agricultura-lanza-campana-que-destaca-beneficios-de-comer-productos-frescos-mexicanos\/"]}]},{"@type":"ImageObject","inLanguage":"es","@id":"https:\/\/www.nexoinformativo.mx\/index.php\/2025\/04\/08\/consume-del-campo-vive-feliz-agricultura-lanza-campana-que-destaca-beneficios-de-comer-productos-frescos-mexicanos\/#primaryimage","url":"https:\/\/www.nexoinformativo.mx\/wp-content\/uploads\/2025\/04\/IMG_2161.jpg","contentUrl":"https:\/\/www.nexoinformativo.mx\/wp-content\/uploads\/2025\/04\/IMG_2161.jpg","width":650,"height":380},{"@type":"BreadcrumbList","@id":"https:\/\/www.nexoinformativo.mx\/index.php\/2025\/04\/08\/consume-del-campo-vive-feliz-agricultura-lanza-campana-que-destaca-beneficios-de-comer-productos-frescos-mexicanos\/#breadcrumb","itemListElement":[{"@type":"ListItem","position":1,"name":"Inicio","item":"https:\/\/www.nexoinformativo.mx\/"},{"@type":"ListItem","position":2,"name":"&#8220;Consume del Campo Vive Feliz&#8221; AGRICULTURA lanza campa\u00f1a que destaca beneficios de comer productos frescos mexicanos"}]},{"@type":"WebSite","@id":"https:\/\/www.nexoinformativo.mx\/#website","url":"https:\/\/www.nexoinformativo.mx\/","name":"Nexo Informativo Santiago de Quer\u00e9taro","description":"Explora NexoInformativo y convi\u00e9rtete en parte de una comunidad que valora el conocimiento y la verdad. Tu nexoinformativo es tu puente hacia una comprensi\u00f3n m\u00e1s profunda del mundo que te rodea.","publisher":{"@id":"https:\/\/www.nexoinformativo.mx\/#organization"},"potentialAction":[{"@type":"SearchAction","target":{"@type":"EntryPoint","urlTemplate":"https:\/\/www.nexoinformativo.mx\/?s={search_term_string}"},"query-input":{"@type":"PropertyValueSpecification","valueRequired":true,"valueName":"search_term_string"}}],"inLanguage":"es"},{"@type":"Organization","@id":"https:\/\/www.nexoinformativo.mx\/#organization","name":"Nexo Informativo Santiago de Quer\u00e9taro","url":"https:\/\/www.nexoinformativo.mx\/","logo":{"@type":"ImageObject","inLanguage":"es","@id":"https:\/\/www.nexoinformativo.mx\/#\/schema\/logo\/image\/","url":"https:\/\/www.nexoinformativo.mx\/wp-content\/uploads\/2024\/07\/nexoi-trasparente-2.png","contentUrl":"https:\/\/www.nexoinformativo.mx\/wp-content\/uploads\/2024\/07\/nexoi-trasparente-2.png","width":816,"height":339,"caption":"Nexo Informativo Santiago de Quer\u00e9taro"},"image":{"@id":"https:\/\/www.nexoinformativo.mx\/#\/schema\/logo\/image\/"},"sameAs":["https:\/\/www.facebook.com\/people\/Nexo-Informativo\/61564066885511\/"]},{"@type":"Person","@id":"https:\/\/www.nexoinformativo.mx\/#\/schema\/person\/7749d380ba08c8ca00d7bc76fd907b7d","name":"Nexo Informativo","image":{"@type":"ImageObject","inLanguage":"es","@id":"https:\/\/www.nexoinformativo.mx\/#\/schema\/person\/image\/","url":"https:\/\/secure.gravatar.com\/avatar\/dde2928154642a13d95f87ddf1ea9718fe2b46760a005c53e41ff5ad610704e6?s=96&d=mm&r=g","contentUrl":"https:\/\/secure.gravatar.com\/avatar\/dde2928154642a13d95f87ddf1ea9718fe2b46760a005c53e41ff5ad610704e6?s=96&d=mm&r=g","caption":"Nexo Informativo"},"url":"https:\/\/www.nexoinformativo.mx\/index.php\/author\/edicion\/"}]}},"_links":{"self":[{"href":"https:\/\/www.nexoinformativo.mx\/index.php\/wp-json\/wp\/v2\/posts\/13850","targetHints":{"allow":["GET"]}}],"collection":[{"href":"https:\/\/www.nexoinformativo.mx\/index.php\/wp-json\/wp\/v2\/posts"}],"about":[{"href":"https:\/\/www.nexoinformativo.mx\/index.php\/wp-json\/wp\/v2\/types\/post"}],"author":[{"embeddable":true,"href":"https:\/\/www.nexoinformativo.mx\/index.php\/wp-json\/wp\/v2\/users\/3"}],"replies":[{"embeddable":true,"href":"https:\/\/www.nexoinformativo.mx\/index.php\/wp-json\/wp\/v2\/comments?post=13850"}],"version-history":[{"count":3,"href":"https:\/\/www.nexoinformativo.mx\/index.php\/wp-json\/wp\/v2\/posts\/13850\/revisions"}],"predecessor-version":[{"id":13854,"href":"https:\/\/www.nexoinformativo.mx\/index.php\/wp-json\/wp\/v2\/posts\/13850\/revisions\/13854"}],"wp:featuredmedia":[{"embeddable":true,"href":"https:\/\/www.nexoinformativo.mx\/index.php\/wp-json\/wp\/v2\/media\/13852"}],"wp:attachment":[{"href":"https:\/\/www.nexoinformativo.mx\/index.php\/wp-json\/wp\/v2\/media?parent=13850"}],"wp:term":[{"taxonomy":"category","embeddable":true,"href":"https:\/\/www.nexoinformativo.mx\/index.php\/wp-json\/wp\/v2\/categories?post=13850"},{"taxonomy":"post_tag","embeddable":true,"href":"https:\/\/www.nexoinformativo.mx\/index.php\/wp-json\/wp\/v2\/tags?post=13850"}],"curies":[{"name":"wp","href":"https:\/\/api.w.org\/{rel}","templated":true}]}}