{"id":13861,"date":"2025-04-08T09:00:27","date_gmt":"2025-04-08T15:00:27","guid":{"rendered":"https:\/\/www.nexoinformativo.mx\/?p=13861"},"modified":"2025-04-08T13:30:21","modified_gmt":"2025-04-08T19:30:21","slug":"cero-violencia-en-el-escenario-queretaro-prohibe-conciertos-de-corridos-tumbados","status":"publish","type":"post","link":"https:\/\/www.nexoinformativo.mx\/index.php\/2025\/04\/08\/cero-violencia-en-el-escenario-queretaro-prohibe-conciertos-de-corridos-tumbados\/","title":{"rendered":"Cero violencia en el escenario Quer\u00e9taro proh\u00edbe conciertos de corridos tumbados"},"content":{"rendered":"<p style=\"text-align: justify;\" data-sourcepos=\"11:1-11:344\">El gobierno de Quer\u00e9taro, en conjunto con los municipios de la entidad, ha tomado una firme decisi\u00f3n: no se permitir\u00e1n espect\u00e1culos musicales que interpreten los denominados &#8220;corridos tumbados&#8221;, g\u00e9nero conocido por hacer apolog\u00eda de la violencia. As\u00ed lo anunci\u00f3 el secretario de gobierno del estado, Carlos Alcaraz.<\/p>\n<p>&nbsp;<\/p>\n<p style=\"text-align: justify;\" data-sourcepos=\"13:1-13:464\">Alcaraz enfatiz\u00f3 que esta medida, que forma parte de un conjunto de acuerdos para promover la paz en Quer\u00e9taro, busca evitar cualquier comportamiento que no contribuya a la tranquilidad y seguridad de la sociedad.<\/p>\n<p>&nbsp;<\/p>\n<p style=\"text-align: justify;\" data-sourcepos=\"13:1-13:464\">&#8220;En Quer\u00e9taro, aquellos comportamientos que no sumen a la paz y tranquilidad no se van a llevar a cabo; este tipo de decisiones y situaciones no son ocurrencias, ya est\u00e1 muy claro que en Quer\u00e9taro no se van a presentar elencos como estos&#8221;, sentenci\u00f3.<\/p>\n<p>&nbsp;<\/p>\n<p style=\"text-align: justify;\" data-sourcepos=\"15:1-15:292\">El secretario recalc\u00f3 que tanto el gobierno estatal como los municipios garantizan que estos grupos musicales no se presentar\u00e1n en Quer\u00e9taro, conscientes de la situaci\u00f3n que enfrenta el pa\u00eds y reafirmando el compromiso del estado como referente en materia de seguridad y entretenimiento sano.<\/p>\n<p>&nbsp;<\/p>\n<p style=\"text-align: justify;\" data-sourcepos=\"17:1-17:279\">Alcaraz mencion\u00f3 que esta postura se fortaleci\u00f3 tras los lamentables hechos ocurridos en el Bar Los Cantaritos en noviembre pasado, lo que llev\u00f3 a la autoridad estatal y a los gobiernos municipales a acordar acciones enfocadas en fortalecer la paz y la tranquilidad en Quer\u00e9taro.<\/p>\n<p>&nbsp;<\/p>\n<p style=\"text-align: justify;\" data-sourcepos=\"19:1-19:281\">Finalmente, el secretario de gobierno sugiri\u00f3 que sea la Legislatura del Estado la encargada de analizar la necesidad de proponer una iniciativa que proh\u00edba formalmente en la entidad la presentaci\u00f3n de grupos musicales que interpreten contenidos que hagan apolog\u00eda de la violencia.<\/p>\n<p>&nbsp;<\/p>\n<p style=\"text-align: center;\" data-sourcepos=\"19:1-19:281\"><em><strong>\u00a1Informaci\u00f3n que transforma!<\/strong><\/em><\/p>\n","protected":false},"excerpt":{"rendered":"<p>El gobierno de Quer\u00e9taro, en conjunto con los municipios de la entidad, ha tomado una firme decisi\u00f3n: no se permitir\u00e1n espect\u00e1culos musicales que interpreten los denominados &#8220;corridos tumbados&#8221;, g\u00e9nero conocido por hacer apolog\u00eda de la violencia. As\u00ed lo anunci\u00f3 el secretario de gobierno del estado, Carlos Alcaraz.<\/p>\n","protected":false},"author":3,"featured_media":13864,"comment_status":"open","ping_status":"open","sticky":false,"template":"","format":"standard","meta":{"footnotes":""},"categories":[50,42,58],"tags":[4040,4039,438,266],"class_list":["post-13861","post","type-post","status-publish","format-standard","has-post-thumbnail","hentry","category-espectaculos","category-estado","category-ultima-hora","tag-musicasinviolencia","tag-nocorridostumbados","tag-queretaroporlapaz","tag-seguridadqueretaro"],"yoast_head":"<!-- This site is optimized with the Yoast SEO plugin v25.0 - https:\/\/yoast.com\/wordpress\/plugins\/seo\/ -->\n<title>Cero violencia en el escenario Quer\u00e9taro proh\u00edbe conciertos de corridos tumbados | Nexo Informativo Santiago de Quer\u00e9taro<\/title>\n<meta name=\"description\" content=\"Cero violencia en el escenario Quer\u00e9taro proh\u00edbe conciertos de corridos tumbados\" \/>\n<meta name=\"robots\" content=\"index, follow, max-snippet:-1, max-image-preview:large, max-video-preview:-1\" \/>\n<link rel=\"canonical\" href=\"https:\/\/www.nexoinformativo.mx\/index.php\/2025\/04\/08\/cero-violencia-en-el-escenario-queretaro-prohibe-conciertos-de-corridos-tumbados\/\" \/>\n<meta property=\"og:locale\" content=\"es_MX\" \/>\n<meta property=\"og:type\" content=\"article\" \/>\n<meta property=\"og:title\" content=\"Cero violencia en el escenario Quer\u00e9taro proh\u00edbe conciertos de corridos tumbados | Nexo Informativo Santiago de Quer\u00e9taro\" \/>\n<meta property=\"og:description\" content=\"Cero violencia en el escenario Quer\u00e9taro proh\u00edbe conciertos de corridos tumbados\" \/>\n<meta property=\"og:url\" content=\"https:\/\/www.nexoinformativo.mx\/index.php\/2025\/04\/08\/cero-violencia-en-el-escenario-queretaro-prohibe-conciertos-de-corridos-tumbados\/\" \/>\n<meta property=\"og:site_name\" content=\"Nexo Informativo Santiago de Quer\u00e9taro\" \/>\n<meta property=\"article:publisher\" content=\"https:\/\/www.facebook.com\/people\/Nexo-Informativo\/61564066885511\/\" \/>\n<meta property=\"article:published_time\" content=\"2025-04-08T15:00:27+00:00\" \/>\n<meta property=\"article:modified_time\" content=\"2025-04-08T19:30:21+00:00\" \/>\n<meta property=\"og:image\" content=\"https:\/\/www.nexoinformativo.mx\/wp-content\/uploads\/2025\/04\/IMG_2166-e1744140570329.jpg\" \/>\n\t<meta property=\"og:image:width\" content=\"800\" \/>\n\t<meta property=\"og:image:height\" content=\"749\" \/>\n\t<meta property=\"og:image:type\" content=\"image\/jpeg\" \/>\n<meta name=\"author\" content=\"Nexo Informativo\" \/>\n<meta name=\"twitter:card\" content=\"summary_large_image\" \/>\n<meta name=\"twitter:label1\" content=\"Escrito por\" \/>\n\t<meta name=\"twitter:data1\" content=\"Nexo Informativo\" \/>\n\t<meta name=\"twitter:label2\" content=\"Tiempo de lectura\" \/>\n\t<meta name=\"twitter:data2\" content=\"2 minutos\" \/>\n<script type=\"application\/ld+json\" class=\"yoast-schema-graph\">{\"@context\":\"https:\/\/schema.org\",\"@graph\":[{\"@type\":\"Article\",\"@id\":\"https:\/\/www.nexoinformativo.mx\/index.php\/2025\/04\/08\/cero-violencia-en-el-escenario-queretaro-prohibe-conciertos-de-corridos-tumbados\/#article\",\"isPartOf\":{\"@id\":\"https:\/\/www.nexoinformativo.mx\/index.php\/2025\/04\/08\/cero-violencia-en-el-escenario-queretaro-prohibe-conciertos-de-corridos-tumbados\/\"},\"author\":{\"name\":\"Nexo Informativo\",\"@id\":\"https:\/\/www.nexoinformativo.mx\/#\/schema\/person\/7749d380ba08c8ca00d7bc76fd907b7d\"},\"headline\":\"Cero violencia en el escenario Quer\u00e9taro proh\u00edbe conciertos de corridos tumbados\",\"datePublished\":\"2025-04-08T15:00:27+00:00\",\"dateModified\":\"2025-04-08T19:30:21+00:00\",\"mainEntityOfPage\":{\"@id\":\"https:\/\/www.nexoinformativo.mx\/index.php\/2025\/04\/08\/cero-violencia-en-el-escenario-queretaro-prohibe-conciertos-de-corridos-tumbados\/\"},\"wordCount\":296,\"commentCount\":0,\"publisher\":{\"@id\":\"https:\/\/www.nexoinformativo.mx\/#organization\"},\"image\":{\"@id\":\"https:\/\/www.nexoinformativo.mx\/index.php\/2025\/04\/08\/cero-violencia-en-el-escenario-queretaro-prohibe-conciertos-de-corridos-tumbados\/#primaryimage\"},\"thumbnailUrl\":\"https:\/\/www.nexoinformativo.mx\/wp-content\/uploads\/2025\/04\/IMG_2166-e1744140570329.jpg\",\"keywords\":[\"M\u00fasicaSinViolencia\",\"NoCorridosTumbados\",\"Quer\u00e9taroPorLaPaz\",\"SeguridadQueretaro\"],\"articleSection\":[\"Espect\u00e1culos\",\"Estado\",\"\u00daltima Hora\"],\"inLanguage\":\"es\",\"potentialAction\":[{\"@type\":\"CommentAction\",\"name\":\"Comment\",\"target\":[\"https:\/\/www.nexoinformativo.mx\/index.php\/2025\/04\/08\/cero-violencia-en-el-escenario-queretaro-prohibe-conciertos-de-corridos-tumbados\/#respond\"]}]},{\"@type\":\"WebPage\",\"@id\":\"https:\/\/www.nexoinformativo.mx\/index.php\/2025\/04\/08\/cero-violencia-en-el-escenario-queretaro-prohibe-conciertos-de-corridos-tumbados\/\",\"url\":\"https:\/\/www.nexoinformativo.mx\/index.php\/2025\/04\/08\/cero-violencia-en-el-escenario-queretaro-prohibe-conciertos-de-corridos-tumbados\/\",\"name\":\"Cero violencia en el escenario Quer\u00e9taro proh\u00edbe conciertos de corridos tumbados | Nexo Informativo Santiago de Quer\u00e9taro\",\"isPartOf\":{\"@id\":\"https:\/\/www.nexoinformativo.mx\/#website\"},\"primaryImageOfPage\":{\"@id\":\"https:\/\/www.nexoinformativo.mx\/index.php\/2025\/04\/08\/cero-violencia-en-el-escenario-queretaro-prohibe-conciertos-de-corridos-tumbados\/#primaryimage\"},\"image\":{\"@id\":\"https:\/\/www.nexoinformativo.mx\/index.php\/2025\/04\/08\/cero-violencia-en-el-escenario-queretaro-prohibe-conciertos-de-corridos-tumbados\/#primaryimage\"},\"thumbnailUrl\":\"https:\/\/www.nexoinformativo.mx\/wp-content\/uploads\/2025\/04\/IMG_2166-e1744140570329.jpg\",\"datePublished\":\"2025-04-08T15:00:27+00:00\",\"dateModified\":\"2025-04-08T19:30:21+00:00\",\"description\":\"Cero violencia en el escenario Quer\u00e9taro proh\u00edbe conciertos de corridos tumbados\",\"breadcrumb\":{\"@id\":\"https:\/\/www.nexoinformativo.mx\/index.php\/2025\/04\/08\/cero-violencia-en-el-escenario-queretaro-prohibe-conciertos-de-corridos-tumbados\/#breadcrumb\"},\"inLanguage\":\"es\",\"potentialAction\":[{\"@type\":\"ReadAction\",\"target\":[\"https:\/\/www.nexoinformativo.mx\/index.php\/2025\/04\/08\/cero-violencia-en-el-escenario-queretaro-prohibe-conciertos-de-corridos-tumbados\/\"]}]},{\"@type\":\"ImageObject\",\"inLanguage\":\"es\",\"@id\":\"https:\/\/www.nexoinformativo.mx\/index.php\/2025\/04\/08\/cero-violencia-en-el-escenario-queretaro-prohibe-conciertos-de-corridos-tumbados\/#primaryimage\",\"url\":\"https:\/\/www.nexoinformativo.mx\/wp-content\/uploads\/2025\/04\/IMG_2166-e1744140570329.jpg\",\"contentUrl\":\"https:\/\/www.nexoinformativo.mx\/wp-content\/uploads\/2025\/04\/IMG_2166-e1744140570329.jpg\",\"width\":800,\"height\":749},{\"@type\":\"BreadcrumbList\",\"@id\":\"https:\/\/www.nexoinformativo.mx\/index.php\/2025\/04\/08\/cero-violencia-en-el-escenario-queretaro-prohibe-conciertos-de-corridos-tumbados\/#breadcrumb\",\"itemListElement\":[{\"@type\":\"ListItem\",\"position\":1,\"name\":\"Inicio\",\"item\":\"https:\/\/www.nexoinformativo.mx\/\"},{\"@type\":\"ListItem\",\"position\":2,\"name\":\"Cero violencia en el escenario Quer\u00e9taro proh\u00edbe conciertos de corridos tumbados\"}]},{\"@type\":\"WebSite\",\"@id\":\"https:\/\/www.nexoinformativo.mx\/#website\",\"url\":\"https:\/\/www.nexoinformativo.mx\/\",\"name\":\"Nexo Informativo Santiago de Quer\u00e9taro\",\"description\":\"Explora NexoInformativo y convi\u00e9rtete en parte de una comunidad que valora el conocimiento y la verdad. Tu nexoinformativo es tu puente hacia una comprensi\u00f3n m\u00e1s profunda del mundo que te rodea.\",\"publisher\":{\"@id\":\"https:\/\/www.nexoinformativo.mx\/#organization\"},\"potentialAction\":[{\"@type\":\"SearchAction\",\"target\":{\"@type\":\"EntryPoint\",\"urlTemplate\":\"https:\/\/www.nexoinformativo.mx\/?s={search_term_string}\"},\"query-input\":{\"@type\":\"PropertyValueSpecification\",\"valueRequired\":true,\"valueName\":\"search_term_string\"}}],\"inLanguage\":\"es\"},{\"@type\":\"Organization\",\"@id\":\"https:\/\/www.nexoinformativo.mx\/#organization\",\"name\":\"Nexo Informativo Santiago de Quer\u00e9taro\",\"url\":\"https:\/\/www.nexoinformativo.mx\/\",\"logo\":{\"@type\":\"ImageObject\",\"inLanguage\":\"es\",\"@id\":\"https:\/\/www.nexoinformativo.mx\/#\/schema\/logo\/image\/\",\"url\":\"https:\/\/www.nexoinformativo.mx\/wp-content\/uploads\/2024\/07\/nexoi-trasparente-2.png\",\"contentUrl\":\"https:\/\/www.nexoinformativo.mx\/wp-content\/uploads\/2024\/07\/nexoi-trasparente-2.png\",\"width\":816,\"height\":339,\"caption\":\"Nexo Informativo Santiago de Quer\u00e9taro\"},\"image\":{\"@id\":\"https:\/\/www.nexoinformativo.mx\/#\/schema\/logo\/image\/\"},\"sameAs\":[\"https:\/\/www.facebook.com\/people\/Nexo-Informativo\/61564066885511\/\"]},{\"@type\":\"Person\",\"@id\":\"https:\/\/www.nexoinformativo.mx\/#\/schema\/person\/7749d380ba08c8ca00d7bc76fd907b7d\",\"name\":\"Nexo Informativo\",\"image\":{\"@type\":\"ImageObject\",\"inLanguage\":\"es\",\"@id\":\"https:\/\/www.nexoinformativo.mx\/#\/schema\/person\/image\/\",\"url\":\"https:\/\/secure.gravatar.com\/avatar\/dde2928154642a13d95f87ddf1ea9718fe2b46760a005c53e41ff5ad610704e6?s=96&d=mm&r=g\",\"contentUrl\":\"https:\/\/secure.gravatar.com\/avatar\/dde2928154642a13d95f87ddf1ea9718fe2b46760a005c53e41ff5ad610704e6?s=96&d=mm&r=g\",\"caption\":\"Nexo Informativo\"},\"url\":\"https:\/\/www.nexoinformativo.mx\/index.php\/author\/edicion\/\"}]}<\/script>\n<!-- \/ Yoast SEO plugin. -->","yoast_head_json":{"title":"Cero violencia en el escenario Quer\u00e9taro proh\u00edbe conciertos de corridos tumbados | Nexo Informativo Santiago de Quer\u00e9taro","description":"Cero violencia en el escenario Quer\u00e9taro proh\u00edbe conciertos de corridos tumbados","robots":{"index":"index","follow":"follow","max-snippet":"max-snippet:-1","max-image-preview":"max-image-preview:large","max-video-preview":"max-video-preview:-1"},"canonical":"https:\/\/www.nexoinformativo.mx\/index.php\/2025\/04\/08\/cero-violencia-en-el-escenario-queretaro-prohibe-conciertos-de-corridos-tumbados\/","og_locale":"es_MX","og_type":"article","og_title":"Cero violencia en el escenario Quer\u00e9taro proh\u00edbe conciertos de corridos tumbados | Nexo Informativo Santiago de Quer\u00e9taro","og_description":"Cero violencia en el escenario Quer\u00e9taro proh\u00edbe conciertos de corridos tumbados","og_url":"https:\/\/www.nexoinformativo.mx\/index.php\/2025\/04\/08\/cero-violencia-en-el-escenario-queretaro-prohibe-conciertos-de-corridos-tumbados\/","og_site_name":"Nexo Informativo Santiago de Quer\u00e9taro","article_publisher":"https:\/\/www.facebook.com\/people\/Nexo-Informativo\/61564066885511\/","article_published_time":"2025-04-08T15:00:27+00:00","article_modified_time":"2025-04-08T19:30:21+00:00","og_image":[{"width":800,"height":749,"url":"https:\/\/www.nexoinformativo.mx\/wp-content\/uploads\/2025\/04\/IMG_2166-e1744140570329.jpg","type":"image\/jpeg"}],"author":"Nexo Informativo","twitter_card":"summary_large_image","twitter_misc":{"Escrito por":"Nexo Informativo","Tiempo de lectura":"2 minutos"},"schema":{"@context":"https:\/\/schema.org","@graph":[{"@type":"Article","@id":"https:\/\/www.nexoinformativo.mx\/index.php\/2025\/04\/08\/cero-violencia-en-el-escenario-queretaro-prohibe-conciertos-de-corridos-tumbados\/#article","isPartOf":{"@id":"https:\/\/www.nexoinformativo.mx\/index.php\/2025\/04\/08\/cero-violencia-en-el-escenario-queretaro-prohibe-conciertos-de-corridos-tumbados\/"},"author":{"name":"Nexo Informativo","@id":"https:\/\/www.nexoinformativo.mx\/#\/schema\/person\/7749d380ba08c8ca00d7bc76fd907b7d"},"headline":"Cero violencia en el escenario Quer\u00e9taro proh\u00edbe conciertos de corridos tumbados","datePublished":"2025-04-08T15:00:27+00:00","dateModified":"2025-04-08T19:30:21+00:00","mainEntityOfPage":{"@id":"https:\/\/www.nexoinformativo.mx\/index.php\/2025\/04\/08\/cero-violencia-en-el-escenario-queretaro-prohibe-conciertos-de-corridos-tumbados\/"},"wordCount":296,"commentCount":0,"publisher":{"@id":"https:\/\/www.nexoinformativo.mx\/#organization"},"image":{"@id":"https:\/\/www.nexoinformativo.mx\/index.php\/2025\/04\/08\/cero-violencia-en-el-escenario-queretaro-prohibe-conciertos-de-corridos-tumbados\/#primaryimage"},"thumbnailUrl":"https:\/\/www.nexoinformativo.mx\/wp-content\/uploads\/2025\/04\/IMG_2166-e1744140570329.jpg","keywords":["M\u00fasicaSinViolencia","NoCorridosTumbados","Quer\u00e9taroPorLaPaz","SeguridadQueretaro"],"articleSection":["Espect\u00e1culos","Estado","\u00daltima Hora"],"inLanguage":"es","potentialAction":[{"@type":"CommentAction","name":"Comment","target":["https:\/\/www.nexoinformativo.mx\/index.php\/2025\/04\/08\/cero-violencia-en-el-escenario-queretaro-prohibe-conciertos-de-corridos-tumbados\/#respond"]}]},{"@type":"WebPage","@id":"https:\/\/www.nexoinformativo.mx\/index.php\/2025\/04\/08\/cero-violencia-en-el-escenario-queretaro-prohibe-conciertos-de-corridos-tumbados\/","url":"https:\/\/www.nexoinformativo.mx\/index.php\/2025\/04\/08\/cero-violencia-en-el-escenario-queretaro-prohibe-conciertos-de-corridos-tumbados\/","name":"Cero violencia en el escenario Quer\u00e9taro proh\u00edbe conciertos de corridos tumbados | Nexo Informativo Santiago de Quer\u00e9taro","isPartOf":{"@id":"https:\/\/www.nexoinformativo.mx\/#website"},"primaryImageOfPage":{"@id":"https:\/\/www.nexoinformativo.mx\/index.php\/2025\/04\/08\/cero-violencia-en-el-escenario-queretaro-prohibe-conciertos-de-corridos-tumbados\/#primaryimage"},"image":{"@id":"https:\/\/www.nexoinformativo.mx\/index.php\/2025\/04\/08\/cero-violencia-en-el-escenario-queretaro-prohibe-conciertos-de-corridos-tumbados\/#primaryimage"},"thumbnailUrl":"https:\/\/www.nexoinformativo.mx\/wp-content\/uploads\/2025\/04\/IMG_2166-e1744140570329.jpg","datePublished":"2025-04-08T15:00:27+00:00","dateModified":"2025-04-08T19:30:21+00:00","description":"Cero violencia en el escenario Quer\u00e9taro proh\u00edbe conciertos de corridos tumbados","breadcrumb":{"@id":"https:\/\/www.nexoinformativo.mx\/index.php\/2025\/04\/08\/cero-violencia-en-el-escenario-queretaro-prohibe-conciertos-de-corridos-tumbados\/#breadcrumb"},"inLanguage":"es","potentialAction":[{"@type":"ReadAction","target":["https:\/\/www.nexoinformativo.mx\/index.php\/2025\/04\/08\/cero-violencia-en-el-escenario-queretaro-prohibe-conciertos-de-corridos-tumbados\/"]}]},{"@type":"ImageObject","inLanguage":"es","@id":"https:\/\/www.nexoinformativo.mx\/index.php\/2025\/04\/08\/cero-violencia-en-el-escenario-queretaro-prohibe-conciertos-de-corridos-tumbados\/#primaryimage","url":"https:\/\/www.nexoinformativo.mx\/wp-content\/uploads\/2025\/04\/IMG_2166-e1744140570329.jpg","contentUrl":"https:\/\/www.nexoinformativo.mx\/wp-content\/uploads\/2025\/04\/IMG_2166-e1744140570329.jpg","width":800,"height":749},{"@type":"BreadcrumbList","@id":"https:\/\/www.nexoinformativo.mx\/index.php\/2025\/04\/08\/cero-violencia-en-el-escenario-queretaro-prohibe-conciertos-de-corridos-tumbados\/#breadcrumb","itemListElement":[{"@type":"ListItem","position":1,"name":"Inicio","item":"https:\/\/www.nexoinformativo.mx\/"},{"@type":"ListItem","position":2,"name":"Cero violencia en el escenario Quer\u00e9taro proh\u00edbe conciertos de corridos tumbados"}]},{"@type":"WebSite","@id":"https:\/\/www.nexoinformativo.mx\/#website","url":"https:\/\/www.nexoinformativo.mx\/","name":"Nexo Informativo Santiago de Quer\u00e9taro","description":"Explora NexoInformativo y convi\u00e9rtete en parte de una comunidad que valora el conocimiento y la verdad. Tu nexoinformativo es tu puente hacia una comprensi\u00f3n m\u00e1s profunda del mundo que te rodea.","publisher":{"@id":"https:\/\/www.nexoinformativo.mx\/#organization"},"potentialAction":[{"@type":"SearchAction","target":{"@type":"EntryPoint","urlTemplate":"https:\/\/www.nexoinformativo.mx\/?s={search_term_string}"},"query-input":{"@type":"PropertyValueSpecification","valueRequired":true,"valueName":"search_term_string"}}],"inLanguage":"es"},{"@type":"Organization","@id":"https:\/\/www.nexoinformativo.mx\/#organization","name":"Nexo Informativo Santiago de Quer\u00e9taro","url":"https:\/\/www.nexoinformativo.mx\/","logo":{"@type":"ImageObject","inLanguage":"es","@id":"https:\/\/www.nexoinformativo.mx\/#\/schema\/logo\/image\/","url":"https:\/\/www.nexoinformativo.mx\/wp-content\/uploads\/2024\/07\/nexoi-trasparente-2.png","contentUrl":"https:\/\/www.nexoinformativo.mx\/wp-content\/uploads\/2024\/07\/nexoi-trasparente-2.png","width":816,"height":339,"caption":"Nexo Informativo Santiago de Quer\u00e9taro"},"image":{"@id":"https:\/\/www.nexoinformativo.mx\/#\/schema\/logo\/image\/"},"sameAs":["https:\/\/www.facebook.com\/people\/Nexo-Informativo\/61564066885511\/"]},{"@type":"Person","@id":"https:\/\/www.nexoinformativo.mx\/#\/schema\/person\/7749d380ba08c8ca00d7bc76fd907b7d","name":"Nexo Informativo","image":{"@type":"ImageObject","inLanguage":"es","@id":"https:\/\/www.nexoinformativo.mx\/#\/schema\/person\/image\/","url":"https:\/\/secure.gravatar.com\/avatar\/dde2928154642a13d95f87ddf1ea9718fe2b46760a005c53e41ff5ad610704e6?s=96&d=mm&r=g","contentUrl":"https:\/\/secure.gravatar.com\/avatar\/dde2928154642a13d95f87ddf1ea9718fe2b46760a005c53e41ff5ad610704e6?s=96&d=mm&r=g","caption":"Nexo Informativo"},"url":"https:\/\/www.nexoinformativo.mx\/index.php\/author\/edicion\/"}]}},"_links":{"self":[{"href":"https:\/\/www.nexoinformativo.mx\/index.php\/wp-json\/wp\/v2\/posts\/13861","targetHints":{"allow":["GET"]}}],"collection":[{"href":"https:\/\/www.nexoinformativo.mx\/index.php\/wp-json\/wp\/v2\/posts"}],"about":[{"href":"https:\/\/www.nexoinformativo.mx\/index.php\/wp-json\/wp\/v2\/types\/post"}],"author":[{"embeddable":true,"href":"https:\/\/www.nexoinformativo.mx\/index.php\/wp-json\/wp\/v2\/users\/3"}],"replies":[{"embeddable":true,"href":"https:\/\/www.nexoinformativo.mx\/index.php\/wp-json\/wp\/v2\/comments?post=13861"}],"version-history":[{"count":5,"href":"https:\/\/www.nexoinformativo.mx\/index.php\/wp-json\/wp\/v2\/posts\/13861\/revisions"}],"predecessor-version":[{"id":13868,"href":"https:\/\/www.nexoinformativo.mx\/index.php\/wp-json\/wp\/v2\/posts\/13861\/revisions\/13868"}],"wp:featuredmedia":[{"embeddable":true,"href":"https:\/\/www.nexoinformativo.mx\/index.php\/wp-json\/wp\/v2\/media\/13864"}],"wp:attachment":[{"href":"https:\/\/www.nexoinformativo.mx\/index.php\/wp-json\/wp\/v2\/media?parent=13861"}],"wp:term":[{"taxonomy":"category","embeddable":true,"href":"https:\/\/www.nexoinformativo.mx\/index.php\/wp-json\/wp\/v2\/categories?post=13861"},{"taxonomy":"post_tag","embeddable":true,"href":"https:\/\/www.nexoinformativo.mx\/index.php\/wp-json\/wp\/v2\/tags?post=13861"}],"curies":[{"name":"wp","href":"https:\/\/api.w.org\/{rel}","templated":true}]}}