{"id":13869,"date":"2025-04-08T10:00:32","date_gmt":"2025-04-08T16:00:32","guid":{"rendered":"https:\/\/www.nexoinformativo.mx\/?p=13869"},"modified":"2025-04-08T14:10:20","modified_gmt":"2025-04-08T20:10:20","slug":"vigilancia-total-antros-de-queretaro-se-conectaran-al-sistema-de-seguridad-del-estado","status":"publish","type":"post","link":"https:\/\/www.nexoinformativo.mx\/index.php\/2025\/04\/08\/vigilancia-total-antros-de-queretaro-se-conectaran-al-sistema-de-seguridad-del-estado\/","title":{"rendered":"Vigilancia total antros de Quer\u00e9taro se conectar\u00e1n al sistema de seguridad del estado"},"content":{"rendered":"<p style=\"text-align: justify;\" data-sourcepos=\"11:1-11:318\">Los establecimientos nocturnos y restaurantes de Quer\u00e9taro est\u00e1n trabajando en coordinaci\u00f3n con la Secretar\u00eda de Seguridad Ciudadana (SSC) para homologar sus sistemas de video vigilancia y vincularlos al sistema estatal de seguridad. As\u00ed lo inform\u00f3 el titular de la SSC, Iov\u00e1n El\u00edas P\u00e9rez.<\/p>\n<\/p>\n<p>&nbsp;<\/p>\n<p style=\"text-align: justify;\" data-sourcepos=\"13:1-13:432\">El secretario explic\u00f3 que el objetivo es que las c\u00e1maras de seguridad de estos negocios puedan ofrecer informaci\u00f3n en tiempo real al sistema estatal, lo que requiere una homologaci\u00f3n en los criterios de tecnolog\u00eda para asegurar la compatibilidad y la calidad de las im\u00e1genes.<\/p>\n<\/p>\n<p>&nbsp;<\/p>\n<p style=\"text-align: justify;\" data-sourcepos=\"13:1-13:432\">&#8220;Faltar\u00eda que los establecimientos homologaran el nivel de la tecnolog\u00eda que tenemos, en eso radica el poder tener nosotros una visibilidad&#8221;, destac\u00f3 P\u00e9rez.<\/p>\n<\/p>\n<p>&nbsp;<\/p>\n<p style=\"text-align: justify;\" data-sourcepos=\"15:1-15:272\">A pesar de que algunos negocios ya han enlazado su tecnolog\u00eda de video vigilancia al sistema estatal, el secretario resalt\u00f3 la comunicaci\u00f3n constante y la colaboraci\u00f3n que existe con los empresarios del sector, quienes han ofrecido informaci\u00f3n cuando se les ha solicitado.<\/p>\n<\/p>\n<p>&nbsp;<\/p>\n<p style=\"text-align: justify;\" data-sourcepos=\"17:1-17:235\">Esta iniciativa busca fortalecer la seguridad en la capital y zona metropolitana, permitiendo a las autoridades tener una visi\u00f3n m\u00e1s amplia y oportuna de lo que sucede en estos puntos de alta concentraci\u00f3n de personas durante la noche.<\/p>\n<\/p>\n<p>&nbsp;<\/p>\n<p style=\"text-align: center;\" data-sourcepos=\"17:1-17:235\"><em><strong>\u00a1Informaci\u00f3n que transforma!<\/strong><\/em><\/p>\n","protected":false},"excerpt":{"rendered":"<p>Los establecimientos nocturnos y restaurantes de Quer\u00e9taro est\u00e1n trabajando en coordinaci\u00f3n con la Secretar\u00eda de Seguridad Ciudadana (SSC) para homologar sus sistemas de video vigilancia y vincularlos al sistema estatal de seguridad. As\u00ed lo inform\u00f3 el titular de la SSC, Iov\u00e1n El\u00edas P\u00e9rez.<\/p>\n","protected":false},"author":3,"featured_media":13870,"comment_status":"open","ping_status":"open","sticky":false,"template":"","format":"standard","meta":{"footnotes":""},"categories":[42,58],"tags":[4041,266,4042,3664],"class_list":["post-13869","post","type-post","status-publish","format-standard","has-post-thumbnail","hentry","category-estado","category-ultima-hora","tag-antrosseguros","tag-seguridadqueretaro","tag-ssc","tag-videovigilancia"],"yoast_head":"<!-- This site is optimized with the Yoast SEO plugin v25.0 - https:\/\/yoast.com\/wordpress\/plugins\/seo\/ -->\n<title>Vigilancia total antros de Quer\u00e9taro se conectar\u00e1n al sistema de seguridad del estado | Nexo Informativo Santiago de Quer\u00e9taro<\/title>\n<meta name=\"description\" content=\"Vigilancia total antros de Quer\u00e9taro se conectar\u00e1n al sistema de seguridad del estado\" \/>\n<meta name=\"robots\" content=\"index, follow, max-snippet:-1, max-image-preview:large, max-video-preview:-1\" \/>\n<link rel=\"canonical\" href=\"https:\/\/www.nexoinformativo.mx\/index.php\/2025\/04\/08\/vigilancia-total-antros-de-queretaro-se-conectaran-al-sistema-de-seguridad-del-estado\/\" \/>\n<meta property=\"og:locale\" content=\"es_MX\" \/>\n<meta property=\"og:type\" content=\"article\" \/>\n<meta property=\"og:title\" content=\"Vigilancia total antros de Quer\u00e9taro se conectar\u00e1n al sistema de seguridad del estado | Nexo Informativo Santiago de Quer\u00e9taro\" \/>\n<meta property=\"og:description\" content=\"Vigilancia total antros de Quer\u00e9taro se conectar\u00e1n al sistema de seguridad del estado\" \/>\n<meta property=\"og:url\" content=\"https:\/\/www.nexoinformativo.mx\/index.php\/2025\/04\/08\/vigilancia-total-antros-de-queretaro-se-conectaran-al-sistema-de-seguridad-del-estado\/\" \/>\n<meta property=\"og:site_name\" content=\"Nexo Informativo Santiago de Quer\u00e9taro\" \/>\n<meta property=\"article:publisher\" content=\"https:\/\/www.facebook.com\/people\/Nexo-Informativo\/61564066885511\/\" \/>\n<meta property=\"article:published_time\" content=\"2025-04-08T16:00:32+00:00\" \/>\n<meta property=\"article:modified_time\" content=\"2025-04-08T20:10:20+00:00\" \/>\n<meta property=\"og:image\" content=\"https:\/\/www.nexoinformativo.mx\/wp-content\/uploads\/2025\/04\/IMG_2167.jpg\" \/>\n\t<meta property=\"og:image:width\" content=\"742\" \/>\n\t<meta property=\"og:image:height\" content=\"413\" \/>\n\t<meta property=\"og:image:type\" content=\"image\/jpeg\" \/>\n<meta name=\"author\" content=\"Nexo Informativo\" \/>\n<meta name=\"twitter:card\" content=\"summary_large_image\" \/>\n<meta name=\"twitter:label1\" content=\"Escrito por\" \/>\n\t<meta name=\"twitter:data1\" content=\"Nexo Informativo\" \/>\n\t<meta name=\"twitter:label2\" content=\"Tiempo de lectura\" \/>\n\t<meta name=\"twitter:data2\" content=\"2 minutos\" \/>\n<script type=\"application\/ld+json\" class=\"yoast-schema-graph\">{\"@context\":\"https:\/\/schema.org\",\"@graph\":[{\"@type\":\"Article\",\"@id\":\"https:\/\/www.nexoinformativo.mx\/index.php\/2025\/04\/08\/vigilancia-total-antros-de-queretaro-se-conectaran-al-sistema-de-seguridad-del-estado\/#article\",\"isPartOf\":{\"@id\":\"https:\/\/www.nexoinformativo.mx\/index.php\/2025\/04\/08\/vigilancia-total-antros-de-queretaro-se-conectaran-al-sistema-de-seguridad-del-estado\/\"},\"author\":{\"name\":\"Nexo Informativo\",\"@id\":\"https:\/\/www.nexoinformativo.mx\/#\/schema\/person\/7749d380ba08c8ca00d7bc76fd907b7d\"},\"headline\":\"Vigilancia total antros de Quer\u00e9taro se conectar\u00e1n al sistema de seguridad del estado\",\"datePublished\":\"2025-04-08T16:00:32+00:00\",\"dateModified\":\"2025-04-08T20:10:20+00:00\",\"mainEntityOfPage\":{\"@id\":\"https:\/\/www.nexoinformativo.mx\/index.php\/2025\/04\/08\/vigilancia-total-antros-de-queretaro-se-conectaran-al-sistema-de-seguridad-del-estado\/\"},\"wordCount\":236,\"commentCount\":0,\"publisher\":{\"@id\":\"https:\/\/www.nexoinformativo.mx\/#organization\"},\"image\":{\"@id\":\"https:\/\/www.nexoinformativo.mx\/index.php\/2025\/04\/08\/vigilancia-total-antros-de-queretaro-se-conectaran-al-sistema-de-seguridad-del-estado\/#primaryimage\"},\"thumbnailUrl\":\"https:\/\/www.nexoinformativo.mx\/wp-content\/uploads\/2025\/04\/IMG_2167.jpg\",\"keywords\":[\"AntrosSeguros\",\"SeguridadQueretaro\",\"SSC\",\"VideoVigilancia\"],\"articleSection\":[\"Estado\",\"\u00daltima Hora\"],\"inLanguage\":\"es\",\"potentialAction\":[{\"@type\":\"CommentAction\",\"name\":\"Comment\",\"target\":[\"https:\/\/www.nexoinformativo.mx\/index.php\/2025\/04\/08\/vigilancia-total-antros-de-queretaro-se-conectaran-al-sistema-de-seguridad-del-estado\/#respond\"]}]},{\"@type\":\"WebPage\",\"@id\":\"https:\/\/www.nexoinformativo.mx\/index.php\/2025\/04\/08\/vigilancia-total-antros-de-queretaro-se-conectaran-al-sistema-de-seguridad-del-estado\/\",\"url\":\"https:\/\/www.nexoinformativo.mx\/index.php\/2025\/04\/08\/vigilancia-total-antros-de-queretaro-se-conectaran-al-sistema-de-seguridad-del-estado\/\",\"name\":\"Vigilancia total antros de Quer\u00e9taro se conectar\u00e1n al sistema de seguridad del estado | Nexo Informativo Santiago de Quer\u00e9taro\",\"isPartOf\":{\"@id\":\"https:\/\/www.nexoinformativo.mx\/#website\"},\"primaryImageOfPage\":{\"@id\":\"https:\/\/www.nexoinformativo.mx\/index.php\/2025\/04\/08\/vigilancia-total-antros-de-queretaro-se-conectaran-al-sistema-de-seguridad-del-estado\/#primaryimage\"},\"image\":{\"@id\":\"https:\/\/www.nexoinformativo.mx\/index.php\/2025\/04\/08\/vigilancia-total-antros-de-queretaro-se-conectaran-al-sistema-de-seguridad-del-estado\/#primaryimage\"},\"thumbnailUrl\":\"https:\/\/www.nexoinformativo.mx\/wp-content\/uploads\/2025\/04\/IMG_2167.jpg\",\"datePublished\":\"2025-04-08T16:00:32+00:00\",\"dateModified\":\"2025-04-08T20:10:20+00:00\",\"description\":\"Vigilancia total antros de Quer\u00e9taro se conectar\u00e1n al sistema de seguridad del estado\",\"breadcrumb\":{\"@id\":\"https:\/\/www.nexoinformativo.mx\/index.php\/2025\/04\/08\/vigilancia-total-antros-de-queretaro-se-conectaran-al-sistema-de-seguridad-del-estado\/#breadcrumb\"},\"inLanguage\":\"es\",\"potentialAction\":[{\"@type\":\"ReadAction\",\"target\":[\"https:\/\/www.nexoinformativo.mx\/index.php\/2025\/04\/08\/vigilancia-total-antros-de-queretaro-se-conectaran-al-sistema-de-seguridad-del-estado\/\"]}]},{\"@type\":\"ImageObject\",\"inLanguage\":\"es\",\"@id\":\"https:\/\/www.nexoinformativo.mx\/index.php\/2025\/04\/08\/vigilancia-total-antros-de-queretaro-se-conectaran-al-sistema-de-seguridad-del-estado\/#primaryimage\",\"url\":\"https:\/\/www.nexoinformativo.mx\/wp-content\/uploads\/2025\/04\/IMG_2167.jpg\",\"contentUrl\":\"https:\/\/www.nexoinformativo.mx\/wp-content\/uploads\/2025\/04\/IMG_2167.jpg\",\"width\":742,\"height\":413},{\"@type\":\"BreadcrumbList\",\"@id\":\"https:\/\/www.nexoinformativo.mx\/index.php\/2025\/04\/08\/vigilancia-total-antros-de-queretaro-se-conectaran-al-sistema-de-seguridad-del-estado\/#breadcrumb\",\"itemListElement\":[{\"@type\":\"ListItem\",\"position\":1,\"name\":\"Inicio\",\"item\":\"https:\/\/www.nexoinformativo.mx\/\"},{\"@type\":\"ListItem\",\"position\":2,\"name\":\"Vigilancia total antros de Quer\u00e9taro se conectar\u00e1n al sistema de seguridad del estado\"}]},{\"@type\":\"WebSite\",\"@id\":\"https:\/\/www.nexoinformativo.mx\/#website\",\"url\":\"https:\/\/www.nexoinformativo.mx\/\",\"name\":\"Nexo Informativo Santiago de Quer\u00e9taro\",\"description\":\"Explora NexoInformativo y convi\u00e9rtete en parte de una comunidad que valora el conocimiento y la verdad. Tu nexoinformativo es tu puente hacia una comprensi\u00f3n m\u00e1s profunda del mundo que te rodea.\",\"publisher\":{\"@id\":\"https:\/\/www.nexoinformativo.mx\/#organization\"},\"potentialAction\":[{\"@type\":\"SearchAction\",\"target\":{\"@type\":\"EntryPoint\",\"urlTemplate\":\"https:\/\/www.nexoinformativo.mx\/?s={search_term_string}\"},\"query-input\":{\"@type\":\"PropertyValueSpecification\",\"valueRequired\":true,\"valueName\":\"search_term_string\"}}],\"inLanguage\":\"es\"},{\"@type\":\"Organization\",\"@id\":\"https:\/\/www.nexoinformativo.mx\/#organization\",\"name\":\"Nexo Informativo Santiago de Quer\u00e9taro\",\"url\":\"https:\/\/www.nexoinformativo.mx\/\",\"logo\":{\"@type\":\"ImageObject\",\"inLanguage\":\"es\",\"@id\":\"https:\/\/www.nexoinformativo.mx\/#\/schema\/logo\/image\/\",\"url\":\"https:\/\/www.nexoinformativo.mx\/wp-content\/uploads\/2024\/07\/nexoi-trasparente-2.png\",\"contentUrl\":\"https:\/\/www.nexoinformativo.mx\/wp-content\/uploads\/2024\/07\/nexoi-trasparente-2.png\",\"width\":816,\"height\":339,\"caption\":\"Nexo Informativo Santiago de Quer\u00e9taro\"},\"image\":{\"@id\":\"https:\/\/www.nexoinformativo.mx\/#\/schema\/logo\/image\/\"},\"sameAs\":[\"https:\/\/www.facebook.com\/people\/Nexo-Informativo\/61564066885511\/\"]},{\"@type\":\"Person\",\"@id\":\"https:\/\/www.nexoinformativo.mx\/#\/schema\/person\/7749d380ba08c8ca00d7bc76fd907b7d\",\"name\":\"Nexo Informativo\",\"image\":{\"@type\":\"ImageObject\",\"inLanguage\":\"es\",\"@id\":\"https:\/\/www.nexoinformativo.mx\/#\/schema\/person\/image\/\",\"url\":\"https:\/\/secure.gravatar.com\/avatar\/dde2928154642a13d95f87ddf1ea9718fe2b46760a005c53e41ff5ad610704e6?s=96&d=mm&r=g\",\"contentUrl\":\"https:\/\/secure.gravatar.com\/avatar\/dde2928154642a13d95f87ddf1ea9718fe2b46760a005c53e41ff5ad610704e6?s=96&d=mm&r=g\",\"caption\":\"Nexo Informativo\"},\"url\":\"https:\/\/www.nexoinformativo.mx\/index.php\/author\/edicion\/\"}]}<\/script>\n<!-- \/ Yoast SEO plugin. -->","yoast_head_json":{"title":"Vigilancia total antros de Quer\u00e9taro se conectar\u00e1n al sistema de seguridad del estado | Nexo Informativo Santiago de Quer\u00e9taro","description":"Vigilancia total antros de Quer\u00e9taro se conectar\u00e1n al sistema de seguridad del estado","robots":{"index":"index","follow":"follow","max-snippet":"max-snippet:-1","max-image-preview":"max-image-preview:large","max-video-preview":"max-video-preview:-1"},"canonical":"https:\/\/www.nexoinformativo.mx\/index.php\/2025\/04\/08\/vigilancia-total-antros-de-queretaro-se-conectaran-al-sistema-de-seguridad-del-estado\/","og_locale":"es_MX","og_type":"article","og_title":"Vigilancia total antros de Quer\u00e9taro se conectar\u00e1n al sistema de seguridad del estado | Nexo Informativo Santiago de Quer\u00e9taro","og_description":"Vigilancia total antros de Quer\u00e9taro se conectar\u00e1n al sistema de seguridad del estado","og_url":"https:\/\/www.nexoinformativo.mx\/index.php\/2025\/04\/08\/vigilancia-total-antros-de-queretaro-se-conectaran-al-sistema-de-seguridad-del-estado\/","og_site_name":"Nexo Informativo Santiago de Quer\u00e9taro","article_publisher":"https:\/\/www.facebook.com\/people\/Nexo-Informativo\/61564066885511\/","article_published_time":"2025-04-08T16:00:32+00:00","article_modified_time":"2025-04-08T20:10:20+00:00","og_image":[{"width":742,"height":413,"url":"https:\/\/www.nexoinformativo.mx\/wp-content\/uploads\/2025\/04\/IMG_2167.jpg","type":"image\/jpeg"}],"author":"Nexo Informativo","twitter_card":"summary_large_image","twitter_misc":{"Escrito por":"Nexo Informativo","Tiempo de lectura":"2 minutos"},"schema":{"@context":"https:\/\/schema.org","@graph":[{"@type":"Article","@id":"https:\/\/www.nexoinformativo.mx\/index.php\/2025\/04\/08\/vigilancia-total-antros-de-queretaro-se-conectaran-al-sistema-de-seguridad-del-estado\/#article","isPartOf":{"@id":"https:\/\/www.nexoinformativo.mx\/index.php\/2025\/04\/08\/vigilancia-total-antros-de-queretaro-se-conectaran-al-sistema-de-seguridad-del-estado\/"},"author":{"name":"Nexo Informativo","@id":"https:\/\/www.nexoinformativo.mx\/#\/schema\/person\/7749d380ba08c8ca00d7bc76fd907b7d"},"headline":"Vigilancia total antros de Quer\u00e9taro se conectar\u00e1n al sistema de seguridad del estado","datePublished":"2025-04-08T16:00:32+00:00","dateModified":"2025-04-08T20:10:20+00:00","mainEntityOfPage":{"@id":"https:\/\/www.nexoinformativo.mx\/index.php\/2025\/04\/08\/vigilancia-total-antros-de-queretaro-se-conectaran-al-sistema-de-seguridad-del-estado\/"},"wordCount":236,"commentCount":0,"publisher":{"@id":"https:\/\/www.nexoinformativo.mx\/#organization"},"image":{"@id":"https:\/\/www.nexoinformativo.mx\/index.php\/2025\/04\/08\/vigilancia-total-antros-de-queretaro-se-conectaran-al-sistema-de-seguridad-del-estado\/#primaryimage"},"thumbnailUrl":"https:\/\/www.nexoinformativo.mx\/wp-content\/uploads\/2025\/04\/IMG_2167.jpg","keywords":["AntrosSeguros","SeguridadQueretaro","SSC","VideoVigilancia"],"articleSection":["Estado","\u00daltima Hora"],"inLanguage":"es","potentialAction":[{"@type":"CommentAction","name":"Comment","target":["https:\/\/www.nexoinformativo.mx\/index.php\/2025\/04\/08\/vigilancia-total-antros-de-queretaro-se-conectaran-al-sistema-de-seguridad-del-estado\/#respond"]}]},{"@type":"WebPage","@id":"https:\/\/www.nexoinformativo.mx\/index.php\/2025\/04\/08\/vigilancia-total-antros-de-queretaro-se-conectaran-al-sistema-de-seguridad-del-estado\/","url":"https:\/\/www.nexoinformativo.mx\/index.php\/2025\/04\/08\/vigilancia-total-antros-de-queretaro-se-conectaran-al-sistema-de-seguridad-del-estado\/","name":"Vigilancia total antros de Quer\u00e9taro se conectar\u00e1n al sistema de seguridad del estado | Nexo Informativo Santiago de Quer\u00e9taro","isPartOf":{"@id":"https:\/\/www.nexoinformativo.mx\/#website"},"primaryImageOfPage":{"@id":"https:\/\/www.nexoinformativo.mx\/index.php\/2025\/04\/08\/vigilancia-total-antros-de-queretaro-se-conectaran-al-sistema-de-seguridad-del-estado\/#primaryimage"},"image":{"@id":"https:\/\/www.nexoinformativo.mx\/index.php\/2025\/04\/08\/vigilancia-total-antros-de-queretaro-se-conectaran-al-sistema-de-seguridad-del-estado\/#primaryimage"},"thumbnailUrl":"https:\/\/www.nexoinformativo.mx\/wp-content\/uploads\/2025\/04\/IMG_2167.jpg","datePublished":"2025-04-08T16:00:32+00:00","dateModified":"2025-04-08T20:10:20+00:00","description":"Vigilancia total antros de Quer\u00e9taro se conectar\u00e1n al sistema de seguridad del estado","breadcrumb":{"@id":"https:\/\/www.nexoinformativo.mx\/index.php\/2025\/04\/08\/vigilancia-total-antros-de-queretaro-se-conectaran-al-sistema-de-seguridad-del-estado\/#breadcrumb"},"inLanguage":"es","potentialAction":[{"@type":"ReadAction","target":["https:\/\/www.nexoinformativo.mx\/index.php\/2025\/04\/08\/vigilancia-total-antros-de-queretaro-se-conectaran-al-sistema-de-seguridad-del-estado\/"]}]},{"@type":"ImageObject","inLanguage":"es","@id":"https:\/\/www.nexoinformativo.mx\/index.php\/2025\/04\/08\/vigilancia-total-antros-de-queretaro-se-conectaran-al-sistema-de-seguridad-del-estado\/#primaryimage","url":"https:\/\/www.nexoinformativo.mx\/wp-content\/uploads\/2025\/04\/IMG_2167.jpg","contentUrl":"https:\/\/www.nexoinformativo.mx\/wp-content\/uploads\/2025\/04\/IMG_2167.jpg","width":742,"height":413},{"@type":"BreadcrumbList","@id":"https:\/\/www.nexoinformativo.mx\/index.php\/2025\/04\/08\/vigilancia-total-antros-de-queretaro-se-conectaran-al-sistema-de-seguridad-del-estado\/#breadcrumb","itemListElement":[{"@type":"ListItem","position":1,"name":"Inicio","item":"https:\/\/www.nexoinformativo.mx\/"},{"@type":"ListItem","position":2,"name":"Vigilancia total antros de Quer\u00e9taro se conectar\u00e1n al sistema de seguridad del estado"}]},{"@type":"WebSite","@id":"https:\/\/www.nexoinformativo.mx\/#website","url":"https:\/\/www.nexoinformativo.mx\/","name":"Nexo Informativo Santiago de Quer\u00e9taro","description":"Explora NexoInformativo y convi\u00e9rtete en parte de una comunidad que valora el conocimiento y la verdad. Tu nexoinformativo es tu puente hacia una comprensi\u00f3n m\u00e1s profunda del mundo que te rodea.","publisher":{"@id":"https:\/\/www.nexoinformativo.mx\/#organization"},"potentialAction":[{"@type":"SearchAction","target":{"@type":"EntryPoint","urlTemplate":"https:\/\/www.nexoinformativo.mx\/?s={search_term_string}"},"query-input":{"@type":"PropertyValueSpecification","valueRequired":true,"valueName":"search_term_string"}}],"inLanguage":"es"},{"@type":"Organization","@id":"https:\/\/www.nexoinformativo.mx\/#organization","name":"Nexo Informativo Santiago de Quer\u00e9taro","url":"https:\/\/www.nexoinformativo.mx\/","logo":{"@type":"ImageObject","inLanguage":"es","@id":"https:\/\/www.nexoinformativo.mx\/#\/schema\/logo\/image\/","url":"https:\/\/www.nexoinformativo.mx\/wp-content\/uploads\/2024\/07\/nexoi-trasparente-2.png","contentUrl":"https:\/\/www.nexoinformativo.mx\/wp-content\/uploads\/2024\/07\/nexoi-trasparente-2.png","width":816,"height":339,"caption":"Nexo Informativo Santiago de Quer\u00e9taro"},"image":{"@id":"https:\/\/www.nexoinformativo.mx\/#\/schema\/logo\/image\/"},"sameAs":["https:\/\/www.facebook.com\/people\/Nexo-Informativo\/61564066885511\/"]},{"@type":"Person","@id":"https:\/\/www.nexoinformativo.mx\/#\/schema\/person\/7749d380ba08c8ca00d7bc76fd907b7d","name":"Nexo Informativo","image":{"@type":"ImageObject","inLanguage":"es","@id":"https:\/\/www.nexoinformativo.mx\/#\/schema\/person\/image\/","url":"https:\/\/secure.gravatar.com\/avatar\/dde2928154642a13d95f87ddf1ea9718fe2b46760a005c53e41ff5ad610704e6?s=96&d=mm&r=g","contentUrl":"https:\/\/secure.gravatar.com\/avatar\/dde2928154642a13d95f87ddf1ea9718fe2b46760a005c53e41ff5ad610704e6?s=96&d=mm&r=g","caption":"Nexo Informativo"},"url":"https:\/\/www.nexoinformativo.mx\/index.php\/author\/edicion\/"}]}},"_links":{"self":[{"href":"https:\/\/www.nexoinformativo.mx\/index.php\/wp-json\/wp\/v2\/posts\/13869","targetHints":{"allow":["GET"]}}],"collection":[{"href":"https:\/\/www.nexoinformativo.mx\/index.php\/wp-json\/wp\/v2\/posts"}],"about":[{"href":"https:\/\/www.nexoinformativo.mx\/index.php\/wp-json\/wp\/v2\/types\/post"}],"author":[{"embeddable":true,"href":"https:\/\/www.nexoinformativo.mx\/index.php\/wp-json\/wp\/v2\/users\/3"}],"replies":[{"embeddable":true,"href":"https:\/\/www.nexoinformativo.mx\/index.php\/wp-json\/wp\/v2\/comments?post=13869"}],"version-history":[{"count":3,"href":"https:\/\/www.nexoinformativo.mx\/index.php\/wp-json\/wp\/v2\/posts\/13869\/revisions"}],"predecessor-version":[{"id":13873,"href":"https:\/\/www.nexoinformativo.mx\/index.php\/wp-json\/wp\/v2\/posts\/13869\/revisions\/13873"}],"wp:featuredmedia":[{"embeddable":true,"href":"https:\/\/www.nexoinformativo.mx\/index.php\/wp-json\/wp\/v2\/media\/13870"}],"wp:attachment":[{"href":"https:\/\/www.nexoinformativo.mx\/index.php\/wp-json\/wp\/v2\/media?parent=13869"}],"wp:term":[{"taxonomy":"category","embeddable":true,"href":"https:\/\/www.nexoinformativo.mx\/index.php\/wp-json\/wp\/v2\/categories?post=13869"},{"taxonomy":"post_tag","embeddable":true,"href":"https:\/\/www.nexoinformativo.mx\/index.php\/wp-json\/wp\/v2\/tags?post=13869"}],"curies":[{"name":"wp","href":"https:\/\/api.w.org\/{rel}","templated":true}]}}