{"id":13874,"date":"2025-04-08T12:00:28","date_gmt":"2025-04-08T18:00:28","guid":{"rendered":"https:\/\/www.nexoinformativo.mx\/?p=13874"},"modified":"2025-04-08T14:56:57","modified_gmt":"2025-04-08T20:56:57","slug":"queretaro-lider-penitenciario-kuri-inaugura-capacitacion-para-supervisar-carceles-de-mexico-y-el-mundo","status":"publish","type":"post","link":"https:\/\/www.nexoinformativo.mx\/index.php\/2025\/04\/08\/queretaro-lider-penitenciario-kuri-inaugura-capacitacion-para-supervisar-carceles-de-mexico-y-el-mundo\/","title":{"rendered":"Quer\u00e9taro l\u00edder penitenciario Kuri inaugura capacitaci\u00f3n para supervisar c\u00e1rceles de M\u00e9xico y el mundo"},"content":{"rendered":"<p style=\"text-align: justify;\" data-sourcepos=\"11:1-11:508\">El Centro Especializado en Formaci\u00f3n e Investigaci\u00f3n Penitenciaria de Quer\u00e9taro se ha convertido en un referente nacional al ser sede de la capacitaci\u00f3n &#8220;Proceso de Acreditaci\u00f3n&#8221;, inaugurada por el gobernador Mauricio Kuri.<\/p>\n<p>&nbsp;<\/p>\n<p style=\"text-align: justify;\" data-sourcepos=\"11:1-11:508\">En este programa intensivo, 50 servidores p\u00fablicos provenientes de 13 entidades de la Rep\u00fablica se preparan para supervisar y acreditar centros penitenciarios tanto en M\u00e9xico como en otros pa\u00edses, tomando como ejemplo el exitoso modelo queretano.<\/p>\n<p>&nbsp;<\/p>\n<p style=\"text-align: justify;\" data-sourcepos=\"13:1-13:392\">El gobernador Kuri enfatiz\u00f3 que garantizar la seguridad ciudadana implica tambi\u00e9n asegurar la correcta gesti\u00f3n y el respeto a los derechos humanos dentro de los centros de detenci\u00f3n. Subray\u00f3 que Quer\u00e9taro ha logrado consolidarse como el sistema penitenciario mejor calificado del pa\u00eds por la CNDH, adem\u00e1s de mantener la prestigiosa certificaci\u00f3n de la American Correctional Association (ACA).<\/p>\n<p>&nbsp;<\/p>\n<p style=\"text-align: justify;\" data-sourcepos=\"15:1-15:430\">Funcionarios de Baja California, Chiapas, Coahuila, Guanajuato, Oaxaca, Durango, Estado de M\u00e9xico, Jalisco, Nuevo Le\u00f3n, San Luis Potos\u00ed, Sonora, Tlaxcala y el propio Quer\u00e9taro participan en esta jornada de aprendizaje.<\/p>\n<p>&nbsp;<\/p>\n<p style=\"text-align: justify;\" data-sourcepos=\"17:1-17:328\">Green destac\u00f3 la importancia de compartir las mejores pr\u00e1cticas en el \u00e1mbito penitenciario y reconoci\u00f3 a Quer\u00e9taro como un aliado distinguido de la ACA. Kuri, por su parte, resalt\u00f3 la inversi\u00f3n de m\u00e1s de 680 millones de pesos en infraestructura y la formaci\u00f3n de m\u00e1s de cuatro mil operadores penitenciarios en su administraci\u00f3n.<\/p>\n<p>&nbsp;<\/p>\n<p style=\"text-align: justify;\" data-sourcepos=\"19:1-19:231\">La capacitaci\u00f3n incluye visitas pr\u00e1cticas a centros penitenciarios queretanos, permitiendo a los participantes conocer de primera mano las estrategias y pol\u00edticas que han valido el reconocimiento nacional e internacional al estado.<\/p>\n<p>&nbsp;<\/p>\n<p style=\"text-align: center;\" data-sourcepos=\"19:1-19:275\"><em><strong>\u00a1Informaci\u00f3n que transforma!<\/strong><\/em><\/p>\n","protected":false},"excerpt":{"rendered":"<p>El Centro Especializado en Formaci\u00f3n e Investigaci\u00f3n Penitenciaria de Quer\u00e9taro se ha convertido en un referente nacional al ser sede de la capacitaci\u00f3n &#8220;Proceso de Acreditaci\u00f3n&#8221;, inaugurada por el gobernador Mauricio Kuri.<\/p>\n","protected":false},"author":3,"featured_media":13875,"comment_status":"open","ping_status":"open","sticky":false,"template":"","format":"standard","meta":{"footnotes":""},"categories":[42,58],"tags":[4044,4045,4043,242],"class_list":["post-13874","post","type-post","status-publish","format-standard","has-post-thumbnail","hentry","category-estado","category-ultima-hora","tag-acacreditacion","tag-formacionpenitenciaria","tag-modelopenitenciarioqro","tag-queretaroseguro"],"yoast_head":"<!-- This site is optimized with the Yoast SEO plugin v25.0 - https:\/\/yoast.com\/wordpress\/plugins\/seo\/ -->\n<title>Quer\u00e9taro l\u00edder penitenciario Kuri inaugura capacitaci\u00f3n para supervisar c\u00e1rceles de M\u00e9xico y el mundo | Nexo Informativo Santiago de Quer\u00e9taro<\/title>\n<meta name=\"description\" content=\"Quer\u00e9taro l\u00edder penitenciario Kuri inaugura capacitaci\u00f3n para supervisar c\u00e1rceles de M\u00e9xico y el mundo\" \/>\n<meta name=\"robots\" content=\"index, follow, max-snippet:-1, max-image-preview:large, max-video-preview:-1\" \/>\n<link rel=\"canonical\" href=\"https:\/\/www.nexoinformativo.mx\/index.php\/2025\/04\/08\/queretaro-lider-penitenciario-kuri-inaugura-capacitacion-para-supervisar-carceles-de-mexico-y-el-mundo\/\" \/>\n<meta property=\"og:locale\" content=\"es_MX\" \/>\n<meta property=\"og:type\" content=\"article\" \/>\n<meta property=\"og:title\" content=\"Quer\u00e9taro l\u00edder penitenciario Kuri inaugura capacitaci\u00f3n para supervisar c\u00e1rceles de M\u00e9xico y el mundo | Nexo Informativo Santiago de Quer\u00e9taro\" \/>\n<meta property=\"og:description\" content=\"Quer\u00e9taro l\u00edder penitenciario Kuri inaugura capacitaci\u00f3n para supervisar c\u00e1rceles de M\u00e9xico y el mundo\" \/>\n<meta property=\"og:url\" content=\"https:\/\/www.nexoinformativo.mx\/index.php\/2025\/04\/08\/queretaro-lider-penitenciario-kuri-inaugura-capacitacion-para-supervisar-carceles-de-mexico-y-el-mundo\/\" \/>\n<meta property=\"og:site_name\" content=\"Nexo Informativo Santiago de Quer\u00e9taro\" \/>\n<meta property=\"article:publisher\" content=\"https:\/\/www.facebook.com\/people\/Nexo-Informativo\/61564066885511\/\" \/>\n<meta property=\"article:published_time\" content=\"2025-04-08T18:00:28+00:00\" \/>\n<meta property=\"article:modified_time\" content=\"2025-04-08T20:56:57+00:00\" \/>\n<meta property=\"og:image\" content=\"https:\/\/www.nexoinformativo.mx\/wp-content\/uploads\/2025\/04\/PHOTO-2025-04-08-12-58-07-e1744145728596.jpg\" \/>\n\t<meta property=\"og:image:width\" content=\"800\" \/>\n\t<meta property=\"og:image:height\" content=\"532\" \/>\n\t<meta property=\"og:image:type\" content=\"image\/jpeg\" \/>\n<meta name=\"author\" content=\"Nexo Informativo\" \/>\n<meta name=\"twitter:card\" content=\"summary_large_image\" \/>\n<meta name=\"twitter:label1\" content=\"Escrito por\" \/>\n\t<meta name=\"twitter:data1\" content=\"Nexo Informativo\" \/>\n\t<meta name=\"twitter:label2\" content=\"Tiempo de lectura\" \/>\n\t<meta name=\"twitter:data2\" content=\"2 minutos\" \/>\n<script type=\"application\/ld+json\" class=\"yoast-schema-graph\">{\"@context\":\"https:\/\/schema.org\",\"@graph\":[{\"@type\":\"Article\",\"@id\":\"https:\/\/www.nexoinformativo.mx\/index.php\/2025\/04\/08\/queretaro-lider-penitenciario-kuri-inaugura-capacitacion-para-supervisar-carceles-de-mexico-y-el-mundo\/#article\",\"isPartOf\":{\"@id\":\"https:\/\/www.nexoinformativo.mx\/index.php\/2025\/04\/08\/queretaro-lider-penitenciario-kuri-inaugura-capacitacion-para-supervisar-carceles-de-mexico-y-el-mundo\/\"},\"author\":{\"name\":\"Nexo Informativo\",\"@id\":\"https:\/\/www.nexoinformativo.mx\/#\/schema\/person\/7749d380ba08c8ca00d7bc76fd907b7d\"},\"headline\":\"Quer\u00e9taro l\u00edder penitenciario Kuri inaugura capacitaci\u00f3n para supervisar c\u00e1rceles de M\u00e9xico y el mundo\",\"datePublished\":\"2025-04-08T18:00:28+00:00\",\"dateModified\":\"2025-04-08T20:56:57+00:00\",\"mainEntityOfPage\":{\"@id\":\"https:\/\/www.nexoinformativo.mx\/index.php\/2025\/04\/08\/queretaro-lider-penitenciario-kuri-inaugura-capacitacion-para-supervisar-carceles-de-mexico-y-el-mundo\/\"},\"wordCount\":294,\"commentCount\":0,\"publisher\":{\"@id\":\"https:\/\/www.nexoinformativo.mx\/#organization\"},\"image\":{\"@id\":\"https:\/\/www.nexoinformativo.mx\/index.php\/2025\/04\/08\/queretaro-lider-penitenciario-kuri-inaugura-capacitacion-para-supervisar-carceles-de-mexico-y-el-mundo\/#primaryimage\"},\"thumbnailUrl\":\"https:\/\/www.nexoinformativo.mx\/wp-content\/uploads\/2025\/04\/PHOTO-2025-04-08-12-58-07-e1744145728596.jpg\",\"keywords\":[\"ACAcreditaci\u00f3n\",\"Formaci\u00f3nPenitenciaria\",\"ModeloPenitenciarioQro\",\"QueretaroSeguro\"],\"articleSection\":[\"Estado\",\"\u00daltima Hora\"],\"inLanguage\":\"es\",\"potentialAction\":[{\"@type\":\"CommentAction\",\"name\":\"Comment\",\"target\":[\"https:\/\/www.nexoinformativo.mx\/index.php\/2025\/04\/08\/queretaro-lider-penitenciario-kuri-inaugura-capacitacion-para-supervisar-carceles-de-mexico-y-el-mundo\/#respond\"]}]},{\"@type\":\"WebPage\",\"@id\":\"https:\/\/www.nexoinformativo.mx\/index.php\/2025\/04\/08\/queretaro-lider-penitenciario-kuri-inaugura-capacitacion-para-supervisar-carceles-de-mexico-y-el-mundo\/\",\"url\":\"https:\/\/www.nexoinformativo.mx\/index.php\/2025\/04\/08\/queretaro-lider-penitenciario-kuri-inaugura-capacitacion-para-supervisar-carceles-de-mexico-y-el-mundo\/\",\"name\":\"Quer\u00e9taro l\u00edder penitenciario Kuri inaugura capacitaci\u00f3n para supervisar c\u00e1rceles de M\u00e9xico y el mundo | Nexo Informativo Santiago de Quer\u00e9taro\",\"isPartOf\":{\"@id\":\"https:\/\/www.nexoinformativo.mx\/#website\"},\"primaryImageOfPage\":{\"@id\":\"https:\/\/www.nexoinformativo.mx\/index.php\/2025\/04\/08\/queretaro-lider-penitenciario-kuri-inaugura-capacitacion-para-supervisar-carceles-de-mexico-y-el-mundo\/#primaryimage\"},\"image\":{\"@id\":\"https:\/\/www.nexoinformativo.mx\/index.php\/2025\/04\/08\/queretaro-lider-penitenciario-kuri-inaugura-capacitacion-para-supervisar-carceles-de-mexico-y-el-mundo\/#primaryimage\"},\"thumbnailUrl\":\"https:\/\/www.nexoinformativo.mx\/wp-content\/uploads\/2025\/04\/PHOTO-2025-04-08-12-58-07-e1744145728596.jpg\",\"datePublished\":\"2025-04-08T18:00:28+00:00\",\"dateModified\":\"2025-04-08T20:56:57+00:00\",\"description\":\"Quer\u00e9taro l\u00edder penitenciario Kuri inaugura capacitaci\u00f3n para supervisar c\u00e1rceles de M\u00e9xico y el mundo\",\"breadcrumb\":{\"@id\":\"https:\/\/www.nexoinformativo.mx\/index.php\/2025\/04\/08\/queretaro-lider-penitenciario-kuri-inaugura-capacitacion-para-supervisar-carceles-de-mexico-y-el-mundo\/#breadcrumb\"},\"inLanguage\":\"es\",\"potentialAction\":[{\"@type\":\"ReadAction\",\"target\":[\"https:\/\/www.nexoinformativo.mx\/index.php\/2025\/04\/08\/queretaro-lider-penitenciario-kuri-inaugura-capacitacion-para-supervisar-carceles-de-mexico-y-el-mundo\/\"]}]},{\"@type\":\"ImageObject\",\"inLanguage\":\"es\",\"@id\":\"https:\/\/www.nexoinformativo.mx\/index.php\/2025\/04\/08\/queretaro-lider-penitenciario-kuri-inaugura-capacitacion-para-supervisar-carceles-de-mexico-y-el-mundo\/#primaryimage\",\"url\":\"https:\/\/www.nexoinformativo.mx\/wp-content\/uploads\/2025\/04\/PHOTO-2025-04-08-12-58-07-e1744145728596.jpg\",\"contentUrl\":\"https:\/\/www.nexoinformativo.mx\/wp-content\/uploads\/2025\/04\/PHOTO-2025-04-08-12-58-07-e1744145728596.jpg\",\"width\":800,\"height\":532},{\"@type\":\"BreadcrumbList\",\"@id\":\"https:\/\/www.nexoinformativo.mx\/index.php\/2025\/04\/08\/queretaro-lider-penitenciario-kuri-inaugura-capacitacion-para-supervisar-carceles-de-mexico-y-el-mundo\/#breadcrumb\",\"itemListElement\":[{\"@type\":\"ListItem\",\"position\":1,\"name\":\"Inicio\",\"item\":\"https:\/\/www.nexoinformativo.mx\/\"},{\"@type\":\"ListItem\",\"position\":2,\"name\":\"Quer\u00e9taro l\u00edder penitenciario Kuri inaugura capacitaci\u00f3n para supervisar c\u00e1rceles de M\u00e9xico y el mundo\"}]},{\"@type\":\"WebSite\",\"@id\":\"https:\/\/www.nexoinformativo.mx\/#website\",\"url\":\"https:\/\/www.nexoinformativo.mx\/\",\"name\":\"Nexo Informativo Santiago de Quer\u00e9taro\",\"description\":\"Explora NexoInformativo y convi\u00e9rtete en parte de una comunidad que valora el conocimiento y la verdad. Tu nexoinformativo es tu puente hacia una comprensi\u00f3n m\u00e1s profunda del mundo que te rodea.\",\"publisher\":{\"@id\":\"https:\/\/www.nexoinformativo.mx\/#organization\"},\"potentialAction\":[{\"@type\":\"SearchAction\",\"target\":{\"@type\":\"EntryPoint\",\"urlTemplate\":\"https:\/\/www.nexoinformativo.mx\/?s={search_term_string}\"},\"query-input\":{\"@type\":\"PropertyValueSpecification\",\"valueRequired\":true,\"valueName\":\"search_term_string\"}}],\"inLanguage\":\"es\"},{\"@type\":\"Organization\",\"@id\":\"https:\/\/www.nexoinformativo.mx\/#organization\",\"name\":\"Nexo Informativo Santiago de Quer\u00e9taro\",\"url\":\"https:\/\/www.nexoinformativo.mx\/\",\"logo\":{\"@type\":\"ImageObject\",\"inLanguage\":\"es\",\"@id\":\"https:\/\/www.nexoinformativo.mx\/#\/schema\/logo\/image\/\",\"url\":\"https:\/\/www.nexoinformativo.mx\/wp-content\/uploads\/2024\/07\/nexoi-trasparente-2.png\",\"contentUrl\":\"https:\/\/www.nexoinformativo.mx\/wp-content\/uploads\/2024\/07\/nexoi-trasparente-2.png\",\"width\":816,\"height\":339,\"caption\":\"Nexo Informativo Santiago de Quer\u00e9taro\"},\"image\":{\"@id\":\"https:\/\/www.nexoinformativo.mx\/#\/schema\/logo\/image\/\"},\"sameAs\":[\"https:\/\/www.facebook.com\/people\/Nexo-Informativo\/61564066885511\/\"]},{\"@type\":\"Person\",\"@id\":\"https:\/\/www.nexoinformativo.mx\/#\/schema\/person\/7749d380ba08c8ca00d7bc76fd907b7d\",\"name\":\"Nexo Informativo\",\"image\":{\"@type\":\"ImageObject\",\"inLanguage\":\"es\",\"@id\":\"https:\/\/www.nexoinformativo.mx\/#\/schema\/person\/image\/\",\"url\":\"https:\/\/secure.gravatar.com\/avatar\/dde2928154642a13d95f87ddf1ea9718fe2b46760a005c53e41ff5ad610704e6?s=96&d=mm&r=g\",\"contentUrl\":\"https:\/\/secure.gravatar.com\/avatar\/dde2928154642a13d95f87ddf1ea9718fe2b46760a005c53e41ff5ad610704e6?s=96&d=mm&r=g\",\"caption\":\"Nexo Informativo\"},\"url\":\"https:\/\/www.nexoinformativo.mx\/index.php\/author\/edicion\/\"}]}<\/script>\n<!-- \/ Yoast SEO plugin. -->","yoast_head_json":{"title":"Quer\u00e9taro l\u00edder penitenciario Kuri inaugura capacitaci\u00f3n para supervisar c\u00e1rceles de M\u00e9xico y el mundo | Nexo Informativo Santiago de Quer\u00e9taro","description":"Quer\u00e9taro l\u00edder penitenciario Kuri inaugura capacitaci\u00f3n para supervisar c\u00e1rceles de M\u00e9xico y el mundo","robots":{"index":"index","follow":"follow","max-snippet":"max-snippet:-1","max-image-preview":"max-image-preview:large","max-video-preview":"max-video-preview:-1"},"canonical":"https:\/\/www.nexoinformativo.mx\/index.php\/2025\/04\/08\/queretaro-lider-penitenciario-kuri-inaugura-capacitacion-para-supervisar-carceles-de-mexico-y-el-mundo\/","og_locale":"es_MX","og_type":"article","og_title":"Quer\u00e9taro l\u00edder penitenciario Kuri inaugura capacitaci\u00f3n para supervisar c\u00e1rceles de M\u00e9xico y el mundo | Nexo Informativo Santiago de Quer\u00e9taro","og_description":"Quer\u00e9taro l\u00edder penitenciario Kuri inaugura capacitaci\u00f3n para supervisar c\u00e1rceles de M\u00e9xico y el mundo","og_url":"https:\/\/www.nexoinformativo.mx\/index.php\/2025\/04\/08\/queretaro-lider-penitenciario-kuri-inaugura-capacitacion-para-supervisar-carceles-de-mexico-y-el-mundo\/","og_site_name":"Nexo Informativo Santiago de Quer\u00e9taro","article_publisher":"https:\/\/www.facebook.com\/people\/Nexo-Informativo\/61564066885511\/","article_published_time":"2025-04-08T18:00:28+00:00","article_modified_time":"2025-04-08T20:56:57+00:00","og_image":[{"width":800,"height":532,"url":"https:\/\/www.nexoinformativo.mx\/wp-content\/uploads\/2025\/04\/PHOTO-2025-04-08-12-58-07-e1744145728596.jpg","type":"image\/jpeg"}],"author":"Nexo Informativo","twitter_card":"summary_large_image","twitter_misc":{"Escrito por":"Nexo Informativo","Tiempo de lectura":"2 minutos"},"schema":{"@context":"https:\/\/schema.org","@graph":[{"@type":"Article","@id":"https:\/\/www.nexoinformativo.mx\/index.php\/2025\/04\/08\/queretaro-lider-penitenciario-kuri-inaugura-capacitacion-para-supervisar-carceles-de-mexico-y-el-mundo\/#article","isPartOf":{"@id":"https:\/\/www.nexoinformativo.mx\/index.php\/2025\/04\/08\/queretaro-lider-penitenciario-kuri-inaugura-capacitacion-para-supervisar-carceles-de-mexico-y-el-mundo\/"},"author":{"name":"Nexo Informativo","@id":"https:\/\/www.nexoinformativo.mx\/#\/schema\/person\/7749d380ba08c8ca00d7bc76fd907b7d"},"headline":"Quer\u00e9taro l\u00edder penitenciario Kuri inaugura capacitaci\u00f3n para supervisar c\u00e1rceles de M\u00e9xico y el mundo","datePublished":"2025-04-08T18:00:28+00:00","dateModified":"2025-04-08T20:56:57+00:00","mainEntityOfPage":{"@id":"https:\/\/www.nexoinformativo.mx\/index.php\/2025\/04\/08\/queretaro-lider-penitenciario-kuri-inaugura-capacitacion-para-supervisar-carceles-de-mexico-y-el-mundo\/"},"wordCount":294,"commentCount":0,"publisher":{"@id":"https:\/\/www.nexoinformativo.mx\/#organization"},"image":{"@id":"https:\/\/www.nexoinformativo.mx\/index.php\/2025\/04\/08\/queretaro-lider-penitenciario-kuri-inaugura-capacitacion-para-supervisar-carceles-de-mexico-y-el-mundo\/#primaryimage"},"thumbnailUrl":"https:\/\/www.nexoinformativo.mx\/wp-content\/uploads\/2025\/04\/PHOTO-2025-04-08-12-58-07-e1744145728596.jpg","keywords":["ACAcreditaci\u00f3n","Formaci\u00f3nPenitenciaria","ModeloPenitenciarioQro","QueretaroSeguro"],"articleSection":["Estado","\u00daltima Hora"],"inLanguage":"es","potentialAction":[{"@type":"CommentAction","name":"Comment","target":["https:\/\/www.nexoinformativo.mx\/index.php\/2025\/04\/08\/queretaro-lider-penitenciario-kuri-inaugura-capacitacion-para-supervisar-carceles-de-mexico-y-el-mundo\/#respond"]}]},{"@type":"WebPage","@id":"https:\/\/www.nexoinformativo.mx\/index.php\/2025\/04\/08\/queretaro-lider-penitenciario-kuri-inaugura-capacitacion-para-supervisar-carceles-de-mexico-y-el-mundo\/","url":"https:\/\/www.nexoinformativo.mx\/index.php\/2025\/04\/08\/queretaro-lider-penitenciario-kuri-inaugura-capacitacion-para-supervisar-carceles-de-mexico-y-el-mundo\/","name":"Quer\u00e9taro l\u00edder penitenciario Kuri inaugura capacitaci\u00f3n para supervisar c\u00e1rceles de M\u00e9xico y el mundo | Nexo Informativo Santiago de Quer\u00e9taro","isPartOf":{"@id":"https:\/\/www.nexoinformativo.mx\/#website"},"primaryImageOfPage":{"@id":"https:\/\/www.nexoinformativo.mx\/index.php\/2025\/04\/08\/queretaro-lider-penitenciario-kuri-inaugura-capacitacion-para-supervisar-carceles-de-mexico-y-el-mundo\/#primaryimage"},"image":{"@id":"https:\/\/www.nexoinformativo.mx\/index.php\/2025\/04\/08\/queretaro-lider-penitenciario-kuri-inaugura-capacitacion-para-supervisar-carceles-de-mexico-y-el-mundo\/#primaryimage"},"thumbnailUrl":"https:\/\/www.nexoinformativo.mx\/wp-content\/uploads\/2025\/04\/PHOTO-2025-04-08-12-58-07-e1744145728596.jpg","datePublished":"2025-04-08T18:00:28+00:00","dateModified":"2025-04-08T20:56:57+00:00","description":"Quer\u00e9taro l\u00edder penitenciario Kuri inaugura capacitaci\u00f3n para supervisar c\u00e1rceles de M\u00e9xico y el mundo","breadcrumb":{"@id":"https:\/\/www.nexoinformativo.mx\/index.php\/2025\/04\/08\/queretaro-lider-penitenciario-kuri-inaugura-capacitacion-para-supervisar-carceles-de-mexico-y-el-mundo\/#breadcrumb"},"inLanguage":"es","potentialAction":[{"@type":"ReadAction","target":["https:\/\/www.nexoinformativo.mx\/index.php\/2025\/04\/08\/queretaro-lider-penitenciario-kuri-inaugura-capacitacion-para-supervisar-carceles-de-mexico-y-el-mundo\/"]}]},{"@type":"ImageObject","inLanguage":"es","@id":"https:\/\/www.nexoinformativo.mx\/index.php\/2025\/04\/08\/queretaro-lider-penitenciario-kuri-inaugura-capacitacion-para-supervisar-carceles-de-mexico-y-el-mundo\/#primaryimage","url":"https:\/\/www.nexoinformativo.mx\/wp-content\/uploads\/2025\/04\/PHOTO-2025-04-08-12-58-07-e1744145728596.jpg","contentUrl":"https:\/\/www.nexoinformativo.mx\/wp-content\/uploads\/2025\/04\/PHOTO-2025-04-08-12-58-07-e1744145728596.jpg","width":800,"height":532},{"@type":"BreadcrumbList","@id":"https:\/\/www.nexoinformativo.mx\/index.php\/2025\/04\/08\/queretaro-lider-penitenciario-kuri-inaugura-capacitacion-para-supervisar-carceles-de-mexico-y-el-mundo\/#breadcrumb","itemListElement":[{"@type":"ListItem","position":1,"name":"Inicio","item":"https:\/\/www.nexoinformativo.mx\/"},{"@type":"ListItem","position":2,"name":"Quer\u00e9taro l\u00edder penitenciario Kuri inaugura capacitaci\u00f3n para supervisar c\u00e1rceles de M\u00e9xico y el mundo"}]},{"@type":"WebSite","@id":"https:\/\/www.nexoinformativo.mx\/#website","url":"https:\/\/www.nexoinformativo.mx\/","name":"Nexo Informativo Santiago de Quer\u00e9taro","description":"Explora NexoInformativo y convi\u00e9rtete en parte de una comunidad que valora el conocimiento y la verdad. Tu nexoinformativo es tu puente hacia una comprensi\u00f3n m\u00e1s profunda del mundo que te rodea.","publisher":{"@id":"https:\/\/www.nexoinformativo.mx\/#organization"},"potentialAction":[{"@type":"SearchAction","target":{"@type":"EntryPoint","urlTemplate":"https:\/\/www.nexoinformativo.mx\/?s={search_term_string}"},"query-input":{"@type":"PropertyValueSpecification","valueRequired":true,"valueName":"search_term_string"}}],"inLanguage":"es"},{"@type":"Organization","@id":"https:\/\/www.nexoinformativo.mx\/#organization","name":"Nexo Informativo Santiago de Quer\u00e9taro","url":"https:\/\/www.nexoinformativo.mx\/","logo":{"@type":"ImageObject","inLanguage":"es","@id":"https:\/\/www.nexoinformativo.mx\/#\/schema\/logo\/image\/","url":"https:\/\/www.nexoinformativo.mx\/wp-content\/uploads\/2024\/07\/nexoi-trasparente-2.png","contentUrl":"https:\/\/www.nexoinformativo.mx\/wp-content\/uploads\/2024\/07\/nexoi-trasparente-2.png","width":816,"height":339,"caption":"Nexo Informativo Santiago de Quer\u00e9taro"},"image":{"@id":"https:\/\/www.nexoinformativo.mx\/#\/schema\/logo\/image\/"},"sameAs":["https:\/\/www.facebook.com\/people\/Nexo-Informativo\/61564066885511\/"]},{"@type":"Person","@id":"https:\/\/www.nexoinformativo.mx\/#\/schema\/person\/7749d380ba08c8ca00d7bc76fd907b7d","name":"Nexo Informativo","image":{"@type":"ImageObject","inLanguage":"es","@id":"https:\/\/www.nexoinformativo.mx\/#\/schema\/person\/image\/","url":"https:\/\/secure.gravatar.com\/avatar\/dde2928154642a13d95f87ddf1ea9718fe2b46760a005c53e41ff5ad610704e6?s=96&d=mm&r=g","contentUrl":"https:\/\/secure.gravatar.com\/avatar\/dde2928154642a13d95f87ddf1ea9718fe2b46760a005c53e41ff5ad610704e6?s=96&d=mm&r=g","caption":"Nexo Informativo"},"url":"https:\/\/www.nexoinformativo.mx\/index.php\/author\/edicion\/"}]}},"_links":{"self":[{"href":"https:\/\/www.nexoinformativo.mx\/index.php\/wp-json\/wp\/v2\/posts\/13874","targetHints":{"allow":["GET"]}}],"collection":[{"href":"https:\/\/www.nexoinformativo.mx\/index.php\/wp-json\/wp\/v2\/posts"}],"about":[{"href":"https:\/\/www.nexoinformativo.mx\/index.php\/wp-json\/wp\/v2\/types\/post"}],"author":[{"embeddable":true,"href":"https:\/\/www.nexoinformativo.mx\/index.php\/wp-json\/wp\/v2\/users\/3"}],"replies":[{"embeddable":true,"href":"https:\/\/www.nexoinformativo.mx\/index.php\/wp-json\/wp\/v2\/comments?post=13874"}],"version-history":[{"count":5,"href":"https:\/\/www.nexoinformativo.mx\/index.php\/wp-json\/wp\/v2\/posts\/13874\/revisions"}],"predecessor-version":[{"id":13880,"href":"https:\/\/www.nexoinformativo.mx\/index.php\/wp-json\/wp\/v2\/posts\/13874\/revisions\/13880"}],"wp:featuredmedia":[{"embeddable":true,"href":"https:\/\/www.nexoinformativo.mx\/index.php\/wp-json\/wp\/v2\/media\/13875"}],"wp:attachment":[{"href":"https:\/\/www.nexoinformativo.mx\/index.php\/wp-json\/wp\/v2\/media?parent=13874"}],"wp:term":[{"taxonomy":"category","embeddable":true,"href":"https:\/\/www.nexoinformativo.mx\/index.php\/wp-json\/wp\/v2\/categories?post=13874"},{"taxonomy":"post_tag","embeddable":true,"href":"https:\/\/www.nexoinformativo.mx\/index.php\/wp-json\/wp\/v2\/tags?post=13874"}],"curies":[{"name":"wp","href":"https:\/\/api.w.org\/{rel}","templated":true}]}}