{"id":13881,"date":"2025-04-08T13:00:15","date_gmt":"2025-04-08T19:00:15","guid":{"rendered":"https:\/\/www.nexoinformativo.mx\/?p=13881"},"modified":"2025-04-08T15:09:19","modified_gmt":"2025-04-08T21:09:19","slug":"queretaro-abre-puertas-personas-vulnerables-tendran-mas-oportunidades-de-empleo-con-nueva-alianza","status":"publish","type":"post","link":"https:\/\/www.nexoinformativo.mx\/index.php\/2025\/04\/08\/queretaro-abre-puertas-personas-vulnerables-tendran-mas-oportunidades-de-empleo-con-nueva-alianza\/","title":{"rendered":"Quer\u00e9taro abre puertas personas vulnerables tendr\u00e1n m\u00e1s oportunidades de empleo con nueva alianza"},"content":{"rendered":"<p style=\"text-align: justify;\" data-sourcepos=\"11:1-11:375\">Bajo la firme convicci\u00f3n de que el acceso a un trabajo digno es un derecho fundamental, la presidenta del Patronato del Sistema Estatal DIF, Car Herrera de Kuri, y la secretaria del Trabajo, Liliana San Mart\u00edn, formalizaron un convenio de colaboraci\u00f3n para impulsar la inclusi\u00f3n social y laboral de las personas vulnerables en Quer\u00e9taro.<\/p>\n<p>&nbsp;<\/p>\n<p style=\"text-align: justify;\" data-sourcepos=\"13:1-13:309\">Car Herrera de Kuri destac\u00f3 que, como resultado de este acuerdo, se instal\u00f3 en el Centro de Rehabilitaci\u00f3n Integral de Quer\u00e9taro (CRIQ) el Centro VALPAR, un innovador sistema de evaluaci\u00f3n de habilidades dise\u00f1ado para medir las capacidades de personas con discapacidad y adultos mayores en b\u00fasqueda de empleo.<\/p>\n<p>&nbsp;<\/p>\n<p style=\"text-align: justify;\" data-sourcepos=\"15:1-15:269\">&#8220;Queremos realzar sus capacidades y que a trav\u00e9s de ellas puedan acceder a un trabajo digno y bien remunerado&#8221;, expres\u00f3 Car Herrera, enfatizando el valor incalculable de estas acciones y la esperanza de seguir colocando a m\u00e1s personas vulnerables en el mercado laboral.<\/p>\n<\/p>\n<p>&nbsp;<\/p>\n<p style=\"text-align: justify;\" data-sourcepos=\"17:1-17:347\">Por su parte, Liliana San Mart\u00edn resalt\u00f3 que esta estrategia facilita la incorporaci\u00f3n productiva de quienes m\u00e1s lo necesitan, atendiendo sus caracter\u00edsticas y necesidades espec\u00edficas. Celebr\u00f3 la operaci\u00f3n del sistema VALPAR en el CRIQ, donde se les proporcionar\u00e1 un diagn\u00f3stico de sus talentos para vincularlos oportunamente con empleos.<\/p>\n<p>&nbsp;<\/p>\n<p style=\"text-align: justify;\" data-sourcepos=\"19:1-19:275\">La Secretaria del Trabajo inform\u00f3 que en tres meses se ha atendido a 70 personas con discapacidad y 40 adultos mayores, con la intenci\u00f3n de conectarlos con empleadores sensibles a la inclusi\u00f3n y estimular a las empresas para que abran m\u00e1s vacantes dirigidas a esta poblaci\u00f3n.<\/p>\n<p>&nbsp;<\/p>\n<p style=\"text-align: justify;\" data-sourcepos=\"21:1-21:300\">El convenio tambi\u00e9n fue firmado por el director general del Sistema Estatal DIF, \u00d3scar G\u00f3mez Niembro, quien subray\u00f3 que esta alianza representa un logro significativo para las personas con discapacidad y adultos mayores, ofreci\u00e9ndoles mejores oportunidades de vida a trav\u00e9s de la vinculaci\u00f3n laboral.<\/p>\n<p>&nbsp;<\/p>\n<p style=\"text-align: center;\" data-sourcepos=\"21:1-21:300\"><em><strong>\u00a1Informaci\u00f3n que transforma!<\/strong><\/em><\/p>\n","protected":false},"excerpt":{"rendered":"<p>Bajo la firme convicci\u00f3n de que el acceso a un trabajo digno es un derecho fundamental, la presidenta del Patronato del Sistema Estatal DIF, Car Herrera de Kuri, y la secretaria del Trabajo, Liliana San Mart\u00edn Castillo, formalizaron un convenio de colaboraci\u00f3n para impulsar la inclusi\u00f3n social y laboral de las personas vulnerables en Quer\u00e9taro.<\/p>\n","protected":false},"author":3,"featured_media":13882,"comment_status":"open","ping_status":"open","sticky":false,"template":"","format":"standard","meta":{"footnotes":""},"categories":[42,58],"tags":[1207,4046,1896,377],"class_list":["post-13881","post","type-post","status-publish","format-standard","has-post-thumbnail","hentry","category-estado","category-ultima-hora","tag-difqueretaro","tag-inclusionlaboralqro","tag-secretariadeltrabajo","tag-trabajodigno"],"yoast_head":"<!-- This site is optimized with the Yoast SEO plugin v25.0 - https:\/\/yoast.com\/wordpress\/plugins\/seo\/ -->\n<title>Quer\u00e9taro abre puertas personas vulnerables tendr\u00e1n m\u00e1s oportunidades de empleo con nueva alianza | Nexo Informativo Santiago de Quer\u00e9taro<\/title>\n<meta name=\"description\" content=\"Quer\u00e9taro abre puertas personas vulnerables tendr\u00e1n m\u00e1s oportunidades de empleo con nueva alianza\" \/>\n<meta name=\"robots\" content=\"index, follow, max-snippet:-1, max-image-preview:large, max-video-preview:-1\" \/>\n<link rel=\"canonical\" href=\"https:\/\/www.nexoinformativo.mx\/index.php\/2025\/04\/08\/queretaro-abre-puertas-personas-vulnerables-tendran-mas-oportunidades-de-empleo-con-nueva-alianza\/\" \/>\n<meta property=\"og:locale\" content=\"es_MX\" \/>\n<meta property=\"og:type\" content=\"article\" \/>\n<meta property=\"og:title\" content=\"Quer\u00e9taro abre puertas personas vulnerables tendr\u00e1n m\u00e1s oportunidades de empleo con nueva alianza | Nexo Informativo Santiago de Quer\u00e9taro\" \/>\n<meta property=\"og:description\" content=\"Quer\u00e9taro abre puertas personas vulnerables tendr\u00e1n m\u00e1s oportunidades de empleo con nueva alianza\" \/>\n<meta property=\"og:url\" content=\"https:\/\/www.nexoinformativo.mx\/index.php\/2025\/04\/08\/queretaro-abre-puertas-personas-vulnerables-tendran-mas-oportunidades-de-empleo-con-nueva-alianza\/\" \/>\n<meta property=\"og:site_name\" content=\"Nexo Informativo Santiago de Quer\u00e9taro\" \/>\n<meta property=\"article:publisher\" content=\"https:\/\/www.facebook.com\/people\/Nexo-Informativo\/61564066885511\/\" \/>\n<meta property=\"article:published_time\" content=\"2025-04-08T19:00:15+00:00\" \/>\n<meta property=\"article:modified_time\" content=\"2025-04-08T21:09:19+00:00\" \/>\n<meta property=\"og:image\" content=\"https:\/\/www.nexoinformativo.mx\/wp-content\/uploads\/2025\/04\/PHOTO-2025-04-08-15-00-03-e1744146474332.jpg\" \/>\n\t<meta property=\"og:image:width\" content=\"800\" \/>\n\t<meta property=\"og:image:height\" content=\"587\" \/>\n\t<meta property=\"og:image:type\" content=\"image\/jpeg\" \/>\n<meta name=\"author\" content=\"Nexo Informativo\" \/>\n<meta name=\"twitter:card\" content=\"summary_large_image\" \/>\n<meta name=\"twitter:label1\" content=\"Escrito por\" \/>\n\t<meta name=\"twitter:data1\" content=\"Nexo Informativo\" \/>\n\t<meta name=\"twitter:label2\" content=\"Tiempo de lectura\" \/>\n\t<meta name=\"twitter:data2\" content=\"2 minutos\" \/>\n<script type=\"application\/ld+json\" class=\"yoast-schema-graph\">{\"@context\":\"https:\/\/schema.org\",\"@graph\":[{\"@type\":\"Article\",\"@id\":\"https:\/\/www.nexoinformativo.mx\/index.php\/2025\/04\/08\/queretaro-abre-puertas-personas-vulnerables-tendran-mas-oportunidades-de-empleo-con-nueva-alianza\/#article\",\"isPartOf\":{\"@id\":\"https:\/\/www.nexoinformativo.mx\/index.php\/2025\/04\/08\/queretaro-abre-puertas-personas-vulnerables-tendran-mas-oportunidades-de-empleo-con-nueva-alianza\/\"},\"author\":{\"name\":\"Nexo Informativo\",\"@id\":\"https:\/\/www.nexoinformativo.mx\/#\/schema\/person\/7749d380ba08c8ca00d7bc76fd907b7d\"},\"headline\":\"Quer\u00e9taro abre puertas personas vulnerables tendr\u00e1n m\u00e1s oportunidades de empleo con nueva alianza\",\"datePublished\":\"2025-04-08T19:00:15+00:00\",\"dateModified\":\"2025-04-08T21:09:19+00:00\",\"mainEntityOfPage\":{\"@id\":\"https:\/\/www.nexoinformativo.mx\/index.php\/2025\/04\/08\/queretaro-abre-puertas-personas-vulnerables-tendran-mas-oportunidades-de-empleo-con-nueva-alianza\/\"},\"wordCount\":335,\"commentCount\":0,\"publisher\":{\"@id\":\"https:\/\/www.nexoinformativo.mx\/#organization\"},\"image\":{\"@id\":\"https:\/\/www.nexoinformativo.mx\/index.php\/2025\/04\/08\/queretaro-abre-puertas-personas-vulnerables-tendran-mas-oportunidades-de-empleo-con-nueva-alianza\/#primaryimage\"},\"thumbnailUrl\":\"https:\/\/www.nexoinformativo.mx\/wp-content\/uploads\/2025\/04\/PHOTO-2025-04-08-15-00-03-e1744146474332.jpg\",\"keywords\":[\"DIFQuer\u00e9taro\",\"Inclusi\u00f3nLaboralQro\",\"Secretar\u00edaDelTrabajo\",\"TrabajoDigno\"],\"articleSection\":[\"Estado\",\"\u00daltima Hora\"],\"inLanguage\":\"es\",\"potentialAction\":[{\"@type\":\"CommentAction\",\"name\":\"Comment\",\"target\":[\"https:\/\/www.nexoinformativo.mx\/index.php\/2025\/04\/08\/queretaro-abre-puertas-personas-vulnerables-tendran-mas-oportunidades-de-empleo-con-nueva-alianza\/#respond\"]}]},{\"@type\":\"WebPage\",\"@id\":\"https:\/\/www.nexoinformativo.mx\/index.php\/2025\/04\/08\/queretaro-abre-puertas-personas-vulnerables-tendran-mas-oportunidades-de-empleo-con-nueva-alianza\/\",\"url\":\"https:\/\/www.nexoinformativo.mx\/index.php\/2025\/04\/08\/queretaro-abre-puertas-personas-vulnerables-tendran-mas-oportunidades-de-empleo-con-nueva-alianza\/\",\"name\":\"Quer\u00e9taro abre puertas personas vulnerables tendr\u00e1n m\u00e1s oportunidades de empleo con nueva alianza | Nexo Informativo Santiago de Quer\u00e9taro\",\"isPartOf\":{\"@id\":\"https:\/\/www.nexoinformativo.mx\/#website\"},\"primaryImageOfPage\":{\"@id\":\"https:\/\/www.nexoinformativo.mx\/index.php\/2025\/04\/08\/queretaro-abre-puertas-personas-vulnerables-tendran-mas-oportunidades-de-empleo-con-nueva-alianza\/#primaryimage\"},\"image\":{\"@id\":\"https:\/\/www.nexoinformativo.mx\/index.php\/2025\/04\/08\/queretaro-abre-puertas-personas-vulnerables-tendran-mas-oportunidades-de-empleo-con-nueva-alianza\/#primaryimage\"},\"thumbnailUrl\":\"https:\/\/www.nexoinformativo.mx\/wp-content\/uploads\/2025\/04\/PHOTO-2025-04-08-15-00-03-e1744146474332.jpg\",\"datePublished\":\"2025-04-08T19:00:15+00:00\",\"dateModified\":\"2025-04-08T21:09:19+00:00\",\"description\":\"Quer\u00e9taro abre puertas personas vulnerables tendr\u00e1n m\u00e1s oportunidades de empleo con nueva alianza\",\"breadcrumb\":{\"@id\":\"https:\/\/www.nexoinformativo.mx\/index.php\/2025\/04\/08\/queretaro-abre-puertas-personas-vulnerables-tendran-mas-oportunidades-de-empleo-con-nueva-alianza\/#breadcrumb\"},\"inLanguage\":\"es\",\"potentialAction\":[{\"@type\":\"ReadAction\",\"target\":[\"https:\/\/www.nexoinformativo.mx\/index.php\/2025\/04\/08\/queretaro-abre-puertas-personas-vulnerables-tendran-mas-oportunidades-de-empleo-con-nueva-alianza\/\"]}]},{\"@type\":\"ImageObject\",\"inLanguage\":\"es\",\"@id\":\"https:\/\/www.nexoinformativo.mx\/index.php\/2025\/04\/08\/queretaro-abre-puertas-personas-vulnerables-tendran-mas-oportunidades-de-empleo-con-nueva-alianza\/#primaryimage\",\"url\":\"https:\/\/www.nexoinformativo.mx\/wp-content\/uploads\/2025\/04\/PHOTO-2025-04-08-15-00-03-e1744146474332.jpg\",\"contentUrl\":\"https:\/\/www.nexoinformativo.mx\/wp-content\/uploads\/2025\/04\/PHOTO-2025-04-08-15-00-03-e1744146474332.jpg\",\"width\":800,\"height\":587},{\"@type\":\"BreadcrumbList\",\"@id\":\"https:\/\/www.nexoinformativo.mx\/index.php\/2025\/04\/08\/queretaro-abre-puertas-personas-vulnerables-tendran-mas-oportunidades-de-empleo-con-nueva-alianza\/#breadcrumb\",\"itemListElement\":[{\"@type\":\"ListItem\",\"position\":1,\"name\":\"Inicio\",\"item\":\"https:\/\/www.nexoinformativo.mx\/\"},{\"@type\":\"ListItem\",\"position\":2,\"name\":\"Quer\u00e9taro abre puertas personas vulnerables tendr\u00e1n m\u00e1s oportunidades de empleo con nueva alianza\"}]},{\"@type\":\"WebSite\",\"@id\":\"https:\/\/www.nexoinformativo.mx\/#website\",\"url\":\"https:\/\/www.nexoinformativo.mx\/\",\"name\":\"Nexo Informativo Santiago de Quer\u00e9taro\",\"description\":\"Explora NexoInformativo y convi\u00e9rtete en parte de una comunidad que valora el conocimiento y la verdad. Tu nexoinformativo es tu puente hacia una comprensi\u00f3n m\u00e1s profunda del mundo que te rodea.\",\"publisher\":{\"@id\":\"https:\/\/www.nexoinformativo.mx\/#organization\"},\"potentialAction\":[{\"@type\":\"SearchAction\",\"target\":{\"@type\":\"EntryPoint\",\"urlTemplate\":\"https:\/\/www.nexoinformativo.mx\/?s={search_term_string}\"},\"query-input\":{\"@type\":\"PropertyValueSpecification\",\"valueRequired\":true,\"valueName\":\"search_term_string\"}}],\"inLanguage\":\"es\"},{\"@type\":\"Organization\",\"@id\":\"https:\/\/www.nexoinformativo.mx\/#organization\",\"name\":\"Nexo Informativo Santiago de Quer\u00e9taro\",\"url\":\"https:\/\/www.nexoinformativo.mx\/\",\"logo\":{\"@type\":\"ImageObject\",\"inLanguage\":\"es\",\"@id\":\"https:\/\/www.nexoinformativo.mx\/#\/schema\/logo\/image\/\",\"url\":\"https:\/\/www.nexoinformativo.mx\/wp-content\/uploads\/2024\/07\/nexoi-trasparente-2.png\",\"contentUrl\":\"https:\/\/www.nexoinformativo.mx\/wp-content\/uploads\/2024\/07\/nexoi-trasparente-2.png\",\"width\":816,\"height\":339,\"caption\":\"Nexo Informativo Santiago de Quer\u00e9taro\"},\"image\":{\"@id\":\"https:\/\/www.nexoinformativo.mx\/#\/schema\/logo\/image\/\"},\"sameAs\":[\"https:\/\/www.facebook.com\/people\/Nexo-Informativo\/61564066885511\/\"]},{\"@type\":\"Person\",\"@id\":\"https:\/\/www.nexoinformativo.mx\/#\/schema\/person\/7749d380ba08c8ca00d7bc76fd907b7d\",\"name\":\"Nexo Informativo\",\"image\":{\"@type\":\"ImageObject\",\"inLanguage\":\"es\",\"@id\":\"https:\/\/www.nexoinformativo.mx\/#\/schema\/person\/image\/\",\"url\":\"https:\/\/secure.gravatar.com\/avatar\/dde2928154642a13d95f87ddf1ea9718fe2b46760a005c53e41ff5ad610704e6?s=96&d=mm&r=g\",\"contentUrl\":\"https:\/\/secure.gravatar.com\/avatar\/dde2928154642a13d95f87ddf1ea9718fe2b46760a005c53e41ff5ad610704e6?s=96&d=mm&r=g\",\"caption\":\"Nexo Informativo\"},\"url\":\"https:\/\/www.nexoinformativo.mx\/index.php\/author\/edicion\/\"}]}<\/script>\n<!-- \/ Yoast SEO plugin. -->","yoast_head_json":{"title":"Quer\u00e9taro abre puertas personas vulnerables tendr\u00e1n m\u00e1s oportunidades de empleo con nueva alianza | Nexo Informativo Santiago de Quer\u00e9taro","description":"Quer\u00e9taro abre puertas personas vulnerables tendr\u00e1n m\u00e1s oportunidades de empleo con nueva alianza","robots":{"index":"index","follow":"follow","max-snippet":"max-snippet:-1","max-image-preview":"max-image-preview:large","max-video-preview":"max-video-preview:-1"},"canonical":"https:\/\/www.nexoinformativo.mx\/index.php\/2025\/04\/08\/queretaro-abre-puertas-personas-vulnerables-tendran-mas-oportunidades-de-empleo-con-nueva-alianza\/","og_locale":"es_MX","og_type":"article","og_title":"Quer\u00e9taro abre puertas personas vulnerables tendr\u00e1n m\u00e1s oportunidades de empleo con nueva alianza | Nexo Informativo Santiago de Quer\u00e9taro","og_description":"Quer\u00e9taro abre puertas personas vulnerables tendr\u00e1n m\u00e1s oportunidades de empleo con nueva alianza","og_url":"https:\/\/www.nexoinformativo.mx\/index.php\/2025\/04\/08\/queretaro-abre-puertas-personas-vulnerables-tendran-mas-oportunidades-de-empleo-con-nueva-alianza\/","og_site_name":"Nexo Informativo Santiago de Quer\u00e9taro","article_publisher":"https:\/\/www.facebook.com\/people\/Nexo-Informativo\/61564066885511\/","article_published_time":"2025-04-08T19:00:15+00:00","article_modified_time":"2025-04-08T21:09:19+00:00","og_image":[{"width":800,"height":587,"url":"https:\/\/www.nexoinformativo.mx\/wp-content\/uploads\/2025\/04\/PHOTO-2025-04-08-15-00-03-e1744146474332.jpg","type":"image\/jpeg"}],"author":"Nexo Informativo","twitter_card":"summary_large_image","twitter_misc":{"Escrito por":"Nexo Informativo","Tiempo de lectura":"2 minutos"},"schema":{"@context":"https:\/\/schema.org","@graph":[{"@type":"Article","@id":"https:\/\/www.nexoinformativo.mx\/index.php\/2025\/04\/08\/queretaro-abre-puertas-personas-vulnerables-tendran-mas-oportunidades-de-empleo-con-nueva-alianza\/#article","isPartOf":{"@id":"https:\/\/www.nexoinformativo.mx\/index.php\/2025\/04\/08\/queretaro-abre-puertas-personas-vulnerables-tendran-mas-oportunidades-de-empleo-con-nueva-alianza\/"},"author":{"name":"Nexo Informativo","@id":"https:\/\/www.nexoinformativo.mx\/#\/schema\/person\/7749d380ba08c8ca00d7bc76fd907b7d"},"headline":"Quer\u00e9taro abre puertas personas vulnerables tendr\u00e1n m\u00e1s oportunidades de empleo con nueva alianza","datePublished":"2025-04-08T19:00:15+00:00","dateModified":"2025-04-08T21:09:19+00:00","mainEntityOfPage":{"@id":"https:\/\/www.nexoinformativo.mx\/index.php\/2025\/04\/08\/queretaro-abre-puertas-personas-vulnerables-tendran-mas-oportunidades-de-empleo-con-nueva-alianza\/"},"wordCount":335,"commentCount":0,"publisher":{"@id":"https:\/\/www.nexoinformativo.mx\/#organization"},"image":{"@id":"https:\/\/www.nexoinformativo.mx\/index.php\/2025\/04\/08\/queretaro-abre-puertas-personas-vulnerables-tendran-mas-oportunidades-de-empleo-con-nueva-alianza\/#primaryimage"},"thumbnailUrl":"https:\/\/www.nexoinformativo.mx\/wp-content\/uploads\/2025\/04\/PHOTO-2025-04-08-15-00-03-e1744146474332.jpg","keywords":["DIFQuer\u00e9taro","Inclusi\u00f3nLaboralQro","Secretar\u00edaDelTrabajo","TrabajoDigno"],"articleSection":["Estado","\u00daltima Hora"],"inLanguage":"es","potentialAction":[{"@type":"CommentAction","name":"Comment","target":["https:\/\/www.nexoinformativo.mx\/index.php\/2025\/04\/08\/queretaro-abre-puertas-personas-vulnerables-tendran-mas-oportunidades-de-empleo-con-nueva-alianza\/#respond"]}]},{"@type":"WebPage","@id":"https:\/\/www.nexoinformativo.mx\/index.php\/2025\/04\/08\/queretaro-abre-puertas-personas-vulnerables-tendran-mas-oportunidades-de-empleo-con-nueva-alianza\/","url":"https:\/\/www.nexoinformativo.mx\/index.php\/2025\/04\/08\/queretaro-abre-puertas-personas-vulnerables-tendran-mas-oportunidades-de-empleo-con-nueva-alianza\/","name":"Quer\u00e9taro abre puertas personas vulnerables tendr\u00e1n m\u00e1s oportunidades de empleo con nueva alianza | Nexo Informativo Santiago de Quer\u00e9taro","isPartOf":{"@id":"https:\/\/www.nexoinformativo.mx\/#website"},"primaryImageOfPage":{"@id":"https:\/\/www.nexoinformativo.mx\/index.php\/2025\/04\/08\/queretaro-abre-puertas-personas-vulnerables-tendran-mas-oportunidades-de-empleo-con-nueva-alianza\/#primaryimage"},"image":{"@id":"https:\/\/www.nexoinformativo.mx\/index.php\/2025\/04\/08\/queretaro-abre-puertas-personas-vulnerables-tendran-mas-oportunidades-de-empleo-con-nueva-alianza\/#primaryimage"},"thumbnailUrl":"https:\/\/www.nexoinformativo.mx\/wp-content\/uploads\/2025\/04\/PHOTO-2025-04-08-15-00-03-e1744146474332.jpg","datePublished":"2025-04-08T19:00:15+00:00","dateModified":"2025-04-08T21:09:19+00:00","description":"Quer\u00e9taro abre puertas personas vulnerables tendr\u00e1n m\u00e1s oportunidades de empleo con nueva alianza","breadcrumb":{"@id":"https:\/\/www.nexoinformativo.mx\/index.php\/2025\/04\/08\/queretaro-abre-puertas-personas-vulnerables-tendran-mas-oportunidades-de-empleo-con-nueva-alianza\/#breadcrumb"},"inLanguage":"es","potentialAction":[{"@type":"ReadAction","target":["https:\/\/www.nexoinformativo.mx\/index.php\/2025\/04\/08\/queretaro-abre-puertas-personas-vulnerables-tendran-mas-oportunidades-de-empleo-con-nueva-alianza\/"]}]},{"@type":"ImageObject","inLanguage":"es","@id":"https:\/\/www.nexoinformativo.mx\/index.php\/2025\/04\/08\/queretaro-abre-puertas-personas-vulnerables-tendran-mas-oportunidades-de-empleo-con-nueva-alianza\/#primaryimage","url":"https:\/\/www.nexoinformativo.mx\/wp-content\/uploads\/2025\/04\/PHOTO-2025-04-08-15-00-03-e1744146474332.jpg","contentUrl":"https:\/\/www.nexoinformativo.mx\/wp-content\/uploads\/2025\/04\/PHOTO-2025-04-08-15-00-03-e1744146474332.jpg","width":800,"height":587},{"@type":"BreadcrumbList","@id":"https:\/\/www.nexoinformativo.mx\/index.php\/2025\/04\/08\/queretaro-abre-puertas-personas-vulnerables-tendran-mas-oportunidades-de-empleo-con-nueva-alianza\/#breadcrumb","itemListElement":[{"@type":"ListItem","position":1,"name":"Inicio","item":"https:\/\/www.nexoinformativo.mx\/"},{"@type":"ListItem","position":2,"name":"Quer\u00e9taro abre puertas personas vulnerables tendr\u00e1n m\u00e1s oportunidades de empleo con nueva alianza"}]},{"@type":"WebSite","@id":"https:\/\/www.nexoinformativo.mx\/#website","url":"https:\/\/www.nexoinformativo.mx\/","name":"Nexo Informativo Santiago de Quer\u00e9taro","description":"Explora NexoInformativo y convi\u00e9rtete en parte de una comunidad que valora el conocimiento y la verdad. Tu nexoinformativo es tu puente hacia una comprensi\u00f3n m\u00e1s profunda del mundo que te rodea.","publisher":{"@id":"https:\/\/www.nexoinformativo.mx\/#organization"},"potentialAction":[{"@type":"SearchAction","target":{"@type":"EntryPoint","urlTemplate":"https:\/\/www.nexoinformativo.mx\/?s={search_term_string}"},"query-input":{"@type":"PropertyValueSpecification","valueRequired":true,"valueName":"search_term_string"}}],"inLanguage":"es"},{"@type":"Organization","@id":"https:\/\/www.nexoinformativo.mx\/#organization","name":"Nexo Informativo Santiago de Quer\u00e9taro","url":"https:\/\/www.nexoinformativo.mx\/","logo":{"@type":"ImageObject","inLanguage":"es","@id":"https:\/\/www.nexoinformativo.mx\/#\/schema\/logo\/image\/","url":"https:\/\/www.nexoinformativo.mx\/wp-content\/uploads\/2024\/07\/nexoi-trasparente-2.png","contentUrl":"https:\/\/www.nexoinformativo.mx\/wp-content\/uploads\/2024\/07\/nexoi-trasparente-2.png","width":816,"height":339,"caption":"Nexo Informativo Santiago de Quer\u00e9taro"},"image":{"@id":"https:\/\/www.nexoinformativo.mx\/#\/schema\/logo\/image\/"},"sameAs":["https:\/\/www.facebook.com\/people\/Nexo-Informativo\/61564066885511\/"]},{"@type":"Person","@id":"https:\/\/www.nexoinformativo.mx\/#\/schema\/person\/7749d380ba08c8ca00d7bc76fd907b7d","name":"Nexo Informativo","image":{"@type":"ImageObject","inLanguage":"es","@id":"https:\/\/www.nexoinformativo.mx\/#\/schema\/person\/image\/","url":"https:\/\/secure.gravatar.com\/avatar\/dde2928154642a13d95f87ddf1ea9718fe2b46760a005c53e41ff5ad610704e6?s=96&d=mm&r=g","contentUrl":"https:\/\/secure.gravatar.com\/avatar\/dde2928154642a13d95f87ddf1ea9718fe2b46760a005c53e41ff5ad610704e6?s=96&d=mm&r=g","caption":"Nexo Informativo"},"url":"https:\/\/www.nexoinformativo.mx\/index.php\/author\/edicion\/"}]}},"_links":{"self":[{"href":"https:\/\/www.nexoinformativo.mx\/index.php\/wp-json\/wp\/v2\/posts\/13881","targetHints":{"allow":["GET"]}}],"collection":[{"href":"https:\/\/www.nexoinformativo.mx\/index.php\/wp-json\/wp\/v2\/posts"}],"about":[{"href":"https:\/\/www.nexoinformativo.mx\/index.php\/wp-json\/wp\/v2\/types\/post"}],"author":[{"embeddable":true,"href":"https:\/\/www.nexoinformativo.mx\/index.php\/wp-json\/wp\/v2\/users\/3"}],"replies":[{"embeddable":true,"href":"https:\/\/www.nexoinformativo.mx\/index.php\/wp-json\/wp\/v2\/comments?post=13881"}],"version-history":[{"count":4,"href":"https:\/\/www.nexoinformativo.mx\/index.php\/wp-json\/wp\/v2\/posts\/13881\/revisions"}],"predecessor-version":[{"id":13885,"href":"https:\/\/www.nexoinformativo.mx\/index.php\/wp-json\/wp\/v2\/posts\/13881\/revisions\/13885"}],"wp:featuredmedia":[{"embeddable":true,"href":"https:\/\/www.nexoinformativo.mx\/index.php\/wp-json\/wp\/v2\/media\/13882"}],"wp:attachment":[{"href":"https:\/\/www.nexoinformativo.mx\/index.php\/wp-json\/wp\/v2\/media?parent=13881"}],"wp:term":[{"taxonomy":"category","embeddable":true,"href":"https:\/\/www.nexoinformativo.mx\/index.php\/wp-json\/wp\/v2\/categories?post=13881"},{"taxonomy":"post_tag","embeddable":true,"href":"https:\/\/www.nexoinformativo.mx\/index.php\/wp-json\/wp\/v2\/tags?post=13881"}],"curies":[{"name":"wp","href":"https:\/\/api.w.org\/{rel}","templated":true}]}}