{"id":13887,"date":"2025-04-08T14:00:32","date_gmt":"2025-04-08T20:00:32","guid":{"rendered":"https:\/\/www.nexoinformativo.mx\/?p=13887"},"modified":"2025-04-08T15:13:14","modified_gmt":"2025-04-08T21:13:14","slug":"concierto-estelar-la-ofeq-y-pianista-ruso-celebran-a-tchaikovsky-en-el-metropolitano","status":"publish","type":"post","link":"https:\/\/www.nexoinformativo.mx\/index.php\/2025\/04\/08\/concierto-estelar-la-ofeq-y-pianista-ruso-celebran-a-tchaikovsky-en-el-metropolitano\/","title":{"rendered":"Concierto estelar la OFEQ y pianista Ruso celebran a Tchaikovsky en el Metropolitano"},"content":{"rendered":"<p style=\"text-align: justify;\" data-sourcepos=\"11:1-11:482\">La Orquesta Filarm\u00f3nica del Estado de Quer\u00e9taro (OFEQ), bajo la batuta del maestro Mark Kadin, ofrecer\u00e1 un cierre espectacular a su primera temporada de conciertos 2025 este 9 de abril en el Teatro Metropolitano.<\/p>\n<\/p>\n<p>&nbsp;<\/p>\n<p style=\"text-align: justify;\" data-sourcepos=\"11:1-11:482\">El programa estar\u00e1 dedicado al genio de Piotr Ilich Tchaikovsky, presentando su Concierto para piano n\u00famero 1, con la participaci\u00f3n del aclamado pianista Alexander Pashkov como solista, y la emotiva Suite del ballet &#8220;El lago de los cisnes&#8221;.<\/p>\n<\/p>\n<p>&nbsp;<\/p>\n<p style=\"text-align: justify;\" data-sourcepos=\"13:1-13:270\">Esta temporada ha consolidado a la OFEQ como un referente cultural en Quer\u00e9taro gracias a su propuesta art\u00edstica diversa y de alta calidad. El concierto de clausura promete ser una velada inolvidable que reafirmar\u00e1 el compromiso de la orquesta con la excelencia musical.<\/p>\n<\/p>\n<p>&nbsp;<\/p>\n<p style=\"text-align: justify;\" data-sourcepos=\"15:1-15:423\">El Concierto n\u00famero 1 para piano y orquesta es una obra maestra llena de energ\u00eda, lirismo y dramatismo que cautivar\u00e1 al p\u00fablico. Por su parte, la Suite del ballet <strong>&#8220;El lago de los cisnes&#8221;<\/strong>, con su melod\u00eda inconfundible y orquestaci\u00f3n sublime, transportar\u00e1 a los asistentes al m\u00e1gico mundo de la princesa Odette y su tr\u00e1gico destino, desde la delicadeza de los movimientos de los cisnes hasta los momentos de profunda emoci\u00f3n.<\/p>\n<\/p>\n<p>&nbsp;<\/p>\n<p style=\"text-align: justify;\" data-sourcepos=\"17:1-17:453\">Los boletos para este imperdible concierto est\u00e1n disponibles en l\u00ednea a trav\u00e9s del enlace <a target=\"_blank\" rel=\"noopener\">https:\/\/filarmonicadequeretaro.pagatusboletos.com\/venta\/es\/entradas-musica-clausura-primera-temporada-2025<\/a> y en puntos de venta f\u00edsicos ubicados en la Asociaci\u00f3n M\u00e9dica del Hospital \u00c1ngeles de Quer\u00e9taro (de 9:00 a 17:00 horas) y en Manuel Altamirano norte n\u00famero 18, Centro Hist\u00f3rico de Quer\u00e9taro (de 9:00 a 15:00 horas).<\/p>\n<\/p>\n<p>&nbsp;<\/p>\n<p style=\"text-align: center;\" data-sourcepos=\"17:1-17:453\"><em><strong>\u00a1Informaci\u00f3n que transforma!<\/strong><\/em><\/p>\n","protected":false},"excerpt":{"rendered":"<p>La Orquesta Filarm\u00f3nica del Estado de Quer\u00e9taro (OFEQ), bajo la batuta del maestro Mark Kadin, ofrecer\u00e1 un cierre espectacular a su primera temporada de conciertos 2025 este 9 de abril en el Teatro Metropolitano.<\/p>\n","protected":false},"author":3,"featured_media":13888,"comment_status":"open","ping_status":"open","sticky":false,"template":"","format":"standard","meta":{"footnotes":""},"categories":[50,58],"tags":[2249,4048,2248,4047],"class_list":["post-13887","post","type-post","status-publish","format-standard","has-post-thumbnail","hentry","category-espectaculos","category-ultima-hora","tag-conciertoqueretaro","tag-ellagodeloscisnes","tag-ofeq","tag-tchaikovsky"],"yoast_head":"<!-- This site is optimized with the Yoast SEO plugin v25.0 - https:\/\/yoast.com\/wordpress\/plugins\/seo\/ -->\n<title>Concierto estelar la OFEQ y pianista Ruso celebran a Tchaikovsky en el Metropolitano | Nexo Informativo Santiago de Quer\u00e9taro<\/title>\n<meta name=\"description\" content=\"Concierto estelar la OFEQ y pianista Ruso celebran a Tchaikovsky en el Metropolitano\" \/>\n<meta name=\"robots\" content=\"index, follow, max-snippet:-1, max-image-preview:large, max-video-preview:-1\" \/>\n<link rel=\"canonical\" href=\"https:\/\/www.nexoinformativo.mx\/index.php\/2025\/04\/08\/concierto-estelar-la-ofeq-y-pianista-ruso-celebran-a-tchaikovsky-en-el-metropolitano\/\" \/>\n<meta property=\"og:locale\" content=\"es_MX\" \/>\n<meta property=\"og:type\" content=\"article\" \/>\n<meta property=\"og:title\" content=\"Concierto estelar la OFEQ y pianista Ruso celebran a Tchaikovsky en el Metropolitano | Nexo Informativo Santiago de Quer\u00e9taro\" \/>\n<meta property=\"og:description\" content=\"Concierto estelar la OFEQ y pianista Ruso celebran a Tchaikovsky en el Metropolitano\" \/>\n<meta property=\"og:url\" content=\"https:\/\/www.nexoinformativo.mx\/index.php\/2025\/04\/08\/concierto-estelar-la-ofeq-y-pianista-ruso-celebran-a-tchaikovsky-en-el-metropolitano\/\" \/>\n<meta property=\"og:site_name\" content=\"Nexo Informativo Santiago de Quer\u00e9taro\" \/>\n<meta property=\"article:publisher\" content=\"https:\/\/www.facebook.com\/people\/Nexo-Informativo\/61564066885511\/\" \/>\n<meta property=\"article:published_time\" content=\"2025-04-08T20:00:32+00:00\" \/>\n<meta property=\"article:modified_time\" content=\"2025-04-08T21:13:14+00:00\" \/>\n<meta property=\"og:image\" content=\"https:\/\/www.nexoinformativo.mx\/wp-content\/uploads\/2025\/04\/PHOTO-2025-04-08-15-02-54-e1744146746718.jpg\" \/>\n\t<meta property=\"og:image:width\" content=\"800\" \/>\n\t<meta property=\"og:image:height\" content=\"544\" \/>\n\t<meta property=\"og:image:type\" content=\"image\/jpeg\" \/>\n<meta name=\"author\" content=\"Nexo Informativo\" \/>\n<meta name=\"twitter:card\" content=\"summary_large_image\" \/>\n<meta name=\"twitter:label1\" content=\"Escrito por\" \/>\n\t<meta name=\"twitter:data1\" content=\"Nexo Informativo\" \/>\n\t<meta name=\"twitter:label2\" content=\"Tiempo de lectura\" \/>\n\t<meta name=\"twitter:data2\" content=\"2 minutos\" \/>\n<script type=\"application\/ld+json\" class=\"yoast-schema-graph\">{\"@context\":\"https:\/\/schema.org\",\"@graph\":[{\"@type\":\"Article\",\"@id\":\"https:\/\/www.nexoinformativo.mx\/index.php\/2025\/04\/08\/concierto-estelar-la-ofeq-y-pianista-ruso-celebran-a-tchaikovsky-en-el-metropolitano\/#article\",\"isPartOf\":{\"@id\":\"https:\/\/www.nexoinformativo.mx\/index.php\/2025\/04\/08\/concierto-estelar-la-ofeq-y-pianista-ruso-celebran-a-tchaikovsky-en-el-metropolitano\/\"},\"author\":{\"name\":\"Nexo Informativo\",\"@id\":\"https:\/\/www.nexoinformativo.mx\/#\/schema\/person\/7749d380ba08c8ca00d7bc76fd907b7d\"},\"headline\":\"Concierto estelar la OFEQ y pianista Ruso celebran a Tchaikovsky en el Metropolitano\",\"datePublished\":\"2025-04-08T20:00:32+00:00\",\"dateModified\":\"2025-04-08T21:13:14+00:00\",\"mainEntityOfPage\":{\"@id\":\"https:\/\/www.nexoinformativo.mx\/index.php\/2025\/04\/08\/concierto-estelar-la-ofeq-y-pianista-ruso-celebran-a-tchaikovsky-en-el-metropolitano\/\"},\"wordCount\":281,\"commentCount\":0,\"publisher\":{\"@id\":\"https:\/\/www.nexoinformativo.mx\/#organization\"},\"image\":{\"@id\":\"https:\/\/www.nexoinformativo.mx\/index.php\/2025\/04\/08\/concierto-estelar-la-ofeq-y-pianista-ruso-celebran-a-tchaikovsky-en-el-metropolitano\/#primaryimage\"},\"thumbnailUrl\":\"https:\/\/www.nexoinformativo.mx\/wp-content\/uploads\/2025\/04\/PHOTO-2025-04-08-15-02-54-e1744146746718.jpg\",\"keywords\":[\"ConciertoQuer\u00e9taro\",\"ElLagoDeLosCisnes\",\"OFEQ\",\"Tchaikovsky\"],\"articleSection\":[\"Espect\u00e1culos\",\"\u00daltima Hora\"],\"inLanguage\":\"es\",\"potentialAction\":[{\"@type\":\"CommentAction\",\"name\":\"Comment\",\"target\":[\"https:\/\/www.nexoinformativo.mx\/index.php\/2025\/04\/08\/concierto-estelar-la-ofeq-y-pianista-ruso-celebran-a-tchaikovsky-en-el-metropolitano\/#respond\"]}]},{\"@type\":\"WebPage\",\"@id\":\"https:\/\/www.nexoinformativo.mx\/index.php\/2025\/04\/08\/concierto-estelar-la-ofeq-y-pianista-ruso-celebran-a-tchaikovsky-en-el-metropolitano\/\",\"url\":\"https:\/\/www.nexoinformativo.mx\/index.php\/2025\/04\/08\/concierto-estelar-la-ofeq-y-pianista-ruso-celebran-a-tchaikovsky-en-el-metropolitano\/\",\"name\":\"Concierto estelar la OFEQ y pianista Ruso celebran a Tchaikovsky en el Metropolitano | Nexo Informativo Santiago de Quer\u00e9taro\",\"isPartOf\":{\"@id\":\"https:\/\/www.nexoinformativo.mx\/#website\"},\"primaryImageOfPage\":{\"@id\":\"https:\/\/www.nexoinformativo.mx\/index.php\/2025\/04\/08\/concierto-estelar-la-ofeq-y-pianista-ruso-celebran-a-tchaikovsky-en-el-metropolitano\/#primaryimage\"},\"image\":{\"@id\":\"https:\/\/www.nexoinformativo.mx\/index.php\/2025\/04\/08\/concierto-estelar-la-ofeq-y-pianista-ruso-celebran-a-tchaikovsky-en-el-metropolitano\/#primaryimage\"},\"thumbnailUrl\":\"https:\/\/www.nexoinformativo.mx\/wp-content\/uploads\/2025\/04\/PHOTO-2025-04-08-15-02-54-e1744146746718.jpg\",\"datePublished\":\"2025-04-08T20:00:32+00:00\",\"dateModified\":\"2025-04-08T21:13:14+00:00\",\"description\":\"Concierto estelar la OFEQ y pianista Ruso celebran a Tchaikovsky en el Metropolitano\",\"breadcrumb\":{\"@id\":\"https:\/\/www.nexoinformativo.mx\/index.php\/2025\/04\/08\/concierto-estelar-la-ofeq-y-pianista-ruso-celebran-a-tchaikovsky-en-el-metropolitano\/#breadcrumb\"},\"inLanguage\":\"es\",\"potentialAction\":[{\"@type\":\"ReadAction\",\"target\":[\"https:\/\/www.nexoinformativo.mx\/index.php\/2025\/04\/08\/concierto-estelar-la-ofeq-y-pianista-ruso-celebran-a-tchaikovsky-en-el-metropolitano\/\"]}]},{\"@type\":\"ImageObject\",\"inLanguage\":\"es\",\"@id\":\"https:\/\/www.nexoinformativo.mx\/index.php\/2025\/04\/08\/concierto-estelar-la-ofeq-y-pianista-ruso-celebran-a-tchaikovsky-en-el-metropolitano\/#primaryimage\",\"url\":\"https:\/\/www.nexoinformativo.mx\/wp-content\/uploads\/2025\/04\/PHOTO-2025-04-08-15-02-54-e1744146746718.jpg\",\"contentUrl\":\"https:\/\/www.nexoinformativo.mx\/wp-content\/uploads\/2025\/04\/PHOTO-2025-04-08-15-02-54-e1744146746718.jpg\",\"width\":800,\"height\":544},{\"@type\":\"BreadcrumbList\",\"@id\":\"https:\/\/www.nexoinformativo.mx\/index.php\/2025\/04\/08\/concierto-estelar-la-ofeq-y-pianista-ruso-celebran-a-tchaikovsky-en-el-metropolitano\/#breadcrumb\",\"itemListElement\":[{\"@type\":\"ListItem\",\"position\":1,\"name\":\"Inicio\",\"item\":\"https:\/\/www.nexoinformativo.mx\/\"},{\"@type\":\"ListItem\",\"position\":2,\"name\":\"Concierto estelar la OFEQ y pianista Ruso celebran a Tchaikovsky en el Metropolitano\"}]},{\"@type\":\"WebSite\",\"@id\":\"https:\/\/www.nexoinformativo.mx\/#website\",\"url\":\"https:\/\/www.nexoinformativo.mx\/\",\"name\":\"Nexo Informativo Santiago de Quer\u00e9taro\",\"description\":\"Explora NexoInformativo y convi\u00e9rtete en parte de una comunidad que valora el conocimiento y la verdad. Tu nexoinformativo es tu puente hacia una comprensi\u00f3n m\u00e1s profunda del mundo que te rodea.\",\"publisher\":{\"@id\":\"https:\/\/www.nexoinformativo.mx\/#organization\"},\"potentialAction\":[{\"@type\":\"SearchAction\",\"target\":{\"@type\":\"EntryPoint\",\"urlTemplate\":\"https:\/\/www.nexoinformativo.mx\/?s={search_term_string}\"},\"query-input\":{\"@type\":\"PropertyValueSpecification\",\"valueRequired\":true,\"valueName\":\"search_term_string\"}}],\"inLanguage\":\"es\"},{\"@type\":\"Organization\",\"@id\":\"https:\/\/www.nexoinformativo.mx\/#organization\",\"name\":\"Nexo Informativo Santiago de Quer\u00e9taro\",\"url\":\"https:\/\/www.nexoinformativo.mx\/\",\"logo\":{\"@type\":\"ImageObject\",\"inLanguage\":\"es\",\"@id\":\"https:\/\/www.nexoinformativo.mx\/#\/schema\/logo\/image\/\",\"url\":\"https:\/\/www.nexoinformativo.mx\/wp-content\/uploads\/2024\/07\/nexoi-trasparente-2.png\",\"contentUrl\":\"https:\/\/www.nexoinformativo.mx\/wp-content\/uploads\/2024\/07\/nexoi-trasparente-2.png\",\"width\":816,\"height\":339,\"caption\":\"Nexo Informativo Santiago de Quer\u00e9taro\"},\"image\":{\"@id\":\"https:\/\/www.nexoinformativo.mx\/#\/schema\/logo\/image\/\"},\"sameAs\":[\"https:\/\/www.facebook.com\/people\/Nexo-Informativo\/61564066885511\/\"]},{\"@type\":\"Person\",\"@id\":\"https:\/\/www.nexoinformativo.mx\/#\/schema\/person\/7749d380ba08c8ca00d7bc76fd907b7d\",\"name\":\"Nexo Informativo\",\"image\":{\"@type\":\"ImageObject\",\"inLanguage\":\"es\",\"@id\":\"https:\/\/www.nexoinformativo.mx\/#\/schema\/person\/image\/\",\"url\":\"https:\/\/secure.gravatar.com\/avatar\/dde2928154642a13d95f87ddf1ea9718fe2b46760a005c53e41ff5ad610704e6?s=96&d=mm&r=g\",\"contentUrl\":\"https:\/\/secure.gravatar.com\/avatar\/dde2928154642a13d95f87ddf1ea9718fe2b46760a005c53e41ff5ad610704e6?s=96&d=mm&r=g\",\"caption\":\"Nexo Informativo\"},\"url\":\"https:\/\/www.nexoinformativo.mx\/index.php\/author\/edicion\/\"}]}<\/script>\n<!-- \/ Yoast SEO plugin. -->","yoast_head_json":{"title":"Concierto estelar la OFEQ y pianista Ruso celebran a Tchaikovsky en el Metropolitano | Nexo Informativo Santiago de Quer\u00e9taro","description":"Concierto estelar la OFEQ y pianista Ruso celebran a Tchaikovsky en el Metropolitano","robots":{"index":"index","follow":"follow","max-snippet":"max-snippet:-1","max-image-preview":"max-image-preview:large","max-video-preview":"max-video-preview:-1"},"canonical":"https:\/\/www.nexoinformativo.mx\/index.php\/2025\/04\/08\/concierto-estelar-la-ofeq-y-pianista-ruso-celebran-a-tchaikovsky-en-el-metropolitano\/","og_locale":"es_MX","og_type":"article","og_title":"Concierto estelar la OFEQ y pianista Ruso celebran a Tchaikovsky en el Metropolitano | Nexo Informativo Santiago de Quer\u00e9taro","og_description":"Concierto estelar la OFEQ y pianista Ruso celebran a Tchaikovsky en el Metropolitano","og_url":"https:\/\/www.nexoinformativo.mx\/index.php\/2025\/04\/08\/concierto-estelar-la-ofeq-y-pianista-ruso-celebran-a-tchaikovsky-en-el-metropolitano\/","og_site_name":"Nexo Informativo Santiago de Quer\u00e9taro","article_publisher":"https:\/\/www.facebook.com\/people\/Nexo-Informativo\/61564066885511\/","article_published_time":"2025-04-08T20:00:32+00:00","article_modified_time":"2025-04-08T21:13:14+00:00","og_image":[{"width":800,"height":544,"url":"https:\/\/www.nexoinformativo.mx\/wp-content\/uploads\/2025\/04\/PHOTO-2025-04-08-15-02-54-e1744146746718.jpg","type":"image\/jpeg"}],"author":"Nexo Informativo","twitter_card":"summary_large_image","twitter_misc":{"Escrito por":"Nexo Informativo","Tiempo de lectura":"2 minutos"},"schema":{"@context":"https:\/\/schema.org","@graph":[{"@type":"Article","@id":"https:\/\/www.nexoinformativo.mx\/index.php\/2025\/04\/08\/concierto-estelar-la-ofeq-y-pianista-ruso-celebran-a-tchaikovsky-en-el-metropolitano\/#article","isPartOf":{"@id":"https:\/\/www.nexoinformativo.mx\/index.php\/2025\/04\/08\/concierto-estelar-la-ofeq-y-pianista-ruso-celebran-a-tchaikovsky-en-el-metropolitano\/"},"author":{"name":"Nexo Informativo","@id":"https:\/\/www.nexoinformativo.mx\/#\/schema\/person\/7749d380ba08c8ca00d7bc76fd907b7d"},"headline":"Concierto estelar la OFEQ y pianista Ruso celebran a Tchaikovsky en el Metropolitano","datePublished":"2025-04-08T20:00:32+00:00","dateModified":"2025-04-08T21:13:14+00:00","mainEntityOfPage":{"@id":"https:\/\/www.nexoinformativo.mx\/index.php\/2025\/04\/08\/concierto-estelar-la-ofeq-y-pianista-ruso-celebran-a-tchaikovsky-en-el-metropolitano\/"},"wordCount":281,"commentCount":0,"publisher":{"@id":"https:\/\/www.nexoinformativo.mx\/#organization"},"image":{"@id":"https:\/\/www.nexoinformativo.mx\/index.php\/2025\/04\/08\/concierto-estelar-la-ofeq-y-pianista-ruso-celebran-a-tchaikovsky-en-el-metropolitano\/#primaryimage"},"thumbnailUrl":"https:\/\/www.nexoinformativo.mx\/wp-content\/uploads\/2025\/04\/PHOTO-2025-04-08-15-02-54-e1744146746718.jpg","keywords":["ConciertoQuer\u00e9taro","ElLagoDeLosCisnes","OFEQ","Tchaikovsky"],"articleSection":["Espect\u00e1culos","\u00daltima Hora"],"inLanguage":"es","potentialAction":[{"@type":"CommentAction","name":"Comment","target":["https:\/\/www.nexoinformativo.mx\/index.php\/2025\/04\/08\/concierto-estelar-la-ofeq-y-pianista-ruso-celebran-a-tchaikovsky-en-el-metropolitano\/#respond"]}]},{"@type":"WebPage","@id":"https:\/\/www.nexoinformativo.mx\/index.php\/2025\/04\/08\/concierto-estelar-la-ofeq-y-pianista-ruso-celebran-a-tchaikovsky-en-el-metropolitano\/","url":"https:\/\/www.nexoinformativo.mx\/index.php\/2025\/04\/08\/concierto-estelar-la-ofeq-y-pianista-ruso-celebran-a-tchaikovsky-en-el-metropolitano\/","name":"Concierto estelar la OFEQ y pianista Ruso celebran a Tchaikovsky en el Metropolitano | Nexo Informativo Santiago de Quer\u00e9taro","isPartOf":{"@id":"https:\/\/www.nexoinformativo.mx\/#website"},"primaryImageOfPage":{"@id":"https:\/\/www.nexoinformativo.mx\/index.php\/2025\/04\/08\/concierto-estelar-la-ofeq-y-pianista-ruso-celebran-a-tchaikovsky-en-el-metropolitano\/#primaryimage"},"image":{"@id":"https:\/\/www.nexoinformativo.mx\/index.php\/2025\/04\/08\/concierto-estelar-la-ofeq-y-pianista-ruso-celebran-a-tchaikovsky-en-el-metropolitano\/#primaryimage"},"thumbnailUrl":"https:\/\/www.nexoinformativo.mx\/wp-content\/uploads\/2025\/04\/PHOTO-2025-04-08-15-02-54-e1744146746718.jpg","datePublished":"2025-04-08T20:00:32+00:00","dateModified":"2025-04-08T21:13:14+00:00","description":"Concierto estelar la OFEQ y pianista Ruso celebran a Tchaikovsky en el Metropolitano","breadcrumb":{"@id":"https:\/\/www.nexoinformativo.mx\/index.php\/2025\/04\/08\/concierto-estelar-la-ofeq-y-pianista-ruso-celebran-a-tchaikovsky-en-el-metropolitano\/#breadcrumb"},"inLanguage":"es","potentialAction":[{"@type":"ReadAction","target":["https:\/\/www.nexoinformativo.mx\/index.php\/2025\/04\/08\/concierto-estelar-la-ofeq-y-pianista-ruso-celebran-a-tchaikovsky-en-el-metropolitano\/"]}]},{"@type":"ImageObject","inLanguage":"es","@id":"https:\/\/www.nexoinformativo.mx\/index.php\/2025\/04\/08\/concierto-estelar-la-ofeq-y-pianista-ruso-celebran-a-tchaikovsky-en-el-metropolitano\/#primaryimage","url":"https:\/\/www.nexoinformativo.mx\/wp-content\/uploads\/2025\/04\/PHOTO-2025-04-08-15-02-54-e1744146746718.jpg","contentUrl":"https:\/\/www.nexoinformativo.mx\/wp-content\/uploads\/2025\/04\/PHOTO-2025-04-08-15-02-54-e1744146746718.jpg","width":800,"height":544},{"@type":"BreadcrumbList","@id":"https:\/\/www.nexoinformativo.mx\/index.php\/2025\/04\/08\/concierto-estelar-la-ofeq-y-pianista-ruso-celebran-a-tchaikovsky-en-el-metropolitano\/#breadcrumb","itemListElement":[{"@type":"ListItem","position":1,"name":"Inicio","item":"https:\/\/www.nexoinformativo.mx\/"},{"@type":"ListItem","position":2,"name":"Concierto estelar la OFEQ y pianista Ruso celebran a Tchaikovsky en el Metropolitano"}]},{"@type":"WebSite","@id":"https:\/\/www.nexoinformativo.mx\/#website","url":"https:\/\/www.nexoinformativo.mx\/","name":"Nexo Informativo Santiago de Quer\u00e9taro","description":"Explora NexoInformativo y convi\u00e9rtete en parte de una comunidad que valora el conocimiento y la verdad. Tu nexoinformativo es tu puente hacia una comprensi\u00f3n m\u00e1s profunda del mundo que te rodea.","publisher":{"@id":"https:\/\/www.nexoinformativo.mx\/#organization"},"potentialAction":[{"@type":"SearchAction","target":{"@type":"EntryPoint","urlTemplate":"https:\/\/www.nexoinformativo.mx\/?s={search_term_string}"},"query-input":{"@type":"PropertyValueSpecification","valueRequired":true,"valueName":"search_term_string"}}],"inLanguage":"es"},{"@type":"Organization","@id":"https:\/\/www.nexoinformativo.mx\/#organization","name":"Nexo Informativo Santiago de Quer\u00e9taro","url":"https:\/\/www.nexoinformativo.mx\/","logo":{"@type":"ImageObject","inLanguage":"es","@id":"https:\/\/www.nexoinformativo.mx\/#\/schema\/logo\/image\/","url":"https:\/\/www.nexoinformativo.mx\/wp-content\/uploads\/2024\/07\/nexoi-trasparente-2.png","contentUrl":"https:\/\/www.nexoinformativo.mx\/wp-content\/uploads\/2024\/07\/nexoi-trasparente-2.png","width":816,"height":339,"caption":"Nexo Informativo Santiago de Quer\u00e9taro"},"image":{"@id":"https:\/\/www.nexoinformativo.mx\/#\/schema\/logo\/image\/"},"sameAs":["https:\/\/www.facebook.com\/people\/Nexo-Informativo\/61564066885511\/"]},{"@type":"Person","@id":"https:\/\/www.nexoinformativo.mx\/#\/schema\/person\/7749d380ba08c8ca00d7bc76fd907b7d","name":"Nexo Informativo","image":{"@type":"ImageObject","inLanguage":"es","@id":"https:\/\/www.nexoinformativo.mx\/#\/schema\/person\/image\/","url":"https:\/\/secure.gravatar.com\/avatar\/dde2928154642a13d95f87ddf1ea9718fe2b46760a005c53e41ff5ad610704e6?s=96&d=mm&r=g","contentUrl":"https:\/\/secure.gravatar.com\/avatar\/dde2928154642a13d95f87ddf1ea9718fe2b46760a005c53e41ff5ad610704e6?s=96&d=mm&r=g","caption":"Nexo Informativo"},"url":"https:\/\/www.nexoinformativo.mx\/index.php\/author\/edicion\/"}]}},"_links":{"self":[{"href":"https:\/\/www.nexoinformativo.mx\/index.php\/wp-json\/wp\/v2\/posts\/13887","targetHints":{"allow":["GET"]}}],"collection":[{"href":"https:\/\/www.nexoinformativo.mx\/index.php\/wp-json\/wp\/v2\/posts"}],"about":[{"href":"https:\/\/www.nexoinformativo.mx\/index.php\/wp-json\/wp\/v2\/types\/post"}],"author":[{"embeddable":true,"href":"https:\/\/www.nexoinformativo.mx\/index.php\/wp-json\/wp\/v2\/users\/3"}],"replies":[{"embeddable":true,"href":"https:\/\/www.nexoinformativo.mx\/index.php\/wp-json\/wp\/v2\/comments?post=13887"}],"version-history":[{"count":3,"href":"https:\/\/www.nexoinformativo.mx\/index.php\/wp-json\/wp\/v2\/posts\/13887\/revisions"}],"predecessor-version":[{"id":13891,"href":"https:\/\/www.nexoinformativo.mx\/index.php\/wp-json\/wp\/v2\/posts\/13887\/revisions\/13891"}],"wp:featuredmedia":[{"embeddable":true,"href":"https:\/\/www.nexoinformativo.mx\/index.php\/wp-json\/wp\/v2\/media\/13888"}],"wp:attachment":[{"href":"https:\/\/www.nexoinformativo.mx\/index.php\/wp-json\/wp\/v2\/media?parent=13887"}],"wp:term":[{"taxonomy":"category","embeddable":true,"href":"https:\/\/www.nexoinformativo.mx\/index.php\/wp-json\/wp\/v2\/categories?post=13887"},{"taxonomy":"post_tag","embeddable":true,"href":"https:\/\/www.nexoinformativo.mx\/index.php\/wp-json\/wp\/v2\/tags?post=13887"}],"curies":[{"name":"wp","href":"https:\/\/api.w.org\/{rel}","templated":true}]}}