{"id":13904,"date":"2025-04-09T08:00:30","date_gmt":"2025-04-09T14:00:30","guid":{"rendered":"https:\/\/www.nexoinformativo.mx\/?p=13904"},"modified":"2025-04-09T11:09:26","modified_gmt":"2025-04-09T17:09:26","slug":"mexico-lidera-en-celac-canciller-mexicano-exige-unidad-y-creatividad-diplomatica-en-honduras","status":"publish","type":"post","link":"https:\/\/www.nexoinformativo.mx\/index.php\/2025\/04\/09\/mexico-lidera-en-celac-canciller-mexicano-exige-unidad-y-creatividad-diplomatica-en-honduras\/","title":{"rendered":"M\u00e9xico lidera en CELAC canciller mexicano exige unidad y creatividad diplom\u00e1tica en Honduras"},"content":{"rendered":"<p style=\"text-align: justify;\" data-sourcepos=\"11:1-11:326\">El canciller de M\u00e9xico, Juan Ram\u00f3n de la Fuente, hizo un en\u00e9rgico llamado a los pa\u00edses de Am\u00e9rica Latina y el Caribe a construir acuerdos con urgencia, destacando la necesidad de actuar con creatividad diplom\u00e1tica y determinaci\u00f3n en beneficio de sus pueblos ante el complejo contexto global.<\/p>\n<p>&nbsp;<\/p>\n<p style=\"text-align: justify;\" data-sourcepos=\"13:1-13:399\">Durante su participaci\u00f3n en el encuentro de ministras y ministros de Relaciones Exteriores de la <strong>IX Cumbre de la Comunidad de Estados Latinoamericanos y Caribe\u00f1os<\/strong> (CELAC) en Tegucigalpa, Honduras.<\/p>\n<\/p>\n<p>&nbsp;<\/p>\n<p style=\"text-align: justify;\" data-sourcepos=\"13:1-13:399\">De la Fuente asegur\u00f3 que son tiempos cruciales para tomar decisiones y actuar con una perspectiva pragm\u00e1tica, apostando por el di\u00e1logo pol\u00edtico y el debate para superar diferencias y alcanzar consensos.<\/p>\n<p>&nbsp;<\/p>\n<p style=\"text-align: justify;\" data-sourcepos=\"15:1-15:353\">El canciller mexicano subray\u00f3 que, si bien M\u00e9xico reconoce la diversidad de la regi\u00f3n y las distintas visiones pol\u00edticas y econ\u00f3micas de sus gobiernos, es imperativo actuar colectivamente para enfrentar los desaf\u00edos comunes.<\/p>\n<p>&nbsp;<\/p>\n<p style=\"text-align: justify;\" data-sourcepos=\"15:1-15:353\">&#8220;Son tiempos para tomar decisiones y actuar. No hacerlo dejar\u00eda a la regi\u00f3n en una situaci\u00f3n de mayor vulnerabilidad&#8221;, advirti\u00f3.<\/p>\n<p>&nbsp;<\/p>\n<p style=\"text-align: justify;\" data-sourcepos=\"17:1-17:257\">De la Fuente enfatiz\u00f3 que la diplomacia actual requiere una profunda dimensi\u00f3n humanista, colocando a las personas en el centro de sus objetivos y prioridades, trabajando por una sociedad inclusiva donde la igualdad y la dignidad sean pilares fundamentales.<\/p>\n<p>&nbsp;<\/p>\n<p style=\"text-align: justify;\" data-sourcepos=\"19:1-19:310\">Ante sus hom\u00f3logos, el canciller destac\u00f3 el liderazgo de la presidenta Claudia Sheinbaum y el avance de M\u00e9xico hacia una transformaci\u00f3n profunda, impulsando una pol\u00edtica exterior feminista y rechazando cualquier medida coercitiva unilateral, exigiendo respeto a la autodeterminaci\u00f3n y soberan\u00eda de cada naci\u00f3n.<\/p>\n<p>&nbsp;<\/p>\n<p style=\"text-align: justify;\" data-sourcepos=\"21:1-21:320\">Finalmente, felicit\u00f3 a Honduras por su gesti\u00f3n al frente de la CELAC y dio la bienvenida a Colombia como nuevo presidente<\/p>\n<p>&nbsp;<\/p>\n<p style=\"text-align: center;\" data-sourcepos=\"21:1-21:320\"><em><strong>\u00a1Informaci\u00f3n que transforma!<\/strong><\/em><\/p>\n<p data-sourcepos=\"21:1-21:320\">\n","protected":false},"excerpt":{"rendered":"<p>El canciller de M\u00e9xico, Juan Ram\u00f3n de la Fuente, hizo un en\u00e9rgico llamado a los pa\u00edses de Am\u00e9rica Latina y el Caribe a construir acuerdos con urgencia, destacando la necesidad de actuar con creatividad diplom\u00e1tica y determinaci\u00f3n en beneficio de sus pueblos ante el complejo contexto global.<\/p>\n","protected":false},"author":3,"featured_media":13905,"comment_status":"open","ping_status":"open","sticky":false,"template":"","format":"standard","meta":{"footnotes":""},"categories":[88,58],"tags":[3158,4053,1637,4054],"class_list":["post-13904","post","type-post","status-publish","format-standard","has-post-thumbnail","hentry","category-nacional","category-ultima-hora","tag-americalatina","tag-celac","tag-juanramondelafuente","tag-mexicoencelac"],"yoast_head":"<!-- This site is optimized with the Yoast SEO plugin v25.0 - https:\/\/yoast.com\/wordpress\/plugins\/seo\/ -->\n<title>M\u00e9xico lidera en CELAC canciller mexicano exige unidad y creatividad diplom\u00e1tica en Honduras | Nexo Informativo Santiago de Quer\u00e9taro<\/title>\n<meta name=\"description\" content=\"M\u00e9xico lidera en CELAC canciller mexicano exige unidad y creatividad diplom\u00e1tica en Honduras\" \/>\n<meta name=\"robots\" content=\"index, follow, max-snippet:-1, max-image-preview:large, max-video-preview:-1\" \/>\n<link rel=\"canonical\" href=\"https:\/\/www.nexoinformativo.mx\/index.php\/2025\/04\/09\/mexico-lidera-en-celac-canciller-mexicano-exige-unidad-y-creatividad-diplomatica-en-honduras\/\" \/>\n<meta property=\"og:locale\" content=\"es_MX\" \/>\n<meta property=\"og:type\" content=\"article\" \/>\n<meta property=\"og:title\" content=\"M\u00e9xico lidera en CELAC canciller mexicano exige unidad y creatividad diplom\u00e1tica en Honduras | Nexo Informativo Santiago de Quer\u00e9taro\" \/>\n<meta property=\"og:description\" content=\"M\u00e9xico lidera en CELAC canciller mexicano exige unidad y creatividad diplom\u00e1tica en Honduras\" \/>\n<meta property=\"og:url\" content=\"https:\/\/www.nexoinformativo.mx\/index.php\/2025\/04\/09\/mexico-lidera-en-celac-canciller-mexicano-exige-unidad-y-creatividad-diplomatica-en-honduras\/\" \/>\n<meta property=\"og:site_name\" content=\"Nexo Informativo Santiago de Quer\u00e9taro\" \/>\n<meta property=\"article:publisher\" content=\"https:\/\/www.facebook.com\/people\/Nexo-Informativo\/61564066885511\/\" \/>\n<meta property=\"article:published_time\" content=\"2025-04-09T14:00:30+00:00\" \/>\n<meta property=\"article:modified_time\" content=\"2025-04-09T17:09:26+00:00\" \/>\n<meta property=\"og:image\" content=\"https:\/\/www.nexoinformativo.mx\/wp-content\/uploads\/2025\/04\/IMG_2175-e1744218505736.jpg\" \/>\n\t<meta property=\"og:image:width\" content=\"800\" \/>\n\t<meta property=\"og:image:height\" content=\"560\" \/>\n\t<meta property=\"og:image:type\" content=\"image\/jpeg\" \/>\n<meta name=\"author\" content=\"Nexo Informativo\" \/>\n<meta name=\"twitter:card\" content=\"summary_large_image\" \/>\n<meta name=\"twitter:label1\" content=\"Escrito por\" \/>\n\t<meta name=\"twitter:data1\" content=\"Nexo Informativo\" \/>\n\t<meta name=\"twitter:label2\" content=\"Tiempo de lectura\" \/>\n\t<meta name=\"twitter:data2\" content=\"2 minutos\" \/>\n<script type=\"application\/ld+json\" class=\"yoast-schema-graph\">{\"@context\":\"https:\/\/schema.org\",\"@graph\":[{\"@type\":\"Article\",\"@id\":\"https:\/\/www.nexoinformativo.mx\/index.php\/2025\/04\/09\/mexico-lidera-en-celac-canciller-mexicano-exige-unidad-y-creatividad-diplomatica-en-honduras\/#article\",\"isPartOf\":{\"@id\":\"https:\/\/www.nexoinformativo.mx\/index.php\/2025\/04\/09\/mexico-lidera-en-celac-canciller-mexicano-exige-unidad-y-creatividad-diplomatica-en-honduras\/\"},\"author\":{\"name\":\"Nexo Informativo\",\"@id\":\"https:\/\/www.nexoinformativo.mx\/#\/schema\/person\/7749d380ba08c8ca00d7bc76fd907b7d\"},\"headline\":\"M\u00e9xico lidera en CELAC canciller mexicano exige unidad y creatividad diplom\u00e1tica en Honduras\",\"datePublished\":\"2025-04-09T14:00:30+00:00\",\"dateModified\":\"2025-04-09T17:09:26+00:00\",\"mainEntityOfPage\":{\"@id\":\"https:\/\/www.nexoinformativo.mx\/index.php\/2025\/04\/09\/mexico-lidera-en-celac-canciller-mexicano-exige-unidad-y-creatividad-diplomatica-en-honduras\/\"},\"wordCount\":319,\"commentCount\":0,\"publisher\":{\"@id\":\"https:\/\/www.nexoinformativo.mx\/#organization\"},\"image\":{\"@id\":\"https:\/\/www.nexoinformativo.mx\/index.php\/2025\/04\/09\/mexico-lidera-en-celac-canciller-mexicano-exige-unidad-y-creatividad-diplomatica-en-honduras\/#primaryimage\"},\"thumbnailUrl\":\"https:\/\/www.nexoinformativo.mx\/wp-content\/uploads\/2025\/04\/IMG_2175-e1744218505736.jpg\",\"keywords\":[\"Am\u00e9ricaLatina\",\"CELAC\",\"JuanRam\u00f3nDeLaFuente\",\"M\u00e9xicoEnCELAC\"],\"articleSection\":[\"Nacional\",\"\u00daltima Hora\"],\"inLanguage\":\"es\",\"potentialAction\":[{\"@type\":\"CommentAction\",\"name\":\"Comment\",\"target\":[\"https:\/\/www.nexoinformativo.mx\/index.php\/2025\/04\/09\/mexico-lidera-en-celac-canciller-mexicano-exige-unidad-y-creatividad-diplomatica-en-honduras\/#respond\"]}]},{\"@type\":\"WebPage\",\"@id\":\"https:\/\/www.nexoinformativo.mx\/index.php\/2025\/04\/09\/mexico-lidera-en-celac-canciller-mexicano-exige-unidad-y-creatividad-diplomatica-en-honduras\/\",\"url\":\"https:\/\/www.nexoinformativo.mx\/index.php\/2025\/04\/09\/mexico-lidera-en-celac-canciller-mexicano-exige-unidad-y-creatividad-diplomatica-en-honduras\/\",\"name\":\"M\u00e9xico lidera en CELAC canciller mexicano exige unidad y creatividad diplom\u00e1tica en Honduras | Nexo Informativo Santiago de Quer\u00e9taro\",\"isPartOf\":{\"@id\":\"https:\/\/www.nexoinformativo.mx\/#website\"},\"primaryImageOfPage\":{\"@id\":\"https:\/\/www.nexoinformativo.mx\/index.php\/2025\/04\/09\/mexico-lidera-en-celac-canciller-mexicano-exige-unidad-y-creatividad-diplomatica-en-honduras\/#primaryimage\"},\"image\":{\"@id\":\"https:\/\/www.nexoinformativo.mx\/index.php\/2025\/04\/09\/mexico-lidera-en-celac-canciller-mexicano-exige-unidad-y-creatividad-diplomatica-en-honduras\/#primaryimage\"},\"thumbnailUrl\":\"https:\/\/www.nexoinformativo.mx\/wp-content\/uploads\/2025\/04\/IMG_2175-e1744218505736.jpg\",\"datePublished\":\"2025-04-09T14:00:30+00:00\",\"dateModified\":\"2025-04-09T17:09:26+00:00\",\"description\":\"M\u00e9xico lidera en CELAC canciller mexicano exige unidad y creatividad diplom\u00e1tica en Honduras\",\"breadcrumb\":{\"@id\":\"https:\/\/www.nexoinformativo.mx\/index.php\/2025\/04\/09\/mexico-lidera-en-celac-canciller-mexicano-exige-unidad-y-creatividad-diplomatica-en-honduras\/#breadcrumb\"},\"inLanguage\":\"es\",\"potentialAction\":[{\"@type\":\"ReadAction\",\"target\":[\"https:\/\/www.nexoinformativo.mx\/index.php\/2025\/04\/09\/mexico-lidera-en-celac-canciller-mexicano-exige-unidad-y-creatividad-diplomatica-en-honduras\/\"]}]},{\"@type\":\"ImageObject\",\"inLanguage\":\"es\",\"@id\":\"https:\/\/www.nexoinformativo.mx\/index.php\/2025\/04\/09\/mexico-lidera-en-celac-canciller-mexicano-exige-unidad-y-creatividad-diplomatica-en-honduras\/#primaryimage\",\"url\":\"https:\/\/www.nexoinformativo.mx\/wp-content\/uploads\/2025\/04\/IMG_2175-e1744218505736.jpg\",\"contentUrl\":\"https:\/\/www.nexoinformativo.mx\/wp-content\/uploads\/2025\/04\/IMG_2175-e1744218505736.jpg\",\"width\":800,\"height\":560},{\"@type\":\"BreadcrumbList\",\"@id\":\"https:\/\/www.nexoinformativo.mx\/index.php\/2025\/04\/09\/mexico-lidera-en-celac-canciller-mexicano-exige-unidad-y-creatividad-diplomatica-en-honduras\/#breadcrumb\",\"itemListElement\":[{\"@type\":\"ListItem\",\"position\":1,\"name\":\"Inicio\",\"item\":\"https:\/\/www.nexoinformativo.mx\/\"},{\"@type\":\"ListItem\",\"position\":2,\"name\":\"M\u00e9xico lidera en CELAC canciller mexicano exige unidad y creatividad diplom\u00e1tica en Honduras\"}]},{\"@type\":\"WebSite\",\"@id\":\"https:\/\/www.nexoinformativo.mx\/#website\",\"url\":\"https:\/\/www.nexoinformativo.mx\/\",\"name\":\"Nexo Informativo Santiago de Quer\u00e9taro\",\"description\":\"Explora NexoInformativo y convi\u00e9rtete en parte de una comunidad que valora el conocimiento y la verdad. Tu nexoinformativo es tu puente hacia una comprensi\u00f3n m\u00e1s profunda del mundo que te rodea.\",\"publisher\":{\"@id\":\"https:\/\/www.nexoinformativo.mx\/#organization\"},\"potentialAction\":[{\"@type\":\"SearchAction\",\"target\":{\"@type\":\"EntryPoint\",\"urlTemplate\":\"https:\/\/www.nexoinformativo.mx\/?s={search_term_string}\"},\"query-input\":{\"@type\":\"PropertyValueSpecification\",\"valueRequired\":true,\"valueName\":\"search_term_string\"}}],\"inLanguage\":\"es\"},{\"@type\":\"Organization\",\"@id\":\"https:\/\/www.nexoinformativo.mx\/#organization\",\"name\":\"Nexo Informativo Santiago de Quer\u00e9taro\",\"url\":\"https:\/\/www.nexoinformativo.mx\/\",\"logo\":{\"@type\":\"ImageObject\",\"inLanguage\":\"es\",\"@id\":\"https:\/\/www.nexoinformativo.mx\/#\/schema\/logo\/image\/\",\"url\":\"https:\/\/www.nexoinformativo.mx\/wp-content\/uploads\/2024\/07\/nexoi-trasparente-2.png\",\"contentUrl\":\"https:\/\/www.nexoinformativo.mx\/wp-content\/uploads\/2024\/07\/nexoi-trasparente-2.png\",\"width\":816,\"height\":339,\"caption\":\"Nexo Informativo Santiago de Quer\u00e9taro\"},\"image\":{\"@id\":\"https:\/\/www.nexoinformativo.mx\/#\/schema\/logo\/image\/\"},\"sameAs\":[\"https:\/\/www.facebook.com\/people\/Nexo-Informativo\/61564066885511\/\"]},{\"@type\":\"Person\",\"@id\":\"https:\/\/www.nexoinformativo.mx\/#\/schema\/person\/7749d380ba08c8ca00d7bc76fd907b7d\",\"name\":\"Nexo Informativo\",\"image\":{\"@type\":\"ImageObject\",\"inLanguage\":\"es\",\"@id\":\"https:\/\/www.nexoinformativo.mx\/#\/schema\/person\/image\/\",\"url\":\"https:\/\/secure.gravatar.com\/avatar\/dde2928154642a13d95f87ddf1ea9718fe2b46760a005c53e41ff5ad610704e6?s=96&d=mm&r=g\",\"contentUrl\":\"https:\/\/secure.gravatar.com\/avatar\/dde2928154642a13d95f87ddf1ea9718fe2b46760a005c53e41ff5ad610704e6?s=96&d=mm&r=g\",\"caption\":\"Nexo Informativo\"},\"url\":\"https:\/\/www.nexoinformativo.mx\/index.php\/author\/edicion\/\"}]}<\/script>\n<!-- \/ Yoast SEO plugin. -->","yoast_head_json":{"title":"M\u00e9xico lidera en CELAC canciller mexicano exige unidad y creatividad diplom\u00e1tica en Honduras | Nexo Informativo Santiago de Quer\u00e9taro","description":"M\u00e9xico lidera en CELAC canciller mexicano exige unidad y creatividad diplom\u00e1tica en Honduras","robots":{"index":"index","follow":"follow","max-snippet":"max-snippet:-1","max-image-preview":"max-image-preview:large","max-video-preview":"max-video-preview:-1"},"canonical":"https:\/\/www.nexoinformativo.mx\/index.php\/2025\/04\/09\/mexico-lidera-en-celac-canciller-mexicano-exige-unidad-y-creatividad-diplomatica-en-honduras\/","og_locale":"es_MX","og_type":"article","og_title":"M\u00e9xico lidera en CELAC canciller mexicano exige unidad y creatividad diplom\u00e1tica en Honduras | Nexo Informativo Santiago de Quer\u00e9taro","og_description":"M\u00e9xico lidera en CELAC canciller mexicano exige unidad y creatividad diplom\u00e1tica en Honduras","og_url":"https:\/\/www.nexoinformativo.mx\/index.php\/2025\/04\/09\/mexico-lidera-en-celac-canciller-mexicano-exige-unidad-y-creatividad-diplomatica-en-honduras\/","og_site_name":"Nexo Informativo Santiago de Quer\u00e9taro","article_publisher":"https:\/\/www.facebook.com\/people\/Nexo-Informativo\/61564066885511\/","article_published_time":"2025-04-09T14:00:30+00:00","article_modified_time":"2025-04-09T17:09:26+00:00","og_image":[{"width":800,"height":560,"url":"https:\/\/www.nexoinformativo.mx\/wp-content\/uploads\/2025\/04\/IMG_2175-e1744218505736.jpg","type":"image\/jpeg"}],"author":"Nexo Informativo","twitter_card":"summary_large_image","twitter_misc":{"Escrito por":"Nexo Informativo","Tiempo de lectura":"2 minutos"},"schema":{"@context":"https:\/\/schema.org","@graph":[{"@type":"Article","@id":"https:\/\/www.nexoinformativo.mx\/index.php\/2025\/04\/09\/mexico-lidera-en-celac-canciller-mexicano-exige-unidad-y-creatividad-diplomatica-en-honduras\/#article","isPartOf":{"@id":"https:\/\/www.nexoinformativo.mx\/index.php\/2025\/04\/09\/mexico-lidera-en-celac-canciller-mexicano-exige-unidad-y-creatividad-diplomatica-en-honduras\/"},"author":{"name":"Nexo Informativo","@id":"https:\/\/www.nexoinformativo.mx\/#\/schema\/person\/7749d380ba08c8ca00d7bc76fd907b7d"},"headline":"M\u00e9xico lidera en CELAC canciller mexicano exige unidad y creatividad diplom\u00e1tica en Honduras","datePublished":"2025-04-09T14:00:30+00:00","dateModified":"2025-04-09T17:09:26+00:00","mainEntityOfPage":{"@id":"https:\/\/www.nexoinformativo.mx\/index.php\/2025\/04\/09\/mexico-lidera-en-celac-canciller-mexicano-exige-unidad-y-creatividad-diplomatica-en-honduras\/"},"wordCount":319,"commentCount":0,"publisher":{"@id":"https:\/\/www.nexoinformativo.mx\/#organization"},"image":{"@id":"https:\/\/www.nexoinformativo.mx\/index.php\/2025\/04\/09\/mexico-lidera-en-celac-canciller-mexicano-exige-unidad-y-creatividad-diplomatica-en-honduras\/#primaryimage"},"thumbnailUrl":"https:\/\/www.nexoinformativo.mx\/wp-content\/uploads\/2025\/04\/IMG_2175-e1744218505736.jpg","keywords":["Am\u00e9ricaLatina","CELAC","JuanRam\u00f3nDeLaFuente","M\u00e9xicoEnCELAC"],"articleSection":["Nacional","\u00daltima Hora"],"inLanguage":"es","potentialAction":[{"@type":"CommentAction","name":"Comment","target":["https:\/\/www.nexoinformativo.mx\/index.php\/2025\/04\/09\/mexico-lidera-en-celac-canciller-mexicano-exige-unidad-y-creatividad-diplomatica-en-honduras\/#respond"]}]},{"@type":"WebPage","@id":"https:\/\/www.nexoinformativo.mx\/index.php\/2025\/04\/09\/mexico-lidera-en-celac-canciller-mexicano-exige-unidad-y-creatividad-diplomatica-en-honduras\/","url":"https:\/\/www.nexoinformativo.mx\/index.php\/2025\/04\/09\/mexico-lidera-en-celac-canciller-mexicano-exige-unidad-y-creatividad-diplomatica-en-honduras\/","name":"M\u00e9xico lidera en CELAC canciller mexicano exige unidad y creatividad diplom\u00e1tica en Honduras | Nexo Informativo Santiago de Quer\u00e9taro","isPartOf":{"@id":"https:\/\/www.nexoinformativo.mx\/#website"},"primaryImageOfPage":{"@id":"https:\/\/www.nexoinformativo.mx\/index.php\/2025\/04\/09\/mexico-lidera-en-celac-canciller-mexicano-exige-unidad-y-creatividad-diplomatica-en-honduras\/#primaryimage"},"image":{"@id":"https:\/\/www.nexoinformativo.mx\/index.php\/2025\/04\/09\/mexico-lidera-en-celac-canciller-mexicano-exige-unidad-y-creatividad-diplomatica-en-honduras\/#primaryimage"},"thumbnailUrl":"https:\/\/www.nexoinformativo.mx\/wp-content\/uploads\/2025\/04\/IMG_2175-e1744218505736.jpg","datePublished":"2025-04-09T14:00:30+00:00","dateModified":"2025-04-09T17:09:26+00:00","description":"M\u00e9xico lidera en CELAC canciller mexicano exige unidad y creatividad diplom\u00e1tica en Honduras","breadcrumb":{"@id":"https:\/\/www.nexoinformativo.mx\/index.php\/2025\/04\/09\/mexico-lidera-en-celac-canciller-mexicano-exige-unidad-y-creatividad-diplomatica-en-honduras\/#breadcrumb"},"inLanguage":"es","potentialAction":[{"@type":"ReadAction","target":["https:\/\/www.nexoinformativo.mx\/index.php\/2025\/04\/09\/mexico-lidera-en-celac-canciller-mexicano-exige-unidad-y-creatividad-diplomatica-en-honduras\/"]}]},{"@type":"ImageObject","inLanguage":"es","@id":"https:\/\/www.nexoinformativo.mx\/index.php\/2025\/04\/09\/mexico-lidera-en-celac-canciller-mexicano-exige-unidad-y-creatividad-diplomatica-en-honduras\/#primaryimage","url":"https:\/\/www.nexoinformativo.mx\/wp-content\/uploads\/2025\/04\/IMG_2175-e1744218505736.jpg","contentUrl":"https:\/\/www.nexoinformativo.mx\/wp-content\/uploads\/2025\/04\/IMG_2175-e1744218505736.jpg","width":800,"height":560},{"@type":"BreadcrumbList","@id":"https:\/\/www.nexoinformativo.mx\/index.php\/2025\/04\/09\/mexico-lidera-en-celac-canciller-mexicano-exige-unidad-y-creatividad-diplomatica-en-honduras\/#breadcrumb","itemListElement":[{"@type":"ListItem","position":1,"name":"Inicio","item":"https:\/\/www.nexoinformativo.mx\/"},{"@type":"ListItem","position":2,"name":"M\u00e9xico lidera en CELAC canciller mexicano exige unidad y creatividad diplom\u00e1tica en Honduras"}]},{"@type":"WebSite","@id":"https:\/\/www.nexoinformativo.mx\/#website","url":"https:\/\/www.nexoinformativo.mx\/","name":"Nexo Informativo Santiago de Quer\u00e9taro","description":"Explora NexoInformativo y convi\u00e9rtete en parte de una comunidad que valora el conocimiento y la verdad. Tu nexoinformativo es tu puente hacia una comprensi\u00f3n m\u00e1s profunda del mundo que te rodea.","publisher":{"@id":"https:\/\/www.nexoinformativo.mx\/#organization"},"potentialAction":[{"@type":"SearchAction","target":{"@type":"EntryPoint","urlTemplate":"https:\/\/www.nexoinformativo.mx\/?s={search_term_string}"},"query-input":{"@type":"PropertyValueSpecification","valueRequired":true,"valueName":"search_term_string"}}],"inLanguage":"es"},{"@type":"Organization","@id":"https:\/\/www.nexoinformativo.mx\/#organization","name":"Nexo Informativo Santiago de Quer\u00e9taro","url":"https:\/\/www.nexoinformativo.mx\/","logo":{"@type":"ImageObject","inLanguage":"es","@id":"https:\/\/www.nexoinformativo.mx\/#\/schema\/logo\/image\/","url":"https:\/\/www.nexoinformativo.mx\/wp-content\/uploads\/2024\/07\/nexoi-trasparente-2.png","contentUrl":"https:\/\/www.nexoinformativo.mx\/wp-content\/uploads\/2024\/07\/nexoi-trasparente-2.png","width":816,"height":339,"caption":"Nexo Informativo Santiago de Quer\u00e9taro"},"image":{"@id":"https:\/\/www.nexoinformativo.mx\/#\/schema\/logo\/image\/"},"sameAs":["https:\/\/www.facebook.com\/people\/Nexo-Informativo\/61564066885511\/"]},{"@type":"Person","@id":"https:\/\/www.nexoinformativo.mx\/#\/schema\/person\/7749d380ba08c8ca00d7bc76fd907b7d","name":"Nexo Informativo","image":{"@type":"ImageObject","inLanguage":"es","@id":"https:\/\/www.nexoinformativo.mx\/#\/schema\/person\/image\/","url":"https:\/\/secure.gravatar.com\/avatar\/dde2928154642a13d95f87ddf1ea9718fe2b46760a005c53e41ff5ad610704e6?s=96&d=mm&r=g","contentUrl":"https:\/\/secure.gravatar.com\/avatar\/dde2928154642a13d95f87ddf1ea9718fe2b46760a005c53e41ff5ad610704e6?s=96&d=mm&r=g","caption":"Nexo Informativo"},"url":"https:\/\/www.nexoinformativo.mx\/index.php\/author\/edicion\/"}]}},"_links":{"self":[{"href":"https:\/\/www.nexoinformativo.mx\/index.php\/wp-json\/wp\/v2\/posts\/13904","targetHints":{"allow":["GET"]}}],"collection":[{"href":"https:\/\/www.nexoinformativo.mx\/index.php\/wp-json\/wp\/v2\/posts"}],"about":[{"href":"https:\/\/www.nexoinformativo.mx\/index.php\/wp-json\/wp\/v2\/types\/post"}],"author":[{"embeddable":true,"href":"https:\/\/www.nexoinformativo.mx\/index.php\/wp-json\/wp\/v2\/users\/3"}],"replies":[{"embeddable":true,"href":"https:\/\/www.nexoinformativo.mx\/index.php\/wp-json\/wp\/v2\/comments?post=13904"}],"version-history":[{"count":4,"href":"https:\/\/www.nexoinformativo.mx\/index.php\/wp-json\/wp\/v2\/posts\/13904\/revisions"}],"predecessor-version":[{"id":13908,"href":"https:\/\/www.nexoinformativo.mx\/index.php\/wp-json\/wp\/v2\/posts\/13904\/revisions\/13908"}],"wp:featuredmedia":[{"embeddable":true,"href":"https:\/\/www.nexoinformativo.mx\/index.php\/wp-json\/wp\/v2\/media\/13905"}],"wp:attachment":[{"href":"https:\/\/www.nexoinformativo.mx\/index.php\/wp-json\/wp\/v2\/media?parent=13904"}],"wp:term":[{"taxonomy":"category","embeddable":true,"href":"https:\/\/www.nexoinformativo.mx\/index.php\/wp-json\/wp\/v2\/categories?post=13904"},{"taxonomy":"post_tag","embeddable":true,"href":"https:\/\/www.nexoinformativo.mx\/index.php\/wp-json\/wp\/v2\/tags?post=13904"}],"curies":[{"name":"wp","href":"https:\/\/api.w.org\/{rel}","templated":true}]}}