{"id":13922,"date":"2025-04-09T10:00:01","date_gmt":"2025-04-09T16:00:01","guid":{"rendered":"https:\/\/www.nexoinformativo.mx\/?p=13922"},"modified":"2025-04-09T11:44:15","modified_gmt":"2025-04-09T17:44:15","slug":"justicia-en-san-juan-del-rio-mujer-es-sentenciada-siete-anos-y-medio-por-homicidio-en-rina","status":"publish","type":"post","link":"https:\/\/www.nexoinformativo.mx\/index.php\/2025\/04\/09\/justicia-en-san-juan-del-rio-mujer-es-sentenciada-siete-anos-y-medio-por-homicidio-en-rina\/","title":{"rendered":"Justicia en San Juan del R\u00edo mujer es sentenciada siete a\u00f1os y medio por homicidio en ri\u00f1a"},"content":{"rendered":"<p style=\"text-align: justify;\" data-sourcepos=\"11:1-11:273\">La Fiscal\u00eda General del Estado de Quer\u00e9taro (FGE) logr\u00f3 una sentencia condenatoria contra una mujer por el delito de homicidio en ri\u00f1a, en relaci\u00f3n con hechos ocurridos en la colonia Santa Cruz Nieto, en el municipio de San Juan del R\u00edo.<\/p>\n<\/p>\n<p>&nbsp;<\/p>\n<p style=\"text-align: justify;\" data-sourcepos=\"13:1-13:373\">La investigaci\u00f3n revel\u00f3 que la noche del 6 de abril de 2024, durante una convivencia en un domicilio ubicado en Avenida Central, la imputada y la v\u00edctima se involucraron en una agresi\u00f3n f\u00edsica.<\/p>\n<\/p>\n<p>&nbsp;<\/p>\n<p style=\"text-align: justify;\" data-sourcepos=\"13:1-13:373\">Tras ser separadas inicialmente, la sentenciada tom\u00f3 un cuchillo y atac\u00f3 nuevamente a la v\u00edctima, caus\u00e1ndole una herida punzocortante penetrante de t\u00f3rax que le provoc\u00f3 la muerte.<\/p>\n<\/p>\n<p>&nbsp;<\/p>\n<p style=\"text-align: justify;\" data-sourcepos=\"15:1-15:397\">En la audiencia de juicio, la autoridad judicial emiti\u00f3 un fallo condenatorio, determinando que la imputada actu\u00f3 como provocadora en la ri\u00f1a.<\/p>\n<\/p>\n<p>&nbsp;<\/p>\n<p style=\"text-align: justify;\" data-sourcepos=\"15:1-15:397\">El juez impuso una pena de 7 a\u00f1os y 6 meses de prisi\u00f3n, adem\u00e1s de una multa y el pago de la reparaci\u00f3n del da\u00f1o, que incluye indemnizaci\u00f3n por muerte, gastos funerarios, da\u00f1o moral y rehabilitaci\u00f3n psicol\u00f3gica y psiqui\u00e1trica para las v\u00edctimas indirectas.<\/p>\n<\/p>\n<p>&nbsp;<\/p>\n<p style=\"text-align: justify;\" data-sourcepos=\"17:1-17:204\">La Fiscal\u00eda General del Estado reafirm\u00f3 su compromiso de investigar y perseguir los delitos que atentan contra la vida, trabajando con determinaci\u00f3n para garantizar justicia a las v\u00edctimas y sus familias.<\/p>\n<\/p>\n<p>&nbsp;<\/p>\n<p style=\"text-align: center;\" data-sourcepos=\"17:1-17:204\"><em><strong>\u00a1Informaci\u00f3n que transforma!<\/strong><\/em><\/p>\n","protected":false},"excerpt":{"rendered":"<p>La Fiscal\u00eda General del Estado de Quer\u00e9taro (FGE) logr\u00f3 una sentencia condenatoria contra una mujer por el delito de homicidio en ri\u00f1a, en relaci\u00f3n con hechos ocurridos en la colonia Santa Cruz Nieto, en el municipio de San Juan del R\u00edo.<\/p>\n","protected":false},"author":3,"featured_media":13923,"comment_status":"open","ping_status":"open","sticky":false,"template":"","format":"standard","meta":{"footnotes":""},"categories":[65,137,58],"tags":[2822,4060,3493,4061],"class_list":["post-13922","post","type-post","status-publish","format-standard","has-post-thumbnail","hentry","category-municipios","category-sucesos","category-ultima-hora","tag-fiscaliaqro","tag-homicidiosanjuan","tag-justiciaparavictimas","tag-sentenciajudicial"],"yoast_head":"<!-- This site is optimized with the Yoast SEO plugin v25.0 - https:\/\/yoast.com\/wordpress\/plugins\/seo\/ -->\n<title>Justicia en San Juan del R\u00edo mujer es sentenciada siete a\u00f1os y medio por homicidio en ri\u00f1a | Nexo Informativo Santiago de Quer\u00e9taro<\/title>\n<meta name=\"description\" content=\"Justicia en San Juan del R\u00edo mujer es sentenciada siete a\u00f1os y medio por homicidio en ri\u00f1a\" \/>\n<meta name=\"robots\" content=\"index, follow, max-snippet:-1, max-image-preview:large, max-video-preview:-1\" \/>\n<link rel=\"canonical\" href=\"https:\/\/www.nexoinformativo.mx\/index.php\/2025\/04\/09\/justicia-en-san-juan-del-rio-mujer-es-sentenciada-siete-anos-y-medio-por-homicidio-en-rina\/\" \/>\n<meta property=\"og:locale\" content=\"es_MX\" \/>\n<meta property=\"og:type\" content=\"article\" \/>\n<meta property=\"og:title\" content=\"Justicia en San Juan del R\u00edo mujer es sentenciada siete a\u00f1os y medio por homicidio en ri\u00f1a | Nexo Informativo Santiago de Quer\u00e9taro\" \/>\n<meta property=\"og:description\" content=\"Justicia en San Juan del R\u00edo mujer es sentenciada siete a\u00f1os y medio por homicidio en ri\u00f1a\" \/>\n<meta property=\"og:url\" content=\"https:\/\/www.nexoinformativo.mx\/index.php\/2025\/04\/09\/justicia-en-san-juan-del-rio-mujer-es-sentenciada-siete-anos-y-medio-por-homicidio-en-rina\/\" \/>\n<meta property=\"og:site_name\" content=\"Nexo Informativo Santiago de Quer\u00e9taro\" \/>\n<meta property=\"article:publisher\" content=\"https:\/\/www.facebook.com\/people\/Nexo-Informativo\/61564066885511\/\" \/>\n<meta property=\"article:published_time\" content=\"2025-04-09T16:00:01+00:00\" \/>\n<meta property=\"article:modified_time\" content=\"2025-04-09T17:44:15+00:00\" \/>\n<meta property=\"og:image\" content=\"https:\/\/www.nexoinformativo.mx\/wp-content\/uploads\/2025\/04\/PHOTO-2025-04-09-10-20-33-e1744220608255.jpg\" \/>\n\t<meta property=\"og:image:width\" content=\"800\" \/>\n\t<meta property=\"og:image:height\" content=\"504\" \/>\n\t<meta property=\"og:image:type\" content=\"image\/jpeg\" \/>\n<meta name=\"author\" content=\"Nexo Informativo\" \/>\n<meta name=\"twitter:card\" content=\"summary_large_image\" \/>\n<meta name=\"twitter:label1\" content=\"Escrito por\" \/>\n\t<meta name=\"twitter:data1\" content=\"Nexo Informativo\" \/>\n\t<meta name=\"twitter:label2\" content=\"Tiempo de lectura\" \/>\n\t<meta name=\"twitter:data2\" content=\"2 minutos\" \/>\n<script type=\"application\/ld+json\" class=\"yoast-schema-graph\">{\"@context\":\"https:\/\/schema.org\",\"@graph\":[{\"@type\":\"Article\",\"@id\":\"https:\/\/www.nexoinformativo.mx\/index.php\/2025\/04\/09\/justicia-en-san-juan-del-rio-mujer-es-sentenciada-siete-anos-y-medio-por-homicidio-en-rina\/#article\",\"isPartOf\":{\"@id\":\"https:\/\/www.nexoinformativo.mx\/index.php\/2025\/04\/09\/justicia-en-san-juan-del-rio-mujer-es-sentenciada-siete-anos-y-medio-por-homicidio-en-rina\/\"},\"author\":{\"name\":\"Nexo Informativo\",\"@id\":\"https:\/\/www.nexoinformativo.mx\/#\/schema\/person\/7749d380ba08c8ca00d7bc76fd907b7d\"},\"headline\":\"Justicia en San Juan del R\u00edo mujer es sentenciada siete a\u00f1os y medio por homicidio en ri\u00f1a\",\"datePublished\":\"2025-04-09T16:00:01+00:00\",\"dateModified\":\"2025-04-09T17:44:15+00:00\",\"mainEntityOfPage\":{\"@id\":\"https:\/\/www.nexoinformativo.mx\/index.php\/2025\/04\/09\/justicia-en-san-juan-del-rio-mujer-es-sentenciada-siete-anos-y-medio-por-homicidio-en-rina\/\"},\"wordCount\":250,\"commentCount\":0,\"publisher\":{\"@id\":\"https:\/\/www.nexoinformativo.mx\/#organization\"},\"image\":{\"@id\":\"https:\/\/www.nexoinformativo.mx\/index.php\/2025\/04\/09\/justicia-en-san-juan-del-rio-mujer-es-sentenciada-siete-anos-y-medio-por-homicidio-en-rina\/#primaryimage\"},\"thumbnailUrl\":\"https:\/\/www.nexoinformativo.mx\/wp-content\/uploads\/2025\/04\/PHOTO-2025-04-09-10-20-33-e1744220608255.jpg\",\"keywords\":[\"Fiscal\u00edaQro\",\"HomicidioSanJuan\",\"JusticiaParaV\u00edctimas\",\"SentenciaJudicial\"],\"articleSection\":[\"Municipios\",\"Sucesos\",\"\u00daltima Hora\"],\"inLanguage\":\"es\",\"potentialAction\":[{\"@type\":\"CommentAction\",\"name\":\"Comment\",\"target\":[\"https:\/\/www.nexoinformativo.mx\/index.php\/2025\/04\/09\/justicia-en-san-juan-del-rio-mujer-es-sentenciada-siete-anos-y-medio-por-homicidio-en-rina\/#respond\"]}]},{\"@type\":\"WebPage\",\"@id\":\"https:\/\/www.nexoinformativo.mx\/index.php\/2025\/04\/09\/justicia-en-san-juan-del-rio-mujer-es-sentenciada-siete-anos-y-medio-por-homicidio-en-rina\/\",\"url\":\"https:\/\/www.nexoinformativo.mx\/index.php\/2025\/04\/09\/justicia-en-san-juan-del-rio-mujer-es-sentenciada-siete-anos-y-medio-por-homicidio-en-rina\/\",\"name\":\"Justicia en San Juan del R\u00edo mujer es sentenciada siete a\u00f1os y medio por homicidio en ri\u00f1a | Nexo Informativo Santiago de Quer\u00e9taro\",\"isPartOf\":{\"@id\":\"https:\/\/www.nexoinformativo.mx\/#website\"},\"primaryImageOfPage\":{\"@id\":\"https:\/\/www.nexoinformativo.mx\/index.php\/2025\/04\/09\/justicia-en-san-juan-del-rio-mujer-es-sentenciada-siete-anos-y-medio-por-homicidio-en-rina\/#primaryimage\"},\"image\":{\"@id\":\"https:\/\/www.nexoinformativo.mx\/index.php\/2025\/04\/09\/justicia-en-san-juan-del-rio-mujer-es-sentenciada-siete-anos-y-medio-por-homicidio-en-rina\/#primaryimage\"},\"thumbnailUrl\":\"https:\/\/www.nexoinformativo.mx\/wp-content\/uploads\/2025\/04\/PHOTO-2025-04-09-10-20-33-e1744220608255.jpg\",\"datePublished\":\"2025-04-09T16:00:01+00:00\",\"dateModified\":\"2025-04-09T17:44:15+00:00\",\"description\":\"Justicia en San Juan del R\u00edo mujer es sentenciada siete a\u00f1os y medio por homicidio en ri\u00f1a\",\"breadcrumb\":{\"@id\":\"https:\/\/www.nexoinformativo.mx\/index.php\/2025\/04\/09\/justicia-en-san-juan-del-rio-mujer-es-sentenciada-siete-anos-y-medio-por-homicidio-en-rina\/#breadcrumb\"},\"inLanguage\":\"es\",\"potentialAction\":[{\"@type\":\"ReadAction\",\"target\":[\"https:\/\/www.nexoinformativo.mx\/index.php\/2025\/04\/09\/justicia-en-san-juan-del-rio-mujer-es-sentenciada-siete-anos-y-medio-por-homicidio-en-rina\/\"]}]},{\"@type\":\"ImageObject\",\"inLanguage\":\"es\",\"@id\":\"https:\/\/www.nexoinformativo.mx\/index.php\/2025\/04\/09\/justicia-en-san-juan-del-rio-mujer-es-sentenciada-siete-anos-y-medio-por-homicidio-en-rina\/#primaryimage\",\"url\":\"https:\/\/www.nexoinformativo.mx\/wp-content\/uploads\/2025\/04\/PHOTO-2025-04-09-10-20-33-e1744220608255.jpg\",\"contentUrl\":\"https:\/\/www.nexoinformativo.mx\/wp-content\/uploads\/2025\/04\/PHOTO-2025-04-09-10-20-33-e1744220608255.jpg\",\"width\":800,\"height\":504},{\"@type\":\"BreadcrumbList\",\"@id\":\"https:\/\/www.nexoinformativo.mx\/index.php\/2025\/04\/09\/justicia-en-san-juan-del-rio-mujer-es-sentenciada-siete-anos-y-medio-por-homicidio-en-rina\/#breadcrumb\",\"itemListElement\":[{\"@type\":\"ListItem\",\"position\":1,\"name\":\"Inicio\",\"item\":\"https:\/\/www.nexoinformativo.mx\/\"},{\"@type\":\"ListItem\",\"position\":2,\"name\":\"Justicia en San Juan del R\u00edo mujer es sentenciada siete a\u00f1os y medio por homicidio en ri\u00f1a\"}]},{\"@type\":\"WebSite\",\"@id\":\"https:\/\/www.nexoinformativo.mx\/#website\",\"url\":\"https:\/\/www.nexoinformativo.mx\/\",\"name\":\"Nexo Informativo Santiago de Quer\u00e9taro\",\"description\":\"Explora NexoInformativo y convi\u00e9rtete en parte de una comunidad que valora el conocimiento y la verdad. Tu nexoinformativo es tu puente hacia una comprensi\u00f3n m\u00e1s profunda del mundo que te rodea.\",\"publisher\":{\"@id\":\"https:\/\/www.nexoinformativo.mx\/#organization\"},\"potentialAction\":[{\"@type\":\"SearchAction\",\"target\":{\"@type\":\"EntryPoint\",\"urlTemplate\":\"https:\/\/www.nexoinformativo.mx\/?s={search_term_string}\"},\"query-input\":{\"@type\":\"PropertyValueSpecification\",\"valueRequired\":true,\"valueName\":\"search_term_string\"}}],\"inLanguage\":\"es\"},{\"@type\":\"Organization\",\"@id\":\"https:\/\/www.nexoinformativo.mx\/#organization\",\"name\":\"Nexo Informativo Santiago de Quer\u00e9taro\",\"url\":\"https:\/\/www.nexoinformativo.mx\/\",\"logo\":{\"@type\":\"ImageObject\",\"inLanguage\":\"es\",\"@id\":\"https:\/\/www.nexoinformativo.mx\/#\/schema\/logo\/image\/\",\"url\":\"https:\/\/www.nexoinformativo.mx\/wp-content\/uploads\/2024\/07\/nexoi-trasparente-2.png\",\"contentUrl\":\"https:\/\/www.nexoinformativo.mx\/wp-content\/uploads\/2024\/07\/nexoi-trasparente-2.png\",\"width\":816,\"height\":339,\"caption\":\"Nexo Informativo Santiago de Quer\u00e9taro\"},\"image\":{\"@id\":\"https:\/\/www.nexoinformativo.mx\/#\/schema\/logo\/image\/\"},\"sameAs\":[\"https:\/\/www.facebook.com\/people\/Nexo-Informativo\/61564066885511\/\"]},{\"@type\":\"Person\",\"@id\":\"https:\/\/www.nexoinformativo.mx\/#\/schema\/person\/7749d380ba08c8ca00d7bc76fd907b7d\",\"name\":\"Nexo Informativo\",\"image\":{\"@type\":\"ImageObject\",\"inLanguage\":\"es\",\"@id\":\"https:\/\/www.nexoinformativo.mx\/#\/schema\/person\/image\/\",\"url\":\"https:\/\/secure.gravatar.com\/avatar\/dde2928154642a13d95f87ddf1ea9718fe2b46760a005c53e41ff5ad610704e6?s=96&d=mm&r=g\",\"contentUrl\":\"https:\/\/secure.gravatar.com\/avatar\/dde2928154642a13d95f87ddf1ea9718fe2b46760a005c53e41ff5ad610704e6?s=96&d=mm&r=g\",\"caption\":\"Nexo Informativo\"},\"url\":\"https:\/\/www.nexoinformativo.mx\/index.php\/author\/edicion\/\"}]}<\/script>\n<!-- \/ Yoast SEO plugin. -->","yoast_head_json":{"title":"Justicia en San Juan del R\u00edo mujer es sentenciada siete a\u00f1os y medio por homicidio en ri\u00f1a | Nexo Informativo Santiago de Quer\u00e9taro","description":"Justicia en San Juan del R\u00edo mujer es sentenciada siete a\u00f1os y medio por homicidio en ri\u00f1a","robots":{"index":"index","follow":"follow","max-snippet":"max-snippet:-1","max-image-preview":"max-image-preview:large","max-video-preview":"max-video-preview:-1"},"canonical":"https:\/\/www.nexoinformativo.mx\/index.php\/2025\/04\/09\/justicia-en-san-juan-del-rio-mujer-es-sentenciada-siete-anos-y-medio-por-homicidio-en-rina\/","og_locale":"es_MX","og_type":"article","og_title":"Justicia en San Juan del R\u00edo mujer es sentenciada siete a\u00f1os y medio por homicidio en ri\u00f1a | Nexo Informativo Santiago de Quer\u00e9taro","og_description":"Justicia en San Juan del R\u00edo mujer es sentenciada siete a\u00f1os y medio por homicidio en ri\u00f1a","og_url":"https:\/\/www.nexoinformativo.mx\/index.php\/2025\/04\/09\/justicia-en-san-juan-del-rio-mujer-es-sentenciada-siete-anos-y-medio-por-homicidio-en-rina\/","og_site_name":"Nexo Informativo Santiago de Quer\u00e9taro","article_publisher":"https:\/\/www.facebook.com\/people\/Nexo-Informativo\/61564066885511\/","article_published_time":"2025-04-09T16:00:01+00:00","article_modified_time":"2025-04-09T17:44:15+00:00","og_image":[{"width":800,"height":504,"url":"https:\/\/www.nexoinformativo.mx\/wp-content\/uploads\/2025\/04\/PHOTO-2025-04-09-10-20-33-e1744220608255.jpg","type":"image\/jpeg"}],"author":"Nexo Informativo","twitter_card":"summary_large_image","twitter_misc":{"Escrito por":"Nexo Informativo","Tiempo de lectura":"2 minutos"},"schema":{"@context":"https:\/\/schema.org","@graph":[{"@type":"Article","@id":"https:\/\/www.nexoinformativo.mx\/index.php\/2025\/04\/09\/justicia-en-san-juan-del-rio-mujer-es-sentenciada-siete-anos-y-medio-por-homicidio-en-rina\/#article","isPartOf":{"@id":"https:\/\/www.nexoinformativo.mx\/index.php\/2025\/04\/09\/justicia-en-san-juan-del-rio-mujer-es-sentenciada-siete-anos-y-medio-por-homicidio-en-rina\/"},"author":{"name":"Nexo Informativo","@id":"https:\/\/www.nexoinformativo.mx\/#\/schema\/person\/7749d380ba08c8ca00d7bc76fd907b7d"},"headline":"Justicia en San Juan del R\u00edo mujer es sentenciada siete a\u00f1os y medio por homicidio en ri\u00f1a","datePublished":"2025-04-09T16:00:01+00:00","dateModified":"2025-04-09T17:44:15+00:00","mainEntityOfPage":{"@id":"https:\/\/www.nexoinformativo.mx\/index.php\/2025\/04\/09\/justicia-en-san-juan-del-rio-mujer-es-sentenciada-siete-anos-y-medio-por-homicidio-en-rina\/"},"wordCount":250,"commentCount":0,"publisher":{"@id":"https:\/\/www.nexoinformativo.mx\/#organization"},"image":{"@id":"https:\/\/www.nexoinformativo.mx\/index.php\/2025\/04\/09\/justicia-en-san-juan-del-rio-mujer-es-sentenciada-siete-anos-y-medio-por-homicidio-en-rina\/#primaryimage"},"thumbnailUrl":"https:\/\/www.nexoinformativo.mx\/wp-content\/uploads\/2025\/04\/PHOTO-2025-04-09-10-20-33-e1744220608255.jpg","keywords":["Fiscal\u00edaQro","HomicidioSanJuan","JusticiaParaV\u00edctimas","SentenciaJudicial"],"articleSection":["Municipios","Sucesos","\u00daltima Hora"],"inLanguage":"es","potentialAction":[{"@type":"CommentAction","name":"Comment","target":["https:\/\/www.nexoinformativo.mx\/index.php\/2025\/04\/09\/justicia-en-san-juan-del-rio-mujer-es-sentenciada-siete-anos-y-medio-por-homicidio-en-rina\/#respond"]}]},{"@type":"WebPage","@id":"https:\/\/www.nexoinformativo.mx\/index.php\/2025\/04\/09\/justicia-en-san-juan-del-rio-mujer-es-sentenciada-siete-anos-y-medio-por-homicidio-en-rina\/","url":"https:\/\/www.nexoinformativo.mx\/index.php\/2025\/04\/09\/justicia-en-san-juan-del-rio-mujer-es-sentenciada-siete-anos-y-medio-por-homicidio-en-rina\/","name":"Justicia en San Juan del R\u00edo mujer es sentenciada siete a\u00f1os y medio por homicidio en ri\u00f1a | Nexo Informativo Santiago de Quer\u00e9taro","isPartOf":{"@id":"https:\/\/www.nexoinformativo.mx\/#website"},"primaryImageOfPage":{"@id":"https:\/\/www.nexoinformativo.mx\/index.php\/2025\/04\/09\/justicia-en-san-juan-del-rio-mujer-es-sentenciada-siete-anos-y-medio-por-homicidio-en-rina\/#primaryimage"},"image":{"@id":"https:\/\/www.nexoinformativo.mx\/index.php\/2025\/04\/09\/justicia-en-san-juan-del-rio-mujer-es-sentenciada-siete-anos-y-medio-por-homicidio-en-rina\/#primaryimage"},"thumbnailUrl":"https:\/\/www.nexoinformativo.mx\/wp-content\/uploads\/2025\/04\/PHOTO-2025-04-09-10-20-33-e1744220608255.jpg","datePublished":"2025-04-09T16:00:01+00:00","dateModified":"2025-04-09T17:44:15+00:00","description":"Justicia en San Juan del R\u00edo mujer es sentenciada siete a\u00f1os y medio por homicidio en ri\u00f1a","breadcrumb":{"@id":"https:\/\/www.nexoinformativo.mx\/index.php\/2025\/04\/09\/justicia-en-san-juan-del-rio-mujer-es-sentenciada-siete-anos-y-medio-por-homicidio-en-rina\/#breadcrumb"},"inLanguage":"es","potentialAction":[{"@type":"ReadAction","target":["https:\/\/www.nexoinformativo.mx\/index.php\/2025\/04\/09\/justicia-en-san-juan-del-rio-mujer-es-sentenciada-siete-anos-y-medio-por-homicidio-en-rina\/"]}]},{"@type":"ImageObject","inLanguage":"es","@id":"https:\/\/www.nexoinformativo.mx\/index.php\/2025\/04\/09\/justicia-en-san-juan-del-rio-mujer-es-sentenciada-siete-anos-y-medio-por-homicidio-en-rina\/#primaryimage","url":"https:\/\/www.nexoinformativo.mx\/wp-content\/uploads\/2025\/04\/PHOTO-2025-04-09-10-20-33-e1744220608255.jpg","contentUrl":"https:\/\/www.nexoinformativo.mx\/wp-content\/uploads\/2025\/04\/PHOTO-2025-04-09-10-20-33-e1744220608255.jpg","width":800,"height":504},{"@type":"BreadcrumbList","@id":"https:\/\/www.nexoinformativo.mx\/index.php\/2025\/04\/09\/justicia-en-san-juan-del-rio-mujer-es-sentenciada-siete-anos-y-medio-por-homicidio-en-rina\/#breadcrumb","itemListElement":[{"@type":"ListItem","position":1,"name":"Inicio","item":"https:\/\/www.nexoinformativo.mx\/"},{"@type":"ListItem","position":2,"name":"Justicia en San Juan del R\u00edo mujer es sentenciada siete a\u00f1os y medio por homicidio en ri\u00f1a"}]},{"@type":"WebSite","@id":"https:\/\/www.nexoinformativo.mx\/#website","url":"https:\/\/www.nexoinformativo.mx\/","name":"Nexo Informativo Santiago de Quer\u00e9taro","description":"Explora NexoInformativo y convi\u00e9rtete en parte de una comunidad que valora el conocimiento y la verdad. Tu nexoinformativo es tu puente hacia una comprensi\u00f3n m\u00e1s profunda del mundo que te rodea.","publisher":{"@id":"https:\/\/www.nexoinformativo.mx\/#organization"},"potentialAction":[{"@type":"SearchAction","target":{"@type":"EntryPoint","urlTemplate":"https:\/\/www.nexoinformativo.mx\/?s={search_term_string}"},"query-input":{"@type":"PropertyValueSpecification","valueRequired":true,"valueName":"search_term_string"}}],"inLanguage":"es"},{"@type":"Organization","@id":"https:\/\/www.nexoinformativo.mx\/#organization","name":"Nexo Informativo Santiago de Quer\u00e9taro","url":"https:\/\/www.nexoinformativo.mx\/","logo":{"@type":"ImageObject","inLanguage":"es","@id":"https:\/\/www.nexoinformativo.mx\/#\/schema\/logo\/image\/","url":"https:\/\/www.nexoinformativo.mx\/wp-content\/uploads\/2024\/07\/nexoi-trasparente-2.png","contentUrl":"https:\/\/www.nexoinformativo.mx\/wp-content\/uploads\/2024\/07\/nexoi-trasparente-2.png","width":816,"height":339,"caption":"Nexo Informativo Santiago de Quer\u00e9taro"},"image":{"@id":"https:\/\/www.nexoinformativo.mx\/#\/schema\/logo\/image\/"},"sameAs":["https:\/\/www.facebook.com\/people\/Nexo-Informativo\/61564066885511\/"]},{"@type":"Person","@id":"https:\/\/www.nexoinformativo.mx\/#\/schema\/person\/7749d380ba08c8ca00d7bc76fd907b7d","name":"Nexo Informativo","image":{"@type":"ImageObject","inLanguage":"es","@id":"https:\/\/www.nexoinformativo.mx\/#\/schema\/person\/image\/","url":"https:\/\/secure.gravatar.com\/avatar\/dde2928154642a13d95f87ddf1ea9718fe2b46760a005c53e41ff5ad610704e6?s=96&d=mm&r=g","contentUrl":"https:\/\/secure.gravatar.com\/avatar\/dde2928154642a13d95f87ddf1ea9718fe2b46760a005c53e41ff5ad610704e6?s=96&d=mm&r=g","caption":"Nexo Informativo"},"url":"https:\/\/www.nexoinformativo.mx\/index.php\/author\/edicion\/"}]}},"_links":{"self":[{"href":"https:\/\/www.nexoinformativo.mx\/index.php\/wp-json\/wp\/v2\/posts\/13922","targetHints":{"allow":["GET"]}}],"collection":[{"href":"https:\/\/www.nexoinformativo.mx\/index.php\/wp-json\/wp\/v2\/posts"}],"about":[{"href":"https:\/\/www.nexoinformativo.mx\/index.php\/wp-json\/wp\/v2\/types\/post"}],"author":[{"embeddable":true,"href":"https:\/\/www.nexoinformativo.mx\/index.php\/wp-json\/wp\/v2\/users\/3"}],"replies":[{"embeddable":true,"href":"https:\/\/www.nexoinformativo.mx\/index.php\/wp-json\/wp\/v2\/comments?post=13922"}],"version-history":[{"count":3,"href":"https:\/\/www.nexoinformativo.mx\/index.php\/wp-json\/wp\/v2\/posts\/13922\/revisions"}],"predecessor-version":[{"id":13926,"href":"https:\/\/www.nexoinformativo.mx\/index.php\/wp-json\/wp\/v2\/posts\/13922\/revisions\/13926"}],"wp:featuredmedia":[{"embeddable":true,"href":"https:\/\/www.nexoinformativo.mx\/index.php\/wp-json\/wp\/v2\/media\/13923"}],"wp:attachment":[{"href":"https:\/\/www.nexoinformativo.mx\/index.php\/wp-json\/wp\/v2\/media?parent=13922"}],"wp:term":[{"taxonomy":"category","embeddable":true,"href":"https:\/\/www.nexoinformativo.mx\/index.php\/wp-json\/wp\/v2\/categories?post=13922"},{"taxonomy":"post_tag","embeddable":true,"href":"https:\/\/www.nexoinformativo.mx\/index.php\/wp-json\/wp\/v2\/tags?post=13922"}],"curies":[{"name":"wp","href":"https:\/\/api.w.org\/{rel}","templated":true}]}}