{"id":13948,"date":"2025-04-09T12:00:58","date_gmt":"2025-04-09T18:00:58","guid":{"rendered":"https:\/\/www.nexoinformativo.mx\/?p=13948"},"modified":"2025-04-09T14:39:45","modified_gmt":"2025-04-09T20:39:45","slug":"musica-que-construye-no-que-destruye-pedro-escobedo-cancela-presentacion-de-el-komander","status":"publish","type":"post","link":"https:\/\/www.nexoinformativo.mx\/index.php\/2025\/04\/09\/musica-que-construye-no-que-destruye-pedro-escobedo-cancela-presentacion-de-el-komander\/","title":{"rendered":"M\u00fasica que construye no que destruye Pedro Escobedo cancela presentaci\u00f3n de El Komander"},"content":{"rendered":"<p style=\"text-align: justify;\" data-sourcepos=\"11:1-11:394\">Atendiendo las directrices estatales y con el firme compromiso de no promover espect\u00e1culos que hagan apolog\u00eda de la violencia, el Gobierno Municipal de Pedro Escobedo anunci\u00f3 la cancelaci\u00f3n de la presentaci\u00f3n del cantante Alfredo R\u00edos, conocido como El Komander, que estaba programada como parte del cartel musical de la <strong>Feria del Grano y la Cantera 2025.<\/strong><\/p>\n<\/p>\n<p>&nbsp;<\/p>\n<p style=\"text-align: justify;\" data-sourcepos=\"13:1-13:326\">El Gobierno Municipal de Pedro Escobedo emiti\u00f3 un comunicado de prensa en el que expres\u00f3 su plena coincidencia con la postura del Gobierno del Estado en este tema.<\/p>\n<\/p>\n<p>&nbsp;<\/p>\n<p style=\"text-align: justify;\" data-sourcepos=\"13:1-13:326\">&#8220;No podemos ni debemos normalizar discursos que atenten contra la paz, la seguridad y los valores que promovemos en nuestras comunidades&#8221;, se\u00f1al\u00f3 el Ayuntamiento.<\/p>\n<\/p>\n<p>&nbsp;<\/p>\n<p style=\"text-align: justify;\" data-sourcepos=\"15:1-15:439\">Asimismo, reafirm\u00f3 su compromiso con la tranquilidad de las familias y con una cultura que construya, destacando el poder de la m\u00fasica al servicio de la convivencia y el respeto.<\/p>\n<\/p>\n<p>&nbsp;<\/p>\n<p style=\"text-align: justify;\" data-sourcepos=\"15:1-15:439\">&#8220;Por ello, esta no es solamente una decisi\u00f3n administrativa, sino una postura institucional firme y coherente con lo que queremos para Quer\u00e9taro: un entorno donde el bienestar colectivo prevalezca por encima de cualquier otro inter\u00e9s&#8221;, se lee en el comunicado.<\/p>\n<\/p>\n<p>&nbsp;<\/p>\n<p style=\"text-align: justify;\" data-sourcepos=\"17:1-17:217\">La Feria del Grano y la Cantera continuar\u00e1 ofreciendo un espacio de celebraci\u00f3n, tradici\u00f3n y orgullo para los habitantes de Pedro Escobedo, con actividades que reflejan la identidad, cultura y valores de la comunidad.<\/p>\n<\/p>\n<p>&nbsp;<\/p>\n<p style=\"text-align: justify;\" data-sourcepos=\"19:1-19:239\">Finalmente, el Gobierno Municipal agradeci\u00f3 la comprensi\u00f3n y el respaldo de la ciudadan\u00eda ante esta decisi\u00f3n y anunci\u00f3 que en los pr\u00f3ximos d\u00edas se dar\u00e1 a conocer el nombre del artista o agrupaci\u00f3n que encabezar\u00e1 el cierre de la Feria 2025.<\/p>\n<\/p>\n<p>&nbsp;<\/p>\n<p style=\"text-align: center;\" data-sourcepos=\"19:1-19:239\"><em><strong>\u00a1Informaci\u00f3n que transforma!<\/strong><\/em><\/p>\n","protected":false},"excerpt":{"rendered":"<p>Atendiendo las directrices estatales y con el firme compromiso de no promover espect\u00e1culos que hagan apolog\u00eda de la violencia, el Gobierno Municipal de Pedro Escobedo anunci\u00f3 la cancelaci\u00f3n de la presentaci\u00f3n del cantante Alfredo R\u00edos, conocido como El Komander, que estaba programada como parte del cartel musical de la Feria del Grano y la Cantera 2025.<\/p>\n","protected":false},"author":3,"featured_media":13949,"comment_status":"open","ping_status":"open","sticky":false,"template":"","format":"standard","meta":{"footnotes":""},"categories":[50,65,58],"tags":[4070,4071,4069,167],"class_list":["post-13948","post","type-post","status-publish","format-standard","has-post-thumbnail","hentry","category-espectaculos","category-municipios","category-ultima-hora","tag-feriadelgranoylacantera","tag-musicaconvalores","tag-noapologiaviolencia","tag-pedroescobedo"],"yoast_head":"<!-- This site is optimized with the Yoast SEO plugin v25.0 - https:\/\/yoast.com\/wordpress\/plugins\/seo\/ -->\n<title>M\u00fasica que construye no que destruye Pedro Escobedo cancela presentaci\u00f3n de El Komander | Nexo Informativo Santiago de Quer\u00e9taro<\/title>\n<meta name=\"description\" content=\"M\u00fasica que construye no que destruye Pedro Escobedo cancela presentaci\u00f3n de El Komander\" \/>\n<meta name=\"robots\" content=\"index, follow, max-snippet:-1, max-image-preview:large, max-video-preview:-1\" \/>\n<link rel=\"canonical\" href=\"https:\/\/www.nexoinformativo.mx\/index.php\/2025\/04\/09\/musica-que-construye-no-que-destruye-pedro-escobedo-cancela-presentacion-de-el-komander\/\" \/>\n<meta property=\"og:locale\" content=\"es_MX\" \/>\n<meta property=\"og:type\" content=\"article\" \/>\n<meta property=\"og:title\" content=\"M\u00fasica que construye no que destruye Pedro Escobedo cancela presentaci\u00f3n de El Komander | Nexo Informativo Santiago de Quer\u00e9taro\" \/>\n<meta property=\"og:description\" content=\"M\u00fasica que construye no que destruye Pedro Escobedo cancela presentaci\u00f3n de El Komander\" \/>\n<meta property=\"og:url\" content=\"https:\/\/www.nexoinformativo.mx\/index.php\/2025\/04\/09\/musica-que-construye-no-que-destruye-pedro-escobedo-cancela-presentacion-de-el-komander\/\" \/>\n<meta property=\"og:site_name\" content=\"Nexo Informativo Santiago de Quer\u00e9taro\" \/>\n<meta property=\"article:publisher\" content=\"https:\/\/www.facebook.com\/people\/Nexo-Informativo\/61564066885511\/\" \/>\n<meta property=\"article:published_time\" content=\"2025-04-09T18:00:58+00:00\" \/>\n<meta property=\"article:modified_time\" content=\"2025-04-09T20:39:45+00:00\" \/>\n<meta property=\"og:image\" content=\"https:\/\/www.nexoinformativo.mx\/wp-content\/uploads\/2025\/04\/ff0e8283-7816-4689-9b40-e8c63ebdad0a-e1744231149109.jpg\" \/>\n\t<meta property=\"og:image:width\" content=\"800\" \/>\n\t<meta property=\"og:image:height\" content=\"848\" \/>\n\t<meta property=\"og:image:type\" content=\"image\/jpeg\" \/>\n<meta name=\"author\" content=\"Nexo Informativo\" \/>\n<meta name=\"twitter:card\" content=\"summary_large_image\" \/>\n<meta name=\"twitter:label1\" content=\"Escrito por\" \/>\n\t<meta name=\"twitter:data1\" content=\"Nexo Informativo\" \/>\n\t<meta name=\"twitter:label2\" content=\"Tiempo de lectura\" \/>\n\t<meta name=\"twitter:data2\" content=\"2 minutos\" \/>\n<script type=\"application\/ld+json\" class=\"yoast-schema-graph\">{\"@context\":\"https:\/\/schema.org\",\"@graph\":[{\"@type\":\"Article\",\"@id\":\"https:\/\/www.nexoinformativo.mx\/index.php\/2025\/04\/09\/musica-que-construye-no-que-destruye-pedro-escobedo-cancela-presentacion-de-el-komander\/#article\",\"isPartOf\":{\"@id\":\"https:\/\/www.nexoinformativo.mx\/index.php\/2025\/04\/09\/musica-que-construye-no-que-destruye-pedro-escobedo-cancela-presentacion-de-el-komander\/\"},\"author\":{\"name\":\"Nexo Informativo\",\"@id\":\"https:\/\/www.nexoinformativo.mx\/#\/schema\/person\/7749d380ba08c8ca00d7bc76fd907b7d\"},\"headline\":\"M\u00fasica que construye no que destruye Pedro Escobedo cancela presentaci\u00f3n de El Komander\",\"datePublished\":\"2025-04-09T18:00:58+00:00\",\"dateModified\":\"2025-04-09T20:39:45+00:00\",\"mainEntityOfPage\":{\"@id\":\"https:\/\/www.nexoinformativo.mx\/index.php\/2025\/04\/09\/musica-que-construye-no-que-destruye-pedro-escobedo-cancela-presentacion-de-el-komander\/\"},\"wordCount\":295,\"commentCount\":0,\"publisher\":{\"@id\":\"https:\/\/www.nexoinformativo.mx\/#organization\"},\"image\":{\"@id\":\"https:\/\/www.nexoinformativo.mx\/index.php\/2025\/04\/09\/musica-que-construye-no-que-destruye-pedro-escobedo-cancela-presentacion-de-el-komander\/#primaryimage\"},\"thumbnailUrl\":\"https:\/\/www.nexoinformativo.mx\/wp-content\/uploads\/2025\/04\/ff0e8283-7816-4689-9b40-e8c63ebdad0a-e1744231149109.jpg\",\"keywords\":[\"FeriaDelGranoYLaCantera\",\"M\u00fasicaConValores\",\"NoApolog\u00edaViolencia\",\"PedroEscobedo\"],\"articleSection\":[\"Espect\u00e1culos\",\"Municipios\",\"\u00daltima Hora\"],\"inLanguage\":\"es\",\"potentialAction\":[{\"@type\":\"CommentAction\",\"name\":\"Comment\",\"target\":[\"https:\/\/www.nexoinformativo.mx\/index.php\/2025\/04\/09\/musica-que-construye-no-que-destruye-pedro-escobedo-cancela-presentacion-de-el-komander\/#respond\"]}]},{\"@type\":\"WebPage\",\"@id\":\"https:\/\/www.nexoinformativo.mx\/index.php\/2025\/04\/09\/musica-que-construye-no-que-destruye-pedro-escobedo-cancela-presentacion-de-el-komander\/\",\"url\":\"https:\/\/www.nexoinformativo.mx\/index.php\/2025\/04\/09\/musica-que-construye-no-que-destruye-pedro-escobedo-cancela-presentacion-de-el-komander\/\",\"name\":\"M\u00fasica que construye no que destruye Pedro Escobedo cancela presentaci\u00f3n de El Komander | Nexo Informativo Santiago de Quer\u00e9taro\",\"isPartOf\":{\"@id\":\"https:\/\/www.nexoinformativo.mx\/#website\"},\"primaryImageOfPage\":{\"@id\":\"https:\/\/www.nexoinformativo.mx\/index.php\/2025\/04\/09\/musica-que-construye-no-que-destruye-pedro-escobedo-cancela-presentacion-de-el-komander\/#primaryimage\"},\"image\":{\"@id\":\"https:\/\/www.nexoinformativo.mx\/index.php\/2025\/04\/09\/musica-que-construye-no-que-destruye-pedro-escobedo-cancela-presentacion-de-el-komander\/#primaryimage\"},\"thumbnailUrl\":\"https:\/\/www.nexoinformativo.mx\/wp-content\/uploads\/2025\/04\/ff0e8283-7816-4689-9b40-e8c63ebdad0a-e1744231149109.jpg\",\"datePublished\":\"2025-04-09T18:00:58+00:00\",\"dateModified\":\"2025-04-09T20:39:45+00:00\",\"description\":\"M\u00fasica que construye no que destruye Pedro Escobedo cancela presentaci\u00f3n de El Komander\",\"breadcrumb\":{\"@id\":\"https:\/\/www.nexoinformativo.mx\/index.php\/2025\/04\/09\/musica-que-construye-no-que-destruye-pedro-escobedo-cancela-presentacion-de-el-komander\/#breadcrumb\"},\"inLanguage\":\"es\",\"potentialAction\":[{\"@type\":\"ReadAction\",\"target\":[\"https:\/\/www.nexoinformativo.mx\/index.php\/2025\/04\/09\/musica-que-construye-no-que-destruye-pedro-escobedo-cancela-presentacion-de-el-komander\/\"]}]},{\"@type\":\"ImageObject\",\"inLanguage\":\"es\",\"@id\":\"https:\/\/www.nexoinformativo.mx\/index.php\/2025\/04\/09\/musica-que-construye-no-que-destruye-pedro-escobedo-cancela-presentacion-de-el-komander\/#primaryimage\",\"url\":\"https:\/\/www.nexoinformativo.mx\/wp-content\/uploads\/2025\/04\/ff0e8283-7816-4689-9b40-e8c63ebdad0a-e1744231149109.jpg\",\"contentUrl\":\"https:\/\/www.nexoinformativo.mx\/wp-content\/uploads\/2025\/04\/ff0e8283-7816-4689-9b40-e8c63ebdad0a-e1744231149109.jpg\",\"width\":800,\"height\":848},{\"@type\":\"BreadcrumbList\",\"@id\":\"https:\/\/www.nexoinformativo.mx\/index.php\/2025\/04\/09\/musica-que-construye-no-que-destruye-pedro-escobedo-cancela-presentacion-de-el-komander\/#breadcrumb\",\"itemListElement\":[{\"@type\":\"ListItem\",\"position\":1,\"name\":\"Inicio\",\"item\":\"https:\/\/www.nexoinformativo.mx\/\"},{\"@type\":\"ListItem\",\"position\":2,\"name\":\"M\u00fasica que construye no que destruye Pedro Escobedo cancela presentaci\u00f3n de El Komander\"}]},{\"@type\":\"WebSite\",\"@id\":\"https:\/\/www.nexoinformativo.mx\/#website\",\"url\":\"https:\/\/www.nexoinformativo.mx\/\",\"name\":\"Nexo Informativo Santiago de Quer\u00e9taro\",\"description\":\"Explora NexoInformativo y convi\u00e9rtete en parte de una comunidad que valora el conocimiento y la verdad. Tu nexoinformativo es tu puente hacia una comprensi\u00f3n m\u00e1s profunda del mundo que te rodea.\",\"publisher\":{\"@id\":\"https:\/\/www.nexoinformativo.mx\/#organization\"},\"potentialAction\":[{\"@type\":\"SearchAction\",\"target\":{\"@type\":\"EntryPoint\",\"urlTemplate\":\"https:\/\/www.nexoinformativo.mx\/?s={search_term_string}\"},\"query-input\":{\"@type\":\"PropertyValueSpecification\",\"valueRequired\":true,\"valueName\":\"search_term_string\"}}],\"inLanguage\":\"es\"},{\"@type\":\"Organization\",\"@id\":\"https:\/\/www.nexoinformativo.mx\/#organization\",\"name\":\"Nexo Informativo Santiago de Quer\u00e9taro\",\"url\":\"https:\/\/www.nexoinformativo.mx\/\",\"logo\":{\"@type\":\"ImageObject\",\"inLanguage\":\"es\",\"@id\":\"https:\/\/www.nexoinformativo.mx\/#\/schema\/logo\/image\/\",\"url\":\"https:\/\/www.nexoinformativo.mx\/wp-content\/uploads\/2024\/07\/nexoi-trasparente-2.png\",\"contentUrl\":\"https:\/\/www.nexoinformativo.mx\/wp-content\/uploads\/2024\/07\/nexoi-trasparente-2.png\",\"width\":816,\"height\":339,\"caption\":\"Nexo Informativo Santiago de Quer\u00e9taro\"},\"image\":{\"@id\":\"https:\/\/www.nexoinformativo.mx\/#\/schema\/logo\/image\/\"},\"sameAs\":[\"https:\/\/www.facebook.com\/people\/Nexo-Informativo\/61564066885511\/\"]},{\"@type\":\"Person\",\"@id\":\"https:\/\/www.nexoinformativo.mx\/#\/schema\/person\/7749d380ba08c8ca00d7bc76fd907b7d\",\"name\":\"Nexo Informativo\",\"image\":{\"@type\":\"ImageObject\",\"inLanguage\":\"es\",\"@id\":\"https:\/\/www.nexoinformativo.mx\/#\/schema\/person\/image\/\",\"url\":\"https:\/\/secure.gravatar.com\/avatar\/dde2928154642a13d95f87ddf1ea9718fe2b46760a005c53e41ff5ad610704e6?s=96&d=mm&r=g\",\"contentUrl\":\"https:\/\/secure.gravatar.com\/avatar\/dde2928154642a13d95f87ddf1ea9718fe2b46760a005c53e41ff5ad610704e6?s=96&d=mm&r=g\",\"caption\":\"Nexo Informativo\"},\"url\":\"https:\/\/www.nexoinformativo.mx\/index.php\/author\/edicion\/\"}]}<\/script>\n<!-- \/ Yoast SEO plugin. -->","yoast_head_json":{"title":"M\u00fasica que construye no que destruye Pedro Escobedo cancela presentaci\u00f3n de El Komander | Nexo Informativo Santiago de Quer\u00e9taro","description":"M\u00fasica que construye no que destruye Pedro Escobedo cancela presentaci\u00f3n de El Komander","robots":{"index":"index","follow":"follow","max-snippet":"max-snippet:-1","max-image-preview":"max-image-preview:large","max-video-preview":"max-video-preview:-1"},"canonical":"https:\/\/www.nexoinformativo.mx\/index.php\/2025\/04\/09\/musica-que-construye-no-que-destruye-pedro-escobedo-cancela-presentacion-de-el-komander\/","og_locale":"es_MX","og_type":"article","og_title":"M\u00fasica que construye no que destruye Pedro Escobedo cancela presentaci\u00f3n de El Komander | Nexo Informativo Santiago de Quer\u00e9taro","og_description":"M\u00fasica que construye no que destruye Pedro Escobedo cancela presentaci\u00f3n de El Komander","og_url":"https:\/\/www.nexoinformativo.mx\/index.php\/2025\/04\/09\/musica-que-construye-no-que-destruye-pedro-escobedo-cancela-presentacion-de-el-komander\/","og_site_name":"Nexo Informativo Santiago de Quer\u00e9taro","article_publisher":"https:\/\/www.facebook.com\/people\/Nexo-Informativo\/61564066885511\/","article_published_time":"2025-04-09T18:00:58+00:00","article_modified_time":"2025-04-09T20:39:45+00:00","og_image":[{"width":800,"height":848,"url":"https:\/\/www.nexoinformativo.mx\/wp-content\/uploads\/2025\/04\/ff0e8283-7816-4689-9b40-e8c63ebdad0a-e1744231149109.jpg","type":"image\/jpeg"}],"author":"Nexo Informativo","twitter_card":"summary_large_image","twitter_misc":{"Escrito por":"Nexo Informativo","Tiempo de lectura":"2 minutos"},"schema":{"@context":"https:\/\/schema.org","@graph":[{"@type":"Article","@id":"https:\/\/www.nexoinformativo.mx\/index.php\/2025\/04\/09\/musica-que-construye-no-que-destruye-pedro-escobedo-cancela-presentacion-de-el-komander\/#article","isPartOf":{"@id":"https:\/\/www.nexoinformativo.mx\/index.php\/2025\/04\/09\/musica-que-construye-no-que-destruye-pedro-escobedo-cancela-presentacion-de-el-komander\/"},"author":{"name":"Nexo Informativo","@id":"https:\/\/www.nexoinformativo.mx\/#\/schema\/person\/7749d380ba08c8ca00d7bc76fd907b7d"},"headline":"M\u00fasica que construye no que destruye Pedro Escobedo cancela presentaci\u00f3n de El Komander","datePublished":"2025-04-09T18:00:58+00:00","dateModified":"2025-04-09T20:39:45+00:00","mainEntityOfPage":{"@id":"https:\/\/www.nexoinformativo.mx\/index.php\/2025\/04\/09\/musica-que-construye-no-que-destruye-pedro-escobedo-cancela-presentacion-de-el-komander\/"},"wordCount":295,"commentCount":0,"publisher":{"@id":"https:\/\/www.nexoinformativo.mx\/#organization"},"image":{"@id":"https:\/\/www.nexoinformativo.mx\/index.php\/2025\/04\/09\/musica-que-construye-no-que-destruye-pedro-escobedo-cancela-presentacion-de-el-komander\/#primaryimage"},"thumbnailUrl":"https:\/\/www.nexoinformativo.mx\/wp-content\/uploads\/2025\/04\/ff0e8283-7816-4689-9b40-e8c63ebdad0a-e1744231149109.jpg","keywords":["FeriaDelGranoYLaCantera","M\u00fasicaConValores","NoApolog\u00edaViolencia","PedroEscobedo"],"articleSection":["Espect\u00e1culos","Municipios","\u00daltima Hora"],"inLanguage":"es","potentialAction":[{"@type":"CommentAction","name":"Comment","target":["https:\/\/www.nexoinformativo.mx\/index.php\/2025\/04\/09\/musica-que-construye-no-que-destruye-pedro-escobedo-cancela-presentacion-de-el-komander\/#respond"]}]},{"@type":"WebPage","@id":"https:\/\/www.nexoinformativo.mx\/index.php\/2025\/04\/09\/musica-que-construye-no-que-destruye-pedro-escobedo-cancela-presentacion-de-el-komander\/","url":"https:\/\/www.nexoinformativo.mx\/index.php\/2025\/04\/09\/musica-que-construye-no-que-destruye-pedro-escobedo-cancela-presentacion-de-el-komander\/","name":"M\u00fasica que construye no que destruye Pedro Escobedo cancela presentaci\u00f3n de El Komander | Nexo Informativo Santiago de Quer\u00e9taro","isPartOf":{"@id":"https:\/\/www.nexoinformativo.mx\/#website"},"primaryImageOfPage":{"@id":"https:\/\/www.nexoinformativo.mx\/index.php\/2025\/04\/09\/musica-que-construye-no-que-destruye-pedro-escobedo-cancela-presentacion-de-el-komander\/#primaryimage"},"image":{"@id":"https:\/\/www.nexoinformativo.mx\/index.php\/2025\/04\/09\/musica-que-construye-no-que-destruye-pedro-escobedo-cancela-presentacion-de-el-komander\/#primaryimage"},"thumbnailUrl":"https:\/\/www.nexoinformativo.mx\/wp-content\/uploads\/2025\/04\/ff0e8283-7816-4689-9b40-e8c63ebdad0a-e1744231149109.jpg","datePublished":"2025-04-09T18:00:58+00:00","dateModified":"2025-04-09T20:39:45+00:00","description":"M\u00fasica que construye no que destruye Pedro Escobedo cancela presentaci\u00f3n de El Komander","breadcrumb":{"@id":"https:\/\/www.nexoinformativo.mx\/index.php\/2025\/04\/09\/musica-que-construye-no-que-destruye-pedro-escobedo-cancela-presentacion-de-el-komander\/#breadcrumb"},"inLanguage":"es","potentialAction":[{"@type":"ReadAction","target":["https:\/\/www.nexoinformativo.mx\/index.php\/2025\/04\/09\/musica-que-construye-no-que-destruye-pedro-escobedo-cancela-presentacion-de-el-komander\/"]}]},{"@type":"ImageObject","inLanguage":"es","@id":"https:\/\/www.nexoinformativo.mx\/index.php\/2025\/04\/09\/musica-que-construye-no-que-destruye-pedro-escobedo-cancela-presentacion-de-el-komander\/#primaryimage","url":"https:\/\/www.nexoinformativo.mx\/wp-content\/uploads\/2025\/04\/ff0e8283-7816-4689-9b40-e8c63ebdad0a-e1744231149109.jpg","contentUrl":"https:\/\/www.nexoinformativo.mx\/wp-content\/uploads\/2025\/04\/ff0e8283-7816-4689-9b40-e8c63ebdad0a-e1744231149109.jpg","width":800,"height":848},{"@type":"BreadcrumbList","@id":"https:\/\/www.nexoinformativo.mx\/index.php\/2025\/04\/09\/musica-que-construye-no-que-destruye-pedro-escobedo-cancela-presentacion-de-el-komander\/#breadcrumb","itemListElement":[{"@type":"ListItem","position":1,"name":"Inicio","item":"https:\/\/www.nexoinformativo.mx\/"},{"@type":"ListItem","position":2,"name":"M\u00fasica que construye no que destruye Pedro Escobedo cancela presentaci\u00f3n de El Komander"}]},{"@type":"WebSite","@id":"https:\/\/www.nexoinformativo.mx\/#website","url":"https:\/\/www.nexoinformativo.mx\/","name":"Nexo Informativo Santiago de Quer\u00e9taro","description":"Explora NexoInformativo y convi\u00e9rtete en parte de una comunidad que valora el conocimiento y la verdad. Tu nexoinformativo es tu puente hacia una comprensi\u00f3n m\u00e1s profunda del mundo que te rodea.","publisher":{"@id":"https:\/\/www.nexoinformativo.mx\/#organization"},"potentialAction":[{"@type":"SearchAction","target":{"@type":"EntryPoint","urlTemplate":"https:\/\/www.nexoinformativo.mx\/?s={search_term_string}"},"query-input":{"@type":"PropertyValueSpecification","valueRequired":true,"valueName":"search_term_string"}}],"inLanguage":"es"},{"@type":"Organization","@id":"https:\/\/www.nexoinformativo.mx\/#organization","name":"Nexo Informativo Santiago de Quer\u00e9taro","url":"https:\/\/www.nexoinformativo.mx\/","logo":{"@type":"ImageObject","inLanguage":"es","@id":"https:\/\/www.nexoinformativo.mx\/#\/schema\/logo\/image\/","url":"https:\/\/www.nexoinformativo.mx\/wp-content\/uploads\/2024\/07\/nexoi-trasparente-2.png","contentUrl":"https:\/\/www.nexoinformativo.mx\/wp-content\/uploads\/2024\/07\/nexoi-trasparente-2.png","width":816,"height":339,"caption":"Nexo Informativo Santiago de Quer\u00e9taro"},"image":{"@id":"https:\/\/www.nexoinformativo.mx\/#\/schema\/logo\/image\/"},"sameAs":["https:\/\/www.facebook.com\/people\/Nexo-Informativo\/61564066885511\/"]},{"@type":"Person","@id":"https:\/\/www.nexoinformativo.mx\/#\/schema\/person\/7749d380ba08c8ca00d7bc76fd907b7d","name":"Nexo Informativo","image":{"@type":"ImageObject","inLanguage":"es","@id":"https:\/\/www.nexoinformativo.mx\/#\/schema\/person\/image\/","url":"https:\/\/secure.gravatar.com\/avatar\/dde2928154642a13d95f87ddf1ea9718fe2b46760a005c53e41ff5ad610704e6?s=96&d=mm&r=g","contentUrl":"https:\/\/secure.gravatar.com\/avatar\/dde2928154642a13d95f87ddf1ea9718fe2b46760a005c53e41ff5ad610704e6?s=96&d=mm&r=g","caption":"Nexo Informativo"},"url":"https:\/\/www.nexoinformativo.mx\/index.php\/author\/edicion\/"}]}},"_links":{"self":[{"href":"https:\/\/www.nexoinformativo.mx\/index.php\/wp-json\/wp\/v2\/posts\/13948","targetHints":{"allow":["GET"]}}],"collection":[{"href":"https:\/\/www.nexoinformativo.mx\/index.php\/wp-json\/wp\/v2\/posts"}],"about":[{"href":"https:\/\/www.nexoinformativo.mx\/index.php\/wp-json\/wp\/v2\/types\/post"}],"author":[{"embeddable":true,"href":"https:\/\/www.nexoinformativo.mx\/index.php\/wp-json\/wp\/v2\/users\/3"}],"replies":[{"embeddable":true,"href":"https:\/\/www.nexoinformativo.mx\/index.php\/wp-json\/wp\/v2\/comments?post=13948"}],"version-history":[{"count":3,"href":"https:\/\/www.nexoinformativo.mx\/index.php\/wp-json\/wp\/v2\/posts\/13948\/revisions"}],"predecessor-version":[{"id":13952,"href":"https:\/\/www.nexoinformativo.mx\/index.php\/wp-json\/wp\/v2\/posts\/13948\/revisions\/13952"}],"wp:featuredmedia":[{"embeddable":true,"href":"https:\/\/www.nexoinformativo.mx\/index.php\/wp-json\/wp\/v2\/media\/13949"}],"wp:attachment":[{"href":"https:\/\/www.nexoinformativo.mx\/index.php\/wp-json\/wp\/v2\/media?parent=13948"}],"wp:term":[{"taxonomy":"category","embeddable":true,"href":"https:\/\/www.nexoinformativo.mx\/index.php\/wp-json\/wp\/v2\/categories?post=13948"},{"taxonomy":"post_tag","embeddable":true,"href":"https:\/\/www.nexoinformativo.mx\/index.php\/wp-json\/wp\/v2\/tags?post=13948"}],"curies":[{"name":"wp","href":"https:\/\/api.w.org\/{rel}","templated":true}]}}