{"id":13960,"date":"2025-04-10T08:00:51","date_gmt":"2025-04-10T14:00:51","guid":{"rendered":"https:\/\/www.nexoinformativo.mx\/?p=13960"},"modified":"2025-04-10T11:42:33","modified_gmt":"2025-04-10T17:42:33","slug":"pide-un-cafe-mexicano-la-campana-nacional-de-sectur-agricultura-y-concanaco-para-impulsar-a-nuestros-caficultores","status":"publish","type":"post","link":"https:\/\/www.nexoinformativo.mx\/index.php\/2025\/04\/10\/pide-un-cafe-mexicano-la-campana-nacional-de-sectur-agricultura-y-concanaco-para-impulsar-a-nuestros-caficultores\/","title":{"rendered":"&#8220;Pide un Caf\u00e9 Mexicano&#8221; La Campa\u00f1a Nacional de Sectur, Agricultura y Concanaco para impulsar a nuestros caficultores"},"content":{"rendered":"<p style=\"text-align: justify;\" data-sourcepos=\"11:1-11:417\">Con el objetivo de enaltecer la identidad nacional, impulsar el consumo del caf\u00e9 producido en M\u00e9xico y apoyar a los miles de caficultores del pa\u00eds, la Secretar\u00eda de Turismo (Sectur), la Secretar\u00eda de Agricultura y Desarrollo Rural (AGRICULTURA) y la Confederaci\u00f3n de C\u00e1maras Nacionales de Comercio, Servicios y Turismo (Concanaco Servytur) presentaron la campa\u00f1a &#8220;Pide un caf\u00e9 mexicano&#8221;.<\/p>\n<p>&nbsp;<\/p>\n<p style=\"text-align: justify;\" data-sourcepos=\"13:1-13:289\">La secretaria de Turismo, Josefina Rodr\u00edguez, anunci\u00f3 que trabajar\u00e1n en estrecha colaboraci\u00f3n con Concanaco Servytur en esta iniciativa nacional que busca promover el cambio de nombre de la popular denominaci\u00f3n &#8220;caf\u00e9 americano&#8221; por el m\u00e1s apropiado y representativo &#8220;caf\u00e9 mexicano&#8221;..<\/p>\n<p>&nbsp;<\/p>\n<p style=\"text-align: justify;\" data-sourcepos=\"15:1-15:492\">Entre los objetivos se encuentran el desarrollo de estrategias publicitarias, la facilitaci\u00f3n de plataformas de comercializaci\u00f3n para los caficultores y la organizaci\u00f3n de eventos informativos sobre las variedades y m\u00e9todos de preparaci\u00f3n del caf\u00e9 mexicano.<\/p>\n<p>&nbsp;<\/p>\n<p style=\"text-align: justify;\" data-sourcepos=\"17:1-17:424\">El secretario de Agricultura y Desarrollo Rural, Julio Berdegu\u00e9, celebr\u00f3 el lanzamiento de la campa\u00f1a, afirmando: &#8220;Con mucho gusto desde la Secretar\u00eda de Agricultura y Desarrollo Rural nos sumamos a la campa\u00f1a encabezada por la Secretar\u00eda de Turismo.<\/p>\n<p>&nbsp;<\/p>\n<p style=\"text-align: justify;\" data-sourcepos=\"17:1-17:424\">El caf\u00e9 mexicano es producido por manos y corazones nacionales, con una calidad excepcional y variedades para todos los gustos. \u00a1Hoy elijamos lo hecho en M\u00e9xico!&#8221;.<\/p>\n<p>&nbsp;<\/p>\n<p style=\"text-align: justify;\" data-sourcepos=\"19:1-19:301\">La significativa producci\u00f3n de caf\u00e9 en M\u00e9xico, con aproximadamente 709 mil 548 hect\u00e1reas cultivadas en 14 estados, principalmente Chiapas, Oaxaca, Puebla y Veracruz. M\u00e9xico se posiciona como el onceavo productor mundial y el noveno exportador, principalmente a Estados Unidos.<\/p>\n<p>&nbsp;<\/p>\n<p style=\"text-align: justify;\" data-sourcepos=\"21:1-21:341\">La titular de Sectur invit\u00f3 a los mexicanos a explorar las diversas rutas del caf\u00e9 en el pa\u00eds y exhort\u00f3 a los medios de comunicaci\u00f3n a sumarse a esta iniciativa para fomentar el consumo del caf\u00e9 nacional. Celebr\u00f3 que Acapulco se haya convertido en la primera ciudad en invitar a restaurantes y cafeter\u00edas a adoptar el nombre &#8220;caf\u00e9 mexicano&#8221;.<\/p>\n<\/p>\n<p>&nbsp;<\/p>\n<p style=\"text-align: center;\" data-sourcepos=\"21:1-21:341\"><em><strong>\u00a1Informaci\u00f3n que transforma!<\/strong><\/em><\/p>\n","protected":false},"excerpt":{"rendered":"<p>Con el objetivo de enaltecer la identidad nacional, impulsar el consumo del caf\u00e9 producido en M\u00e9xico y apoyar a los miles de caficultores del pa\u00eds, la Secretar\u00eda de Turismo (Sectur), la Secretar\u00eda de Agricultura y Desarrollo Rural (AGRICULTURA) y la Confederaci\u00f3n de C\u00e1maras Nacionales de Comercio, Servicios y Turismo (Concanaco Servytur) presentaron la campa\u00f1a &#8220;Pide un caf\u00e9 mexicano&#8221;.<\/p>\n","protected":false},"author":3,"featured_media":13961,"comment_status":"open","ping_status":"open","sticky":false,"template":"","format":"standard","meta":{"footnotes":""},"categories":[5,88,58],"tags":[4076,2048,4077,2221],"class_list":["post-13960","post","type-post","status-publish","format-standard","has-post-thumbnail","hentry","category-economia","category-nacional","category-ultima-hora","tag-cafemexicano","tag-consumelocal","tag-pideuncafemexicano","tag-sectur"],"yoast_head":"<!-- This site is optimized with the Yoast SEO plugin v25.0 - https:\/\/yoast.com\/wordpress\/plugins\/seo\/ -->\n<title>&quot;Pide un Caf\u00e9 Mexicano&quot; La Campa\u00f1a Nacional de Sectur, Agricultura y Concanaco para impulsar a nuestros caficultores | Nexo Informativo Santiago de Quer\u00e9taro<\/title>\n<meta name=\"description\" content=\"&quot;Pide un Caf\u00e9 Mexicano&quot; La Campa\u00f1a Nacional de Sectur, Agricultura y Concanaco para impulsar a nuestros caficultores\" \/>\n<meta name=\"robots\" content=\"index, follow, max-snippet:-1, max-image-preview:large, max-video-preview:-1\" \/>\n<link rel=\"canonical\" href=\"https:\/\/www.nexoinformativo.mx\/index.php\/2025\/04\/10\/pide-un-cafe-mexicano-la-campana-nacional-de-sectur-agricultura-y-concanaco-para-impulsar-a-nuestros-caficultores\/\" \/>\n<meta property=\"og:locale\" content=\"es_MX\" \/>\n<meta property=\"og:type\" content=\"article\" \/>\n<meta property=\"og:title\" content=\"&quot;Pide un Caf\u00e9 Mexicano&quot; La Campa\u00f1a Nacional de Sectur, Agricultura y Concanaco para impulsar a nuestros caficultores | Nexo Informativo Santiago de Quer\u00e9taro\" \/>\n<meta property=\"og:description\" content=\"&quot;Pide un Caf\u00e9 Mexicano&quot; La Campa\u00f1a Nacional de Sectur, Agricultura y Concanaco para impulsar a nuestros caficultores\" \/>\n<meta property=\"og:url\" content=\"https:\/\/www.nexoinformativo.mx\/index.php\/2025\/04\/10\/pide-un-cafe-mexicano-la-campana-nacional-de-sectur-agricultura-y-concanaco-para-impulsar-a-nuestros-caficultores\/\" \/>\n<meta property=\"og:site_name\" content=\"Nexo Informativo Santiago de Quer\u00e9taro\" \/>\n<meta property=\"article:publisher\" content=\"https:\/\/www.facebook.com\/people\/Nexo-Informativo\/61564066885511\/\" \/>\n<meta property=\"article:published_time\" content=\"2025-04-10T14:00:51+00:00\" \/>\n<meta property=\"article:modified_time\" content=\"2025-04-10T17:42:33+00:00\" \/>\n<meta property=\"og:image\" content=\"https:\/\/www.nexoinformativo.mx\/wp-content\/uploads\/2025\/04\/IMG_2194.jpg\" \/>\n\t<meta property=\"og:image:width\" content=\"650\" \/>\n\t<meta property=\"og:image:height\" content=\"380\" \/>\n\t<meta property=\"og:image:type\" content=\"image\/jpeg\" \/>\n<meta name=\"author\" content=\"Nexo Informativo\" \/>\n<meta name=\"twitter:card\" content=\"summary_large_image\" \/>\n<meta name=\"twitter:label1\" content=\"Escrito por\" \/>\n\t<meta name=\"twitter:data1\" content=\"Nexo Informativo\" \/>\n\t<meta name=\"twitter:label2\" content=\"Tiempo de lectura\" \/>\n\t<meta name=\"twitter:data2\" content=\"2 minutos\" \/>\n<script type=\"application\/ld+json\" class=\"yoast-schema-graph\">{\"@context\":\"https:\/\/schema.org\",\"@graph\":[{\"@type\":\"Article\",\"@id\":\"https:\/\/www.nexoinformativo.mx\/index.php\/2025\/04\/10\/pide-un-cafe-mexicano-la-campana-nacional-de-sectur-agricultura-y-concanaco-para-impulsar-a-nuestros-caficultores\/#article\",\"isPartOf\":{\"@id\":\"https:\/\/www.nexoinformativo.mx\/index.php\/2025\/04\/10\/pide-un-cafe-mexicano-la-campana-nacional-de-sectur-agricultura-y-concanaco-para-impulsar-a-nuestros-caficultores\/\"},\"author\":{\"name\":\"Nexo Informativo\",\"@id\":\"https:\/\/www.nexoinformativo.mx\/#\/schema\/person\/7749d380ba08c8ca00d7bc76fd907b7d\"},\"headline\":\"&#8220;Pide un Caf\u00e9 Mexicano&#8221; La Campa\u00f1a Nacional de Sectur, Agricultura y Concanaco para impulsar a nuestros caficultores\",\"datePublished\":\"2025-04-10T14:00:51+00:00\",\"dateModified\":\"2025-04-10T17:42:33+00:00\",\"mainEntityOfPage\":{\"@id\":\"https:\/\/www.nexoinformativo.mx\/index.php\/2025\/04\/10\/pide-un-cafe-mexicano-la-campana-nacional-de-sectur-agricultura-y-concanaco-para-impulsar-a-nuestros-caficultores\/\"},\"wordCount\":350,\"commentCount\":0,\"publisher\":{\"@id\":\"https:\/\/www.nexoinformativo.mx\/#organization\"},\"image\":{\"@id\":\"https:\/\/www.nexoinformativo.mx\/index.php\/2025\/04\/10\/pide-un-cafe-mexicano-la-campana-nacional-de-sectur-agricultura-y-concanaco-para-impulsar-a-nuestros-caficultores\/#primaryimage\"},\"thumbnailUrl\":\"https:\/\/www.nexoinformativo.mx\/wp-content\/uploads\/2025\/04\/IMG_2194.jpg\",\"keywords\":[\"Caf\u00e9Mexicano\",\"ConsumeLocal\",\"PideUnCaf\u00e9Mexicano\",\"Sectur\"],\"articleSection\":[\"Econom\u00eda\",\"Nacional\",\"\u00daltima Hora\"],\"inLanguage\":\"es\",\"potentialAction\":[{\"@type\":\"CommentAction\",\"name\":\"Comment\",\"target\":[\"https:\/\/www.nexoinformativo.mx\/index.php\/2025\/04\/10\/pide-un-cafe-mexicano-la-campana-nacional-de-sectur-agricultura-y-concanaco-para-impulsar-a-nuestros-caficultores\/#respond\"]}]},{\"@type\":\"WebPage\",\"@id\":\"https:\/\/www.nexoinformativo.mx\/index.php\/2025\/04\/10\/pide-un-cafe-mexicano-la-campana-nacional-de-sectur-agricultura-y-concanaco-para-impulsar-a-nuestros-caficultores\/\",\"url\":\"https:\/\/www.nexoinformativo.mx\/index.php\/2025\/04\/10\/pide-un-cafe-mexicano-la-campana-nacional-de-sectur-agricultura-y-concanaco-para-impulsar-a-nuestros-caficultores\/\",\"name\":\"\\\"Pide un Caf\u00e9 Mexicano\\\" La Campa\u00f1a Nacional de Sectur, Agricultura y Concanaco para impulsar a nuestros caficultores | Nexo Informativo Santiago de Quer\u00e9taro\",\"isPartOf\":{\"@id\":\"https:\/\/www.nexoinformativo.mx\/#website\"},\"primaryImageOfPage\":{\"@id\":\"https:\/\/www.nexoinformativo.mx\/index.php\/2025\/04\/10\/pide-un-cafe-mexicano-la-campana-nacional-de-sectur-agricultura-y-concanaco-para-impulsar-a-nuestros-caficultores\/#primaryimage\"},\"image\":{\"@id\":\"https:\/\/www.nexoinformativo.mx\/index.php\/2025\/04\/10\/pide-un-cafe-mexicano-la-campana-nacional-de-sectur-agricultura-y-concanaco-para-impulsar-a-nuestros-caficultores\/#primaryimage\"},\"thumbnailUrl\":\"https:\/\/www.nexoinformativo.mx\/wp-content\/uploads\/2025\/04\/IMG_2194.jpg\",\"datePublished\":\"2025-04-10T14:00:51+00:00\",\"dateModified\":\"2025-04-10T17:42:33+00:00\",\"description\":\"\\\"Pide un Caf\u00e9 Mexicano\\\" La Campa\u00f1a Nacional de Sectur, Agricultura y Concanaco para impulsar a nuestros caficultores\",\"breadcrumb\":{\"@id\":\"https:\/\/www.nexoinformativo.mx\/index.php\/2025\/04\/10\/pide-un-cafe-mexicano-la-campana-nacional-de-sectur-agricultura-y-concanaco-para-impulsar-a-nuestros-caficultores\/#breadcrumb\"},\"inLanguage\":\"es\",\"potentialAction\":[{\"@type\":\"ReadAction\",\"target\":[\"https:\/\/www.nexoinformativo.mx\/index.php\/2025\/04\/10\/pide-un-cafe-mexicano-la-campana-nacional-de-sectur-agricultura-y-concanaco-para-impulsar-a-nuestros-caficultores\/\"]}]},{\"@type\":\"ImageObject\",\"inLanguage\":\"es\",\"@id\":\"https:\/\/www.nexoinformativo.mx\/index.php\/2025\/04\/10\/pide-un-cafe-mexicano-la-campana-nacional-de-sectur-agricultura-y-concanaco-para-impulsar-a-nuestros-caficultores\/#primaryimage\",\"url\":\"https:\/\/www.nexoinformativo.mx\/wp-content\/uploads\/2025\/04\/IMG_2194.jpg\",\"contentUrl\":\"https:\/\/www.nexoinformativo.mx\/wp-content\/uploads\/2025\/04\/IMG_2194.jpg\",\"width\":650,\"height\":380},{\"@type\":\"BreadcrumbList\",\"@id\":\"https:\/\/www.nexoinformativo.mx\/index.php\/2025\/04\/10\/pide-un-cafe-mexicano-la-campana-nacional-de-sectur-agricultura-y-concanaco-para-impulsar-a-nuestros-caficultores\/#breadcrumb\",\"itemListElement\":[{\"@type\":\"ListItem\",\"position\":1,\"name\":\"Inicio\",\"item\":\"https:\/\/www.nexoinformativo.mx\/\"},{\"@type\":\"ListItem\",\"position\":2,\"name\":\"&#8220;Pide un Caf\u00e9 Mexicano&#8221; La Campa\u00f1a Nacional de Sectur, Agricultura y Concanaco para impulsar a nuestros caficultores\"}]},{\"@type\":\"WebSite\",\"@id\":\"https:\/\/www.nexoinformativo.mx\/#website\",\"url\":\"https:\/\/www.nexoinformativo.mx\/\",\"name\":\"Nexo Informativo Santiago de Quer\u00e9taro\",\"description\":\"Explora NexoInformativo y convi\u00e9rtete en parte de una comunidad que valora el conocimiento y la verdad. Tu nexoinformativo es tu puente hacia una comprensi\u00f3n m\u00e1s profunda del mundo que te rodea.\",\"publisher\":{\"@id\":\"https:\/\/www.nexoinformativo.mx\/#organization\"},\"potentialAction\":[{\"@type\":\"SearchAction\",\"target\":{\"@type\":\"EntryPoint\",\"urlTemplate\":\"https:\/\/www.nexoinformativo.mx\/?s={search_term_string}\"},\"query-input\":{\"@type\":\"PropertyValueSpecification\",\"valueRequired\":true,\"valueName\":\"search_term_string\"}}],\"inLanguage\":\"es\"},{\"@type\":\"Organization\",\"@id\":\"https:\/\/www.nexoinformativo.mx\/#organization\",\"name\":\"Nexo Informativo Santiago de Quer\u00e9taro\",\"url\":\"https:\/\/www.nexoinformativo.mx\/\",\"logo\":{\"@type\":\"ImageObject\",\"inLanguage\":\"es\",\"@id\":\"https:\/\/www.nexoinformativo.mx\/#\/schema\/logo\/image\/\",\"url\":\"https:\/\/www.nexoinformativo.mx\/wp-content\/uploads\/2024\/07\/nexoi-trasparente-2.png\",\"contentUrl\":\"https:\/\/www.nexoinformativo.mx\/wp-content\/uploads\/2024\/07\/nexoi-trasparente-2.png\",\"width\":816,\"height\":339,\"caption\":\"Nexo Informativo Santiago de Quer\u00e9taro\"},\"image\":{\"@id\":\"https:\/\/www.nexoinformativo.mx\/#\/schema\/logo\/image\/\"},\"sameAs\":[\"https:\/\/www.facebook.com\/people\/Nexo-Informativo\/61564066885511\/\"]},{\"@type\":\"Person\",\"@id\":\"https:\/\/www.nexoinformativo.mx\/#\/schema\/person\/7749d380ba08c8ca00d7bc76fd907b7d\",\"name\":\"Nexo Informativo\",\"image\":{\"@type\":\"ImageObject\",\"inLanguage\":\"es\",\"@id\":\"https:\/\/www.nexoinformativo.mx\/#\/schema\/person\/image\/\",\"url\":\"https:\/\/secure.gravatar.com\/avatar\/dde2928154642a13d95f87ddf1ea9718fe2b46760a005c53e41ff5ad610704e6?s=96&d=mm&r=g\",\"contentUrl\":\"https:\/\/secure.gravatar.com\/avatar\/dde2928154642a13d95f87ddf1ea9718fe2b46760a005c53e41ff5ad610704e6?s=96&d=mm&r=g\",\"caption\":\"Nexo Informativo\"},\"url\":\"https:\/\/www.nexoinformativo.mx\/index.php\/author\/edicion\/\"}]}<\/script>\n<!-- \/ Yoast SEO plugin. -->","yoast_head_json":{"title":"\"Pide un Caf\u00e9 Mexicano\" La Campa\u00f1a Nacional de Sectur, Agricultura y Concanaco para impulsar a nuestros caficultores | Nexo Informativo Santiago de Quer\u00e9taro","description":"\"Pide un Caf\u00e9 Mexicano\" La Campa\u00f1a Nacional de Sectur, Agricultura y Concanaco para impulsar a nuestros caficultores","robots":{"index":"index","follow":"follow","max-snippet":"max-snippet:-1","max-image-preview":"max-image-preview:large","max-video-preview":"max-video-preview:-1"},"canonical":"https:\/\/www.nexoinformativo.mx\/index.php\/2025\/04\/10\/pide-un-cafe-mexicano-la-campana-nacional-de-sectur-agricultura-y-concanaco-para-impulsar-a-nuestros-caficultores\/","og_locale":"es_MX","og_type":"article","og_title":"\"Pide un Caf\u00e9 Mexicano\" La Campa\u00f1a Nacional de Sectur, Agricultura y Concanaco para impulsar a nuestros caficultores | Nexo Informativo Santiago de Quer\u00e9taro","og_description":"\"Pide un Caf\u00e9 Mexicano\" La Campa\u00f1a Nacional de Sectur, Agricultura y Concanaco para impulsar a nuestros caficultores","og_url":"https:\/\/www.nexoinformativo.mx\/index.php\/2025\/04\/10\/pide-un-cafe-mexicano-la-campana-nacional-de-sectur-agricultura-y-concanaco-para-impulsar-a-nuestros-caficultores\/","og_site_name":"Nexo Informativo Santiago de Quer\u00e9taro","article_publisher":"https:\/\/www.facebook.com\/people\/Nexo-Informativo\/61564066885511\/","article_published_time":"2025-04-10T14:00:51+00:00","article_modified_time":"2025-04-10T17:42:33+00:00","og_image":[{"width":650,"height":380,"url":"https:\/\/www.nexoinformativo.mx\/wp-content\/uploads\/2025\/04\/IMG_2194.jpg","type":"image\/jpeg"}],"author":"Nexo Informativo","twitter_card":"summary_large_image","twitter_misc":{"Escrito por":"Nexo Informativo","Tiempo de lectura":"2 minutos"},"schema":{"@context":"https:\/\/schema.org","@graph":[{"@type":"Article","@id":"https:\/\/www.nexoinformativo.mx\/index.php\/2025\/04\/10\/pide-un-cafe-mexicano-la-campana-nacional-de-sectur-agricultura-y-concanaco-para-impulsar-a-nuestros-caficultores\/#article","isPartOf":{"@id":"https:\/\/www.nexoinformativo.mx\/index.php\/2025\/04\/10\/pide-un-cafe-mexicano-la-campana-nacional-de-sectur-agricultura-y-concanaco-para-impulsar-a-nuestros-caficultores\/"},"author":{"name":"Nexo Informativo","@id":"https:\/\/www.nexoinformativo.mx\/#\/schema\/person\/7749d380ba08c8ca00d7bc76fd907b7d"},"headline":"&#8220;Pide un Caf\u00e9 Mexicano&#8221; La Campa\u00f1a Nacional de Sectur, Agricultura y Concanaco para impulsar a nuestros caficultores","datePublished":"2025-04-10T14:00:51+00:00","dateModified":"2025-04-10T17:42:33+00:00","mainEntityOfPage":{"@id":"https:\/\/www.nexoinformativo.mx\/index.php\/2025\/04\/10\/pide-un-cafe-mexicano-la-campana-nacional-de-sectur-agricultura-y-concanaco-para-impulsar-a-nuestros-caficultores\/"},"wordCount":350,"commentCount":0,"publisher":{"@id":"https:\/\/www.nexoinformativo.mx\/#organization"},"image":{"@id":"https:\/\/www.nexoinformativo.mx\/index.php\/2025\/04\/10\/pide-un-cafe-mexicano-la-campana-nacional-de-sectur-agricultura-y-concanaco-para-impulsar-a-nuestros-caficultores\/#primaryimage"},"thumbnailUrl":"https:\/\/www.nexoinformativo.mx\/wp-content\/uploads\/2025\/04\/IMG_2194.jpg","keywords":["Caf\u00e9Mexicano","ConsumeLocal","PideUnCaf\u00e9Mexicano","Sectur"],"articleSection":["Econom\u00eda","Nacional","\u00daltima Hora"],"inLanguage":"es","potentialAction":[{"@type":"CommentAction","name":"Comment","target":["https:\/\/www.nexoinformativo.mx\/index.php\/2025\/04\/10\/pide-un-cafe-mexicano-la-campana-nacional-de-sectur-agricultura-y-concanaco-para-impulsar-a-nuestros-caficultores\/#respond"]}]},{"@type":"WebPage","@id":"https:\/\/www.nexoinformativo.mx\/index.php\/2025\/04\/10\/pide-un-cafe-mexicano-la-campana-nacional-de-sectur-agricultura-y-concanaco-para-impulsar-a-nuestros-caficultores\/","url":"https:\/\/www.nexoinformativo.mx\/index.php\/2025\/04\/10\/pide-un-cafe-mexicano-la-campana-nacional-de-sectur-agricultura-y-concanaco-para-impulsar-a-nuestros-caficultores\/","name":"\"Pide un Caf\u00e9 Mexicano\" La Campa\u00f1a Nacional de Sectur, Agricultura y Concanaco para impulsar a nuestros caficultores | Nexo Informativo Santiago de Quer\u00e9taro","isPartOf":{"@id":"https:\/\/www.nexoinformativo.mx\/#website"},"primaryImageOfPage":{"@id":"https:\/\/www.nexoinformativo.mx\/index.php\/2025\/04\/10\/pide-un-cafe-mexicano-la-campana-nacional-de-sectur-agricultura-y-concanaco-para-impulsar-a-nuestros-caficultores\/#primaryimage"},"image":{"@id":"https:\/\/www.nexoinformativo.mx\/index.php\/2025\/04\/10\/pide-un-cafe-mexicano-la-campana-nacional-de-sectur-agricultura-y-concanaco-para-impulsar-a-nuestros-caficultores\/#primaryimage"},"thumbnailUrl":"https:\/\/www.nexoinformativo.mx\/wp-content\/uploads\/2025\/04\/IMG_2194.jpg","datePublished":"2025-04-10T14:00:51+00:00","dateModified":"2025-04-10T17:42:33+00:00","description":"\"Pide un Caf\u00e9 Mexicano\" La Campa\u00f1a Nacional de Sectur, Agricultura y Concanaco para impulsar a nuestros caficultores","breadcrumb":{"@id":"https:\/\/www.nexoinformativo.mx\/index.php\/2025\/04\/10\/pide-un-cafe-mexicano-la-campana-nacional-de-sectur-agricultura-y-concanaco-para-impulsar-a-nuestros-caficultores\/#breadcrumb"},"inLanguage":"es","potentialAction":[{"@type":"ReadAction","target":["https:\/\/www.nexoinformativo.mx\/index.php\/2025\/04\/10\/pide-un-cafe-mexicano-la-campana-nacional-de-sectur-agricultura-y-concanaco-para-impulsar-a-nuestros-caficultores\/"]}]},{"@type":"ImageObject","inLanguage":"es","@id":"https:\/\/www.nexoinformativo.mx\/index.php\/2025\/04\/10\/pide-un-cafe-mexicano-la-campana-nacional-de-sectur-agricultura-y-concanaco-para-impulsar-a-nuestros-caficultores\/#primaryimage","url":"https:\/\/www.nexoinformativo.mx\/wp-content\/uploads\/2025\/04\/IMG_2194.jpg","contentUrl":"https:\/\/www.nexoinformativo.mx\/wp-content\/uploads\/2025\/04\/IMG_2194.jpg","width":650,"height":380},{"@type":"BreadcrumbList","@id":"https:\/\/www.nexoinformativo.mx\/index.php\/2025\/04\/10\/pide-un-cafe-mexicano-la-campana-nacional-de-sectur-agricultura-y-concanaco-para-impulsar-a-nuestros-caficultores\/#breadcrumb","itemListElement":[{"@type":"ListItem","position":1,"name":"Inicio","item":"https:\/\/www.nexoinformativo.mx\/"},{"@type":"ListItem","position":2,"name":"&#8220;Pide un Caf\u00e9 Mexicano&#8221; La Campa\u00f1a Nacional de Sectur, Agricultura y Concanaco para impulsar a nuestros caficultores"}]},{"@type":"WebSite","@id":"https:\/\/www.nexoinformativo.mx\/#website","url":"https:\/\/www.nexoinformativo.mx\/","name":"Nexo Informativo Santiago de Quer\u00e9taro","description":"Explora NexoInformativo y convi\u00e9rtete en parte de una comunidad que valora el conocimiento y la verdad. Tu nexoinformativo es tu puente hacia una comprensi\u00f3n m\u00e1s profunda del mundo que te rodea.","publisher":{"@id":"https:\/\/www.nexoinformativo.mx\/#organization"},"potentialAction":[{"@type":"SearchAction","target":{"@type":"EntryPoint","urlTemplate":"https:\/\/www.nexoinformativo.mx\/?s={search_term_string}"},"query-input":{"@type":"PropertyValueSpecification","valueRequired":true,"valueName":"search_term_string"}}],"inLanguage":"es"},{"@type":"Organization","@id":"https:\/\/www.nexoinformativo.mx\/#organization","name":"Nexo Informativo Santiago de Quer\u00e9taro","url":"https:\/\/www.nexoinformativo.mx\/","logo":{"@type":"ImageObject","inLanguage":"es","@id":"https:\/\/www.nexoinformativo.mx\/#\/schema\/logo\/image\/","url":"https:\/\/www.nexoinformativo.mx\/wp-content\/uploads\/2024\/07\/nexoi-trasparente-2.png","contentUrl":"https:\/\/www.nexoinformativo.mx\/wp-content\/uploads\/2024\/07\/nexoi-trasparente-2.png","width":816,"height":339,"caption":"Nexo Informativo Santiago de Quer\u00e9taro"},"image":{"@id":"https:\/\/www.nexoinformativo.mx\/#\/schema\/logo\/image\/"},"sameAs":["https:\/\/www.facebook.com\/people\/Nexo-Informativo\/61564066885511\/"]},{"@type":"Person","@id":"https:\/\/www.nexoinformativo.mx\/#\/schema\/person\/7749d380ba08c8ca00d7bc76fd907b7d","name":"Nexo Informativo","image":{"@type":"ImageObject","inLanguage":"es","@id":"https:\/\/www.nexoinformativo.mx\/#\/schema\/person\/image\/","url":"https:\/\/secure.gravatar.com\/avatar\/dde2928154642a13d95f87ddf1ea9718fe2b46760a005c53e41ff5ad610704e6?s=96&d=mm&r=g","contentUrl":"https:\/\/secure.gravatar.com\/avatar\/dde2928154642a13d95f87ddf1ea9718fe2b46760a005c53e41ff5ad610704e6?s=96&d=mm&r=g","caption":"Nexo Informativo"},"url":"https:\/\/www.nexoinformativo.mx\/index.php\/author\/edicion\/"}]}},"_links":{"self":[{"href":"https:\/\/www.nexoinformativo.mx\/index.php\/wp-json\/wp\/v2\/posts\/13960","targetHints":{"allow":["GET"]}}],"collection":[{"href":"https:\/\/www.nexoinformativo.mx\/index.php\/wp-json\/wp\/v2\/posts"}],"about":[{"href":"https:\/\/www.nexoinformativo.mx\/index.php\/wp-json\/wp\/v2\/types\/post"}],"author":[{"embeddable":true,"href":"https:\/\/www.nexoinformativo.mx\/index.php\/wp-json\/wp\/v2\/users\/3"}],"replies":[{"embeddable":true,"href":"https:\/\/www.nexoinformativo.mx\/index.php\/wp-json\/wp\/v2\/comments?post=13960"}],"version-history":[{"count":4,"href":"https:\/\/www.nexoinformativo.mx\/index.php\/wp-json\/wp\/v2\/posts\/13960\/revisions"}],"predecessor-version":[{"id":13964,"href":"https:\/\/www.nexoinformativo.mx\/index.php\/wp-json\/wp\/v2\/posts\/13960\/revisions\/13964"}],"wp:featuredmedia":[{"embeddable":true,"href":"https:\/\/www.nexoinformativo.mx\/index.php\/wp-json\/wp\/v2\/media\/13961"}],"wp:attachment":[{"href":"https:\/\/www.nexoinformativo.mx\/index.php\/wp-json\/wp\/v2\/media?parent=13960"}],"wp:term":[{"taxonomy":"category","embeddable":true,"href":"https:\/\/www.nexoinformativo.mx\/index.php\/wp-json\/wp\/v2\/categories?post=13960"},{"taxonomy":"post_tag","embeddable":true,"href":"https:\/\/www.nexoinformativo.mx\/index.php\/wp-json\/wp\/v2\/tags?post=13960"}],"curies":[{"name":"wp","href":"https:\/\/api.w.org\/{rel}","templated":true}]}}